{"id":26540,"date":"2022-08-30T00:01:00","date_gmt":"2022-08-29T23:01:00","guid":{"rendered":"https:\/\/lasentinelle.dz\/?p=26540"},"modified":"2022-08-29T17:28:18","modified_gmt":"2022-08-29T16:28:18","slug":"il-devra-recevoir-les-matchs-amicaux-de-len-en-septembre-le-stade-olympique-doran-sera-pret","status":"publish","type":"post","link":"https:\/\/lasentinelle.dz\/index.php\/2022\/08\/30\/il-devra-recevoir-les-matchs-amicaux-de-len-en-septembre-le-stade-olympique-doran-sera-pret\/","title":{"rendered":"Il devra recevoir les matchs amicaux de l\u2019EN en septembre\u00a0: Le stade olympique d\u2019Oran sera pr\u00eat"},"content":{"rendered":"\n<p>L\u2019\u00c9quipe nationale de football disputera deux matchs amicaux, lors de la prochaine Fifa, au mois de septembre. Elle recevra la Guin\u00e9e le 23 septembre et le Nigeria le 27 septembre au Stade olympique d\u2019Oran. Un stade qui sera pr\u00eat pour accueillir les deux confrontations.&nbsp;&nbsp;<\/p>\n\n\n\n<p>Les travaux de r\u00e9novation du gazon naturel du stade olympique Milou Hadefi d\u2019Oran avancent tr\u00e8s vite et la pelouse devrait \u00eatre pr\u00eate pour les matchs amicaux de l\u2019EN. C\u2019est ce qu\u2019a assur\u00e9 hier un responsable de la Direction de la jeunesse et des sports de la wilaya d\u2019Oran. Selon Yacine Siafi, qui occupe \u00e9galement les fonctions de Directeur par int\u00e9rim du Complexe olympique Miloud Hadefi&nbsp;le gazon naturel&nbsp;de pelouse du Stade de 40.000 places&nbsp;&nbsp;fait actuellement l&rsquo;objet de travaux de r\u00e9novation dont le taux d&rsquo;avancement est estim\u00e9 \u00e0 80%.&nbsp;Le m\u00eame responsable&nbsp;a expliqu\u00e9 que&nbsp;\u00ab&nbsp;c&rsquo;est&nbsp;une op\u00e9ration normale&nbsp;qui se fait \u00e0 la fin de chaque saison pour maintenir la qualit\u00e9&nbsp;du gazon. Compte tenu du bon rythme de travail dans ce domaine, je m&rsquo;attends \u00e0 ce que la pelouse&nbsp;soit pr\u00eate d&rsquo;ici une semaine\u00a0\u00bb, a-t-il ajout\u00e9.&nbsp;La F\u00e9d\u00e9ration alg\u00e9rienne de football a r\u00e9cemment annonc\u00e9 que deux matches amicaux de l&rsquo;\u00c9quipe nationale auront lieu&nbsp;au nouveau stade d\u2019Oran contre la Guin\u00e9e et le Nigeria les 23 et 27 septembre, respectivement.<\/p>\n\n\n\n<p>Ces deux matches&nbsp;ont \u00e9t\u00e9&nbsp;programm\u00e9s&nbsp;alors que les rencontres&nbsp;des troisi\u00e8me et quatri\u00e8me tours des \u00e9liminatoires de la Coupe d&rsquo;Afrique des nations (CAN-2023) en C\u00f4te d&rsquo;Ivoire,&nbsp;pr\u00e9vus initialement en septembre ont \u00e9t\u00e9&nbsp;report\u00e9s \u00e0 2024.<\/p>\n\n\n\n<p>Ce sera la premi\u00e8re fois que les&nbsp;prot\u00e9g\u00e9s&nbsp;du s\u00e9lectionneur national Djamel Belmadi \u00e9volueront dans le nouveau stade d&rsquo;Oran, qui accueillait il y a un peu plus d&rsquo;un an un match amical entre l&rsquo;\u00e9quipe nationale&nbsp;des locaux&nbsp;et le Lib\u00e9ria. Rencontre remport\u00e9e par l\u2019EN A\u2019&nbsp;(5-1).&nbsp;C&rsquo;\u00e9tait le seul match disput\u00e9 dans cette installation de football avant son ouverture officielle lors&nbsp;des&nbsp;Jeux M\u00e9diterran\u00e9ens, organis\u00e9s&nbsp;\u00e0&nbsp;Oran (26 juin &#8211; 6 juillet 2022).<\/p>\n\n\n\n<p>Il est \u00e0 noter que la derni\u00e8re fois que l&rsquo;\u00e9quipe nationale a jou\u00e9 dans la capitale de l&rsquo;Ouest remonte \u00e0 2005 lorsqu&rsquo;elle a \u00e9t\u00e9 battue par son homologue nig\u00e9riane (5-2) lors des \u00e9liminatoires de la Coupe d&rsquo;Afrique de l&rsquo;ann\u00e9e suivante, un match organis\u00e9&nbsp;dans&nbsp;le stade du&nbsp;Chahid Ahmed Zabana.<\/p>\n\n\n\n<p>R.S.<\/p>\n","protected":false},"excerpt":{"rendered":"<p>L\u2019\u00c9quipe nationale de football disputera deux matchs amicaux, lors de la prochaine Fifa, au mois de septembre. Elle recevra la<\/p>\n","protected":false},"author":3,"featured_media":26546,"comment_status":"open","ping_status":"closed","sticky":false,"template":"","format":"standard","meta":{"colormag_page_container_layout":"default_layout","colormag_page_sidebar_layout":"default_layout","om_disable_all_campaigns":false,"_monsterinsights_skip_tracking":false,"_monsterinsights_sitenote_active":false,"_monsterinsights_sitenote_note":"","_monsterinsights_sitenote_category":0,"footnotes":"","_wpscppro_dont_share_socialmedia":false,"_wpscppro_custom_social_share_image":0,"_facebook_share_type":"","_twitter_share_type":"","_linkedin_share_type":"","_pinterest_share_type":"","_linkedin_share_type_page":"","_instagram_share_type":"","_medium_share_type":"","_threads_share_type":"","_google_business_share_type":"","_selected_social_profile":[],"_wpsp_enable_custom_social_template":false,"_wpsp_social_scheduling":{"enabled":false,"datetime":null,"platforms":[],"status":"template_only","dateOption":"today","timeOption":"now","customDays":"","customHours":"","customDate":"","customTime":"","schedulingType":"absolute"},"_wpsp_active_default_template":true},"categories":[33],"tags":[],"class_list":["post-26540","post","type-post","status-publish","format-standard","has-post-thumbnail","hentry","category-sports"],"aioseo_notices":[],"yoast_head":"<!-- This site is optimized with the Yoast SEO plugin v27.5 - https:\/\/yoast.com\/product\/yoast-seo-wordpress\/ -->\n<title>Il devra recevoir les matchs amicaux de l\u2019EN en septembre\u00a0: Le stade olympique d\u2019Oran sera pr\u00eat - La Sentinelle<\/title>\n<meta name=\"robots\" content=\"index, follow, max-snippet:-1, max-image-preview:large, max-video-preview:-1\" \/>\n<link rel=\"canonical\" href=\"https:\/\/lasentinelle.dz\/index.php\/2022\/08\/30\/il-devra-recevoir-les-matchs-amicaux-de-len-en-septembre-le-stade-olympique-doran-sera-pret\/\" \/>\n<meta property=\"og:locale\" content=\"fr_FR\" \/>\n<meta property=\"og:type\" content=\"article\" \/>\n<meta property=\"og:title\" content=\"Il devra recevoir les matchs amicaux de l\u2019EN en septembre\u00a0: Le stade olympique d\u2019Oran sera pr\u00eat - La Sentinelle\" \/>\n<meta property=\"og:description\" content=\"L\u2019\u00c9quipe nationale de football disputera deux matchs amicaux, lors de la prochaine Fifa, au mois de septembre. Elle recevra la\" \/>\n<meta property=\"og:url\" content=\"https:\/\/lasentinelle.dz\/index.php\/2022\/08\/30\/il-devra-recevoir-les-matchs-amicaux-de-len-en-septembre-le-stade-olympique-doran-sera-pret\/\" \/>\n<meta property=\"og:site_name\" content=\"La Sentinelle\" \/>\n<meta property=\"article:publisher\" content=\"https:\/\/www.facebook.com\/La-Sentinelle-104059864394773\" \/>\n<meta property=\"article:published_time\" content=\"2022-08-29T23:01:00+00:00\" \/>\n<meta property=\"og:image\" content=\"https:\/\/lasentinelle.dz\/wp-content\/uploads\/2022\/08\/stade-oran.png\" \/>\n\t<meta property=\"og:image:width\" content=\"1200\" \/>\n\t<meta property=\"og:image:height\" content=\"900\" \/>\n\t<meta property=\"og:image:type\" content=\"image\/png\" \/>\n<meta name=\"author\" content=\"La Sentinelle\" \/>\n<meta name=\"twitter:card\" content=\"summary_large_image\" \/>\n<meta name=\"twitter:label1\" content=\"\u00c9crit par\" \/>\n\t<meta name=\"twitter:data1\" content=\"La Sentinelle\" \/>\n\t<meta name=\"twitter:label2\" content=\"Dur\u00e9e de lecture estim\u00e9e\" \/>\n\t<meta name=\"twitter:data2\" content=\"2 minutes\" \/>\n<script type=\"application\/ld+json\" class=\"yoast-schema-graph\">{\"@context\":\"https:\\\/\\\/schema.org\",\"@graph\":[{\"@type\":\"Article\",\"@id\":\"https:\\\/\\\/lasentinelle.dz\\\/index.php\\\/2022\\\/08\\\/30\\\/il-devra-recevoir-les-matchs-amicaux-de-len-en-septembre-le-stade-olympique-doran-sera-pret\\\/#article\",\"isPartOf\":{\"@id\":\"https:\\\/\\\/lasentinelle.dz\\\/index.php\\\/2022\\\/08\\\/30\\\/il-devra-recevoir-les-matchs-amicaux-de-len-en-septembre-le-stade-olympique-doran-sera-pret\\\/\"},\"author\":{\"name\":\"La Sentinelle\",\"@id\":\"https:\\\/\\\/lasentinelle.dz\\\/#\\\/schema\\\/person\\\/d865044e22e70a75174ce8bcad3acfb3\"},\"headline\":\"Il devra recevoir les matchs amicaux de l\u2019EN en septembre\u00a0: Le stade olympique d\u2019Oran sera pr\u00eat\",\"datePublished\":\"2022-08-29T23:01:00+00:00\",\"mainEntityOfPage\":{\"@id\":\"https:\\\/\\\/lasentinelle.dz\\\/index.php\\\/2022\\\/08\\\/30\\\/il-devra-recevoir-les-matchs-amicaux-de-len-en-septembre-le-stade-olympique-doran-sera-pret\\\/\"},\"wordCount\":472,\"commentCount\":0,\"publisher\":{\"@id\":\"https:\\\/\\\/lasentinelle.dz\\\/#organization\"},\"image\":{\"@id\":\"https:\\\/\\\/lasentinelle.dz\\\/index.php\\\/2022\\\/08\\\/30\\\/il-devra-recevoir-les-matchs-amicaux-de-len-en-septembre-le-stade-olympique-doran-sera-pret\\\/#primaryimage\"},\"thumbnailUrl\":\"https:\\\/\\\/lasentinelle.dz\\\/wp-content\\\/uploads\\\/2022\\\/08\\\/stade-oran.png\",\"articleSection\":[\"Sports\"],\"inLanguage\":\"fr-FR\",\"potentialAction\":[{\"@type\":\"CommentAction\",\"name\":\"Comment\",\"target\":[\"https:\\\/\\\/lasentinelle.dz\\\/index.php\\\/2022\\\/08\\\/30\\\/il-devra-recevoir-les-matchs-amicaux-de-len-en-septembre-le-stade-olympique-doran-sera-pret\\\/#respond\"]}]},{\"@type\":\"WebPage\",\"@id\":\"https:\\\/\\\/lasentinelle.dz\\\/index.php\\\/2022\\\/08\\\/30\\\/il-devra-recevoir-les-matchs-amicaux-de-len-en-septembre-le-stade-olympique-doran-sera-pret\\\/\",\"url\":\"https:\\\/\\\/lasentinelle.dz\\\/index.php\\\/2022\\\/08\\\/30\\\/il-devra-recevoir-les-matchs-amicaux-de-len-en-septembre-le-stade-olympique-doran-sera-pret\\\/\",\"name\":\"Il devra recevoir les matchs amicaux de l\u2019EN en septembre\u00a0: Le stade olympique d\u2019Oran sera pr\u00eat - La Sentinelle\",\"isPartOf\":{\"@id\":\"https:\\\/\\\/lasentinelle.dz\\\/#website\"},\"primaryImageOfPage\":{\"@id\":\"https:\\\/\\\/lasentinelle.dz\\\/index.php\\\/2022\\\/08\\\/30\\\/il-devra-recevoir-les-matchs-amicaux-de-len-en-septembre-le-stade-olympique-doran-sera-pret\\\/#primaryimage\"},\"image\":{\"@id\":\"https:\\\/\\\/lasentinelle.dz\\\/index.php\\\/2022\\\/08\\\/30\\\/il-devra-recevoir-les-matchs-amicaux-de-len-en-septembre-le-stade-olympique-doran-sera-pret\\\/#primaryimage\"},\"thumbnailUrl\":\"https:\\\/\\\/lasentinelle.dz\\\/wp-content\\\/uploads\\\/2022\\\/08\\\/stade-oran.png\",\"datePublished\":\"2022-08-29T23:01:00+00:00\",\"breadcrumb\":{\"@id\":\"https:\\\/\\\/lasentinelle.dz\\\/index.php\\\/2022\\\/08\\\/30\\\/il-devra-recevoir-les-matchs-amicaux-de-len-en-septembre-le-stade-olympique-doran-sera-pret\\\/#breadcrumb\"},\"inLanguage\":\"fr-FR\",\"potentialAction\":[{\"@type\":\"ReadAction\",\"target\":[\"https:\\\/\\\/lasentinelle.dz\\\/index.php\\\/2022\\\/08\\\/30\\\/il-devra-recevoir-les-matchs-amicaux-de-len-en-septembre-le-stade-olympique-doran-sera-pret\\\/\"]}]},{\"@type\":\"ImageObject\",\"inLanguage\":\"fr-FR\",\"@id\":\"https:\\\/\\\/lasentinelle.dz\\\/index.php\\\/2022\\\/08\\\/30\\\/il-devra-recevoir-les-matchs-amicaux-de-len-en-septembre-le-stade-olympique-doran-sera-pret\\\/#primaryimage\",\"url\":\"https:\\\/\\\/lasentinelle.dz\\\/wp-content\\\/uploads\\\/2022\\\/08\\\/stade-oran.png\",\"contentUrl\":\"https:\\\/\\\/lasentinelle.dz\\\/wp-content\\\/uploads\\\/2022\\\/08\\\/stade-oran.png\",\"width\":1200,\"height\":900},{\"@type\":\"BreadcrumbList\",\"@id\":\"https:\\\/\\\/lasentinelle.dz\\\/index.php\\\/2022\\\/08\\\/30\\\/il-devra-recevoir-les-matchs-amicaux-de-len-en-septembre-le-stade-olympique-doran-sera-pret\\\/#breadcrumb\",\"itemListElement\":[{\"@type\":\"ListItem\",\"position\":1,\"name\":\"Accueil\",\"item\":\"https:\\\/\\\/lasentinelle.dz\\\/\"},{\"@type\":\"ListItem\",\"position\":2,\"name\":\"Il devra recevoir les matchs amicaux de l\u2019EN en septembre\u00a0: Le stade olympique d\u2019Oran sera pr\u00eat\"}]},{\"@type\":\"WebSite\",\"@id\":\"https:\\\/\\\/lasentinelle.dz\\\/#website\",\"url\":\"https:\\\/\\\/lasentinelle.dz\\\/\",\"name\":\"La Sentinelle\",\"description\":\"Quotidien national d&#039;information\",\"publisher\":{\"@id\":\"https:\\\/\\\/lasentinelle.dz\\\/#organization\"},\"potentialAction\":[{\"@type\":\"SearchAction\",\"target\":{\"@type\":\"EntryPoint\",\"urlTemplate\":\"https:\\\/\\\/lasentinelle.dz\\\/?s={search_term_string}\"},\"query-input\":{\"@type\":\"PropertyValueSpecification\",\"valueRequired\":true,\"valueName\":\"search_term_string\"}}],\"inLanguage\":\"fr-FR\"},{\"@type\":\"Organization\",\"@id\":\"https:\\\/\\\/lasentinelle.dz\\\/#organization\",\"name\":\"Quotidien La Sentinelle\",\"url\":\"https:\\\/\\\/lasentinelle.dz\\\/\",\"logo\":{\"@type\":\"ImageObject\",\"inLanguage\":\"fr-FR\",\"@id\":\"https:\\\/\\\/lasentinelle.dz\\\/#\\\/schema\\\/logo\\\/image\\\/\",\"url\":\"https:\\\/\\\/lasentinelle.dz\\\/wp-content\\\/uploads\\\/2021\\\/09\\\/logo-sentinelleSLOGAN-1.png\",\"contentUrl\":\"https:\\\/\\\/lasentinelle.dz\\\/wp-content\\\/uploads\\\/2021\\\/09\\\/logo-sentinelleSLOGAN-1.png\",\"width\":615,\"height\":142,\"caption\":\"Quotidien La Sentinelle\"},\"image\":{\"@id\":\"https:\\\/\\\/lasentinelle.dz\\\/#\\\/schema\\\/logo\\\/image\\\/\"},\"sameAs\":[\"https:\\\/\\\/www.facebook.com\\\/La-Sentinelle-104059864394773\"]},{\"@type\":\"Person\",\"@id\":\"https:\\\/\\\/lasentinelle.dz\\\/#\\\/schema\\\/person\\\/d865044e22e70a75174ce8bcad3acfb3\",\"name\":\"La Sentinelle\",\"image\":{\"@type\":\"ImageObject\",\"inLanguage\":\"fr-FR\",\"@id\":\"https:\\\/\\\/secure.gravatar.com\\\/avatar\\\/57de8e5d4b15d43fb361a71fbb36338450fe67865b528a43dd10ef7c51a20392?s=96&d=mm&r=g\",\"url\":\"https:\\\/\\\/secure.gravatar.com\\\/avatar\\\/57de8e5d4b15d43fb361a71fbb36338450fe67865b528a43dd10ef7c51a20392?s=96&d=mm&r=g\",\"contentUrl\":\"https:\\\/\\\/secure.gravatar.com\\\/avatar\\\/57de8e5d4b15d43fb361a71fbb36338450fe67865b528a43dd10ef7c51a20392?s=96&d=mm&r=g\",\"caption\":\"La Sentinelle\"},\"sameAs\":[\"http:\\\/\\\/www.lasentinelle.dz\"],\"url\":\"https:\\\/\\\/lasentinelle.dz\\\/author\\\/redaction\\\/\"}]}<\/script>\n<!-- \/ Yoast SEO plugin. -->","yoast_head_json":{"title":"Il devra recevoir les matchs amicaux de l\u2019EN en septembre\u00a0: Le stade olympique d\u2019Oran sera pr\u00eat - La Sentinelle","robots":{"index":"index","follow":"follow","max-snippet":"max-snippet:-1","max-image-preview":"max-image-preview:large","max-video-preview":"max-video-preview:-1"},"canonical":"https:\/\/lasentinelle.dz\/index.php\/2022\/08\/30\/il-devra-recevoir-les-matchs-amicaux-de-len-en-septembre-le-stade-olympique-doran-sera-pret\/","og_locale":"fr_FR","og_type":"article","og_title":"Il devra recevoir les matchs amicaux de l\u2019EN en septembre\u00a0: Le stade olympique d\u2019Oran sera pr\u00eat - La Sentinelle","og_description":"L\u2019\u00c9quipe nationale de football disputera deux matchs amicaux, lors de la prochaine Fifa, au mois de septembre. Elle recevra la","og_url":"https:\/\/lasentinelle.dz\/index.php\/2022\/08\/30\/il-devra-recevoir-les-matchs-amicaux-de-len-en-septembre-le-stade-olympique-doran-sera-pret\/","og_site_name":"La Sentinelle","article_publisher":"https:\/\/www.facebook.com\/La-Sentinelle-104059864394773","article_published_time":"2022-08-29T23:01:00+00:00","og_image":[{"width":1200,"height":900,"url":"https:\/\/lasentinelle.dz\/wp-content\/uploads\/2022\/08\/stade-oran.png","type":"image\/png"}],"author":"La Sentinelle","twitter_card":"summary_large_image","twitter_misc":{"\u00c9crit par":"La Sentinelle","Dur\u00e9e de lecture estim\u00e9e":"2 minutes"},"schema":{"@context":"https:\/\/schema.org","@graph":[{"@type":"Article","@id":"https:\/\/lasentinelle.dz\/index.php\/2022\/08\/30\/il-devra-recevoir-les-matchs-amicaux-de-len-en-septembre-le-stade-olympique-doran-sera-pret\/#article","isPartOf":{"@id":"https:\/\/lasentinelle.dz\/index.php\/2022\/08\/30\/il-devra-recevoir-les-matchs-amicaux-de-len-en-septembre-le-stade-olympique-doran-sera-pret\/"},"author":{"name":"La Sentinelle","@id":"https:\/\/lasentinelle.dz\/#\/schema\/person\/d865044e22e70a75174ce8bcad3acfb3"},"headline":"Il devra recevoir les matchs amicaux de l\u2019EN en septembre\u00a0: Le stade olympique d\u2019Oran sera pr\u00eat","datePublished":"2022-08-29T23:01:00+00:00","mainEntityOfPage":{"@id":"https:\/\/lasentinelle.dz\/index.php\/2022\/08\/30\/il-devra-recevoir-les-matchs-amicaux-de-len-en-septembre-le-stade-olympique-doran-sera-pret\/"},"wordCount":472,"commentCount":0,"publisher":{"@id":"https:\/\/lasentinelle.dz\/#organization"},"image":{"@id":"https:\/\/lasentinelle.dz\/index.php\/2022\/08\/30\/il-devra-recevoir-les-matchs-amicaux-de-len-en-septembre-le-stade-olympique-doran-sera-pret\/#primaryimage"},"thumbnailUrl":"https:\/\/lasentinelle.dz\/wp-content\/uploads\/2022\/08\/stade-oran.png","articleSection":["Sports"],"inLanguage":"fr-FR","potentialAction":[{"@type":"CommentAction","name":"Comment","target":["https:\/\/lasentinelle.dz\/index.php\/2022\/08\/30\/il-devra-recevoir-les-matchs-amicaux-de-len-en-septembre-le-stade-olympique-doran-sera-pret\/#respond"]}]},{"@type":"WebPage","@id":"https:\/\/lasentinelle.dz\/index.php\/2022\/08\/30\/il-devra-recevoir-les-matchs-amicaux-de-len-en-septembre-le-stade-olympique-doran-sera-pret\/","url":"https:\/\/lasentinelle.dz\/index.php\/2022\/08\/30\/il-devra-recevoir-les-matchs-amicaux-de-len-en-septembre-le-stade-olympique-doran-sera-pret\/","name":"Il devra recevoir les matchs amicaux de l\u2019EN en septembre\u00a0: Le stade olympique d\u2019Oran sera pr\u00eat - La Sentinelle","isPartOf":{"@id":"https:\/\/lasentinelle.dz\/#website"},"primaryImageOfPage":{"@id":"https:\/\/lasentinelle.dz\/index.php\/2022\/08\/30\/il-devra-recevoir-les-matchs-amicaux-de-len-en-septembre-le-stade-olympique-doran-sera-pret\/#primaryimage"},"image":{"@id":"https:\/\/lasentinelle.dz\/index.php\/2022\/08\/30\/il-devra-recevoir-les-matchs-amicaux-de-len-en-septembre-le-stade-olympique-doran-sera-pret\/#primaryimage"},"thumbnailUrl":"https:\/\/lasentinelle.dz\/wp-content\/uploads\/2022\/08\/stade-oran.png","datePublished":"2022-08-29T23:01:00+00:00","breadcrumb":{"@id":"https:\/\/lasentinelle.dz\/index.php\/2022\/08\/30\/il-devra-recevoir-les-matchs-amicaux-de-len-en-septembre-le-stade-olympique-doran-sera-pret\/#breadcrumb"},"inLanguage":"fr-FR","potentialAction":[{"@type":"ReadAction","target":["https:\/\/lasentinelle.dz\/index.php\/2022\/08\/30\/il-devra-recevoir-les-matchs-amicaux-de-len-en-septembre-le-stade-olympique-doran-sera-pret\/"]}]},{"@type":"ImageObject","inLanguage":"fr-FR","@id":"https:\/\/lasentinelle.dz\/index.php\/2022\/08\/30\/il-devra-recevoir-les-matchs-amicaux-de-len-en-septembre-le-stade-olympique-doran-sera-pret\/#primaryimage","url":"https:\/\/lasentinelle.dz\/wp-content\/uploads\/2022\/08\/stade-oran.png","contentUrl":"https:\/\/lasentinelle.dz\/wp-content\/uploads\/2022\/08\/stade-oran.png","width":1200,"height":900},{"@type":"BreadcrumbList","@id":"https:\/\/lasentinelle.dz\/index.php\/2022\/08\/30\/il-devra-recevoir-les-matchs-amicaux-de-len-en-septembre-le-stade-olympique-doran-sera-pret\/#breadcrumb","itemListElement":[{"@type":"ListItem","position":1,"name":"Accueil","item":"https:\/\/lasentinelle.dz\/"},{"@type":"ListItem","position":2,"name":"Il devra recevoir les matchs amicaux de l\u2019EN en septembre\u00a0: Le stade olympique d\u2019Oran sera pr\u00eat"}]},{"@type":"WebSite","@id":"https:\/\/lasentinelle.dz\/#website","url":"https:\/\/lasentinelle.dz\/","name":"La Sentinelle","description":"Quotidien national d&#039;information","publisher":{"@id":"https:\/\/lasentinelle.dz\/#organization"},"potentialAction":[{"@type":"SearchAction","target":{"@type":"EntryPoint","urlTemplate":"https:\/\/lasentinelle.dz\/?s={search_term_string}"},"query-input":{"@type":"PropertyValueSpecification","valueRequired":true,"valueName":"search_term_string"}}],"inLanguage":"fr-FR"},{"@type":"Organization","@id":"https:\/\/lasentinelle.dz\/#organization","name":"Quotidien La Sentinelle","url":"https:\/\/lasentinelle.dz\/","logo":{"@type":"ImageObject","inLanguage":"fr-FR","@id":"https:\/\/lasentinelle.dz\/#\/schema\/logo\/image\/","url":"https:\/\/lasentinelle.dz\/wp-content\/uploads\/2021\/09\/logo-sentinelleSLOGAN-1.png","contentUrl":"https:\/\/lasentinelle.dz\/wp-content\/uploads\/2021\/09\/logo-sentinelleSLOGAN-1.png","width":615,"height":142,"caption":"Quotidien La Sentinelle"},"image":{"@id":"https:\/\/lasentinelle.dz\/#\/schema\/logo\/image\/"},"sameAs":["https:\/\/www.facebook.com\/La-Sentinelle-104059864394773"]},{"@type":"Person","@id":"https:\/\/lasentinelle.dz\/#\/schema\/person\/d865044e22e70a75174ce8bcad3acfb3","name":"La Sentinelle","image":{"@type":"ImageObject","inLanguage":"fr-FR","@id":"https:\/\/secure.gravatar.com\/avatar\/57de8e5d4b15d43fb361a71fbb36338450fe67865b528a43dd10ef7c51a20392?s=96&d=mm&r=g","url":"https:\/\/secure.gravatar.com\/avatar\/57de8e5d4b15d43fb361a71fbb36338450fe67865b528a43dd10ef7c51a20392?s=96&d=mm&r=g","contentUrl":"https:\/\/secure.gravatar.com\/avatar\/57de8e5d4b15d43fb361a71fbb36338450fe67865b528a43dd10ef7c51a20392?s=96&d=mm&r=g","caption":"La Sentinelle"},"sameAs":["http:\/\/www.lasentinelle.dz"],"url":"https:\/\/lasentinelle.dz\/author\/redaction\/"}]}},"_links":{"self":[{"href":"https:\/\/lasentinelle.dz\/index.php\/wp-json\/wp\/v2\/posts\/26540","targetHints":{"allow":["GET"]}}],"collection":[{"href":"https:\/\/lasentinelle.dz\/index.php\/wp-json\/wp\/v2\/posts"}],"about":[{"href":"https:\/\/lasentinelle.dz\/index.php\/wp-json\/wp\/v2\/types\/post"}],"author":[{"embeddable":true,"href":"https:\/\/lasentinelle.dz\/index.php\/wp-json\/wp\/v2\/users\/3"}],"replies":[{"embeddable":true,"href":"https:\/\/lasentinelle.dz\/index.php\/wp-json\/wp\/v2\/comments?post=26540"}],"version-history":[{"count":1,"href":"https:\/\/lasentinelle.dz\/index.php\/wp-json\/wp\/v2\/posts\/26540\/revisions"}],"predecessor-version":[{"id":26547,"href":"https:\/\/lasentinelle.dz\/index.php\/wp-json\/wp\/v2\/posts\/26540\/revisions\/26547"}],"wp:featuredmedia":[{"embeddable":true,"href":"https:\/\/lasentinelle.dz\/index.php\/wp-json\/wp\/v2\/media\/26546"}],"wp:attachment":[{"href":"https:\/\/lasentinelle.dz\/index.php\/wp-json\/wp\/v2\/media?parent=26540"}],"wp:term":[{"taxonomy":"category","embeddable":true,"href":"https:\/\/lasentinelle.dz\/index.php\/wp-json\/wp\/v2\/categories?post=26540"},{"taxonomy":"post_tag","embeddable":true,"href":"https:\/\/lasentinelle.dz\/index.php\/wp-json\/wp\/v2\/tags?post=26540"}],"curies":[{"name":"wp","href":"https:\/\/api.w.org\/{rel}","templated":true}]}}