{"id":26561,"date":"2022-08-30T00:05:00","date_gmt":"2022-08-29T23:05:00","guid":{"rendered":"https:\/\/lasentinelle.dz\/?p=26561"},"modified":"2022-08-29T21:09:28","modified_gmt":"2022-08-29T20:09:28","slug":"ticad-8-lalgerie-plaide-pour-un-partenariat-juste-et-equitable","status":"publish","type":"post","link":"https:\/\/lasentinelle.dz\/index.php\/2022\/08\/30\/ticad-8-lalgerie-plaide-pour-un-partenariat-juste-et-equitable\/","title":{"rendered":"TICAD-8\u00a0:\u00a0L&rsquo;Alg\u00e9rie plaide pour un partenariat juste et \u00e9quitable"},"content":{"rendered":"\n<p>Le 8e Sommet de la TICAD a \u00e9t\u00e9 sanctionn\u00e9 par l\u2019adoption d\u2019une d\u00e9claration commune qui identifie trois piliers de coop\u00e9ration entre le Japon et le continent africain. Il s\u2019agit de la r\u00e9alisation d\u2019une transformation structurelle pour une croissance \u00e9conomique, la construction d\u2019une soci\u00e9t\u00e9 r\u00e9siliente et durable, et la garantie d\u2019une paix et d&rsquo;une stabilit\u00e9 durables. L\u2019Alg\u00e9rie a mis en avant les d\u00e9fis globaux, comme l\u2019affaiblissement de l\u2019\u00e9conomie mondiale, l\u2019ins\u00e9curit\u00e9 alimentaire, l\u2019extr\u00eame pauvret\u00e9, ainsi que la mont\u00e9e du terrorisme et de l\u2019extr\u00e9misme violent \u00bb ; soulignant \u00abla n\u00e9cessit\u00e9 d\u2019inclure le continent africain dans la prise en charge de ces d\u00e9fis\u00bb.&nbsp;&nbsp;Plaidant pour \u00abun partenariat juste et \u00e9quitable \u00e0 m\u00eame de soutenir les efforts du continent africain pour accro\u00eetre sa part dans la croissance \u00e9conomique mondiale, l&rsquo;Alg\u00e9rie a appel\u00e9 \u00e0 \u00abl&rsquo;adoption d&rsquo;une approche pragmatique, bas\u00e9e sur l&rsquo;interd\u00e9pendance entre s\u00e9curit\u00e9, paix et d\u00e9veloppement, pour permettre aux partenaires de la TICAD d\u2019am\u00e9liorer les opportunit\u00e9s d&rsquo;investissement direct dans le continent africain et de valoriser ses ressources humaines, naturelles et technologiques\u00bb. Ce Sommet a servi de tribune saisie par l\u2019Algerie pour rappeler \u00able cadre g\u00e9n\u00e9ral adopt\u00e9 par les Chefs d\u2019Etats de l&rsquo;Union africaine (UA) d\u00e9finissant le format et les objectifs des partenariats multilat\u00e9raux avec le continent africain, en soulignant la n\u00e9cessit\u00e9 de veiller \u00e0 ce que tous les Etats membres de l&rsquo;UA participent aux sommets relatifs \u00e0 ces partenariats\u00bb.&nbsp;&nbsp;D\u2019ailleurs, elle s\u2019est f\u00e9licit\u00e9e de l\u2019invitation adress\u00e9e aux Etats membres de l\u2019Union africaine, y compris la R\u00e9publique Arabe Sahraouie D\u00e9mocratique, pour participer \u00e0 ce Sommet, tout en appelant les partenaires de la TICAD \u00e0 respecter les principes, positions et les pratiques de l&rsquo;Union Africaine pour que ce partenariat multilat\u00e9ral soit durable et inclusif. En marge des travaux de la TICAD, le Chef de la d\u00e9l\u00e9gation alg\u00e9rienne, Kamel Rezig, a \u00e9t\u00e9 re\u00e7u en audience par le Pr\u00e9sident de la R\u00e9publique Arabe Sahraouie D\u00e9mocratique et Secr\u00e9taire G\u00e9n\u00e9ral du Front Polisario, Ibrahim Ghali. Il a \u00e9galement tenu plusieurs entretiens bilat\u00e9raux avec les d\u00e9l\u00e9gations de la Tunisie, de l\u2019Ouganda, de l\u2019Ethiopie, de la Somalie, de la Mauritanie, de l\u2019Afrique du Sud ainsi qu\u2019une rencontre avec les repr\u00e9sentants de la Banque mondiale.&nbsp;&nbsp;Au cours de ces rencontres, le ministre du Commerce et de la promotion des exportations a mis en exergue les opportunit\u00e9s d\u2019affaires et de commerce avec l\u2019Alg\u00e9rie en plaidant pour davantage d\u2019int\u00e9gration \u00e9conomique et commerciale au sein du continent africain. Ayant pris par \u00e0 ce Sommet, L\u2019Alg\u00e9rie est repr\u00e9sent\u00e9e par une d\u00e9l\u00e9gation conduite par le ministre du Commerce et de la promotion des exportations, Kamel Rezig, accompagn\u00e9 par l&rsquo;Envoy\u00e9e Sp\u00e9ciale du ministre des Affaires \u00e9trang\u00e8res et de la Communaut\u00e9 nationale \u00e0 l\u2019\u00e9tranger, charg\u00e9e des Grands partenariats internationaux, Mme Leila Zerrougui. Cette Conf\u00e9rence se tient tous les trois ans. Elle constitue une plateforme de coop\u00e9ration multilat\u00e9rale entre le Japon et l\u2019Union africaine, et associe les Nations Unies et la Banque Mondiale en tant que partenaires de d\u00e9veloppement de l\u2019Afrique.&nbsp;<\/p>\n\n\n\n<p><strong>Amar Malki<\/strong><\/p>\n","protected":false},"excerpt":{"rendered":"<p>Le 8e Sommet de la TICAD a \u00e9t\u00e9 sanctionn\u00e9 par l\u2019adoption d\u2019une d\u00e9claration commune qui identifie trois piliers de coop\u00e9ration<\/p>\n","protected":false},"author":3,"featured_media":26423,"comment_status":"open","ping_status":"closed","sticky":false,"template":"","format":"standard","meta":{"colormag_page_container_layout":"default_layout","colormag_page_sidebar_layout":"default_layout","om_disable_all_campaigns":false,"_monsterinsights_skip_tracking":false,"_monsterinsights_sitenote_active":false,"_monsterinsights_sitenote_note":"","_monsterinsights_sitenote_category":0,"footnotes":"","_wpscppro_dont_share_socialmedia":false,"_wpscppro_custom_social_share_image":0,"_facebook_share_type":"","_twitter_share_type":"","_linkedin_share_type":"","_pinterest_share_type":"","_linkedin_share_type_page":"","_instagram_share_type":"","_medium_share_type":"","_threads_share_type":"","_google_business_share_type":"","_selected_social_profile":[],"_wpsp_enable_custom_social_template":false,"_wpsp_social_scheduling":{"enabled":false,"datetime":null,"platforms":[],"status":"template_only","dateOption":"today","timeOption":"now","customDays":"","customHours":"","customDate":"","customTime":"","schedulingType":"absolute"},"_wpsp_active_default_template":true},"categories":[29],"tags":[],"class_list":["post-26561","post","type-post","status-publish","format-standard","has-post-thumbnail","hentry","category-economie"],"aioseo_notices":[],"yoast_head":"<!-- This site is optimized with the Yoast SEO plugin v27.5 - https:\/\/yoast.com\/product\/yoast-seo-wordpress\/ -->\n<title>TICAD-8\u00a0:\u00a0L&#039;Alg\u00e9rie plaide pour un partenariat juste et \u00e9quitable - La Sentinelle<\/title>\n<meta name=\"robots\" content=\"index, follow, max-snippet:-1, max-image-preview:large, max-video-preview:-1\" \/>\n<link rel=\"canonical\" href=\"https:\/\/lasentinelle.dz\/index.php\/2022\/08\/30\/ticad-8-lalgerie-plaide-pour-un-partenariat-juste-et-equitable\/\" \/>\n<meta property=\"og:locale\" content=\"fr_FR\" \/>\n<meta property=\"og:type\" content=\"article\" \/>\n<meta property=\"og:title\" content=\"TICAD-8\u00a0:\u00a0L&#039;Alg\u00e9rie plaide pour un partenariat juste et \u00e9quitable - La Sentinelle\" \/>\n<meta property=\"og:description\" content=\"Le 8e Sommet de la TICAD a \u00e9t\u00e9 sanctionn\u00e9 par l\u2019adoption d\u2019une d\u00e9claration commune qui identifie trois piliers de coop\u00e9ration\" \/>\n<meta property=\"og:url\" content=\"https:\/\/lasentinelle.dz\/index.php\/2022\/08\/30\/ticad-8-lalgerie-plaide-pour-un-partenariat-juste-et-equitable\/\" \/>\n<meta property=\"og:site_name\" content=\"La Sentinelle\" \/>\n<meta property=\"article:publisher\" content=\"https:\/\/www.facebook.com\/La-Sentinelle-104059864394773\" \/>\n<meta property=\"article:published_time\" content=\"2022-08-29T23:05:00+00:00\" \/>\n<meta property=\"og:image\" content=\"https:\/\/lasentinelle.dz\/wp-content\/uploads\/2022\/08\/TICAD.png\" \/>\n\t<meta property=\"og:image:width\" content=\"2663\" \/>\n\t<meta property=\"og:image:height\" content=\"900\" \/>\n\t<meta property=\"og:image:type\" content=\"image\/png\" \/>\n<meta name=\"author\" content=\"La Sentinelle\" \/>\n<meta name=\"twitter:card\" content=\"summary_large_image\" \/>\n<meta name=\"twitter:label1\" content=\"\u00c9crit par\" \/>\n\t<meta name=\"twitter:data1\" content=\"La Sentinelle\" \/>\n\t<meta name=\"twitter:label2\" content=\"Dur\u00e9e de lecture estim\u00e9e\" \/>\n\t<meta name=\"twitter:data2\" content=\"3 minutes\" \/>\n<script type=\"application\/ld+json\" class=\"yoast-schema-graph\">{\"@context\":\"https:\\\/\\\/schema.org\",\"@graph\":[{\"@type\":\"Article\",\"@id\":\"https:\\\/\\\/lasentinelle.dz\\\/index.php\\\/2022\\\/08\\\/30\\\/ticad-8-lalgerie-plaide-pour-un-partenariat-juste-et-equitable\\\/#article\",\"isPartOf\":{\"@id\":\"https:\\\/\\\/lasentinelle.dz\\\/index.php\\\/2022\\\/08\\\/30\\\/ticad-8-lalgerie-plaide-pour-un-partenariat-juste-et-equitable\\\/\"},\"author\":{\"name\":\"La Sentinelle\",\"@id\":\"https:\\\/\\\/lasentinelle.dz\\\/#\\\/schema\\\/person\\\/d865044e22e70a75174ce8bcad3acfb3\"},\"headline\":\"TICAD-8\u00a0:\u00a0L&rsquo;Alg\u00e9rie plaide pour un partenariat juste et \u00e9quitable\",\"datePublished\":\"2022-08-29T23:05:00+00:00\",\"mainEntityOfPage\":{\"@id\":\"https:\\\/\\\/lasentinelle.dz\\\/index.php\\\/2022\\\/08\\\/30\\\/ticad-8-lalgerie-plaide-pour-un-partenariat-juste-et-equitable\\\/\"},\"wordCount\":592,\"commentCount\":0,\"publisher\":{\"@id\":\"https:\\\/\\\/lasentinelle.dz\\\/#organization\"},\"image\":{\"@id\":\"https:\\\/\\\/lasentinelle.dz\\\/index.php\\\/2022\\\/08\\\/30\\\/ticad-8-lalgerie-plaide-pour-un-partenariat-juste-et-equitable\\\/#primaryimage\"},\"thumbnailUrl\":\"https:\\\/\\\/lasentinelle.dz\\\/wp-content\\\/uploads\\\/2022\\\/08\\\/TICAD.png\",\"articleSection\":[\"\u00c9conomie\"],\"inLanguage\":\"fr-FR\",\"potentialAction\":[{\"@type\":\"CommentAction\",\"name\":\"Comment\",\"target\":[\"https:\\\/\\\/lasentinelle.dz\\\/index.php\\\/2022\\\/08\\\/30\\\/ticad-8-lalgerie-plaide-pour-un-partenariat-juste-et-equitable\\\/#respond\"]}]},{\"@type\":\"WebPage\",\"@id\":\"https:\\\/\\\/lasentinelle.dz\\\/index.php\\\/2022\\\/08\\\/30\\\/ticad-8-lalgerie-plaide-pour-un-partenariat-juste-et-equitable\\\/\",\"url\":\"https:\\\/\\\/lasentinelle.dz\\\/index.php\\\/2022\\\/08\\\/30\\\/ticad-8-lalgerie-plaide-pour-un-partenariat-juste-et-equitable\\\/\",\"name\":\"TICAD-8\u00a0:\u00a0L'Alg\u00e9rie plaide pour un partenariat juste et \u00e9quitable - La Sentinelle\",\"isPartOf\":{\"@id\":\"https:\\\/\\\/lasentinelle.dz\\\/#website\"},\"primaryImageOfPage\":{\"@id\":\"https:\\\/\\\/lasentinelle.dz\\\/index.php\\\/2022\\\/08\\\/30\\\/ticad-8-lalgerie-plaide-pour-un-partenariat-juste-et-equitable\\\/#primaryimage\"},\"image\":{\"@id\":\"https:\\\/\\\/lasentinelle.dz\\\/index.php\\\/2022\\\/08\\\/30\\\/ticad-8-lalgerie-plaide-pour-un-partenariat-juste-et-equitable\\\/#primaryimage\"},\"thumbnailUrl\":\"https:\\\/\\\/lasentinelle.dz\\\/wp-content\\\/uploads\\\/2022\\\/08\\\/TICAD.png\",\"datePublished\":\"2022-08-29T23:05:00+00:00\",\"breadcrumb\":{\"@id\":\"https:\\\/\\\/lasentinelle.dz\\\/index.php\\\/2022\\\/08\\\/30\\\/ticad-8-lalgerie-plaide-pour-un-partenariat-juste-et-equitable\\\/#breadcrumb\"},\"inLanguage\":\"fr-FR\",\"potentialAction\":[{\"@type\":\"ReadAction\",\"target\":[\"https:\\\/\\\/lasentinelle.dz\\\/index.php\\\/2022\\\/08\\\/30\\\/ticad-8-lalgerie-plaide-pour-un-partenariat-juste-et-equitable\\\/\"]}]},{\"@type\":\"ImageObject\",\"inLanguage\":\"fr-FR\",\"@id\":\"https:\\\/\\\/lasentinelle.dz\\\/index.php\\\/2022\\\/08\\\/30\\\/ticad-8-lalgerie-plaide-pour-un-partenariat-juste-et-equitable\\\/#primaryimage\",\"url\":\"https:\\\/\\\/lasentinelle.dz\\\/wp-content\\\/uploads\\\/2022\\\/08\\\/TICAD.png\",\"contentUrl\":\"https:\\\/\\\/lasentinelle.dz\\\/wp-content\\\/uploads\\\/2022\\\/08\\\/TICAD.png\",\"width\":2663,\"height\":900},{\"@type\":\"BreadcrumbList\",\"@id\":\"https:\\\/\\\/lasentinelle.dz\\\/index.php\\\/2022\\\/08\\\/30\\\/ticad-8-lalgerie-plaide-pour-un-partenariat-juste-et-equitable\\\/#breadcrumb\",\"itemListElement\":[{\"@type\":\"ListItem\",\"position\":1,\"name\":\"Accueil\",\"item\":\"https:\\\/\\\/lasentinelle.dz\\\/\"},{\"@type\":\"ListItem\",\"position\":2,\"name\":\"TICAD-8\u00a0:\u00a0L&rsquo;Alg\u00e9rie plaide pour un partenariat juste et \u00e9quitable\"}]},{\"@type\":\"WebSite\",\"@id\":\"https:\\\/\\\/lasentinelle.dz\\\/#website\",\"url\":\"https:\\\/\\\/lasentinelle.dz\\\/\",\"name\":\"La Sentinelle\",\"description\":\"Quotidien national d&#039;information\",\"publisher\":{\"@id\":\"https:\\\/\\\/lasentinelle.dz\\\/#organization\"},\"potentialAction\":[{\"@type\":\"SearchAction\",\"target\":{\"@type\":\"EntryPoint\",\"urlTemplate\":\"https:\\\/\\\/lasentinelle.dz\\\/?s={search_term_string}\"},\"query-input\":{\"@type\":\"PropertyValueSpecification\",\"valueRequired\":true,\"valueName\":\"search_term_string\"}}],\"inLanguage\":\"fr-FR\"},{\"@type\":\"Organization\",\"@id\":\"https:\\\/\\\/lasentinelle.dz\\\/#organization\",\"name\":\"Quotidien La Sentinelle\",\"url\":\"https:\\\/\\\/lasentinelle.dz\\\/\",\"logo\":{\"@type\":\"ImageObject\",\"inLanguage\":\"fr-FR\",\"@id\":\"https:\\\/\\\/lasentinelle.dz\\\/#\\\/schema\\\/logo\\\/image\\\/\",\"url\":\"https:\\\/\\\/lasentinelle.dz\\\/wp-content\\\/uploads\\\/2021\\\/09\\\/logo-sentinelleSLOGAN-1.png\",\"contentUrl\":\"https:\\\/\\\/lasentinelle.dz\\\/wp-content\\\/uploads\\\/2021\\\/09\\\/logo-sentinelleSLOGAN-1.png\",\"width\":615,\"height\":142,\"caption\":\"Quotidien La Sentinelle\"},\"image\":{\"@id\":\"https:\\\/\\\/lasentinelle.dz\\\/#\\\/schema\\\/logo\\\/image\\\/\"},\"sameAs\":[\"https:\\\/\\\/www.facebook.com\\\/La-Sentinelle-104059864394773\"]},{\"@type\":\"Person\",\"@id\":\"https:\\\/\\\/lasentinelle.dz\\\/#\\\/schema\\\/person\\\/d865044e22e70a75174ce8bcad3acfb3\",\"name\":\"La Sentinelle\",\"image\":{\"@type\":\"ImageObject\",\"inLanguage\":\"fr-FR\",\"@id\":\"https:\\\/\\\/secure.gravatar.com\\\/avatar\\\/57de8e5d4b15d43fb361a71fbb36338450fe67865b528a43dd10ef7c51a20392?s=96&d=mm&r=g\",\"url\":\"https:\\\/\\\/secure.gravatar.com\\\/avatar\\\/57de8e5d4b15d43fb361a71fbb36338450fe67865b528a43dd10ef7c51a20392?s=96&d=mm&r=g\",\"contentUrl\":\"https:\\\/\\\/secure.gravatar.com\\\/avatar\\\/57de8e5d4b15d43fb361a71fbb36338450fe67865b528a43dd10ef7c51a20392?s=96&d=mm&r=g\",\"caption\":\"La Sentinelle\"},\"sameAs\":[\"http:\\\/\\\/www.lasentinelle.dz\"],\"url\":\"https:\\\/\\\/lasentinelle.dz\\\/author\\\/redaction\\\/\"}]}<\/script>\n<!-- \/ Yoast SEO plugin. -->","yoast_head_json":{"title":"TICAD-8\u00a0:\u00a0L'Alg\u00e9rie plaide pour un partenariat juste et \u00e9quitable - La Sentinelle","robots":{"index":"index","follow":"follow","max-snippet":"max-snippet:-1","max-image-preview":"max-image-preview:large","max-video-preview":"max-video-preview:-1"},"canonical":"https:\/\/lasentinelle.dz\/index.php\/2022\/08\/30\/ticad-8-lalgerie-plaide-pour-un-partenariat-juste-et-equitable\/","og_locale":"fr_FR","og_type":"article","og_title":"TICAD-8\u00a0:\u00a0L'Alg\u00e9rie plaide pour un partenariat juste et \u00e9quitable - La Sentinelle","og_description":"Le 8e Sommet de la TICAD a \u00e9t\u00e9 sanctionn\u00e9 par l\u2019adoption d\u2019une d\u00e9claration commune qui identifie trois piliers de coop\u00e9ration","og_url":"https:\/\/lasentinelle.dz\/index.php\/2022\/08\/30\/ticad-8-lalgerie-plaide-pour-un-partenariat-juste-et-equitable\/","og_site_name":"La Sentinelle","article_publisher":"https:\/\/www.facebook.com\/La-Sentinelle-104059864394773","article_published_time":"2022-08-29T23:05:00+00:00","og_image":[{"width":2663,"height":900,"url":"https:\/\/lasentinelle.dz\/wp-content\/uploads\/2022\/08\/TICAD.png","type":"image\/png"}],"author":"La Sentinelle","twitter_card":"summary_large_image","twitter_misc":{"\u00c9crit par":"La Sentinelle","Dur\u00e9e de lecture estim\u00e9e":"3 minutes"},"schema":{"@context":"https:\/\/schema.org","@graph":[{"@type":"Article","@id":"https:\/\/lasentinelle.dz\/index.php\/2022\/08\/30\/ticad-8-lalgerie-plaide-pour-un-partenariat-juste-et-equitable\/#article","isPartOf":{"@id":"https:\/\/lasentinelle.dz\/index.php\/2022\/08\/30\/ticad-8-lalgerie-plaide-pour-un-partenariat-juste-et-equitable\/"},"author":{"name":"La Sentinelle","@id":"https:\/\/lasentinelle.dz\/#\/schema\/person\/d865044e22e70a75174ce8bcad3acfb3"},"headline":"TICAD-8\u00a0:\u00a0L&rsquo;Alg\u00e9rie plaide pour un partenariat juste et \u00e9quitable","datePublished":"2022-08-29T23:05:00+00:00","mainEntityOfPage":{"@id":"https:\/\/lasentinelle.dz\/index.php\/2022\/08\/30\/ticad-8-lalgerie-plaide-pour-un-partenariat-juste-et-equitable\/"},"wordCount":592,"commentCount":0,"publisher":{"@id":"https:\/\/lasentinelle.dz\/#organization"},"image":{"@id":"https:\/\/lasentinelle.dz\/index.php\/2022\/08\/30\/ticad-8-lalgerie-plaide-pour-un-partenariat-juste-et-equitable\/#primaryimage"},"thumbnailUrl":"https:\/\/lasentinelle.dz\/wp-content\/uploads\/2022\/08\/TICAD.png","articleSection":["\u00c9conomie"],"inLanguage":"fr-FR","potentialAction":[{"@type":"CommentAction","name":"Comment","target":["https:\/\/lasentinelle.dz\/index.php\/2022\/08\/30\/ticad-8-lalgerie-plaide-pour-un-partenariat-juste-et-equitable\/#respond"]}]},{"@type":"WebPage","@id":"https:\/\/lasentinelle.dz\/index.php\/2022\/08\/30\/ticad-8-lalgerie-plaide-pour-un-partenariat-juste-et-equitable\/","url":"https:\/\/lasentinelle.dz\/index.php\/2022\/08\/30\/ticad-8-lalgerie-plaide-pour-un-partenariat-juste-et-equitable\/","name":"TICAD-8\u00a0:\u00a0L'Alg\u00e9rie plaide pour un partenariat juste et \u00e9quitable - La Sentinelle","isPartOf":{"@id":"https:\/\/lasentinelle.dz\/#website"},"primaryImageOfPage":{"@id":"https:\/\/lasentinelle.dz\/index.php\/2022\/08\/30\/ticad-8-lalgerie-plaide-pour-un-partenariat-juste-et-equitable\/#primaryimage"},"image":{"@id":"https:\/\/lasentinelle.dz\/index.php\/2022\/08\/30\/ticad-8-lalgerie-plaide-pour-un-partenariat-juste-et-equitable\/#primaryimage"},"thumbnailUrl":"https:\/\/lasentinelle.dz\/wp-content\/uploads\/2022\/08\/TICAD.png","datePublished":"2022-08-29T23:05:00+00:00","breadcrumb":{"@id":"https:\/\/lasentinelle.dz\/index.php\/2022\/08\/30\/ticad-8-lalgerie-plaide-pour-un-partenariat-juste-et-equitable\/#breadcrumb"},"inLanguage":"fr-FR","potentialAction":[{"@type":"ReadAction","target":["https:\/\/lasentinelle.dz\/index.php\/2022\/08\/30\/ticad-8-lalgerie-plaide-pour-un-partenariat-juste-et-equitable\/"]}]},{"@type":"ImageObject","inLanguage":"fr-FR","@id":"https:\/\/lasentinelle.dz\/index.php\/2022\/08\/30\/ticad-8-lalgerie-plaide-pour-un-partenariat-juste-et-equitable\/#primaryimage","url":"https:\/\/lasentinelle.dz\/wp-content\/uploads\/2022\/08\/TICAD.png","contentUrl":"https:\/\/lasentinelle.dz\/wp-content\/uploads\/2022\/08\/TICAD.png","width":2663,"height":900},{"@type":"BreadcrumbList","@id":"https:\/\/lasentinelle.dz\/index.php\/2022\/08\/30\/ticad-8-lalgerie-plaide-pour-un-partenariat-juste-et-equitable\/#breadcrumb","itemListElement":[{"@type":"ListItem","position":1,"name":"Accueil","item":"https:\/\/lasentinelle.dz\/"},{"@type":"ListItem","position":2,"name":"TICAD-8\u00a0:\u00a0L&rsquo;Alg\u00e9rie plaide pour un partenariat juste et \u00e9quitable"}]},{"@type":"WebSite","@id":"https:\/\/lasentinelle.dz\/#website","url":"https:\/\/lasentinelle.dz\/","name":"La Sentinelle","description":"Quotidien national d&#039;information","publisher":{"@id":"https:\/\/lasentinelle.dz\/#organization"},"potentialAction":[{"@type":"SearchAction","target":{"@type":"EntryPoint","urlTemplate":"https:\/\/lasentinelle.dz\/?s={search_term_string}"},"query-input":{"@type":"PropertyValueSpecification","valueRequired":true,"valueName":"search_term_string"}}],"inLanguage":"fr-FR"},{"@type":"Organization","@id":"https:\/\/lasentinelle.dz\/#organization","name":"Quotidien La Sentinelle","url":"https:\/\/lasentinelle.dz\/","logo":{"@type":"ImageObject","inLanguage":"fr-FR","@id":"https:\/\/lasentinelle.dz\/#\/schema\/logo\/image\/","url":"https:\/\/lasentinelle.dz\/wp-content\/uploads\/2021\/09\/logo-sentinelleSLOGAN-1.png","contentUrl":"https:\/\/lasentinelle.dz\/wp-content\/uploads\/2021\/09\/logo-sentinelleSLOGAN-1.png","width":615,"height":142,"caption":"Quotidien La Sentinelle"},"image":{"@id":"https:\/\/lasentinelle.dz\/#\/schema\/logo\/image\/"},"sameAs":["https:\/\/www.facebook.com\/La-Sentinelle-104059864394773"]},{"@type":"Person","@id":"https:\/\/lasentinelle.dz\/#\/schema\/person\/d865044e22e70a75174ce8bcad3acfb3","name":"La Sentinelle","image":{"@type":"ImageObject","inLanguage":"fr-FR","@id":"https:\/\/secure.gravatar.com\/avatar\/57de8e5d4b15d43fb361a71fbb36338450fe67865b528a43dd10ef7c51a20392?s=96&d=mm&r=g","url":"https:\/\/secure.gravatar.com\/avatar\/57de8e5d4b15d43fb361a71fbb36338450fe67865b528a43dd10ef7c51a20392?s=96&d=mm&r=g","contentUrl":"https:\/\/secure.gravatar.com\/avatar\/57de8e5d4b15d43fb361a71fbb36338450fe67865b528a43dd10ef7c51a20392?s=96&d=mm&r=g","caption":"La Sentinelle"},"sameAs":["http:\/\/www.lasentinelle.dz"],"url":"https:\/\/lasentinelle.dz\/author\/redaction\/"}]}},"_links":{"self":[{"href":"https:\/\/lasentinelle.dz\/index.php\/wp-json\/wp\/v2\/posts\/26561","targetHints":{"allow":["GET"]}}],"collection":[{"href":"https:\/\/lasentinelle.dz\/index.php\/wp-json\/wp\/v2\/posts"}],"about":[{"href":"https:\/\/lasentinelle.dz\/index.php\/wp-json\/wp\/v2\/types\/post"}],"author":[{"embeddable":true,"href":"https:\/\/lasentinelle.dz\/index.php\/wp-json\/wp\/v2\/users\/3"}],"replies":[{"embeddable":true,"href":"https:\/\/lasentinelle.dz\/index.php\/wp-json\/wp\/v2\/comments?post=26561"}],"version-history":[{"count":1,"href":"https:\/\/lasentinelle.dz\/index.php\/wp-json\/wp\/v2\/posts\/26561\/revisions"}],"predecessor-version":[{"id":26587,"href":"https:\/\/lasentinelle.dz\/index.php\/wp-json\/wp\/v2\/posts\/26561\/revisions\/26587"}],"wp:featuredmedia":[{"embeddable":true,"href":"https:\/\/lasentinelle.dz\/index.php\/wp-json\/wp\/v2\/media\/26423"}],"wp:attachment":[{"href":"https:\/\/lasentinelle.dz\/index.php\/wp-json\/wp\/v2\/media?parent=26561"}],"wp:term":[{"taxonomy":"category","embeddable":true,"href":"https:\/\/lasentinelle.dz\/index.php\/wp-json\/wp\/v2\/categories?post=26561"},{"taxonomy":"post_tag","embeddable":true,"href":"https:\/\/lasentinelle.dz\/index.php\/wp-json\/wp\/v2\/tags?post=26561"}],"curies":[{"name":"wp","href":"https:\/\/api.w.org\/{rel}","templated":true}]}}