{"id":26570,"date":"2022-08-30T00:05:00","date_gmt":"2022-08-29T23:05:00","guid":{"rendered":"https:\/\/lasentinelle.dz\/?p=26570"},"modified":"2022-08-29T20:08:17","modified_gmt":"2022-08-29T19:08:17","slug":"sahara-occidental-ue-makhzen-un-nouveau-front-ouvert","status":"publish","type":"post","link":"https:\/\/lasentinelle.dz\/index.php\/2022\/08\/30\/sahara-occidental-ue-makhzen-un-nouveau-front-ouvert\/","title":{"rendered":"Sahara occidental\u00a0: UE- Makhzen\u00a0: un nouveau front ouvert"},"content":{"rendered":"\n<p>D\u00e9cid\u00e9ment, le Makhzen s\u2019ent\u00eate \u00e0 ouvrir de multiples fronts diplomatiques pour tenter de faire oublier les multiples \u00e9checs diplomatiques qu\u2019il essuie depuis quelques jours. Le discours de Mohamed VI la semaine derni\u00e8re pressant ses partenaires \u00e0 clarifier leurs positions sur la question du Sahara occidental n\u2019a pas eu l\u2019effet escompt\u00e9. Le Sahara occidental \u00e9tant une question de d\u00e9colonisation inachev\u00e9e, ce fait a \u00e9t\u00e9 clairement rappel\u00e9 au r\u00e9gime marocain. Pris de panique, le Makhzen dans une attitude belliqueuse et agressive. Apr\u00e8s la Tunisie, le r\u00e9gime marocain a ouvert un nouveau front avec la commission europ\u00e9enne et a d\u00e9cid\u00e9 d\u2019annuler la visite duHaut repr\u00e9sentant de l&rsquo;Union europ\u00e9enne (UE) pour les Affaires \u00e9trang\u00e8res et la politique de s\u00e9curit\u00e9, Josep Borrell, pr\u00e9vue pour le mois de septembre prochain&nbsp;\u00e0 Rabat.&nbsp;L\u2019agence de presse espagnole EFE, citant des sources diplomatiques, a indiqu\u00e9 que le ministre marocain des Affaires \u00e9trang\u00e8res n\u2019a avanc\u00e9 aucun motif pour l\u2019annulation de cette r\u00e9union, si ce n\u2019est que la visite du Haut repr\u00e9sentant \u00e0 Rabat en ce moment \u00e9tait \u00ab\u00a0inappropri\u00e9e\u00a0\u00bb. Des observateurs estiment, en revanche, que cette annulation trouverait une explication dans les r\u00e9centes d\u00e9clarations de Borrell sur le Sahara occidental.&nbsp;Cette nouvelle sortie confirme une nouvelle fois l\u2019\u00e9tat d\u2019isolement diplomatique du r\u00e9gime du makhzen, notamment apr\u00e8s l\u2019absence du Maroc \u00e0 la Conf\u00e9rence internationale de Tokyo sur le d\u00e9veloppement de l&rsquo;Afrique (TICAD-8) tenue samedi et dimanche \u00e0 Tunis, en raison de l\u2019accueil du pr\u00e9sident sahraoui Brahim Ghali par son homologue tunisien, Ka\u00efs Sa\u00efed.&nbsp;Le Haut repr\u00e9sentant de l\u2019UE pour les AE avait mis l\u2019accent lors d\u2019une interview accord\u00e9e mardi dernier \u00e0 une cha\u00eene espagnole, sur la n\u00e9cessit\u00e9 de \u00ab\u00a0consulter\u00a0\u00bb le peuple sahraoui dans le r\u00e8glement du conflit, des d\u00e9clarations qui semblent avoir contrari\u00e9 le Maroc, selon El Espa\u00f1ol.&nbsp;Commentant le revirement de Madrid concernant le conflit au Sahara occidental, Borrell a affirm\u00e9 que la \u00ab\u00a0position du gouvernement espagnol \u00e9tait et est celle de l&rsquo;UE, c&rsquo;est-\u00e0-dire d\u00e9fendre la tenue d&rsquo;une consultation pour permettre au peuple sahraoui de d\u00e9cider de son avenir\u00a0\u00bb.<\/p>\n\n\n\n<p>R.N.<\/p>\n","protected":false},"excerpt":{"rendered":"<p>D\u00e9cid\u00e9ment, le Makhzen s\u2019ent\u00eate \u00e0 ouvrir de multiples fronts diplomatiques pour tenter de faire oublier les multiples \u00e9checs diplomatiques qu\u2019il<\/p>\n","protected":false},"author":3,"featured_media":26186,"comment_status":"open","ping_status":"closed","sticky":false,"template":"","format":"standard","meta":{"colormag_page_container_layout":"default_layout","colormag_page_sidebar_layout":"default_layout","om_disable_all_campaigns":false,"_monsterinsights_skip_tracking":false,"_monsterinsights_sitenote_active":false,"_monsterinsights_sitenote_note":"","_monsterinsights_sitenote_category":0,"footnotes":"","_wpscppro_dont_share_socialmedia":false,"_wpscppro_custom_social_share_image":0,"_facebook_share_type":"","_twitter_share_type":"","_linkedin_share_type":"","_pinterest_share_type":"","_linkedin_share_type_page":"","_instagram_share_type":"","_medium_share_type":"","_threads_share_type":"","_google_business_share_type":"","_selected_social_profile":[],"_wpsp_enable_custom_social_template":false,"_wpsp_social_scheduling":{"enabled":false,"datetime":null,"platforms":[],"status":"template_only","dateOption":"today","timeOption":"now","customDays":"","customHours":"","customDate":"","customTime":"","schedulingType":"absolute"},"_wpsp_active_default_template":true},"categories":[27],"tags":[],"class_list":["post-26570","post","type-post","status-publish","format-standard","has-post-thumbnail","hentry","category-actualite"],"aioseo_notices":[],"yoast_head":"<!-- This site is optimized with the Yoast SEO plugin v27.5 - https:\/\/yoast.com\/product\/yoast-seo-wordpress\/ -->\n<title>Sahara occidental\u00a0: UE- Makhzen\u00a0: un nouveau front ouvert - La Sentinelle<\/title>\n<meta name=\"robots\" content=\"index, follow, max-snippet:-1, max-image-preview:large, max-video-preview:-1\" \/>\n<link rel=\"canonical\" href=\"https:\/\/lasentinelle.dz\/index.php\/2022\/08\/30\/sahara-occidental-ue-makhzen-un-nouveau-front-ouvert\/\" \/>\n<meta property=\"og:locale\" content=\"fr_FR\" \/>\n<meta property=\"og:type\" content=\"article\" \/>\n<meta property=\"og:title\" content=\"Sahara occidental\u00a0: UE- Makhzen\u00a0: un nouveau front ouvert - La Sentinelle\" \/>\n<meta property=\"og:description\" content=\"D\u00e9cid\u00e9ment, le Makhzen s\u2019ent\u00eate \u00e0 ouvrir de multiples fronts diplomatiques pour tenter de faire oublier les multiples \u00e9checs diplomatiques qu\u2019il\" \/>\n<meta property=\"og:url\" content=\"https:\/\/lasentinelle.dz\/index.php\/2022\/08\/30\/sahara-occidental-ue-makhzen-un-nouveau-front-ouvert\/\" \/>\n<meta property=\"og:site_name\" content=\"La Sentinelle\" \/>\n<meta property=\"article:publisher\" content=\"https:\/\/www.facebook.com\/La-Sentinelle-104059864394773\" \/>\n<meta property=\"article:published_time\" content=\"2022-08-29T23:05:00+00:00\" \/>\n<meta property=\"og:image\" content=\"https:\/\/lasentinelle.dz\/wp-content\/uploads\/2022\/08\/Sahara.png\" \/>\n\t<meta property=\"og:image:width\" content=\"1427\" \/>\n\t<meta property=\"og:image:height\" content=\"900\" \/>\n\t<meta property=\"og:image:type\" content=\"image\/png\" \/>\n<meta name=\"author\" content=\"La Sentinelle\" \/>\n<meta name=\"twitter:card\" content=\"summary_large_image\" \/>\n<meta name=\"twitter:label1\" content=\"\u00c9crit par\" \/>\n\t<meta name=\"twitter:data1\" content=\"La Sentinelle\" \/>\n\t<meta name=\"twitter:label2\" content=\"Dur\u00e9e de lecture estim\u00e9e\" \/>\n\t<meta name=\"twitter:data2\" content=\"2 minutes\" \/>\n<script type=\"application\/ld+json\" class=\"yoast-schema-graph\">{\"@context\":\"https:\\\/\\\/schema.org\",\"@graph\":[{\"@type\":\"Article\",\"@id\":\"https:\\\/\\\/lasentinelle.dz\\\/index.php\\\/2022\\\/08\\\/30\\\/sahara-occidental-ue-makhzen-un-nouveau-front-ouvert\\\/#article\",\"isPartOf\":{\"@id\":\"https:\\\/\\\/lasentinelle.dz\\\/index.php\\\/2022\\\/08\\\/30\\\/sahara-occidental-ue-makhzen-un-nouveau-front-ouvert\\\/\"},\"author\":{\"name\":\"La Sentinelle\",\"@id\":\"https:\\\/\\\/lasentinelle.dz\\\/#\\\/schema\\\/person\\\/d865044e22e70a75174ce8bcad3acfb3\"},\"headline\":\"Sahara occidental\u00a0: UE- Makhzen\u00a0: un nouveau front ouvert\",\"datePublished\":\"2022-08-29T23:05:00+00:00\",\"mainEntityOfPage\":{\"@id\":\"https:\\\/\\\/lasentinelle.dz\\\/index.php\\\/2022\\\/08\\\/30\\\/sahara-occidental-ue-makhzen-un-nouveau-front-ouvert\\\/\"},\"wordCount\":397,\"commentCount\":0,\"publisher\":{\"@id\":\"https:\\\/\\\/lasentinelle.dz\\\/#organization\"},\"image\":{\"@id\":\"https:\\\/\\\/lasentinelle.dz\\\/index.php\\\/2022\\\/08\\\/30\\\/sahara-occidental-ue-makhzen-un-nouveau-front-ouvert\\\/#primaryimage\"},\"thumbnailUrl\":\"https:\\\/\\\/lasentinelle.dz\\\/wp-content\\\/uploads\\\/2022\\\/08\\\/Sahara.png\",\"articleSection\":[\"Actualit\u00e9\"],\"inLanguage\":\"fr-FR\",\"potentialAction\":[{\"@type\":\"CommentAction\",\"name\":\"Comment\",\"target\":[\"https:\\\/\\\/lasentinelle.dz\\\/index.php\\\/2022\\\/08\\\/30\\\/sahara-occidental-ue-makhzen-un-nouveau-front-ouvert\\\/#respond\"]}]},{\"@type\":\"WebPage\",\"@id\":\"https:\\\/\\\/lasentinelle.dz\\\/index.php\\\/2022\\\/08\\\/30\\\/sahara-occidental-ue-makhzen-un-nouveau-front-ouvert\\\/\",\"url\":\"https:\\\/\\\/lasentinelle.dz\\\/index.php\\\/2022\\\/08\\\/30\\\/sahara-occidental-ue-makhzen-un-nouveau-front-ouvert\\\/\",\"name\":\"Sahara occidental\u00a0: UE- Makhzen\u00a0: un nouveau front ouvert - La Sentinelle\",\"isPartOf\":{\"@id\":\"https:\\\/\\\/lasentinelle.dz\\\/#website\"},\"primaryImageOfPage\":{\"@id\":\"https:\\\/\\\/lasentinelle.dz\\\/index.php\\\/2022\\\/08\\\/30\\\/sahara-occidental-ue-makhzen-un-nouveau-front-ouvert\\\/#primaryimage\"},\"image\":{\"@id\":\"https:\\\/\\\/lasentinelle.dz\\\/index.php\\\/2022\\\/08\\\/30\\\/sahara-occidental-ue-makhzen-un-nouveau-front-ouvert\\\/#primaryimage\"},\"thumbnailUrl\":\"https:\\\/\\\/lasentinelle.dz\\\/wp-content\\\/uploads\\\/2022\\\/08\\\/Sahara.png\",\"datePublished\":\"2022-08-29T23:05:00+00:00\",\"breadcrumb\":{\"@id\":\"https:\\\/\\\/lasentinelle.dz\\\/index.php\\\/2022\\\/08\\\/30\\\/sahara-occidental-ue-makhzen-un-nouveau-front-ouvert\\\/#breadcrumb\"},\"inLanguage\":\"fr-FR\",\"potentialAction\":[{\"@type\":\"ReadAction\",\"target\":[\"https:\\\/\\\/lasentinelle.dz\\\/index.php\\\/2022\\\/08\\\/30\\\/sahara-occidental-ue-makhzen-un-nouveau-front-ouvert\\\/\"]}]},{\"@type\":\"ImageObject\",\"inLanguage\":\"fr-FR\",\"@id\":\"https:\\\/\\\/lasentinelle.dz\\\/index.php\\\/2022\\\/08\\\/30\\\/sahara-occidental-ue-makhzen-un-nouveau-front-ouvert\\\/#primaryimage\",\"url\":\"https:\\\/\\\/lasentinelle.dz\\\/wp-content\\\/uploads\\\/2022\\\/08\\\/Sahara.png\",\"contentUrl\":\"https:\\\/\\\/lasentinelle.dz\\\/wp-content\\\/uploads\\\/2022\\\/08\\\/Sahara.png\",\"width\":1427,\"height\":900},{\"@type\":\"BreadcrumbList\",\"@id\":\"https:\\\/\\\/lasentinelle.dz\\\/index.php\\\/2022\\\/08\\\/30\\\/sahara-occidental-ue-makhzen-un-nouveau-front-ouvert\\\/#breadcrumb\",\"itemListElement\":[{\"@type\":\"ListItem\",\"position\":1,\"name\":\"Accueil\",\"item\":\"https:\\\/\\\/lasentinelle.dz\\\/\"},{\"@type\":\"ListItem\",\"position\":2,\"name\":\"Sahara occidental\u00a0: UE- Makhzen\u00a0: un nouveau front ouvert\"}]},{\"@type\":\"WebSite\",\"@id\":\"https:\\\/\\\/lasentinelle.dz\\\/#website\",\"url\":\"https:\\\/\\\/lasentinelle.dz\\\/\",\"name\":\"La Sentinelle\",\"description\":\"Quotidien national d&#039;information\",\"publisher\":{\"@id\":\"https:\\\/\\\/lasentinelle.dz\\\/#organization\"},\"potentialAction\":[{\"@type\":\"SearchAction\",\"target\":{\"@type\":\"EntryPoint\",\"urlTemplate\":\"https:\\\/\\\/lasentinelle.dz\\\/?s={search_term_string}\"},\"query-input\":{\"@type\":\"PropertyValueSpecification\",\"valueRequired\":true,\"valueName\":\"search_term_string\"}}],\"inLanguage\":\"fr-FR\"},{\"@type\":\"Organization\",\"@id\":\"https:\\\/\\\/lasentinelle.dz\\\/#organization\",\"name\":\"Quotidien La Sentinelle\",\"url\":\"https:\\\/\\\/lasentinelle.dz\\\/\",\"logo\":{\"@type\":\"ImageObject\",\"inLanguage\":\"fr-FR\",\"@id\":\"https:\\\/\\\/lasentinelle.dz\\\/#\\\/schema\\\/logo\\\/image\\\/\",\"url\":\"https:\\\/\\\/lasentinelle.dz\\\/wp-content\\\/uploads\\\/2021\\\/09\\\/logo-sentinelleSLOGAN-1.png\",\"contentUrl\":\"https:\\\/\\\/lasentinelle.dz\\\/wp-content\\\/uploads\\\/2021\\\/09\\\/logo-sentinelleSLOGAN-1.png\",\"width\":615,\"height\":142,\"caption\":\"Quotidien La Sentinelle\"},\"image\":{\"@id\":\"https:\\\/\\\/lasentinelle.dz\\\/#\\\/schema\\\/logo\\\/image\\\/\"},\"sameAs\":[\"https:\\\/\\\/www.facebook.com\\\/La-Sentinelle-104059864394773\"]},{\"@type\":\"Person\",\"@id\":\"https:\\\/\\\/lasentinelle.dz\\\/#\\\/schema\\\/person\\\/d865044e22e70a75174ce8bcad3acfb3\",\"name\":\"La Sentinelle\",\"image\":{\"@type\":\"ImageObject\",\"inLanguage\":\"fr-FR\",\"@id\":\"https:\\\/\\\/secure.gravatar.com\\\/avatar\\\/57de8e5d4b15d43fb361a71fbb36338450fe67865b528a43dd10ef7c51a20392?s=96&d=mm&r=g\",\"url\":\"https:\\\/\\\/secure.gravatar.com\\\/avatar\\\/57de8e5d4b15d43fb361a71fbb36338450fe67865b528a43dd10ef7c51a20392?s=96&d=mm&r=g\",\"contentUrl\":\"https:\\\/\\\/secure.gravatar.com\\\/avatar\\\/57de8e5d4b15d43fb361a71fbb36338450fe67865b528a43dd10ef7c51a20392?s=96&d=mm&r=g\",\"caption\":\"La Sentinelle\"},\"sameAs\":[\"http:\\\/\\\/www.lasentinelle.dz\"],\"url\":\"https:\\\/\\\/lasentinelle.dz\\\/author\\\/redaction\\\/\"}]}<\/script>\n<!-- \/ Yoast SEO plugin. -->","yoast_head_json":{"title":"Sahara occidental\u00a0: UE- Makhzen\u00a0: un nouveau front ouvert - La Sentinelle","robots":{"index":"index","follow":"follow","max-snippet":"max-snippet:-1","max-image-preview":"max-image-preview:large","max-video-preview":"max-video-preview:-1"},"canonical":"https:\/\/lasentinelle.dz\/index.php\/2022\/08\/30\/sahara-occidental-ue-makhzen-un-nouveau-front-ouvert\/","og_locale":"fr_FR","og_type":"article","og_title":"Sahara occidental\u00a0: UE- Makhzen\u00a0: un nouveau front ouvert - La Sentinelle","og_description":"D\u00e9cid\u00e9ment, le Makhzen s\u2019ent\u00eate \u00e0 ouvrir de multiples fronts diplomatiques pour tenter de faire oublier les multiples \u00e9checs diplomatiques qu\u2019il","og_url":"https:\/\/lasentinelle.dz\/index.php\/2022\/08\/30\/sahara-occidental-ue-makhzen-un-nouveau-front-ouvert\/","og_site_name":"La Sentinelle","article_publisher":"https:\/\/www.facebook.com\/La-Sentinelle-104059864394773","article_published_time":"2022-08-29T23:05:00+00:00","og_image":[{"width":1427,"height":900,"url":"https:\/\/lasentinelle.dz\/wp-content\/uploads\/2022\/08\/Sahara.png","type":"image\/png"}],"author":"La Sentinelle","twitter_card":"summary_large_image","twitter_misc":{"\u00c9crit par":"La Sentinelle","Dur\u00e9e de lecture estim\u00e9e":"2 minutes"},"schema":{"@context":"https:\/\/schema.org","@graph":[{"@type":"Article","@id":"https:\/\/lasentinelle.dz\/index.php\/2022\/08\/30\/sahara-occidental-ue-makhzen-un-nouveau-front-ouvert\/#article","isPartOf":{"@id":"https:\/\/lasentinelle.dz\/index.php\/2022\/08\/30\/sahara-occidental-ue-makhzen-un-nouveau-front-ouvert\/"},"author":{"name":"La Sentinelle","@id":"https:\/\/lasentinelle.dz\/#\/schema\/person\/d865044e22e70a75174ce8bcad3acfb3"},"headline":"Sahara occidental\u00a0: UE- Makhzen\u00a0: un nouveau front ouvert","datePublished":"2022-08-29T23:05:00+00:00","mainEntityOfPage":{"@id":"https:\/\/lasentinelle.dz\/index.php\/2022\/08\/30\/sahara-occidental-ue-makhzen-un-nouveau-front-ouvert\/"},"wordCount":397,"commentCount":0,"publisher":{"@id":"https:\/\/lasentinelle.dz\/#organization"},"image":{"@id":"https:\/\/lasentinelle.dz\/index.php\/2022\/08\/30\/sahara-occidental-ue-makhzen-un-nouveau-front-ouvert\/#primaryimage"},"thumbnailUrl":"https:\/\/lasentinelle.dz\/wp-content\/uploads\/2022\/08\/Sahara.png","articleSection":["Actualit\u00e9"],"inLanguage":"fr-FR","potentialAction":[{"@type":"CommentAction","name":"Comment","target":["https:\/\/lasentinelle.dz\/index.php\/2022\/08\/30\/sahara-occidental-ue-makhzen-un-nouveau-front-ouvert\/#respond"]}]},{"@type":"WebPage","@id":"https:\/\/lasentinelle.dz\/index.php\/2022\/08\/30\/sahara-occidental-ue-makhzen-un-nouveau-front-ouvert\/","url":"https:\/\/lasentinelle.dz\/index.php\/2022\/08\/30\/sahara-occidental-ue-makhzen-un-nouveau-front-ouvert\/","name":"Sahara occidental\u00a0: UE- Makhzen\u00a0: un nouveau front ouvert - La Sentinelle","isPartOf":{"@id":"https:\/\/lasentinelle.dz\/#website"},"primaryImageOfPage":{"@id":"https:\/\/lasentinelle.dz\/index.php\/2022\/08\/30\/sahara-occidental-ue-makhzen-un-nouveau-front-ouvert\/#primaryimage"},"image":{"@id":"https:\/\/lasentinelle.dz\/index.php\/2022\/08\/30\/sahara-occidental-ue-makhzen-un-nouveau-front-ouvert\/#primaryimage"},"thumbnailUrl":"https:\/\/lasentinelle.dz\/wp-content\/uploads\/2022\/08\/Sahara.png","datePublished":"2022-08-29T23:05:00+00:00","breadcrumb":{"@id":"https:\/\/lasentinelle.dz\/index.php\/2022\/08\/30\/sahara-occidental-ue-makhzen-un-nouveau-front-ouvert\/#breadcrumb"},"inLanguage":"fr-FR","potentialAction":[{"@type":"ReadAction","target":["https:\/\/lasentinelle.dz\/index.php\/2022\/08\/30\/sahara-occidental-ue-makhzen-un-nouveau-front-ouvert\/"]}]},{"@type":"ImageObject","inLanguage":"fr-FR","@id":"https:\/\/lasentinelle.dz\/index.php\/2022\/08\/30\/sahara-occidental-ue-makhzen-un-nouveau-front-ouvert\/#primaryimage","url":"https:\/\/lasentinelle.dz\/wp-content\/uploads\/2022\/08\/Sahara.png","contentUrl":"https:\/\/lasentinelle.dz\/wp-content\/uploads\/2022\/08\/Sahara.png","width":1427,"height":900},{"@type":"BreadcrumbList","@id":"https:\/\/lasentinelle.dz\/index.php\/2022\/08\/30\/sahara-occidental-ue-makhzen-un-nouveau-front-ouvert\/#breadcrumb","itemListElement":[{"@type":"ListItem","position":1,"name":"Accueil","item":"https:\/\/lasentinelle.dz\/"},{"@type":"ListItem","position":2,"name":"Sahara occidental\u00a0: UE- Makhzen\u00a0: un nouveau front ouvert"}]},{"@type":"WebSite","@id":"https:\/\/lasentinelle.dz\/#website","url":"https:\/\/lasentinelle.dz\/","name":"La Sentinelle","description":"Quotidien national d&#039;information","publisher":{"@id":"https:\/\/lasentinelle.dz\/#organization"},"potentialAction":[{"@type":"SearchAction","target":{"@type":"EntryPoint","urlTemplate":"https:\/\/lasentinelle.dz\/?s={search_term_string}"},"query-input":{"@type":"PropertyValueSpecification","valueRequired":true,"valueName":"search_term_string"}}],"inLanguage":"fr-FR"},{"@type":"Organization","@id":"https:\/\/lasentinelle.dz\/#organization","name":"Quotidien La Sentinelle","url":"https:\/\/lasentinelle.dz\/","logo":{"@type":"ImageObject","inLanguage":"fr-FR","@id":"https:\/\/lasentinelle.dz\/#\/schema\/logo\/image\/","url":"https:\/\/lasentinelle.dz\/wp-content\/uploads\/2021\/09\/logo-sentinelleSLOGAN-1.png","contentUrl":"https:\/\/lasentinelle.dz\/wp-content\/uploads\/2021\/09\/logo-sentinelleSLOGAN-1.png","width":615,"height":142,"caption":"Quotidien La Sentinelle"},"image":{"@id":"https:\/\/lasentinelle.dz\/#\/schema\/logo\/image\/"},"sameAs":["https:\/\/www.facebook.com\/La-Sentinelle-104059864394773"]},{"@type":"Person","@id":"https:\/\/lasentinelle.dz\/#\/schema\/person\/d865044e22e70a75174ce8bcad3acfb3","name":"La Sentinelle","image":{"@type":"ImageObject","inLanguage":"fr-FR","@id":"https:\/\/secure.gravatar.com\/avatar\/57de8e5d4b15d43fb361a71fbb36338450fe67865b528a43dd10ef7c51a20392?s=96&d=mm&r=g","url":"https:\/\/secure.gravatar.com\/avatar\/57de8e5d4b15d43fb361a71fbb36338450fe67865b528a43dd10ef7c51a20392?s=96&d=mm&r=g","contentUrl":"https:\/\/secure.gravatar.com\/avatar\/57de8e5d4b15d43fb361a71fbb36338450fe67865b528a43dd10ef7c51a20392?s=96&d=mm&r=g","caption":"La Sentinelle"},"sameAs":["http:\/\/www.lasentinelle.dz"],"url":"https:\/\/lasentinelle.dz\/author\/redaction\/"}]}},"_links":{"self":[{"href":"https:\/\/lasentinelle.dz\/index.php\/wp-json\/wp\/v2\/posts\/26570","targetHints":{"allow":["GET"]}}],"collection":[{"href":"https:\/\/lasentinelle.dz\/index.php\/wp-json\/wp\/v2\/posts"}],"about":[{"href":"https:\/\/lasentinelle.dz\/index.php\/wp-json\/wp\/v2\/types\/post"}],"author":[{"embeddable":true,"href":"https:\/\/lasentinelle.dz\/index.php\/wp-json\/wp\/v2\/users\/3"}],"replies":[{"embeddable":true,"href":"https:\/\/lasentinelle.dz\/index.php\/wp-json\/wp\/v2\/comments?post=26570"}],"version-history":[{"count":1,"href":"https:\/\/lasentinelle.dz\/index.php\/wp-json\/wp\/v2\/posts\/26570\/revisions"}],"predecessor-version":[{"id":26576,"href":"https:\/\/lasentinelle.dz\/index.php\/wp-json\/wp\/v2\/posts\/26570\/revisions\/26576"}],"wp:featuredmedia":[{"embeddable":true,"href":"https:\/\/lasentinelle.dz\/index.php\/wp-json\/wp\/v2\/media\/26186"}],"wp:attachment":[{"href":"https:\/\/lasentinelle.dz\/index.php\/wp-json\/wp\/v2\/media?parent=26570"}],"wp:term":[{"taxonomy":"category","embeddable":true,"href":"https:\/\/lasentinelle.dz\/index.php\/wp-json\/wp\/v2\/categories?post=26570"},{"taxonomy":"post_tag","embeddable":true,"href":"https:\/\/lasentinelle.dz\/index.php\/wp-json\/wp\/v2\/tags?post=26570"}],"curies":[{"name":"wp","href":"https:\/\/api.w.org\/{rel}","templated":true}]}}