{"id":26590,"date":"2022-08-31T00:08:00","date_gmt":"2022-08-30T23:08:00","guid":{"rendered":"https:\/\/lasentinelle.dz\/?p=26590"},"modified":"2022-08-30T21:25:47","modified_gmt":"2022-08-30T20:25:47","slug":"carnet-dete-sur-une-region-pas-comme-les-autres-collo-lenchanteresse","status":"publish","type":"post","link":"https:\/\/lasentinelle.dz\/index.php\/2022\/08\/31\/carnet-dete-sur-une-region-pas-comme-les-autres-collo-lenchanteresse\/","title":{"rendered":"Carnet d\u2019\u00e9t\u00e9 sur une r\u00e9gion pas comme les autres\u00a0:\u00a0Collo l\u2019enchanteresse\u00a0"},"content":{"rendered":"\n<p>Tamanart est une bourgade o\u00f9 le rivage et le massif se rejoignent d\u2019une mani\u00e8re magique et envo\u00fbtante. Cette rencontre est ponctu\u00e9e par le ruissellement des eaux \u00e9manant du \u00ab Djebel Kanoua \u00bb avec un rythme d\u00e9gageant sans cesse une symphonie naturelle o\u00f9 tous les \u00e9l\u00e9ments de la nature s\u2019allient pour composer un morceau d\u2019idylle exprimant une sorte d\u2019hymne d\u2019amour pour cette Dame nature qui s\u2019est \u00e9rig\u00e9e en une nymphe.<\/p>\n\n\n\n<p>La saison estivale de cette ann\u00e9e a permis aux&nbsp;Alg\u00e9riens des autres r\u00e9gions du pays de d\u00e9couvrir un joyau que renferme l\u2019Alg\u00e9rie. Ce joyau s\u2019appelle Collo ou \u00ab Chullu \u00bb, un nom qui remonte \u00e0 l\u2019antiquit\u00e9 bien avant la pr\u00e9sence romaine. Chullu est une cit\u00e9 con\u00e7ue par les ph\u00e9niciens de par les caract\u00e9ristiques qu\u2019elles refl\u00e8tent en termes de n\u00e9goce maritime, de richesse halieutique et agricole \u00e0 cette \u00e9poque.<\/p>\n\n\n\n<p>Collo, pour revenir au nom le plus r\u00e9pandu, faisait partie des premiers comptoirs et ports. C\u2019est cette caract\u00e9ristique qui a donn\u00e9 \u00e0 la r\u00e9gion un caract\u00e8re maritime par excellence. Le port de p\u00eache en est le t\u00e9moin saillant de cette vocation maritime mais aussi agricole de cette muse qui enchante encore les amoureux et les adeptes de cette ville aux mille et une charades et l\u00e9gendes.<\/p>\n\n\n\n<p>Cette ann\u00e9e , les colliottes ont \u00e9t\u00e9 submerg\u00e9s par l\u2019affluence sans pr\u00e9c\u00e9dent des visiteurs de tous les coins du pays. C\u2019est la premi\u00e8re fois que Collo se transforme en un rituel estival et un p\u00e8lerinage aussi massif et historique.<\/p>\n\n\n\n<p>Collo retrouve son aura d\u2019antan, elle se met au diapason pour apporter son charme envo\u00fbtant et ses go\u00fbts ensorcelants aux visiteurs qui ont mis les pieds pour la premi\u00e8re fois dans cette r\u00e9gion.<\/p>\n\n\n\n<p><strong>El-Djerda<\/strong><strong>, expression de&nbsp;la beaut\u00e9 de Dame Nature<\/strong><\/p>\n\n\n\n<p>D\u00e8s que la brise marine commence \u00e0 se faire sentir, c\u2019est-\u00e0-dire \u00e0 partir de Tamalous, on se rend compte que Collo n\u2019est plus un parcours routier de 500 Km \u00e0 partir d\u2019Alger qui se construisait via des anciennes images et des souvenirs suaves.<\/p>\n\n\n\n<p>La vue de la presqu&rsquo;\u00eele \u00e0 partir de Kerkera et son lieu f\u00e9erique de Benzouit procure au visiteur de cette r\u00e9gion c\u00f4ti\u00e8re une sensation \u00e9trange, celle d\u2019\u00eatre hap\u00e9 et convoit\u00e9 par l\u2019\u00e9cosyst\u00e8me et les reliefs de cette ville au point o\u00f9 notre esprit se laisse entra\u00eener dans une ambiance semblable \u00e0 une esp\u00e8ce d\u2019extase jamais v\u00e9cue, pour ainsi dire, la personne se voit transport\u00e9e hors de soi.<\/p>\n\n\n\n<p>C\u2019est la fresque naturelle de la presqu\u2019ile d\u2019El-Djerda qui offre cette sensation d\u2019attachement \u00e0 une r\u00e9gion m\u00eame s\u2019il s\u2019agissait d\u2019une premi\u00e8re rencontre avec les lieux et les espaces de cette ville.<\/p>\n\n\n\n<p>El-Djerda est une montagne partag\u00e9e entre une partie de la mer et le sol colliotte. Elle pr\u00e9sente un paysage panoramique \u00e0 plusieurs dimensions. El-Djerda surplombe la ville de Collo \u00e0 telle enseigne que l\u2019ensemble des bourgades et villages sont r\u00e9sum\u00e9s \u00e0 travers un petit regard \u00e9manant de ce \u00ab perchoir \u00bb naturel d&rsquo;El-Jarda qui synth\u00e9tise la ville de Collo et ses r\u00e9gions en une image panoramique d\u2019ensemble \u00e0 couper le souffle.<\/p>\n\n\n\n<p>Collo ou El Qoll comme l\u2019appellent les colliottes est situ\u00e9e entre El-Djarda et Djebel Dembou. Cette montagne situ\u00e9e au c\u0153ur de la mer en longeant le sol et les massifs dont le mariage d\u00e9gage un d\u00e9cor indescriptible.<\/p>\n\n\n\n<p>Djebel Dembou donne un acc\u00e8s panoramique d\u2019en haut. Il domine en diagonale El-Djerda et fait un lien sym\u00e9trique avec le mont o\u00f9 est situ\u00e9 le mausol\u00e9e du Saint patron Sidi Achour qui enveloppe Benisaid et le Cap Bougaroun.<\/p>\n\n\n\n<p>C\u2019est dire que la ville de Collo est l\u2019une des rares r\u00e9gions c\u00f4ti\u00e8res qui dispose d\u2019une aptitude et une caract\u00e9ristique touristique de choix.<\/p>\n\n\n\n<p><strong>Tamanart<\/strong><strong>,&nbsp;l\u2019ivresse naturelle !<\/strong><\/p>\n\n\n\n<p>Les colliottes prenaient l\u2019ancien chemin montagneux du Chera\u00efa pour acc\u00e9der \u00e0 la plage sublime du Tamanart. Ce chemin abrupt et dangereux a \u00e9t\u00e9 contourn\u00e9 par la mise en exploitation d\u2019une nouvelle route facile, rapide et panoramique \u00e0 partir de A\u00efn-Doula en empruntant le massif du Djebel Dembou.<\/p>\n\n\n\n<p>Tamanart est une bourgade o\u00f9 le rivage et le massif se rejoignent d\u2019une mani\u00e8re magique et envo\u00fbtante. Cette rencontre est ponctu\u00e9e par le ruissellement des eaux \u00e9manant du \u00ab Djebel Kanoua \u00bb avec un rythme d\u00e9gageant sans cesse une symphonie naturelle o\u00f9 tous les \u00e9l\u00e9ments de la nature s\u2019allient pour composer un morceau d\u2019idylle exprimant une sorte d\u2019hymne d\u2019amour pour cette Dame nature qui s\u2019est \u00e9rig\u00e9e en une nymphe.<\/p>\n\n\n\n<p>C\u2019est cela Tamanart, un endroit de vill\u00e9giature pour la majorit\u00e9 des Alg\u00e9rois qui sont venus en sillonnant des centaines de kilom\u00e8tres pour savourer cette magie naturelle dont Tamanart est l\u2019incarnation par excellence.<\/p>\n\n\n\n<p>Tout est vierge et sauvage dans cette r\u00e9gion. Tamanart est \u00e0 la fois le massif qui subjugue et qui convoite, et le rivage limpide et ses sables fins cristallins. C\u2019est un lieu o\u00f9 l\u2019interlude d\u2019\u00e9t\u00e9 est fonci\u00e8rement reposant pour rompre avec l\u2019ann\u00e9e active et ses multiples d\u00e9pits. Tamanart est le coin th\u00e9rapeutique o\u00f9 les personnes pourraient se permettre une \u00ab fugue \u00bb dans une nature riche en vari\u00e9t\u00e9 et d\u2019esp\u00e8ces indiquant que l\u2019\u00e9cosyst\u00e8me est toujours intact pour profiter d\u2019un repos gratuit et d\u2019une p\u00e9riode de \u00ab convalescence \u00bb naturelle \u00e0 la port\u00e9e de tout le monde.<\/p>\n\n\n\n<p>Tamanart est la quintessence d\u2019une beaut\u00e9 naturelle taill\u00e9e et sculpt\u00e9e d\u2019une main de la nature avec harmonie et synergie.<\/p>\n\n\n\n<p>Le camping sauvage a retrouv\u00e9 sa place d\u2019antan dans le beau rivage du Tamanart apr\u00e8s une p\u00e9riode sombre des ann\u00e9es rouges de la derni\u00e8re d\u00e9cennie du si\u00e8cle \u00e9coul\u00e9. Ce signe renseigne sur le retour des Alg\u00e9riennes et des Alg\u00e9riens \u00e0 leur \u00ab berceau \u00bb naturel en choisissant les beaux endroits et les lieux f\u00e9tiches dont la nostalgie garde sa flamme et sa vivacit\u00e9.<\/p>\n\n\n\n<p>Collo c\u2019est aussi les gens simples et sobres. Des gens fiers de leur identit\u00e9 colliotte d\u00e9pouill\u00e9e de toutes les formes de x\u00e9nophobie et d\u2019exclusion. A Tamanart on y retrouve toutes les r\u00e9gions du pays. C\u2019est la mosa\u00efque traduisant l\u2019esprit ouvert des colliottes et leur sens cosmopolite qui refl\u00e8te le caract\u00e8re m\u00e9diterran\u00e9en et son humanisme ancr\u00e9 \u00e0 travers les si\u00e8cles et l\u2019histoire.<\/p>\n\n\n\n<p><strong>Le tourisme, cette fausse note !<\/strong><\/p>\n\n\n\n<p>L\u2019aspect vierge et sauvage du Collo subjugue r\u00e9ellement les visiteurs et les amoureux du tourisme int\u00e9rieur. Mais ce potentiel naturel est orphelin pour ne pas dire qu\u2019il est d\u00e9laiss\u00e9 et r\u00e9duit \u00e0 son expression de base, \u00e0 savoir une r\u00e9gion sans projet et strat\u00e9gie touristique digne de ce nom.<\/p>\n\n\n\n<p>Collo est d\u00e9pourvue d\u2019un plan \u00e0 m\u00eame de r\u00e9habiliter le tourisme de masse. C\u2019est ce talent d\u2019Achille qui affecte la r\u00e9gion en lui tournant le dos d\u2019une mani\u00e8re horrible et d\u00e9cevante.<\/p>\n\n\n\n<p>Les structures d\u2019accueil sont d\u00e9risoires hormis l\u2019H\u00f4tel Bougaroun qui a \u00e9t\u00e9 construit par l\u2019Etat durant les ann\u00e9es 70.<\/p>\n\n\n\n<p>Collo s\u00e9duit certes, mais cette s\u00e9duction ne peut se maintenir en l\u2019\u00e9tat si les efforts dans la perspective de sa mise en valeur sur le plan touristique ne sont pas fournis dans les proches ann\u00e9es \u00e0 venir.<\/p>\n\n\n\n<p>Le tourisme est le parent pauvre dans la r\u00e9gion de Collo. C\u2019est une triste r\u00e9alit\u00e9 qui<\/p>\n\n\n\n<p>accompagne cette belle ville c\u00f4ti\u00e8re o\u00f9 la vocation touristique s\u2019impose avec acuit\u00e9. L\u2019\u00e9tat des routes est catastrophique, le sch\u00e9ma directeur est quasiment inexistant, le plan urbain avec ses stratifications n\u00e9cessaires est rel\u00e9gu\u00e9 au dernier plan. C\u2019est dire que les pouvoirs publics ne font que dans la d\u00e9magogie et du populisme en mati\u00e8re de gestion de la cit\u00e9 en g\u00e9n\u00e9ral et du tourisme en particulier.<\/p>\n\n\n\n<p>Une saison estivale ce n\u2019est pas des slogans et des campagnes fond\u00e9es sur de la supercherie et des impostures pour la consommation locale. Collo a besoin de gestes concrets et des mesures urgentes pour qu\u2019elle puisse se hisser au rang des r\u00e9gions et des villes qui devraient jalouser les autres villes du monde sans coup f\u00e9rir par ce qu\u2019elle poss\u00e8de comme atouts touristiques de grandes qualit\u00e9s.<\/p>\n\n\n\n<p>La beaut\u00e9 de Collo a besoin d\u2019un entretien pour qu\u2019elle puisse se maintenir et faire conna\u00eetre les merveilles du pays. Le tourisme est une culture et celle-ci doit \u00eatre institu\u00e9e mordicus par les pouvoirs publics comme une exigence \u00e9conomique dans le cadre d\u2019un investissement durable.<\/p>\n\n\n\n<p>Certes, Collo a connu une affluence record cette ann\u00e9e, mais cette affluence ne peut durer si les investissements dans cette r\u00e9gion pittoresque et f\u00e9erique ne se d\u00e9ploient pas et que l\u2019Etat n\u2019essaye pas de mettre de l\u2019ordre et reprend en main la politique touristique tel qu\u2019il se doit.<\/p>\n\n\n\n<p>La beaut\u00e9 sauvage d\u2019une r\u00e9gion a besoin d\u2019un accompagnement r\u00e9el, c\u2019est-\u00e0-dire un plan et une strat\u00e9gie globale pour en faire un potentiel d\u2019investissement qui capte et convoiterait la masse des touristes qui \u00e0 l\u2019int\u00e9rieur, qui \u00e0 l\u2019ext\u00e9rieur du pays.<\/p>\n\n\n\n<p>Ce dont Collo a besoin, c\u2019est bien un plan d\u2019urgence pour la sauver de la marginalisation \u00e0 tous les niveaux dont elle est victime.<\/p>\n\n\n\n<p>Tout compte fait, Collo restera une muse qui inspire les visiteurs et ses adeptes malgr\u00e9 l\u2019ingratitude des pouvoirs publics \u00e0 son \u00e9gard.<\/p>\n\n\n\n<p><strong>Rachid Nassouti<\/strong><\/p>\n","protected":false},"excerpt":{"rendered":"<p>Tamanart est une bourgade o\u00f9 le rivage et le massif se rejoignent d\u2019une mani\u00e8re magique et envo\u00fbtante. Cette rencontre est<\/p>\n","protected":false},"author":3,"featured_media":26597,"comment_status":"open","ping_status":"closed","sticky":false,"template":"","format":"standard","meta":{"colormag_page_container_layout":"default_layout","colormag_page_sidebar_layout":"default_layout","om_disable_all_campaigns":false,"_monsterinsights_skip_tracking":false,"_monsterinsights_sitenote_active":false,"_monsterinsights_sitenote_note":"","_monsterinsights_sitenote_category":0,"footnotes":"","_wpscppro_dont_share_socialmedia":false,"_wpscppro_custom_social_share_image":0,"_facebook_share_type":"","_twitter_share_type":"","_linkedin_share_type":"","_pinterest_share_type":"","_linkedin_share_type_page":"","_instagram_share_type":"","_medium_share_type":"","_threads_share_type":"","_google_business_share_type":"","_selected_social_profile":[],"_wpsp_enable_custom_social_template":false,"_wpsp_social_scheduling":{"enabled":false,"datetime":null,"platforms":[],"status":"template_only","dateOption":"today","timeOption":"now","customDays":"","customHours":"","customDate":"","customTime":"","schedulingType":"absolute"},"_wpsp_active_default_template":true},"categories":[52,59],"tags":[],"class_list":["post-26590","post","type-post","status-publish","format-standard","has-post-thumbnail","hentry","category-a-la-une","category-reportage"],"aioseo_notices":[],"yoast_head":"<!-- This site is optimized with the Yoast SEO plugin v27.5 - https:\/\/yoast.com\/product\/yoast-seo-wordpress\/ -->\n<title>Carnet d\u2019\u00e9t\u00e9 sur une r\u00e9gion pas comme les autres\u00a0:\u00a0Collo l\u2019enchanteresse\u00a0 - La Sentinelle<\/title>\n<meta name=\"robots\" content=\"index, follow, max-snippet:-1, max-image-preview:large, max-video-preview:-1\" \/>\n<link rel=\"canonical\" href=\"https:\/\/lasentinelle.dz\/index.php\/2022\/08\/31\/carnet-dete-sur-une-region-pas-comme-les-autres-collo-lenchanteresse\/\" \/>\n<meta property=\"og:locale\" content=\"fr_FR\" \/>\n<meta property=\"og:type\" content=\"article\" \/>\n<meta property=\"og:title\" content=\"Carnet d\u2019\u00e9t\u00e9 sur une r\u00e9gion pas comme les autres\u00a0:\u00a0Collo l\u2019enchanteresse\u00a0 - La Sentinelle\" \/>\n<meta property=\"og:description\" content=\"Tamanart est une bourgade o\u00f9 le rivage et le massif se rejoignent d\u2019une mani\u00e8re magique et envo\u00fbtante. Cette rencontre est\" \/>\n<meta property=\"og:url\" content=\"https:\/\/lasentinelle.dz\/index.php\/2022\/08\/31\/carnet-dete-sur-une-region-pas-comme-les-autres-collo-lenchanteresse\/\" \/>\n<meta property=\"og:site_name\" content=\"La Sentinelle\" \/>\n<meta property=\"article:publisher\" content=\"https:\/\/www.facebook.com\/La-Sentinelle-104059864394773\" \/>\n<meta property=\"article:published_time\" content=\"2022-08-30T23:08:00+00:00\" \/>\n<meta property=\"og:image\" content=\"https:\/\/lasentinelle.dz\/wp-content\/uploads\/2022\/08\/collo.png\" \/>\n\t<meta property=\"og:image:width\" content=\"1200\" \/>\n\t<meta property=\"og:image:height\" content=\"900\" \/>\n\t<meta property=\"og:image:type\" content=\"image\/png\" \/>\n<meta name=\"author\" content=\"La Sentinelle\" \/>\n<meta name=\"twitter:card\" content=\"summary_large_image\" \/>\n<meta name=\"twitter:label1\" content=\"\u00c9crit par\" \/>\n\t<meta name=\"twitter:data1\" content=\"La Sentinelle\" \/>\n\t<meta name=\"twitter:label2\" content=\"Dur\u00e9e de lecture estim\u00e9e\" \/>\n\t<meta name=\"twitter:data2\" content=\"8 minutes\" \/>\n<script type=\"application\/ld+json\" class=\"yoast-schema-graph\">{\"@context\":\"https:\\\/\\\/schema.org\",\"@graph\":[{\"@type\":\"Article\",\"@id\":\"https:\\\/\\\/lasentinelle.dz\\\/index.php\\\/2022\\\/08\\\/31\\\/carnet-dete-sur-une-region-pas-comme-les-autres-collo-lenchanteresse\\\/#article\",\"isPartOf\":{\"@id\":\"https:\\\/\\\/lasentinelle.dz\\\/index.php\\\/2022\\\/08\\\/31\\\/carnet-dete-sur-une-region-pas-comme-les-autres-collo-lenchanteresse\\\/\"},\"author\":{\"name\":\"La Sentinelle\",\"@id\":\"https:\\\/\\\/lasentinelle.dz\\\/#\\\/schema\\\/person\\\/d865044e22e70a75174ce8bcad3acfb3\"},\"headline\":\"Carnet d\u2019\u00e9t\u00e9 sur une r\u00e9gion pas comme les autres\u00a0:\u00a0Collo l\u2019enchanteresse\u00a0\",\"datePublished\":\"2022-08-30T23:08:00+00:00\",\"mainEntityOfPage\":{\"@id\":\"https:\\\/\\\/lasentinelle.dz\\\/index.php\\\/2022\\\/08\\\/31\\\/carnet-dete-sur-une-region-pas-comme-les-autres-collo-lenchanteresse\\\/\"},\"wordCount\":1673,\"commentCount\":0,\"publisher\":{\"@id\":\"https:\\\/\\\/lasentinelle.dz\\\/#organization\"},\"image\":{\"@id\":\"https:\\\/\\\/lasentinelle.dz\\\/index.php\\\/2022\\\/08\\\/31\\\/carnet-dete-sur-une-region-pas-comme-les-autres-collo-lenchanteresse\\\/#primaryimage\"},\"thumbnailUrl\":\"https:\\\/\\\/lasentinelle.dz\\\/wp-content\\\/uploads\\\/2022\\\/08\\\/collo.png\",\"articleSection\":[\"\u00c0 la Une\",\"Reportage\"],\"inLanguage\":\"fr-FR\",\"potentialAction\":[{\"@type\":\"CommentAction\",\"name\":\"Comment\",\"target\":[\"https:\\\/\\\/lasentinelle.dz\\\/index.php\\\/2022\\\/08\\\/31\\\/carnet-dete-sur-une-region-pas-comme-les-autres-collo-lenchanteresse\\\/#respond\"]}]},{\"@type\":\"WebPage\",\"@id\":\"https:\\\/\\\/lasentinelle.dz\\\/index.php\\\/2022\\\/08\\\/31\\\/carnet-dete-sur-une-region-pas-comme-les-autres-collo-lenchanteresse\\\/\",\"url\":\"https:\\\/\\\/lasentinelle.dz\\\/index.php\\\/2022\\\/08\\\/31\\\/carnet-dete-sur-une-region-pas-comme-les-autres-collo-lenchanteresse\\\/\",\"name\":\"Carnet d\u2019\u00e9t\u00e9 sur une r\u00e9gion pas comme les autres\u00a0:\u00a0Collo l\u2019enchanteresse\u00a0 - La Sentinelle\",\"isPartOf\":{\"@id\":\"https:\\\/\\\/lasentinelle.dz\\\/#website\"},\"primaryImageOfPage\":{\"@id\":\"https:\\\/\\\/lasentinelle.dz\\\/index.php\\\/2022\\\/08\\\/31\\\/carnet-dete-sur-une-region-pas-comme-les-autres-collo-lenchanteresse\\\/#primaryimage\"},\"image\":{\"@id\":\"https:\\\/\\\/lasentinelle.dz\\\/index.php\\\/2022\\\/08\\\/31\\\/carnet-dete-sur-une-region-pas-comme-les-autres-collo-lenchanteresse\\\/#primaryimage\"},\"thumbnailUrl\":\"https:\\\/\\\/lasentinelle.dz\\\/wp-content\\\/uploads\\\/2022\\\/08\\\/collo.png\",\"datePublished\":\"2022-08-30T23:08:00+00:00\",\"breadcrumb\":{\"@id\":\"https:\\\/\\\/lasentinelle.dz\\\/index.php\\\/2022\\\/08\\\/31\\\/carnet-dete-sur-une-region-pas-comme-les-autres-collo-lenchanteresse\\\/#breadcrumb\"},\"inLanguage\":\"fr-FR\",\"potentialAction\":[{\"@type\":\"ReadAction\",\"target\":[\"https:\\\/\\\/lasentinelle.dz\\\/index.php\\\/2022\\\/08\\\/31\\\/carnet-dete-sur-une-region-pas-comme-les-autres-collo-lenchanteresse\\\/\"]}]},{\"@type\":\"ImageObject\",\"inLanguage\":\"fr-FR\",\"@id\":\"https:\\\/\\\/lasentinelle.dz\\\/index.php\\\/2022\\\/08\\\/31\\\/carnet-dete-sur-une-region-pas-comme-les-autres-collo-lenchanteresse\\\/#primaryimage\",\"url\":\"https:\\\/\\\/lasentinelle.dz\\\/wp-content\\\/uploads\\\/2022\\\/08\\\/collo.png\",\"contentUrl\":\"https:\\\/\\\/lasentinelle.dz\\\/wp-content\\\/uploads\\\/2022\\\/08\\\/collo.png\",\"width\":1200,\"height\":900},{\"@type\":\"BreadcrumbList\",\"@id\":\"https:\\\/\\\/lasentinelle.dz\\\/index.php\\\/2022\\\/08\\\/31\\\/carnet-dete-sur-une-region-pas-comme-les-autres-collo-lenchanteresse\\\/#breadcrumb\",\"itemListElement\":[{\"@type\":\"ListItem\",\"position\":1,\"name\":\"Accueil\",\"item\":\"https:\\\/\\\/lasentinelle.dz\\\/\"},{\"@type\":\"ListItem\",\"position\":2,\"name\":\"Carnet d\u2019\u00e9t\u00e9 sur une r\u00e9gion pas comme les autres\u00a0:\u00a0Collo l\u2019enchanteresse\u00a0\"}]},{\"@type\":\"WebSite\",\"@id\":\"https:\\\/\\\/lasentinelle.dz\\\/#website\",\"url\":\"https:\\\/\\\/lasentinelle.dz\\\/\",\"name\":\"La Sentinelle\",\"description\":\"Quotidien national d&#039;information\",\"publisher\":{\"@id\":\"https:\\\/\\\/lasentinelle.dz\\\/#organization\"},\"potentialAction\":[{\"@type\":\"SearchAction\",\"target\":{\"@type\":\"EntryPoint\",\"urlTemplate\":\"https:\\\/\\\/lasentinelle.dz\\\/?s={search_term_string}\"},\"query-input\":{\"@type\":\"PropertyValueSpecification\",\"valueRequired\":true,\"valueName\":\"search_term_string\"}}],\"inLanguage\":\"fr-FR\"},{\"@type\":\"Organization\",\"@id\":\"https:\\\/\\\/lasentinelle.dz\\\/#organization\",\"name\":\"Quotidien La Sentinelle\",\"url\":\"https:\\\/\\\/lasentinelle.dz\\\/\",\"logo\":{\"@type\":\"ImageObject\",\"inLanguage\":\"fr-FR\",\"@id\":\"https:\\\/\\\/lasentinelle.dz\\\/#\\\/schema\\\/logo\\\/image\\\/\",\"url\":\"https:\\\/\\\/lasentinelle.dz\\\/wp-content\\\/uploads\\\/2021\\\/09\\\/logo-sentinelleSLOGAN-1.png\",\"contentUrl\":\"https:\\\/\\\/lasentinelle.dz\\\/wp-content\\\/uploads\\\/2021\\\/09\\\/logo-sentinelleSLOGAN-1.png\",\"width\":615,\"height\":142,\"caption\":\"Quotidien La Sentinelle\"},\"image\":{\"@id\":\"https:\\\/\\\/lasentinelle.dz\\\/#\\\/schema\\\/logo\\\/image\\\/\"},\"sameAs\":[\"https:\\\/\\\/www.facebook.com\\\/La-Sentinelle-104059864394773\"]},{\"@type\":\"Person\",\"@id\":\"https:\\\/\\\/lasentinelle.dz\\\/#\\\/schema\\\/person\\\/d865044e22e70a75174ce8bcad3acfb3\",\"name\":\"La Sentinelle\",\"image\":{\"@type\":\"ImageObject\",\"inLanguage\":\"fr-FR\",\"@id\":\"https:\\\/\\\/secure.gravatar.com\\\/avatar\\\/57de8e5d4b15d43fb361a71fbb36338450fe67865b528a43dd10ef7c51a20392?s=96&d=mm&r=g\",\"url\":\"https:\\\/\\\/secure.gravatar.com\\\/avatar\\\/57de8e5d4b15d43fb361a71fbb36338450fe67865b528a43dd10ef7c51a20392?s=96&d=mm&r=g\",\"contentUrl\":\"https:\\\/\\\/secure.gravatar.com\\\/avatar\\\/57de8e5d4b15d43fb361a71fbb36338450fe67865b528a43dd10ef7c51a20392?s=96&d=mm&r=g\",\"caption\":\"La Sentinelle\"},\"sameAs\":[\"http:\\\/\\\/www.lasentinelle.dz\"],\"url\":\"https:\\\/\\\/lasentinelle.dz\\\/author\\\/redaction\\\/\"}]}<\/script>\n<!-- \/ Yoast SEO plugin. -->","yoast_head_json":{"title":"Carnet d\u2019\u00e9t\u00e9 sur une r\u00e9gion pas comme les autres\u00a0:\u00a0Collo l\u2019enchanteresse\u00a0 - La Sentinelle","robots":{"index":"index","follow":"follow","max-snippet":"max-snippet:-1","max-image-preview":"max-image-preview:large","max-video-preview":"max-video-preview:-1"},"canonical":"https:\/\/lasentinelle.dz\/index.php\/2022\/08\/31\/carnet-dete-sur-une-region-pas-comme-les-autres-collo-lenchanteresse\/","og_locale":"fr_FR","og_type":"article","og_title":"Carnet d\u2019\u00e9t\u00e9 sur une r\u00e9gion pas comme les autres\u00a0:\u00a0Collo l\u2019enchanteresse\u00a0 - La Sentinelle","og_description":"Tamanart est une bourgade o\u00f9 le rivage et le massif se rejoignent d\u2019une mani\u00e8re magique et envo\u00fbtante. Cette rencontre est","og_url":"https:\/\/lasentinelle.dz\/index.php\/2022\/08\/31\/carnet-dete-sur-une-region-pas-comme-les-autres-collo-lenchanteresse\/","og_site_name":"La Sentinelle","article_publisher":"https:\/\/www.facebook.com\/La-Sentinelle-104059864394773","article_published_time":"2022-08-30T23:08:00+00:00","og_image":[{"width":1200,"height":900,"url":"https:\/\/lasentinelle.dz\/wp-content\/uploads\/2022\/08\/collo.png","type":"image\/png"}],"author":"La Sentinelle","twitter_card":"summary_large_image","twitter_misc":{"\u00c9crit par":"La Sentinelle","Dur\u00e9e de lecture estim\u00e9e":"8 minutes"},"schema":{"@context":"https:\/\/schema.org","@graph":[{"@type":"Article","@id":"https:\/\/lasentinelle.dz\/index.php\/2022\/08\/31\/carnet-dete-sur-une-region-pas-comme-les-autres-collo-lenchanteresse\/#article","isPartOf":{"@id":"https:\/\/lasentinelle.dz\/index.php\/2022\/08\/31\/carnet-dete-sur-une-region-pas-comme-les-autres-collo-lenchanteresse\/"},"author":{"name":"La Sentinelle","@id":"https:\/\/lasentinelle.dz\/#\/schema\/person\/d865044e22e70a75174ce8bcad3acfb3"},"headline":"Carnet d\u2019\u00e9t\u00e9 sur une r\u00e9gion pas comme les autres\u00a0:\u00a0Collo l\u2019enchanteresse\u00a0","datePublished":"2022-08-30T23:08:00+00:00","mainEntityOfPage":{"@id":"https:\/\/lasentinelle.dz\/index.php\/2022\/08\/31\/carnet-dete-sur-une-region-pas-comme-les-autres-collo-lenchanteresse\/"},"wordCount":1673,"commentCount":0,"publisher":{"@id":"https:\/\/lasentinelle.dz\/#organization"},"image":{"@id":"https:\/\/lasentinelle.dz\/index.php\/2022\/08\/31\/carnet-dete-sur-une-region-pas-comme-les-autres-collo-lenchanteresse\/#primaryimage"},"thumbnailUrl":"https:\/\/lasentinelle.dz\/wp-content\/uploads\/2022\/08\/collo.png","articleSection":["\u00c0 la Une","Reportage"],"inLanguage":"fr-FR","potentialAction":[{"@type":"CommentAction","name":"Comment","target":["https:\/\/lasentinelle.dz\/index.php\/2022\/08\/31\/carnet-dete-sur-une-region-pas-comme-les-autres-collo-lenchanteresse\/#respond"]}]},{"@type":"WebPage","@id":"https:\/\/lasentinelle.dz\/index.php\/2022\/08\/31\/carnet-dete-sur-une-region-pas-comme-les-autres-collo-lenchanteresse\/","url":"https:\/\/lasentinelle.dz\/index.php\/2022\/08\/31\/carnet-dete-sur-une-region-pas-comme-les-autres-collo-lenchanteresse\/","name":"Carnet d\u2019\u00e9t\u00e9 sur une r\u00e9gion pas comme les autres\u00a0:\u00a0Collo l\u2019enchanteresse\u00a0 - La Sentinelle","isPartOf":{"@id":"https:\/\/lasentinelle.dz\/#website"},"primaryImageOfPage":{"@id":"https:\/\/lasentinelle.dz\/index.php\/2022\/08\/31\/carnet-dete-sur-une-region-pas-comme-les-autres-collo-lenchanteresse\/#primaryimage"},"image":{"@id":"https:\/\/lasentinelle.dz\/index.php\/2022\/08\/31\/carnet-dete-sur-une-region-pas-comme-les-autres-collo-lenchanteresse\/#primaryimage"},"thumbnailUrl":"https:\/\/lasentinelle.dz\/wp-content\/uploads\/2022\/08\/collo.png","datePublished":"2022-08-30T23:08:00+00:00","breadcrumb":{"@id":"https:\/\/lasentinelle.dz\/index.php\/2022\/08\/31\/carnet-dete-sur-une-region-pas-comme-les-autres-collo-lenchanteresse\/#breadcrumb"},"inLanguage":"fr-FR","potentialAction":[{"@type":"ReadAction","target":["https:\/\/lasentinelle.dz\/index.php\/2022\/08\/31\/carnet-dete-sur-une-region-pas-comme-les-autres-collo-lenchanteresse\/"]}]},{"@type":"ImageObject","inLanguage":"fr-FR","@id":"https:\/\/lasentinelle.dz\/index.php\/2022\/08\/31\/carnet-dete-sur-une-region-pas-comme-les-autres-collo-lenchanteresse\/#primaryimage","url":"https:\/\/lasentinelle.dz\/wp-content\/uploads\/2022\/08\/collo.png","contentUrl":"https:\/\/lasentinelle.dz\/wp-content\/uploads\/2022\/08\/collo.png","width":1200,"height":900},{"@type":"BreadcrumbList","@id":"https:\/\/lasentinelle.dz\/index.php\/2022\/08\/31\/carnet-dete-sur-une-region-pas-comme-les-autres-collo-lenchanteresse\/#breadcrumb","itemListElement":[{"@type":"ListItem","position":1,"name":"Accueil","item":"https:\/\/lasentinelle.dz\/"},{"@type":"ListItem","position":2,"name":"Carnet d\u2019\u00e9t\u00e9 sur une r\u00e9gion pas comme les autres\u00a0:\u00a0Collo l\u2019enchanteresse\u00a0"}]},{"@type":"WebSite","@id":"https:\/\/lasentinelle.dz\/#website","url":"https:\/\/lasentinelle.dz\/","name":"La Sentinelle","description":"Quotidien national d&#039;information","publisher":{"@id":"https:\/\/lasentinelle.dz\/#organization"},"potentialAction":[{"@type":"SearchAction","target":{"@type":"EntryPoint","urlTemplate":"https:\/\/lasentinelle.dz\/?s={search_term_string}"},"query-input":{"@type":"PropertyValueSpecification","valueRequired":true,"valueName":"search_term_string"}}],"inLanguage":"fr-FR"},{"@type":"Organization","@id":"https:\/\/lasentinelle.dz\/#organization","name":"Quotidien La Sentinelle","url":"https:\/\/lasentinelle.dz\/","logo":{"@type":"ImageObject","inLanguage":"fr-FR","@id":"https:\/\/lasentinelle.dz\/#\/schema\/logo\/image\/","url":"https:\/\/lasentinelle.dz\/wp-content\/uploads\/2021\/09\/logo-sentinelleSLOGAN-1.png","contentUrl":"https:\/\/lasentinelle.dz\/wp-content\/uploads\/2021\/09\/logo-sentinelleSLOGAN-1.png","width":615,"height":142,"caption":"Quotidien La Sentinelle"},"image":{"@id":"https:\/\/lasentinelle.dz\/#\/schema\/logo\/image\/"},"sameAs":["https:\/\/www.facebook.com\/La-Sentinelle-104059864394773"]},{"@type":"Person","@id":"https:\/\/lasentinelle.dz\/#\/schema\/person\/d865044e22e70a75174ce8bcad3acfb3","name":"La Sentinelle","image":{"@type":"ImageObject","inLanguage":"fr-FR","@id":"https:\/\/secure.gravatar.com\/avatar\/57de8e5d4b15d43fb361a71fbb36338450fe67865b528a43dd10ef7c51a20392?s=96&d=mm&r=g","url":"https:\/\/secure.gravatar.com\/avatar\/57de8e5d4b15d43fb361a71fbb36338450fe67865b528a43dd10ef7c51a20392?s=96&d=mm&r=g","contentUrl":"https:\/\/secure.gravatar.com\/avatar\/57de8e5d4b15d43fb361a71fbb36338450fe67865b528a43dd10ef7c51a20392?s=96&d=mm&r=g","caption":"La Sentinelle"},"sameAs":["http:\/\/www.lasentinelle.dz"],"url":"https:\/\/lasentinelle.dz\/author\/redaction\/"}]}},"_links":{"self":[{"href":"https:\/\/lasentinelle.dz\/index.php\/wp-json\/wp\/v2\/posts\/26590","targetHints":{"allow":["GET"]}}],"collection":[{"href":"https:\/\/lasentinelle.dz\/index.php\/wp-json\/wp\/v2\/posts"}],"about":[{"href":"https:\/\/lasentinelle.dz\/index.php\/wp-json\/wp\/v2\/types\/post"}],"author":[{"embeddable":true,"href":"https:\/\/lasentinelle.dz\/index.php\/wp-json\/wp\/v2\/users\/3"}],"replies":[{"embeddable":true,"href":"https:\/\/lasentinelle.dz\/index.php\/wp-json\/wp\/v2\/comments?post=26590"}],"version-history":[{"count":1,"href":"https:\/\/lasentinelle.dz\/index.php\/wp-json\/wp\/v2\/posts\/26590\/revisions"}],"predecessor-version":[{"id":26598,"href":"https:\/\/lasentinelle.dz\/index.php\/wp-json\/wp\/v2\/posts\/26590\/revisions\/26598"}],"wp:featuredmedia":[{"embeddable":true,"href":"https:\/\/lasentinelle.dz\/index.php\/wp-json\/wp\/v2\/media\/26597"}],"wp:attachment":[{"href":"https:\/\/lasentinelle.dz\/index.php\/wp-json\/wp\/v2\/media?parent=26590"}],"wp:term":[{"taxonomy":"category","embeddable":true,"href":"https:\/\/lasentinelle.dz\/index.php\/wp-json\/wp\/v2\/categories?post=26590"},{"taxonomy":"post_tag","embeddable":true,"href":"https:\/\/lasentinelle.dz\/index.php\/wp-json\/wp\/v2\/tags?post=26590"}],"curies":[{"name":"wp","href":"https:\/\/api.w.org\/{rel}","templated":true}]}}