{"id":26596,"date":"2022-08-31T00:01:00","date_gmt":"2022-08-30T23:01:00","guid":{"rendered":"https:\/\/lasentinelle.dz\/?p=26596"},"modified":"2022-08-30T16:57:41","modified_gmt":"2022-08-30T15:57:41","slug":"mondial-daviron-lalgerie-participera-avec-quatre-athletes","status":"publish","type":"post","link":"https:\/\/lasentinelle.dz\/index.php\/2022\/08\/31\/mondial-daviron-lalgerie-participera-avec-quatre-athletes\/","title":{"rendered":"Mondial d\u2019aviron\u00a0: L&rsquo;Alg\u00e9rie participera avec quatre athl\u00e8tes \u00a0"},"content":{"rendered":"\n<p>En pr\u00e9vision du&nbsp;mondial&nbsp;2022,&nbsp;la s\u00e9lection nation d\u2019aviron,&nbsp;encadr\u00e9e&nbsp;par l&rsquo;entraineur national, Riad Garidie,&nbsp;a achev\u00e9 hierau niveau de la base nautique du barrage de Beni Haroun \u00e0 Mila, un stage entam\u00e9 le 20 ao\u00fbt, avec la participation, \u00e9galement, vingt deux (22) autres athl\u00e8tes entre senior et U23.<\/p>\n\n\n\n<p>Une s\u00e9lection nationale d&rsquo;aviron, compos\u00e9e de quatre athl\u00e8tes dont une&nbsp;f\u00e9minine, repr\u00e9sentera l&rsquo;Alg\u00e9rie aux prochains Championnats du monde seniors de la discipline, pr\u00e9vus du 18 au 25 septembre \u00e0 Racice, en&nbsp;R\u00e9publique tch\u00e8que, a indiqu\u00e9,&nbsp;hier,&nbsp;&nbsp;la&nbsp;F\u00e9d\u00e9ration alg\u00e9rienne des Soci\u00e9t\u00e9s d&rsquo;Aviron et de cano\u00eb Kayak (FASACK) sur sa page facebook.&nbsp;Il s&rsquo;agit des rameurs, Sid Ali Boudina (Skiff homme\/poids l\u00e9ger), Nihed Benchadli (Skiff femme\/poids l\u00e9ger), Mohamed Djouimai et Bilal Belhadj Boucif (Double hommes\/poids l\u00e9ger).&nbsp;En vue de ce rendez-vous mondial, le groupe encadr\u00e9 par l&rsquo;entraineur national, Riad Garidi devait achever ce mardi au niveau de la base nautique du barrage de Beni Haroun \u00e0 Mila, un stage entam\u00e9 le 20 ao\u00fbt, avec la participation, \u00e9galement, vingt deux (22) autres athl\u00e8tes entre senior et U23, dont dix filles pour en s\u00e9lectionner les meilleures qui int\u00e9greront l&rsquo;\u00e9quipe nationale appel\u00e9e \u00e0 prendre part \u00e0 d&rsquo;importantes \u00e9ch\u00e9ances internationales.&nbsp;Intervenant au micro de la FASACK sur facebook, l&rsquo;entraineur national d&rsquo;aviron, Riad Garidi a expliqu\u00e9 l&rsquo;objectif attendu de ce stage qui prendra fin ce mardi.&nbsp;\u00a0\u00bb C&rsquo;est un stage scind\u00e9 en deux \u00e9tapes. La premi\u00e8re, comprenant un groupe d&rsquo;athl\u00e8tes (seniors et des U23), afin de pr\u00e9parer les Mondiaux pr\u00e9vus en septembre prochain en R\u00e9publique tch\u00e8que, alors que la seconde \u00e9tape concerne un 2e groupe d&rsquo;athl\u00e8tes dont la plupart sont des jeunes talents.&nbsp;&nbsp;Ils ont \u00e9t\u00e9 regroup\u00e9s afin d&rsquo;\u00e9valuer leur niveau, dans des conditions nettement meilleure que ce que leur offre leurs clubs. Ils sont r\u00e9unis dans un tr\u00e8s bon cadre o\u00f9 ils vont pouvoir se donner \u00e0 fond et d\u00e9montrer leur valeur et potentiel. Au staff technique de les \u00e9valuer et d&rsquo;en tirer le meilleur de chacun d&rsquo;entre eux\u00a0\u00bb, a soulign\u00e9 Garidi.&nbsp;Les trois premiers jours des championnats du monde seniors d&rsquo;aviron de Racice seront consacr\u00e9s aux entrainements officiels des rameurs, avant le lancement de la comp\u00e9tition officielles.<\/p>\n\n\n\n<p>R.S.<\/p>\n","protected":false},"excerpt":{"rendered":"<p>En pr\u00e9vision du&nbsp;mondial&nbsp;2022,&nbsp;la s\u00e9lection nation d\u2019aviron,&nbsp;encadr\u00e9e&nbsp;par l&rsquo;entraineur national, Riad Garidie,&nbsp;a achev\u00e9 hierau niveau de la base nautique du barrage de<\/p>\n","protected":false},"author":3,"featured_media":26613,"comment_status":"open","ping_status":"closed","sticky":false,"template":"","format":"standard","meta":{"colormag_page_container_layout":"default_layout","colormag_page_sidebar_layout":"default_layout","om_disable_all_campaigns":false,"_monsterinsights_skip_tracking":false,"_monsterinsights_sitenote_active":false,"_monsterinsights_sitenote_note":"","_monsterinsights_sitenote_category":0,"footnotes":"","_wpscppro_dont_share_socialmedia":false,"_wpscppro_custom_social_share_image":0,"_facebook_share_type":"","_twitter_share_type":"","_linkedin_share_type":"","_pinterest_share_type":"","_linkedin_share_type_page":"","_instagram_share_type":"","_medium_share_type":"","_threads_share_type":"","_google_business_share_type":"","_selected_social_profile":[],"_wpsp_enable_custom_social_template":false,"_wpsp_social_scheduling":{"enabled":false,"datetime":null,"platforms":[],"status":"template_only","dateOption":"today","timeOption":"now","customDays":"","customHours":"","customDate":"","customTime":"","schedulingType":"absolute"},"_wpsp_active_default_template":true},"categories":[33],"tags":[],"class_list":["post-26596","post","type-post","status-publish","format-standard","has-post-thumbnail","hentry","category-sports"],"aioseo_notices":[],"yoast_head":"<!-- This site is optimized with the Yoast SEO plugin v27.5 - https:\/\/yoast.com\/product\/yoast-seo-wordpress\/ -->\n<title>Mondial d\u2019aviron\u00a0: L&rsquo;Alg\u00e9rie participera avec quatre athl\u00e8tes \u00a0 - La Sentinelle<\/title>\n<meta name=\"robots\" content=\"index, follow, max-snippet:-1, max-image-preview:large, max-video-preview:-1\" \/>\n<link rel=\"canonical\" href=\"https:\/\/lasentinelle.dz\/index.php\/2022\/08\/31\/mondial-daviron-lalgerie-participera-avec-quatre-athletes\/\" \/>\n<meta property=\"og:locale\" content=\"fr_FR\" \/>\n<meta property=\"og:type\" content=\"article\" \/>\n<meta property=\"og:title\" content=\"Mondial d\u2019aviron\u00a0: L&rsquo;Alg\u00e9rie participera avec quatre athl\u00e8tes \u00a0 - La Sentinelle\" \/>\n<meta property=\"og:description\" content=\"En pr\u00e9vision du&nbsp;mondial&nbsp;2022,&nbsp;la s\u00e9lection nation d\u2019aviron,&nbsp;encadr\u00e9e&nbsp;par l&rsquo;entraineur national, Riad Garidie,&nbsp;a achev\u00e9 hierau niveau de la base nautique du barrage de\" \/>\n<meta property=\"og:url\" content=\"https:\/\/lasentinelle.dz\/index.php\/2022\/08\/31\/mondial-daviron-lalgerie-participera-avec-quatre-athletes\/\" \/>\n<meta property=\"og:site_name\" content=\"La Sentinelle\" \/>\n<meta property=\"article:publisher\" content=\"https:\/\/www.facebook.com\/La-Sentinelle-104059864394773\" \/>\n<meta property=\"article:published_time\" content=\"2022-08-30T23:01:00+00:00\" \/>\n<meta property=\"og:image\" content=\"https:\/\/lasentinelle.dz\/wp-content\/uploads\/2022\/08\/aviron.png\" \/>\n\t<meta property=\"og:image:width\" content=\"1200\" \/>\n\t<meta property=\"og:image:height\" content=\"900\" \/>\n\t<meta property=\"og:image:type\" content=\"image\/png\" \/>\n<meta name=\"author\" content=\"La Sentinelle\" \/>\n<meta name=\"twitter:card\" content=\"summary_large_image\" \/>\n<meta name=\"twitter:label1\" content=\"\u00c9crit par\" \/>\n\t<meta name=\"twitter:data1\" content=\"La Sentinelle\" \/>\n\t<meta name=\"twitter:label2\" content=\"Dur\u00e9e de lecture estim\u00e9e\" \/>\n\t<meta name=\"twitter:data2\" content=\"2 minutes\" \/>\n<script type=\"application\/ld+json\" class=\"yoast-schema-graph\">{\"@context\":\"https:\\\/\\\/schema.org\",\"@graph\":[{\"@type\":\"Article\",\"@id\":\"https:\\\/\\\/lasentinelle.dz\\\/index.php\\\/2022\\\/08\\\/31\\\/mondial-daviron-lalgerie-participera-avec-quatre-athletes\\\/#article\",\"isPartOf\":{\"@id\":\"https:\\\/\\\/lasentinelle.dz\\\/index.php\\\/2022\\\/08\\\/31\\\/mondial-daviron-lalgerie-participera-avec-quatre-athletes\\\/\"},\"author\":{\"name\":\"La Sentinelle\",\"@id\":\"https:\\\/\\\/lasentinelle.dz\\\/#\\\/schema\\\/person\\\/d865044e22e70a75174ce8bcad3acfb3\"},\"headline\":\"Mondial d\u2019aviron\u00a0: L&rsquo;Alg\u00e9rie participera avec quatre athl\u00e8tes \u00a0\",\"datePublished\":\"2022-08-30T23:01:00+00:00\",\"mainEntityOfPage\":{\"@id\":\"https:\\\/\\\/lasentinelle.dz\\\/index.php\\\/2022\\\/08\\\/31\\\/mondial-daviron-lalgerie-participera-avec-quatre-athletes\\\/\"},\"wordCount\":434,\"commentCount\":0,\"publisher\":{\"@id\":\"https:\\\/\\\/lasentinelle.dz\\\/#organization\"},\"image\":{\"@id\":\"https:\\\/\\\/lasentinelle.dz\\\/index.php\\\/2022\\\/08\\\/31\\\/mondial-daviron-lalgerie-participera-avec-quatre-athletes\\\/#primaryimage\"},\"thumbnailUrl\":\"https:\\\/\\\/lasentinelle.dz\\\/wp-content\\\/uploads\\\/2022\\\/08\\\/aviron.png\",\"articleSection\":[\"Sports\"],\"inLanguage\":\"fr-FR\",\"potentialAction\":[{\"@type\":\"CommentAction\",\"name\":\"Comment\",\"target\":[\"https:\\\/\\\/lasentinelle.dz\\\/index.php\\\/2022\\\/08\\\/31\\\/mondial-daviron-lalgerie-participera-avec-quatre-athletes\\\/#respond\"]}]},{\"@type\":\"WebPage\",\"@id\":\"https:\\\/\\\/lasentinelle.dz\\\/index.php\\\/2022\\\/08\\\/31\\\/mondial-daviron-lalgerie-participera-avec-quatre-athletes\\\/\",\"url\":\"https:\\\/\\\/lasentinelle.dz\\\/index.php\\\/2022\\\/08\\\/31\\\/mondial-daviron-lalgerie-participera-avec-quatre-athletes\\\/\",\"name\":\"Mondial d\u2019aviron\u00a0: L&rsquo;Alg\u00e9rie participera avec quatre athl\u00e8tes \u00a0 - La Sentinelle\",\"isPartOf\":{\"@id\":\"https:\\\/\\\/lasentinelle.dz\\\/#website\"},\"primaryImageOfPage\":{\"@id\":\"https:\\\/\\\/lasentinelle.dz\\\/index.php\\\/2022\\\/08\\\/31\\\/mondial-daviron-lalgerie-participera-avec-quatre-athletes\\\/#primaryimage\"},\"image\":{\"@id\":\"https:\\\/\\\/lasentinelle.dz\\\/index.php\\\/2022\\\/08\\\/31\\\/mondial-daviron-lalgerie-participera-avec-quatre-athletes\\\/#primaryimage\"},\"thumbnailUrl\":\"https:\\\/\\\/lasentinelle.dz\\\/wp-content\\\/uploads\\\/2022\\\/08\\\/aviron.png\",\"datePublished\":\"2022-08-30T23:01:00+00:00\",\"breadcrumb\":{\"@id\":\"https:\\\/\\\/lasentinelle.dz\\\/index.php\\\/2022\\\/08\\\/31\\\/mondial-daviron-lalgerie-participera-avec-quatre-athletes\\\/#breadcrumb\"},\"inLanguage\":\"fr-FR\",\"potentialAction\":[{\"@type\":\"ReadAction\",\"target\":[\"https:\\\/\\\/lasentinelle.dz\\\/index.php\\\/2022\\\/08\\\/31\\\/mondial-daviron-lalgerie-participera-avec-quatre-athletes\\\/\"]}]},{\"@type\":\"ImageObject\",\"inLanguage\":\"fr-FR\",\"@id\":\"https:\\\/\\\/lasentinelle.dz\\\/index.php\\\/2022\\\/08\\\/31\\\/mondial-daviron-lalgerie-participera-avec-quatre-athletes\\\/#primaryimage\",\"url\":\"https:\\\/\\\/lasentinelle.dz\\\/wp-content\\\/uploads\\\/2022\\\/08\\\/aviron.png\",\"contentUrl\":\"https:\\\/\\\/lasentinelle.dz\\\/wp-content\\\/uploads\\\/2022\\\/08\\\/aviron.png\",\"width\":1200,\"height\":900},{\"@type\":\"BreadcrumbList\",\"@id\":\"https:\\\/\\\/lasentinelle.dz\\\/index.php\\\/2022\\\/08\\\/31\\\/mondial-daviron-lalgerie-participera-avec-quatre-athletes\\\/#breadcrumb\",\"itemListElement\":[{\"@type\":\"ListItem\",\"position\":1,\"name\":\"Accueil\",\"item\":\"https:\\\/\\\/lasentinelle.dz\\\/\"},{\"@type\":\"ListItem\",\"position\":2,\"name\":\"Mondial d\u2019aviron\u00a0: L&rsquo;Alg\u00e9rie participera avec quatre athl\u00e8tes \u00a0\"}]},{\"@type\":\"WebSite\",\"@id\":\"https:\\\/\\\/lasentinelle.dz\\\/#website\",\"url\":\"https:\\\/\\\/lasentinelle.dz\\\/\",\"name\":\"La Sentinelle\",\"description\":\"Quotidien national d&#039;information\",\"publisher\":{\"@id\":\"https:\\\/\\\/lasentinelle.dz\\\/#organization\"},\"potentialAction\":[{\"@type\":\"SearchAction\",\"target\":{\"@type\":\"EntryPoint\",\"urlTemplate\":\"https:\\\/\\\/lasentinelle.dz\\\/?s={search_term_string}\"},\"query-input\":{\"@type\":\"PropertyValueSpecification\",\"valueRequired\":true,\"valueName\":\"search_term_string\"}}],\"inLanguage\":\"fr-FR\"},{\"@type\":\"Organization\",\"@id\":\"https:\\\/\\\/lasentinelle.dz\\\/#organization\",\"name\":\"Quotidien La Sentinelle\",\"url\":\"https:\\\/\\\/lasentinelle.dz\\\/\",\"logo\":{\"@type\":\"ImageObject\",\"inLanguage\":\"fr-FR\",\"@id\":\"https:\\\/\\\/lasentinelle.dz\\\/#\\\/schema\\\/logo\\\/image\\\/\",\"url\":\"https:\\\/\\\/lasentinelle.dz\\\/wp-content\\\/uploads\\\/2021\\\/09\\\/logo-sentinelleSLOGAN-1.png\",\"contentUrl\":\"https:\\\/\\\/lasentinelle.dz\\\/wp-content\\\/uploads\\\/2021\\\/09\\\/logo-sentinelleSLOGAN-1.png\",\"width\":615,\"height\":142,\"caption\":\"Quotidien La Sentinelle\"},\"image\":{\"@id\":\"https:\\\/\\\/lasentinelle.dz\\\/#\\\/schema\\\/logo\\\/image\\\/\"},\"sameAs\":[\"https:\\\/\\\/www.facebook.com\\\/La-Sentinelle-104059864394773\"]},{\"@type\":\"Person\",\"@id\":\"https:\\\/\\\/lasentinelle.dz\\\/#\\\/schema\\\/person\\\/d865044e22e70a75174ce8bcad3acfb3\",\"name\":\"La Sentinelle\",\"image\":{\"@type\":\"ImageObject\",\"inLanguage\":\"fr-FR\",\"@id\":\"https:\\\/\\\/secure.gravatar.com\\\/avatar\\\/57de8e5d4b15d43fb361a71fbb36338450fe67865b528a43dd10ef7c51a20392?s=96&d=mm&r=g\",\"url\":\"https:\\\/\\\/secure.gravatar.com\\\/avatar\\\/57de8e5d4b15d43fb361a71fbb36338450fe67865b528a43dd10ef7c51a20392?s=96&d=mm&r=g\",\"contentUrl\":\"https:\\\/\\\/secure.gravatar.com\\\/avatar\\\/57de8e5d4b15d43fb361a71fbb36338450fe67865b528a43dd10ef7c51a20392?s=96&d=mm&r=g\",\"caption\":\"La Sentinelle\"},\"sameAs\":[\"http:\\\/\\\/www.lasentinelle.dz\"],\"url\":\"https:\\\/\\\/lasentinelle.dz\\\/author\\\/redaction\\\/\"}]}<\/script>\n<!-- \/ Yoast SEO plugin. -->","yoast_head_json":{"title":"Mondial d\u2019aviron\u00a0: L&rsquo;Alg\u00e9rie participera avec quatre athl\u00e8tes \u00a0 - La Sentinelle","robots":{"index":"index","follow":"follow","max-snippet":"max-snippet:-1","max-image-preview":"max-image-preview:large","max-video-preview":"max-video-preview:-1"},"canonical":"https:\/\/lasentinelle.dz\/index.php\/2022\/08\/31\/mondial-daviron-lalgerie-participera-avec-quatre-athletes\/","og_locale":"fr_FR","og_type":"article","og_title":"Mondial d\u2019aviron\u00a0: L&rsquo;Alg\u00e9rie participera avec quatre athl\u00e8tes \u00a0 - La Sentinelle","og_description":"En pr\u00e9vision du&nbsp;mondial&nbsp;2022,&nbsp;la s\u00e9lection nation d\u2019aviron,&nbsp;encadr\u00e9e&nbsp;par l&rsquo;entraineur national, Riad Garidie,&nbsp;a achev\u00e9 hierau niveau de la base nautique du barrage de","og_url":"https:\/\/lasentinelle.dz\/index.php\/2022\/08\/31\/mondial-daviron-lalgerie-participera-avec-quatre-athletes\/","og_site_name":"La Sentinelle","article_publisher":"https:\/\/www.facebook.com\/La-Sentinelle-104059864394773","article_published_time":"2022-08-30T23:01:00+00:00","og_image":[{"width":1200,"height":900,"url":"https:\/\/lasentinelle.dz\/wp-content\/uploads\/2022\/08\/aviron.png","type":"image\/png"}],"author":"La Sentinelle","twitter_card":"summary_large_image","twitter_misc":{"\u00c9crit par":"La Sentinelle","Dur\u00e9e de lecture estim\u00e9e":"2 minutes"},"schema":{"@context":"https:\/\/schema.org","@graph":[{"@type":"Article","@id":"https:\/\/lasentinelle.dz\/index.php\/2022\/08\/31\/mondial-daviron-lalgerie-participera-avec-quatre-athletes\/#article","isPartOf":{"@id":"https:\/\/lasentinelle.dz\/index.php\/2022\/08\/31\/mondial-daviron-lalgerie-participera-avec-quatre-athletes\/"},"author":{"name":"La Sentinelle","@id":"https:\/\/lasentinelle.dz\/#\/schema\/person\/d865044e22e70a75174ce8bcad3acfb3"},"headline":"Mondial d\u2019aviron\u00a0: L&rsquo;Alg\u00e9rie participera avec quatre athl\u00e8tes \u00a0","datePublished":"2022-08-30T23:01:00+00:00","mainEntityOfPage":{"@id":"https:\/\/lasentinelle.dz\/index.php\/2022\/08\/31\/mondial-daviron-lalgerie-participera-avec-quatre-athletes\/"},"wordCount":434,"commentCount":0,"publisher":{"@id":"https:\/\/lasentinelle.dz\/#organization"},"image":{"@id":"https:\/\/lasentinelle.dz\/index.php\/2022\/08\/31\/mondial-daviron-lalgerie-participera-avec-quatre-athletes\/#primaryimage"},"thumbnailUrl":"https:\/\/lasentinelle.dz\/wp-content\/uploads\/2022\/08\/aviron.png","articleSection":["Sports"],"inLanguage":"fr-FR","potentialAction":[{"@type":"CommentAction","name":"Comment","target":["https:\/\/lasentinelle.dz\/index.php\/2022\/08\/31\/mondial-daviron-lalgerie-participera-avec-quatre-athletes\/#respond"]}]},{"@type":"WebPage","@id":"https:\/\/lasentinelle.dz\/index.php\/2022\/08\/31\/mondial-daviron-lalgerie-participera-avec-quatre-athletes\/","url":"https:\/\/lasentinelle.dz\/index.php\/2022\/08\/31\/mondial-daviron-lalgerie-participera-avec-quatre-athletes\/","name":"Mondial d\u2019aviron\u00a0: L&rsquo;Alg\u00e9rie participera avec quatre athl\u00e8tes \u00a0 - La Sentinelle","isPartOf":{"@id":"https:\/\/lasentinelle.dz\/#website"},"primaryImageOfPage":{"@id":"https:\/\/lasentinelle.dz\/index.php\/2022\/08\/31\/mondial-daviron-lalgerie-participera-avec-quatre-athletes\/#primaryimage"},"image":{"@id":"https:\/\/lasentinelle.dz\/index.php\/2022\/08\/31\/mondial-daviron-lalgerie-participera-avec-quatre-athletes\/#primaryimage"},"thumbnailUrl":"https:\/\/lasentinelle.dz\/wp-content\/uploads\/2022\/08\/aviron.png","datePublished":"2022-08-30T23:01:00+00:00","breadcrumb":{"@id":"https:\/\/lasentinelle.dz\/index.php\/2022\/08\/31\/mondial-daviron-lalgerie-participera-avec-quatre-athletes\/#breadcrumb"},"inLanguage":"fr-FR","potentialAction":[{"@type":"ReadAction","target":["https:\/\/lasentinelle.dz\/index.php\/2022\/08\/31\/mondial-daviron-lalgerie-participera-avec-quatre-athletes\/"]}]},{"@type":"ImageObject","inLanguage":"fr-FR","@id":"https:\/\/lasentinelle.dz\/index.php\/2022\/08\/31\/mondial-daviron-lalgerie-participera-avec-quatre-athletes\/#primaryimage","url":"https:\/\/lasentinelle.dz\/wp-content\/uploads\/2022\/08\/aviron.png","contentUrl":"https:\/\/lasentinelle.dz\/wp-content\/uploads\/2022\/08\/aviron.png","width":1200,"height":900},{"@type":"BreadcrumbList","@id":"https:\/\/lasentinelle.dz\/index.php\/2022\/08\/31\/mondial-daviron-lalgerie-participera-avec-quatre-athletes\/#breadcrumb","itemListElement":[{"@type":"ListItem","position":1,"name":"Accueil","item":"https:\/\/lasentinelle.dz\/"},{"@type":"ListItem","position":2,"name":"Mondial d\u2019aviron\u00a0: L&rsquo;Alg\u00e9rie participera avec quatre athl\u00e8tes \u00a0"}]},{"@type":"WebSite","@id":"https:\/\/lasentinelle.dz\/#website","url":"https:\/\/lasentinelle.dz\/","name":"La Sentinelle","description":"Quotidien national d&#039;information","publisher":{"@id":"https:\/\/lasentinelle.dz\/#organization"},"potentialAction":[{"@type":"SearchAction","target":{"@type":"EntryPoint","urlTemplate":"https:\/\/lasentinelle.dz\/?s={search_term_string}"},"query-input":{"@type":"PropertyValueSpecification","valueRequired":true,"valueName":"search_term_string"}}],"inLanguage":"fr-FR"},{"@type":"Organization","@id":"https:\/\/lasentinelle.dz\/#organization","name":"Quotidien La Sentinelle","url":"https:\/\/lasentinelle.dz\/","logo":{"@type":"ImageObject","inLanguage":"fr-FR","@id":"https:\/\/lasentinelle.dz\/#\/schema\/logo\/image\/","url":"https:\/\/lasentinelle.dz\/wp-content\/uploads\/2021\/09\/logo-sentinelleSLOGAN-1.png","contentUrl":"https:\/\/lasentinelle.dz\/wp-content\/uploads\/2021\/09\/logo-sentinelleSLOGAN-1.png","width":615,"height":142,"caption":"Quotidien La Sentinelle"},"image":{"@id":"https:\/\/lasentinelle.dz\/#\/schema\/logo\/image\/"},"sameAs":["https:\/\/www.facebook.com\/La-Sentinelle-104059864394773"]},{"@type":"Person","@id":"https:\/\/lasentinelle.dz\/#\/schema\/person\/d865044e22e70a75174ce8bcad3acfb3","name":"La Sentinelle","image":{"@type":"ImageObject","inLanguage":"fr-FR","@id":"https:\/\/secure.gravatar.com\/avatar\/57de8e5d4b15d43fb361a71fbb36338450fe67865b528a43dd10ef7c51a20392?s=96&d=mm&r=g","url":"https:\/\/secure.gravatar.com\/avatar\/57de8e5d4b15d43fb361a71fbb36338450fe67865b528a43dd10ef7c51a20392?s=96&d=mm&r=g","contentUrl":"https:\/\/secure.gravatar.com\/avatar\/57de8e5d4b15d43fb361a71fbb36338450fe67865b528a43dd10ef7c51a20392?s=96&d=mm&r=g","caption":"La Sentinelle"},"sameAs":["http:\/\/www.lasentinelle.dz"],"url":"https:\/\/lasentinelle.dz\/author\/redaction\/"}]}},"_links":{"self":[{"href":"https:\/\/lasentinelle.dz\/index.php\/wp-json\/wp\/v2\/posts\/26596","targetHints":{"allow":["GET"]}}],"collection":[{"href":"https:\/\/lasentinelle.dz\/index.php\/wp-json\/wp\/v2\/posts"}],"about":[{"href":"https:\/\/lasentinelle.dz\/index.php\/wp-json\/wp\/v2\/types\/post"}],"author":[{"embeddable":true,"href":"https:\/\/lasentinelle.dz\/index.php\/wp-json\/wp\/v2\/users\/3"}],"replies":[{"embeddable":true,"href":"https:\/\/lasentinelle.dz\/index.php\/wp-json\/wp\/v2\/comments?post=26596"}],"version-history":[{"count":1,"href":"https:\/\/lasentinelle.dz\/index.php\/wp-json\/wp\/v2\/posts\/26596\/revisions"}],"predecessor-version":[{"id":26614,"href":"https:\/\/lasentinelle.dz\/index.php\/wp-json\/wp\/v2\/posts\/26596\/revisions\/26614"}],"wp:featuredmedia":[{"embeddable":true,"href":"https:\/\/lasentinelle.dz\/index.php\/wp-json\/wp\/v2\/media\/26613"}],"wp:attachment":[{"href":"https:\/\/lasentinelle.dz\/index.php\/wp-json\/wp\/v2\/media?parent=26596"}],"wp:term":[{"taxonomy":"category","embeddable":true,"href":"https:\/\/lasentinelle.dz\/index.php\/wp-json\/wp\/v2\/categories?post=26596"},{"taxonomy":"post_tag","embeddable":true,"href":"https:\/\/lasentinelle.dz\/index.php\/wp-json\/wp\/v2\/tags?post=26596"}],"curies":[{"name":"wp","href":"https:\/\/api.w.org\/{rel}","templated":true}]}}