{"id":26634,"date":"2022-08-31T00:05:00","date_gmt":"2022-08-30T23:05:00","guid":{"rendered":"https:\/\/lasentinelle.dz\/?p=26634"},"modified":"2022-08-30T19:42:13","modified_gmt":"2022-08-30T18:42:13","slug":"mouvement-dans-les-corps-de-la-magistrature-un-procureur-specialise-dans-la-lutte-contre-la-corruption-pour-la-cour-doran","status":"publish","type":"post","link":"https:\/\/lasentinelle.dz\/index.php\/2022\/08\/31\/mouvement-dans-les-corps-de-la-magistrature-un-procureur-specialise-dans-la-lutte-contre-la-corruption-pour-la-cour-doran\/","title":{"rendered":"Mouvement dans les corps de la magistrature\u00a0: Un procureur sp\u00e9cialis\u00e9 dans la lutte contre la corruption pour la Cour d\u2019Oran"},"content":{"rendered":"\n<p>A la faveur du dernier mouvement&nbsp;dans le corps de la magistrature, Omar Guenaoui, vient d\u2019\u00eatre d\u00e9sign\u00e9 en qualit\u00e9 de procureur g\u00e9n\u00e9ral pr\u00e8s la Cour d\u2019Oran. Son nom est intimement li\u00e9 \u00e0 la lutte contre la corruption dans toutes ses formes. Ayant \u00e0 peine pris la toge&nbsp;d\u2019avocat g\u00e9n\u00e9ral, Omar Guenaoui a occup\u00e9 plusieurs postes, dont notamment celui du&nbsp;&nbsp;procureur du tribunal de premi\u00e8re instance d\u2019Arzew,&nbsp;\u00e0&nbsp;l\u2019est d\u2019Oran, o\u00f9&nbsp;il a eu \u00e0 traiter plusieurs affaires li\u00e9es \u00e0 la lutte contre la criminalit\u00e9 et la lutte contre le trafic de drogue, sachant que la wilaya d\u2019Oran est devenue ces derni\u00e8res ann\u00e9es la plaque tournante du trafic des stup\u00e9fiants. Il a requis plusieurs dizaines de sentences \u00e0 l\u2019\u00e9gard des individus cit\u00e9s dans des affaires li\u00e9es aux diff\u00e9rentes formes de criminalit\u00e9. Cependant, Omar Guenaoui a brill\u00e9 lors de l\u2019affaire Banque Commerciale Industrielle (BCIIA) des Kherroubi, reposant sur le chef d\u2019inculpation li\u00e9 \u00e0 la dilapidation de 13.2 milliards de dinars. Cette affaire a \u00e9t\u00e9 trait\u00e9e du temps de Belkacem Zeghmati, procureur g\u00e9n\u00e9ral de la cour d\u2019Oran, d\u00e9barquant, lui aussi, en 2003 de la Cour de S\u00e9tif. Citant au d\u00e9part 43 individus, elle a commenc\u00e9 par un bateau de sucre bloqu\u00e9 en septembre 2003 au port d\u2019Oran, et ce sur d\u00e9cision de justice. Son importateur, Addou Samir, \u00e9tait redevable de 400 milliards de centimes qu\u2019il devait&nbsp;rembourser, par le truchement de la BCIA, \u00e0 la Banque Ext\u00e9rieure d\u2019Algerie, BEA. Ce fut l\u2019\u00e9clatement de l\u2019affaire, d\u2019autant plus que la BCIA s\u2019est oppos\u00e9e au remboursement de la BEA via la chambre de compensation de la Banque centrale pr\u00e9textant que la BEA&nbsp;aurait&nbsp;accus\u00e9 un retard en r\u00e9clamant son d\u00fb. Il aura fallu plus de 03 ans d\u2019instruction pour que la chambre d\u2019accusation d\u00e9cide d\u2019ouvrir le proc\u00e8s \u00e0 la fin du mois de janvier 2007. Dans cette affaire, le greffier a mis plus d\u2019une journ\u00e9e dans la lecture document d\u2019accusation, devant une assistance record. Le proc\u00e8s \u00e0 dur\u00e9 plus d\u2019un mois, \u00e0 l\u2019issue duquel Omar Guenaoui, pronon\u00e7ant son plaidoyer, a qualifi\u00e9 les accus\u00e9s \u00abd\u2019une bande\u00bb constituant une toile d\u2019araign\u00e9e&nbsp;dont il est&nbsp;difficile \u00e0 percer le secret\u00bb. Car, a-t-il argument\u00e9 lors de son r\u00e9quisitoire, \u00abil aura suffit d\u2019un bout de papier, la traite, vendue dans les kiosques et \u00abavalis\u00e9e par la BCIA et sans aucune garantie en contrepartie pour que \u00abd\u2019importantes sommes d\u2019argents soient retir\u00e9es de l\u2019agence de la BEA sise \u00e0 la rue Yougoslavie \u00e0 Mediouni et de celle de Sig dans la wilaya de Mascara, gr\u00e2ce \u00e0 la complicit\u00e9 de plusieurs cadres des deux agences, en particulier l\u2019ancien directeur de l\u2019agence de Mediouni,&nbsp;Adda Larbi. En fait, cette affaire \u00e9tait sur le point de charrier dans son sillage l\u2019ancien directeur r\u00e9gional de la BEA, Djamel Baghdadi. Ayant eu vent des tractations se tramant \u00e0 son insu et sous l\u2019ombre, l\u2019ex directeur r\u00e9gional s\u2019en est imm\u00e9diatement remis \u00e0 sa direction g\u00e9n\u00e9rale \u00e0 Alger avant qu\u2019un d\u00e9p\u00f4t de plainte ne soit d\u00e9cid\u00e9 et d\u00e9p\u00each\u00e9 un groupe d\u2019avocats pour se constituer partie civile. Cette affaire a par la suite pris d\u2019autres tournures en prenant le sceau du blanchiment d\u2019argent et dans laquelle&nbsp;avaient \u00e9t\u00e9&nbsp;poursuivis, outre les mis en cause jug\u00e9s en 2007 par le tribunal criminel d\u2019Oran, des membres de leurs familles.<\/p>\n\n\n\n<p><strong>Salim Abdenour<\/strong><\/p>\n","protected":false},"excerpt":{"rendered":"<p>A la faveur du dernier mouvement&nbsp;dans le corps de la magistrature, Omar Guenaoui, vient d\u2019\u00eatre d\u00e9sign\u00e9 en qualit\u00e9 de procureur<\/p>\n","protected":false},"author":3,"featured_media":26638,"comment_status":"open","ping_status":"closed","sticky":false,"template":"","format":"standard","meta":{"colormag_page_container_layout":"default_layout","colormag_page_sidebar_layout":"default_layout","om_disable_all_campaigns":false,"_monsterinsights_skip_tracking":false,"_monsterinsights_sitenote_active":false,"_monsterinsights_sitenote_note":"","_monsterinsights_sitenote_category":0,"footnotes":"","_wpscppro_dont_share_socialmedia":false,"_wpscppro_custom_social_share_image":0,"_facebook_share_type":"","_twitter_share_type":"","_linkedin_share_type":"","_pinterest_share_type":"","_linkedin_share_type_page":"","_instagram_share_type":"","_medium_share_type":"","_threads_share_type":"","_google_business_share_type":"","_selected_social_profile":[],"_wpsp_enable_custom_social_template":false,"_wpsp_social_scheduling":{"enabled":false,"datetime":null,"platforms":[],"status":"template_only","dateOption":"today","timeOption":"now","customDays":"","customHours":"","customDate":"","customTime":"","schedulingType":"absolute"},"_wpsp_active_default_template":true},"categories":[27],"tags":[],"class_list":["post-26634","post","type-post","status-publish","format-standard","has-post-thumbnail","hentry","category-actualite"],"aioseo_notices":[],"yoast_head":"<!-- This site is optimized with the Yoast SEO plugin v27.5 - https:\/\/yoast.com\/product\/yoast-seo-wordpress\/ -->\n<title>Mouvement dans les corps de la magistrature\u00a0: Un procureur sp\u00e9cialis\u00e9 dans la lutte contre la corruption pour la Cour d\u2019Oran - La Sentinelle<\/title>\n<meta name=\"robots\" content=\"index, follow, max-snippet:-1, max-image-preview:large, max-video-preview:-1\" \/>\n<link rel=\"canonical\" href=\"https:\/\/lasentinelle.dz\/index.php\/2022\/08\/31\/mouvement-dans-les-corps-de-la-magistrature-un-procureur-specialise-dans-la-lutte-contre-la-corruption-pour-la-cour-doran\/\" \/>\n<meta property=\"og:locale\" content=\"fr_FR\" \/>\n<meta property=\"og:type\" content=\"article\" \/>\n<meta property=\"og:title\" content=\"Mouvement dans les corps de la magistrature\u00a0: Un procureur sp\u00e9cialis\u00e9 dans la lutte contre la corruption pour la Cour d\u2019Oran - La Sentinelle\" \/>\n<meta property=\"og:description\" content=\"A la faveur du dernier mouvement&nbsp;dans le corps de la magistrature, Omar Guenaoui, vient d\u2019\u00eatre d\u00e9sign\u00e9 en qualit\u00e9 de procureur\" \/>\n<meta property=\"og:url\" content=\"https:\/\/lasentinelle.dz\/index.php\/2022\/08\/31\/mouvement-dans-les-corps-de-la-magistrature-un-procureur-specialise-dans-la-lutte-contre-la-corruption-pour-la-cour-doran\/\" \/>\n<meta property=\"og:site_name\" content=\"La Sentinelle\" \/>\n<meta property=\"article:publisher\" content=\"https:\/\/www.facebook.com\/La-Sentinelle-104059864394773\" \/>\n<meta property=\"article:published_time\" content=\"2022-08-30T23:05:00+00:00\" \/>\n<meta property=\"og:image\" content=\"https:\/\/lasentinelle.dz\/wp-content\/uploads\/2022\/08\/magistrats-algerie-1.png\" \/>\n\t<meta property=\"og:image:width\" content=\"1260\" \/>\n\t<meta property=\"og:image:height\" content=\"900\" \/>\n\t<meta property=\"og:image:type\" content=\"image\/png\" \/>\n<meta name=\"author\" content=\"La Sentinelle\" \/>\n<meta name=\"twitter:card\" content=\"summary_large_image\" \/>\n<meta name=\"twitter:label1\" content=\"\u00c9crit par\" \/>\n\t<meta name=\"twitter:data1\" content=\"La Sentinelle\" \/>\n\t<meta name=\"twitter:label2\" content=\"Dur\u00e9e de lecture estim\u00e9e\" \/>\n\t<meta name=\"twitter:data2\" content=\"3 minutes\" \/>\n<script type=\"application\/ld+json\" class=\"yoast-schema-graph\">{\"@context\":\"https:\\\/\\\/schema.org\",\"@graph\":[{\"@type\":\"Article\",\"@id\":\"https:\\\/\\\/lasentinelle.dz\\\/index.php\\\/2022\\\/08\\\/31\\\/mouvement-dans-les-corps-de-la-magistrature-un-procureur-specialise-dans-la-lutte-contre-la-corruption-pour-la-cour-doran\\\/#article\",\"isPartOf\":{\"@id\":\"https:\\\/\\\/lasentinelle.dz\\\/index.php\\\/2022\\\/08\\\/31\\\/mouvement-dans-les-corps-de-la-magistrature-un-procureur-specialise-dans-la-lutte-contre-la-corruption-pour-la-cour-doran\\\/\"},\"author\":{\"name\":\"La Sentinelle\",\"@id\":\"https:\\\/\\\/lasentinelle.dz\\\/#\\\/schema\\\/person\\\/d865044e22e70a75174ce8bcad3acfb3\"},\"headline\":\"Mouvement dans les corps de la magistrature\u00a0: Un procureur sp\u00e9cialis\u00e9 dans la lutte contre la corruption pour la Cour d\u2019Oran\",\"datePublished\":\"2022-08-30T23:05:00+00:00\",\"mainEntityOfPage\":{\"@id\":\"https:\\\/\\\/lasentinelle.dz\\\/index.php\\\/2022\\\/08\\\/31\\\/mouvement-dans-les-corps-de-la-magistrature-un-procureur-specialise-dans-la-lutte-contre-la-corruption-pour-la-cour-doran\\\/\"},\"wordCount\":638,\"commentCount\":0,\"publisher\":{\"@id\":\"https:\\\/\\\/lasentinelle.dz\\\/#organization\"},\"image\":{\"@id\":\"https:\\\/\\\/lasentinelle.dz\\\/index.php\\\/2022\\\/08\\\/31\\\/mouvement-dans-les-corps-de-la-magistrature-un-procureur-specialise-dans-la-lutte-contre-la-corruption-pour-la-cour-doran\\\/#primaryimage\"},\"thumbnailUrl\":\"https:\\\/\\\/lasentinelle.dz\\\/wp-content\\\/uploads\\\/2022\\\/08\\\/magistrats-algerie-1.png\",\"articleSection\":[\"Actualit\u00e9\"],\"inLanguage\":\"fr-FR\",\"potentialAction\":[{\"@type\":\"CommentAction\",\"name\":\"Comment\",\"target\":[\"https:\\\/\\\/lasentinelle.dz\\\/index.php\\\/2022\\\/08\\\/31\\\/mouvement-dans-les-corps-de-la-magistrature-un-procureur-specialise-dans-la-lutte-contre-la-corruption-pour-la-cour-doran\\\/#respond\"]}]},{\"@type\":\"WebPage\",\"@id\":\"https:\\\/\\\/lasentinelle.dz\\\/index.php\\\/2022\\\/08\\\/31\\\/mouvement-dans-les-corps-de-la-magistrature-un-procureur-specialise-dans-la-lutte-contre-la-corruption-pour-la-cour-doran\\\/\",\"url\":\"https:\\\/\\\/lasentinelle.dz\\\/index.php\\\/2022\\\/08\\\/31\\\/mouvement-dans-les-corps-de-la-magistrature-un-procureur-specialise-dans-la-lutte-contre-la-corruption-pour-la-cour-doran\\\/\",\"name\":\"Mouvement dans les corps de la magistrature\u00a0: Un procureur sp\u00e9cialis\u00e9 dans la lutte contre la corruption pour la Cour d\u2019Oran - La Sentinelle\",\"isPartOf\":{\"@id\":\"https:\\\/\\\/lasentinelle.dz\\\/#website\"},\"primaryImageOfPage\":{\"@id\":\"https:\\\/\\\/lasentinelle.dz\\\/index.php\\\/2022\\\/08\\\/31\\\/mouvement-dans-les-corps-de-la-magistrature-un-procureur-specialise-dans-la-lutte-contre-la-corruption-pour-la-cour-doran\\\/#primaryimage\"},\"image\":{\"@id\":\"https:\\\/\\\/lasentinelle.dz\\\/index.php\\\/2022\\\/08\\\/31\\\/mouvement-dans-les-corps-de-la-magistrature-un-procureur-specialise-dans-la-lutte-contre-la-corruption-pour-la-cour-doran\\\/#primaryimage\"},\"thumbnailUrl\":\"https:\\\/\\\/lasentinelle.dz\\\/wp-content\\\/uploads\\\/2022\\\/08\\\/magistrats-algerie-1.png\",\"datePublished\":\"2022-08-30T23:05:00+00:00\",\"breadcrumb\":{\"@id\":\"https:\\\/\\\/lasentinelle.dz\\\/index.php\\\/2022\\\/08\\\/31\\\/mouvement-dans-les-corps-de-la-magistrature-un-procureur-specialise-dans-la-lutte-contre-la-corruption-pour-la-cour-doran\\\/#breadcrumb\"},\"inLanguage\":\"fr-FR\",\"potentialAction\":[{\"@type\":\"ReadAction\",\"target\":[\"https:\\\/\\\/lasentinelle.dz\\\/index.php\\\/2022\\\/08\\\/31\\\/mouvement-dans-les-corps-de-la-magistrature-un-procureur-specialise-dans-la-lutte-contre-la-corruption-pour-la-cour-doran\\\/\"]}]},{\"@type\":\"ImageObject\",\"inLanguage\":\"fr-FR\",\"@id\":\"https:\\\/\\\/lasentinelle.dz\\\/index.php\\\/2022\\\/08\\\/31\\\/mouvement-dans-les-corps-de-la-magistrature-un-procureur-specialise-dans-la-lutte-contre-la-corruption-pour-la-cour-doran\\\/#primaryimage\",\"url\":\"https:\\\/\\\/lasentinelle.dz\\\/wp-content\\\/uploads\\\/2022\\\/08\\\/magistrats-algerie-1.png\",\"contentUrl\":\"https:\\\/\\\/lasentinelle.dz\\\/wp-content\\\/uploads\\\/2022\\\/08\\\/magistrats-algerie-1.png\",\"width\":1260,\"height\":900},{\"@type\":\"BreadcrumbList\",\"@id\":\"https:\\\/\\\/lasentinelle.dz\\\/index.php\\\/2022\\\/08\\\/31\\\/mouvement-dans-les-corps-de-la-magistrature-un-procureur-specialise-dans-la-lutte-contre-la-corruption-pour-la-cour-doran\\\/#breadcrumb\",\"itemListElement\":[{\"@type\":\"ListItem\",\"position\":1,\"name\":\"Accueil\",\"item\":\"https:\\\/\\\/lasentinelle.dz\\\/\"},{\"@type\":\"ListItem\",\"position\":2,\"name\":\"Mouvement dans les corps de la magistrature\u00a0: Un procureur sp\u00e9cialis\u00e9 dans la lutte contre la corruption pour la Cour d\u2019Oran\"}]},{\"@type\":\"WebSite\",\"@id\":\"https:\\\/\\\/lasentinelle.dz\\\/#website\",\"url\":\"https:\\\/\\\/lasentinelle.dz\\\/\",\"name\":\"La Sentinelle\",\"description\":\"Quotidien national d&#039;information\",\"publisher\":{\"@id\":\"https:\\\/\\\/lasentinelle.dz\\\/#organization\"},\"potentialAction\":[{\"@type\":\"SearchAction\",\"target\":{\"@type\":\"EntryPoint\",\"urlTemplate\":\"https:\\\/\\\/lasentinelle.dz\\\/?s={search_term_string}\"},\"query-input\":{\"@type\":\"PropertyValueSpecification\",\"valueRequired\":true,\"valueName\":\"search_term_string\"}}],\"inLanguage\":\"fr-FR\"},{\"@type\":\"Organization\",\"@id\":\"https:\\\/\\\/lasentinelle.dz\\\/#organization\",\"name\":\"Quotidien La Sentinelle\",\"url\":\"https:\\\/\\\/lasentinelle.dz\\\/\",\"logo\":{\"@type\":\"ImageObject\",\"inLanguage\":\"fr-FR\",\"@id\":\"https:\\\/\\\/lasentinelle.dz\\\/#\\\/schema\\\/logo\\\/image\\\/\",\"url\":\"https:\\\/\\\/lasentinelle.dz\\\/wp-content\\\/uploads\\\/2021\\\/09\\\/logo-sentinelleSLOGAN-1.png\",\"contentUrl\":\"https:\\\/\\\/lasentinelle.dz\\\/wp-content\\\/uploads\\\/2021\\\/09\\\/logo-sentinelleSLOGAN-1.png\",\"width\":615,\"height\":142,\"caption\":\"Quotidien La Sentinelle\"},\"image\":{\"@id\":\"https:\\\/\\\/lasentinelle.dz\\\/#\\\/schema\\\/logo\\\/image\\\/\"},\"sameAs\":[\"https:\\\/\\\/www.facebook.com\\\/La-Sentinelle-104059864394773\"]},{\"@type\":\"Person\",\"@id\":\"https:\\\/\\\/lasentinelle.dz\\\/#\\\/schema\\\/person\\\/d865044e22e70a75174ce8bcad3acfb3\",\"name\":\"La Sentinelle\",\"image\":{\"@type\":\"ImageObject\",\"inLanguage\":\"fr-FR\",\"@id\":\"https:\\\/\\\/secure.gravatar.com\\\/avatar\\\/57de8e5d4b15d43fb361a71fbb36338450fe67865b528a43dd10ef7c51a20392?s=96&d=mm&r=g\",\"url\":\"https:\\\/\\\/secure.gravatar.com\\\/avatar\\\/57de8e5d4b15d43fb361a71fbb36338450fe67865b528a43dd10ef7c51a20392?s=96&d=mm&r=g\",\"contentUrl\":\"https:\\\/\\\/secure.gravatar.com\\\/avatar\\\/57de8e5d4b15d43fb361a71fbb36338450fe67865b528a43dd10ef7c51a20392?s=96&d=mm&r=g\",\"caption\":\"La Sentinelle\"},\"sameAs\":[\"http:\\\/\\\/www.lasentinelle.dz\"],\"url\":\"https:\\\/\\\/lasentinelle.dz\\\/author\\\/redaction\\\/\"}]}<\/script>\n<!-- \/ Yoast SEO plugin. -->","yoast_head_json":{"title":"Mouvement dans les corps de la magistrature\u00a0: Un procureur sp\u00e9cialis\u00e9 dans la lutte contre la corruption pour la Cour d\u2019Oran - La Sentinelle","robots":{"index":"index","follow":"follow","max-snippet":"max-snippet:-1","max-image-preview":"max-image-preview:large","max-video-preview":"max-video-preview:-1"},"canonical":"https:\/\/lasentinelle.dz\/index.php\/2022\/08\/31\/mouvement-dans-les-corps-de-la-magistrature-un-procureur-specialise-dans-la-lutte-contre-la-corruption-pour-la-cour-doran\/","og_locale":"fr_FR","og_type":"article","og_title":"Mouvement dans les corps de la magistrature\u00a0: Un procureur sp\u00e9cialis\u00e9 dans la lutte contre la corruption pour la Cour d\u2019Oran - La Sentinelle","og_description":"A la faveur du dernier mouvement&nbsp;dans le corps de la magistrature, Omar Guenaoui, vient d\u2019\u00eatre d\u00e9sign\u00e9 en qualit\u00e9 de procureur","og_url":"https:\/\/lasentinelle.dz\/index.php\/2022\/08\/31\/mouvement-dans-les-corps-de-la-magistrature-un-procureur-specialise-dans-la-lutte-contre-la-corruption-pour-la-cour-doran\/","og_site_name":"La Sentinelle","article_publisher":"https:\/\/www.facebook.com\/La-Sentinelle-104059864394773","article_published_time":"2022-08-30T23:05:00+00:00","og_image":[{"width":1260,"height":900,"url":"https:\/\/lasentinelle.dz\/wp-content\/uploads\/2022\/08\/magistrats-algerie-1.png","type":"image\/png"}],"author":"La Sentinelle","twitter_card":"summary_large_image","twitter_misc":{"\u00c9crit par":"La Sentinelle","Dur\u00e9e de lecture estim\u00e9e":"3 minutes"},"schema":{"@context":"https:\/\/schema.org","@graph":[{"@type":"Article","@id":"https:\/\/lasentinelle.dz\/index.php\/2022\/08\/31\/mouvement-dans-les-corps-de-la-magistrature-un-procureur-specialise-dans-la-lutte-contre-la-corruption-pour-la-cour-doran\/#article","isPartOf":{"@id":"https:\/\/lasentinelle.dz\/index.php\/2022\/08\/31\/mouvement-dans-les-corps-de-la-magistrature-un-procureur-specialise-dans-la-lutte-contre-la-corruption-pour-la-cour-doran\/"},"author":{"name":"La Sentinelle","@id":"https:\/\/lasentinelle.dz\/#\/schema\/person\/d865044e22e70a75174ce8bcad3acfb3"},"headline":"Mouvement dans les corps de la magistrature\u00a0: Un procureur sp\u00e9cialis\u00e9 dans la lutte contre la corruption pour la Cour d\u2019Oran","datePublished":"2022-08-30T23:05:00+00:00","mainEntityOfPage":{"@id":"https:\/\/lasentinelle.dz\/index.php\/2022\/08\/31\/mouvement-dans-les-corps-de-la-magistrature-un-procureur-specialise-dans-la-lutte-contre-la-corruption-pour-la-cour-doran\/"},"wordCount":638,"commentCount":0,"publisher":{"@id":"https:\/\/lasentinelle.dz\/#organization"},"image":{"@id":"https:\/\/lasentinelle.dz\/index.php\/2022\/08\/31\/mouvement-dans-les-corps-de-la-magistrature-un-procureur-specialise-dans-la-lutte-contre-la-corruption-pour-la-cour-doran\/#primaryimage"},"thumbnailUrl":"https:\/\/lasentinelle.dz\/wp-content\/uploads\/2022\/08\/magistrats-algerie-1.png","articleSection":["Actualit\u00e9"],"inLanguage":"fr-FR","potentialAction":[{"@type":"CommentAction","name":"Comment","target":["https:\/\/lasentinelle.dz\/index.php\/2022\/08\/31\/mouvement-dans-les-corps-de-la-magistrature-un-procureur-specialise-dans-la-lutte-contre-la-corruption-pour-la-cour-doran\/#respond"]}]},{"@type":"WebPage","@id":"https:\/\/lasentinelle.dz\/index.php\/2022\/08\/31\/mouvement-dans-les-corps-de-la-magistrature-un-procureur-specialise-dans-la-lutte-contre-la-corruption-pour-la-cour-doran\/","url":"https:\/\/lasentinelle.dz\/index.php\/2022\/08\/31\/mouvement-dans-les-corps-de-la-magistrature-un-procureur-specialise-dans-la-lutte-contre-la-corruption-pour-la-cour-doran\/","name":"Mouvement dans les corps de la magistrature\u00a0: Un procureur sp\u00e9cialis\u00e9 dans la lutte contre la corruption pour la Cour d\u2019Oran - La Sentinelle","isPartOf":{"@id":"https:\/\/lasentinelle.dz\/#website"},"primaryImageOfPage":{"@id":"https:\/\/lasentinelle.dz\/index.php\/2022\/08\/31\/mouvement-dans-les-corps-de-la-magistrature-un-procureur-specialise-dans-la-lutte-contre-la-corruption-pour-la-cour-doran\/#primaryimage"},"image":{"@id":"https:\/\/lasentinelle.dz\/index.php\/2022\/08\/31\/mouvement-dans-les-corps-de-la-magistrature-un-procureur-specialise-dans-la-lutte-contre-la-corruption-pour-la-cour-doran\/#primaryimage"},"thumbnailUrl":"https:\/\/lasentinelle.dz\/wp-content\/uploads\/2022\/08\/magistrats-algerie-1.png","datePublished":"2022-08-30T23:05:00+00:00","breadcrumb":{"@id":"https:\/\/lasentinelle.dz\/index.php\/2022\/08\/31\/mouvement-dans-les-corps-de-la-magistrature-un-procureur-specialise-dans-la-lutte-contre-la-corruption-pour-la-cour-doran\/#breadcrumb"},"inLanguage":"fr-FR","potentialAction":[{"@type":"ReadAction","target":["https:\/\/lasentinelle.dz\/index.php\/2022\/08\/31\/mouvement-dans-les-corps-de-la-magistrature-un-procureur-specialise-dans-la-lutte-contre-la-corruption-pour-la-cour-doran\/"]}]},{"@type":"ImageObject","inLanguage":"fr-FR","@id":"https:\/\/lasentinelle.dz\/index.php\/2022\/08\/31\/mouvement-dans-les-corps-de-la-magistrature-un-procureur-specialise-dans-la-lutte-contre-la-corruption-pour-la-cour-doran\/#primaryimage","url":"https:\/\/lasentinelle.dz\/wp-content\/uploads\/2022\/08\/magistrats-algerie-1.png","contentUrl":"https:\/\/lasentinelle.dz\/wp-content\/uploads\/2022\/08\/magistrats-algerie-1.png","width":1260,"height":900},{"@type":"BreadcrumbList","@id":"https:\/\/lasentinelle.dz\/index.php\/2022\/08\/31\/mouvement-dans-les-corps-de-la-magistrature-un-procureur-specialise-dans-la-lutte-contre-la-corruption-pour-la-cour-doran\/#breadcrumb","itemListElement":[{"@type":"ListItem","position":1,"name":"Accueil","item":"https:\/\/lasentinelle.dz\/"},{"@type":"ListItem","position":2,"name":"Mouvement dans les corps de la magistrature\u00a0: Un procureur sp\u00e9cialis\u00e9 dans la lutte contre la corruption pour la Cour d\u2019Oran"}]},{"@type":"WebSite","@id":"https:\/\/lasentinelle.dz\/#website","url":"https:\/\/lasentinelle.dz\/","name":"La Sentinelle","description":"Quotidien national d&#039;information","publisher":{"@id":"https:\/\/lasentinelle.dz\/#organization"},"potentialAction":[{"@type":"SearchAction","target":{"@type":"EntryPoint","urlTemplate":"https:\/\/lasentinelle.dz\/?s={search_term_string}"},"query-input":{"@type":"PropertyValueSpecification","valueRequired":true,"valueName":"search_term_string"}}],"inLanguage":"fr-FR"},{"@type":"Organization","@id":"https:\/\/lasentinelle.dz\/#organization","name":"Quotidien La Sentinelle","url":"https:\/\/lasentinelle.dz\/","logo":{"@type":"ImageObject","inLanguage":"fr-FR","@id":"https:\/\/lasentinelle.dz\/#\/schema\/logo\/image\/","url":"https:\/\/lasentinelle.dz\/wp-content\/uploads\/2021\/09\/logo-sentinelleSLOGAN-1.png","contentUrl":"https:\/\/lasentinelle.dz\/wp-content\/uploads\/2021\/09\/logo-sentinelleSLOGAN-1.png","width":615,"height":142,"caption":"Quotidien La Sentinelle"},"image":{"@id":"https:\/\/lasentinelle.dz\/#\/schema\/logo\/image\/"},"sameAs":["https:\/\/www.facebook.com\/La-Sentinelle-104059864394773"]},{"@type":"Person","@id":"https:\/\/lasentinelle.dz\/#\/schema\/person\/d865044e22e70a75174ce8bcad3acfb3","name":"La Sentinelle","image":{"@type":"ImageObject","inLanguage":"fr-FR","@id":"https:\/\/secure.gravatar.com\/avatar\/57de8e5d4b15d43fb361a71fbb36338450fe67865b528a43dd10ef7c51a20392?s=96&d=mm&r=g","url":"https:\/\/secure.gravatar.com\/avatar\/57de8e5d4b15d43fb361a71fbb36338450fe67865b528a43dd10ef7c51a20392?s=96&d=mm&r=g","contentUrl":"https:\/\/secure.gravatar.com\/avatar\/57de8e5d4b15d43fb361a71fbb36338450fe67865b528a43dd10ef7c51a20392?s=96&d=mm&r=g","caption":"La Sentinelle"},"sameAs":["http:\/\/www.lasentinelle.dz"],"url":"https:\/\/lasentinelle.dz\/author\/redaction\/"}]}},"_links":{"self":[{"href":"https:\/\/lasentinelle.dz\/index.php\/wp-json\/wp\/v2\/posts\/26634","targetHints":{"allow":["GET"]}}],"collection":[{"href":"https:\/\/lasentinelle.dz\/index.php\/wp-json\/wp\/v2\/posts"}],"about":[{"href":"https:\/\/lasentinelle.dz\/index.php\/wp-json\/wp\/v2\/types\/post"}],"author":[{"embeddable":true,"href":"https:\/\/lasentinelle.dz\/index.php\/wp-json\/wp\/v2\/users\/3"}],"replies":[{"embeddable":true,"href":"https:\/\/lasentinelle.dz\/index.php\/wp-json\/wp\/v2\/comments?post=26634"}],"version-history":[{"count":1,"href":"https:\/\/lasentinelle.dz\/index.php\/wp-json\/wp\/v2\/posts\/26634\/revisions"}],"predecessor-version":[{"id":26642,"href":"https:\/\/lasentinelle.dz\/index.php\/wp-json\/wp\/v2\/posts\/26634\/revisions\/26642"}],"wp:featuredmedia":[{"embeddable":true,"href":"https:\/\/lasentinelle.dz\/index.php\/wp-json\/wp\/v2\/media\/26638"}],"wp:attachment":[{"href":"https:\/\/lasentinelle.dz\/index.php\/wp-json\/wp\/v2\/media?parent=26634"}],"wp:term":[{"taxonomy":"category","embeddable":true,"href":"https:\/\/lasentinelle.dz\/index.php\/wp-json\/wp\/v2\/categories?post=26634"},{"taxonomy":"post_tag","embeddable":true,"href":"https:\/\/lasentinelle.dz\/index.php\/wp-json\/wp\/v2\/tags?post=26634"}],"curies":[{"name":"wp","href":"https:\/\/api.w.org\/{rel}","templated":true}]}}