{"id":26644,"date":"2022-08-31T00:05:00","date_gmt":"2022-08-30T23:05:00","guid":{"rendered":"https:\/\/lasentinelle.dz\/?p=26644"},"modified":"2022-08-30T19:55:26","modified_gmt":"2022-08-30T18:55:26","slug":"le-petrole-devisse-de-plus-de-6-le-marche-petrolier-otage-de-sa-forte-volatilite","status":"publish","type":"post","link":"https:\/\/lasentinelle.dz\/index.php\/2022\/08\/31\/le-petrole-devisse-de-plus-de-6-le-marche-petrolier-otage-de-sa-forte-volatilite\/","title":{"rendered":"Le p\u00e9trole d\u00e9visse de plus de 6%\u00a0: Le march\u00e9 p\u00e9trolier otage de sa forte volatilit\u00e9"},"content":{"rendered":"\n<p>Le march\u00e9 p\u00e9trolier est soumis \u00e0 de forte fluctuations aliment\u00e9es par les sp\u00e9culations sur l\u2019\u00e9volution de l\u2019offre et de la demande. Ainsi, apr\u00e8s avoir entam\u00e9 la semaine en forte hausse, les cours du brut ont d\u00e9croch\u00e9 hier dans le sillage des craintes sur la demande en raison de l\u2019annonce d\u2019un nouveau confinement en Chine, les pr\u00e9occupations li\u00e9es \u00e0 la r\u00e9cession.&nbsp;<\/p>\n\n\n\n<p>Ainsi, en fin de journ\u00e9e, le baril de Brent de la mer du Nord pour livraison en octobre perdait 6,46% \u00e0 98,32 dollars, glissant sous le seuil des 100 dollars le baril, vers 16H25 GMT. De son c\u00f4t\u00e9, le baril de West Texas Intermediate (WTI) am\u00e9ricain pour livraison en septembre baissait quant \u00e0 lui de 6,44%, \u00e0 90,76 dollars. \u00ab\u00a0Les cours ont chut\u00e9 car les perspectives de croissance mondiale continuent de se d\u00e9t\u00e9riorer et que les risques g\u00e9opolitiques n&rsquo;ont pas encore entra\u00een\u00e9 de perturbations pour les exportations de brut\u00a0\u00bb, explique Edward Moya, analyste chez Oanda. La r\u00e9union des banquiers centraux \u00e0 Jackson Hole vendredi a \u00ab\u00a0confirm\u00e9 les craintes de ceux qui s&rsquo;inqui\u00e8tent des perspectives \u00e9conomiques sombres induites par l&rsquo;inflation\u00a0\u00bb, poursuit-il. Le patron de la banque centrale am\u00e9ricaine (Fed), Jerome Powell, a averti que la Fed userait \u00ab\u00a0vigoureusement de ses outils\u00a0\u00bb en relevant les taux d&rsquo;int\u00e9r\u00eat. En Europe, l&rsquo;inflation est repartie \u00e0 la hausse en Allemagne en ao\u00fbt, \u00e0 7,9% sur un an, apr\u00e8s deux mois de ralentissement, toujours pouss\u00e9e par la flamb\u00e9e des prix de l&rsquo;\u00e9nergie. \u00ab\u00a0Les donn\u00e9es sur l&rsquo;inflation (&#8230;) soutiennent un resserrement agressif des taux de la Banque centrale europ\u00e9enne qui pourrait envoyer l&rsquo;Europe dans une grave r\u00e9cession\u00a0\u00bbpoursuit Edward Moya. En parall\u00e8le, pr\u00e8s de quatre millions d&rsquo;habitants de la province situ\u00e9e autour de P\u00e9kin \u00e9taient confin\u00e9s hieri, les autorit\u00e9s voulant \u00e9viter tout emballement de l&rsquo;\u00e9pid\u00e9mie de Covid-19 avant une grande r\u00e9union du Parti communiste chinois (PCC) \u00e0 l&rsquo;automne. La Chine continue d&rsquo;appliquer une stricte politique sanitaire, \u00e0 l&rsquo;inverse de la quasi-totalit\u00e9 des autres pays, pesant ainsi sur la demande d&rsquo;or noir du pays, gros consommateur. Si \u00ab\u00a0tout semble tourner \u00e0 la baisse pour le p\u00e9trole\u00a0\u00bb, Edward Moya rappelle cependant que le \u00ab\u00a0march\u00e9 est toujours tendu, donc ce mouvement de baisse ne devrait pas durer beaucoup plus longtemps\u00a0\u00bb. Il est utile de rappeler dans ce sens que le prix du baril de Brent de la mer du Nord pour livraison en octobre a fini la s\u00e9ance de cotation lundi sur un gain 4,05%, \u00e0 105,09 dollars. Quant au baril au WTI, il a pris 4,24%, \u00e0 97,01 dollars. Pour Edward Moya, d&rsquo;Oanda, le march\u00e9 a \u00e9t\u00e9 tir\u00e9 par la crainte d&rsquo;une possible d\u00e9t\u00e9rioration de la crise Libyenne, ainsi que d&rsquo;une r\u00e9duction de la production de l&rsquo;Organisation des pays exportateurs de p\u00e9trole (OPEP).<\/p>\n\n\n\n<p>Les cours \u00e9taient aussi port\u00e9s par la perspective d&rsquo;une possible annonce d&rsquo;une r\u00e9duction de la production des membres de l&rsquo;OPEP et de leurs alli\u00e9s de l&rsquo;accord OPEP+, lors de leur prochaine r\u00e9union, le 5 septembre. Les membres de l\u2019OPEP n\u2019ont \u00e9cart\u00e9 la possibilit\u00e9 d\u2019une r\u00e9duction de l\u2019offre si cela s\u2019av\u00e9rait n\u00e9cessaire.<\/p>\n\n\n\n<p>R.E.<\/p>\n","protected":false},"excerpt":{"rendered":"<p>Le march\u00e9 p\u00e9trolier est soumis \u00e0 de forte fluctuations aliment\u00e9es par les sp\u00e9culations sur l\u2019\u00e9volution de l\u2019offre et de la<\/p>\n","protected":false},"author":3,"featured_media":18374,"comment_status":"open","ping_status":"closed","sticky":false,"template":"","format":"standard","meta":{"colormag_page_container_layout":"default_layout","colormag_page_sidebar_layout":"default_layout","om_disable_all_campaigns":false,"_monsterinsights_skip_tracking":false,"_monsterinsights_sitenote_active":false,"_monsterinsights_sitenote_note":"","_monsterinsights_sitenote_category":0,"footnotes":"","_wpscppro_dont_share_socialmedia":false,"_wpscppro_custom_social_share_image":0,"_facebook_share_type":"","_twitter_share_type":"","_linkedin_share_type":"","_pinterest_share_type":"","_linkedin_share_type_page":"","_instagram_share_type":"","_medium_share_type":"","_threads_share_type":"","_google_business_share_type":"","_selected_social_profile":[],"_wpsp_enable_custom_social_template":false,"_wpsp_social_scheduling":{"enabled":false,"datetime":null,"platforms":[],"status":"template_only","dateOption":"today","timeOption":"now","customDays":"","customHours":"","customDate":"","customTime":"","schedulingType":"absolute"},"_wpsp_active_default_template":true},"categories":[29],"tags":[],"class_list":["post-26644","post","type-post","status-publish","format-standard","has-post-thumbnail","hentry","category-economie"],"aioseo_notices":[],"yoast_head":"<!-- This site is optimized with the Yoast SEO plugin v27.5 - https:\/\/yoast.com\/product\/yoast-seo-wordpress\/ -->\n<title>Le p\u00e9trole d\u00e9visse de plus de 6%\u00a0: Le march\u00e9 p\u00e9trolier otage de sa forte volatilit\u00e9 - La Sentinelle<\/title>\n<meta name=\"robots\" content=\"index, follow, max-snippet:-1, max-image-preview:large, max-video-preview:-1\" \/>\n<link rel=\"canonical\" href=\"https:\/\/lasentinelle.dz\/index.php\/2022\/08\/31\/le-petrole-devisse-de-plus-de-6-le-marche-petrolier-otage-de-sa-forte-volatilite\/\" \/>\n<meta property=\"og:locale\" content=\"fr_FR\" \/>\n<meta property=\"og:type\" content=\"article\" \/>\n<meta property=\"og:title\" content=\"Le p\u00e9trole d\u00e9visse de plus de 6%\u00a0: Le march\u00e9 p\u00e9trolier otage de sa forte volatilit\u00e9 - La Sentinelle\" \/>\n<meta property=\"og:description\" content=\"Le march\u00e9 p\u00e9trolier est soumis \u00e0 de forte fluctuations aliment\u00e9es par les sp\u00e9culations sur l\u2019\u00e9volution de l\u2019offre et de la\" \/>\n<meta property=\"og:url\" content=\"https:\/\/lasentinelle.dz\/index.php\/2022\/08\/31\/le-petrole-devisse-de-plus-de-6-le-marche-petrolier-otage-de-sa-forte-volatilite\/\" \/>\n<meta property=\"og:site_name\" content=\"La Sentinelle\" \/>\n<meta property=\"article:publisher\" content=\"https:\/\/www.facebook.com\/La-Sentinelle-104059864394773\" \/>\n<meta property=\"article:published_time\" content=\"2022-08-30T23:05:00+00:00\" \/>\n<meta property=\"og:image\" content=\"https:\/\/lasentinelle.dz\/wp-content\/uploads\/2022\/03\/petrole-2.png\" \/>\n\t<meta property=\"og:image:width\" content=\"1600\" \/>\n\t<meta property=\"og:image:height\" content=\"900\" \/>\n\t<meta property=\"og:image:type\" content=\"image\/png\" \/>\n<meta name=\"author\" content=\"La Sentinelle\" \/>\n<meta name=\"twitter:card\" content=\"summary_large_image\" \/>\n<meta name=\"twitter:label1\" content=\"\u00c9crit par\" \/>\n\t<meta name=\"twitter:data1\" content=\"La Sentinelle\" \/>\n\t<meta name=\"twitter:label2\" content=\"Dur\u00e9e de lecture estim\u00e9e\" \/>\n\t<meta name=\"twitter:data2\" content=\"3 minutes\" \/>\n<script type=\"application\/ld+json\" class=\"yoast-schema-graph\">{\"@context\":\"https:\\\/\\\/schema.org\",\"@graph\":[{\"@type\":\"Article\",\"@id\":\"https:\\\/\\\/lasentinelle.dz\\\/index.php\\\/2022\\\/08\\\/31\\\/le-petrole-devisse-de-plus-de-6-le-marche-petrolier-otage-de-sa-forte-volatilite\\\/#article\",\"isPartOf\":{\"@id\":\"https:\\\/\\\/lasentinelle.dz\\\/index.php\\\/2022\\\/08\\\/31\\\/le-petrole-devisse-de-plus-de-6-le-marche-petrolier-otage-de-sa-forte-volatilite\\\/\"},\"author\":{\"name\":\"La Sentinelle\",\"@id\":\"https:\\\/\\\/lasentinelle.dz\\\/#\\\/schema\\\/person\\\/d865044e22e70a75174ce8bcad3acfb3\"},\"headline\":\"Le p\u00e9trole d\u00e9visse de plus de 6%\u00a0: Le march\u00e9 p\u00e9trolier otage de sa forte volatilit\u00e9\",\"datePublished\":\"2022-08-30T23:05:00+00:00\",\"mainEntityOfPage\":{\"@id\":\"https:\\\/\\\/lasentinelle.dz\\\/index.php\\\/2022\\\/08\\\/31\\\/le-petrole-devisse-de-plus-de-6-le-marche-petrolier-otage-de-sa-forte-volatilite\\\/\"},\"wordCount\":569,\"commentCount\":0,\"publisher\":{\"@id\":\"https:\\\/\\\/lasentinelle.dz\\\/#organization\"},\"image\":{\"@id\":\"https:\\\/\\\/lasentinelle.dz\\\/index.php\\\/2022\\\/08\\\/31\\\/le-petrole-devisse-de-plus-de-6-le-marche-petrolier-otage-de-sa-forte-volatilite\\\/#primaryimage\"},\"thumbnailUrl\":\"https:\\\/\\\/lasentinelle.dz\\\/wp-content\\\/uploads\\\/2022\\\/03\\\/petrole-2.png\",\"articleSection\":[\"\u00c9conomie\"],\"inLanguage\":\"fr-FR\",\"potentialAction\":[{\"@type\":\"CommentAction\",\"name\":\"Comment\",\"target\":[\"https:\\\/\\\/lasentinelle.dz\\\/index.php\\\/2022\\\/08\\\/31\\\/le-petrole-devisse-de-plus-de-6-le-marche-petrolier-otage-de-sa-forte-volatilite\\\/#respond\"]}]},{\"@type\":\"WebPage\",\"@id\":\"https:\\\/\\\/lasentinelle.dz\\\/index.php\\\/2022\\\/08\\\/31\\\/le-petrole-devisse-de-plus-de-6-le-marche-petrolier-otage-de-sa-forte-volatilite\\\/\",\"url\":\"https:\\\/\\\/lasentinelle.dz\\\/index.php\\\/2022\\\/08\\\/31\\\/le-petrole-devisse-de-plus-de-6-le-marche-petrolier-otage-de-sa-forte-volatilite\\\/\",\"name\":\"Le p\u00e9trole d\u00e9visse de plus de 6%\u00a0: Le march\u00e9 p\u00e9trolier otage de sa forte volatilit\u00e9 - La Sentinelle\",\"isPartOf\":{\"@id\":\"https:\\\/\\\/lasentinelle.dz\\\/#website\"},\"primaryImageOfPage\":{\"@id\":\"https:\\\/\\\/lasentinelle.dz\\\/index.php\\\/2022\\\/08\\\/31\\\/le-petrole-devisse-de-plus-de-6-le-marche-petrolier-otage-de-sa-forte-volatilite\\\/#primaryimage\"},\"image\":{\"@id\":\"https:\\\/\\\/lasentinelle.dz\\\/index.php\\\/2022\\\/08\\\/31\\\/le-petrole-devisse-de-plus-de-6-le-marche-petrolier-otage-de-sa-forte-volatilite\\\/#primaryimage\"},\"thumbnailUrl\":\"https:\\\/\\\/lasentinelle.dz\\\/wp-content\\\/uploads\\\/2022\\\/03\\\/petrole-2.png\",\"datePublished\":\"2022-08-30T23:05:00+00:00\",\"breadcrumb\":{\"@id\":\"https:\\\/\\\/lasentinelle.dz\\\/index.php\\\/2022\\\/08\\\/31\\\/le-petrole-devisse-de-plus-de-6-le-marche-petrolier-otage-de-sa-forte-volatilite\\\/#breadcrumb\"},\"inLanguage\":\"fr-FR\",\"potentialAction\":[{\"@type\":\"ReadAction\",\"target\":[\"https:\\\/\\\/lasentinelle.dz\\\/index.php\\\/2022\\\/08\\\/31\\\/le-petrole-devisse-de-plus-de-6-le-marche-petrolier-otage-de-sa-forte-volatilite\\\/\"]}]},{\"@type\":\"ImageObject\",\"inLanguage\":\"fr-FR\",\"@id\":\"https:\\\/\\\/lasentinelle.dz\\\/index.php\\\/2022\\\/08\\\/31\\\/le-petrole-devisse-de-plus-de-6-le-marche-petrolier-otage-de-sa-forte-volatilite\\\/#primaryimage\",\"url\":\"https:\\\/\\\/lasentinelle.dz\\\/wp-content\\\/uploads\\\/2022\\\/03\\\/petrole-2.png\",\"contentUrl\":\"https:\\\/\\\/lasentinelle.dz\\\/wp-content\\\/uploads\\\/2022\\\/03\\\/petrole-2.png\",\"width\":1600,\"height\":900},{\"@type\":\"BreadcrumbList\",\"@id\":\"https:\\\/\\\/lasentinelle.dz\\\/index.php\\\/2022\\\/08\\\/31\\\/le-petrole-devisse-de-plus-de-6-le-marche-petrolier-otage-de-sa-forte-volatilite\\\/#breadcrumb\",\"itemListElement\":[{\"@type\":\"ListItem\",\"position\":1,\"name\":\"Accueil\",\"item\":\"https:\\\/\\\/lasentinelle.dz\\\/\"},{\"@type\":\"ListItem\",\"position\":2,\"name\":\"Le p\u00e9trole d\u00e9visse de plus de 6%\u00a0: Le march\u00e9 p\u00e9trolier otage de sa forte volatilit\u00e9\"}]},{\"@type\":\"WebSite\",\"@id\":\"https:\\\/\\\/lasentinelle.dz\\\/#website\",\"url\":\"https:\\\/\\\/lasentinelle.dz\\\/\",\"name\":\"La Sentinelle\",\"description\":\"Quotidien national d&#039;information\",\"publisher\":{\"@id\":\"https:\\\/\\\/lasentinelle.dz\\\/#organization\"},\"potentialAction\":[{\"@type\":\"SearchAction\",\"target\":{\"@type\":\"EntryPoint\",\"urlTemplate\":\"https:\\\/\\\/lasentinelle.dz\\\/?s={search_term_string}\"},\"query-input\":{\"@type\":\"PropertyValueSpecification\",\"valueRequired\":true,\"valueName\":\"search_term_string\"}}],\"inLanguage\":\"fr-FR\"},{\"@type\":\"Organization\",\"@id\":\"https:\\\/\\\/lasentinelle.dz\\\/#organization\",\"name\":\"Quotidien La Sentinelle\",\"url\":\"https:\\\/\\\/lasentinelle.dz\\\/\",\"logo\":{\"@type\":\"ImageObject\",\"inLanguage\":\"fr-FR\",\"@id\":\"https:\\\/\\\/lasentinelle.dz\\\/#\\\/schema\\\/logo\\\/image\\\/\",\"url\":\"https:\\\/\\\/lasentinelle.dz\\\/wp-content\\\/uploads\\\/2021\\\/09\\\/logo-sentinelleSLOGAN-1.png\",\"contentUrl\":\"https:\\\/\\\/lasentinelle.dz\\\/wp-content\\\/uploads\\\/2021\\\/09\\\/logo-sentinelleSLOGAN-1.png\",\"width\":615,\"height\":142,\"caption\":\"Quotidien La Sentinelle\"},\"image\":{\"@id\":\"https:\\\/\\\/lasentinelle.dz\\\/#\\\/schema\\\/logo\\\/image\\\/\"},\"sameAs\":[\"https:\\\/\\\/www.facebook.com\\\/La-Sentinelle-104059864394773\"]},{\"@type\":\"Person\",\"@id\":\"https:\\\/\\\/lasentinelle.dz\\\/#\\\/schema\\\/person\\\/d865044e22e70a75174ce8bcad3acfb3\",\"name\":\"La Sentinelle\",\"image\":{\"@type\":\"ImageObject\",\"inLanguage\":\"fr-FR\",\"@id\":\"https:\\\/\\\/secure.gravatar.com\\\/avatar\\\/57de8e5d4b15d43fb361a71fbb36338450fe67865b528a43dd10ef7c51a20392?s=96&d=mm&r=g\",\"url\":\"https:\\\/\\\/secure.gravatar.com\\\/avatar\\\/57de8e5d4b15d43fb361a71fbb36338450fe67865b528a43dd10ef7c51a20392?s=96&d=mm&r=g\",\"contentUrl\":\"https:\\\/\\\/secure.gravatar.com\\\/avatar\\\/57de8e5d4b15d43fb361a71fbb36338450fe67865b528a43dd10ef7c51a20392?s=96&d=mm&r=g\",\"caption\":\"La Sentinelle\"},\"sameAs\":[\"http:\\\/\\\/www.lasentinelle.dz\"],\"url\":\"https:\\\/\\\/lasentinelle.dz\\\/author\\\/redaction\\\/\"}]}<\/script>\n<!-- \/ Yoast SEO plugin. -->","yoast_head_json":{"title":"Le p\u00e9trole d\u00e9visse de plus de 6%\u00a0: Le march\u00e9 p\u00e9trolier otage de sa forte volatilit\u00e9 - La Sentinelle","robots":{"index":"index","follow":"follow","max-snippet":"max-snippet:-1","max-image-preview":"max-image-preview:large","max-video-preview":"max-video-preview:-1"},"canonical":"https:\/\/lasentinelle.dz\/index.php\/2022\/08\/31\/le-petrole-devisse-de-plus-de-6-le-marche-petrolier-otage-de-sa-forte-volatilite\/","og_locale":"fr_FR","og_type":"article","og_title":"Le p\u00e9trole d\u00e9visse de plus de 6%\u00a0: Le march\u00e9 p\u00e9trolier otage de sa forte volatilit\u00e9 - La Sentinelle","og_description":"Le march\u00e9 p\u00e9trolier est soumis \u00e0 de forte fluctuations aliment\u00e9es par les sp\u00e9culations sur l\u2019\u00e9volution de l\u2019offre et de la","og_url":"https:\/\/lasentinelle.dz\/index.php\/2022\/08\/31\/le-petrole-devisse-de-plus-de-6-le-marche-petrolier-otage-de-sa-forte-volatilite\/","og_site_name":"La Sentinelle","article_publisher":"https:\/\/www.facebook.com\/La-Sentinelle-104059864394773","article_published_time":"2022-08-30T23:05:00+00:00","og_image":[{"width":1600,"height":900,"url":"https:\/\/lasentinelle.dz\/wp-content\/uploads\/2022\/03\/petrole-2.png","type":"image\/png"}],"author":"La Sentinelle","twitter_card":"summary_large_image","twitter_misc":{"\u00c9crit par":"La Sentinelle","Dur\u00e9e de lecture estim\u00e9e":"3 minutes"},"schema":{"@context":"https:\/\/schema.org","@graph":[{"@type":"Article","@id":"https:\/\/lasentinelle.dz\/index.php\/2022\/08\/31\/le-petrole-devisse-de-plus-de-6-le-marche-petrolier-otage-de-sa-forte-volatilite\/#article","isPartOf":{"@id":"https:\/\/lasentinelle.dz\/index.php\/2022\/08\/31\/le-petrole-devisse-de-plus-de-6-le-marche-petrolier-otage-de-sa-forte-volatilite\/"},"author":{"name":"La Sentinelle","@id":"https:\/\/lasentinelle.dz\/#\/schema\/person\/d865044e22e70a75174ce8bcad3acfb3"},"headline":"Le p\u00e9trole d\u00e9visse de plus de 6%\u00a0: Le march\u00e9 p\u00e9trolier otage de sa forte volatilit\u00e9","datePublished":"2022-08-30T23:05:00+00:00","mainEntityOfPage":{"@id":"https:\/\/lasentinelle.dz\/index.php\/2022\/08\/31\/le-petrole-devisse-de-plus-de-6-le-marche-petrolier-otage-de-sa-forte-volatilite\/"},"wordCount":569,"commentCount":0,"publisher":{"@id":"https:\/\/lasentinelle.dz\/#organization"},"image":{"@id":"https:\/\/lasentinelle.dz\/index.php\/2022\/08\/31\/le-petrole-devisse-de-plus-de-6-le-marche-petrolier-otage-de-sa-forte-volatilite\/#primaryimage"},"thumbnailUrl":"https:\/\/lasentinelle.dz\/wp-content\/uploads\/2022\/03\/petrole-2.png","articleSection":["\u00c9conomie"],"inLanguage":"fr-FR","potentialAction":[{"@type":"CommentAction","name":"Comment","target":["https:\/\/lasentinelle.dz\/index.php\/2022\/08\/31\/le-petrole-devisse-de-plus-de-6-le-marche-petrolier-otage-de-sa-forte-volatilite\/#respond"]}]},{"@type":"WebPage","@id":"https:\/\/lasentinelle.dz\/index.php\/2022\/08\/31\/le-petrole-devisse-de-plus-de-6-le-marche-petrolier-otage-de-sa-forte-volatilite\/","url":"https:\/\/lasentinelle.dz\/index.php\/2022\/08\/31\/le-petrole-devisse-de-plus-de-6-le-marche-petrolier-otage-de-sa-forte-volatilite\/","name":"Le p\u00e9trole d\u00e9visse de plus de 6%\u00a0: Le march\u00e9 p\u00e9trolier otage de sa forte volatilit\u00e9 - La Sentinelle","isPartOf":{"@id":"https:\/\/lasentinelle.dz\/#website"},"primaryImageOfPage":{"@id":"https:\/\/lasentinelle.dz\/index.php\/2022\/08\/31\/le-petrole-devisse-de-plus-de-6-le-marche-petrolier-otage-de-sa-forte-volatilite\/#primaryimage"},"image":{"@id":"https:\/\/lasentinelle.dz\/index.php\/2022\/08\/31\/le-petrole-devisse-de-plus-de-6-le-marche-petrolier-otage-de-sa-forte-volatilite\/#primaryimage"},"thumbnailUrl":"https:\/\/lasentinelle.dz\/wp-content\/uploads\/2022\/03\/petrole-2.png","datePublished":"2022-08-30T23:05:00+00:00","breadcrumb":{"@id":"https:\/\/lasentinelle.dz\/index.php\/2022\/08\/31\/le-petrole-devisse-de-plus-de-6-le-marche-petrolier-otage-de-sa-forte-volatilite\/#breadcrumb"},"inLanguage":"fr-FR","potentialAction":[{"@type":"ReadAction","target":["https:\/\/lasentinelle.dz\/index.php\/2022\/08\/31\/le-petrole-devisse-de-plus-de-6-le-marche-petrolier-otage-de-sa-forte-volatilite\/"]}]},{"@type":"ImageObject","inLanguage":"fr-FR","@id":"https:\/\/lasentinelle.dz\/index.php\/2022\/08\/31\/le-petrole-devisse-de-plus-de-6-le-marche-petrolier-otage-de-sa-forte-volatilite\/#primaryimage","url":"https:\/\/lasentinelle.dz\/wp-content\/uploads\/2022\/03\/petrole-2.png","contentUrl":"https:\/\/lasentinelle.dz\/wp-content\/uploads\/2022\/03\/petrole-2.png","width":1600,"height":900},{"@type":"BreadcrumbList","@id":"https:\/\/lasentinelle.dz\/index.php\/2022\/08\/31\/le-petrole-devisse-de-plus-de-6-le-marche-petrolier-otage-de-sa-forte-volatilite\/#breadcrumb","itemListElement":[{"@type":"ListItem","position":1,"name":"Accueil","item":"https:\/\/lasentinelle.dz\/"},{"@type":"ListItem","position":2,"name":"Le p\u00e9trole d\u00e9visse de plus de 6%\u00a0: Le march\u00e9 p\u00e9trolier otage de sa forte volatilit\u00e9"}]},{"@type":"WebSite","@id":"https:\/\/lasentinelle.dz\/#website","url":"https:\/\/lasentinelle.dz\/","name":"La Sentinelle","description":"Quotidien national d&#039;information","publisher":{"@id":"https:\/\/lasentinelle.dz\/#organization"},"potentialAction":[{"@type":"SearchAction","target":{"@type":"EntryPoint","urlTemplate":"https:\/\/lasentinelle.dz\/?s={search_term_string}"},"query-input":{"@type":"PropertyValueSpecification","valueRequired":true,"valueName":"search_term_string"}}],"inLanguage":"fr-FR"},{"@type":"Organization","@id":"https:\/\/lasentinelle.dz\/#organization","name":"Quotidien La Sentinelle","url":"https:\/\/lasentinelle.dz\/","logo":{"@type":"ImageObject","inLanguage":"fr-FR","@id":"https:\/\/lasentinelle.dz\/#\/schema\/logo\/image\/","url":"https:\/\/lasentinelle.dz\/wp-content\/uploads\/2021\/09\/logo-sentinelleSLOGAN-1.png","contentUrl":"https:\/\/lasentinelle.dz\/wp-content\/uploads\/2021\/09\/logo-sentinelleSLOGAN-1.png","width":615,"height":142,"caption":"Quotidien La Sentinelle"},"image":{"@id":"https:\/\/lasentinelle.dz\/#\/schema\/logo\/image\/"},"sameAs":["https:\/\/www.facebook.com\/La-Sentinelle-104059864394773"]},{"@type":"Person","@id":"https:\/\/lasentinelle.dz\/#\/schema\/person\/d865044e22e70a75174ce8bcad3acfb3","name":"La Sentinelle","image":{"@type":"ImageObject","inLanguage":"fr-FR","@id":"https:\/\/secure.gravatar.com\/avatar\/57de8e5d4b15d43fb361a71fbb36338450fe67865b528a43dd10ef7c51a20392?s=96&d=mm&r=g","url":"https:\/\/secure.gravatar.com\/avatar\/57de8e5d4b15d43fb361a71fbb36338450fe67865b528a43dd10ef7c51a20392?s=96&d=mm&r=g","contentUrl":"https:\/\/secure.gravatar.com\/avatar\/57de8e5d4b15d43fb361a71fbb36338450fe67865b528a43dd10ef7c51a20392?s=96&d=mm&r=g","caption":"La Sentinelle"},"sameAs":["http:\/\/www.lasentinelle.dz"],"url":"https:\/\/lasentinelle.dz\/author\/redaction\/"}]}},"_links":{"self":[{"href":"https:\/\/lasentinelle.dz\/index.php\/wp-json\/wp\/v2\/posts\/26644","targetHints":{"allow":["GET"]}}],"collection":[{"href":"https:\/\/lasentinelle.dz\/index.php\/wp-json\/wp\/v2\/posts"}],"about":[{"href":"https:\/\/lasentinelle.dz\/index.php\/wp-json\/wp\/v2\/types\/post"}],"author":[{"embeddable":true,"href":"https:\/\/lasentinelle.dz\/index.php\/wp-json\/wp\/v2\/users\/3"}],"replies":[{"embeddable":true,"href":"https:\/\/lasentinelle.dz\/index.php\/wp-json\/wp\/v2\/comments?post=26644"}],"version-history":[{"count":1,"href":"https:\/\/lasentinelle.dz\/index.php\/wp-json\/wp\/v2\/posts\/26644\/revisions"}],"predecessor-version":[{"id":26650,"href":"https:\/\/lasentinelle.dz\/index.php\/wp-json\/wp\/v2\/posts\/26644\/revisions\/26650"}],"wp:featuredmedia":[{"embeddable":true,"href":"https:\/\/lasentinelle.dz\/index.php\/wp-json\/wp\/v2\/media\/18374"}],"wp:attachment":[{"href":"https:\/\/lasentinelle.dz\/index.php\/wp-json\/wp\/v2\/media?parent=26644"}],"wp:term":[{"taxonomy":"category","embeddable":true,"href":"https:\/\/lasentinelle.dz\/index.php\/wp-json\/wp\/v2\/categories?post=26644"},{"taxonomy":"post_tag","embeddable":true,"href":"https:\/\/lasentinelle.dz\/index.php\/wp-json\/wp\/v2\/tags?post=26644"}],"curies":[{"name":"wp","href":"https:\/\/api.w.org\/{rel}","templated":true}]}}