{"id":26658,"date":"2022-08-31T00:17:00","date_gmt":"2022-08-30T23:17:00","guid":{"rendered":"https:\/\/lasentinelle.dz\/?p=26658"},"modified":"2022-08-30T21:14:37","modified_gmt":"2022-08-30T20:14:37","slug":"la-reprise-du-dialogue-est-soumise-a-des-prealables-les-concessions-attendues-de-sanchez","status":"publish","type":"post","link":"https:\/\/lasentinelle.dz\/index.php\/2022\/08\/31\/la-reprise-du-dialogue-est-soumise-a-des-prealables-les-concessions-attendues-de-sanchez\/","title":{"rendered":"La reprise du dialogue est soumise \u00e0 des pr\u00e9alables\u00a0: Les concessions attendues de Sanchez"},"content":{"rendered":"\n<p>En pleine crise diplomatique qu\u2019il a lui-m\u00eame provoqu\u00e9 avec l\u2019Alg\u00e9rie en apportant, mars dernier, son soutien \u00e0 la th\u00e8se du Maroc sur le Sahara occidental, Pedro Sanchez change son fusil d\u2019\u00e9paule.&nbsp;<\/p>\n\n\n\n<p>Somm\u00e9 par la pr\u00e9sidente de la Commission europ\u00e9enne, Ursula Von der Leyen, de reprendre le dialogue \u00e9nerg\u00e9tique avec l\u2019Alg\u00e9rie et accul\u00e9 par le Parlement et la classe politique espagnols,&nbsp;&nbsp;le pr\u00e9sident du gouvernement espagnol souhaite se rendre en Alg\u00e9rie. Dans sa r\u00e9ponse, hier, \u00e0 un journaliste qui couvrait la conf\u00e9rence de presse commune tenue \u00e0 Berlin avec le Chancelier Allemand Olaf Scholtz et interpell\u00e9 par les m\u00e9dias \u00e0 propos de l\u2019Alg\u00e9rie, Pedro Sanchez n\u2019a pas cach\u00e9 son \u00ab d\u00e9sir \u00bb de se rendre en Alg\u00e9rie. Un \u00ab v\u0153u \u00bb loin d\u2019\u00eatre innocent et qui ne semble nullement mu par un quelconque sentiment de regret ou de repentance. Politiquement instable et \u00ab non fiable \u00bb, Sanchez est accul\u00e9 de toutes parts.&nbsp;<\/p>\n\n\n\n<p>La hausse in\u00e9dite de la facture des importations de gaz et qui devrait se traduire par une augmentation toute aussi in\u00e9dite des prix de l\u2019\u00e9nergie et de l\u2019inflation par ricochet alimente le m\u00e9contentement de l\u2019opinion publique et de la classe politique espagnoles qui lui reprochent la l\u00e9g\u00e8ret\u00e9 avec laquelle il a pris des d\u00e9cisions qui ont lourdement affect\u00e9 et d\u00e9grad\u00e9 les relations strat\u00e9giques alg\u00e9ro-espagnoles. Il est \u00e9galement clou\u00e9 au pilori par ses partenaires europ\u00e9ens qui le pressent de reprendre langue avec Alger et de relancer le dialogue \u00e9nerg\u00e9tique. Que ce soit Bruxelles, Paris ou Berlin, les leaders europ\u00e9ens prennent conscience de l\u2019effet Sanchez sur l\u2019approvisionnement gazier de l\u2019Europe, d\u2019autant qu\u2019ils cherchent \u00e0 exhumer le projet de gazoduc Midcat devant acheminer le gaz \u00e0 partir d\u2019Espagne vers le c\u0153ur de l\u2019Europe, en passant par la France.&nbsp;<\/p>\n\n\n\n<p>Un projet qui ne peut se r\u00e9aliser sans le consentement d\u2019Alger pour assurer les approvisionnements. Un consentement qu\u2019il devient urgent d\u2019obtenir d\u2019autant que la course au gaz alg\u00e9rien en Europe est lanc\u00e9e et que \u00ab&nbsp;le chacun pour soit&nbsp;\u00bb prime aujourd\u2019hui sur les principes de \u00ab solidarit\u00e9 \u00e9nerg\u00e9tique \u00bb europ\u00e9enne un temps agit\u00e9e pour rassurer les opinions publiques du \u00ab Vieux continent \u00bb. La r\u00e9duction constante des approvisionnements russes et la perspective d\u2019une suspension pure et simple des livraisons de Gazprom \u00e0 l\u2019Union europ\u00e9enne d\u2019ici l\u2019hiver change la donne. Si le Conseil europ\u00e9en de l\u2019\u00e9nergie pr\u00e9voit de se r\u00e9unir \u00ab en urgence \u00bb le 9 septembre pour se pencher sur la situation du march\u00e9 gazier europ\u00e9en, certains pays ont pris les devants. C\u2019est le cas de l\u2019Italie qui a anticip\u00e9 et tir\u00e9 les dividendes de ses relations historiques et privil\u00e9gi\u00e9es avec l\u2019Alg\u00e9rie pour s\u00e9curiser ses approvisionnements gaziers. Le rapprochement approfondi initi\u00e9 par la visite du pr\u00e9sident italien en novembre 2021 s\u2019est traduit par la signature, \u00e0 l\u2019occasion de la visite de Mario Draghi au mois de mars dernier, d\u2019un accord pour augmenter, progressivement, de 9 milliards de m\u00e8tres cubes les livraisons de gaz alg\u00e9rien vers l\u2019Italie. Un accord qui a provoqu\u00e9 un r\u00e9veil tardif pour certains pays d\u2019Europe. Berlin multiplie depuis les appels du pied pour une plus grande coop\u00e9ration \u00e9nerg\u00e9tique et cherche d\u00e9sesp\u00e9r\u00e9ment le moyen d\u2019acheminer le gaz alg\u00e9rien en Allemagne, tandis que Paris s\u2019est investie dans une \u0153uvre de r\u00e9paration d\u2019une relation alg\u00e9ro-fran\u00e7aise, d\u00e9grad\u00e9e par les tergiversations, les surench\u00e8res sur les questions de la m\u00e9moire, de la circulation des personnes et par des tentatives st\u00e9riles d\u2019ing\u00e9rence. Emmanuel Macron s\u2019est d\u2019ailleurs pr\u00e9cipit\u00e9 \u00e0 Alger pour essayer d\u2019effacer ce passif et de repartir sur de nouvelles bases avec une Alg\u00e9rie qui devient incontournable et vers laquelle tous les regards sont tourn\u00e9s.<\/p>\n\n\n\n<p><strong>Une nouvelle gifle pour le Makhzen<\/strong><\/p>\n\n\n\n<p>Et c\u2019est aujourd\u2019hui le tour de Pedro Sanchez lequel se retrouve dans une situation inconfortable au regard de la b\u00e9vue qu\u2019il a commise, en allant s\u2019acoquiner avec le Makhzen quitte \u00e0 se d\u00e9tourner des engagements politiques pris dans le cadre du trait\u00e9 d\u2019amiti\u00e9 alg\u00e9ro-espagnol sign\u00e9 en 2002 et des tentatives de contourner les dispositions contractuelles liant l\u2019Espagne \u00e0 Sonatrach pour aller sauver son nouvel alli\u00e9 d\u2019une crise \u00e9nerg\u00e9tique majeure. Si les Espagnols se sont illustr\u00e9s, plusieurs fois, par leur manque de fiabilit\u00e9 en tant que partenaire commercial, Sanchez a fini par politiquement discr\u00e9diter Madrid et un retour au dialogue devra se faire au prix de certains pr\u00e9alables.&nbsp;<\/p>\n\n\n\n<p>L\u2019Alg\u00e9rie r\u00e9alise bien que la crise ukrainienne lui permet de devenir un partenaire incontournable en mati\u00e8re \u00e9nerg\u00e9tique et elle n\u2019entend pas se faire doubler et encore moins tendre une perche \u00e0 un partenaire \u00ab peu fiable \u00bb changeant d\u2019humeur au gr\u00e8s des pressions et des chantages. Sa compromission avec le Maroc ne lui sera pas pardonn\u00e9e de sit\u00f4t. Il doit pour cela faire amende honorable et prouver sa bonne foi, ce qui est loin de la coupe aux l\u00e8vres. S\u2019il est vrai que le Gouvernement Sanchez n\u2019a pas fait de d\u00e9claration officielle sur la question du Sahara occidental et qu\u2019il ait laiss\u00e9 au Makhzen le soin de communiquer sur un soutien de l\u2019Espagne \u00e0 son pr\u00e9tendu plan d\u2019autonomie, l\u2019attitude de Madrid envers Alger par la suite ne laisse pas de place \u00e0 la tergiversation.&nbsp;<\/p>\n\n\n\n<p>Ce que le gouvernement Sanchez persiste \u00e0 faire. Il s\u2019est laiss\u00e9 de la marge pour revenir \u00e0 ses positions initiales, et multiplie depuis quelques jours les approches en ce sens. La r\u00e9cente sortie du chef de la diplomatie europ\u00e9enne, l\u2019Espagnol Josep Borrell, qui a affirm\u00e9 que la position de Madrid sur le Sahara occidental va dans le sens de celle de l\u2019UE, soit un soutien au processus onusien de r\u00e8glement du conflit, laisse pr\u00e9sager une nouvelle gifle que sera ass\u00e9n\u00e9e, cette fois-ci, par Madrid. Mais un retour au dialogue avec Alger, au regard de l\u2019\u00e9volution de la situation, devra d\u00e9passer la simple concession formul\u00e9e du bout des l\u00e8vres.&nbsp;<\/p>\n\n\n\n<p>En tant que puissance administrante du territoire du Sahara occidental qu\u2019elle a colonis\u00e9, l&rsquo;Espagne doit permettre au peuple sahraoui d&rsquo;acc\u00e9der \u00e0 son droit inali\u00e9nable \u00e0 l&rsquo;autod\u00e9termination. Une \u00e9preuve que ne saurait certainement pas subir le gouvernement Sanchez qui se soumet \u00e0 la menace marocaine au chantage \u00e0 l\u2019immigration clandestine. Pour l\u2019Alg\u00e9rie qui a proc\u00e9d\u00e9, le 9 juin dernier,&nbsp;&nbsp;au gel du \u00ab trait\u00e9 d\u2019amiti\u00e9, de bon voisinage et de coop\u00e9ration \u00bb sign\u00e9 le 8 octobre 2002, Madrid devra assumer les cons\u00e9quences \u00ab d\u2019un revirement injustifiable de sa position depuis les annonces du 18 mars 2022, par lesquelles le gouvernement espagnol actuel a apport\u00e9 son plein soutien \u00e0 la formule ill\u00e9gale et ill\u00e9gitime de l\u2019autonomie interne [du Sahara occidental] pr\u00e9conis\u00e9e par la puissance occupante, et s\u2019emploie \u00e0 promouvoir un fait accompli colonial en usant d\u2019arguments fallacieux \u00bb, annon\u00e7ait un communiqu\u00e9 de la pr\u00e9sidence de la R\u00e9publique.&nbsp;<\/p>\n\n\n\n<p>Azzedine Belferag<\/p>\n","protected":false},"excerpt":{"rendered":"<p>En pleine crise diplomatique qu\u2019il a lui-m\u00eame provoqu\u00e9 avec l\u2019Alg\u00e9rie en apportant, mars dernier, son soutien \u00e0 la th\u00e8se du<\/p>\n","protected":false},"author":2,"featured_media":26659,"comment_status":"open","ping_status":"closed","sticky":false,"template":"","format":"standard","meta":{"colormag_page_container_layout":"default_layout","colormag_page_sidebar_layout":"default_layout","om_disable_all_campaigns":false,"_monsterinsights_skip_tracking":false,"_monsterinsights_sitenote_active":false,"_monsterinsights_sitenote_note":"","_monsterinsights_sitenote_category":0,"footnotes":"","_wpscppro_dont_share_socialmedia":false,"_wpscppro_custom_social_share_image":0,"_facebook_share_type":"","_twitter_share_type":"","_linkedin_share_type":"","_pinterest_share_type":"","_linkedin_share_type_page":"","_instagram_share_type":"","_medium_share_type":"","_threads_share_type":"","_google_business_share_type":"","_selected_social_profile":[],"_wpsp_enable_custom_social_template":false,"_wpsp_social_scheduling":{"enabled":false,"datetime":null,"platforms":[],"status":"template_only","dateOption":"today","timeOption":"now","customDays":"","customHours":"","customDate":"","customTime":"","schedulingType":"absolute"},"_wpsp_active_default_template":true},"categories":[52,27],"tags":[],"class_list":["post-26658","post","type-post","status-publish","format-standard","has-post-thumbnail","hentry","category-a-la-une","category-actualite"],"aioseo_notices":[],"yoast_head":"<!-- This site is optimized with the Yoast SEO plugin v27.5 - https:\/\/yoast.com\/product\/yoast-seo-wordpress\/ -->\n<title>La reprise du dialogue est soumise \u00e0 des pr\u00e9alables\u00a0: Les concessions attendues de Sanchez - La Sentinelle<\/title>\n<meta name=\"robots\" content=\"index, follow, max-snippet:-1, max-image-preview:large, max-video-preview:-1\" \/>\n<link rel=\"canonical\" href=\"https:\/\/lasentinelle.dz\/index.php\/2022\/08\/31\/la-reprise-du-dialogue-est-soumise-a-des-prealables-les-concessions-attendues-de-sanchez\/\" \/>\n<meta property=\"og:locale\" content=\"fr_FR\" \/>\n<meta property=\"og:type\" content=\"article\" \/>\n<meta property=\"og:title\" content=\"La reprise du dialogue est soumise \u00e0 des pr\u00e9alables\u00a0: Les concessions attendues de Sanchez - La Sentinelle\" \/>\n<meta property=\"og:description\" content=\"En pleine crise diplomatique qu\u2019il a lui-m\u00eame provoqu\u00e9 avec l\u2019Alg\u00e9rie en apportant, mars dernier, son soutien \u00e0 la th\u00e8se du\" \/>\n<meta property=\"og:url\" content=\"https:\/\/lasentinelle.dz\/index.php\/2022\/08\/31\/la-reprise-du-dialogue-est-soumise-a-des-prealables-les-concessions-attendues-de-sanchez\/\" \/>\n<meta property=\"og:site_name\" content=\"La Sentinelle\" \/>\n<meta property=\"article:publisher\" content=\"https:\/\/www.facebook.com\/La-Sentinelle-104059864394773\" \/>\n<meta property=\"article:published_time\" content=\"2022-08-30T23:17:00+00:00\" \/>\n<meta property=\"og:image\" content=\"https:\/\/lasentinelle.dz\/wp-content\/uploads\/2022\/08\/sanchez.png\" \/>\n\t<meta property=\"og:image:width\" content=\"1350\" \/>\n\t<meta property=\"og:image:height\" content=\"900\" \/>\n\t<meta property=\"og:image:type\" content=\"image\/png\" \/>\n<meta name=\"author\" content=\"Azzedine Belferag\" \/>\n<meta name=\"twitter:card\" content=\"summary_large_image\" \/>\n<meta name=\"twitter:label1\" content=\"\u00c9crit par\" \/>\n\t<meta name=\"twitter:data1\" content=\"Azzedine Belferag\" \/>\n\t<meta name=\"twitter:label2\" content=\"Dur\u00e9e de lecture estim\u00e9e\" \/>\n\t<meta name=\"twitter:data2\" content=\"6 minutes\" \/>\n<script type=\"application\/ld+json\" class=\"yoast-schema-graph\">{\"@context\":\"https:\\\/\\\/schema.org\",\"@graph\":[{\"@type\":\"Article\",\"@id\":\"https:\\\/\\\/lasentinelle.dz\\\/index.php\\\/2022\\\/08\\\/31\\\/la-reprise-du-dialogue-est-soumise-a-des-prealables-les-concessions-attendues-de-sanchez\\\/#article\",\"isPartOf\":{\"@id\":\"https:\\\/\\\/lasentinelle.dz\\\/index.php\\\/2022\\\/08\\\/31\\\/la-reprise-du-dialogue-est-soumise-a-des-prealables-les-concessions-attendues-de-sanchez\\\/\"},\"author\":{\"name\":\"Azzedine Belferag\",\"@id\":\"https:\\\/\\\/lasentinelle.dz\\\/#\\\/schema\\\/person\\\/e22c868643946ece5f328ac9d185b29f\"},\"headline\":\"La reprise du dialogue est soumise \u00e0 des pr\u00e9alables\u00a0: Les concessions attendues de Sanchez\",\"datePublished\":\"2022-08-30T23:17:00+00:00\",\"mainEntityOfPage\":{\"@id\":\"https:\\\/\\\/lasentinelle.dz\\\/index.php\\\/2022\\\/08\\\/31\\\/la-reprise-du-dialogue-est-soumise-a-des-prealables-les-concessions-attendues-de-sanchez\\\/\"},\"wordCount\":1246,\"commentCount\":0,\"publisher\":{\"@id\":\"https:\\\/\\\/lasentinelle.dz\\\/#organization\"},\"image\":{\"@id\":\"https:\\\/\\\/lasentinelle.dz\\\/index.php\\\/2022\\\/08\\\/31\\\/la-reprise-du-dialogue-est-soumise-a-des-prealables-les-concessions-attendues-de-sanchez\\\/#primaryimage\"},\"thumbnailUrl\":\"https:\\\/\\\/lasentinelle.dz\\\/wp-content\\\/uploads\\\/2022\\\/08\\\/sanchez.png\",\"articleSection\":[\"\u00c0 la Une\",\"Actualit\u00e9\"],\"inLanguage\":\"fr-FR\",\"potentialAction\":[{\"@type\":\"CommentAction\",\"name\":\"Comment\",\"target\":[\"https:\\\/\\\/lasentinelle.dz\\\/index.php\\\/2022\\\/08\\\/31\\\/la-reprise-du-dialogue-est-soumise-a-des-prealables-les-concessions-attendues-de-sanchez\\\/#respond\"]}]},{\"@type\":\"WebPage\",\"@id\":\"https:\\\/\\\/lasentinelle.dz\\\/index.php\\\/2022\\\/08\\\/31\\\/la-reprise-du-dialogue-est-soumise-a-des-prealables-les-concessions-attendues-de-sanchez\\\/\",\"url\":\"https:\\\/\\\/lasentinelle.dz\\\/index.php\\\/2022\\\/08\\\/31\\\/la-reprise-du-dialogue-est-soumise-a-des-prealables-les-concessions-attendues-de-sanchez\\\/\",\"name\":\"La reprise du dialogue est soumise \u00e0 des pr\u00e9alables\u00a0: Les concessions attendues de Sanchez - La Sentinelle\",\"isPartOf\":{\"@id\":\"https:\\\/\\\/lasentinelle.dz\\\/#website\"},\"primaryImageOfPage\":{\"@id\":\"https:\\\/\\\/lasentinelle.dz\\\/index.php\\\/2022\\\/08\\\/31\\\/la-reprise-du-dialogue-est-soumise-a-des-prealables-les-concessions-attendues-de-sanchez\\\/#primaryimage\"},\"image\":{\"@id\":\"https:\\\/\\\/lasentinelle.dz\\\/index.php\\\/2022\\\/08\\\/31\\\/la-reprise-du-dialogue-est-soumise-a-des-prealables-les-concessions-attendues-de-sanchez\\\/#primaryimage\"},\"thumbnailUrl\":\"https:\\\/\\\/lasentinelle.dz\\\/wp-content\\\/uploads\\\/2022\\\/08\\\/sanchez.png\",\"datePublished\":\"2022-08-30T23:17:00+00:00\",\"breadcrumb\":{\"@id\":\"https:\\\/\\\/lasentinelle.dz\\\/index.php\\\/2022\\\/08\\\/31\\\/la-reprise-du-dialogue-est-soumise-a-des-prealables-les-concessions-attendues-de-sanchez\\\/#breadcrumb\"},\"inLanguage\":\"fr-FR\",\"potentialAction\":[{\"@type\":\"ReadAction\",\"target\":[\"https:\\\/\\\/lasentinelle.dz\\\/index.php\\\/2022\\\/08\\\/31\\\/la-reprise-du-dialogue-est-soumise-a-des-prealables-les-concessions-attendues-de-sanchez\\\/\"]}]},{\"@type\":\"ImageObject\",\"inLanguage\":\"fr-FR\",\"@id\":\"https:\\\/\\\/lasentinelle.dz\\\/index.php\\\/2022\\\/08\\\/31\\\/la-reprise-du-dialogue-est-soumise-a-des-prealables-les-concessions-attendues-de-sanchez\\\/#primaryimage\",\"url\":\"https:\\\/\\\/lasentinelle.dz\\\/wp-content\\\/uploads\\\/2022\\\/08\\\/sanchez.png\",\"contentUrl\":\"https:\\\/\\\/lasentinelle.dz\\\/wp-content\\\/uploads\\\/2022\\\/08\\\/sanchez.png\",\"width\":1350,\"height\":900},{\"@type\":\"BreadcrumbList\",\"@id\":\"https:\\\/\\\/lasentinelle.dz\\\/index.php\\\/2022\\\/08\\\/31\\\/la-reprise-du-dialogue-est-soumise-a-des-prealables-les-concessions-attendues-de-sanchez\\\/#breadcrumb\",\"itemListElement\":[{\"@type\":\"ListItem\",\"position\":1,\"name\":\"Accueil\",\"item\":\"https:\\\/\\\/lasentinelle.dz\\\/\"},{\"@type\":\"ListItem\",\"position\":2,\"name\":\"La reprise du dialogue est soumise \u00e0 des pr\u00e9alables\u00a0: Les concessions attendues de Sanchez\"}]},{\"@type\":\"WebSite\",\"@id\":\"https:\\\/\\\/lasentinelle.dz\\\/#website\",\"url\":\"https:\\\/\\\/lasentinelle.dz\\\/\",\"name\":\"La Sentinelle\",\"description\":\"Quotidien national d&#039;information\",\"publisher\":{\"@id\":\"https:\\\/\\\/lasentinelle.dz\\\/#organization\"},\"potentialAction\":[{\"@type\":\"SearchAction\",\"target\":{\"@type\":\"EntryPoint\",\"urlTemplate\":\"https:\\\/\\\/lasentinelle.dz\\\/?s={search_term_string}\"},\"query-input\":{\"@type\":\"PropertyValueSpecification\",\"valueRequired\":true,\"valueName\":\"search_term_string\"}}],\"inLanguage\":\"fr-FR\"},{\"@type\":\"Organization\",\"@id\":\"https:\\\/\\\/lasentinelle.dz\\\/#organization\",\"name\":\"Quotidien La Sentinelle\",\"url\":\"https:\\\/\\\/lasentinelle.dz\\\/\",\"logo\":{\"@type\":\"ImageObject\",\"inLanguage\":\"fr-FR\",\"@id\":\"https:\\\/\\\/lasentinelle.dz\\\/#\\\/schema\\\/logo\\\/image\\\/\",\"url\":\"https:\\\/\\\/lasentinelle.dz\\\/wp-content\\\/uploads\\\/2021\\\/09\\\/logo-sentinelleSLOGAN-1.png\",\"contentUrl\":\"https:\\\/\\\/lasentinelle.dz\\\/wp-content\\\/uploads\\\/2021\\\/09\\\/logo-sentinelleSLOGAN-1.png\",\"width\":615,\"height\":142,\"caption\":\"Quotidien La Sentinelle\"},\"image\":{\"@id\":\"https:\\\/\\\/lasentinelle.dz\\\/#\\\/schema\\\/logo\\\/image\\\/\"},\"sameAs\":[\"https:\\\/\\\/www.facebook.com\\\/La-Sentinelle-104059864394773\"]},{\"@type\":\"Person\",\"@id\":\"https:\\\/\\\/lasentinelle.dz\\\/#\\\/schema\\\/person\\\/e22c868643946ece5f328ac9d185b29f\",\"name\":\"Azzedine Belferag\",\"image\":{\"@type\":\"ImageObject\",\"inLanguage\":\"fr-FR\",\"@id\":\"https:\\\/\\\/secure.gravatar.com\\\/avatar\\\/767ecc3bfcf23cd6d0dae1705f124feb13a88fded1daa56498e4fb3aa3fc36a1?s=96&d=mm&r=g\",\"url\":\"https:\\\/\\\/secure.gravatar.com\\\/avatar\\\/767ecc3bfcf23cd6d0dae1705f124feb13a88fded1daa56498e4fb3aa3fc36a1?s=96&d=mm&r=g\",\"contentUrl\":\"https:\\\/\\\/secure.gravatar.com\\\/avatar\\\/767ecc3bfcf23cd6d0dae1705f124feb13a88fded1daa56498e4fb3aa3fc36a1?s=96&d=mm&r=g\",\"caption\":\"Azzedine Belferag\"},\"sameAs\":[\"http:\\\/\\\/www.lasentinelle.dz\"],\"url\":\"https:\\\/\\\/lasentinelle.dz\\\/author\\\/belferag\\\/\"}]}<\/script>\n<!-- \/ Yoast SEO plugin. -->","yoast_head_json":{"title":"La reprise du dialogue est soumise \u00e0 des pr\u00e9alables\u00a0: Les concessions attendues de Sanchez - La Sentinelle","robots":{"index":"index","follow":"follow","max-snippet":"max-snippet:-1","max-image-preview":"max-image-preview:large","max-video-preview":"max-video-preview:-1"},"canonical":"https:\/\/lasentinelle.dz\/index.php\/2022\/08\/31\/la-reprise-du-dialogue-est-soumise-a-des-prealables-les-concessions-attendues-de-sanchez\/","og_locale":"fr_FR","og_type":"article","og_title":"La reprise du dialogue est soumise \u00e0 des pr\u00e9alables\u00a0: Les concessions attendues de Sanchez - La Sentinelle","og_description":"En pleine crise diplomatique qu\u2019il a lui-m\u00eame provoqu\u00e9 avec l\u2019Alg\u00e9rie en apportant, mars dernier, son soutien \u00e0 la th\u00e8se du","og_url":"https:\/\/lasentinelle.dz\/index.php\/2022\/08\/31\/la-reprise-du-dialogue-est-soumise-a-des-prealables-les-concessions-attendues-de-sanchez\/","og_site_name":"La Sentinelle","article_publisher":"https:\/\/www.facebook.com\/La-Sentinelle-104059864394773","article_published_time":"2022-08-30T23:17:00+00:00","og_image":[{"width":1350,"height":900,"url":"https:\/\/lasentinelle.dz\/wp-content\/uploads\/2022\/08\/sanchez.png","type":"image\/png"}],"author":"Azzedine Belferag","twitter_card":"summary_large_image","twitter_misc":{"\u00c9crit par":"Azzedine Belferag","Dur\u00e9e de lecture estim\u00e9e":"6 minutes"},"schema":{"@context":"https:\/\/schema.org","@graph":[{"@type":"Article","@id":"https:\/\/lasentinelle.dz\/index.php\/2022\/08\/31\/la-reprise-du-dialogue-est-soumise-a-des-prealables-les-concessions-attendues-de-sanchez\/#article","isPartOf":{"@id":"https:\/\/lasentinelle.dz\/index.php\/2022\/08\/31\/la-reprise-du-dialogue-est-soumise-a-des-prealables-les-concessions-attendues-de-sanchez\/"},"author":{"name":"Azzedine Belferag","@id":"https:\/\/lasentinelle.dz\/#\/schema\/person\/e22c868643946ece5f328ac9d185b29f"},"headline":"La reprise du dialogue est soumise \u00e0 des pr\u00e9alables\u00a0: Les concessions attendues de Sanchez","datePublished":"2022-08-30T23:17:00+00:00","mainEntityOfPage":{"@id":"https:\/\/lasentinelle.dz\/index.php\/2022\/08\/31\/la-reprise-du-dialogue-est-soumise-a-des-prealables-les-concessions-attendues-de-sanchez\/"},"wordCount":1246,"commentCount":0,"publisher":{"@id":"https:\/\/lasentinelle.dz\/#organization"},"image":{"@id":"https:\/\/lasentinelle.dz\/index.php\/2022\/08\/31\/la-reprise-du-dialogue-est-soumise-a-des-prealables-les-concessions-attendues-de-sanchez\/#primaryimage"},"thumbnailUrl":"https:\/\/lasentinelle.dz\/wp-content\/uploads\/2022\/08\/sanchez.png","articleSection":["\u00c0 la Une","Actualit\u00e9"],"inLanguage":"fr-FR","potentialAction":[{"@type":"CommentAction","name":"Comment","target":["https:\/\/lasentinelle.dz\/index.php\/2022\/08\/31\/la-reprise-du-dialogue-est-soumise-a-des-prealables-les-concessions-attendues-de-sanchez\/#respond"]}]},{"@type":"WebPage","@id":"https:\/\/lasentinelle.dz\/index.php\/2022\/08\/31\/la-reprise-du-dialogue-est-soumise-a-des-prealables-les-concessions-attendues-de-sanchez\/","url":"https:\/\/lasentinelle.dz\/index.php\/2022\/08\/31\/la-reprise-du-dialogue-est-soumise-a-des-prealables-les-concessions-attendues-de-sanchez\/","name":"La reprise du dialogue est soumise \u00e0 des pr\u00e9alables\u00a0: Les concessions attendues de Sanchez - La Sentinelle","isPartOf":{"@id":"https:\/\/lasentinelle.dz\/#website"},"primaryImageOfPage":{"@id":"https:\/\/lasentinelle.dz\/index.php\/2022\/08\/31\/la-reprise-du-dialogue-est-soumise-a-des-prealables-les-concessions-attendues-de-sanchez\/#primaryimage"},"image":{"@id":"https:\/\/lasentinelle.dz\/index.php\/2022\/08\/31\/la-reprise-du-dialogue-est-soumise-a-des-prealables-les-concessions-attendues-de-sanchez\/#primaryimage"},"thumbnailUrl":"https:\/\/lasentinelle.dz\/wp-content\/uploads\/2022\/08\/sanchez.png","datePublished":"2022-08-30T23:17:00+00:00","breadcrumb":{"@id":"https:\/\/lasentinelle.dz\/index.php\/2022\/08\/31\/la-reprise-du-dialogue-est-soumise-a-des-prealables-les-concessions-attendues-de-sanchez\/#breadcrumb"},"inLanguage":"fr-FR","potentialAction":[{"@type":"ReadAction","target":["https:\/\/lasentinelle.dz\/index.php\/2022\/08\/31\/la-reprise-du-dialogue-est-soumise-a-des-prealables-les-concessions-attendues-de-sanchez\/"]}]},{"@type":"ImageObject","inLanguage":"fr-FR","@id":"https:\/\/lasentinelle.dz\/index.php\/2022\/08\/31\/la-reprise-du-dialogue-est-soumise-a-des-prealables-les-concessions-attendues-de-sanchez\/#primaryimage","url":"https:\/\/lasentinelle.dz\/wp-content\/uploads\/2022\/08\/sanchez.png","contentUrl":"https:\/\/lasentinelle.dz\/wp-content\/uploads\/2022\/08\/sanchez.png","width":1350,"height":900},{"@type":"BreadcrumbList","@id":"https:\/\/lasentinelle.dz\/index.php\/2022\/08\/31\/la-reprise-du-dialogue-est-soumise-a-des-prealables-les-concessions-attendues-de-sanchez\/#breadcrumb","itemListElement":[{"@type":"ListItem","position":1,"name":"Accueil","item":"https:\/\/lasentinelle.dz\/"},{"@type":"ListItem","position":2,"name":"La reprise du dialogue est soumise \u00e0 des pr\u00e9alables\u00a0: Les concessions attendues de Sanchez"}]},{"@type":"WebSite","@id":"https:\/\/lasentinelle.dz\/#website","url":"https:\/\/lasentinelle.dz\/","name":"La Sentinelle","description":"Quotidien national d&#039;information","publisher":{"@id":"https:\/\/lasentinelle.dz\/#organization"},"potentialAction":[{"@type":"SearchAction","target":{"@type":"EntryPoint","urlTemplate":"https:\/\/lasentinelle.dz\/?s={search_term_string}"},"query-input":{"@type":"PropertyValueSpecification","valueRequired":true,"valueName":"search_term_string"}}],"inLanguage":"fr-FR"},{"@type":"Organization","@id":"https:\/\/lasentinelle.dz\/#organization","name":"Quotidien La Sentinelle","url":"https:\/\/lasentinelle.dz\/","logo":{"@type":"ImageObject","inLanguage":"fr-FR","@id":"https:\/\/lasentinelle.dz\/#\/schema\/logo\/image\/","url":"https:\/\/lasentinelle.dz\/wp-content\/uploads\/2021\/09\/logo-sentinelleSLOGAN-1.png","contentUrl":"https:\/\/lasentinelle.dz\/wp-content\/uploads\/2021\/09\/logo-sentinelleSLOGAN-1.png","width":615,"height":142,"caption":"Quotidien La Sentinelle"},"image":{"@id":"https:\/\/lasentinelle.dz\/#\/schema\/logo\/image\/"},"sameAs":["https:\/\/www.facebook.com\/La-Sentinelle-104059864394773"]},{"@type":"Person","@id":"https:\/\/lasentinelle.dz\/#\/schema\/person\/e22c868643946ece5f328ac9d185b29f","name":"Azzedine Belferag","image":{"@type":"ImageObject","inLanguage":"fr-FR","@id":"https:\/\/secure.gravatar.com\/avatar\/767ecc3bfcf23cd6d0dae1705f124feb13a88fded1daa56498e4fb3aa3fc36a1?s=96&d=mm&r=g","url":"https:\/\/secure.gravatar.com\/avatar\/767ecc3bfcf23cd6d0dae1705f124feb13a88fded1daa56498e4fb3aa3fc36a1?s=96&d=mm&r=g","contentUrl":"https:\/\/secure.gravatar.com\/avatar\/767ecc3bfcf23cd6d0dae1705f124feb13a88fded1daa56498e4fb3aa3fc36a1?s=96&d=mm&r=g","caption":"Azzedine Belferag"},"sameAs":["http:\/\/www.lasentinelle.dz"],"url":"https:\/\/lasentinelle.dz\/author\/belferag\/"}]}},"_links":{"self":[{"href":"https:\/\/lasentinelle.dz\/index.php\/wp-json\/wp\/v2\/posts\/26658","targetHints":{"allow":["GET"]}}],"collection":[{"href":"https:\/\/lasentinelle.dz\/index.php\/wp-json\/wp\/v2\/posts"}],"about":[{"href":"https:\/\/lasentinelle.dz\/index.php\/wp-json\/wp\/v2\/types\/post"}],"author":[{"embeddable":true,"href":"https:\/\/lasentinelle.dz\/index.php\/wp-json\/wp\/v2\/users\/2"}],"replies":[{"embeddable":true,"href":"https:\/\/lasentinelle.dz\/index.php\/wp-json\/wp\/v2\/comments?post=26658"}],"version-history":[{"count":1,"href":"https:\/\/lasentinelle.dz\/index.php\/wp-json\/wp\/v2\/posts\/26658\/revisions"}],"predecessor-version":[{"id":26660,"href":"https:\/\/lasentinelle.dz\/index.php\/wp-json\/wp\/v2\/posts\/26658\/revisions\/26660"}],"wp:featuredmedia":[{"embeddable":true,"href":"https:\/\/lasentinelle.dz\/index.php\/wp-json\/wp\/v2\/media\/26659"}],"wp:attachment":[{"href":"https:\/\/lasentinelle.dz\/index.php\/wp-json\/wp\/v2\/media?parent=26658"}],"wp:term":[{"taxonomy":"category","embeddable":true,"href":"https:\/\/lasentinelle.dz\/index.php\/wp-json\/wp\/v2\/categories?post=26658"},{"taxonomy":"post_tag","embeddable":true,"href":"https:\/\/lasentinelle.dz\/index.php\/wp-json\/wp\/v2\/tags?post=26658"}],"curies":[{"name":"wp","href":"https:\/\/api.w.org\/{rel}","templated":true}]}}