{"id":2670,"date":"2021-07-29T00:01:00","date_gmt":"2021-07-28T23:01:00","guid":{"rendered":"https:\/\/lasentinelle.dz\/?p=2670"},"modified":"2021-07-28T16:25:20","modified_gmt":"2021-07-28T15:25:20","slug":"renforcer-les-efforts-de-lutte-contre-la-pauvrete","status":"publish","type":"post","link":"https:\/\/lasentinelle.dz\/index.php\/2021\/07\/29\/renforcer-les-efforts-de-lutte-contre-la-pauvrete\/","title":{"rendered":"Renforcer les efforts de lutte contre la pauvret\u00e9"},"content":{"rendered":"\n<p><strong>Par Shameran Abed<\/strong><\/p>\n\n\n\n<p>De 1990 \u00e0 2019, le nombre de personnes vivant dans l&rsquo;extr\u00eame pauvret\u00e9 (selon le seuil de la Banque mondiale de 1,90 dollar par jour) a chut\u00e9, passant de 1,9 milliard \u00e0 648 millions. Le covid-19 a invers\u00e9 une grande partie de ces progr\u00e8s. D&rsquo;ici fin 2021, la pand\u00e9mie aura replong\u00e9 environ 150 millions de personnes dans l&rsquo;extr\u00eame pauvret\u00e9.<\/p>\n\n\n\n<p>M\u00eame avant le covid-19, cependant, le monde n&rsquo;\u00e9tait pas sur la bonne voie pour mettre fin \u00e0 l&rsquo;extr\u00eame pauvret\u00e9 au cours de la prochaine d\u00e9cennie. Les progr\u00e8s en mati\u00e8re de r\u00e9duction de la pauvret\u00e9 avaient ralenti bien avant que la pand\u00e9mie ne frappe, les taux de pauvret\u00e9 dans le monde ayant chut\u00e9 de moins d&rsquo;un demi-point de pourcentage par an entre 2015 et 2019. \u00c0 ce rythme, m\u00eame sans lecovid-19, 537 millions de personnes auraient encore v\u00e9cu dans l&rsquo;extr\u00eame pauvret\u00e9 en 2030, ce qui implique de ne pas atteindre les objectifs de d\u00e9veloppement durable des Nations Unies, en particulier l&rsquo;ODD N\u00b01.<\/p>\n\n\n\n<p>Chez BRAC, la plus grande ONG mondiale dirig\u00e9e par les pays du Sud, des d\u00e9cennies de conception, de mise en \u0153uvre, de conseil et d&rsquo;adaptation des interventions de r\u00e9duction de la pauvret\u00e9 nous ont permis de mieux comprendre comment rendre les programmes et les politiques de lutte contre la pauvret\u00e9 plus efficaces.<\/p>\n\n\n\n<p>Premi\u00e8rement, les programmes doivent atteindre les personnes dans les \u00e9tats de pauvret\u00e9 les plus extr\u00eames. Les personnes vivant dans l&rsquo;extr\u00eame pauvret\u00e9 font face \u00e0 des obstacles pour acc\u00e9der aux programmes et services sociaux. Ils sont moins susceptibles d&rsquo;avoir des comptes bancaires, des adresses permanentes ou des pi\u00e8ces d&rsquo;identit\u00e9 formelles \u2013 qui peuvent tous \u00eatre requis pour l&rsquo;enregistrement. Ils sont \u00e9galement confront\u00e9s \u00e0 la stigmatisation sociale associ\u00e9e \u00e0 la r\u00e9ception de services publics et manquent souvent d&rsquo;informations suffisantes sur les programmes auxquels ils sont \u00e9ligibles.<\/p>\n\n\n\n<p>Dans les pays \u00e0 faible revenu, 79 % des salari\u00e9s du quintile inf\u00e9rieur ne re\u00e7oivent aucune aide sociale. Pour garantir que l&rsquo;aide parvienne \u00e0 ceux qui en ont le plus besoin, les gouvernements et leurs partenaires doivent concevoir des politiques et des programmes qui surmontent les obstacles auxquels les personnes vivant dans l&rsquo;extr\u00eame pauvret\u00e9 sont confront\u00e9es et les int\u00e8grent dans les filets de s\u00e9curit\u00e9 sociale existants.<\/p>\n\n\n\n<p>Deuxi\u00e8mement, les programmes doivent permettre aux personnes vivant dans l&rsquo;extr\u00eame pauvret\u00e9 de renforcer leur r\u00e9silience \u00e0 long terme. Les gouvernements et leurs partenaires doivent faire plus qu&rsquo;am\u00e9liorer la satisfaction des besoins essentiels. Ils doivent \u00e9galement investir pour permettre aux personnes en situation d&rsquo;extr\u00eame pauvret\u00e9 d&rsquo;acqu\u00e9rir les comp\u00e9tences et les ressources dont elles ont besoin pour \u00e9viter de retomber dans le pi\u00e8ge de la pauvret\u00e9. Cette approche est cruciale en temps de crise, comme l&rsquo;a constat\u00e9 notre \u00e9quipe de BRAC en conseillant le gouvernement philippin, en partenariat avec la Banque asiatique de d\u00e9veloppement, sur une r\u00e9cente intervention de lutte contre la pauvret\u00e9.<\/p>\n\n\n\n<p>Pendant la pand\u00e9mie, le programme a permis aux participants de recevoir une aide en esp\u00e8ces du gouvernement national et une aide alimentaire de leur gouvernement local. Pendant ce temps, il leur a fourni les ressources et la formation dont ils avaient besoin pour \u00e9tablir de multiples sources de revenus. En cons\u00e9quence, 76% des participants ont pu continuer \u00e0 gagner un revenu m\u00eame pendant des fermetures strictes.<\/p>\n\n\n\n<p>Troisi\u00e8mement, les programmes doivent traiter la pauvret\u00e9 comme multiforme et sp\u00e9cifique au contexte. L&rsquo;extr\u00eame pauvret\u00e9 est multidimensionnelle. Une d\u00e9finition pr\u00e9cise doit tenir compte des nombreux domaines de privation auxquels les personnes vivant dans l&rsquo;extr\u00eame pauvret\u00e9 sont confront\u00e9es, du manque d&rsquo;eau potable et d&rsquo;\u00e9lectricit\u00e9 \u00e0 la malnutrition et \u00e0 l&rsquo;exclusion sociale. Ces privations et les interventions n\u00e9cessaires pour les surmonter varient selon les populations et les zones g\u00e9ographiques. Sur la base d&rsquo;une \u00e9valuation des facteurs li\u00e9s \u00e0 des lieux et des contextes socio-\u00e9conomiques sp\u00e9cifiques, les gouvernements et leurs partenaires doivent cr\u00e9er des interventions plus holistiques qui permettent aux pauvres de faire face \u00e0 leurs d\u00e9fis uniques.<\/p>\n\n\n\n<p>Quatri\u00e8mement, ces programmes doivent impliquer les communaut\u00e9s locales et les gouvernements, dont la participation active peut aider les interventions de lutte contre la pauvret\u00e9 \u00e0 mieux refl\u00e9ter les r\u00e9alit\u00e9s de la vie quotidienne des gens et \u00e0 gagner l&rsquo;adh\u00e9sion locale. Faire participer la soci\u00e9t\u00e9 civile au processus peut \u00e9galement jouer un r\u00f4le important en obligeant le gouvernement \u00e0 rendre des comptes et en soutenant la demande de programmes et de politiques plus efficaces. Et les gouvernements locaux peuvent aider les gouvernements nationaux et leurs partenaires \u00e0 identifier les m\u00e9nages marginalis\u00e9s et \u00e0 soutenir leur inclusion sociale.<\/p>\n\n\n\n<p>Cinqui\u00e8mement, les gouvernements et leurs partenaires doivent savoir ce qui fonctionne et ce qui ne fonctionne pas, puis adapter la programmation en cons\u00e9quence. Pour maximiser l&rsquo;impact des interventions de lutte contre la pauvret\u00e9 \u00e0 grande \u00e9chelle, les gouvernements et leurs partenaires doivent s&rsquo;engager \u00e0 suivre, \u00e9valuer et tirer des enseignements des programmes au fur et \u00e0 mesure de leur mise en \u0153uvre, puis les r\u00e9viser si n\u00e9cessaire.<\/p>\n\n\n\n<p>Ces \u00e9valuations devraient commencer par identifier les principes qui guident la conception des programmes. Les composantes du programme doivent ensuite \u00eatre peaufin\u00e9es et test\u00e9es en gardant ces principes \u00e0 l&rsquo;esprit, et les r\u00e9sultats soigneusement surveill\u00e9s. Ce n&rsquo;est que gr\u00e2ce \u00e0 une adaptation fond\u00e9e sur des preuves que les gouvernements et leurs partenaires peuvent garantir que les programmes qu&rsquo;ils mettent en \u0153uvre ont un impact durable et s&rsquo;ajustent pour r\u00e9pondre aux besoins uniques et \u00e9volutifs de leur population.<\/p>\n\n\n\n<p>Cela doit \u00eatre un effort de collaboration. Si la communaut\u00e9 internationale adopte ces mesures, les programmes et politiques de lutte contre la pauvret\u00e9 peuvent devenir plus inclusifs, adaptatifs et complets. Au-del\u00e0 de l&rsquo;engagement de la soci\u00e9t\u00e9 civile et du monde universitaire, les gouvernements ont besoin d&rsquo;acteurs du d\u00e9veloppement, y compris les institutions multilat\u00e9rales et les pays donateurs, pour aider \u00e0 combler les lacunes en mati\u00e8re de ressources jusqu&rsquo;\u00e0 ce qu&rsquo;ils puissent mobiliser de mani\u00e8re ind\u00e9pendante des ressources nationales suffisantes. De nombreux pays \u00e0 revenu faible ou interm\u00e9diaire n&rsquo;ont tout simplement pas la marge de man\u0153uvre budg\u00e9taire et la capacit\u00e9 de l&rsquo;\u00c9tat pour mettre en \u0153uvre seuls des mesures de r\u00e9duction de la pauvret\u00e9 \u00e0 grande \u00e9chelle.<\/p>\n\n\n\n<p>L&rsquo;ODD N\u00b01 est profond\u00e9ment li\u00e9 aux autres ODD, de la garantie de l&rsquo;\u00e9galit\u00e9 des sexes \u00e0 la promotion de la durabilit\u00e9 en passant par l&rsquo;am\u00e9lioration de la nutrition. Le covid-19 a invers\u00e9 des d\u00e9cennies de progr\u00e8s dans ces domaines, et nous avons besoin d&rsquo;interventions transversales qui soutiennent plusieurs domaines de d\u00e9veloppement simultan\u00e9ment si nous voulons nous r\u00e9tablir. La seule fa\u00e7on d&rsquo;\u00e9viter de laisser de nombreuses personnes derri\u00e8re est de s&rsquo;assurer que les interventions de lutte contre la pauvret\u00e9 sont mieux financ\u00e9es, plus holistiques et plus efficaces \u00e0 grande \u00e9chelle.<\/p>\n\n\n\n<p><strong>Copyright : Project Syndicate, 2021.<\/strong><\/p>\n\n\n\n<p><strong>www.project-syndicate.org<\/strong><\/p>\n\n\n\n<figure class=\"wp-block-image size-large is-resized\"><img loading=\"lazy\" decoding=\"async\" src=\"https:\/\/lasentinelle.dz\/wp-content\/uploads\/2021\/07\/Shameran-Abed-NB-edited.png\" alt=\"\" class=\"wp-image-2685\" width=\"226\" height=\"127\" srcset=\"https:\/\/lasentinelle.dz\/wp-content\/uploads\/2021\/07\/Shameran-Abed-NB-edited.png 1067w, https:\/\/lasentinelle.dz\/wp-content\/uploads\/2021\/07\/Shameran-Abed-NB-edited-300x169.png 300w, https:\/\/lasentinelle.dz\/wp-content\/uploads\/2021\/07\/Shameran-Abed-NB-edited-1024x576.png 1024w, https:\/\/lasentinelle.dz\/wp-content\/uploads\/2021\/07\/Shameran-Abed-NB-edited-768x432.png 768w, https:\/\/lasentinelle.dz\/wp-content\/uploads\/2021\/07\/Shameran-Abed-NB-edited-800x445.png 800w\" sizes=\"auto, (max-width: 226px) 100vw, 226px\" \/><\/figure>\n\n\n\n<p><strong>Shameran Abed est directeur principal des programmes de microfinance et de fin d&rsquo;\u00e9tudes pour les ultra-pauvres au BRAC.<\/strong><\/p>\n","protected":false},"excerpt":{"rendered":"<p>Par Shameran Abed De 1990 \u00e0 2019, le nombre de personnes vivant dans l&rsquo;extr\u00eame pauvret\u00e9 (selon le seuil de la<\/p>\n","protected":false},"author":3,"featured_media":2683,"comment_status":"open","ping_status":"closed","sticky":false,"template":"","format":"standard","meta":{"colormag_page_container_layout":"default_layout","colormag_page_sidebar_layout":"default_layout","om_disable_all_campaigns":false,"_monsterinsights_skip_tracking":false,"_monsterinsights_sitenote_active":false,"_monsterinsights_sitenote_note":"","_monsterinsights_sitenote_category":0,"footnotes":"","_wpscppro_dont_share_socialmedia":false,"_wpscppro_custom_social_share_image":0,"_facebook_share_type":"","_twitter_share_type":"","_linkedin_share_type":"","_pinterest_share_type":"","_linkedin_share_type_page":"","_instagram_share_type":"","_medium_share_type":"","_threads_share_type":"","_google_business_share_type":"","_selected_social_profile":[],"_wpsp_enable_custom_social_template":false,"_wpsp_social_scheduling":{"enabled":false,"datetime":null,"platforms":[],"status":"template_only","dateOption":"today","timeOption":"now","customDays":"","customHours":"","customDate":"","customTime":"","schedulingType":"absolute"},"_wpsp_active_default_template":true},"categories":[38],"tags":[],"class_list":["post-2670","post","type-post","status-publish","format-standard","has-post-thumbnail","hentry","category-debats"],"aioseo_notices":[],"yoast_head":"<!-- This site is optimized with the Yoast SEO plugin v27.5 - https:\/\/yoast.com\/product\/yoast-seo-wordpress\/ -->\n<title>Renforcer les efforts de lutte contre la pauvret\u00e9 - La Sentinelle<\/title>\n<meta name=\"robots\" content=\"index, follow, max-snippet:-1, max-image-preview:large, max-video-preview:-1\" \/>\n<link rel=\"canonical\" href=\"https:\/\/lasentinelle.dz\/index.php\/2021\/07\/29\/renforcer-les-efforts-de-lutte-contre-la-pauvrete\/\" \/>\n<meta property=\"og:locale\" content=\"fr_FR\" \/>\n<meta property=\"og:type\" content=\"article\" \/>\n<meta property=\"og:title\" content=\"Renforcer les efforts de lutte contre la pauvret\u00e9 - La Sentinelle\" \/>\n<meta property=\"og:description\" content=\"Par Shameran Abed De 1990 \u00e0 2019, le nombre de personnes vivant dans l&rsquo;extr\u00eame pauvret\u00e9 (selon le seuil de la\" \/>\n<meta property=\"og:url\" content=\"https:\/\/lasentinelle.dz\/index.php\/2021\/07\/29\/renforcer-les-efforts-de-lutte-contre-la-pauvrete\/\" \/>\n<meta property=\"og:site_name\" content=\"La Sentinelle\" \/>\n<meta property=\"article:publisher\" content=\"https:\/\/www.facebook.com\/La-Sentinelle-104059864394773\" \/>\n<meta property=\"article:published_time\" content=\"2021-07-28T23:01:00+00:00\" \/>\n<meta property=\"og:image\" content=\"https:\/\/lasentinelle.dz\/wp-content\/uploads\/2021\/07\/pauvrete-ODD.png\" \/>\n\t<meta property=\"og:image:width\" content=\"1600\" \/>\n\t<meta property=\"og:image:height\" content=\"900\" \/>\n\t<meta property=\"og:image:type\" content=\"image\/png\" \/>\n<meta name=\"author\" content=\"La Sentinelle\" \/>\n<meta name=\"twitter:card\" content=\"summary_large_image\" \/>\n<meta name=\"twitter:label1\" content=\"\u00c9crit par\" \/>\n\t<meta name=\"twitter:data1\" content=\"La Sentinelle\" \/>\n\t<meta name=\"twitter:label2\" content=\"Dur\u00e9e de lecture estim\u00e9e\" \/>\n\t<meta name=\"twitter:data2\" content=\"6 minutes\" \/>\n<script type=\"application\/ld+json\" class=\"yoast-schema-graph\">{\"@context\":\"https:\\\/\\\/schema.org\",\"@graph\":[{\"@type\":\"Article\",\"@id\":\"https:\\\/\\\/lasentinelle.dz\\\/index.php\\\/2021\\\/07\\\/29\\\/renforcer-les-efforts-de-lutte-contre-la-pauvrete\\\/#article\",\"isPartOf\":{\"@id\":\"https:\\\/\\\/lasentinelle.dz\\\/index.php\\\/2021\\\/07\\\/29\\\/renforcer-les-efforts-de-lutte-contre-la-pauvrete\\\/\"},\"author\":{\"name\":\"La Sentinelle\",\"@id\":\"https:\\\/\\\/lasentinelle.dz\\\/#\\\/schema\\\/person\\\/d865044e22e70a75174ce8bcad3acfb3\"},\"headline\":\"Renforcer les efforts de lutte contre la pauvret\u00e9\",\"datePublished\":\"2021-07-28T23:01:00+00:00\",\"mainEntityOfPage\":{\"@id\":\"https:\\\/\\\/lasentinelle.dz\\\/index.php\\\/2021\\\/07\\\/29\\\/renforcer-les-efforts-de-lutte-contre-la-pauvrete\\\/\"},\"wordCount\":1216,\"commentCount\":0,\"publisher\":{\"@id\":\"https:\\\/\\\/lasentinelle.dz\\\/#organization\"},\"image\":{\"@id\":\"https:\\\/\\\/lasentinelle.dz\\\/index.php\\\/2021\\\/07\\\/29\\\/renforcer-les-efforts-de-lutte-contre-la-pauvrete\\\/#primaryimage\"},\"thumbnailUrl\":\"https:\\\/\\\/lasentinelle.dz\\\/wp-content\\\/uploads\\\/2021\\\/07\\\/pauvrete-ODD.png\",\"articleSection\":[\"D\u00e9bats\"],\"inLanguage\":\"fr-FR\",\"potentialAction\":[{\"@type\":\"CommentAction\",\"name\":\"Comment\",\"target\":[\"https:\\\/\\\/lasentinelle.dz\\\/index.php\\\/2021\\\/07\\\/29\\\/renforcer-les-efforts-de-lutte-contre-la-pauvrete\\\/#respond\"]}]},{\"@type\":\"WebPage\",\"@id\":\"https:\\\/\\\/lasentinelle.dz\\\/index.php\\\/2021\\\/07\\\/29\\\/renforcer-les-efforts-de-lutte-contre-la-pauvrete\\\/\",\"url\":\"https:\\\/\\\/lasentinelle.dz\\\/index.php\\\/2021\\\/07\\\/29\\\/renforcer-les-efforts-de-lutte-contre-la-pauvrete\\\/\",\"name\":\"Renforcer les efforts de lutte contre la pauvret\u00e9 - La Sentinelle\",\"isPartOf\":{\"@id\":\"https:\\\/\\\/lasentinelle.dz\\\/#website\"},\"primaryImageOfPage\":{\"@id\":\"https:\\\/\\\/lasentinelle.dz\\\/index.php\\\/2021\\\/07\\\/29\\\/renforcer-les-efforts-de-lutte-contre-la-pauvrete\\\/#primaryimage\"},\"image\":{\"@id\":\"https:\\\/\\\/lasentinelle.dz\\\/index.php\\\/2021\\\/07\\\/29\\\/renforcer-les-efforts-de-lutte-contre-la-pauvrete\\\/#primaryimage\"},\"thumbnailUrl\":\"https:\\\/\\\/lasentinelle.dz\\\/wp-content\\\/uploads\\\/2021\\\/07\\\/pauvrete-ODD.png\",\"datePublished\":\"2021-07-28T23:01:00+00:00\",\"breadcrumb\":{\"@id\":\"https:\\\/\\\/lasentinelle.dz\\\/index.php\\\/2021\\\/07\\\/29\\\/renforcer-les-efforts-de-lutte-contre-la-pauvrete\\\/#breadcrumb\"},\"inLanguage\":\"fr-FR\",\"potentialAction\":[{\"@type\":\"ReadAction\",\"target\":[\"https:\\\/\\\/lasentinelle.dz\\\/index.php\\\/2021\\\/07\\\/29\\\/renforcer-les-efforts-de-lutte-contre-la-pauvrete\\\/\"]}]},{\"@type\":\"ImageObject\",\"inLanguage\":\"fr-FR\",\"@id\":\"https:\\\/\\\/lasentinelle.dz\\\/index.php\\\/2021\\\/07\\\/29\\\/renforcer-les-efforts-de-lutte-contre-la-pauvrete\\\/#primaryimage\",\"url\":\"https:\\\/\\\/lasentinelle.dz\\\/wp-content\\\/uploads\\\/2021\\\/07\\\/pauvrete-ODD.png\",\"contentUrl\":\"https:\\\/\\\/lasentinelle.dz\\\/wp-content\\\/uploads\\\/2021\\\/07\\\/pauvrete-ODD.png\",\"width\":1600,\"height\":900},{\"@type\":\"BreadcrumbList\",\"@id\":\"https:\\\/\\\/lasentinelle.dz\\\/index.php\\\/2021\\\/07\\\/29\\\/renforcer-les-efforts-de-lutte-contre-la-pauvrete\\\/#breadcrumb\",\"itemListElement\":[{\"@type\":\"ListItem\",\"position\":1,\"name\":\"Accueil\",\"item\":\"https:\\\/\\\/lasentinelle.dz\\\/\"},{\"@type\":\"ListItem\",\"position\":2,\"name\":\"Renforcer les efforts de lutte contre la pauvret\u00e9\"}]},{\"@type\":\"WebSite\",\"@id\":\"https:\\\/\\\/lasentinelle.dz\\\/#website\",\"url\":\"https:\\\/\\\/lasentinelle.dz\\\/\",\"name\":\"La Sentinelle\",\"description\":\"Quotidien national d&#039;information\",\"publisher\":{\"@id\":\"https:\\\/\\\/lasentinelle.dz\\\/#organization\"},\"potentialAction\":[{\"@type\":\"SearchAction\",\"target\":{\"@type\":\"EntryPoint\",\"urlTemplate\":\"https:\\\/\\\/lasentinelle.dz\\\/?s={search_term_string}\"},\"query-input\":{\"@type\":\"PropertyValueSpecification\",\"valueRequired\":true,\"valueName\":\"search_term_string\"}}],\"inLanguage\":\"fr-FR\"},{\"@type\":\"Organization\",\"@id\":\"https:\\\/\\\/lasentinelle.dz\\\/#organization\",\"name\":\"Quotidien La Sentinelle\",\"url\":\"https:\\\/\\\/lasentinelle.dz\\\/\",\"logo\":{\"@type\":\"ImageObject\",\"inLanguage\":\"fr-FR\",\"@id\":\"https:\\\/\\\/lasentinelle.dz\\\/#\\\/schema\\\/logo\\\/image\\\/\",\"url\":\"https:\\\/\\\/lasentinelle.dz\\\/wp-content\\\/uploads\\\/2021\\\/09\\\/logo-sentinelleSLOGAN-1.png\",\"contentUrl\":\"https:\\\/\\\/lasentinelle.dz\\\/wp-content\\\/uploads\\\/2021\\\/09\\\/logo-sentinelleSLOGAN-1.png\",\"width\":615,\"height\":142,\"caption\":\"Quotidien La Sentinelle\"},\"image\":{\"@id\":\"https:\\\/\\\/lasentinelle.dz\\\/#\\\/schema\\\/logo\\\/image\\\/\"},\"sameAs\":[\"https:\\\/\\\/www.facebook.com\\\/La-Sentinelle-104059864394773\"]},{\"@type\":\"Person\",\"@id\":\"https:\\\/\\\/lasentinelle.dz\\\/#\\\/schema\\\/person\\\/d865044e22e70a75174ce8bcad3acfb3\",\"name\":\"La Sentinelle\",\"image\":{\"@type\":\"ImageObject\",\"inLanguage\":\"fr-FR\",\"@id\":\"https:\\\/\\\/secure.gravatar.com\\\/avatar\\\/57de8e5d4b15d43fb361a71fbb36338450fe67865b528a43dd10ef7c51a20392?s=96&d=mm&r=g\",\"url\":\"https:\\\/\\\/secure.gravatar.com\\\/avatar\\\/57de8e5d4b15d43fb361a71fbb36338450fe67865b528a43dd10ef7c51a20392?s=96&d=mm&r=g\",\"contentUrl\":\"https:\\\/\\\/secure.gravatar.com\\\/avatar\\\/57de8e5d4b15d43fb361a71fbb36338450fe67865b528a43dd10ef7c51a20392?s=96&d=mm&r=g\",\"caption\":\"La Sentinelle\"},\"sameAs\":[\"http:\\\/\\\/www.lasentinelle.dz\"],\"url\":\"https:\\\/\\\/lasentinelle.dz\\\/author\\\/redaction\\\/\"}]}<\/script>\n<!-- \/ Yoast SEO plugin. -->","yoast_head_json":{"title":"Renforcer les efforts de lutte contre la pauvret\u00e9 - La Sentinelle","robots":{"index":"index","follow":"follow","max-snippet":"max-snippet:-1","max-image-preview":"max-image-preview:large","max-video-preview":"max-video-preview:-1"},"canonical":"https:\/\/lasentinelle.dz\/index.php\/2021\/07\/29\/renforcer-les-efforts-de-lutte-contre-la-pauvrete\/","og_locale":"fr_FR","og_type":"article","og_title":"Renforcer les efforts de lutte contre la pauvret\u00e9 - La Sentinelle","og_description":"Par Shameran Abed De 1990 \u00e0 2019, le nombre de personnes vivant dans l&rsquo;extr\u00eame pauvret\u00e9 (selon le seuil de la","og_url":"https:\/\/lasentinelle.dz\/index.php\/2021\/07\/29\/renforcer-les-efforts-de-lutte-contre-la-pauvrete\/","og_site_name":"La Sentinelle","article_publisher":"https:\/\/www.facebook.com\/La-Sentinelle-104059864394773","article_published_time":"2021-07-28T23:01:00+00:00","og_image":[{"width":1600,"height":900,"url":"https:\/\/lasentinelle.dz\/wp-content\/uploads\/2021\/07\/pauvrete-ODD.png","type":"image\/png"}],"author":"La Sentinelle","twitter_card":"summary_large_image","twitter_misc":{"\u00c9crit par":"La Sentinelle","Dur\u00e9e de lecture estim\u00e9e":"6 minutes"},"schema":{"@context":"https:\/\/schema.org","@graph":[{"@type":"Article","@id":"https:\/\/lasentinelle.dz\/index.php\/2021\/07\/29\/renforcer-les-efforts-de-lutte-contre-la-pauvrete\/#article","isPartOf":{"@id":"https:\/\/lasentinelle.dz\/index.php\/2021\/07\/29\/renforcer-les-efforts-de-lutte-contre-la-pauvrete\/"},"author":{"name":"La Sentinelle","@id":"https:\/\/lasentinelle.dz\/#\/schema\/person\/d865044e22e70a75174ce8bcad3acfb3"},"headline":"Renforcer les efforts de lutte contre la pauvret\u00e9","datePublished":"2021-07-28T23:01:00+00:00","mainEntityOfPage":{"@id":"https:\/\/lasentinelle.dz\/index.php\/2021\/07\/29\/renforcer-les-efforts-de-lutte-contre-la-pauvrete\/"},"wordCount":1216,"commentCount":0,"publisher":{"@id":"https:\/\/lasentinelle.dz\/#organization"},"image":{"@id":"https:\/\/lasentinelle.dz\/index.php\/2021\/07\/29\/renforcer-les-efforts-de-lutte-contre-la-pauvrete\/#primaryimage"},"thumbnailUrl":"https:\/\/lasentinelle.dz\/wp-content\/uploads\/2021\/07\/pauvrete-ODD.png","articleSection":["D\u00e9bats"],"inLanguage":"fr-FR","potentialAction":[{"@type":"CommentAction","name":"Comment","target":["https:\/\/lasentinelle.dz\/index.php\/2021\/07\/29\/renforcer-les-efforts-de-lutte-contre-la-pauvrete\/#respond"]}]},{"@type":"WebPage","@id":"https:\/\/lasentinelle.dz\/index.php\/2021\/07\/29\/renforcer-les-efforts-de-lutte-contre-la-pauvrete\/","url":"https:\/\/lasentinelle.dz\/index.php\/2021\/07\/29\/renforcer-les-efforts-de-lutte-contre-la-pauvrete\/","name":"Renforcer les efforts de lutte contre la pauvret\u00e9 - La Sentinelle","isPartOf":{"@id":"https:\/\/lasentinelle.dz\/#website"},"primaryImageOfPage":{"@id":"https:\/\/lasentinelle.dz\/index.php\/2021\/07\/29\/renforcer-les-efforts-de-lutte-contre-la-pauvrete\/#primaryimage"},"image":{"@id":"https:\/\/lasentinelle.dz\/index.php\/2021\/07\/29\/renforcer-les-efforts-de-lutte-contre-la-pauvrete\/#primaryimage"},"thumbnailUrl":"https:\/\/lasentinelle.dz\/wp-content\/uploads\/2021\/07\/pauvrete-ODD.png","datePublished":"2021-07-28T23:01:00+00:00","breadcrumb":{"@id":"https:\/\/lasentinelle.dz\/index.php\/2021\/07\/29\/renforcer-les-efforts-de-lutte-contre-la-pauvrete\/#breadcrumb"},"inLanguage":"fr-FR","potentialAction":[{"@type":"ReadAction","target":["https:\/\/lasentinelle.dz\/index.php\/2021\/07\/29\/renforcer-les-efforts-de-lutte-contre-la-pauvrete\/"]}]},{"@type":"ImageObject","inLanguage":"fr-FR","@id":"https:\/\/lasentinelle.dz\/index.php\/2021\/07\/29\/renforcer-les-efforts-de-lutte-contre-la-pauvrete\/#primaryimage","url":"https:\/\/lasentinelle.dz\/wp-content\/uploads\/2021\/07\/pauvrete-ODD.png","contentUrl":"https:\/\/lasentinelle.dz\/wp-content\/uploads\/2021\/07\/pauvrete-ODD.png","width":1600,"height":900},{"@type":"BreadcrumbList","@id":"https:\/\/lasentinelle.dz\/index.php\/2021\/07\/29\/renforcer-les-efforts-de-lutte-contre-la-pauvrete\/#breadcrumb","itemListElement":[{"@type":"ListItem","position":1,"name":"Accueil","item":"https:\/\/lasentinelle.dz\/"},{"@type":"ListItem","position":2,"name":"Renforcer les efforts de lutte contre la pauvret\u00e9"}]},{"@type":"WebSite","@id":"https:\/\/lasentinelle.dz\/#website","url":"https:\/\/lasentinelle.dz\/","name":"La Sentinelle","description":"Quotidien national d&#039;information","publisher":{"@id":"https:\/\/lasentinelle.dz\/#organization"},"potentialAction":[{"@type":"SearchAction","target":{"@type":"EntryPoint","urlTemplate":"https:\/\/lasentinelle.dz\/?s={search_term_string}"},"query-input":{"@type":"PropertyValueSpecification","valueRequired":true,"valueName":"search_term_string"}}],"inLanguage":"fr-FR"},{"@type":"Organization","@id":"https:\/\/lasentinelle.dz\/#organization","name":"Quotidien La Sentinelle","url":"https:\/\/lasentinelle.dz\/","logo":{"@type":"ImageObject","inLanguage":"fr-FR","@id":"https:\/\/lasentinelle.dz\/#\/schema\/logo\/image\/","url":"https:\/\/lasentinelle.dz\/wp-content\/uploads\/2021\/09\/logo-sentinelleSLOGAN-1.png","contentUrl":"https:\/\/lasentinelle.dz\/wp-content\/uploads\/2021\/09\/logo-sentinelleSLOGAN-1.png","width":615,"height":142,"caption":"Quotidien La Sentinelle"},"image":{"@id":"https:\/\/lasentinelle.dz\/#\/schema\/logo\/image\/"},"sameAs":["https:\/\/www.facebook.com\/La-Sentinelle-104059864394773"]},{"@type":"Person","@id":"https:\/\/lasentinelle.dz\/#\/schema\/person\/d865044e22e70a75174ce8bcad3acfb3","name":"La Sentinelle","image":{"@type":"ImageObject","inLanguage":"fr-FR","@id":"https:\/\/secure.gravatar.com\/avatar\/57de8e5d4b15d43fb361a71fbb36338450fe67865b528a43dd10ef7c51a20392?s=96&d=mm&r=g","url":"https:\/\/secure.gravatar.com\/avatar\/57de8e5d4b15d43fb361a71fbb36338450fe67865b528a43dd10ef7c51a20392?s=96&d=mm&r=g","contentUrl":"https:\/\/secure.gravatar.com\/avatar\/57de8e5d4b15d43fb361a71fbb36338450fe67865b528a43dd10ef7c51a20392?s=96&d=mm&r=g","caption":"La Sentinelle"},"sameAs":["http:\/\/www.lasentinelle.dz"],"url":"https:\/\/lasentinelle.dz\/author\/redaction\/"}]}},"_links":{"self":[{"href":"https:\/\/lasentinelle.dz\/index.php\/wp-json\/wp\/v2\/posts\/2670","targetHints":{"allow":["GET"]}}],"collection":[{"href":"https:\/\/lasentinelle.dz\/index.php\/wp-json\/wp\/v2\/posts"}],"about":[{"href":"https:\/\/lasentinelle.dz\/index.php\/wp-json\/wp\/v2\/types\/post"}],"author":[{"embeddable":true,"href":"https:\/\/lasentinelle.dz\/index.php\/wp-json\/wp\/v2\/users\/3"}],"replies":[{"embeddable":true,"href":"https:\/\/lasentinelle.dz\/index.php\/wp-json\/wp\/v2\/comments?post=2670"}],"version-history":[{"count":1,"href":"https:\/\/lasentinelle.dz\/index.php\/wp-json\/wp\/v2\/posts\/2670\/revisions"}],"predecessor-version":[{"id":2686,"href":"https:\/\/lasentinelle.dz\/index.php\/wp-json\/wp\/v2\/posts\/2670\/revisions\/2686"}],"wp:featuredmedia":[{"embeddable":true,"href":"https:\/\/lasentinelle.dz\/index.php\/wp-json\/wp\/v2\/media\/2683"}],"wp:attachment":[{"href":"https:\/\/lasentinelle.dz\/index.php\/wp-json\/wp\/v2\/media?parent=2670"}],"wp:term":[{"taxonomy":"category","embeddable":true,"href":"https:\/\/lasentinelle.dz\/index.php\/wp-json\/wp\/v2\/categories?post=2670"},{"taxonomy":"post_tag","embeddable":true,"href":"https:\/\/lasentinelle.dz\/index.php\/wp-json\/wp\/v2\/tags?post=2670"}],"curies":[{"name":"wp","href":"https:\/\/api.w.org\/{rel}","templated":true}]}}