{"id":26731,"date":"2022-09-04T00:08:00","date_gmt":"2022-09-03T23:08:00","guid":{"rendered":"https:\/\/lasentinelle.dz\/?p=26731"},"modified":"2022-09-03T19:48:30","modified_gmt":"2022-09-03T18:48:30","slug":"vente-darmes-a-taipei-pekin-menace-washington-de-contre-mesures","status":"publish","type":"post","link":"https:\/\/lasentinelle.dz\/index.php\/2022\/09\/04\/vente-darmes-a-taipei-pekin-menace-washington-de-contre-mesures\/","title":{"rendered":"Vente d&rsquo;armes \u00e0 Taipei\u00a0:\u00a0P\u00e9kin\u00a0menace Washington de contre-mesures"},"content":{"rendered":"\n<p>Les tensions entre P\u00e9kin et Washington montent d\u2019un cran. Les Etats-Unis ont annonc\u00e9 une vente d\u2019armes \u00e0 Ta\u00efwan, annonce \u00e0 laquelle la Chine a r\u00e9agi en accusant les Etats-Unis de menace la paix dans la r\u00e9gion et en avertissant Washington de contre-mesures s\u2019il ne renon\u00e7ait pas \u00e0 cette vente d\u2019armes.&nbsp;<\/p>\n\n\n\n<p>Les Etats-Unis ont annonc\u00e9 le 2 septembre la vente pour 1,1 milliard de dollars d&rsquo;armes \u00e0 Ta\u00efwan, \u00e0 laquelle la Chine&nbsp;a demand\u00e9 de renoncer, mena\u00e7ant de prendre des \u00abcontre-mesures\u00bb. P\u00e9kin a exig\u00e9 que Washington renonce \u00e0 une nouvelle vente d&rsquo;armes \u00e0 Ta\u00efwan&nbsp;&nbsp;s&rsquo;y d\u00e9clarant \u00abfermement oppos\u00e9\u00bb par la voix du porte-parole de l&rsquo;ambassade de Chine \u00e0 Washington, Liu Pengyu.&nbsp;La Chine appelle les Etats-Unis \u00e0 \u00abr\u00e9voquer imm\u00e9diatement\u00bb cette transaction, \u00abde crainte qu&rsquo;elle n&rsquo;affecte davantage les relations avec les Etats-Unis, ainsi que la paix et la stabilit\u00e9 dans le d\u00e9troit de Ta\u00efwan\u00bb, a ajout\u00e9 le porte-parole dans un communiqu\u00e9. \u00abLa Chine prendra r\u00e9solument des contre-mesures l\u00e9gitimes et n\u00e9cessaires au vu de la situation\u00bb, a-t-il conclu. La Chine prendra r\u00e9solument des contre-mesures l\u00e9gitimes et n\u00e9cessaires au vu de la situation&nbsp;&nbsp;Les Etats-Unis ont annonc\u00e9 le 2 septembre la vente pour 1,1 milliard de dollars d&rsquo;armes \u00e0 Ta\u00efwan. Dans le d\u00e9tail, le gouvernement am\u00e9ricain a approuv\u00e9 la vente \u00e0 Taipei pour 355 millions de dollars de 60 missiles Harpoon capables de couler des bateaux de guerre, de 100 missiles de courte port\u00e9e Sidewinder (85,6 millions), capables d&rsquo;intercepter des missiles ou des drones, et la signature d&rsquo;un contrat de maintenance du syst\u00e8me de radars de Ta\u00efwan \u00e9valu\u00e9 \u00e0 665 millions, selon un communiqu\u00e9 du d\u00e9partement d&rsquo;Etat. Ces transactions \u00abservent les int\u00e9r\u00eats \u00e9conomiques et de s\u00e9curit\u00e9 nationale des Etats-Unis en soutenant les efforts [de Ta\u00efwan] pour moderniser ses forces arm\u00e9es\u00bb, a fait valoir la diplomatie am\u00e9ricaine via un porte-parole. Il s&rsquo;agit de la plus grosse vente d&rsquo;armes am\u00e9ricaines pour Ta\u00efwan depuis l&rsquo;arriv\u00e9e \u00e0 la pr\u00e9sidence de Joe Biden, en janvier 2021. Depuis 2010, les Etats-Unis ont inform\u00e9 le Congr\u00e8s de plus de 35 milliards de dollars de vente d&rsquo;armes \u00e0 Ta\u00efwan, a indiqu\u00e9 un porte-parole du d\u00e9partement d&rsquo;Etat am\u00e9ricain, qui a approuv\u00e9 ces transactions. Pour se concr\u00e9tiser, ces ventes doivent recevoir l&rsquo;aval du Congr\u00e8s, qui est quasiment acquis, le soutien militaire \u00e0 Ta\u00efwan b\u00e9n\u00e9ficiant d&rsquo;un large soutien parmi les \u00e9lus des deux bords. Cette nouvelle vente d&rsquo;armes intervient un mois apr\u00e8s la visite controvers\u00e9e \u00e0 Ta\u00efwan de la pr\u00e9sidente de la Chambre des repr\u00e9sentants am\u00e9ricaine Nancy Pelosi, qui avait provoqu\u00e9 l&rsquo;indignation de P\u00e9kin, consid\u00e9rant cette visite comme une atteinte \u00e0 sa souverainet\u00e9. La Chine avait alors lanc\u00e9 les plus importantes man\u0153uvres militaires de son histoire autour de l&rsquo;\u00eele. Lors d&rsquo;un voyage \u00e0 Tokyo en mai dernier, Joe Biden a sembl\u00e9 rompre avec des d\u00e9cennies de politique am\u00e9ricaine en d\u00e9clarant que les Etats-Unis d\u00e9fendraient directement Ta\u00efwan en cas d&rsquo;attaque, mais ses collaborateurs sont ensuite revenus sur ses propos pour maintenir le concept volontairement flou de l&rsquo;\u00abambigu\u00eft\u00e9 strat\u00e9gique\u00bb.&nbsp;<\/p>\n\n\n\n<p>R.I.<\/p>\n","protected":false},"excerpt":{"rendered":"<p>Les tensions entre P\u00e9kin et Washington montent d\u2019un cran. Les Etats-Unis ont annonc\u00e9 une vente d\u2019armes \u00e0 Ta\u00efwan, annonce \u00e0<\/p>\n","protected":false},"author":3,"featured_media":26740,"comment_status":"open","ping_status":"closed","sticky":false,"template":"","format":"standard","meta":{"colormag_page_container_layout":"default_layout","colormag_page_sidebar_layout":"default_layout","om_disable_all_campaigns":false,"_monsterinsights_skip_tracking":false,"_monsterinsights_sitenote_active":false,"_monsterinsights_sitenote_note":"","_monsterinsights_sitenote_category":0,"footnotes":"","_wpscppro_dont_share_socialmedia":false,"_wpscppro_custom_social_share_image":0,"_facebook_share_type":"","_twitter_share_type":"","_linkedin_share_type":"","_pinterest_share_type":"","_linkedin_share_type_page":"","_instagram_share_type":"","_medium_share_type":"","_threads_share_type":"","_google_business_share_type":"","_selected_social_profile":[],"_wpsp_enable_custom_social_template":false,"_wpsp_social_scheduling":{"enabled":false,"datetime":null,"platforms":[],"status":"template_only","dateOption":"today","timeOption":"now","customDays":"","customHours":"","customDate":"","customTime":"","schedulingType":"absolute"},"_wpsp_active_default_template":true},"categories":[52,37],"tags":[],"class_list":["post-26731","post","type-post","status-publish","format-standard","has-post-thumbnail","hentry","category-a-la-une","category-monde"],"aioseo_notices":[],"yoast_head":"<!-- This site is optimized with the Yoast SEO plugin v27.5 - https:\/\/yoast.com\/product\/yoast-seo-wordpress\/ -->\n<title>Vente d&rsquo;armes \u00e0 Taipei\u00a0:\u00a0P\u00e9kin\u00a0menace Washington de contre-mesures - La Sentinelle<\/title>\n<meta name=\"robots\" content=\"index, follow, max-snippet:-1, max-image-preview:large, max-video-preview:-1\" \/>\n<link rel=\"canonical\" href=\"https:\/\/lasentinelle.dz\/index.php\/2022\/09\/04\/vente-darmes-a-taipei-pekin-menace-washington-de-contre-mesures\/\" \/>\n<meta property=\"og:locale\" content=\"fr_FR\" \/>\n<meta property=\"og:type\" content=\"article\" \/>\n<meta property=\"og:title\" content=\"Vente d&rsquo;armes \u00e0 Taipei\u00a0:\u00a0P\u00e9kin\u00a0menace Washington de contre-mesures - La Sentinelle\" \/>\n<meta property=\"og:description\" content=\"Les tensions entre P\u00e9kin et Washington montent d\u2019un cran. Les Etats-Unis ont annonc\u00e9 une vente d\u2019armes \u00e0 Ta\u00efwan, annonce \u00e0\" \/>\n<meta property=\"og:url\" content=\"https:\/\/lasentinelle.dz\/index.php\/2022\/09\/04\/vente-darmes-a-taipei-pekin-menace-washington-de-contre-mesures\/\" \/>\n<meta property=\"og:site_name\" content=\"La Sentinelle\" \/>\n<meta property=\"article:publisher\" content=\"https:\/\/www.facebook.com\/La-Sentinelle-104059864394773\" \/>\n<meta property=\"article:published_time\" content=\"2022-09-03T23:08:00+00:00\" \/>\n<meta property=\"og:image\" content=\"https:\/\/lasentinelle.dz\/wp-content\/uploads\/2022\/09\/armes.png\" \/>\n\t<meta property=\"og:image:width\" content=\"1601\" \/>\n\t<meta property=\"og:image:height\" content=\"900\" \/>\n\t<meta property=\"og:image:type\" content=\"image\/png\" \/>\n<meta name=\"author\" content=\"La Sentinelle\" \/>\n<meta name=\"twitter:card\" content=\"summary_large_image\" \/>\n<meta name=\"twitter:label1\" content=\"\u00c9crit par\" \/>\n\t<meta name=\"twitter:data1\" content=\"La Sentinelle\" \/>\n\t<meta name=\"twitter:label2\" content=\"Dur\u00e9e de lecture estim\u00e9e\" \/>\n\t<meta name=\"twitter:data2\" content=\"3 minutes\" \/>\n<script type=\"application\/ld+json\" class=\"yoast-schema-graph\">{\"@context\":\"https:\\\/\\\/schema.org\",\"@graph\":[{\"@type\":\"Article\",\"@id\":\"https:\\\/\\\/lasentinelle.dz\\\/index.php\\\/2022\\\/09\\\/04\\\/vente-darmes-a-taipei-pekin-menace-washington-de-contre-mesures\\\/#article\",\"isPartOf\":{\"@id\":\"https:\\\/\\\/lasentinelle.dz\\\/index.php\\\/2022\\\/09\\\/04\\\/vente-darmes-a-taipei-pekin-menace-washington-de-contre-mesures\\\/\"},\"author\":{\"name\":\"La Sentinelle\",\"@id\":\"https:\\\/\\\/lasentinelle.dz\\\/#\\\/schema\\\/person\\\/d865044e22e70a75174ce8bcad3acfb3\"},\"headline\":\"Vente d&rsquo;armes \u00e0 Taipei\u00a0:\u00a0P\u00e9kin\u00a0menace Washington de contre-mesures\",\"datePublished\":\"2022-09-03T23:08:00+00:00\",\"mainEntityOfPage\":{\"@id\":\"https:\\\/\\\/lasentinelle.dz\\\/index.php\\\/2022\\\/09\\\/04\\\/vente-darmes-a-taipei-pekin-menace-washington-de-contre-mesures\\\/\"},\"wordCount\":562,\"commentCount\":0,\"publisher\":{\"@id\":\"https:\\\/\\\/lasentinelle.dz\\\/#organization\"},\"image\":{\"@id\":\"https:\\\/\\\/lasentinelle.dz\\\/index.php\\\/2022\\\/09\\\/04\\\/vente-darmes-a-taipei-pekin-menace-washington-de-contre-mesures\\\/#primaryimage\"},\"thumbnailUrl\":\"https:\\\/\\\/lasentinelle.dz\\\/wp-content\\\/uploads\\\/2022\\\/09\\\/armes.png\",\"articleSection\":[\"\u00c0 la Une\",\"Monde\"],\"inLanguage\":\"fr-FR\",\"potentialAction\":[{\"@type\":\"CommentAction\",\"name\":\"Comment\",\"target\":[\"https:\\\/\\\/lasentinelle.dz\\\/index.php\\\/2022\\\/09\\\/04\\\/vente-darmes-a-taipei-pekin-menace-washington-de-contre-mesures\\\/#respond\"]}]},{\"@type\":\"WebPage\",\"@id\":\"https:\\\/\\\/lasentinelle.dz\\\/index.php\\\/2022\\\/09\\\/04\\\/vente-darmes-a-taipei-pekin-menace-washington-de-contre-mesures\\\/\",\"url\":\"https:\\\/\\\/lasentinelle.dz\\\/index.php\\\/2022\\\/09\\\/04\\\/vente-darmes-a-taipei-pekin-menace-washington-de-contre-mesures\\\/\",\"name\":\"Vente d&rsquo;armes \u00e0 Taipei\u00a0:\u00a0P\u00e9kin\u00a0menace Washington de contre-mesures - La Sentinelle\",\"isPartOf\":{\"@id\":\"https:\\\/\\\/lasentinelle.dz\\\/#website\"},\"primaryImageOfPage\":{\"@id\":\"https:\\\/\\\/lasentinelle.dz\\\/index.php\\\/2022\\\/09\\\/04\\\/vente-darmes-a-taipei-pekin-menace-washington-de-contre-mesures\\\/#primaryimage\"},\"image\":{\"@id\":\"https:\\\/\\\/lasentinelle.dz\\\/index.php\\\/2022\\\/09\\\/04\\\/vente-darmes-a-taipei-pekin-menace-washington-de-contre-mesures\\\/#primaryimage\"},\"thumbnailUrl\":\"https:\\\/\\\/lasentinelle.dz\\\/wp-content\\\/uploads\\\/2022\\\/09\\\/armes.png\",\"datePublished\":\"2022-09-03T23:08:00+00:00\",\"breadcrumb\":{\"@id\":\"https:\\\/\\\/lasentinelle.dz\\\/index.php\\\/2022\\\/09\\\/04\\\/vente-darmes-a-taipei-pekin-menace-washington-de-contre-mesures\\\/#breadcrumb\"},\"inLanguage\":\"fr-FR\",\"potentialAction\":[{\"@type\":\"ReadAction\",\"target\":[\"https:\\\/\\\/lasentinelle.dz\\\/index.php\\\/2022\\\/09\\\/04\\\/vente-darmes-a-taipei-pekin-menace-washington-de-contre-mesures\\\/\"]}]},{\"@type\":\"ImageObject\",\"inLanguage\":\"fr-FR\",\"@id\":\"https:\\\/\\\/lasentinelle.dz\\\/index.php\\\/2022\\\/09\\\/04\\\/vente-darmes-a-taipei-pekin-menace-washington-de-contre-mesures\\\/#primaryimage\",\"url\":\"https:\\\/\\\/lasentinelle.dz\\\/wp-content\\\/uploads\\\/2022\\\/09\\\/armes.png\",\"contentUrl\":\"https:\\\/\\\/lasentinelle.dz\\\/wp-content\\\/uploads\\\/2022\\\/09\\\/armes.png\",\"width\":1601,\"height\":900},{\"@type\":\"BreadcrumbList\",\"@id\":\"https:\\\/\\\/lasentinelle.dz\\\/index.php\\\/2022\\\/09\\\/04\\\/vente-darmes-a-taipei-pekin-menace-washington-de-contre-mesures\\\/#breadcrumb\",\"itemListElement\":[{\"@type\":\"ListItem\",\"position\":1,\"name\":\"Accueil\",\"item\":\"https:\\\/\\\/lasentinelle.dz\\\/\"},{\"@type\":\"ListItem\",\"position\":2,\"name\":\"Vente d&rsquo;armes \u00e0 Taipei\u00a0:\u00a0P\u00e9kin\u00a0menace Washington de contre-mesures\"}]},{\"@type\":\"WebSite\",\"@id\":\"https:\\\/\\\/lasentinelle.dz\\\/#website\",\"url\":\"https:\\\/\\\/lasentinelle.dz\\\/\",\"name\":\"La Sentinelle\",\"description\":\"Quotidien national d&#039;information\",\"publisher\":{\"@id\":\"https:\\\/\\\/lasentinelle.dz\\\/#organization\"},\"potentialAction\":[{\"@type\":\"SearchAction\",\"target\":{\"@type\":\"EntryPoint\",\"urlTemplate\":\"https:\\\/\\\/lasentinelle.dz\\\/?s={search_term_string}\"},\"query-input\":{\"@type\":\"PropertyValueSpecification\",\"valueRequired\":true,\"valueName\":\"search_term_string\"}}],\"inLanguage\":\"fr-FR\"},{\"@type\":\"Organization\",\"@id\":\"https:\\\/\\\/lasentinelle.dz\\\/#organization\",\"name\":\"Quotidien La Sentinelle\",\"url\":\"https:\\\/\\\/lasentinelle.dz\\\/\",\"logo\":{\"@type\":\"ImageObject\",\"inLanguage\":\"fr-FR\",\"@id\":\"https:\\\/\\\/lasentinelle.dz\\\/#\\\/schema\\\/logo\\\/image\\\/\",\"url\":\"https:\\\/\\\/lasentinelle.dz\\\/wp-content\\\/uploads\\\/2021\\\/09\\\/logo-sentinelleSLOGAN-1.png\",\"contentUrl\":\"https:\\\/\\\/lasentinelle.dz\\\/wp-content\\\/uploads\\\/2021\\\/09\\\/logo-sentinelleSLOGAN-1.png\",\"width\":615,\"height\":142,\"caption\":\"Quotidien La Sentinelle\"},\"image\":{\"@id\":\"https:\\\/\\\/lasentinelle.dz\\\/#\\\/schema\\\/logo\\\/image\\\/\"},\"sameAs\":[\"https:\\\/\\\/www.facebook.com\\\/La-Sentinelle-104059864394773\"]},{\"@type\":\"Person\",\"@id\":\"https:\\\/\\\/lasentinelle.dz\\\/#\\\/schema\\\/person\\\/d865044e22e70a75174ce8bcad3acfb3\",\"name\":\"La Sentinelle\",\"image\":{\"@type\":\"ImageObject\",\"inLanguage\":\"fr-FR\",\"@id\":\"https:\\\/\\\/secure.gravatar.com\\\/avatar\\\/57de8e5d4b15d43fb361a71fbb36338450fe67865b528a43dd10ef7c51a20392?s=96&d=mm&r=g\",\"url\":\"https:\\\/\\\/secure.gravatar.com\\\/avatar\\\/57de8e5d4b15d43fb361a71fbb36338450fe67865b528a43dd10ef7c51a20392?s=96&d=mm&r=g\",\"contentUrl\":\"https:\\\/\\\/secure.gravatar.com\\\/avatar\\\/57de8e5d4b15d43fb361a71fbb36338450fe67865b528a43dd10ef7c51a20392?s=96&d=mm&r=g\",\"caption\":\"La Sentinelle\"},\"sameAs\":[\"http:\\\/\\\/www.lasentinelle.dz\"],\"url\":\"https:\\\/\\\/lasentinelle.dz\\\/author\\\/redaction\\\/\"}]}<\/script>\n<!-- \/ Yoast SEO plugin. -->","yoast_head_json":{"title":"Vente d&rsquo;armes \u00e0 Taipei\u00a0:\u00a0P\u00e9kin\u00a0menace Washington de contre-mesures - La Sentinelle","robots":{"index":"index","follow":"follow","max-snippet":"max-snippet:-1","max-image-preview":"max-image-preview:large","max-video-preview":"max-video-preview:-1"},"canonical":"https:\/\/lasentinelle.dz\/index.php\/2022\/09\/04\/vente-darmes-a-taipei-pekin-menace-washington-de-contre-mesures\/","og_locale":"fr_FR","og_type":"article","og_title":"Vente d&rsquo;armes \u00e0 Taipei\u00a0:\u00a0P\u00e9kin\u00a0menace Washington de contre-mesures - La Sentinelle","og_description":"Les tensions entre P\u00e9kin et Washington montent d\u2019un cran. Les Etats-Unis ont annonc\u00e9 une vente d\u2019armes \u00e0 Ta\u00efwan, annonce \u00e0","og_url":"https:\/\/lasentinelle.dz\/index.php\/2022\/09\/04\/vente-darmes-a-taipei-pekin-menace-washington-de-contre-mesures\/","og_site_name":"La Sentinelle","article_publisher":"https:\/\/www.facebook.com\/La-Sentinelle-104059864394773","article_published_time":"2022-09-03T23:08:00+00:00","og_image":[{"width":1601,"height":900,"url":"https:\/\/lasentinelle.dz\/wp-content\/uploads\/2022\/09\/armes.png","type":"image\/png"}],"author":"La Sentinelle","twitter_card":"summary_large_image","twitter_misc":{"\u00c9crit par":"La Sentinelle","Dur\u00e9e de lecture estim\u00e9e":"3 minutes"},"schema":{"@context":"https:\/\/schema.org","@graph":[{"@type":"Article","@id":"https:\/\/lasentinelle.dz\/index.php\/2022\/09\/04\/vente-darmes-a-taipei-pekin-menace-washington-de-contre-mesures\/#article","isPartOf":{"@id":"https:\/\/lasentinelle.dz\/index.php\/2022\/09\/04\/vente-darmes-a-taipei-pekin-menace-washington-de-contre-mesures\/"},"author":{"name":"La Sentinelle","@id":"https:\/\/lasentinelle.dz\/#\/schema\/person\/d865044e22e70a75174ce8bcad3acfb3"},"headline":"Vente d&rsquo;armes \u00e0 Taipei\u00a0:\u00a0P\u00e9kin\u00a0menace Washington de contre-mesures","datePublished":"2022-09-03T23:08:00+00:00","mainEntityOfPage":{"@id":"https:\/\/lasentinelle.dz\/index.php\/2022\/09\/04\/vente-darmes-a-taipei-pekin-menace-washington-de-contre-mesures\/"},"wordCount":562,"commentCount":0,"publisher":{"@id":"https:\/\/lasentinelle.dz\/#organization"},"image":{"@id":"https:\/\/lasentinelle.dz\/index.php\/2022\/09\/04\/vente-darmes-a-taipei-pekin-menace-washington-de-contre-mesures\/#primaryimage"},"thumbnailUrl":"https:\/\/lasentinelle.dz\/wp-content\/uploads\/2022\/09\/armes.png","articleSection":["\u00c0 la Une","Monde"],"inLanguage":"fr-FR","potentialAction":[{"@type":"CommentAction","name":"Comment","target":["https:\/\/lasentinelle.dz\/index.php\/2022\/09\/04\/vente-darmes-a-taipei-pekin-menace-washington-de-contre-mesures\/#respond"]}]},{"@type":"WebPage","@id":"https:\/\/lasentinelle.dz\/index.php\/2022\/09\/04\/vente-darmes-a-taipei-pekin-menace-washington-de-contre-mesures\/","url":"https:\/\/lasentinelle.dz\/index.php\/2022\/09\/04\/vente-darmes-a-taipei-pekin-menace-washington-de-contre-mesures\/","name":"Vente d&rsquo;armes \u00e0 Taipei\u00a0:\u00a0P\u00e9kin\u00a0menace Washington de contre-mesures - La Sentinelle","isPartOf":{"@id":"https:\/\/lasentinelle.dz\/#website"},"primaryImageOfPage":{"@id":"https:\/\/lasentinelle.dz\/index.php\/2022\/09\/04\/vente-darmes-a-taipei-pekin-menace-washington-de-contre-mesures\/#primaryimage"},"image":{"@id":"https:\/\/lasentinelle.dz\/index.php\/2022\/09\/04\/vente-darmes-a-taipei-pekin-menace-washington-de-contre-mesures\/#primaryimage"},"thumbnailUrl":"https:\/\/lasentinelle.dz\/wp-content\/uploads\/2022\/09\/armes.png","datePublished":"2022-09-03T23:08:00+00:00","breadcrumb":{"@id":"https:\/\/lasentinelle.dz\/index.php\/2022\/09\/04\/vente-darmes-a-taipei-pekin-menace-washington-de-contre-mesures\/#breadcrumb"},"inLanguage":"fr-FR","potentialAction":[{"@type":"ReadAction","target":["https:\/\/lasentinelle.dz\/index.php\/2022\/09\/04\/vente-darmes-a-taipei-pekin-menace-washington-de-contre-mesures\/"]}]},{"@type":"ImageObject","inLanguage":"fr-FR","@id":"https:\/\/lasentinelle.dz\/index.php\/2022\/09\/04\/vente-darmes-a-taipei-pekin-menace-washington-de-contre-mesures\/#primaryimage","url":"https:\/\/lasentinelle.dz\/wp-content\/uploads\/2022\/09\/armes.png","contentUrl":"https:\/\/lasentinelle.dz\/wp-content\/uploads\/2022\/09\/armes.png","width":1601,"height":900},{"@type":"BreadcrumbList","@id":"https:\/\/lasentinelle.dz\/index.php\/2022\/09\/04\/vente-darmes-a-taipei-pekin-menace-washington-de-contre-mesures\/#breadcrumb","itemListElement":[{"@type":"ListItem","position":1,"name":"Accueil","item":"https:\/\/lasentinelle.dz\/"},{"@type":"ListItem","position":2,"name":"Vente d&rsquo;armes \u00e0 Taipei\u00a0:\u00a0P\u00e9kin\u00a0menace Washington de contre-mesures"}]},{"@type":"WebSite","@id":"https:\/\/lasentinelle.dz\/#website","url":"https:\/\/lasentinelle.dz\/","name":"La Sentinelle","description":"Quotidien national d&#039;information","publisher":{"@id":"https:\/\/lasentinelle.dz\/#organization"},"potentialAction":[{"@type":"SearchAction","target":{"@type":"EntryPoint","urlTemplate":"https:\/\/lasentinelle.dz\/?s={search_term_string}"},"query-input":{"@type":"PropertyValueSpecification","valueRequired":true,"valueName":"search_term_string"}}],"inLanguage":"fr-FR"},{"@type":"Organization","@id":"https:\/\/lasentinelle.dz\/#organization","name":"Quotidien La Sentinelle","url":"https:\/\/lasentinelle.dz\/","logo":{"@type":"ImageObject","inLanguage":"fr-FR","@id":"https:\/\/lasentinelle.dz\/#\/schema\/logo\/image\/","url":"https:\/\/lasentinelle.dz\/wp-content\/uploads\/2021\/09\/logo-sentinelleSLOGAN-1.png","contentUrl":"https:\/\/lasentinelle.dz\/wp-content\/uploads\/2021\/09\/logo-sentinelleSLOGAN-1.png","width":615,"height":142,"caption":"Quotidien La Sentinelle"},"image":{"@id":"https:\/\/lasentinelle.dz\/#\/schema\/logo\/image\/"},"sameAs":["https:\/\/www.facebook.com\/La-Sentinelle-104059864394773"]},{"@type":"Person","@id":"https:\/\/lasentinelle.dz\/#\/schema\/person\/d865044e22e70a75174ce8bcad3acfb3","name":"La Sentinelle","image":{"@type":"ImageObject","inLanguage":"fr-FR","@id":"https:\/\/secure.gravatar.com\/avatar\/57de8e5d4b15d43fb361a71fbb36338450fe67865b528a43dd10ef7c51a20392?s=96&d=mm&r=g","url":"https:\/\/secure.gravatar.com\/avatar\/57de8e5d4b15d43fb361a71fbb36338450fe67865b528a43dd10ef7c51a20392?s=96&d=mm&r=g","contentUrl":"https:\/\/secure.gravatar.com\/avatar\/57de8e5d4b15d43fb361a71fbb36338450fe67865b528a43dd10ef7c51a20392?s=96&d=mm&r=g","caption":"La Sentinelle"},"sameAs":["http:\/\/www.lasentinelle.dz"],"url":"https:\/\/lasentinelle.dz\/author\/redaction\/"}]}},"_links":{"self":[{"href":"https:\/\/lasentinelle.dz\/index.php\/wp-json\/wp\/v2\/posts\/26731","targetHints":{"allow":["GET"]}}],"collection":[{"href":"https:\/\/lasentinelle.dz\/index.php\/wp-json\/wp\/v2\/posts"}],"about":[{"href":"https:\/\/lasentinelle.dz\/index.php\/wp-json\/wp\/v2\/types\/post"}],"author":[{"embeddable":true,"href":"https:\/\/lasentinelle.dz\/index.php\/wp-json\/wp\/v2\/users\/3"}],"replies":[{"embeddable":true,"href":"https:\/\/lasentinelle.dz\/index.php\/wp-json\/wp\/v2\/comments?post=26731"}],"version-history":[{"count":2,"href":"https:\/\/lasentinelle.dz\/index.php\/wp-json\/wp\/v2\/posts\/26731\/revisions"}],"predecessor-version":[{"id":26795,"href":"https:\/\/lasentinelle.dz\/index.php\/wp-json\/wp\/v2\/posts\/26731\/revisions\/26795"}],"wp:featuredmedia":[{"embeddable":true,"href":"https:\/\/lasentinelle.dz\/index.php\/wp-json\/wp\/v2\/media\/26740"}],"wp:attachment":[{"href":"https:\/\/lasentinelle.dz\/index.php\/wp-json\/wp\/v2\/media?parent=26731"}],"wp:term":[{"taxonomy":"category","embeddable":true,"href":"https:\/\/lasentinelle.dz\/index.php\/wp-json\/wp\/v2\/categories?post=26731"},{"taxonomy":"post_tag","embeddable":true,"href":"https:\/\/lasentinelle.dz\/index.php\/wp-json\/wp\/v2\/tags?post=26731"}],"curies":[{"name":"wp","href":"https:\/\/api.w.org\/{rel}","templated":true}]}}