{"id":26737,"date":"2022-09-04T00:01:00","date_gmt":"2022-09-03T23:01:00","guid":{"rendered":"https:\/\/lasentinelle.dz\/?p=26737"},"modified":"2022-09-03T17:02:21","modified_gmt":"2022-09-03T16:02:21","slug":"2e-edition-du-duathlon-oran-2022-chakib-kioua-et-amina-rouba-sacres","status":"publish","type":"post","link":"https:\/\/lasentinelle.dz\/index.php\/2022\/09\/04\/2e-edition-du-duathlon-oran-2022-chakib-kioua-et-amina-rouba-sacres\/","title":{"rendered":"2e\u00a0\u00e9dition du duathlon Oran-2022\u00a0: Chakib Kioua et Amina Rouba sacr\u00e9s"},"content":{"rendered":"\n<p>La deuxi\u00e8me \u00e9dition du duathlon d\u2019Oran, tenue vendredi, a \u00e9t\u00e9 marqu\u00e9e par une forte participation, toutes cat\u00e9gories confondues, et a connu la distinction de Kioua Chakib chez les hommes et Amina Rouba chez les dames.<\/p>\n\n\n\n<p>Organis\u00e9e par le club sportif amateur &lsquo;les Fid\u00e8les d\u2019Oran&rsquo;, en collaboration avec la direction locale de la jeunesse et des sports et sous l\u2019\u00e9gide de la F\u00e9d\u00e9ration alg\u00e9rienne de triathlon, cette deuxi\u00e8me \u00e9dition du duathlon d\u2019Oran a vu la participation de plus de 150 athl\u00e8tes des deux sexes. Et comme l\u2019indique son nom, cette comp\u00e9tition regroupe deux disciplines, \u00e0 savoir la course \u00e0 v\u00e9lo et la course \u00e0 pied. Les athl\u00e8tes de l\u2019\u00e9lite ont \u00e9t\u00e9 tenus \u00e0 parcourir 5 km de course \u00e0 pied pour enchainer avec 20 km de course \u00e0 v\u00e9lo et achever l\u2019\u00e9preuve en parcourant encore 1,5 km \u00e0 pied. Chez les hommes, l\u2019athl\u00e8te d\u2019Amel El Maleh (Ain Temouchent), Chakib Kioua, a cr\u00e9\u00e9 la surprise en l\u2019emportant haut la main en pr\u00e9sence pourtant du champion d\u2019Alg\u00e9rie dans le triathlon et l\u2019un des meilleurs en Afrique dans la discipline, en l\u2019occurrence, Hilal Berouane, qui a termin\u00e9 \u00e0 la sixi\u00e8me place. \u00a0\u00bb Je suis tr\u00e8s heureux de cette distinction, d\u2019autant plus qu\u2019il s\u2019agit de ma premi\u00e8re participation dans cette \u00e9preuve de duathlon, sachant que je suis un sp\u00e9cialiste de la course \u00e0 v\u00e9lo. J\u2019esp\u00e8re que cette victoire m\u2019a permis de taper dans l\u2019\u0153il des responsables de la s\u00e9lection alg\u00e9rienne de triathlon, car mon souhait est de participer au championnat d\u2019Afrique de ce sport en septembre au Maroc\u00a0\u00bb, a d\u00e9clar\u00e9 \u00e0 l\u2019APS le vainqueur de cette deuxi\u00e8me \u00e9dition du duathlon d\u2019Oran, qui a devanc\u00e9 sur le podium son co\u00e9quipier du m\u00eame club, Benmira Nouh et Samir Benahmed, du CSA Fidel Oran. Pour sa part, Amina Rouba, qui l\u2019a emport\u00e9 chez les dames, s\u2019est dite aussi tr\u00e8s heureuse d\u2019avoir r\u00e9ussi le pari, \u00ab\u00a0m\u00eame si la mission n\u2019\u00e9tait pas facile vu que la comp\u00e9tition s\u2019est d\u00e9roul\u00e9e dans des conditions climatiques difficiles marqu\u00e9es par une forte chaleur\u00a0\u00bb. Amina Rouba, une ancienne championne d\u2019Alg\u00e9rie en Aviron, qui a \u00e9t\u00e9 suivie par Amel Bekhta, sa co\u00e9quipi\u00e8re dans le m\u00eame club (Fid\u00e8les d\u2019Oran), a fait savoir au passage, avoir bien pr\u00e9par\u00e9 la comp\u00e9tition, surtout qu\u2019elle n\u2019est pas sp\u00e9cialiste ni dans la course \u00e0 pieds ni dans la course \u00e0 v\u00e9lo. Pr\u00e9sent \u00e0 cet \u00e9v\u00e8nement, le pr\u00e9sident de la F\u00e9d\u00e9ration alg\u00e9rienne de triathlon (FAT), Salah Ounas, a salu\u00e9 le retour du duathlon d\u2019Oran apr\u00e8s une absence de trois ans, f\u00e9licitant en m\u00eame temps les organisateurs pour avoir tout mis en \u0153uvre pour la r\u00e9ussite de l\u2019\u00e9v\u00e8nement, selon ses dires. Il a, en outre, estim\u00e9 que ce genre de comp\u00e9titions \u00ab\u00a0contribuent pleinement dans la vulgarisation de ce sport qui commence \u00e0 prendre place dans la sc\u00e8ne sportive nationale\u00a0\u00bb. Le patron de FAT, dont l&rsquo;instance a \u00e9t\u00e9 agr\u00e9\u00e9e en 2019, a \u00e9galement fait savoir que l\u2019\u00e9preuve d\u2019Oran, la troisi\u00e8me dans le cadre du grand prix du duathlon, a permis \u00e9galement l\u2019\u00e9mergence de nouveaux athl\u00e8tes, tel le vainqueur Chakib Kioua, \u00a0\u00bbce qui devrait pousser la direction technique nationale \u00e0 revoir ses cartes concernant les sportifs appel\u00e9s \u00e0 repr\u00e9senter l\u2019Alg\u00e9rie lors du prochain championnat d\u2019Afrique\u00a0\u00bb, a-t-il conclu.<\/p>\n\n\n\n<p>APS<\/p>\n","protected":false},"excerpt":{"rendered":"<p>La deuxi\u00e8me \u00e9dition du duathlon d\u2019Oran, tenue vendredi, a \u00e9t\u00e9 marqu\u00e9e par une forte participation, toutes cat\u00e9gories confondues, et a<\/p>\n","protected":false},"author":3,"featured_media":26750,"comment_status":"open","ping_status":"closed","sticky":false,"template":"","format":"standard","meta":{"colormag_page_container_layout":"default_layout","colormag_page_sidebar_layout":"default_layout","om_disable_all_campaigns":false,"_monsterinsights_skip_tracking":false,"_monsterinsights_sitenote_active":false,"_monsterinsights_sitenote_note":"","_monsterinsights_sitenote_category":0,"footnotes":"","_wpscppro_dont_share_socialmedia":false,"_wpscppro_custom_social_share_image":0,"_facebook_share_type":"","_twitter_share_type":"","_linkedin_share_type":"","_pinterest_share_type":"","_linkedin_share_type_page":"","_instagram_share_type":"","_medium_share_type":"","_threads_share_type":"","_google_business_share_type":"","_selected_social_profile":[],"_wpsp_enable_custom_social_template":false,"_wpsp_social_scheduling":{"enabled":false,"datetime":null,"platforms":[],"status":"template_only","dateOption":"today","timeOption":"now","customDays":"","customHours":"","customDate":"","customTime":"","schedulingType":"absolute"},"_wpsp_active_default_template":true},"categories":[33],"tags":[],"class_list":["post-26737","post","type-post","status-publish","format-standard","has-post-thumbnail","hentry","category-sports"],"aioseo_notices":[],"yoast_head":"<!-- This site is optimized with the Yoast SEO plugin v27.5 - https:\/\/yoast.com\/product\/yoast-seo-wordpress\/ -->\n<title>2e\u00a0\u00e9dition du duathlon Oran-2022\u00a0: Chakib Kioua et Amina Rouba sacr\u00e9s - La Sentinelle<\/title>\n<meta name=\"robots\" content=\"index, follow, max-snippet:-1, max-image-preview:large, max-video-preview:-1\" \/>\n<link rel=\"canonical\" href=\"https:\/\/lasentinelle.dz\/index.php\/2022\/09\/04\/2e-edition-du-duathlon-oran-2022-chakib-kioua-et-amina-rouba-sacres\/\" \/>\n<meta property=\"og:locale\" content=\"fr_FR\" \/>\n<meta property=\"og:type\" content=\"article\" \/>\n<meta property=\"og:title\" content=\"2e\u00a0\u00e9dition du duathlon Oran-2022\u00a0: Chakib Kioua et Amina Rouba sacr\u00e9s - La Sentinelle\" \/>\n<meta property=\"og:description\" content=\"La deuxi\u00e8me \u00e9dition du duathlon d\u2019Oran, tenue vendredi, a \u00e9t\u00e9 marqu\u00e9e par une forte participation, toutes cat\u00e9gories confondues, et a\" \/>\n<meta property=\"og:url\" content=\"https:\/\/lasentinelle.dz\/index.php\/2022\/09\/04\/2e-edition-du-duathlon-oran-2022-chakib-kioua-et-amina-rouba-sacres\/\" \/>\n<meta property=\"og:site_name\" content=\"La Sentinelle\" \/>\n<meta property=\"article:publisher\" content=\"https:\/\/www.facebook.com\/La-Sentinelle-104059864394773\" \/>\n<meta property=\"article:published_time\" content=\"2022-09-03T23:01:00+00:00\" \/>\n<meta property=\"og:image\" content=\"https:\/\/lasentinelle.dz\/wp-content\/uploads\/2022\/09\/duathlon.jpeg\" \/>\n\t<meta property=\"og:image:width\" content=\"600\" \/>\n\t<meta property=\"og:image:height\" content=\"504\" \/>\n\t<meta property=\"og:image:type\" content=\"image\/jpeg\" \/>\n<meta name=\"author\" content=\"La Sentinelle\" \/>\n<meta name=\"twitter:card\" content=\"summary_large_image\" \/>\n<meta name=\"twitter:label1\" content=\"\u00c9crit par\" \/>\n\t<meta name=\"twitter:data1\" content=\"La Sentinelle\" \/>\n\t<meta name=\"twitter:label2\" content=\"Dur\u00e9e de lecture estim\u00e9e\" \/>\n\t<meta name=\"twitter:data2\" content=\"3 minutes\" \/>\n<script type=\"application\/ld+json\" class=\"yoast-schema-graph\">{\"@context\":\"https:\\\/\\\/schema.org\",\"@graph\":[{\"@type\":\"Article\",\"@id\":\"https:\\\/\\\/lasentinelle.dz\\\/index.php\\\/2022\\\/09\\\/04\\\/2e-edition-du-duathlon-oran-2022-chakib-kioua-et-amina-rouba-sacres\\\/#article\",\"isPartOf\":{\"@id\":\"https:\\\/\\\/lasentinelle.dz\\\/index.php\\\/2022\\\/09\\\/04\\\/2e-edition-du-duathlon-oran-2022-chakib-kioua-et-amina-rouba-sacres\\\/\"},\"author\":{\"name\":\"La Sentinelle\",\"@id\":\"https:\\\/\\\/lasentinelle.dz\\\/#\\\/schema\\\/person\\\/d865044e22e70a75174ce8bcad3acfb3\"},\"headline\":\"2e\u00a0\u00e9dition du duathlon Oran-2022\u00a0: Chakib Kioua et Amina Rouba sacr\u00e9s\",\"datePublished\":\"2022-09-03T23:01:00+00:00\",\"mainEntityOfPage\":{\"@id\":\"https:\\\/\\\/lasentinelle.dz\\\/index.php\\\/2022\\\/09\\\/04\\\/2e-edition-du-duathlon-oran-2022-chakib-kioua-et-amina-rouba-sacres\\\/\"},\"wordCount\":615,\"commentCount\":0,\"publisher\":{\"@id\":\"https:\\\/\\\/lasentinelle.dz\\\/#organization\"},\"image\":{\"@id\":\"https:\\\/\\\/lasentinelle.dz\\\/index.php\\\/2022\\\/09\\\/04\\\/2e-edition-du-duathlon-oran-2022-chakib-kioua-et-amina-rouba-sacres\\\/#primaryimage\"},\"thumbnailUrl\":\"https:\\\/\\\/lasentinelle.dz\\\/wp-content\\\/uploads\\\/2022\\\/09\\\/duathlon.jpeg\",\"articleSection\":[\"Sports\"],\"inLanguage\":\"fr-FR\",\"potentialAction\":[{\"@type\":\"CommentAction\",\"name\":\"Comment\",\"target\":[\"https:\\\/\\\/lasentinelle.dz\\\/index.php\\\/2022\\\/09\\\/04\\\/2e-edition-du-duathlon-oran-2022-chakib-kioua-et-amina-rouba-sacres\\\/#respond\"]}]},{\"@type\":\"WebPage\",\"@id\":\"https:\\\/\\\/lasentinelle.dz\\\/index.php\\\/2022\\\/09\\\/04\\\/2e-edition-du-duathlon-oran-2022-chakib-kioua-et-amina-rouba-sacres\\\/\",\"url\":\"https:\\\/\\\/lasentinelle.dz\\\/index.php\\\/2022\\\/09\\\/04\\\/2e-edition-du-duathlon-oran-2022-chakib-kioua-et-amina-rouba-sacres\\\/\",\"name\":\"2e\u00a0\u00e9dition du duathlon Oran-2022\u00a0: Chakib Kioua et Amina Rouba sacr\u00e9s - La Sentinelle\",\"isPartOf\":{\"@id\":\"https:\\\/\\\/lasentinelle.dz\\\/#website\"},\"primaryImageOfPage\":{\"@id\":\"https:\\\/\\\/lasentinelle.dz\\\/index.php\\\/2022\\\/09\\\/04\\\/2e-edition-du-duathlon-oran-2022-chakib-kioua-et-amina-rouba-sacres\\\/#primaryimage\"},\"image\":{\"@id\":\"https:\\\/\\\/lasentinelle.dz\\\/index.php\\\/2022\\\/09\\\/04\\\/2e-edition-du-duathlon-oran-2022-chakib-kioua-et-amina-rouba-sacres\\\/#primaryimage\"},\"thumbnailUrl\":\"https:\\\/\\\/lasentinelle.dz\\\/wp-content\\\/uploads\\\/2022\\\/09\\\/duathlon.jpeg\",\"datePublished\":\"2022-09-03T23:01:00+00:00\",\"breadcrumb\":{\"@id\":\"https:\\\/\\\/lasentinelle.dz\\\/index.php\\\/2022\\\/09\\\/04\\\/2e-edition-du-duathlon-oran-2022-chakib-kioua-et-amina-rouba-sacres\\\/#breadcrumb\"},\"inLanguage\":\"fr-FR\",\"potentialAction\":[{\"@type\":\"ReadAction\",\"target\":[\"https:\\\/\\\/lasentinelle.dz\\\/index.php\\\/2022\\\/09\\\/04\\\/2e-edition-du-duathlon-oran-2022-chakib-kioua-et-amina-rouba-sacres\\\/\"]}]},{\"@type\":\"ImageObject\",\"inLanguage\":\"fr-FR\",\"@id\":\"https:\\\/\\\/lasentinelle.dz\\\/index.php\\\/2022\\\/09\\\/04\\\/2e-edition-du-duathlon-oran-2022-chakib-kioua-et-amina-rouba-sacres\\\/#primaryimage\",\"url\":\"https:\\\/\\\/lasentinelle.dz\\\/wp-content\\\/uploads\\\/2022\\\/09\\\/duathlon.jpeg\",\"contentUrl\":\"https:\\\/\\\/lasentinelle.dz\\\/wp-content\\\/uploads\\\/2022\\\/09\\\/duathlon.jpeg\",\"width\":600,\"height\":504},{\"@type\":\"BreadcrumbList\",\"@id\":\"https:\\\/\\\/lasentinelle.dz\\\/index.php\\\/2022\\\/09\\\/04\\\/2e-edition-du-duathlon-oran-2022-chakib-kioua-et-amina-rouba-sacres\\\/#breadcrumb\",\"itemListElement\":[{\"@type\":\"ListItem\",\"position\":1,\"name\":\"Accueil\",\"item\":\"https:\\\/\\\/lasentinelle.dz\\\/\"},{\"@type\":\"ListItem\",\"position\":2,\"name\":\"2e\u00a0\u00e9dition du duathlon Oran-2022\u00a0: Chakib Kioua et Amina Rouba sacr\u00e9s\"}]},{\"@type\":\"WebSite\",\"@id\":\"https:\\\/\\\/lasentinelle.dz\\\/#website\",\"url\":\"https:\\\/\\\/lasentinelle.dz\\\/\",\"name\":\"La Sentinelle\",\"description\":\"Quotidien national d&#039;information\",\"publisher\":{\"@id\":\"https:\\\/\\\/lasentinelle.dz\\\/#organization\"},\"potentialAction\":[{\"@type\":\"SearchAction\",\"target\":{\"@type\":\"EntryPoint\",\"urlTemplate\":\"https:\\\/\\\/lasentinelle.dz\\\/?s={search_term_string}\"},\"query-input\":{\"@type\":\"PropertyValueSpecification\",\"valueRequired\":true,\"valueName\":\"search_term_string\"}}],\"inLanguage\":\"fr-FR\"},{\"@type\":\"Organization\",\"@id\":\"https:\\\/\\\/lasentinelle.dz\\\/#organization\",\"name\":\"Quotidien La Sentinelle\",\"url\":\"https:\\\/\\\/lasentinelle.dz\\\/\",\"logo\":{\"@type\":\"ImageObject\",\"inLanguage\":\"fr-FR\",\"@id\":\"https:\\\/\\\/lasentinelle.dz\\\/#\\\/schema\\\/logo\\\/image\\\/\",\"url\":\"https:\\\/\\\/lasentinelle.dz\\\/wp-content\\\/uploads\\\/2021\\\/09\\\/logo-sentinelleSLOGAN-1.png\",\"contentUrl\":\"https:\\\/\\\/lasentinelle.dz\\\/wp-content\\\/uploads\\\/2021\\\/09\\\/logo-sentinelleSLOGAN-1.png\",\"width\":615,\"height\":142,\"caption\":\"Quotidien La Sentinelle\"},\"image\":{\"@id\":\"https:\\\/\\\/lasentinelle.dz\\\/#\\\/schema\\\/logo\\\/image\\\/\"},\"sameAs\":[\"https:\\\/\\\/www.facebook.com\\\/La-Sentinelle-104059864394773\"]},{\"@type\":\"Person\",\"@id\":\"https:\\\/\\\/lasentinelle.dz\\\/#\\\/schema\\\/person\\\/d865044e22e70a75174ce8bcad3acfb3\",\"name\":\"La Sentinelle\",\"image\":{\"@type\":\"ImageObject\",\"inLanguage\":\"fr-FR\",\"@id\":\"https:\\\/\\\/secure.gravatar.com\\\/avatar\\\/57de8e5d4b15d43fb361a71fbb36338450fe67865b528a43dd10ef7c51a20392?s=96&d=mm&r=g\",\"url\":\"https:\\\/\\\/secure.gravatar.com\\\/avatar\\\/57de8e5d4b15d43fb361a71fbb36338450fe67865b528a43dd10ef7c51a20392?s=96&d=mm&r=g\",\"contentUrl\":\"https:\\\/\\\/secure.gravatar.com\\\/avatar\\\/57de8e5d4b15d43fb361a71fbb36338450fe67865b528a43dd10ef7c51a20392?s=96&d=mm&r=g\",\"caption\":\"La Sentinelle\"},\"sameAs\":[\"http:\\\/\\\/www.lasentinelle.dz\"],\"url\":\"https:\\\/\\\/lasentinelle.dz\\\/author\\\/redaction\\\/\"}]}<\/script>\n<!-- \/ Yoast SEO plugin. -->","yoast_head_json":{"title":"2e\u00a0\u00e9dition du duathlon Oran-2022\u00a0: Chakib Kioua et Amina Rouba sacr\u00e9s - La Sentinelle","robots":{"index":"index","follow":"follow","max-snippet":"max-snippet:-1","max-image-preview":"max-image-preview:large","max-video-preview":"max-video-preview:-1"},"canonical":"https:\/\/lasentinelle.dz\/index.php\/2022\/09\/04\/2e-edition-du-duathlon-oran-2022-chakib-kioua-et-amina-rouba-sacres\/","og_locale":"fr_FR","og_type":"article","og_title":"2e\u00a0\u00e9dition du duathlon Oran-2022\u00a0: Chakib Kioua et Amina Rouba sacr\u00e9s - La Sentinelle","og_description":"La deuxi\u00e8me \u00e9dition du duathlon d\u2019Oran, tenue vendredi, a \u00e9t\u00e9 marqu\u00e9e par une forte participation, toutes cat\u00e9gories confondues, et a","og_url":"https:\/\/lasentinelle.dz\/index.php\/2022\/09\/04\/2e-edition-du-duathlon-oran-2022-chakib-kioua-et-amina-rouba-sacres\/","og_site_name":"La Sentinelle","article_publisher":"https:\/\/www.facebook.com\/La-Sentinelle-104059864394773","article_published_time":"2022-09-03T23:01:00+00:00","og_image":[{"width":600,"height":504,"url":"https:\/\/lasentinelle.dz\/wp-content\/uploads\/2022\/09\/duathlon.jpeg","type":"image\/jpeg"}],"author":"La Sentinelle","twitter_card":"summary_large_image","twitter_misc":{"\u00c9crit par":"La Sentinelle","Dur\u00e9e de lecture estim\u00e9e":"3 minutes"},"schema":{"@context":"https:\/\/schema.org","@graph":[{"@type":"Article","@id":"https:\/\/lasentinelle.dz\/index.php\/2022\/09\/04\/2e-edition-du-duathlon-oran-2022-chakib-kioua-et-amina-rouba-sacres\/#article","isPartOf":{"@id":"https:\/\/lasentinelle.dz\/index.php\/2022\/09\/04\/2e-edition-du-duathlon-oran-2022-chakib-kioua-et-amina-rouba-sacres\/"},"author":{"name":"La Sentinelle","@id":"https:\/\/lasentinelle.dz\/#\/schema\/person\/d865044e22e70a75174ce8bcad3acfb3"},"headline":"2e\u00a0\u00e9dition du duathlon Oran-2022\u00a0: Chakib Kioua et Amina Rouba sacr\u00e9s","datePublished":"2022-09-03T23:01:00+00:00","mainEntityOfPage":{"@id":"https:\/\/lasentinelle.dz\/index.php\/2022\/09\/04\/2e-edition-du-duathlon-oran-2022-chakib-kioua-et-amina-rouba-sacres\/"},"wordCount":615,"commentCount":0,"publisher":{"@id":"https:\/\/lasentinelle.dz\/#organization"},"image":{"@id":"https:\/\/lasentinelle.dz\/index.php\/2022\/09\/04\/2e-edition-du-duathlon-oran-2022-chakib-kioua-et-amina-rouba-sacres\/#primaryimage"},"thumbnailUrl":"https:\/\/lasentinelle.dz\/wp-content\/uploads\/2022\/09\/duathlon.jpeg","articleSection":["Sports"],"inLanguage":"fr-FR","potentialAction":[{"@type":"CommentAction","name":"Comment","target":["https:\/\/lasentinelle.dz\/index.php\/2022\/09\/04\/2e-edition-du-duathlon-oran-2022-chakib-kioua-et-amina-rouba-sacres\/#respond"]}]},{"@type":"WebPage","@id":"https:\/\/lasentinelle.dz\/index.php\/2022\/09\/04\/2e-edition-du-duathlon-oran-2022-chakib-kioua-et-amina-rouba-sacres\/","url":"https:\/\/lasentinelle.dz\/index.php\/2022\/09\/04\/2e-edition-du-duathlon-oran-2022-chakib-kioua-et-amina-rouba-sacres\/","name":"2e\u00a0\u00e9dition du duathlon Oran-2022\u00a0: Chakib Kioua et Amina Rouba sacr\u00e9s - La Sentinelle","isPartOf":{"@id":"https:\/\/lasentinelle.dz\/#website"},"primaryImageOfPage":{"@id":"https:\/\/lasentinelle.dz\/index.php\/2022\/09\/04\/2e-edition-du-duathlon-oran-2022-chakib-kioua-et-amina-rouba-sacres\/#primaryimage"},"image":{"@id":"https:\/\/lasentinelle.dz\/index.php\/2022\/09\/04\/2e-edition-du-duathlon-oran-2022-chakib-kioua-et-amina-rouba-sacres\/#primaryimage"},"thumbnailUrl":"https:\/\/lasentinelle.dz\/wp-content\/uploads\/2022\/09\/duathlon.jpeg","datePublished":"2022-09-03T23:01:00+00:00","breadcrumb":{"@id":"https:\/\/lasentinelle.dz\/index.php\/2022\/09\/04\/2e-edition-du-duathlon-oran-2022-chakib-kioua-et-amina-rouba-sacres\/#breadcrumb"},"inLanguage":"fr-FR","potentialAction":[{"@type":"ReadAction","target":["https:\/\/lasentinelle.dz\/index.php\/2022\/09\/04\/2e-edition-du-duathlon-oran-2022-chakib-kioua-et-amina-rouba-sacres\/"]}]},{"@type":"ImageObject","inLanguage":"fr-FR","@id":"https:\/\/lasentinelle.dz\/index.php\/2022\/09\/04\/2e-edition-du-duathlon-oran-2022-chakib-kioua-et-amina-rouba-sacres\/#primaryimage","url":"https:\/\/lasentinelle.dz\/wp-content\/uploads\/2022\/09\/duathlon.jpeg","contentUrl":"https:\/\/lasentinelle.dz\/wp-content\/uploads\/2022\/09\/duathlon.jpeg","width":600,"height":504},{"@type":"BreadcrumbList","@id":"https:\/\/lasentinelle.dz\/index.php\/2022\/09\/04\/2e-edition-du-duathlon-oran-2022-chakib-kioua-et-amina-rouba-sacres\/#breadcrumb","itemListElement":[{"@type":"ListItem","position":1,"name":"Accueil","item":"https:\/\/lasentinelle.dz\/"},{"@type":"ListItem","position":2,"name":"2e\u00a0\u00e9dition du duathlon Oran-2022\u00a0: Chakib Kioua et Amina Rouba sacr\u00e9s"}]},{"@type":"WebSite","@id":"https:\/\/lasentinelle.dz\/#website","url":"https:\/\/lasentinelle.dz\/","name":"La Sentinelle","description":"Quotidien national d&#039;information","publisher":{"@id":"https:\/\/lasentinelle.dz\/#organization"},"potentialAction":[{"@type":"SearchAction","target":{"@type":"EntryPoint","urlTemplate":"https:\/\/lasentinelle.dz\/?s={search_term_string}"},"query-input":{"@type":"PropertyValueSpecification","valueRequired":true,"valueName":"search_term_string"}}],"inLanguage":"fr-FR"},{"@type":"Organization","@id":"https:\/\/lasentinelle.dz\/#organization","name":"Quotidien La Sentinelle","url":"https:\/\/lasentinelle.dz\/","logo":{"@type":"ImageObject","inLanguage":"fr-FR","@id":"https:\/\/lasentinelle.dz\/#\/schema\/logo\/image\/","url":"https:\/\/lasentinelle.dz\/wp-content\/uploads\/2021\/09\/logo-sentinelleSLOGAN-1.png","contentUrl":"https:\/\/lasentinelle.dz\/wp-content\/uploads\/2021\/09\/logo-sentinelleSLOGAN-1.png","width":615,"height":142,"caption":"Quotidien La Sentinelle"},"image":{"@id":"https:\/\/lasentinelle.dz\/#\/schema\/logo\/image\/"},"sameAs":["https:\/\/www.facebook.com\/La-Sentinelle-104059864394773"]},{"@type":"Person","@id":"https:\/\/lasentinelle.dz\/#\/schema\/person\/d865044e22e70a75174ce8bcad3acfb3","name":"La Sentinelle","image":{"@type":"ImageObject","inLanguage":"fr-FR","@id":"https:\/\/secure.gravatar.com\/avatar\/57de8e5d4b15d43fb361a71fbb36338450fe67865b528a43dd10ef7c51a20392?s=96&d=mm&r=g","url":"https:\/\/secure.gravatar.com\/avatar\/57de8e5d4b15d43fb361a71fbb36338450fe67865b528a43dd10ef7c51a20392?s=96&d=mm&r=g","contentUrl":"https:\/\/secure.gravatar.com\/avatar\/57de8e5d4b15d43fb361a71fbb36338450fe67865b528a43dd10ef7c51a20392?s=96&d=mm&r=g","caption":"La Sentinelle"},"sameAs":["http:\/\/www.lasentinelle.dz"],"url":"https:\/\/lasentinelle.dz\/author\/redaction\/"}]}},"_links":{"self":[{"href":"https:\/\/lasentinelle.dz\/index.php\/wp-json\/wp\/v2\/posts\/26737","targetHints":{"allow":["GET"]}}],"collection":[{"href":"https:\/\/lasentinelle.dz\/index.php\/wp-json\/wp\/v2\/posts"}],"about":[{"href":"https:\/\/lasentinelle.dz\/index.php\/wp-json\/wp\/v2\/types\/post"}],"author":[{"embeddable":true,"href":"https:\/\/lasentinelle.dz\/index.php\/wp-json\/wp\/v2\/users\/3"}],"replies":[{"embeddable":true,"href":"https:\/\/lasentinelle.dz\/index.php\/wp-json\/wp\/v2\/comments?post=26737"}],"version-history":[{"count":1,"href":"https:\/\/lasentinelle.dz\/index.php\/wp-json\/wp\/v2\/posts\/26737\/revisions"}],"predecessor-version":[{"id":26751,"href":"https:\/\/lasentinelle.dz\/index.php\/wp-json\/wp\/v2\/posts\/26737\/revisions\/26751"}],"wp:featuredmedia":[{"embeddable":true,"href":"https:\/\/lasentinelle.dz\/index.php\/wp-json\/wp\/v2\/media\/26750"}],"wp:attachment":[{"href":"https:\/\/lasentinelle.dz\/index.php\/wp-json\/wp\/v2\/media?parent=26737"}],"wp:term":[{"taxonomy":"category","embeddable":true,"href":"https:\/\/lasentinelle.dz\/index.php\/wp-json\/wp\/v2\/categories?post=26737"},{"taxonomy":"post_tag","embeddable":true,"href":"https:\/\/lasentinelle.dz\/index.php\/wp-json\/wp\/v2\/tags?post=26737"}],"curies":[{"name":"wp","href":"https:\/\/api.w.org\/{rel}","templated":true}]}}