{"id":26761,"date":"2022-09-04T00:08:00","date_gmt":"2022-09-03T23:08:00","guid":{"rendered":"https:\/\/lasentinelle.dz\/?p=26761"},"modified":"2022-09-03T19:49:59","modified_gmt":"2022-09-03T18:49:59","slug":"lexamen-des-statuts-particuliers-de-leducation-proroge-le-syndicat-des-superviseurs-maintient-la-pression","status":"publish","type":"post","link":"https:\/\/lasentinelle.dz\/index.php\/2022\/09\/04\/lexamen-des-statuts-particuliers-de-leducation-proroge-le-syndicat-des-superviseurs-maintient-la-pression\/","title":{"rendered":"L\u2019examen des statuts particuliers de l\u2019\u00e9ducation prorog\u00e9\u00a0:\u00a0Le syndicat des superviseurs maintient\u00a0la pression"},"content":{"rendered":"\n<p>Le Syndicat national des superviseurs et des&nbsp;adjoints de l\u2019\u00e9ducation (SNSAE) a d\u00e9cid\u00e9 de poursuivre son mouvement de protestation. Le minist\u00e8re de l\u2019Education a pourtant d\u00e9cid\u00e9 d\u2019accorder trois semaines suppl\u00e9mentaires \u00e0 la commission mixte charg\u00e9e de l\u2019examen du projet de statut particulier des fonctionnaires des corps sp\u00e9cifiques. Mais l\u2019organisation syndicale, tout en se f\u00e9licitant de l\u2019initiative de la tutelle, pr\u00e9f\u00e8re \u00abattendre que les actes suivent\u00bb.<\/p>\n\n\n\n<p>C\u2019est jeudi dernier, \u00e0 l\u2019occasion de la rencontre minist\u00e8re \u2013 syndicats, organis\u00e9e \u00e0 la veille de la rentr\u00e9e scolaire pour, entre autre, discuter du retour au syst\u00e8me habituel d\u2019enseignement, que le ministre de l\u2019\u00c9ducation&nbsp;nationale,&nbsp;&nbsp;Abdelhakim Belabed, et apr\u00e8s avoir \u00e9t\u00e9 saisi par le SG du SNSAE, a indiqu\u00e9 ce dernier dans un communiqu\u00e9, a fait savoir qu\u2019il avait pris la d\u00e9cision de \u00abprolonger de trois semaines\u00bb le travail de la dite commission. Une d\u00e9cision accueillie avec satisfaction par le syndicat qui a estim\u00e9 que cela est le r\u00e9sultat de l\u2019engagement des travailleurs du secteur qui lui sont affili\u00e9s. N\u00e9anmoins, l\u2019organisation syndicale pr\u00e9f\u00e8re temporiser avant de prendre une quelconque d\u00e9cision de gel du mouvement de protestation. En d\u2019autres termes, et comme indiqu\u00e9 dans son communiqu\u00e9 rendu public hier, il est question de voir si la commission va prendre en compte ou non les propositions faites par le syndicat en relation avec le statut des superviseurs et adjoints de l\u2019\u00e9ducation. Le SNSAE rappelle \u00e0 cet effet qu\u2019il s\u2019en tient toujours \u00e0 ses mots d\u2019ordre de boycott des t\u00e2ches administratives,&nbsp;de&nbsp;gr\u00e8ve d\u00e8s la rentr\u00e9e des \u00e9l\u00e8ves et un rassemblement devant l\u2019annexe de Ruisseau du minist\u00e8re de l\u2019Education, dont la date sera d\u00e9finie ult\u00e9rieurement. Dans un pr\u00e9c\u00e9dant communiqu\u00e9, l\u2019organisation syndicale avait indiqu\u00e9 qu\u2019elle a opt\u00e9 pour le \u00abboycott des pr\u00e9paratifs de cette rentr\u00e9e scolaire et toutes activit\u00e9s administratives qui n\u2019ont aucun lien avec les missions des superviseurs et adjoints de l\u2019\u00e9ducation d\u00e9finies par les articles 80, 81, 84 bis 3, 84 bis 4 du d\u00e9cret ex\u00e9cutif 240-12 du 29 mai 2012 modifiant et compl\u00e9tant le d\u00e9cret ex\u00e9cutif n\u00b0 08-315 du 11 octobre 2008 portant statut particulier des fonctionnaires appartenant aux corps sp\u00e9cifiques de l\u2019\u00e9ducation nationale\u00bb. D\u2019ailleurs, le SNSAE avait d\u00e9cid\u00e9 de boycotter la r\u00e9union du 11 ao\u00fbt dernier de cette commission mixte charg\u00e9e de l\u2019examen du projet de statut particulier des fonctionnaires des corps sp\u00e9cifiques. Ses revendications s\u2019articulent essentiellement autour des conditions de recrutement, promotion, int\u00e9gration et d\u00e9finition des missions des superviseurs et adjoints de l\u2019\u00e9ducation, comme rappel\u00e9 dans le communiqu\u00e9 d\u2019hier. Il est question aussi du r\u00e8glement d\u00e9finitif du dossier des m\u00e9tiers en voie de disparition, et de la n\u00e9cessit\u00e9 de trouver une solution au probl\u00e8me de ceux qui ont \u00e9t\u00e9 int\u00e9gr\u00e9s en qualit\u00e9 de superviseurs dans les trois paliers de l\u2019\u00e9ducation. Dans le communiqu\u00e9 annon\u00e7ant le retour au syst\u00e8me habituel d\u2019enseignement, la tutelle avait \u00abappel\u00e9 tous les membres de la famille \u00e9ducative \u00e0 la mobilisation et l&rsquo;unification des rangs afin de garantir le succ\u00e8s de la rentr\u00e9e scolaire et d&rsquo;assurer un d\u00e9part r\u00e9ussi de cette ann\u00e9e scolaire\u00bb. En dehors de ce mouvement de protestation, la majorit\u00e9 des syndicats semblent adh\u00e9rer \u00e0 cette d\u00e9marche. Du moins pour l\u2019instant.<\/p>\n\n\n\n<p><strong>Elyas Nour<\/strong><\/p>\n","protected":false},"excerpt":{"rendered":"<p>Le Syndicat national des superviseurs et des&nbsp;adjoints de l\u2019\u00e9ducation (SNSAE) a d\u00e9cid\u00e9 de poursuivre son mouvement de protestation. Le minist\u00e8re<\/p>\n","protected":false},"author":3,"featured_media":26762,"comment_status":"open","ping_status":"closed","sticky":false,"template":"","format":"standard","meta":{"colormag_page_container_layout":"default_layout","colormag_page_sidebar_layout":"default_layout","om_disable_all_campaigns":false,"_monsterinsights_skip_tracking":false,"_monsterinsights_sitenote_active":false,"_monsterinsights_sitenote_note":"","_monsterinsights_sitenote_category":0,"footnotes":"","_wpscppro_dont_share_socialmedia":false,"_wpscppro_custom_social_share_image":0,"_facebook_share_type":"","_twitter_share_type":"","_linkedin_share_type":"","_pinterest_share_type":"","_linkedin_share_type_page":"","_instagram_share_type":"","_medium_share_type":"","_threads_share_type":"","_google_business_share_type":"","_selected_social_profile":[],"_wpsp_enable_custom_social_template":false,"_wpsp_social_scheduling":{"enabled":false,"datetime":null,"platforms":[],"status":"template_only","dateOption":"today","timeOption":"now","customDays":"","customHours":"","customDate":"","customTime":"","schedulingType":"absolute"},"_wpsp_active_default_template":true},"categories":[52,27],"tags":[],"class_list":["post-26761","post","type-post","status-publish","format-standard","has-post-thumbnail","hentry","category-a-la-une","category-actualite"],"aioseo_notices":[],"yoast_head":"<!-- This site is optimized with the Yoast SEO plugin v27.4 - https:\/\/yoast.com\/product\/yoast-seo-wordpress\/ -->\n<title>L\u2019examen des statuts particuliers de l\u2019\u00e9ducation prorog\u00e9\u00a0:\u00a0Le syndicat des superviseurs maintient\u00a0la pression - La Sentinelle<\/title>\n<meta name=\"robots\" content=\"index, follow, max-snippet:-1, max-image-preview:large, max-video-preview:-1\" \/>\n<link rel=\"canonical\" href=\"https:\/\/lasentinelle.dz\/index.php\/2022\/09\/04\/lexamen-des-statuts-particuliers-de-leducation-proroge-le-syndicat-des-superviseurs-maintient-la-pression\/\" \/>\n<meta property=\"og:locale\" content=\"fr_FR\" \/>\n<meta property=\"og:type\" content=\"article\" \/>\n<meta property=\"og:title\" content=\"L\u2019examen des statuts particuliers de l\u2019\u00e9ducation prorog\u00e9\u00a0:\u00a0Le syndicat des superviseurs maintient\u00a0la pression - La Sentinelle\" \/>\n<meta property=\"og:description\" content=\"Le Syndicat national des superviseurs et des&nbsp;adjoints de l\u2019\u00e9ducation (SNSAE) a d\u00e9cid\u00e9 de poursuivre son mouvement de protestation. Le minist\u00e8re\" \/>\n<meta property=\"og:url\" content=\"https:\/\/lasentinelle.dz\/index.php\/2022\/09\/04\/lexamen-des-statuts-particuliers-de-leducation-proroge-le-syndicat-des-superviseurs-maintient-la-pression\/\" \/>\n<meta property=\"og:site_name\" content=\"La Sentinelle\" \/>\n<meta property=\"article:publisher\" content=\"https:\/\/www.facebook.com\/La-Sentinelle-104059864394773\" \/>\n<meta property=\"article:published_time\" content=\"2022-09-03T23:08:00+00:00\" \/>\n<meta property=\"og:image\" content=\"https:\/\/lasentinelle.dz\/wp-content\/uploads\/2022\/09\/ecole.png\" \/>\n\t<meta property=\"og:image:width\" content=\"1598\" \/>\n\t<meta property=\"og:image:height\" content=\"900\" \/>\n\t<meta property=\"og:image:type\" content=\"image\/png\" \/>\n<meta name=\"author\" content=\"La Sentinelle\" \/>\n<meta name=\"twitter:card\" content=\"summary_large_image\" \/>\n<meta name=\"twitter:label1\" content=\"\u00c9crit par\" \/>\n\t<meta name=\"twitter:data1\" content=\"La Sentinelle\" \/>\n\t<meta name=\"twitter:label2\" content=\"Dur\u00e9e de lecture estim\u00e9e\" \/>\n\t<meta name=\"twitter:data2\" content=\"3 minutes\" \/>\n<script type=\"application\/ld+json\" class=\"yoast-schema-graph\">{\"@context\":\"https:\\\/\\\/schema.org\",\"@graph\":[{\"@type\":\"Article\",\"@id\":\"https:\\\/\\\/lasentinelle.dz\\\/index.php\\\/2022\\\/09\\\/04\\\/lexamen-des-statuts-particuliers-de-leducation-proroge-le-syndicat-des-superviseurs-maintient-la-pression\\\/#article\",\"isPartOf\":{\"@id\":\"https:\\\/\\\/lasentinelle.dz\\\/index.php\\\/2022\\\/09\\\/04\\\/lexamen-des-statuts-particuliers-de-leducation-proroge-le-syndicat-des-superviseurs-maintient-la-pression\\\/\"},\"author\":{\"name\":\"La Sentinelle\",\"@id\":\"https:\\\/\\\/lasentinelle.dz\\\/#\\\/schema\\\/person\\\/d865044e22e70a75174ce8bcad3acfb3\"},\"headline\":\"L\u2019examen des statuts particuliers de l\u2019\u00e9ducation prorog\u00e9\u00a0:\u00a0Le syndicat des superviseurs maintient\u00a0la pression\",\"datePublished\":\"2022-09-03T23:08:00+00:00\",\"mainEntityOfPage\":{\"@id\":\"https:\\\/\\\/lasentinelle.dz\\\/index.php\\\/2022\\\/09\\\/04\\\/lexamen-des-statuts-particuliers-de-leducation-proroge-le-syndicat-des-superviseurs-maintient-la-pression\\\/\"},\"wordCount\":617,\"commentCount\":0,\"publisher\":{\"@id\":\"https:\\\/\\\/lasentinelle.dz\\\/#organization\"},\"image\":{\"@id\":\"https:\\\/\\\/lasentinelle.dz\\\/index.php\\\/2022\\\/09\\\/04\\\/lexamen-des-statuts-particuliers-de-leducation-proroge-le-syndicat-des-superviseurs-maintient-la-pression\\\/#primaryimage\"},\"thumbnailUrl\":\"https:\\\/\\\/lasentinelle.dz\\\/wp-content\\\/uploads\\\/2022\\\/09\\\/ecole.png\",\"articleSection\":[\"\u00c0 la Une\",\"Actualit\u00e9\"],\"inLanguage\":\"fr-FR\",\"potentialAction\":[{\"@type\":\"CommentAction\",\"name\":\"Comment\",\"target\":[\"https:\\\/\\\/lasentinelle.dz\\\/index.php\\\/2022\\\/09\\\/04\\\/lexamen-des-statuts-particuliers-de-leducation-proroge-le-syndicat-des-superviseurs-maintient-la-pression\\\/#respond\"]}]},{\"@type\":\"WebPage\",\"@id\":\"https:\\\/\\\/lasentinelle.dz\\\/index.php\\\/2022\\\/09\\\/04\\\/lexamen-des-statuts-particuliers-de-leducation-proroge-le-syndicat-des-superviseurs-maintient-la-pression\\\/\",\"url\":\"https:\\\/\\\/lasentinelle.dz\\\/index.php\\\/2022\\\/09\\\/04\\\/lexamen-des-statuts-particuliers-de-leducation-proroge-le-syndicat-des-superviseurs-maintient-la-pression\\\/\",\"name\":\"L\u2019examen des statuts particuliers de l\u2019\u00e9ducation prorog\u00e9\u00a0:\u00a0Le syndicat des superviseurs maintient\u00a0la pression - La Sentinelle\",\"isPartOf\":{\"@id\":\"https:\\\/\\\/lasentinelle.dz\\\/#website\"},\"primaryImageOfPage\":{\"@id\":\"https:\\\/\\\/lasentinelle.dz\\\/index.php\\\/2022\\\/09\\\/04\\\/lexamen-des-statuts-particuliers-de-leducation-proroge-le-syndicat-des-superviseurs-maintient-la-pression\\\/#primaryimage\"},\"image\":{\"@id\":\"https:\\\/\\\/lasentinelle.dz\\\/index.php\\\/2022\\\/09\\\/04\\\/lexamen-des-statuts-particuliers-de-leducation-proroge-le-syndicat-des-superviseurs-maintient-la-pression\\\/#primaryimage\"},\"thumbnailUrl\":\"https:\\\/\\\/lasentinelle.dz\\\/wp-content\\\/uploads\\\/2022\\\/09\\\/ecole.png\",\"datePublished\":\"2022-09-03T23:08:00+00:00\",\"breadcrumb\":{\"@id\":\"https:\\\/\\\/lasentinelle.dz\\\/index.php\\\/2022\\\/09\\\/04\\\/lexamen-des-statuts-particuliers-de-leducation-proroge-le-syndicat-des-superviseurs-maintient-la-pression\\\/#breadcrumb\"},\"inLanguage\":\"fr-FR\",\"potentialAction\":[{\"@type\":\"ReadAction\",\"target\":[\"https:\\\/\\\/lasentinelle.dz\\\/index.php\\\/2022\\\/09\\\/04\\\/lexamen-des-statuts-particuliers-de-leducation-proroge-le-syndicat-des-superviseurs-maintient-la-pression\\\/\"]}]},{\"@type\":\"ImageObject\",\"inLanguage\":\"fr-FR\",\"@id\":\"https:\\\/\\\/lasentinelle.dz\\\/index.php\\\/2022\\\/09\\\/04\\\/lexamen-des-statuts-particuliers-de-leducation-proroge-le-syndicat-des-superviseurs-maintient-la-pression\\\/#primaryimage\",\"url\":\"https:\\\/\\\/lasentinelle.dz\\\/wp-content\\\/uploads\\\/2022\\\/09\\\/ecole.png\",\"contentUrl\":\"https:\\\/\\\/lasentinelle.dz\\\/wp-content\\\/uploads\\\/2022\\\/09\\\/ecole.png\",\"width\":1598,\"height\":900},{\"@type\":\"BreadcrumbList\",\"@id\":\"https:\\\/\\\/lasentinelle.dz\\\/index.php\\\/2022\\\/09\\\/04\\\/lexamen-des-statuts-particuliers-de-leducation-proroge-le-syndicat-des-superviseurs-maintient-la-pression\\\/#breadcrumb\",\"itemListElement\":[{\"@type\":\"ListItem\",\"position\":1,\"name\":\"Accueil\",\"item\":\"https:\\\/\\\/lasentinelle.dz\\\/\"},{\"@type\":\"ListItem\",\"position\":2,\"name\":\"L\u2019examen des statuts particuliers de l\u2019\u00e9ducation prorog\u00e9\u00a0:\u00a0Le syndicat des superviseurs maintient\u00a0la pression\"}]},{\"@type\":\"WebSite\",\"@id\":\"https:\\\/\\\/lasentinelle.dz\\\/#website\",\"url\":\"https:\\\/\\\/lasentinelle.dz\\\/\",\"name\":\"La Sentinelle\",\"description\":\"Quotidien national d&#039;information\",\"publisher\":{\"@id\":\"https:\\\/\\\/lasentinelle.dz\\\/#organization\"},\"potentialAction\":[{\"@type\":\"SearchAction\",\"target\":{\"@type\":\"EntryPoint\",\"urlTemplate\":\"https:\\\/\\\/lasentinelle.dz\\\/?s={search_term_string}\"},\"query-input\":{\"@type\":\"PropertyValueSpecification\",\"valueRequired\":true,\"valueName\":\"search_term_string\"}}],\"inLanguage\":\"fr-FR\"},{\"@type\":\"Organization\",\"@id\":\"https:\\\/\\\/lasentinelle.dz\\\/#organization\",\"name\":\"Quotidien La Sentinelle\",\"url\":\"https:\\\/\\\/lasentinelle.dz\\\/\",\"logo\":{\"@type\":\"ImageObject\",\"inLanguage\":\"fr-FR\",\"@id\":\"https:\\\/\\\/lasentinelle.dz\\\/#\\\/schema\\\/logo\\\/image\\\/\",\"url\":\"https:\\\/\\\/lasentinelle.dz\\\/wp-content\\\/uploads\\\/2021\\\/09\\\/logo-sentinelleSLOGAN-1.png\",\"contentUrl\":\"https:\\\/\\\/lasentinelle.dz\\\/wp-content\\\/uploads\\\/2021\\\/09\\\/logo-sentinelleSLOGAN-1.png\",\"width\":615,\"height\":142,\"caption\":\"Quotidien La Sentinelle\"},\"image\":{\"@id\":\"https:\\\/\\\/lasentinelle.dz\\\/#\\\/schema\\\/logo\\\/image\\\/\"},\"sameAs\":[\"https:\\\/\\\/www.facebook.com\\\/La-Sentinelle-104059864394773\"]},{\"@type\":\"Person\",\"@id\":\"https:\\\/\\\/lasentinelle.dz\\\/#\\\/schema\\\/person\\\/d865044e22e70a75174ce8bcad3acfb3\",\"name\":\"La Sentinelle\",\"image\":{\"@type\":\"ImageObject\",\"inLanguage\":\"fr-FR\",\"@id\":\"https:\\\/\\\/secure.gravatar.com\\\/avatar\\\/57de8e5d4b15d43fb361a71fbb36338450fe67865b528a43dd10ef7c51a20392?s=96&d=mm&r=g\",\"url\":\"https:\\\/\\\/secure.gravatar.com\\\/avatar\\\/57de8e5d4b15d43fb361a71fbb36338450fe67865b528a43dd10ef7c51a20392?s=96&d=mm&r=g\",\"contentUrl\":\"https:\\\/\\\/secure.gravatar.com\\\/avatar\\\/57de8e5d4b15d43fb361a71fbb36338450fe67865b528a43dd10ef7c51a20392?s=96&d=mm&r=g\",\"caption\":\"La Sentinelle\"},\"sameAs\":[\"http:\\\/\\\/www.lasentinelle.dz\"],\"url\":\"https:\\\/\\\/lasentinelle.dz\\\/author\\\/redaction\\\/\"}]}<\/script>\n<!-- \/ Yoast SEO plugin. -->","yoast_head_json":{"title":"L\u2019examen des statuts particuliers de l\u2019\u00e9ducation prorog\u00e9\u00a0:\u00a0Le syndicat des superviseurs maintient\u00a0la pression - La Sentinelle","robots":{"index":"index","follow":"follow","max-snippet":"max-snippet:-1","max-image-preview":"max-image-preview:large","max-video-preview":"max-video-preview:-1"},"canonical":"https:\/\/lasentinelle.dz\/index.php\/2022\/09\/04\/lexamen-des-statuts-particuliers-de-leducation-proroge-le-syndicat-des-superviseurs-maintient-la-pression\/","og_locale":"fr_FR","og_type":"article","og_title":"L\u2019examen des statuts particuliers de l\u2019\u00e9ducation prorog\u00e9\u00a0:\u00a0Le syndicat des superviseurs maintient\u00a0la pression - La Sentinelle","og_description":"Le Syndicat national des superviseurs et des&nbsp;adjoints de l\u2019\u00e9ducation (SNSAE) a d\u00e9cid\u00e9 de poursuivre son mouvement de protestation. Le minist\u00e8re","og_url":"https:\/\/lasentinelle.dz\/index.php\/2022\/09\/04\/lexamen-des-statuts-particuliers-de-leducation-proroge-le-syndicat-des-superviseurs-maintient-la-pression\/","og_site_name":"La Sentinelle","article_publisher":"https:\/\/www.facebook.com\/La-Sentinelle-104059864394773","article_published_time":"2022-09-03T23:08:00+00:00","og_image":[{"width":1598,"height":900,"url":"https:\/\/lasentinelle.dz\/wp-content\/uploads\/2022\/09\/ecole.png","type":"image\/png"}],"author":"La Sentinelle","twitter_card":"summary_large_image","twitter_misc":{"\u00c9crit par":"La Sentinelle","Dur\u00e9e de lecture estim\u00e9e":"3 minutes"},"schema":{"@context":"https:\/\/schema.org","@graph":[{"@type":"Article","@id":"https:\/\/lasentinelle.dz\/index.php\/2022\/09\/04\/lexamen-des-statuts-particuliers-de-leducation-proroge-le-syndicat-des-superviseurs-maintient-la-pression\/#article","isPartOf":{"@id":"https:\/\/lasentinelle.dz\/index.php\/2022\/09\/04\/lexamen-des-statuts-particuliers-de-leducation-proroge-le-syndicat-des-superviseurs-maintient-la-pression\/"},"author":{"name":"La Sentinelle","@id":"https:\/\/lasentinelle.dz\/#\/schema\/person\/d865044e22e70a75174ce8bcad3acfb3"},"headline":"L\u2019examen des statuts particuliers de l\u2019\u00e9ducation prorog\u00e9\u00a0:\u00a0Le syndicat des superviseurs maintient\u00a0la pression","datePublished":"2022-09-03T23:08:00+00:00","mainEntityOfPage":{"@id":"https:\/\/lasentinelle.dz\/index.php\/2022\/09\/04\/lexamen-des-statuts-particuliers-de-leducation-proroge-le-syndicat-des-superviseurs-maintient-la-pression\/"},"wordCount":617,"commentCount":0,"publisher":{"@id":"https:\/\/lasentinelle.dz\/#organization"},"image":{"@id":"https:\/\/lasentinelle.dz\/index.php\/2022\/09\/04\/lexamen-des-statuts-particuliers-de-leducation-proroge-le-syndicat-des-superviseurs-maintient-la-pression\/#primaryimage"},"thumbnailUrl":"https:\/\/lasentinelle.dz\/wp-content\/uploads\/2022\/09\/ecole.png","articleSection":["\u00c0 la Une","Actualit\u00e9"],"inLanguage":"fr-FR","potentialAction":[{"@type":"CommentAction","name":"Comment","target":["https:\/\/lasentinelle.dz\/index.php\/2022\/09\/04\/lexamen-des-statuts-particuliers-de-leducation-proroge-le-syndicat-des-superviseurs-maintient-la-pression\/#respond"]}]},{"@type":"WebPage","@id":"https:\/\/lasentinelle.dz\/index.php\/2022\/09\/04\/lexamen-des-statuts-particuliers-de-leducation-proroge-le-syndicat-des-superviseurs-maintient-la-pression\/","url":"https:\/\/lasentinelle.dz\/index.php\/2022\/09\/04\/lexamen-des-statuts-particuliers-de-leducation-proroge-le-syndicat-des-superviseurs-maintient-la-pression\/","name":"L\u2019examen des statuts particuliers de l\u2019\u00e9ducation prorog\u00e9\u00a0:\u00a0Le syndicat des superviseurs maintient\u00a0la pression - La Sentinelle","isPartOf":{"@id":"https:\/\/lasentinelle.dz\/#website"},"primaryImageOfPage":{"@id":"https:\/\/lasentinelle.dz\/index.php\/2022\/09\/04\/lexamen-des-statuts-particuliers-de-leducation-proroge-le-syndicat-des-superviseurs-maintient-la-pression\/#primaryimage"},"image":{"@id":"https:\/\/lasentinelle.dz\/index.php\/2022\/09\/04\/lexamen-des-statuts-particuliers-de-leducation-proroge-le-syndicat-des-superviseurs-maintient-la-pression\/#primaryimage"},"thumbnailUrl":"https:\/\/lasentinelle.dz\/wp-content\/uploads\/2022\/09\/ecole.png","datePublished":"2022-09-03T23:08:00+00:00","breadcrumb":{"@id":"https:\/\/lasentinelle.dz\/index.php\/2022\/09\/04\/lexamen-des-statuts-particuliers-de-leducation-proroge-le-syndicat-des-superviseurs-maintient-la-pression\/#breadcrumb"},"inLanguage":"fr-FR","potentialAction":[{"@type":"ReadAction","target":["https:\/\/lasentinelle.dz\/index.php\/2022\/09\/04\/lexamen-des-statuts-particuliers-de-leducation-proroge-le-syndicat-des-superviseurs-maintient-la-pression\/"]}]},{"@type":"ImageObject","inLanguage":"fr-FR","@id":"https:\/\/lasentinelle.dz\/index.php\/2022\/09\/04\/lexamen-des-statuts-particuliers-de-leducation-proroge-le-syndicat-des-superviseurs-maintient-la-pression\/#primaryimage","url":"https:\/\/lasentinelle.dz\/wp-content\/uploads\/2022\/09\/ecole.png","contentUrl":"https:\/\/lasentinelle.dz\/wp-content\/uploads\/2022\/09\/ecole.png","width":1598,"height":900},{"@type":"BreadcrumbList","@id":"https:\/\/lasentinelle.dz\/index.php\/2022\/09\/04\/lexamen-des-statuts-particuliers-de-leducation-proroge-le-syndicat-des-superviseurs-maintient-la-pression\/#breadcrumb","itemListElement":[{"@type":"ListItem","position":1,"name":"Accueil","item":"https:\/\/lasentinelle.dz\/"},{"@type":"ListItem","position":2,"name":"L\u2019examen des statuts particuliers de l\u2019\u00e9ducation prorog\u00e9\u00a0:\u00a0Le syndicat des superviseurs maintient\u00a0la pression"}]},{"@type":"WebSite","@id":"https:\/\/lasentinelle.dz\/#website","url":"https:\/\/lasentinelle.dz\/","name":"La Sentinelle","description":"Quotidien national d&#039;information","publisher":{"@id":"https:\/\/lasentinelle.dz\/#organization"},"potentialAction":[{"@type":"SearchAction","target":{"@type":"EntryPoint","urlTemplate":"https:\/\/lasentinelle.dz\/?s={search_term_string}"},"query-input":{"@type":"PropertyValueSpecification","valueRequired":true,"valueName":"search_term_string"}}],"inLanguage":"fr-FR"},{"@type":"Organization","@id":"https:\/\/lasentinelle.dz\/#organization","name":"Quotidien La Sentinelle","url":"https:\/\/lasentinelle.dz\/","logo":{"@type":"ImageObject","inLanguage":"fr-FR","@id":"https:\/\/lasentinelle.dz\/#\/schema\/logo\/image\/","url":"https:\/\/lasentinelle.dz\/wp-content\/uploads\/2021\/09\/logo-sentinelleSLOGAN-1.png","contentUrl":"https:\/\/lasentinelle.dz\/wp-content\/uploads\/2021\/09\/logo-sentinelleSLOGAN-1.png","width":615,"height":142,"caption":"Quotidien La Sentinelle"},"image":{"@id":"https:\/\/lasentinelle.dz\/#\/schema\/logo\/image\/"},"sameAs":["https:\/\/www.facebook.com\/La-Sentinelle-104059864394773"]},{"@type":"Person","@id":"https:\/\/lasentinelle.dz\/#\/schema\/person\/d865044e22e70a75174ce8bcad3acfb3","name":"La Sentinelle","image":{"@type":"ImageObject","inLanguage":"fr-FR","@id":"https:\/\/secure.gravatar.com\/avatar\/57de8e5d4b15d43fb361a71fbb36338450fe67865b528a43dd10ef7c51a20392?s=96&d=mm&r=g","url":"https:\/\/secure.gravatar.com\/avatar\/57de8e5d4b15d43fb361a71fbb36338450fe67865b528a43dd10ef7c51a20392?s=96&d=mm&r=g","contentUrl":"https:\/\/secure.gravatar.com\/avatar\/57de8e5d4b15d43fb361a71fbb36338450fe67865b528a43dd10ef7c51a20392?s=96&d=mm&r=g","caption":"La Sentinelle"},"sameAs":["http:\/\/www.lasentinelle.dz"],"url":"https:\/\/lasentinelle.dz\/author\/redaction\/"}]}},"_links":{"self":[{"href":"https:\/\/lasentinelle.dz\/index.php\/wp-json\/wp\/v2\/posts\/26761","targetHints":{"allow":["GET"]}}],"collection":[{"href":"https:\/\/lasentinelle.dz\/index.php\/wp-json\/wp\/v2\/posts"}],"about":[{"href":"https:\/\/lasentinelle.dz\/index.php\/wp-json\/wp\/v2\/types\/post"}],"author":[{"embeddable":true,"href":"https:\/\/lasentinelle.dz\/index.php\/wp-json\/wp\/v2\/users\/3"}],"replies":[{"embeddable":true,"href":"https:\/\/lasentinelle.dz\/index.php\/wp-json\/wp\/v2\/comments?post=26761"}],"version-history":[{"count":1,"href":"https:\/\/lasentinelle.dz\/index.php\/wp-json\/wp\/v2\/posts\/26761\/revisions"}],"predecessor-version":[{"id":26763,"href":"https:\/\/lasentinelle.dz\/index.php\/wp-json\/wp\/v2\/posts\/26761\/revisions\/26763"}],"wp:featuredmedia":[{"embeddable":true,"href":"https:\/\/lasentinelle.dz\/index.php\/wp-json\/wp\/v2\/media\/26762"}],"wp:attachment":[{"href":"https:\/\/lasentinelle.dz\/index.php\/wp-json\/wp\/v2\/media?parent=26761"}],"wp:term":[{"taxonomy":"category","embeddable":true,"href":"https:\/\/lasentinelle.dz\/index.php\/wp-json\/wp\/v2\/categories?post=26761"},{"taxonomy":"post_tag","embeddable":true,"href":"https:\/\/lasentinelle.dz\/index.php\/wp-json\/wp\/v2\/tags?post=26761"}],"curies":[{"name":"wp","href":"https:\/\/api.w.org\/{rel}","templated":true}]}}