{"id":26765,"date":"2022-09-04T00:05:00","date_gmt":"2022-09-03T23:05:00","guid":{"rendered":"https:\/\/lasentinelle.dz\/?p=26765"},"modified":"2022-09-03T18:38:40","modified_gmt":"2022-09-03T17:38:40","slug":"autoroute-est-ouest-interdiction-temporaire-de-la-circulation-des-poids-lourds-dans-la-direction-bouira-alger","status":"publish","type":"post","link":"https:\/\/lasentinelle.dz\/index.php\/2022\/09\/04\/autoroute-est-ouest-interdiction-temporaire-de-la-circulation-des-poids-lourds-dans-la-direction-bouira-alger\/","title":{"rendered":"Autoroute est-ouest\u00a0: Interdiction temporaire de la circulation des poids-lourds dans la direction Bouira-Alger"},"content":{"rendered":"\n<p>L&rsquo;Alg\u00e9rienne des autoroutes (ADA) a annonc\u00e9 une interdiction temporaire de la circulation des poids-lourds dans la direction Bouira-Alger, au niveau de l&rsquo;autoroute est-ouest, et une d\u00e9viation de la circulation de ces v\u00e9hicules vers la route nationale n5 (RN 5) \u00e0 partir d\u2019aujourd\u2019hui, a indiqu\u00e9,&nbsp;hier&nbsp;un communiqu\u00e9 de cet \u00e9tablissement public.&nbsp;\u00ab\u00a0La mesure d&rsquo;interdiction temporaire de la circulation des poids-lourds concerne la section d&rsquo;Oued Rkham (Ain El Turc) P.K 186+700 vers Les Eucalyptus (Kadiria) P.K 170+700, en passant par Djebahia, sur une distance de 16 km et sera en vigueur \u00e0 partir de dimanche matin, 04 septembre 2022\u00a0\u00bb, indique la m\u00eame source. Le communiqu\u00e9 indique, en outre, que la d\u00e9viation de la circulation des poids-lourds de la direction Bouira-Alger vers la RN 5 se fera selon un plan pr\u00e9voyant la sortie obligatoire des poids-lourds de l&rsquo;autoroute via la sortie reliant \u00e0 Oued Rekham (Ain El Turc), ou la sortie possible des poids-lourds \u00e9galement de l&rsquo;autoroute vers la RN 5 \u00e0 travers l&rsquo;\u00e9changeur de Dra\u00e2 La\u00e2tech (Bouira).&nbsp;Le retour de la circulation des poids-lourds se fera de nouveau sur l&rsquo;autoroute, ajoute l&rsquo;ADA, selon le plan qui pr\u00e9voit le retour des poids-lourds autoris\u00e9 vers l&rsquo;autoroute \u00e0 l&rsquo;entr\u00e9e des Eucalyptus (Kadiria) et le retour possible des poids-lourds \u00e0 travers l&rsquo;entr\u00e9e Lakhdaria-Est (Lakhdaria).&nbsp;L&rsquo;ADA fait savoir \u00e9galement qu&rsquo; \u00ab\u00a0en application du plan d&rsquo;urgence de lutte contre le fl\u00e9au des accidents de la circulation dans la section de Djebahia \u00e0 Bouira de l&rsquo;autoroute est-ouest, et en vertu de l&rsquo;arr\u00eat\u00e9 de Monsieur le wali de la wilaya de Bouira, l&rsquo;ADA informe que ses services techniques entameront des travaux de maintenance et de r\u00e9paration de la partie endommag\u00e9e de la voie dans la section de Djebahia de l&rsquo;autoroute dans la wilaya de Bouira en direction d&rsquo;Alger\u00a0\u00bb.<\/p>\n\n\n\n<p>APS<\/p>\n","protected":false},"excerpt":{"rendered":"<p>L&rsquo;Alg\u00e9rienne des autoroutes (ADA) a annonc\u00e9 une interdiction temporaire de la circulation des poids-lourds dans la direction Bouira-Alger, au niveau<\/p>\n","protected":false},"author":3,"featured_media":26768,"comment_status":"open","ping_status":"closed","sticky":false,"template":"","format":"standard","meta":{"colormag_page_container_layout":"default_layout","colormag_page_sidebar_layout":"default_layout","om_disable_all_campaigns":false,"_monsterinsights_skip_tracking":false,"_monsterinsights_sitenote_active":false,"_monsterinsights_sitenote_note":"","_monsterinsights_sitenote_category":0,"footnotes":"","_wpscppro_dont_share_socialmedia":false,"_wpscppro_custom_social_share_image":0,"_facebook_share_type":"","_twitter_share_type":"","_linkedin_share_type":"","_pinterest_share_type":"","_linkedin_share_type_page":"","_instagram_share_type":"","_medium_share_type":"","_threads_share_type":"","_google_business_share_type":"","_selected_social_profile":[],"_wpsp_enable_custom_social_template":false,"_wpsp_social_scheduling":{"enabled":false,"datetime":null,"platforms":[],"status":"template_only","dateOption":"today","timeOption":"now","customDays":"","customHours":"","customDate":"","customTime":"","schedulingType":"absolute"},"_wpsp_active_default_template":true},"categories":[27],"tags":[],"class_list":["post-26765","post","type-post","status-publish","format-standard","has-post-thumbnail","hentry","category-actualite"],"aioseo_notices":[],"yoast_head":"<!-- This site is optimized with the Yoast SEO plugin v27.5 - https:\/\/yoast.com\/product\/yoast-seo-wordpress\/ -->\n<title>Autoroute est-ouest\u00a0: Interdiction temporaire de la circulation des poids-lourds dans la direction Bouira-Alger - La Sentinelle<\/title>\n<meta name=\"robots\" content=\"index, follow, max-snippet:-1, max-image-preview:large, max-video-preview:-1\" \/>\n<link rel=\"canonical\" href=\"https:\/\/lasentinelle.dz\/index.php\/2022\/09\/04\/autoroute-est-ouest-interdiction-temporaire-de-la-circulation-des-poids-lourds-dans-la-direction-bouira-alger\/\" \/>\n<meta property=\"og:locale\" content=\"fr_FR\" \/>\n<meta property=\"og:type\" content=\"article\" \/>\n<meta property=\"og:title\" content=\"Autoroute est-ouest\u00a0: Interdiction temporaire de la circulation des poids-lourds dans la direction Bouira-Alger - La Sentinelle\" \/>\n<meta property=\"og:description\" content=\"L&rsquo;Alg\u00e9rienne des autoroutes (ADA) a annonc\u00e9 une interdiction temporaire de la circulation des poids-lourds dans la direction Bouira-Alger, au niveau\" \/>\n<meta property=\"og:url\" content=\"https:\/\/lasentinelle.dz\/index.php\/2022\/09\/04\/autoroute-est-ouest-interdiction-temporaire-de-la-circulation-des-poids-lourds-dans-la-direction-bouira-alger\/\" \/>\n<meta property=\"og:site_name\" content=\"La Sentinelle\" \/>\n<meta property=\"article:publisher\" content=\"https:\/\/www.facebook.com\/La-Sentinelle-104059864394773\" \/>\n<meta property=\"article:published_time\" content=\"2022-09-03T23:05:00+00:00\" \/>\n<meta property=\"og:image\" content=\"https:\/\/lasentinelle.dz\/wp-content\/uploads\/2022\/09\/Autoroute_Bouira-wikipedia-9999x9999-c.jpg\" \/>\n\t<meta property=\"og:image:width\" content=\"1200\" \/>\n\t<meta property=\"og:image:height\" content=\"675\" \/>\n\t<meta property=\"og:image:type\" content=\"image\/jpeg\" \/>\n<meta name=\"author\" content=\"La Sentinelle\" \/>\n<meta name=\"twitter:card\" content=\"summary_large_image\" \/>\n<meta name=\"twitter:label1\" content=\"\u00c9crit par\" \/>\n\t<meta name=\"twitter:data1\" content=\"La Sentinelle\" \/>\n\t<meta name=\"twitter:label2\" content=\"Dur\u00e9e de lecture estim\u00e9e\" \/>\n\t<meta name=\"twitter:data2\" content=\"2 minutes\" \/>\n<script type=\"application\/ld+json\" class=\"yoast-schema-graph\">{\"@context\":\"https:\\\/\\\/schema.org\",\"@graph\":[{\"@type\":\"Article\",\"@id\":\"https:\\\/\\\/lasentinelle.dz\\\/index.php\\\/2022\\\/09\\\/04\\\/autoroute-est-ouest-interdiction-temporaire-de-la-circulation-des-poids-lourds-dans-la-direction-bouira-alger\\\/#article\",\"isPartOf\":{\"@id\":\"https:\\\/\\\/lasentinelle.dz\\\/index.php\\\/2022\\\/09\\\/04\\\/autoroute-est-ouest-interdiction-temporaire-de-la-circulation-des-poids-lourds-dans-la-direction-bouira-alger\\\/\"},\"author\":{\"name\":\"La Sentinelle\",\"@id\":\"https:\\\/\\\/lasentinelle.dz\\\/#\\\/schema\\\/person\\\/d865044e22e70a75174ce8bcad3acfb3\"},\"headline\":\"Autoroute est-ouest\u00a0: Interdiction temporaire de la circulation des poids-lourds dans la direction Bouira-Alger\",\"datePublished\":\"2022-09-03T23:05:00+00:00\",\"mainEntityOfPage\":{\"@id\":\"https:\\\/\\\/lasentinelle.dz\\\/index.php\\\/2022\\\/09\\\/04\\\/autoroute-est-ouest-interdiction-temporaire-de-la-circulation-des-poids-lourds-dans-la-direction-bouira-alger\\\/\"},\"wordCount\":330,\"commentCount\":0,\"publisher\":{\"@id\":\"https:\\\/\\\/lasentinelle.dz\\\/#organization\"},\"image\":{\"@id\":\"https:\\\/\\\/lasentinelle.dz\\\/index.php\\\/2022\\\/09\\\/04\\\/autoroute-est-ouest-interdiction-temporaire-de-la-circulation-des-poids-lourds-dans-la-direction-bouira-alger\\\/#primaryimage\"},\"thumbnailUrl\":\"https:\\\/\\\/lasentinelle.dz\\\/wp-content\\\/uploads\\\/2022\\\/09\\\/Autoroute_Bouira-wikipedia-9999x9999-c.jpg\",\"articleSection\":[\"Actualit\u00e9\"],\"inLanguage\":\"fr-FR\",\"potentialAction\":[{\"@type\":\"CommentAction\",\"name\":\"Comment\",\"target\":[\"https:\\\/\\\/lasentinelle.dz\\\/index.php\\\/2022\\\/09\\\/04\\\/autoroute-est-ouest-interdiction-temporaire-de-la-circulation-des-poids-lourds-dans-la-direction-bouira-alger\\\/#respond\"]}]},{\"@type\":\"WebPage\",\"@id\":\"https:\\\/\\\/lasentinelle.dz\\\/index.php\\\/2022\\\/09\\\/04\\\/autoroute-est-ouest-interdiction-temporaire-de-la-circulation-des-poids-lourds-dans-la-direction-bouira-alger\\\/\",\"url\":\"https:\\\/\\\/lasentinelle.dz\\\/index.php\\\/2022\\\/09\\\/04\\\/autoroute-est-ouest-interdiction-temporaire-de-la-circulation-des-poids-lourds-dans-la-direction-bouira-alger\\\/\",\"name\":\"Autoroute est-ouest\u00a0: Interdiction temporaire de la circulation des poids-lourds dans la direction Bouira-Alger - La Sentinelle\",\"isPartOf\":{\"@id\":\"https:\\\/\\\/lasentinelle.dz\\\/#website\"},\"primaryImageOfPage\":{\"@id\":\"https:\\\/\\\/lasentinelle.dz\\\/index.php\\\/2022\\\/09\\\/04\\\/autoroute-est-ouest-interdiction-temporaire-de-la-circulation-des-poids-lourds-dans-la-direction-bouira-alger\\\/#primaryimage\"},\"image\":{\"@id\":\"https:\\\/\\\/lasentinelle.dz\\\/index.php\\\/2022\\\/09\\\/04\\\/autoroute-est-ouest-interdiction-temporaire-de-la-circulation-des-poids-lourds-dans-la-direction-bouira-alger\\\/#primaryimage\"},\"thumbnailUrl\":\"https:\\\/\\\/lasentinelle.dz\\\/wp-content\\\/uploads\\\/2022\\\/09\\\/Autoroute_Bouira-wikipedia-9999x9999-c.jpg\",\"datePublished\":\"2022-09-03T23:05:00+00:00\",\"breadcrumb\":{\"@id\":\"https:\\\/\\\/lasentinelle.dz\\\/index.php\\\/2022\\\/09\\\/04\\\/autoroute-est-ouest-interdiction-temporaire-de-la-circulation-des-poids-lourds-dans-la-direction-bouira-alger\\\/#breadcrumb\"},\"inLanguage\":\"fr-FR\",\"potentialAction\":[{\"@type\":\"ReadAction\",\"target\":[\"https:\\\/\\\/lasentinelle.dz\\\/index.php\\\/2022\\\/09\\\/04\\\/autoroute-est-ouest-interdiction-temporaire-de-la-circulation-des-poids-lourds-dans-la-direction-bouira-alger\\\/\"]}]},{\"@type\":\"ImageObject\",\"inLanguage\":\"fr-FR\",\"@id\":\"https:\\\/\\\/lasentinelle.dz\\\/index.php\\\/2022\\\/09\\\/04\\\/autoroute-est-ouest-interdiction-temporaire-de-la-circulation-des-poids-lourds-dans-la-direction-bouira-alger\\\/#primaryimage\",\"url\":\"https:\\\/\\\/lasentinelle.dz\\\/wp-content\\\/uploads\\\/2022\\\/09\\\/Autoroute_Bouira-wikipedia-9999x9999-c.jpg\",\"contentUrl\":\"https:\\\/\\\/lasentinelle.dz\\\/wp-content\\\/uploads\\\/2022\\\/09\\\/Autoroute_Bouira-wikipedia-9999x9999-c.jpg\",\"width\":1200,\"height\":675},{\"@type\":\"BreadcrumbList\",\"@id\":\"https:\\\/\\\/lasentinelle.dz\\\/index.php\\\/2022\\\/09\\\/04\\\/autoroute-est-ouest-interdiction-temporaire-de-la-circulation-des-poids-lourds-dans-la-direction-bouira-alger\\\/#breadcrumb\",\"itemListElement\":[{\"@type\":\"ListItem\",\"position\":1,\"name\":\"Accueil\",\"item\":\"https:\\\/\\\/lasentinelle.dz\\\/\"},{\"@type\":\"ListItem\",\"position\":2,\"name\":\"Autoroute est-ouest\u00a0: Interdiction temporaire de la circulation des poids-lourds dans la direction Bouira-Alger\"}]},{\"@type\":\"WebSite\",\"@id\":\"https:\\\/\\\/lasentinelle.dz\\\/#website\",\"url\":\"https:\\\/\\\/lasentinelle.dz\\\/\",\"name\":\"La Sentinelle\",\"description\":\"Quotidien national d&#039;information\",\"publisher\":{\"@id\":\"https:\\\/\\\/lasentinelle.dz\\\/#organization\"},\"potentialAction\":[{\"@type\":\"SearchAction\",\"target\":{\"@type\":\"EntryPoint\",\"urlTemplate\":\"https:\\\/\\\/lasentinelle.dz\\\/?s={search_term_string}\"},\"query-input\":{\"@type\":\"PropertyValueSpecification\",\"valueRequired\":true,\"valueName\":\"search_term_string\"}}],\"inLanguage\":\"fr-FR\"},{\"@type\":\"Organization\",\"@id\":\"https:\\\/\\\/lasentinelle.dz\\\/#organization\",\"name\":\"Quotidien La Sentinelle\",\"url\":\"https:\\\/\\\/lasentinelle.dz\\\/\",\"logo\":{\"@type\":\"ImageObject\",\"inLanguage\":\"fr-FR\",\"@id\":\"https:\\\/\\\/lasentinelle.dz\\\/#\\\/schema\\\/logo\\\/image\\\/\",\"url\":\"https:\\\/\\\/lasentinelle.dz\\\/wp-content\\\/uploads\\\/2021\\\/09\\\/logo-sentinelleSLOGAN-1.png\",\"contentUrl\":\"https:\\\/\\\/lasentinelle.dz\\\/wp-content\\\/uploads\\\/2021\\\/09\\\/logo-sentinelleSLOGAN-1.png\",\"width\":615,\"height\":142,\"caption\":\"Quotidien La Sentinelle\"},\"image\":{\"@id\":\"https:\\\/\\\/lasentinelle.dz\\\/#\\\/schema\\\/logo\\\/image\\\/\"},\"sameAs\":[\"https:\\\/\\\/www.facebook.com\\\/La-Sentinelle-104059864394773\"]},{\"@type\":\"Person\",\"@id\":\"https:\\\/\\\/lasentinelle.dz\\\/#\\\/schema\\\/person\\\/d865044e22e70a75174ce8bcad3acfb3\",\"name\":\"La Sentinelle\",\"image\":{\"@type\":\"ImageObject\",\"inLanguage\":\"fr-FR\",\"@id\":\"https:\\\/\\\/secure.gravatar.com\\\/avatar\\\/57de8e5d4b15d43fb361a71fbb36338450fe67865b528a43dd10ef7c51a20392?s=96&d=mm&r=g\",\"url\":\"https:\\\/\\\/secure.gravatar.com\\\/avatar\\\/57de8e5d4b15d43fb361a71fbb36338450fe67865b528a43dd10ef7c51a20392?s=96&d=mm&r=g\",\"contentUrl\":\"https:\\\/\\\/secure.gravatar.com\\\/avatar\\\/57de8e5d4b15d43fb361a71fbb36338450fe67865b528a43dd10ef7c51a20392?s=96&d=mm&r=g\",\"caption\":\"La Sentinelle\"},\"sameAs\":[\"http:\\\/\\\/www.lasentinelle.dz\"],\"url\":\"https:\\\/\\\/lasentinelle.dz\\\/author\\\/redaction\\\/\"}]}<\/script>\n<!-- \/ Yoast SEO plugin. -->","yoast_head_json":{"title":"Autoroute est-ouest\u00a0: Interdiction temporaire de la circulation des poids-lourds dans la direction Bouira-Alger - La Sentinelle","robots":{"index":"index","follow":"follow","max-snippet":"max-snippet:-1","max-image-preview":"max-image-preview:large","max-video-preview":"max-video-preview:-1"},"canonical":"https:\/\/lasentinelle.dz\/index.php\/2022\/09\/04\/autoroute-est-ouest-interdiction-temporaire-de-la-circulation-des-poids-lourds-dans-la-direction-bouira-alger\/","og_locale":"fr_FR","og_type":"article","og_title":"Autoroute est-ouest\u00a0: Interdiction temporaire de la circulation des poids-lourds dans la direction Bouira-Alger - La Sentinelle","og_description":"L&rsquo;Alg\u00e9rienne des autoroutes (ADA) a annonc\u00e9 une interdiction temporaire de la circulation des poids-lourds dans la direction Bouira-Alger, au niveau","og_url":"https:\/\/lasentinelle.dz\/index.php\/2022\/09\/04\/autoroute-est-ouest-interdiction-temporaire-de-la-circulation-des-poids-lourds-dans-la-direction-bouira-alger\/","og_site_name":"La Sentinelle","article_publisher":"https:\/\/www.facebook.com\/La-Sentinelle-104059864394773","article_published_time":"2022-09-03T23:05:00+00:00","og_image":[{"width":1200,"height":675,"url":"https:\/\/lasentinelle.dz\/wp-content\/uploads\/2022\/09\/Autoroute_Bouira-wikipedia-9999x9999-c.jpg","type":"image\/jpeg"}],"author":"La Sentinelle","twitter_card":"summary_large_image","twitter_misc":{"\u00c9crit par":"La Sentinelle","Dur\u00e9e de lecture estim\u00e9e":"2 minutes"},"schema":{"@context":"https:\/\/schema.org","@graph":[{"@type":"Article","@id":"https:\/\/lasentinelle.dz\/index.php\/2022\/09\/04\/autoroute-est-ouest-interdiction-temporaire-de-la-circulation-des-poids-lourds-dans-la-direction-bouira-alger\/#article","isPartOf":{"@id":"https:\/\/lasentinelle.dz\/index.php\/2022\/09\/04\/autoroute-est-ouest-interdiction-temporaire-de-la-circulation-des-poids-lourds-dans-la-direction-bouira-alger\/"},"author":{"name":"La Sentinelle","@id":"https:\/\/lasentinelle.dz\/#\/schema\/person\/d865044e22e70a75174ce8bcad3acfb3"},"headline":"Autoroute est-ouest\u00a0: Interdiction temporaire de la circulation des poids-lourds dans la direction Bouira-Alger","datePublished":"2022-09-03T23:05:00+00:00","mainEntityOfPage":{"@id":"https:\/\/lasentinelle.dz\/index.php\/2022\/09\/04\/autoroute-est-ouest-interdiction-temporaire-de-la-circulation-des-poids-lourds-dans-la-direction-bouira-alger\/"},"wordCount":330,"commentCount":0,"publisher":{"@id":"https:\/\/lasentinelle.dz\/#organization"},"image":{"@id":"https:\/\/lasentinelle.dz\/index.php\/2022\/09\/04\/autoroute-est-ouest-interdiction-temporaire-de-la-circulation-des-poids-lourds-dans-la-direction-bouira-alger\/#primaryimage"},"thumbnailUrl":"https:\/\/lasentinelle.dz\/wp-content\/uploads\/2022\/09\/Autoroute_Bouira-wikipedia-9999x9999-c.jpg","articleSection":["Actualit\u00e9"],"inLanguage":"fr-FR","potentialAction":[{"@type":"CommentAction","name":"Comment","target":["https:\/\/lasentinelle.dz\/index.php\/2022\/09\/04\/autoroute-est-ouest-interdiction-temporaire-de-la-circulation-des-poids-lourds-dans-la-direction-bouira-alger\/#respond"]}]},{"@type":"WebPage","@id":"https:\/\/lasentinelle.dz\/index.php\/2022\/09\/04\/autoroute-est-ouest-interdiction-temporaire-de-la-circulation-des-poids-lourds-dans-la-direction-bouira-alger\/","url":"https:\/\/lasentinelle.dz\/index.php\/2022\/09\/04\/autoroute-est-ouest-interdiction-temporaire-de-la-circulation-des-poids-lourds-dans-la-direction-bouira-alger\/","name":"Autoroute est-ouest\u00a0: Interdiction temporaire de la circulation des poids-lourds dans la direction Bouira-Alger - La Sentinelle","isPartOf":{"@id":"https:\/\/lasentinelle.dz\/#website"},"primaryImageOfPage":{"@id":"https:\/\/lasentinelle.dz\/index.php\/2022\/09\/04\/autoroute-est-ouest-interdiction-temporaire-de-la-circulation-des-poids-lourds-dans-la-direction-bouira-alger\/#primaryimage"},"image":{"@id":"https:\/\/lasentinelle.dz\/index.php\/2022\/09\/04\/autoroute-est-ouest-interdiction-temporaire-de-la-circulation-des-poids-lourds-dans-la-direction-bouira-alger\/#primaryimage"},"thumbnailUrl":"https:\/\/lasentinelle.dz\/wp-content\/uploads\/2022\/09\/Autoroute_Bouira-wikipedia-9999x9999-c.jpg","datePublished":"2022-09-03T23:05:00+00:00","breadcrumb":{"@id":"https:\/\/lasentinelle.dz\/index.php\/2022\/09\/04\/autoroute-est-ouest-interdiction-temporaire-de-la-circulation-des-poids-lourds-dans-la-direction-bouira-alger\/#breadcrumb"},"inLanguage":"fr-FR","potentialAction":[{"@type":"ReadAction","target":["https:\/\/lasentinelle.dz\/index.php\/2022\/09\/04\/autoroute-est-ouest-interdiction-temporaire-de-la-circulation-des-poids-lourds-dans-la-direction-bouira-alger\/"]}]},{"@type":"ImageObject","inLanguage":"fr-FR","@id":"https:\/\/lasentinelle.dz\/index.php\/2022\/09\/04\/autoroute-est-ouest-interdiction-temporaire-de-la-circulation-des-poids-lourds-dans-la-direction-bouira-alger\/#primaryimage","url":"https:\/\/lasentinelle.dz\/wp-content\/uploads\/2022\/09\/Autoroute_Bouira-wikipedia-9999x9999-c.jpg","contentUrl":"https:\/\/lasentinelle.dz\/wp-content\/uploads\/2022\/09\/Autoroute_Bouira-wikipedia-9999x9999-c.jpg","width":1200,"height":675},{"@type":"BreadcrumbList","@id":"https:\/\/lasentinelle.dz\/index.php\/2022\/09\/04\/autoroute-est-ouest-interdiction-temporaire-de-la-circulation-des-poids-lourds-dans-la-direction-bouira-alger\/#breadcrumb","itemListElement":[{"@type":"ListItem","position":1,"name":"Accueil","item":"https:\/\/lasentinelle.dz\/"},{"@type":"ListItem","position":2,"name":"Autoroute est-ouest\u00a0: Interdiction temporaire de la circulation des poids-lourds dans la direction Bouira-Alger"}]},{"@type":"WebSite","@id":"https:\/\/lasentinelle.dz\/#website","url":"https:\/\/lasentinelle.dz\/","name":"La Sentinelle","description":"Quotidien national d&#039;information","publisher":{"@id":"https:\/\/lasentinelle.dz\/#organization"},"potentialAction":[{"@type":"SearchAction","target":{"@type":"EntryPoint","urlTemplate":"https:\/\/lasentinelle.dz\/?s={search_term_string}"},"query-input":{"@type":"PropertyValueSpecification","valueRequired":true,"valueName":"search_term_string"}}],"inLanguage":"fr-FR"},{"@type":"Organization","@id":"https:\/\/lasentinelle.dz\/#organization","name":"Quotidien La Sentinelle","url":"https:\/\/lasentinelle.dz\/","logo":{"@type":"ImageObject","inLanguage":"fr-FR","@id":"https:\/\/lasentinelle.dz\/#\/schema\/logo\/image\/","url":"https:\/\/lasentinelle.dz\/wp-content\/uploads\/2021\/09\/logo-sentinelleSLOGAN-1.png","contentUrl":"https:\/\/lasentinelle.dz\/wp-content\/uploads\/2021\/09\/logo-sentinelleSLOGAN-1.png","width":615,"height":142,"caption":"Quotidien La Sentinelle"},"image":{"@id":"https:\/\/lasentinelle.dz\/#\/schema\/logo\/image\/"},"sameAs":["https:\/\/www.facebook.com\/La-Sentinelle-104059864394773"]},{"@type":"Person","@id":"https:\/\/lasentinelle.dz\/#\/schema\/person\/d865044e22e70a75174ce8bcad3acfb3","name":"La Sentinelle","image":{"@type":"ImageObject","inLanguage":"fr-FR","@id":"https:\/\/secure.gravatar.com\/avatar\/57de8e5d4b15d43fb361a71fbb36338450fe67865b528a43dd10ef7c51a20392?s=96&d=mm&r=g","url":"https:\/\/secure.gravatar.com\/avatar\/57de8e5d4b15d43fb361a71fbb36338450fe67865b528a43dd10ef7c51a20392?s=96&d=mm&r=g","contentUrl":"https:\/\/secure.gravatar.com\/avatar\/57de8e5d4b15d43fb361a71fbb36338450fe67865b528a43dd10ef7c51a20392?s=96&d=mm&r=g","caption":"La Sentinelle"},"sameAs":["http:\/\/www.lasentinelle.dz"],"url":"https:\/\/lasentinelle.dz\/author\/redaction\/"}]}},"_links":{"self":[{"href":"https:\/\/lasentinelle.dz\/index.php\/wp-json\/wp\/v2\/posts\/26765","targetHints":{"allow":["GET"]}}],"collection":[{"href":"https:\/\/lasentinelle.dz\/index.php\/wp-json\/wp\/v2\/posts"}],"about":[{"href":"https:\/\/lasentinelle.dz\/index.php\/wp-json\/wp\/v2\/types\/post"}],"author":[{"embeddable":true,"href":"https:\/\/lasentinelle.dz\/index.php\/wp-json\/wp\/v2\/users\/3"}],"replies":[{"embeddable":true,"href":"https:\/\/lasentinelle.dz\/index.php\/wp-json\/wp\/v2\/comments?post=26765"}],"version-history":[{"count":1,"href":"https:\/\/lasentinelle.dz\/index.php\/wp-json\/wp\/v2\/posts\/26765\/revisions"}],"predecessor-version":[{"id":26769,"href":"https:\/\/lasentinelle.dz\/index.php\/wp-json\/wp\/v2\/posts\/26765\/revisions\/26769"}],"wp:featuredmedia":[{"embeddable":true,"href":"https:\/\/lasentinelle.dz\/index.php\/wp-json\/wp\/v2\/media\/26768"}],"wp:attachment":[{"href":"https:\/\/lasentinelle.dz\/index.php\/wp-json\/wp\/v2\/media?parent=26765"}],"wp:term":[{"taxonomy":"category","embeddable":true,"href":"https:\/\/lasentinelle.dz\/index.php\/wp-json\/wp\/v2\/categories?post=26765"},{"taxonomy":"post_tag","embeddable":true,"href":"https:\/\/lasentinelle.dz\/index.php\/wp-json\/wp\/v2\/tags?post=26765"}],"curies":[{"name":"wp","href":"https:\/\/api.w.org\/{rel}","templated":true}]}}