{"id":26766,"date":"2022-09-04T00:08:00","date_gmt":"2022-09-03T23:08:00","guid":{"rendered":"https:\/\/lasentinelle.dz\/?p=26766"},"modified":"2022-09-03T19:49:39","modified_gmt":"2022-09-03T18:49:39","slug":"reglement-de-la-crise-malienne-lamamra-appelle-a-joindre-laction-a-la-parole","status":"publish","type":"post","link":"https:\/\/lasentinelle.dz\/index.php\/2022\/09\/04\/reglement-de-la-crise-malienne-lamamra-appelle-a-joindre-laction-a-la-parole\/","title":{"rendered":"R\u00e8glement de la crise malienne\u00a0:\u00a0Lamamra appelle \u00e0 joindre l&rsquo;action \u00e0 la parole \u00a0"},"content":{"rendered":"\n<p>La mission effectu\u00e9e ce week-end par le ministre des Affaires \u00e9trang\u00e8res, Ramatane Lamamra, \u00e0 Bamako n\u2019\u00e9tait pas de tout repos, surtout qu\u2019elle intervient dans un contexte o\u00f9 le Mali est au plus mal.&nbsp;<\/p>\n\n\n\n<p>Il fallait d\u2019abord au chef de la diplomatie alg\u00e9rienne faire reprendre confiance aux groupes arm\u00e9s du&nbsp;Nord malien dans l\u2019accord de paix d\u2019Alger sign\u00e9 en 2015 dans la mesure o\u00f9 ils commen\u00e7aient s\u00e9rieusement \u00e0 s\u2019impatienter. Cette contrari\u00e9t\u00e9 visible surtout parmi les membres de la Coordination des mouvements de l\u2019Azawad (CMA) s\u2019explique par le fait que le projet et les promesses port\u00e9s par l\u2019accord en question tardent \u00e0 se concr\u00e9tiser sur le terrain. Le risque d\u2019un retour \u00e0 la case d\u00e9part \u00e9taient r\u00e9els. Ramtane Lamamra se devait aussi de convaincre les autorit\u00e9s maliennes de transition d\u2019h\u00e2ter la mise en \u0153uvre de l\u2019accord malgr\u00e9 qu\u2019elles aient de nombreux dossiers chauds \u00e0 g\u00e9rer. Des dossiers parmi lesquels figure en bonne place la lutte contre le terrorisme et la r\u00e9ussite des chantiers de la transition.<\/p>\n\n\n\n<p>Il faut dire que Ramtane Lamamra a accompli la mission que lui a assign\u00e9e le pr\u00e9sident Teboune avec brio. Diplomate chevronn\u00e9 et qui plus est sp\u00e9cialiste de l\u2019Afrique, il a su trouver les mots justes pour rassurer ses diff\u00e9rents interlocuteurs et en m\u00eame temps les persuader de la n\u00e9cessit\u00e9 de relancer la dynamique de paix port\u00e9e par l\u2019accord d\u2019Alger. Il ne s\u2019est pas non plus emp\u00each\u00e9 de leur parler franchement quand il le fallait. Et cette franchise teint\u00e9e parfois de fermet\u00e9 se justifie amplement par la gravit\u00e9 de la situation.&nbsp;&nbsp;<\/p>\n\n\n\n<p>C\u2019est ainsi que dans son allocation prononc\u00e9e vendredi \u00e0 l\u2019ouverture des travaux de la sixi\u00e8me r\u00e9union de Haut Niveau du Comit\u00e9 de Suivi de la mise en \u0153uvre de l&rsquo;Accord de Paix et de R\u00e9conciliation au Mali issu du processus d&rsquo;Alger, M. Lamamra a plaid\u00e9 en faveur de mesures concr\u00e8tes dans l&rsquo;objectif de mener le processus de mise en \u0153uvre int\u00e9grale de l&rsquo;accord \u00e0 sa bonne fin. \u00abDans cette \u00e9tape d\u00e9cisive de l&rsquo;histoire du Mali, nous sommes tous appel\u00e9s \u00e0 renouveler, individuellement et collectivement, notre engagement en faveur du processus de mise en \u0153uvre int\u00e9grale de l&rsquo;Accord de Paix et de R\u00e9conciliation au Mali issu du processus d&rsquo;Alger et \u00e0 joindre l&rsquo;action \u00e0 la parole en prenant des mesures concr\u00e8tes dans l&rsquo;objectif de mener ce processus \u00e0 sa bonne fin\u00bb, a-t-il indiqu\u00e9.&nbsp;&nbsp;&nbsp;<\/p>\n\n\n\n<p>A cet \u00e9gard, le chef de la diplomatie alg\u00e9rienne a soulign\u00e9 que \u00ab cette rencontre se tient \u00e0 un&nbsp;&nbsp;moment o\u00f9 ce pays fr\u00e8re et ami a engag\u00e9 d&rsquo;importantes r\u00e9formes institutionnelles tendant \u00e0 r\u00e9aliser une profonde refondation de l&rsquo;Etat et des institutions nationales, offrant ainsi de nouvelles opportunit\u00e9s de prise en charge de toutes les attentes l\u00e9gitimes des populations pour un avenir meilleur dans la r\u00e9conciliation, la paix et l\u2019unit\u00e9 \u00bb. D\u2019une part, ajoute M. Lamamra \u00ab elle a \u00e9t\u00e9 pr\u00e9c\u00e9d\u00e9e, il y a \u00e0 peine trois semaines, par la R\u00e9union d\u00e9cisionnelle de haut Niveau, laquelle a mis en exergue l\u2019importance fondamentale d\u2019une application diligente de l\u2019Accord dans son int\u00e9gralit\u00e9 comme gage de succ\u00e8s de la phase transitoire et l\u2019aboutissement des r\u00e9formes engag\u00e9es dans ce cadre \u00bb. Il pr\u00e9cisera en outre que \u00ab&nbsp;cette r\u00e9union a surtout envoy\u00e9 un signal fort sur la ferme volont\u00e9 de toutes les parties signataires d\u2019acc\u00e9l\u00e9rer le processus de mise en \u0153uvre de l\u2019Accord et de conjuguer leurs efforts \u00e0 cette fin \u00bb.&nbsp;&nbsp;<\/p>\n\n\n\n<p>Comme pour faire prendre \u00e0 chacun ses responsabilit\u00e9s, M. Lamamra a pris soin de souligner que \u00ab (\u2026) la r\u00e9union de vendredi prend acte de cette d\u00e9termination renouvel\u00e9e par toutes les parties signataires de l\u2019Accord \u00e0 dissiper d\u00e9finitivement le doute et la suspicion et \u00e0 travailler ensemble dans un climat de confiance mutuelle pour favoriser les convergences et les compromis n\u00e9cessaires au parach\u00e8vement des objectifs de l\u2019Accord de paix et de r\u00e9conciliation issu du processus d\u2019Alger\u00bb. Il leur a fait par ailleurs comprendre que le v\u00e9ritable ennemi du Mali et des Maliens demeure le fl\u00e9au du terrorisme et de la criminalit\u00e9 transnationale organis\u00e9e dont l\u2019expansion se nourrit des divisions internes et du manque de perspectives \u00e9conomiques pour la population. Bien \u00e9videmment, le ministre des Affaires \u00e9trang\u00e8res n\u2019a pas omis de rappeler aux responsables maliens que l\u2019Alg\u00e9rie se tiendra toujours \u00e0 leurs c\u00f4t\u00e9s. Il faut esp\u00e9rer maintenant que tout le monde para\u00eet avoir saisi la n\u00e9cessit\u00e9 de r\u00e9gler la crise malienne que personne ne viendra parasiter, encore une fois, la dynamique suscit\u00e9 par Alger.&nbsp;<\/p>\n\n\n\n<p><strong>Khider Larbi<\/strong><\/p>\n","protected":false},"excerpt":{"rendered":"<p>La mission effectu\u00e9e ce week-end par le ministre des Affaires \u00e9trang\u00e8res, Ramatane Lamamra, \u00e0 Bamako n\u2019\u00e9tait pas de tout repos,<\/p>\n","protected":false},"author":3,"featured_media":26771,"comment_status":"open","ping_status":"closed","sticky":false,"template":"","format":"standard","meta":{"colormag_page_container_layout":"default_layout","colormag_page_sidebar_layout":"default_layout","om_disable_all_campaigns":false,"_monsterinsights_skip_tracking":false,"_monsterinsights_sitenote_active":false,"_monsterinsights_sitenote_note":"","_monsterinsights_sitenote_category":0,"footnotes":"","_wpscppro_dont_share_socialmedia":false,"_wpscppro_custom_social_share_image":0,"_facebook_share_type":"","_twitter_share_type":"","_linkedin_share_type":"","_pinterest_share_type":"","_linkedin_share_type_page":"","_instagram_share_type":"","_medium_share_type":"","_threads_share_type":"","_google_business_share_type":"","_selected_social_profile":[],"_wpsp_enable_custom_social_template":false,"_wpsp_social_scheduling":{"enabled":false,"datetime":null,"platforms":[],"status":"template_only","dateOption":"today","timeOption":"now","customDays":"","customHours":"","customDate":"","customTime":"","schedulingType":"absolute"},"_wpsp_active_default_template":true},"categories":[52,27],"tags":[],"class_list":["post-26766","post","type-post","status-publish","format-standard","has-post-thumbnail","hentry","category-a-la-une","category-actualite"],"aioseo_notices":[],"yoast_head":"<!-- This site is optimized with the Yoast SEO plugin v27.5 - https:\/\/yoast.com\/product\/yoast-seo-wordpress\/ -->\n<title>R\u00e8glement de la crise malienne\u00a0:\u00a0Lamamra appelle \u00e0 joindre l&rsquo;action \u00e0 la parole \u00a0 - La Sentinelle<\/title>\n<meta name=\"robots\" content=\"index, follow, max-snippet:-1, max-image-preview:large, max-video-preview:-1\" \/>\n<link rel=\"canonical\" href=\"https:\/\/lasentinelle.dz\/index.php\/2022\/09\/04\/reglement-de-la-crise-malienne-lamamra-appelle-a-joindre-laction-a-la-parole\/\" \/>\n<meta property=\"og:locale\" content=\"fr_FR\" \/>\n<meta property=\"og:type\" content=\"article\" \/>\n<meta property=\"og:title\" content=\"R\u00e8glement de la crise malienne\u00a0:\u00a0Lamamra appelle \u00e0 joindre l&rsquo;action \u00e0 la parole \u00a0 - La Sentinelle\" \/>\n<meta property=\"og:description\" content=\"La mission effectu\u00e9e ce week-end par le ministre des Affaires \u00e9trang\u00e8res, Ramatane Lamamra, \u00e0 Bamako n\u2019\u00e9tait pas de tout repos,\" \/>\n<meta property=\"og:url\" content=\"https:\/\/lasentinelle.dz\/index.php\/2022\/09\/04\/reglement-de-la-crise-malienne-lamamra-appelle-a-joindre-laction-a-la-parole\/\" \/>\n<meta property=\"og:site_name\" content=\"La Sentinelle\" \/>\n<meta property=\"article:publisher\" content=\"https:\/\/www.facebook.com\/La-Sentinelle-104059864394773\" \/>\n<meta property=\"article:published_time\" content=\"2022-09-03T23:08:00+00:00\" \/>\n<meta property=\"og:image\" content=\"https:\/\/lasentinelle.dz\/wp-content\/uploads\/2022\/09\/Lamamra.png\" \/>\n\t<meta property=\"og:image:width\" content=\"1352\" \/>\n\t<meta property=\"og:image:height\" content=\"900\" \/>\n\t<meta property=\"og:image:type\" content=\"image\/png\" \/>\n<meta name=\"author\" content=\"La Sentinelle\" \/>\n<meta name=\"twitter:card\" content=\"summary_large_image\" \/>\n<meta name=\"twitter:label1\" content=\"\u00c9crit par\" \/>\n\t<meta name=\"twitter:data1\" content=\"La Sentinelle\" \/>\n\t<meta name=\"twitter:label2\" content=\"Dur\u00e9e de lecture estim\u00e9e\" \/>\n\t<meta name=\"twitter:data2\" content=\"4 minutes\" \/>\n<script type=\"application\/ld+json\" class=\"yoast-schema-graph\">{\"@context\":\"https:\\\/\\\/schema.org\",\"@graph\":[{\"@type\":\"Article\",\"@id\":\"https:\\\/\\\/lasentinelle.dz\\\/index.php\\\/2022\\\/09\\\/04\\\/reglement-de-la-crise-malienne-lamamra-appelle-a-joindre-laction-a-la-parole\\\/#article\",\"isPartOf\":{\"@id\":\"https:\\\/\\\/lasentinelle.dz\\\/index.php\\\/2022\\\/09\\\/04\\\/reglement-de-la-crise-malienne-lamamra-appelle-a-joindre-laction-a-la-parole\\\/\"},\"author\":{\"name\":\"La Sentinelle\",\"@id\":\"https:\\\/\\\/lasentinelle.dz\\\/#\\\/schema\\\/person\\\/d865044e22e70a75174ce8bcad3acfb3\"},\"headline\":\"R\u00e8glement de la crise malienne\u00a0:\u00a0Lamamra appelle \u00e0 joindre l&rsquo;action \u00e0 la parole \u00a0\",\"datePublished\":\"2022-09-03T23:08:00+00:00\",\"mainEntityOfPage\":{\"@id\":\"https:\\\/\\\/lasentinelle.dz\\\/index.php\\\/2022\\\/09\\\/04\\\/reglement-de-la-crise-malienne-lamamra-appelle-a-joindre-laction-a-la-parole\\\/\"},\"wordCount\":846,\"commentCount\":0,\"publisher\":{\"@id\":\"https:\\\/\\\/lasentinelle.dz\\\/#organization\"},\"image\":{\"@id\":\"https:\\\/\\\/lasentinelle.dz\\\/index.php\\\/2022\\\/09\\\/04\\\/reglement-de-la-crise-malienne-lamamra-appelle-a-joindre-laction-a-la-parole\\\/#primaryimage\"},\"thumbnailUrl\":\"https:\\\/\\\/lasentinelle.dz\\\/wp-content\\\/uploads\\\/2022\\\/09\\\/Lamamra.png\",\"articleSection\":[\"\u00c0 la Une\",\"Actualit\u00e9\"],\"inLanguage\":\"fr-FR\",\"potentialAction\":[{\"@type\":\"CommentAction\",\"name\":\"Comment\",\"target\":[\"https:\\\/\\\/lasentinelle.dz\\\/index.php\\\/2022\\\/09\\\/04\\\/reglement-de-la-crise-malienne-lamamra-appelle-a-joindre-laction-a-la-parole\\\/#respond\"]}]},{\"@type\":\"WebPage\",\"@id\":\"https:\\\/\\\/lasentinelle.dz\\\/index.php\\\/2022\\\/09\\\/04\\\/reglement-de-la-crise-malienne-lamamra-appelle-a-joindre-laction-a-la-parole\\\/\",\"url\":\"https:\\\/\\\/lasentinelle.dz\\\/index.php\\\/2022\\\/09\\\/04\\\/reglement-de-la-crise-malienne-lamamra-appelle-a-joindre-laction-a-la-parole\\\/\",\"name\":\"R\u00e8glement de la crise malienne\u00a0:\u00a0Lamamra appelle \u00e0 joindre l&rsquo;action \u00e0 la parole \u00a0 - La Sentinelle\",\"isPartOf\":{\"@id\":\"https:\\\/\\\/lasentinelle.dz\\\/#website\"},\"primaryImageOfPage\":{\"@id\":\"https:\\\/\\\/lasentinelle.dz\\\/index.php\\\/2022\\\/09\\\/04\\\/reglement-de-la-crise-malienne-lamamra-appelle-a-joindre-laction-a-la-parole\\\/#primaryimage\"},\"image\":{\"@id\":\"https:\\\/\\\/lasentinelle.dz\\\/index.php\\\/2022\\\/09\\\/04\\\/reglement-de-la-crise-malienne-lamamra-appelle-a-joindre-laction-a-la-parole\\\/#primaryimage\"},\"thumbnailUrl\":\"https:\\\/\\\/lasentinelle.dz\\\/wp-content\\\/uploads\\\/2022\\\/09\\\/Lamamra.png\",\"datePublished\":\"2022-09-03T23:08:00+00:00\",\"breadcrumb\":{\"@id\":\"https:\\\/\\\/lasentinelle.dz\\\/index.php\\\/2022\\\/09\\\/04\\\/reglement-de-la-crise-malienne-lamamra-appelle-a-joindre-laction-a-la-parole\\\/#breadcrumb\"},\"inLanguage\":\"fr-FR\",\"potentialAction\":[{\"@type\":\"ReadAction\",\"target\":[\"https:\\\/\\\/lasentinelle.dz\\\/index.php\\\/2022\\\/09\\\/04\\\/reglement-de-la-crise-malienne-lamamra-appelle-a-joindre-laction-a-la-parole\\\/\"]}]},{\"@type\":\"ImageObject\",\"inLanguage\":\"fr-FR\",\"@id\":\"https:\\\/\\\/lasentinelle.dz\\\/index.php\\\/2022\\\/09\\\/04\\\/reglement-de-la-crise-malienne-lamamra-appelle-a-joindre-laction-a-la-parole\\\/#primaryimage\",\"url\":\"https:\\\/\\\/lasentinelle.dz\\\/wp-content\\\/uploads\\\/2022\\\/09\\\/Lamamra.png\",\"contentUrl\":\"https:\\\/\\\/lasentinelle.dz\\\/wp-content\\\/uploads\\\/2022\\\/09\\\/Lamamra.png\",\"width\":1352,\"height\":900},{\"@type\":\"BreadcrumbList\",\"@id\":\"https:\\\/\\\/lasentinelle.dz\\\/index.php\\\/2022\\\/09\\\/04\\\/reglement-de-la-crise-malienne-lamamra-appelle-a-joindre-laction-a-la-parole\\\/#breadcrumb\",\"itemListElement\":[{\"@type\":\"ListItem\",\"position\":1,\"name\":\"Accueil\",\"item\":\"https:\\\/\\\/lasentinelle.dz\\\/\"},{\"@type\":\"ListItem\",\"position\":2,\"name\":\"R\u00e8glement de la crise malienne\u00a0:\u00a0Lamamra appelle \u00e0 joindre l&rsquo;action \u00e0 la parole \u00a0\"}]},{\"@type\":\"WebSite\",\"@id\":\"https:\\\/\\\/lasentinelle.dz\\\/#website\",\"url\":\"https:\\\/\\\/lasentinelle.dz\\\/\",\"name\":\"La Sentinelle\",\"description\":\"Quotidien national d&#039;information\",\"publisher\":{\"@id\":\"https:\\\/\\\/lasentinelle.dz\\\/#organization\"},\"potentialAction\":[{\"@type\":\"SearchAction\",\"target\":{\"@type\":\"EntryPoint\",\"urlTemplate\":\"https:\\\/\\\/lasentinelle.dz\\\/?s={search_term_string}\"},\"query-input\":{\"@type\":\"PropertyValueSpecification\",\"valueRequired\":true,\"valueName\":\"search_term_string\"}}],\"inLanguage\":\"fr-FR\"},{\"@type\":\"Organization\",\"@id\":\"https:\\\/\\\/lasentinelle.dz\\\/#organization\",\"name\":\"Quotidien La Sentinelle\",\"url\":\"https:\\\/\\\/lasentinelle.dz\\\/\",\"logo\":{\"@type\":\"ImageObject\",\"inLanguage\":\"fr-FR\",\"@id\":\"https:\\\/\\\/lasentinelle.dz\\\/#\\\/schema\\\/logo\\\/image\\\/\",\"url\":\"https:\\\/\\\/lasentinelle.dz\\\/wp-content\\\/uploads\\\/2021\\\/09\\\/logo-sentinelleSLOGAN-1.png\",\"contentUrl\":\"https:\\\/\\\/lasentinelle.dz\\\/wp-content\\\/uploads\\\/2021\\\/09\\\/logo-sentinelleSLOGAN-1.png\",\"width\":615,\"height\":142,\"caption\":\"Quotidien La Sentinelle\"},\"image\":{\"@id\":\"https:\\\/\\\/lasentinelle.dz\\\/#\\\/schema\\\/logo\\\/image\\\/\"},\"sameAs\":[\"https:\\\/\\\/www.facebook.com\\\/La-Sentinelle-104059864394773\"]},{\"@type\":\"Person\",\"@id\":\"https:\\\/\\\/lasentinelle.dz\\\/#\\\/schema\\\/person\\\/d865044e22e70a75174ce8bcad3acfb3\",\"name\":\"La Sentinelle\",\"image\":{\"@type\":\"ImageObject\",\"inLanguage\":\"fr-FR\",\"@id\":\"https:\\\/\\\/secure.gravatar.com\\\/avatar\\\/57de8e5d4b15d43fb361a71fbb36338450fe67865b528a43dd10ef7c51a20392?s=96&d=mm&r=g\",\"url\":\"https:\\\/\\\/secure.gravatar.com\\\/avatar\\\/57de8e5d4b15d43fb361a71fbb36338450fe67865b528a43dd10ef7c51a20392?s=96&d=mm&r=g\",\"contentUrl\":\"https:\\\/\\\/secure.gravatar.com\\\/avatar\\\/57de8e5d4b15d43fb361a71fbb36338450fe67865b528a43dd10ef7c51a20392?s=96&d=mm&r=g\",\"caption\":\"La Sentinelle\"},\"sameAs\":[\"http:\\\/\\\/www.lasentinelle.dz\"],\"url\":\"https:\\\/\\\/lasentinelle.dz\\\/author\\\/redaction\\\/\"}]}<\/script>\n<!-- \/ Yoast SEO plugin. -->","yoast_head_json":{"title":"R\u00e8glement de la crise malienne\u00a0:\u00a0Lamamra appelle \u00e0 joindre l&rsquo;action \u00e0 la parole \u00a0 - La Sentinelle","robots":{"index":"index","follow":"follow","max-snippet":"max-snippet:-1","max-image-preview":"max-image-preview:large","max-video-preview":"max-video-preview:-1"},"canonical":"https:\/\/lasentinelle.dz\/index.php\/2022\/09\/04\/reglement-de-la-crise-malienne-lamamra-appelle-a-joindre-laction-a-la-parole\/","og_locale":"fr_FR","og_type":"article","og_title":"R\u00e8glement de la crise malienne\u00a0:\u00a0Lamamra appelle \u00e0 joindre l&rsquo;action \u00e0 la parole \u00a0 - La Sentinelle","og_description":"La mission effectu\u00e9e ce week-end par le ministre des Affaires \u00e9trang\u00e8res, Ramatane Lamamra, \u00e0 Bamako n\u2019\u00e9tait pas de tout repos,","og_url":"https:\/\/lasentinelle.dz\/index.php\/2022\/09\/04\/reglement-de-la-crise-malienne-lamamra-appelle-a-joindre-laction-a-la-parole\/","og_site_name":"La Sentinelle","article_publisher":"https:\/\/www.facebook.com\/La-Sentinelle-104059864394773","article_published_time":"2022-09-03T23:08:00+00:00","og_image":[{"width":1352,"height":900,"url":"https:\/\/lasentinelle.dz\/wp-content\/uploads\/2022\/09\/Lamamra.png","type":"image\/png"}],"author":"La Sentinelle","twitter_card":"summary_large_image","twitter_misc":{"\u00c9crit par":"La Sentinelle","Dur\u00e9e de lecture estim\u00e9e":"4 minutes"},"schema":{"@context":"https:\/\/schema.org","@graph":[{"@type":"Article","@id":"https:\/\/lasentinelle.dz\/index.php\/2022\/09\/04\/reglement-de-la-crise-malienne-lamamra-appelle-a-joindre-laction-a-la-parole\/#article","isPartOf":{"@id":"https:\/\/lasentinelle.dz\/index.php\/2022\/09\/04\/reglement-de-la-crise-malienne-lamamra-appelle-a-joindre-laction-a-la-parole\/"},"author":{"name":"La Sentinelle","@id":"https:\/\/lasentinelle.dz\/#\/schema\/person\/d865044e22e70a75174ce8bcad3acfb3"},"headline":"R\u00e8glement de la crise malienne\u00a0:\u00a0Lamamra appelle \u00e0 joindre l&rsquo;action \u00e0 la parole \u00a0","datePublished":"2022-09-03T23:08:00+00:00","mainEntityOfPage":{"@id":"https:\/\/lasentinelle.dz\/index.php\/2022\/09\/04\/reglement-de-la-crise-malienne-lamamra-appelle-a-joindre-laction-a-la-parole\/"},"wordCount":846,"commentCount":0,"publisher":{"@id":"https:\/\/lasentinelle.dz\/#organization"},"image":{"@id":"https:\/\/lasentinelle.dz\/index.php\/2022\/09\/04\/reglement-de-la-crise-malienne-lamamra-appelle-a-joindre-laction-a-la-parole\/#primaryimage"},"thumbnailUrl":"https:\/\/lasentinelle.dz\/wp-content\/uploads\/2022\/09\/Lamamra.png","articleSection":["\u00c0 la Une","Actualit\u00e9"],"inLanguage":"fr-FR","potentialAction":[{"@type":"CommentAction","name":"Comment","target":["https:\/\/lasentinelle.dz\/index.php\/2022\/09\/04\/reglement-de-la-crise-malienne-lamamra-appelle-a-joindre-laction-a-la-parole\/#respond"]}]},{"@type":"WebPage","@id":"https:\/\/lasentinelle.dz\/index.php\/2022\/09\/04\/reglement-de-la-crise-malienne-lamamra-appelle-a-joindre-laction-a-la-parole\/","url":"https:\/\/lasentinelle.dz\/index.php\/2022\/09\/04\/reglement-de-la-crise-malienne-lamamra-appelle-a-joindre-laction-a-la-parole\/","name":"R\u00e8glement de la crise malienne\u00a0:\u00a0Lamamra appelle \u00e0 joindre l&rsquo;action \u00e0 la parole \u00a0 - La Sentinelle","isPartOf":{"@id":"https:\/\/lasentinelle.dz\/#website"},"primaryImageOfPage":{"@id":"https:\/\/lasentinelle.dz\/index.php\/2022\/09\/04\/reglement-de-la-crise-malienne-lamamra-appelle-a-joindre-laction-a-la-parole\/#primaryimage"},"image":{"@id":"https:\/\/lasentinelle.dz\/index.php\/2022\/09\/04\/reglement-de-la-crise-malienne-lamamra-appelle-a-joindre-laction-a-la-parole\/#primaryimage"},"thumbnailUrl":"https:\/\/lasentinelle.dz\/wp-content\/uploads\/2022\/09\/Lamamra.png","datePublished":"2022-09-03T23:08:00+00:00","breadcrumb":{"@id":"https:\/\/lasentinelle.dz\/index.php\/2022\/09\/04\/reglement-de-la-crise-malienne-lamamra-appelle-a-joindre-laction-a-la-parole\/#breadcrumb"},"inLanguage":"fr-FR","potentialAction":[{"@type":"ReadAction","target":["https:\/\/lasentinelle.dz\/index.php\/2022\/09\/04\/reglement-de-la-crise-malienne-lamamra-appelle-a-joindre-laction-a-la-parole\/"]}]},{"@type":"ImageObject","inLanguage":"fr-FR","@id":"https:\/\/lasentinelle.dz\/index.php\/2022\/09\/04\/reglement-de-la-crise-malienne-lamamra-appelle-a-joindre-laction-a-la-parole\/#primaryimage","url":"https:\/\/lasentinelle.dz\/wp-content\/uploads\/2022\/09\/Lamamra.png","contentUrl":"https:\/\/lasentinelle.dz\/wp-content\/uploads\/2022\/09\/Lamamra.png","width":1352,"height":900},{"@type":"BreadcrumbList","@id":"https:\/\/lasentinelle.dz\/index.php\/2022\/09\/04\/reglement-de-la-crise-malienne-lamamra-appelle-a-joindre-laction-a-la-parole\/#breadcrumb","itemListElement":[{"@type":"ListItem","position":1,"name":"Accueil","item":"https:\/\/lasentinelle.dz\/"},{"@type":"ListItem","position":2,"name":"R\u00e8glement de la crise malienne\u00a0:\u00a0Lamamra appelle \u00e0 joindre l&rsquo;action \u00e0 la parole \u00a0"}]},{"@type":"WebSite","@id":"https:\/\/lasentinelle.dz\/#website","url":"https:\/\/lasentinelle.dz\/","name":"La Sentinelle","description":"Quotidien national d&#039;information","publisher":{"@id":"https:\/\/lasentinelle.dz\/#organization"},"potentialAction":[{"@type":"SearchAction","target":{"@type":"EntryPoint","urlTemplate":"https:\/\/lasentinelle.dz\/?s={search_term_string}"},"query-input":{"@type":"PropertyValueSpecification","valueRequired":true,"valueName":"search_term_string"}}],"inLanguage":"fr-FR"},{"@type":"Organization","@id":"https:\/\/lasentinelle.dz\/#organization","name":"Quotidien La Sentinelle","url":"https:\/\/lasentinelle.dz\/","logo":{"@type":"ImageObject","inLanguage":"fr-FR","@id":"https:\/\/lasentinelle.dz\/#\/schema\/logo\/image\/","url":"https:\/\/lasentinelle.dz\/wp-content\/uploads\/2021\/09\/logo-sentinelleSLOGAN-1.png","contentUrl":"https:\/\/lasentinelle.dz\/wp-content\/uploads\/2021\/09\/logo-sentinelleSLOGAN-1.png","width":615,"height":142,"caption":"Quotidien La Sentinelle"},"image":{"@id":"https:\/\/lasentinelle.dz\/#\/schema\/logo\/image\/"},"sameAs":["https:\/\/www.facebook.com\/La-Sentinelle-104059864394773"]},{"@type":"Person","@id":"https:\/\/lasentinelle.dz\/#\/schema\/person\/d865044e22e70a75174ce8bcad3acfb3","name":"La Sentinelle","image":{"@type":"ImageObject","inLanguage":"fr-FR","@id":"https:\/\/secure.gravatar.com\/avatar\/57de8e5d4b15d43fb361a71fbb36338450fe67865b528a43dd10ef7c51a20392?s=96&d=mm&r=g","url":"https:\/\/secure.gravatar.com\/avatar\/57de8e5d4b15d43fb361a71fbb36338450fe67865b528a43dd10ef7c51a20392?s=96&d=mm&r=g","contentUrl":"https:\/\/secure.gravatar.com\/avatar\/57de8e5d4b15d43fb361a71fbb36338450fe67865b528a43dd10ef7c51a20392?s=96&d=mm&r=g","caption":"La Sentinelle"},"sameAs":["http:\/\/www.lasentinelle.dz"],"url":"https:\/\/lasentinelle.dz\/author\/redaction\/"}]}},"_links":{"self":[{"href":"https:\/\/lasentinelle.dz\/index.php\/wp-json\/wp\/v2\/posts\/26766","targetHints":{"allow":["GET"]}}],"collection":[{"href":"https:\/\/lasentinelle.dz\/index.php\/wp-json\/wp\/v2\/posts"}],"about":[{"href":"https:\/\/lasentinelle.dz\/index.php\/wp-json\/wp\/v2\/types\/post"}],"author":[{"embeddable":true,"href":"https:\/\/lasentinelle.dz\/index.php\/wp-json\/wp\/v2\/users\/3"}],"replies":[{"embeddable":true,"href":"https:\/\/lasentinelle.dz\/index.php\/wp-json\/wp\/v2\/comments?post=26766"}],"version-history":[{"count":2,"href":"https:\/\/lasentinelle.dz\/index.php\/wp-json\/wp\/v2\/posts\/26766\/revisions"}],"predecessor-version":[{"id":26796,"href":"https:\/\/lasentinelle.dz\/index.php\/wp-json\/wp\/v2\/posts\/26766\/revisions\/26796"}],"wp:featuredmedia":[{"embeddable":true,"href":"https:\/\/lasentinelle.dz\/index.php\/wp-json\/wp\/v2\/media\/26771"}],"wp:attachment":[{"href":"https:\/\/lasentinelle.dz\/index.php\/wp-json\/wp\/v2\/media?parent=26766"}],"wp:term":[{"taxonomy":"category","embeddable":true,"href":"https:\/\/lasentinelle.dz\/index.php\/wp-json\/wp\/v2\/categories?post=26766"},{"taxonomy":"post_tag","embeddable":true,"href":"https:\/\/lasentinelle.dz\/index.php\/wp-json\/wp\/v2\/tags?post=26766"}],"curies":[{"name":"wp","href":"https:\/\/api.w.org\/{rel}","templated":true}]}}