{"id":26852,"date":"2022-09-05T00:17:00","date_gmt":"2022-09-04T23:17:00","guid":{"rendered":"https:\/\/lasentinelle.dz\/?p=26852"},"modified":"2022-09-04T20:24:00","modified_gmt":"2022-09-04T19:24:00","slug":"les-parlementaires-interpellent-lexecutif-dadapter-les-textes-a-la-constitution-hater-le-processus-des-reformes","status":"publish","type":"post","link":"https:\/\/lasentinelle.dz\/index.php\/2022\/09\/05\/les-parlementaires-interpellent-lexecutif-dadapter-les-textes-a-la-constitution-hater-le-processus-des-reformes\/","title":{"rendered":"Les parlementaires interpellent l\u2019Ex\u00e9cutif\u00a0\u00a0: H\u00e2ter le processus des r\u00e9formes"},"content":{"rendered":"\n<p>La mise en \u0153uvre des r\u00e9formes annonc\u00e9es doit s\u2019acc\u00e9l\u00e9rer. Hier, les parlementaires ont press\u00e9 l\u2019Ex\u00e9cutif de h\u00e2ter le processus de mise en conformit\u00e9 du corpus r\u00e9glementaire \u00e0 la Constitution, notamment en ce qui concerne la loi sur les associations et la loi sur les partis. Ils le pressent aussi de lib\u00e9rer le ou les codes des collectivit\u00e9s locales, ainsi que de h\u00e2ter les r\u00e9formes \u00e9conomiques susceptibles de consolider la souverainet\u00e9 et l\u2019ind\u00e9pendance \u00e9conomique du pays.&nbsp;<\/p>\n\n\n\n<p>Les c\u00e9r\u00e9monies d\u2019ouverture de la session parlementaire pour l\u2019exercice 2022-2023 ont eu lieu, hier, respectivement \u00e0 l\u2019Assembl\u00e9e populaire nationale et au Conseil de la nation, et ce, en pr\u00e9sence du Premier ministre, A\u00efmene Benabderrahmane, et des membres du Gouvernement.&nbsp;L\u2019occasion pour les parlementaires de souligner les urgences de l\u2019heure et d\u2019aller au-del\u00e0 du calendrier impos\u00e9 par l\u2019Ex\u00e9cutif.&nbsp;&nbsp;Si le Pr\u00e9sident de la chambre basse du&nbsp;Parlement, Brahim Boughali, a \u00e9voqu\u00e9, lors de son intervention, la n\u00e9cessit\u00e9 \u00abde mettre en conformit\u00e9 les lois avec la nouvelle&nbsp;Constitution\u00bb, celui du Conseil de la&nbsp;Nation, Salah Goudjil, a&nbsp;clairement mis le Gouvernement face \u00e0 l\u2019urgence de h\u00e2ter le processus des r\u00e9formes. Il a&nbsp;explicitement cit\u00e9 un nombre de lois, parmi lesquelles celles relatives aux associations, aux partis politiques ainsi que le \u00ab&nbsp;Code des collectivit\u00e9s locales&nbsp;\u00bb. Celui-ci a, \u00e0 cet effet, insist\u00e9 sur le fait que \u00ables associations n\u2019ont pas le droit de faire de la politique\u00bb. Donc, il est n\u00e9cessaire, poursuit-il, de \u00abd\u00e9finir les missions de chacun, association et parti politique\u00bb. Le pr\u00e9sident du Conseil de la nation a r\u00e9v\u00e9l\u00e9, \u00e0 cette occasion, que le&nbsp;Gouvernement est en train de pr\u00e9parer le \u00abcode des collectivit\u00e9s locales\u00bb. Actuellement, il y a deux textes s\u00e9par\u00e9s, un code de wilaya et un autre pour la commune. Le texte en pr\u00e9paration va \u00abdonner \u00e0 la wilaya et la commune la place qui leur sied\u00bb, a-t-il dit, ajoutant qu\u2019il est question de \u00abpr\u00e9ciser les r\u00f4les de chacune des entit\u00e9s\u00bb.<\/p>\n\n\n\n<p>Revenant sur les d\u00e9veloppements de la situation politique et socio-\u00e9conomique interne, Goudjil a mis en exergue la n\u00e9cessit\u00e9 d\u2019arriver \u00e0 une \u00abind\u00e9pendance \u00e9conomique\u00bb, un objectif qu\u2019il consid\u00e8re comme \u00abla priorit\u00e9 des priorit\u00e9s\u00bb. \u00abL\u2019autosuffisance et l&rsquo;exploitation de toutes les potentialit\u00e9s du pays sont de nature \u00e0 conforter davantage les d\u00e9cisions politiques de l&rsquo;Alg\u00e9rie et renforcer sa voix\u00bb, a-t-il affirm\u00e9. Il a rappel\u00e9, \u00e0 cet effet, que le pays \u00abn\u2019est pas endett\u00e9\u00bb et que, par cons\u00e9quent, \u00abpersonne ne peut dicter \u00e0 l\u2019Alg\u00e9rie quoi que ce soit\u00bb.&nbsp;<\/p>\n\n\n\n<p><strong>Distinguer pouvoir et \u00c9tat<\/strong><\/p>\n\n\n\n<p>Il plaidera, bien entendu,&nbsp;pour l\u2019initiative du \u00abrassemblement\u00bb qui vise, rappelle-t-il, \u00e0 \u00abconsolider le front interne\u00bb. Pour le pr\u00e9sident du Conseil de la&nbsp;Nation, il est primordial \u00abde faire la diff\u00e9rence entre pouvoir et Etat\u00bb, le pouvoir \u00e9tant appel\u00e9 \u00e0 \u00abchanger d\u2019une \u00e9tape \u00e0 une autre, selon la volont\u00e9 populaire\u00bb.&nbsp;S\u2019exprimant \u00e9galement sur un sujet qui lui tient toujours \u00e0 c\u0153ur, qui est celui de l\u2019histoire, Salah Goudjil a d\u00e9fendu, durant son intervention, l\u2019id\u00e9e de \u00abmettre en place une commission nationale pour l\u2019\u00e9criture de l\u2019histoire\u00bb. Il a plaid\u00e9 \u00e0 cet effet pour la \u00abr\u00e9vision\u00bb des programmes de l\u2019\u00e9ducation nationale, \u00abdu primaire jusqu\u2019\u00e0 l\u2019universit\u00e9\u00bb, \u00e9voquant l\u2019exigence d\u2019une \u00abuniformisation\u00bb, d\u2019autant plus, estime-t-il \u00abqu\u2019il y a des choses qui se disent qui ne sont pas vraies\u00bb. \u00abPersonne ne nous enseignera notre histoire\u00bb, a-t-il lanc\u00e9.<\/p>\n\n\n\n<p>En dernier lieu, le Pr\u00e9sident du Conseil de la&nbsp;Nation s\u2019est exprim\u00e9 sur certaines questions internationales. Il s\u2018est attard\u00e9 \u00e0 cet effet sur les derniers d\u00e9veloppements dans les relations entre la Tunisie et le Maroc qui, rappelons-le, a d\u00e9cid\u00e9 de rappel\u00e9 son ambassadeur \u00e0 Tunis, \u00e0 la suite de l\u2019invitation faite par les autorit\u00e9s tunisiennes, au Pr\u00e9sident sahraoui, Brahim Ghali, pour assister au sommet Japon \u2013Afrique (TICAD). Ainsi, pour montrer l\u2019incoh\u00e9rence de la position marocaine, Goudjil a tenu \u00e0 rappeler que le Maroc \u00e9tait pr\u00e9sent, en 2017, au sommet Union europ\u00e9enne \u2013 Union africaine, alors qu\u2019une d\u00e9l\u00e9gation sahraouie \u00e9tait pr\u00e9sente. Celui-ci est revenu \u00e9galement sur le roi marocain Hassen II \u00abqui, en 1960, a d\u00e9nonc\u00e9 le Pr\u00e9sident tunisien Habib Bourguiba, qui venait de reconna\u00eetre l\u2019ind\u00e9pendance de la Mauritanie, sous pr\u00e9texte que c\u2019est une terre marocaine\u00bb, mais qui a fini, ajoute le Pr\u00e9sident du Conseil de la nation, \u00abpar proposer en 1975 \u00e0 la Mauritanie la partition du Sahara occidental\u00bb. Salah Goudjil a, en d\u00e9finitif, r\u00e9it\u00e9r\u00e9 la \u00abposition constante de l&rsquo;Alg\u00e9rie qui soutient les mouvements de lib\u00e9ration et la d\u00e9colonisation, notamment les causes palestinienne et sahraouie\u00bb.<\/p>\n\n\n\n<p><strong>Elyas Nour<\/strong><\/p>\n","protected":false},"excerpt":{"rendered":"<p>La mise en \u0153uvre des r\u00e9formes annonc\u00e9es doit s\u2019acc\u00e9l\u00e9rer. Hier, les parlementaires ont press\u00e9 l\u2019Ex\u00e9cutif de h\u00e2ter le processus de<\/p>\n","protected":false},"author":3,"featured_media":26864,"comment_status":"open","ping_status":"closed","sticky":false,"template":"","format":"standard","meta":{"colormag_page_container_layout":"default_layout","colormag_page_sidebar_layout":"default_layout","om_disable_all_campaigns":false,"_monsterinsights_skip_tracking":false,"_monsterinsights_sitenote_active":false,"_monsterinsights_sitenote_note":"","_monsterinsights_sitenote_category":0,"footnotes":"","_wpscppro_dont_share_socialmedia":false,"_wpscppro_custom_social_share_image":0,"_facebook_share_type":"","_twitter_share_type":"","_linkedin_share_type":"","_pinterest_share_type":"","_linkedin_share_type_page":"","_instagram_share_type":"","_medium_share_type":"","_threads_share_type":"","_google_business_share_type":"","_selected_social_profile":[],"_wpsp_enable_custom_social_template":false,"_wpsp_social_scheduling":{"enabled":false,"datetime":null,"platforms":[],"status":"template_only","dateOption":"today","timeOption":"now","customDays":"","customHours":"","customDate":"","customTime":"","schedulingType":"absolute"},"_wpsp_active_default_template":true},"categories":[52,27],"tags":[],"class_list":["post-26852","post","type-post","status-publish","format-standard","has-post-thumbnail","hentry","category-a-la-une","category-actualite"],"aioseo_notices":[],"yoast_head":"<!-- This site is optimized with the Yoast SEO plugin v27.5 - https:\/\/yoast.com\/product\/yoast-seo-wordpress\/ -->\n<title>Les parlementaires interpellent l\u2019Ex\u00e9cutif\u00a0\u00a0: H\u00e2ter le processus des r\u00e9formes - La Sentinelle<\/title>\n<meta name=\"robots\" content=\"index, follow, max-snippet:-1, max-image-preview:large, max-video-preview:-1\" \/>\n<link rel=\"canonical\" href=\"https:\/\/lasentinelle.dz\/index.php\/2022\/09\/05\/les-parlementaires-interpellent-lexecutif-dadapter-les-textes-a-la-constitution-hater-le-processus-des-reformes\/\" \/>\n<meta property=\"og:locale\" content=\"fr_FR\" \/>\n<meta property=\"og:type\" content=\"article\" \/>\n<meta property=\"og:title\" content=\"Les parlementaires interpellent l\u2019Ex\u00e9cutif\u00a0\u00a0: H\u00e2ter le processus des r\u00e9formes - La Sentinelle\" \/>\n<meta property=\"og:description\" content=\"La mise en \u0153uvre des r\u00e9formes annonc\u00e9es doit s\u2019acc\u00e9l\u00e9rer. Hier, les parlementaires ont press\u00e9 l\u2019Ex\u00e9cutif de h\u00e2ter le processus de\" \/>\n<meta property=\"og:url\" content=\"https:\/\/lasentinelle.dz\/index.php\/2022\/09\/05\/les-parlementaires-interpellent-lexecutif-dadapter-les-textes-a-la-constitution-hater-le-processus-des-reformes\/\" \/>\n<meta property=\"og:site_name\" content=\"La Sentinelle\" \/>\n<meta property=\"article:publisher\" content=\"https:\/\/www.facebook.com\/La-Sentinelle-104059864394773\" \/>\n<meta property=\"article:published_time\" content=\"2022-09-04T23:17:00+00:00\" \/>\n<meta property=\"og:image\" content=\"https:\/\/lasentinelle.dz\/wp-content\/uploads\/2022\/09\/aimene.png\" \/>\n\t<meta property=\"og:image:width\" content=\"1500\" \/>\n\t<meta property=\"og:image:height\" content=\"900\" \/>\n\t<meta property=\"og:image:type\" content=\"image\/png\" \/>\n<meta name=\"author\" content=\"La Sentinelle\" \/>\n<meta name=\"twitter:card\" content=\"summary_large_image\" \/>\n<meta name=\"twitter:label1\" content=\"\u00c9crit par\" \/>\n\t<meta name=\"twitter:data1\" content=\"La Sentinelle\" \/>\n\t<meta name=\"twitter:label2\" content=\"Dur\u00e9e de lecture estim\u00e9e\" \/>\n\t<meta name=\"twitter:data2\" content=\"4 minutes\" \/>\n<script type=\"application\/ld+json\" class=\"yoast-schema-graph\">{\"@context\":\"https:\\\/\\\/schema.org\",\"@graph\":[{\"@type\":\"Article\",\"@id\":\"https:\\\/\\\/lasentinelle.dz\\\/index.php\\\/2022\\\/09\\\/05\\\/les-parlementaires-interpellent-lexecutif-dadapter-les-textes-a-la-constitution-hater-le-processus-des-reformes\\\/#article\",\"isPartOf\":{\"@id\":\"https:\\\/\\\/lasentinelle.dz\\\/index.php\\\/2022\\\/09\\\/05\\\/les-parlementaires-interpellent-lexecutif-dadapter-les-textes-a-la-constitution-hater-le-processus-des-reformes\\\/\"},\"author\":{\"name\":\"La Sentinelle\",\"@id\":\"https:\\\/\\\/lasentinelle.dz\\\/#\\\/schema\\\/person\\\/d865044e22e70a75174ce8bcad3acfb3\"},\"headline\":\"Les parlementaires interpellent l\u2019Ex\u00e9cutif\u00a0\u00a0: H\u00e2ter le processus des r\u00e9formes\",\"datePublished\":\"2022-09-04T23:17:00+00:00\",\"mainEntityOfPage\":{\"@id\":\"https:\\\/\\\/lasentinelle.dz\\\/index.php\\\/2022\\\/09\\\/05\\\/les-parlementaires-interpellent-lexecutif-dadapter-les-textes-a-la-constitution-hater-le-processus-des-reformes\\\/\"},\"wordCount\":845,\"commentCount\":0,\"publisher\":{\"@id\":\"https:\\\/\\\/lasentinelle.dz\\\/#organization\"},\"image\":{\"@id\":\"https:\\\/\\\/lasentinelle.dz\\\/index.php\\\/2022\\\/09\\\/05\\\/les-parlementaires-interpellent-lexecutif-dadapter-les-textes-a-la-constitution-hater-le-processus-des-reformes\\\/#primaryimage\"},\"thumbnailUrl\":\"https:\\\/\\\/lasentinelle.dz\\\/wp-content\\\/uploads\\\/2022\\\/09\\\/aimene.png\",\"articleSection\":[\"\u00c0 la Une\",\"Actualit\u00e9\"],\"inLanguage\":\"fr-FR\",\"potentialAction\":[{\"@type\":\"CommentAction\",\"name\":\"Comment\",\"target\":[\"https:\\\/\\\/lasentinelle.dz\\\/index.php\\\/2022\\\/09\\\/05\\\/les-parlementaires-interpellent-lexecutif-dadapter-les-textes-a-la-constitution-hater-le-processus-des-reformes\\\/#respond\"]}]},{\"@type\":\"WebPage\",\"@id\":\"https:\\\/\\\/lasentinelle.dz\\\/index.php\\\/2022\\\/09\\\/05\\\/les-parlementaires-interpellent-lexecutif-dadapter-les-textes-a-la-constitution-hater-le-processus-des-reformes\\\/\",\"url\":\"https:\\\/\\\/lasentinelle.dz\\\/index.php\\\/2022\\\/09\\\/05\\\/les-parlementaires-interpellent-lexecutif-dadapter-les-textes-a-la-constitution-hater-le-processus-des-reformes\\\/\",\"name\":\"Les parlementaires interpellent l\u2019Ex\u00e9cutif\u00a0\u00a0: H\u00e2ter le processus des r\u00e9formes - La Sentinelle\",\"isPartOf\":{\"@id\":\"https:\\\/\\\/lasentinelle.dz\\\/#website\"},\"primaryImageOfPage\":{\"@id\":\"https:\\\/\\\/lasentinelle.dz\\\/index.php\\\/2022\\\/09\\\/05\\\/les-parlementaires-interpellent-lexecutif-dadapter-les-textes-a-la-constitution-hater-le-processus-des-reformes\\\/#primaryimage\"},\"image\":{\"@id\":\"https:\\\/\\\/lasentinelle.dz\\\/index.php\\\/2022\\\/09\\\/05\\\/les-parlementaires-interpellent-lexecutif-dadapter-les-textes-a-la-constitution-hater-le-processus-des-reformes\\\/#primaryimage\"},\"thumbnailUrl\":\"https:\\\/\\\/lasentinelle.dz\\\/wp-content\\\/uploads\\\/2022\\\/09\\\/aimene.png\",\"datePublished\":\"2022-09-04T23:17:00+00:00\",\"breadcrumb\":{\"@id\":\"https:\\\/\\\/lasentinelle.dz\\\/index.php\\\/2022\\\/09\\\/05\\\/les-parlementaires-interpellent-lexecutif-dadapter-les-textes-a-la-constitution-hater-le-processus-des-reformes\\\/#breadcrumb\"},\"inLanguage\":\"fr-FR\",\"potentialAction\":[{\"@type\":\"ReadAction\",\"target\":[\"https:\\\/\\\/lasentinelle.dz\\\/index.php\\\/2022\\\/09\\\/05\\\/les-parlementaires-interpellent-lexecutif-dadapter-les-textes-a-la-constitution-hater-le-processus-des-reformes\\\/\"]}]},{\"@type\":\"ImageObject\",\"inLanguage\":\"fr-FR\",\"@id\":\"https:\\\/\\\/lasentinelle.dz\\\/index.php\\\/2022\\\/09\\\/05\\\/les-parlementaires-interpellent-lexecutif-dadapter-les-textes-a-la-constitution-hater-le-processus-des-reformes\\\/#primaryimage\",\"url\":\"https:\\\/\\\/lasentinelle.dz\\\/wp-content\\\/uploads\\\/2022\\\/09\\\/aimene.png\",\"contentUrl\":\"https:\\\/\\\/lasentinelle.dz\\\/wp-content\\\/uploads\\\/2022\\\/09\\\/aimene.png\",\"width\":1500,\"height\":900},{\"@type\":\"BreadcrumbList\",\"@id\":\"https:\\\/\\\/lasentinelle.dz\\\/index.php\\\/2022\\\/09\\\/05\\\/les-parlementaires-interpellent-lexecutif-dadapter-les-textes-a-la-constitution-hater-le-processus-des-reformes\\\/#breadcrumb\",\"itemListElement\":[{\"@type\":\"ListItem\",\"position\":1,\"name\":\"Accueil\",\"item\":\"https:\\\/\\\/lasentinelle.dz\\\/\"},{\"@type\":\"ListItem\",\"position\":2,\"name\":\"Les parlementaires interpellent l\u2019Ex\u00e9cutif\u00a0\u00a0: H\u00e2ter le processus des r\u00e9formes\"}]},{\"@type\":\"WebSite\",\"@id\":\"https:\\\/\\\/lasentinelle.dz\\\/#website\",\"url\":\"https:\\\/\\\/lasentinelle.dz\\\/\",\"name\":\"La Sentinelle\",\"description\":\"Quotidien national d&#039;information\",\"publisher\":{\"@id\":\"https:\\\/\\\/lasentinelle.dz\\\/#organization\"},\"potentialAction\":[{\"@type\":\"SearchAction\",\"target\":{\"@type\":\"EntryPoint\",\"urlTemplate\":\"https:\\\/\\\/lasentinelle.dz\\\/?s={search_term_string}\"},\"query-input\":{\"@type\":\"PropertyValueSpecification\",\"valueRequired\":true,\"valueName\":\"search_term_string\"}}],\"inLanguage\":\"fr-FR\"},{\"@type\":\"Organization\",\"@id\":\"https:\\\/\\\/lasentinelle.dz\\\/#organization\",\"name\":\"Quotidien La Sentinelle\",\"url\":\"https:\\\/\\\/lasentinelle.dz\\\/\",\"logo\":{\"@type\":\"ImageObject\",\"inLanguage\":\"fr-FR\",\"@id\":\"https:\\\/\\\/lasentinelle.dz\\\/#\\\/schema\\\/logo\\\/image\\\/\",\"url\":\"https:\\\/\\\/lasentinelle.dz\\\/wp-content\\\/uploads\\\/2021\\\/09\\\/logo-sentinelleSLOGAN-1.png\",\"contentUrl\":\"https:\\\/\\\/lasentinelle.dz\\\/wp-content\\\/uploads\\\/2021\\\/09\\\/logo-sentinelleSLOGAN-1.png\",\"width\":615,\"height\":142,\"caption\":\"Quotidien La Sentinelle\"},\"image\":{\"@id\":\"https:\\\/\\\/lasentinelle.dz\\\/#\\\/schema\\\/logo\\\/image\\\/\"},\"sameAs\":[\"https:\\\/\\\/www.facebook.com\\\/La-Sentinelle-104059864394773\"]},{\"@type\":\"Person\",\"@id\":\"https:\\\/\\\/lasentinelle.dz\\\/#\\\/schema\\\/person\\\/d865044e22e70a75174ce8bcad3acfb3\",\"name\":\"La Sentinelle\",\"image\":{\"@type\":\"ImageObject\",\"inLanguage\":\"fr-FR\",\"@id\":\"https:\\\/\\\/secure.gravatar.com\\\/avatar\\\/57de8e5d4b15d43fb361a71fbb36338450fe67865b528a43dd10ef7c51a20392?s=96&d=mm&r=g\",\"url\":\"https:\\\/\\\/secure.gravatar.com\\\/avatar\\\/57de8e5d4b15d43fb361a71fbb36338450fe67865b528a43dd10ef7c51a20392?s=96&d=mm&r=g\",\"contentUrl\":\"https:\\\/\\\/secure.gravatar.com\\\/avatar\\\/57de8e5d4b15d43fb361a71fbb36338450fe67865b528a43dd10ef7c51a20392?s=96&d=mm&r=g\",\"caption\":\"La Sentinelle\"},\"sameAs\":[\"http:\\\/\\\/www.lasentinelle.dz\"],\"url\":\"https:\\\/\\\/lasentinelle.dz\\\/author\\\/redaction\\\/\"}]}<\/script>\n<!-- \/ Yoast SEO plugin. -->","yoast_head_json":{"title":"Les parlementaires interpellent l\u2019Ex\u00e9cutif\u00a0\u00a0: H\u00e2ter le processus des r\u00e9formes - La Sentinelle","robots":{"index":"index","follow":"follow","max-snippet":"max-snippet:-1","max-image-preview":"max-image-preview:large","max-video-preview":"max-video-preview:-1"},"canonical":"https:\/\/lasentinelle.dz\/index.php\/2022\/09\/05\/les-parlementaires-interpellent-lexecutif-dadapter-les-textes-a-la-constitution-hater-le-processus-des-reformes\/","og_locale":"fr_FR","og_type":"article","og_title":"Les parlementaires interpellent l\u2019Ex\u00e9cutif\u00a0\u00a0: H\u00e2ter le processus des r\u00e9formes - La Sentinelle","og_description":"La mise en \u0153uvre des r\u00e9formes annonc\u00e9es doit s\u2019acc\u00e9l\u00e9rer. Hier, les parlementaires ont press\u00e9 l\u2019Ex\u00e9cutif de h\u00e2ter le processus de","og_url":"https:\/\/lasentinelle.dz\/index.php\/2022\/09\/05\/les-parlementaires-interpellent-lexecutif-dadapter-les-textes-a-la-constitution-hater-le-processus-des-reformes\/","og_site_name":"La Sentinelle","article_publisher":"https:\/\/www.facebook.com\/La-Sentinelle-104059864394773","article_published_time":"2022-09-04T23:17:00+00:00","og_image":[{"width":1500,"height":900,"url":"https:\/\/lasentinelle.dz\/wp-content\/uploads\/2022\/09\/aimene.png","type":"image\/png"}],"author":"La Sentinelle","twitter_card":"summary_large_image","twitter_misc":{"\u00c9crit par":"La Sentinelle","Dur\u00e9e de lecture estim\u00e9e":"4 minutes"},"schema":{"@context":"https:\/\/schema.org","@graph":[{"@type":"Article","@id":"https:\/\/lasentinelle.dz\/index.php\/2022\/09\/05\/les-parlementaires-interpellent-lexecutif-dadapter-les-textes-a-la-constitution-hater-le-processus-des-reformes\/#article","isPartOf":{"@id":"https:\/\/lasentinelle.dz\/index.php\/2022\/09\/05\/les-parlementaires-interpellent-lexecutif-dadapter-les-textes-a-la-constitution-hater-le-processus-des-reformes\/"},"author":{"name":"La Sentinelle","@id":"https:\/\/lasentinelle.dz\/#\/schema\/person\/d865044e22e70a75174ce8bcad3acfb3"},"headline":"Les parlementaires interpellent l\u2019Ex\u00e9cutif\u00a0\u00a0: H\u00e2ter le processus des r\u00e9formes","datePublished":"2022-09-04T23:17:00+00:00","mainEntityOfPage":{"@id":"https:\/\/lasentinelle.dz\/index.php\/2022\/09\/05\/les-parlementaires-interpellent-lexecutif-dadapter-les-textes-a-la-constitution-hater-le-processus-des-reformes\/"},"wordCount":845,"commentCount":0,"publisher":{"@id":"https:\/\/lasentinelle.dz\/#organization"},"image":{"@id":"https:\/\/lasentinelle.dz\/index.php\/2022\/09\/05\/les-parlementaires-interpellent-lexecutif-dadapter-les-textes-a-la-constitution-hater-le-processus-des-reformes\/#primaryimage"},"thumbnailUrl":"https:\/\/lasentinelle.dz\/wp-content\/uploads\/2022\/09\/aimene.png","articleSection":["\u00c0 la Une","Actualit\u00e9"],"inLanguage":"fr-FR","potentialAction":[{"@type":"CommentAction","name":"Comment","target":["https:\/\/lasentinelle.dz\/index.php\/2022\/09\/05\/les-parlementaires-interpellent-lexecutif-dadapter-les-textes-a-la-constitution-hater-le-processus-des-reformes\/#respond"]}]},{"@type":"WebPage","@id":"https:\/\/lasentinelle.dz\/index.php\/2022\/09\/05\/les-parlementaires-interpellent-lexecutif-dadapter-les-textes-a-la-constitution-hater-le-processus-des-reformes\/","url":"https:\/\/lasentinelle.dz\/index.php\/2022\/09\/05\/les-parlementaires-interpellent-lexecutif-dadapter-les-textes-a-la-constitution-hater-le-processus-des-reformes\/","name":"Les parlementaires interpellent l\u2019Ex\u00e9cutif\u00a0\u00a0: H\u00e2ter le processus des r\u00e9formes - La Sentinelle","isPartOf":{"@id":"https:\/\/lasentinelle.dz\/#website"},"primaryImageOfPage":{"@id":"https:\/\/lasentinelle.dz\/index.php\/2022\/09\/05\/les-parlementaires-interpellent-lexecutif-dadapter-les-textes-a-la-constitution-hater-le-processus-des-reformes\/#primaryimage"},"image":{"@id":"https:\/\/lasentinelle.dz\/index.php\/2022\/09\/05\/les-parlementaires-interpellent-lexecutif-dadapter-les-textes-a-la-constitution-hater-le-processus-des-reformes\/#primaryimage"},"thumbnailUrl":"https:\/\/lasentinelle.dz\/wp-content\/uploads\/2022\/09\/aimene.png","datePublished":"2022-09-04T23:17:00+00:00","breadcrumb":{"@id":"https:\/\/lasentinelle.dz\/index.php\/2022\/09\/05\/les-parlementaires-interpellent-lexecutif-dadapter-les-textes-a-la-constitution-hater-le-processus-des-reformes\/#breadcrumb"},"inLanguage":"fr-FR","potentialAction":[{"@type":"ReadAction","target":["https:\/\/lasentinelle.dz\/index.php\/2022\/09\/05\/les-parlementaires-interpellent-lexecutif-dadapter-les-textes-a-la-constitution-hater-le-processus-des-reformes\/"]}]},{"@type":"ImageObject","inLanguage":"fr-FR","@id":"https:\/\/lasentinelle.dz\/index.php\/2022\/09\/05\/les-parlementaires-interpellent-lexecutif-dadapter-les-textes-a-la-constitution-hater-le-processus-des-reformes\/#primaryimage","url":"https:\/\/lasentinelle.dz\/wp-content\/uploads\/2022\/09\/aimene.png","contentUrl":"https:\/\/lasentinelle.dz\/wp-content\/uploads\/2022\/09\/aimene.png","width":1500,"height":900},{"@type":"BreadcrumbList","@id":"https:\/\/lasentinelle.dz\/index.php\/2022\/09\/05\/les-parlementaires-interpellent-lexecutif-dadapter-les-textes-a-la-constitution-hater-le-processus-des-reformes\/#breadcrumb","itemListElement":[{"@type":"ListItem","position":1,"name":"Accueil","item":"https:\/\/lasentinelle.dz\/"},{"@type":"ListItem","position":2,"name":"Les parlementaires interpellent l\u2019Ex\u00e9cutif\u00a0\u00a0: H\u00e2ter le processus des r\u00e9formes"}]},{"@type":"WebSite","@id":"https:\/\/lasentinelle.dz\/#website","url":"https:\/\/lasentinelle.dz\/","name":"La Sentinelle","description":"Quotidien national d&#039;information","publisher":{"@id":"https:\/\/lasentinelle.dz\/#organization"},"potentialAction":[{"@type":"SearchAction","target":{"@type":"EntryPoint","urlTemplate":"https:\/\/lasentinelle.dz\/?s={search_term_string}"},"query-input":{"@type":"PropertyValueSpecification","valueRequired":true,"valueName":"search_term_string"}}],"inLanguage":"fr-FR"},{"@type":"Organization","@id":"https:\/\/lasentinelle.dz\/#organization","name":"Quotidien La Sentinelle","url":"https:\/\/lasentinelle.dz\/","logo":{"@type":"ImageObject","inLanguage":"fr-FR","@id":"https:\/\/lasentinelle.dz\/#\/schema\/logo\/image\/","url":"https:\/\/lasentinelle.dz\/wp-content\/uploads\/2021\/09\/logo-sentinelleSLOGAN-1.png","contentUrl":"https:\/\/lasentinelle.dz\/wp-content\/uploads\/2021\/09\/logo-sentinelleSLOGAN-1.png","width":615,"height":142,"caption":"Quotidien La Sentinelle"},"image":{"@id":"https:\/\/lasentinelle.dz\/#\/schema\/logo\/image\/"},"sameAs":["https:\/\/www.facebook.com\/La-Sentinelle-104059864394773"]},{"@type":"Person","@id":"https:\/\/lasentinelle.dz\/#\/schema\/person\/d865044e22e70a75174ce8bcad3acfb3","name":"La Sentinelle","image":{"@type":"ImageObject","inLanguage":"fr-FR","@id":"https:\/\/secure.gravatar.com\/avatar\/57de8e5d4b15d43fb361a71fbb36338450fe67865b528a43dd10ef7c51a20392?s=96&d=mm&r=g","url":"https:\/\/secure.gravatar.com\/avatar\/57de8e5d4b15d43fb361a71fbb36338450fe67865b528a43dd10ef7c51a20392?s=96&d=mm&r=g","contentUrl":"https:\/\/secure.gravatar.com\/avatar\/57de8e5d4b15d43fb361a71fbb36338450fe67865b528a43dd10ef7c51a20392?s=96&d=mm&r=g","caption":"La Sentinelle"},"sameAs":["http:\/\/www.lasentinelle.dz"],"url":"https:\/\/lasentinelle.dz\/author\/redaction\/"}]}},"_links":{"self":[{"href":"https:\/\/lasentinelle.dz\/index.php\/wp-json\/wp\/v2\/posts\/26852","targetHints":{"allow":["GET"]}}],"collection":[{"href":"https:\/\/lasentinelle.dz\/index.php\/wp-json\/wp\/v2\/posts"}],"about":[{"href":"https:\/\/lasentinelle.dz\/index.php\/wp-json\/wp\/v2\/types\/post"}],"author":[{"embeddable":true,"href":"https:\/\/lasentinelle.dz\/index.php\/wp-json\/wp\/v2\/users\/3"}],"replies":[{"embeddable":true,"href":"https:\/\/lasentinelle.dz\/index.php\/wp-json\/wp\/v2\/comments?post=26852"}],"version-history":[{"count":2,"href":"https:\/\/lasentinelle.dz\/index.php\/wp-json\/wp\/v2\/posts\/26852\/revisions"}],"predecessor-version":[{"id":26863,"href":"https:\/\/lasentinelle.dz\/index.php\/wp-json\/wp\/v2\/posts\/26852\/revisions\/26863"}],"wp:featuredmedia":[{"embeddable":true,"href":"https:\/\/lasentinelle.dz\/index.php\/wp-json\/wp\/v2\/media\/26864"}],"wp:attachment":[{"href":"https:\/\/lasentinelle.dz\/index.php\/wp-json\/wp\/v2\/media?parent=26852"}],"wp:term":[{"taxonomy":"category","embeddable":true,"href":"https:\/\/lasentinelle.dz\/index.php\/wp-json\/wp\/v2\/categories?post=26852"},{"taxonomy":"post_tag","embeddable":true,"href":"https:\/\/lasentinelle.dz\/index.php\/wp-json\/wp\/v2\/tags?post=26852"}],"curies":[{"name":"wp","href":"https:\/\/api.w.org\/{rel}","templated":true}]}}