{"id":26869,"date":"2022-09-05T00:05:00","date_gmt":"2022-09-04T23:05:00","guid":{"rendered":"https:\/\/lasentinelle.dz\/?p=26869"},"modified":"2022-09-04T20:46:49","modified_gmt":"2022-09-04T19:46:49","slug":"abdelhafid-henni-la-affirme-depuis-constantine-la-production-nationale-couvre-70-des-besoins-nationaux","status":"publish","type":"post","link":"https:\/\/lasentinelle.dz\/index.php\/2022\/09\/05\/abdelhafid-henni-la-affirme-depuis-constantine-la-production-nationale-couvre-70-des-besoins-nationaux\/","title":{"rendered":"Abdelhafid Henni l\u2019a affirm\u00e9 depuis Constantine\u00a0:\u00a0\u00abLa production\u00a0\u00a0nationale couvre\u00a0\u00a070% des besoins nationaux\u00bb"},"content":{"rendered":"\n<p>La production agricole nationale r\u00e9pond aux besoins nationaux. C\u2019est ce qu\u2019a affirm\u00e9 le ministre de l&rsquo;Agriculture et du D\u00e9veloppement rural, Mohamed Abdelhafid Henni, indiquant que \u00abl\u2019Alg\u00e9rie a pu r\u00e9pondre \u00e0 plus de 70% de ses besoins en mati\u00e8re de produits agricoles\u00bb. Pr\u00e9sidant un regroupement r\u00e9gional sur les pr\u00e9paratifs \u00e0 la campagne labours-semailles de la saison agricole 2022-2023 \u00e0 la maison de la culture Malek Haddad dans la wilaya de Constantine le ministre a d\u2019ailleurs, indiqu\u00e9 que \u00ables r\u00e9sultats r\u00e9alis\u00e9s dans le domaine agricole font \u00e9tat de la concr\u00e9tisation d\u2019un taux d\u2019autosuffisance atteignant les 100% dans certaines fili\u00e8res comme la production des fruits et l\u00e9gumes ainsi que les viandes rouges et blanches\u00bb. Selon le ministre, \u00abl\u2019actuelle saison agricole sera marqu\u00e9e selon la premi\u00e8re \u00e9valuation actuelle par la r\u00e9alisation de tr\u00e8s bons r\u00e9sultats, compte tenu des efforts d\u00e9ploy\u00e9s par les agriculteurs, \u00e9leveurs et acteurs dans domaine agricole \u00bb, rappelant que \u00ables derni\u00e8res ann\u00e9es ont \u00e9t\u00e9 marqu\u00e9es par la s\u00e9cheresse\u00bb. Affirmant que \u00abtoutes les pr\u00e9occupations soulev\u00e9es dans les wilayas ont \u00e9t\u00e9 prises en consid\u00e9ration\u00bb, le ministre a annonc\u00e9 \u00able prolongement de la p\u00e9riode de paiement du cr\u00e9dit Rfig en leur faveur pour une dur\u00e9e d\u2019une ann\u00e9e ou deux ans \u00bb, prenant compte tenu de la s\u00e9cheresse qui a marqu\u00e9 Constantine et d&rsquo;autres r\u00e9gions, et qui a affect\u00e9 plus de 930 agriculteurs de cette wilaya Les agriculteurs pourront \u00e9galement b\u00e9n\u00e9ficier de ce cr\u00e9dit au titre de l\u2019ann\u00e9e actuelle pour lancer la campagne labours-semailles avec les d\u00e9but de la saison agricole\u00bb, a-t-il ajout\u00e9. Dans ce cadre, le ministre de l\u2019Agriculture et du D\u00e9veloppement Rural a affirm\u00e9. Abordant l\u2019indemnisation des agriculteurs affect\u00e9s par le ph\u00e9nom\u00e8ne de la s\u00e9cheresse, le ministre a indiqu\u00e9 que \u00abl\u2019op\u00e9ration ob\u00e9it au cadre r\u00e9glementaire sp\u00e9cifique comprenant l\u2019intervention des autorit\u00e9s locales\u00bb. \u00abNi les agriculteurs ni les gestionnaires ne peuvent passer outre ces lois cadres \u00bb, a-t-il expliqu\u00e9, expliquant que \u00ables solutions n\u00e9cessaires seront trouv\u00e9es dans les meilleurs d\u00e9lais possibles pour cette cat\u00e9gorie d\u2019agriculteurs affect\u00e9s\u00bb. Par ailleurs, le ministre a tenu \u00e0 assurer que \u00ables prix des engrais du sol ne changeront pas et ce apr\u00e8s les consultations effectu\u00e9es \u00e0 ce sujet avec les entreprises sp\u00e9cialis\u00e9es en la mati\u00e8re relevant du minist\u00e8re de l\u2019Energie et des Mines\u00bb. Il a expliqu\u00e9 que \u00ableurs tarifs ont \u00e9t\u00e9 plafonn\u00e9s \u00e0 3.500 DA\/quintal \u00bb, pr\u00e9cisant que \u00ables engrais de profondeur dont 80% sont import\u00e9s de l\u2019\u00e9tranger, ont connu une importante augmentation\u00bb. Et de faire \u00e9tat d\u2019 \u00abun dossier \u00e9labor\u00e9 \u00e0 ce sujet en vue de le d\u00e9poser dans les meilleurs d\u00e9lais aupr\u00e8s du Gouvernement pour r\u00e9duire la valeur de ces engrais et contribuer \u00e0 l\u2019optimisation du rendement de la production agricole\u00bb. Selon le ministre, \u00ab il sera proc\u00e9d\u00e9 \u00e0 la culture du tournesol qui n\u00e9cessite l\u2019utilisation de la m\u00eame cat\u00e9gorie d\u2019engrais et&nbsp;&nbsp;itin\u00e9raire technique des c\u00e9r\u00e9ales dans certaines wilayas dont les exp\u00e9riences ont fait \u00e9tat d\u2019un bon rendement et aussi dans des wilayas du sud \u00bb, consid\u00e9rant que \u00abcette orientation consolidera l\u2019\u00e9conomie nationale et les exportations \u00e9galement\u00bb. Pour sa part, le secr\u00e9taire g\u00e9n\u00e9ral de l&rsquo;Union nationale des paysans alg\u00e9riens, Abdellatif Dilmi, a indiqu\u00e9 que \u00abla s\u00e9curit\u00e9 alimentaire nationale d\u00e9pend de la r\u00e9solution du probl\u00e8me li\u00e9 au foncier agricole. Il a soulign\u00e9 que \u00abla r\u00e9solution de cette question constitue la clef permettant de surmonter les difficult\u00e9s et une voie menant vers la concr\u00e9tisation de la s\u00e9curit\u00e9 alimentaire nationale, en plus de l\u2019am\u00e9lioration de la production agricole, et permettra \u00e9galement de la concr\u00e9tisation des plans agricoles, notamment ceux ayant trait au rendement, en particulier dans le cadre de la fili\u00e8re des c\u00e9r\u00e9ales\u00bb. Le Secr\u00e9taire de l&rsquo;Union des Paysans a indiqu\u00e9 qu&rsquo;en reconsid\u00e9rant la l\u00e9gislation qui r\u00e9git le secteur agricole, notamment la Loi 10-03, qui comprend le droit de concession, la probl\u00e9matique des contrats de concession, la protection juridique de l&rsquo;agriculteur, la loi de des contrats de r\u00e9habilitation et de propri\u00e9t\u00e9, augmenterait la rentabilit\u00e9 en suivant la voie technique et scientifique\u00bb, estimant que \u00able moment est venu de trouver une solution appropri\u00e9e pour le domaine agricole qui prot\u00e8ge les droits de l&rsquo;agriculteur et de l&rsquo;investisseur et pr\u00e9serve la terre agricole dans le cadre de la concession dans les Hauts Plateaux et dans le sud en plus de l&rsquo;extension des surface irrigu\u00e9s dans le cadre d\u2019une agriculture durable\u00bb.<\/p>\n\n\n\n<p><strong>Salim Abdenour<\/strong><\/p>\n","protected":false},"excerpt":{"rendered":"<p>La production agricole nationale r\u00e9pond aux besoins nationaux. C\u2019est ce qu\u2019a affirm\u00e9 le ministre de l&rsquo;Agriculture et du D\u00e9veloppement rural,<\/p>\n","protected":false},"author":3,"featured_media":26876,"comment_status":"open","ping_status":"closed","sticky":false,"template":"","format":"standard","meta":{"colormag_page_container_layout":"default_layout","colormag_page_sidebar_layout":"default_layout","om_disable_all_campaigns":false,"_monsterinsights_skip_tracking":false,"_monsterinsights_sitenote_active":false,"_monsterinsights_sitenote_note":"","_monsterinsights_sitenote_category":0,"footnotes":"","_wpscppro_dont_share_socialmedia":false,"_wpscppro_custom_social_share_image":0,"_facebook_share_type":"","_twitter_share_type":"","_linkedin_share_type":"","_pinterest_share_type":"","_linkedin_share_type_page":"","_instagram_share_type":"","_medium_share_type":"","_threads_share_type":"","_google_business_share_type":"","_selected_social_profile":[],"_wpsp_enable_custom_social_template":false,"_wpsp_social_scheduling":{"enabled":false,"datetime":null,"platforms":[],"status":"template_only","dateOption":"today","timeOption":"now","customDays":"","customHours":"","customDate":"","customTime":"","schedulingType":"absolute"},"_wpsp_active_default_template":true},"categories":[29],"tags":[],"class_list":["post-26869","post","type-post","status-publish","format-standard","has-post-thumbnail","hentry","category-economie"],"aioseo_notices":[],"yoast_head":"<!-- This site is optimized with the Yoast SEO plugin v27.5 - https:\/\/yoast.com\/product\/yoast-seo-wordpress\/ -->\n<title>Abdelhafid Henni l\u2019a affirm\u00e9 depuis Constantine\u00a0:\u00a0\u00abLa production\u00a0\u00a0nationale couvre\u00a0\u00a070% des besoins nationaux\u00bb - La Sentinelle<\/title>\n<meta name=\"robots\" content=\"index, follow, max-snippet:-1, max-image-preview:large, max-video-preview:-1\" \/>\n<link rel=\"canonical\" href=\"https:\/\/lasentinelle.dz\/index.php\/2022\/09\/05\/abdelhafid-henni-la-affirme-depuis-constantine-la-production-nationale-couvre-70-des-besoins-nationaux\/\" \/>\n<meta property=\"og:locale\" content=\"fr_FR\" \/>\n<meta property=\"og:type\" content=\"article\" \/>\n<meta property=\"og:title\" content=\"Abdelhafid Henni l\u2019a affirm\u00e9 depuis Constantine\u00a0:\u00a0\u00abLa production\u00a0\u00a0nationale couvre\u00a0\u00a070% des besoins nationaux\u00bb - La Sentinelle\" \/>\n<meta property=\"og:description\" content=\"La production agricole nationale r\u00e9pond aux besoins nationaux. C\u2019est ce qu\u2019a affirm\u00e9 le ministre de l&rsquo;Agriculture et du D\u00e9veloppement rural,\" \/>\n<meta property=\"og:url\" content=\"https:\/\/lasentinelle.dz\/index.php\/2022\/09\/05\/abdelhafid-henni-la-affirme-depuis-constantine-la-production-nationale-couvre-70-des-besoins-nationaux\/\" \/>\n<meta property=\"og:site_name\" content=\"La Sentinelle\" \/>\n<meta property=\"article:publisher\" content=\"https:\/\/www.facebook.com\/La-Sentinelle-104059864394773\" \/>\n<meta property=\"article:published_time\" content=\"2022-09-04T23:05:00+00:00\" \/>\n<meta property=\"og:image\" content=\"https:\/\/lasentinelle.dz\/wp-content\/uploads\/2022\/09\/310b2ca62ee3c5c3c2bebc0345e1e454.jpg\" \/>\n\t<meta property=\"og:image:width\" content=\"724\" \/>\n\t<meta property=\"og:image:height\" content=\"470\" \/>\n\t<meta property=\"og:image:type\" content=\"image\/jpeg\" \/>\n<meta name=\"author\" content=\"La Sentinelle\" \/>\n<meta name=\"twitter:card\" content=\"summary_large_image\" \/>\n<meta name=\"twitter:label1\" content=\"\u00c9crit par\" \/>\n\t<meta name=\"twitter:data1\" content=\"La Sentinelle\" \/>\n\t<meta name=\"twitter:label2\" content=\"Dur\u00e9e de lecture estim\u00e9e\" \/>\n\t<meta name=\"twitter:data2\" content=\"4 minutes\" \/>\n<script type=\"application\/ld+json\" class=\"yoast-schema-graph\">{\"@context\":\"https:\\\/\\\/schema.org\",\"@graph\":[{\"@type\":\"Article\",\"@id\":\"https:\\\/\\\/lasentinelle.dz\\\/index.php\\\/2022\\\/09\\\/05\\\/abdelhafid-henni-la-affirme-depuis-constantine-la-production-nationale-couvre-70-des-besoins-nationaux\\\/#article\",\"isPartOf\":{\"@id\":\"https:\\\/\\\/lasentinelle.dz\\\/index.php\\\/2022\\\/09\\\/05\\\/abdelhafid-henni-la-affirme-depuis-constantine-la-production-nationale-couvre-70-des-besoins-nationaux\\\/\"},\"author\":{\"name\":\"La Sentinelle\",\"@id\":\"https:\\\/\\\/lasentinelle.dz\\\/#\\\/schema\\\/person\\\/d865044e22e70a75174ce8bcad3acfb3\"},\"headline\":\"Abdelhafid Henni l\u2019a affirm\u00e9 depuis Constantine\u00a0:\u00a0\u00abLa production\u00a0\u00a0nationale couvre\u00a0\u00a070% des besoins nationaux\u00bb\",\"datePublished\":\"2022-09-04T23:05:00+00:00\",\"mainEntityOfPage\":{\"@id\":\"https:\\\/\\\/lasentinelle.dz\\\/index.php\\\/2022\\\/09\\\/05\\\/abdelhafid-henni-la-affirme-depuis-constantine-la-production-nationale-couvre-70-des-besoins-nationaux\\\/\"},\"wordCount\":831,\"commentCount\":0,\"publisher\":{\"@id\":\"https:\\\/\\\/lasentinelle.dz\\\/#organization\"},\"image\":{\"@id\":\"https:\\\/\\\/lasentinelle.dz\\\/index.php\\\/2022\\\/09\\\/05\\\/abdelhafid-henni-la-affirme-depuis-constantine-la-production-nationale-couvre-70-des-besoins-nationaux\\\/#primaryimage\"},\"thumbnailUrl\":\"https:\\\/\\\/lasentinelle.dz\\\/wp-content\\\/uploads\\\/2022\\\/09\\\/310b2ca62ee3c5c3c2bebc0345e1e454.jpg\",\"articleSection\":[\"\u00c9conomie\"],\"inLanguage\":\"fr-FR\",\"potentialAction\":[{\"@type\":\"CommentAction\",\"name\":\"Comment\",\"target\":[\"https:\\\/\\\/lasentinelle.dz\\\/index.php\\\/2022\\\/09\\\/05\\\/abdelhafid-henni-la-affirme-depuis-constantine-la-production-nationale-couvre-70-des-besoins-nationaux\\\/#respond\"]}]},{\"@type\":\"WebPage\",\"@id\":\"https:\\\/\\\/lasentinelle.dz\\\/index.php\\\/2022\\\/09\\\/05\\\/abdelhafid-henni-la-affirme-depuis-constantine-la-production-nationale-couvre-70-des-besoins-nationaux\\\/\",\"url\":\"https:\\\/\\\/lasentinelle.dz\\\/index.php\\\/2022\\\/09\\\/05\\\/abdelhafid-henni-la-affirme-depuis-constantine-la-production-nationale-couvre-70-des-besoins-nationaux\\\/\",\"name\":\"Abdelhafid Henni l\u2019a affirm\u00e9 depuis Constantine\u00a0:\u00a0\u00abLa production\u00a0\u00a0nationale couvre\u00a0\u00a070% des besoins nationaux\u00bb - La Sentinelle\",\"isPartOf\":{\"@id\":\"https:\\\/\\\/lasentinelle.dz\\\/#website\"},\"primaryImageOfPage\":{\"@id\":\"https:\\\/\\\/lasentinelle.dz\\\/index.php\\\/2022\\\/09\\\/05\\\/abdelhafid-henni-la-affirme-depuis-constantine-la-production-nationale-couvre-70-des-besoins-nationaux\\\/#primaryimage\"},\"image\":{\"@id\":\"https:\\\/\\\/lasentinelle.dz\\\/index.php\\\/2022\\\/09\\\/05\\\/abdelhafid-henni-la-affirme-depuis-constantine-la-production-nationale-couvre-70-des-besoins-nationaux\\\/#primaryimage\"},\"thumbnailUrl\":\"https:\\\/\\\/lasentinelle.dz\\\/wp-content\\\/uploads\\\/2022\\\/09\\\/310b2ca62ee3c5c3c2bebc0345e1e454.jpg\",\"datePublished\":\"2022-09-04T23:05:00+00:00\",\"breadcrumb\":{\"@id\":\"https:\\\/\\\/lasentinelle.dz\\\/index.php\\\/2022\\\/09\\\/05\\\/abdelhafid-henni-la-affirme-depuis-constantine-la-production-nationale-couvre-70-des-besoins-nationaux\\\/#breadcrumb\"},\"inLanguage\":\"fr-FR\",\"potentialAction\":[{\"@type\":\"ReadAction\",\"target\":[\"https:\\\/\\\/lasentinelle.dz\\\/index.php\\\/2022\\\/09\\\/05\\\/abdelhafid-henni-la-affirme-depuis-constantine-la-production-nationale-couvre-70-des-besoins-nationaux\\\/\"]}]},{\"@type\":\"ImageObject\",\"inLanguage\":\"fr-FR\",\"@id\":\"https:\\\/\\\/lasentinelle.dz\\\/index.php\\\/2022\\\/09\\\/05\\\/abdelhafid-henni-la-affirme-depuis-constantine-la-production-nationale-couvre-70-des-besoins-nationaux\\\/#primaryimage\",\"url\":\"https:\\\/\\\/lasentinelle.dz\\\/wp-content\\\/uploads\\\/2022\\\/09\\\/310b2ca62ee3c5c3c2bebc0345e1e454.jpg\",\"contentUrl\":\"https:\\\/\\\/lasentinelle.dz\\\/wp-content\\\/uploads\\\/2022\\\/09\\\/310b2ca62ee3c5c3c2bebc0345e1e454.jpg\",\"width\":724,\"height\":470},{\"@type\":\"BreadcrumbList\",\"@id\":\"https:\\\/\\\/lasentinelle.dz\\\/index.php\\\/2022\\\/09\\\/05\\\/abdelhafid-henni-la-affirme-depuis-constantine-la-production-nationale-couvre-70-des-besoins-nationaux\\\/#breadcrumb\",\"itemListElement\":[{\"@type\":\"ListItem\",\"position\":1,\"name\":\"Accueil\",\"item\":\"https:\\\/\\\/lasentinelle.dz\\\/\"},{\"@type\":\"ListItem\",\"position\":2,\"name\":\"Abdelhafid Henni l\u2019a affirm\u00e9 depuis Constantine\u00a0:\u00a0\u00abLa production\u00a0\u00a0nationale couvre\u00a0\u00a070% des besoins nationaux\u00bb\"}]},{\"@type\":\"WebSite\",\"@id\":\"https:\\\/\\\/lasentinelle.dz\\\/#website\",\"url\":\"https:\\\/\\\/lasentinelle.dz\\\/\",\"name\":\"La Sentinelle\",\"description\":\"Quotidien national d&#039;information\",\"publisher\":{\"@id\":\"https:\\\/\\\/lasentinelle.dz\\\/#organization\"},\"potentialAction\":[{\"@type\":\"SearchAction\",\"target\":{\"@type\":\"EntryPoint\",\"urlTemplate\":\"https:\\\/\\\/lasentinelle.dz\\\/?s={search_term_string}\"},\"query-input\":{\"@type\":\"PropertyValueSpecification\",\"valueRequired\":true,\"valueName\":\"search_term_string\"}}],\"inLanguage\":\"fr-FR\"},{\"@type\":\"Organization\",\"@id\":\"https:\\\/\\\/lasentinelle.dz\\\/#organization\",\"name\":\"Quotidien La Sentinelle\",\"url\":\"https:\\\/\\\/lasentinelle.dz\\\/\",\"logo\":{\"@type\":\"ImageObject\",\"inLanguage\":\"fr-FR\",\"@id\":\"https:\\\/\\\/lasentinelle.dz\\\/#\\\/schema\\\/logo\\\/image\\\/\",\"url\":\"https:\\\/\\\/lasentinelle.dz\\\/wp-content\\\/uploads\\\/2021\\\/09\\\/logo-sentinelleSLOGAN-1.png\",\"contentUrl\":\"https:\\\/\\\/lasentinelle.dz\\\/wp-content\\\/uploads\\\/2021\\\/09\\\/logo-sentinelleSLOGAN-1.png\",\"width\":615,\"height\":142,\"caption\":\"Quotidien La Sentinelle\"},\"image\":{\"@id\":\"https:\\\/\\\/lasentinelle.dz\\\/#\\\/schema\\\/logo\\\/image\\\/\"},\"sameAs\":[\"https:\\\/\\\/www.facebook.com\\\/La-Sentinelle-104059864394773\"]},{\"@type\":\"Person\",\"@id\":\"https:\\\/\\\/lasentinelle.dz\\\/#\\\/schema\\\/person\\\/d865044e22e70a75174ce8bcad3acfb3\",\"name\":\"La Sentinelle\",\"image\":{\"@type\":\"ImageObject\",\"inLanguage\":\"fr-FR\",\"@id\":\"https:\\\/\\\/secure.gravatar.com\\\/avatar\\\/57de8e5d4b15d43fb361a71fbb36338450fe67865b528a43dd10ef7c51a20392?s=96&d=mm&r=g\",\"url\":\"https:\\\/\\\/secure.gravatar.com\\\/avatar\\\/57de8e5d4b15d43fb361a71fbb36338450fe67865b528a43dd10ef7c51a20392?s=96&d=mm&r=g\",\"contentUrl\":\"https:\\\/\\\/secure.gravatar.com\\\/avatar\\\/57de8e5d4b15d43fb361a71fbb36338450fe67865b528a43dd10ef7c51a20392?s=96&d=mm&r=g\",\"caption\":\"La Sentinelle\"},\"sameAs\":[\"http:\\\/\\\/www.lasentinelle.dz\"],\"url\":\"https:\\\/\\\/lasentinelle.dz\\\/author\\\/redaction\\\/\"}]}<\/script>\n<!-- \/ Yoast SEO plugin. -->","yoast_head_json":{"title":"Abdelhafid Henni l\u2019a affirm\u00e9 depuis Constantine\u00a0:\u00a0\u00abLa production\u00a0\u00a0nationale couvre\u00a0\u00a070% des besoins nationaux\u00bb - La Sentinelle","robots":{"index":"index","follow":"follow","max-snippet":"max-snippet:-1","max-image-preview":"max-image-preview:large","max-video-preview":"max-video-preview:-1"},"canonical":"https:\/\/lasentinelle.dz\/index.php\/2022\/09\/05\/abdelhafid-henni-la-affirme-depuis-constantine-la-production-nationale-couvre-70-des-besoins-nationaux\/","og_locale":"fr_FR","og_type":"article","og_title":"Abdelhafid Henni l\u2019a affirm\u00e9 depuis Constantine\u00a0:\u00a0\u00abLa production\u00a0\u00a0nationale couvre\u00a0\u00a070% des besoins nationaux\u00bb - La Sentinelle","og_description":"La production agricole nationale r\u00e9pond aux besoins nationaux. C\u2019est ce qu\u2019a affirm\u00e9 le ministre de l&rsquo;Agriculture et du D\u00e9veloppement rural,","og_url":"https:\/\/lasentinelle.dz\/index.php\/2022\/09\/05\/abdelhafid-henni-la-affirme-depuis-constantine-la-production-nationale-couvre-70-des-besoins-nationaux\/","og_site_name":"La Sentinelle","article_publisher":"https:\/\/www.facebook.com\/La-Sentinelle-104059864394773","article_published_time":"2022-09-04T23:05:00+00:00","og_image":[{"width":724,"height":470,"url":"https:\/\/lasentinelle.dz\/wp-content\/uploads\/2022\/09\/310b2ca62ee3c5c3c2bebc0345e1e454.jpg","type":"image\/jpeg"}],"author":"La Sentinelle","twitter_card":"summary_large_image","twitter_misc":{"\u00c9crit par":"La Sentinelle","Dur\u00e9e de lecture estim\u00e9e":"4 minutes"},"schema":{"@context":"https:\/\/schema.org","@graph":[{"@type":"Article","@id":"https:\/\/lasentinelle.dz\/index.php\/2022\/09\/05\/abdelhafid-henni-la-affirme-depuis-constantine-la-production-nationale-couvre-70-des-besoins-nationaux\/#article","isPartOf":{"@id":"https:\/\/lasentinelle.dz\/index.php\/2022\/09\/05\/abdelhafid-henni-la-affirme-depuis-constantine-la-production-nationale-couvre-70-des-besoins-nationaux\/"},"author":{"name":"La Sentinelle","@id":"https:\/\/lasentinelle.dz\/#\/schema\/person\/d865044e22e70a75174ce8bcad3acfb3"},"headline":"Abdelhafid Henni l\u2019a affirm\u00e9 depuis Constantine\u00a0:\u00a0\u00abLa production\u00a0\u00a0nationale couvre\u00a0\u00a070% des besoins nationaux\u00bb","datePublished":"2022-09-04T23:05:00+00:00","mainEntityOfPage":{"@id":"https:\/\/lasentinelle.dz\/index.php\/2022\/09\/05\/abdelhafid-henni-la-affirme-depuis-constantine-la-production-nationale-couvre-70-des-besoins-nationaux\/"},"wordCount":831,"commentCount":0,"publisher":{"@id":"https:\/\/lasentinelle.dz\/#organization"},"image":{"@id":"https:\/\/lasentinelle.dz\/index.php\/2022\/09\/05\/abdelhafid-henni-la-affirme-depuis-constantine-la-production-nationale-couvre-70-des-besoins-nationaux\/#primaryimage"},"thumbnailUrl":"https:\/\/lasentinelle.dz\/wp-content\/uploads\/2022\/09\/310b2ca62ee3c5c3c2bebc0345e1e454.jpg","articleSection":["\u00c9conomie"],"inLanguage":"fr-FR","potentialAction":[{"@type":"CommentAction","name":"Comment","target":["https:\/\/lasentinelle.dz\/index.php\/2022\/09\/05\/abdelhafid-henni-la-affirme-depuis-constantine-la-production-nationale-couvre-70-des-besoins-nationaux\/#respond"]}]},{"@type":"WebPage","@id":"https:\/\/lasentinelle.dz\/index.php\/2022\/09\/05\/abdelhafid-henni-la-affirme-depuis-constantine-la-production-nationale-couvre-70-des-besoins-nationaux\/","url":"https:\/\/lasentinelle.dz\/index.php\/2022\/09\/05\/abdelhafid-henni-la-affirme-depuis-constantine-la-production-nationale-couvre-70-des-besoins-nationaux\/","name":"Abdelhafid Henni l\u2019a affirm\u00e9 depuis Constantine\u00a0:\u00a0\u00abLa production\u00a0\u00a0nationale couvre\u00a0\u00a070% des besoins nationaux\u00bb - La Sentinelle","isPartOf":{"@id":"https:\/\/lasentinelle.dz\/#website"},"primaryImageOfPage":{"@id":"https:\/\/lasentinelle.dz\/index.php\/2022\/09\/05\/abdelhafid-henni-la-affirme-depuis-constantine-la-production-nationale-couvre-70-des-besoins-nationaux\/#primaryimage"},"image":{"@id":"https:\/\/lasentinelle.dz\/index.php\/2022\/09\/05\/abdelhafid-henni-la-affirme-depuis-constantine-la-production-nationale-couvre-70-des-besoins-nationaux\/#primaryimage"},"thumbnailUrl":"https:\/\/lasentinelle.dz\/wp-content\/uploads\/2022\/09\/310b2ca62ee3c5c3c2bebc0345e1e454.jpg","datePublished":"2022-09-04T23:05:00+00:00","breadcrumb":{"@id":"https:\/\/lasentinelle.dz\/index.php\/2022\/09\/05\/abdelhafid-henni-la-affirme-depuis-constantine-la-production-nationale-couvre-70-des-besoins-nationaux\/#breadcrumb"},"inLanguage":"fr-FR","potentialAction":[{"@type":"ReadAction","target":["https:\/\/lasentinelle.dz\/index.php\/2022\/09\/05\/abdelhafid-henni-la-affirme-depuis-constantine-la-production-nationale-couvre-70-des-besoins-nationaux\/"]}]},{"@type":"ImageObject","inLanguage":"fr-FR","@id":"https:\/\/lasentinelle.dz\/index.php\/2022\/09\/05\/abdelhafid-henni-la-affirme-depuis-constantine-la-production-nationale-couvre-70-des-besoins-nationaux\/#primaryimage","url":"https:\/\/lasentinelle.dz\/wp-content\/uploads\/2022\/09\/310b2ca62ee3c5c3c2bebc0345e1e454.jpg","contentUrl":"https:\/\/lasentinelle.dz\/wp-content\/uploads\/2022\/09\/310b2ca62ee3c5c3c2bebc0345e1e454.jpg","width":724,"height":470},{"@type":"BreadcrumbList","@id":"https:\/\/lasentinelle.dz\/index.php\/2022\/09\/05\/abdelhafid-henni-la-affirme-depuis-constantine-la-production-nationale-couvre-70-des-besoins-nationaux\/#breadcrumb","itemListElement":[{"@type":"ListItem","position":1,"name":"Accueil","item":"https:\/\/lasentinelle.dz\/"},{"@type":"ListItem","position":2,"name":"Abdelhafid Henni l\u2019a affirm\u00e9 depuis Constantine\u00a0:\u00a0\u00abLa production\u00a0\u00a0nationale couvre\u00a0\u00a070% des besoins nationaux\u00bb"}]},{"@type":"WebSite","@id":"https:\/\/lasentinelle.dz\/#website","url":"https:\/\/lasentinelle.dz\/","name":"La Sentinelle","description":"Quotidien national d&#039;information","publisher":{"@id":"https:\/\/lasentinelle.dz\/#organization"},"potentialAction":[{"@type":"SearchAction","target":{"@type":"EntryPoint","urlTemplate":"https:\/\/lasentinelle.dz\/?s={search_term_string}"},"query-input":{"@type":"PropertyValueSpecification","valueRequired":true,"valueName":"search_term_string"}}],"inLanguage":"fr-FR"},{"@type":"Organization","@id":"https:\/\/lasentinelle.dz\/#organization","name":"Quotidien La Sentinelle","url":"https:\/\/lasentinelle.dz\/","logo":{"@type":"ImageObject","inLanguage":"fr-FR","@id":"https:\/\/lasentinelle.dz\/#\/schema\/logo\/image\/","url":"https:\/\/lasentinelle.dz\/wp-content\/uploads\/2021\/09\/logo-sentinelleSLOGAN-1.png","contentUrl":"https:\/\/lasentinelle.dz\/wp-content\/uploads\/2021\/09\/logo-sentinelleSLOGAN-1.png","width":615,"height":142,"caption":"Quotidien La Sentinelle"},"image":{"@id":"https:\/\/lasentinelle.dz\/#\/schema\/logo\/image\/"},"sameAs":["https:\/\/www.facebook.com\/La-Sentinelle-104059864394773"]},{"@type":"Person","@id":"https:\/\/lasentinelle.dz\/#\/schema\/person\/d865044e22e70a75174ce8bcad3acfb3","name":"La Sentinelle","image":{"@type":"ImageObject","inLanguage":"fr-FR","@id":"https:\/\/secure.gravatar.com\/avatar\/57de8e5d4b15d43fb361a71fbb36338450fe67865b528a43dd10ef7c51a20392?s=96&d=mm&r=g","url":"https:\/\/secure.gravatar.com\/avatar\/57de8e5d4b15d43fb361a71fbb36338450fe67865b528a43dd10ef7c51a20392?s=96&d=mm&r=g","contentUrl":"https:\/\/secure.gravatar.com\/avatar\/57de8e5d4b15d43fb361a71fbb36338450fe67865b528a43dd10ef7c51a20392?s=96&d=mm&r=g","caption":"La Sentinelle"},"sameAs":["http:\/\/www.lasentinelle.dz"],"url":"https:\/\/lasentinelle.dz\/author\/redaction\/"}]}},"_links":{"self":[{"href":"https:\/\/lasentinelle.dz\/index.php\/wp-json\/wp\/v2\/posts\/26869","targetHints":{"allow":["GET"]}}],"collection":[{"href":"https:\/\/lasentinelle.dz\/index.php\/wp-json\/wp\/v2\/posts"}],"about":[{"href":"https:\/\/lasentinelle.dz\/index.php\/wp-json\/wp\/v2\/types\/post"}],"author":[{"embeddable":true,"href":"https:\/\/lasentinelle.dz\/index.php\/wp-json\/wp\/v2\/users\/3"}],"replies":[{"embeddable":true,"href":"https:\/\/lasentinelle.dz\/index.php\/wp-json\/wp\/v2\/comments?post=26869"}],"version-history":[{"count":1,"href":"https:\/\/lasentinelle.dz\/index.php\/wp-json\/wp\/v2\/posts\/26869\/revisions"}],"predecessor-version":[{"id":26877,"href":"https:\/\/lasentinelle.dz\/index.php\/wp-json\/wp\/v2\/posts\/26869\/revisions\/26877"}],"wp:featuredmedia":[{"embeddable":true,"href":"https:\/\/lasentinelle.dz\/index.php\/wp-json\/wp\/v2\/media\/26876"}],"wp:attachment":[{"href":"https:\/\/lasentinelle.dz\/index.php\/wp-json\/wp\/v2\/media?parent=26869"}],"wp:term":[{"taxonomy":"category","embeddable":true,"href":"https:\/\/lasentinelle.dz\/index.php\/wp-json\/wp\/v2\/categories?post=26869"},{"taxonomy":"post_tag","embeddable":true,"href":"https:\/\/lasentinelle.dz\/index.php\/wp-json\/wp\/v2\/tags?post=26869"}],"curies":[{"name":"wp","href":"https:\/\/api.w.org\/{rel}","templated":true}]}}