{"id":26913,"date":"2022-09-06T00:17:00","date_gmt":"2022-09-05T23:17:00","guid":{"rendered":"https:\/\/lasentinelle.dz\/?p=26913"},"modified":"2022-09-06T10:13:45","modified_gmt":"2022-09-06T09:13:45","slug":"le-president-du-conseil-europeen-a-alger-gaz-algerien-priorite-europeenne","status":"publish","type":"post","link":"https:\/\/lasentinelle.dz\/index.php\/2022\/09\/06\/le-president-du-conseil-europeen-a-alger-gaz-algerien-priorite-europeenne\/","title":{"rendered":"Le\u00a0pr\u00e9sident du Conseil europ\u00e9en\u00a0\u00e0 Alger: Gaz alg\u00e9rien, priorit\u00e9 europ\u00e9enne"},"content":{"rendered":"\n<p>Face au spectre d\u2019une crise \u00e9nerg\u00e9tique majeure, l\u2019Union europ\u00e9enne se trouve face \u00e0 l\u2019urgence de trouver des alternatives au gaz russe. Bruxelles tourne le regard vers l\u2019Alg\u00e9rie, fournisseur de gaz fiable et qui peut pr\u00e9senter les solutions les plus viables et veut relancer la coop\u00e9ration \u00e9nerg\u00e9tique. Or, cela est conditionn\u00e9 par un pr\u00e9alable, celui de \u00ab&nbsp;r\u00e9parer&nbsp;\u00bb les relations entre l\u2019Alg\u00e9rie et l\u2019Union europ\u00e9enne et de la relancer sur des bases assises sur l\u2019int\u00e9r\u00eat mutuel.&nbsp;<\/p>\n\n\n\n<p>C\u2019est un fait, le pr\u00e9sident du Conseil europ\u00e9en, Charles Michel, s\u2019est d\u00e9plac\u00e9 hier \u00e0 Alger, une capitale o\u00f9 il compte de nombreux amis, avec l\u2019intention marqu\u00e9e de demander le soutien des autorit\u00e9s alg\u00e9riennes pour permettre aux pays membres de l\u2019Union europ\u00e9enne de traverser avec le moins de dommages possibles la crise \u00e9nerg\u00e9tique qui frappe de plein fouet le vieux continent. Depuis le d\u00e9but de la guerre en Ukraine, les prix de l\u2019\u00e9nergie ont explos\u00e9. Les contre-mesures prises par Moscou pour contrer les sanctions occidentales et qui se sont traduites par des r\u00e9ductions et de multiples suspensions des&nbsp;fournitures&nbsp;de gaz&nbsp;russe aux&nbsp;Europ\u00e9ens, ont mis le march\u00e9 sous tension. Cette situation commence d\u2019ailleurs \u00e0 fragiliser les \u00e9conomies de pays&nbsp;de l\u2019Union europ\u00e9enne, notamment la premi\u00e8re \u00e9conomie europ\u00e9enne,&nbsp;l\u2019Allemagne. Comme beaucoup, les Allemands craignent carr\u00e9ment que leurs r\u00e9serves d\u2019\u00e9nergie ne leur permettent pas de tenir tout l\u2019hiver. Une perspective d\u00e9sastreuse&nbsp;pour la locomotive \u00e9conomique de l\u2019Union et donc pour Bruxelles.<\/p>\n\n\n\n<p>C\u2019est donc pour parer au plus urgent que Charles Michel est venu \u00e0 Alger. Et pour lui autant que pour l\u2019ensemble des Europ\u00e9ens, l&rsquo;urgence consiste \u00e0&nbsp;&nbsp;trouver plus de gaz.&nbsp;Et le gaz alg\u00e9rien est l\u2019alternative, la plus fiable, la plus viable et la moins ch\u00e8re&nbsp;!&nbsp;Il l\u2019a d\u2019ailleurs clairement reconnu dans une d\u00e9claration \u00e0 la presse&nbsp;&nbsp;\u00e0 l\u2019issue de son entretien avec le pr\u00e9sident Abdelmadjid Tebboune. \u00abNous avons consid\u00e9r\u00e9 que dans les circonstances internationales que l&rsquo;on conna\u00eet, la coop\u00e9ration \u00e9nerg\u00e9tique est \u00e9videmment essentielle, et nous voyons dans l&rsquo;Alg\u00e9rie un partenaire fiable, loyal et engag\u00e9\u00bb, a soutenu le pr\u00e9sident&nbsp;&nbsp;du Conseil europ\u00e9en.<\/p>\n\n\n\n<p>Le responsable europ\u00e9en a-t-il obtenu ce qu\u2019il \u00e9tait venu rechercher ?&nbsp;Il est clair que cela se fera avec un pr\u00e9alable, celui de refonder les relations Alg\u00e9rie-UE. Le responsable europ\u00e9en&nbsp;a dit avoir eu un entretien \u00ab extr\u00eamement&nbsp;&nbsp;&nbsp;fructueux, tourn\u00e9 vers l&rsquo;avenir \u00bb avec le Pr\u00e9sident Tebboune, relevant que les deux parties \u00ab partagent une ambition commune de donner un nouvel \u00e9lan \u00e0 la qualit\u00e9 des relations entre l&rsquo;Alg\u00e9rie et l&rsquo;UE \u00bb.&nbsp;Il est clair que les Europ\u00e9ens voient, aujourd\u2019hui, un partenaire strat\u00e9gique et cr\u00e9dible qui n\u2019a d\u2019ailleurs jamais failli \u00e0 ses obligations. L\u2019Alg\u00e9rie&nbsp;s\u2019est&nbsp;&nbsp;d\u00e9j\u00e0 engag\u00e9e \u00e0 aider l\u2019Italie et&nbsp;des discussions sont engag\u00e9es avec la&nbsp;France&nbsp;pour \u00e9tudier les possibilit\u00e9s d\u2019une hausse des approvisionnements. Malgr\u00e9 la crise avec Madrid, l\u2019Alg\u00e9rie continue \u00e0 alimenter normalement&nbsp;&nbsp;en gaz. Sur ce point, Charles Michel n\u2019a pas tort de dire que l\u2019Alg\u00e9rie est un partenaire fiable. M\u00eame du temps de la d\u00e9cennie noire, le pays n\u2019a jamais failli \u00e0 ses obligations. La fourniture de p\u00e9trole et de gaz ne s\u2019est jamais arr\u00eat\u00e9e. Sonatrach est uniquement limit\u00e9e par ses capacit\u00e9s de production.<\/p>\n\n\n\n<p>Pour convaincre le pr\u00e9sident Abdelmadjid Tebboune de voler au secours des Europ\u00e9ens pour \u00e9viter qu\u2019ils ne passent l\u2019hiver au froid, le pr\u00e9sident du Conseil europ\u00e9en n\u2019est pas venu les mains vides. Au fond, il savait bien que l\u2019on n\u2019a rien sans rien. Aussi, a-t-il de lui-m\u00eame propos\u00e9 une r\u00e9vision de l\u2019accord d\u2019association qui lie l\u2019Alg\u00e9rie \u00e0 l\u2019Union europ\u00e9enne. Il sait pertinemment qu\u2019Alger veut amender cet accord depuis longtemps en raison de son caract\u00e8re fonci\u00e8rement d\u00e9s\u00e9quilibr\u00e9. Le souhait des Alg\u00e9riens de rouvrir&nbsp;&nbsp;ce dossier s\u2019est plusieurs fois heurt\u00e9 au refus de Bruxelles. Mais les choses ont chang\u00e9. La place de l\u2019Alg\u00e9rie dans l\u2019espace euro-m\u00e9diterran\u00e9en s\u2019est renforc\u00e9e depuis le d\u00e9clenchement de la guerre en Ukraine.&nbsp;&nbsp;<\/p>\n\n\n\n<p>M. Michel a ainsi soulign\u00e9 \u00ab la n\u00e9cessit\u00e9 de r\u00e9viser l&rsquo;Accord d&rsquo;association entre l&rsquo;Alg\u00e9rie et l&rsquo;Union europ\u00e9enne (UE) en identifiant les&nbsp;&nbsp;&nbsp;priorit\u00e9s conjointes, dans l&rsquo;int\u00e9r\u00eat mutuel des deux parties\u00bb. \u00abNous avons consid\u00e9r\u00e9 que l&rsquo;Accord d&rsquo;association est un cadre devant donner lieu \u00e0 des am\u00e9liorations avec la volont\u00e9, de part et d&rsquo;autre, d&rsquo;identifier les priorit\u00e9s conjointes dans l&rsquo;int\u00e9r\u00eat mutuel \u00bb, a-t-il ajout\u00e9. Le march\u00e9 propos\u00e9 par le responsable europ\u00e9en peut \u00e9ventuellement permettre aux deux parties de gagner au change.<\/p>\n\n\n\n<p>Comme la survie de l\u2019Union europ\u00e9enne est en jeu, Bruxelles para\u00eet dispos\u00e9e aussi \u00e0 faire d\u2019autres concessions. A ce propos, M. Michel s&rsquo;est dit \u00ab extr\u00eamement optimiste \u00bb de d\u00e9velopper \u00ab plus fortement et de mani\u00e8re plus d\u00e9termin\u00e9e, un partenariat qui d\u00e9bouche sur des r\u00e9sultats concrets et tangibles pour les citoyens \u00bb de l&rsquo;Alg\u00e9rie et de&nbsp;&nbsp;l&rsquo;Union europ\u00e9enne. Cela non sans souligner que l&rsquo;Alg\u00e9rie et l&rsquo;UE ont \u00ab une ambition commune pour la stabilit\u00e9, la s\u00e9curit\u00e9 et la prosp\u00e9rit\u00e9\u00bb. Il appara\u00eet clairement que la donne g\u00e9opolitique induite par la guerre en Ukraine a provoqu\u00e9 une redistribution des cartes au plan r\u00e9gional qui profite incontestablement \u00e0 l\u2019Alg\u00e9rie. Aux Alg\u00e9riens donc de tirer le maximum de ce nouveau contexte.&nbsp;&nbsp;<\/p>\n\n\n\n<p><strong>Khider Larbi<\/strong><\/p>\n","protected":false},"excerpt":{"rendered":"<p>Face au spectre d\u2019une crise \u00e9nerg\u00e9tique majeure, l\u2019Union europ\u00e9enne se trouve face \u00e0 l\u2019urgence de trouver des alternatives au gaz<\/p>\n","protected":false},"author":3,"featured_media":26946,"comment_status":"open","ping_status":"closed","sticky":false,"template":"","format":"standard","meta":{"colormag_page_container_layout":"default_layout","colormag_page_sidebar_layout":"default_layout","om_disable_all_campaigns":false,"_monsterinsights_skip_tracking":false,"_monsterinsights_sitenote_active":false,"_monsterinsights_sitenote_note":"","_monsterinsights_sitenote_category":0,"footnotes":"","_wpscppro_dont_share_socialmedia":false,"_wpscppro_custom_social_share_image":0,"_facebook_share_type":"","_twitter_share_type":"","_linkedin_share_type":"","_pinterest_share_type":"","_linkedin_share_type_page":"","_instagram_share_type":"","_medium_share_type":"","_threads_share_type":"","_google_business_share_type":"","_selected_social_profile":[],"_wpsp_enable_custom_social_template":false,"_wpsp_social_scheduling":{"enabled":false,"datetime":null,"platforms":[],"status":"template_only","dateOption":"today","timeOption":"now","customDays":"","customHours":"","customDate":"","customTime":"","schedulingType":"absolute"},"_wpsp_active_default_template":true},"categories":[52,29],"tags":[],"class_list":["post-26913","post","type-post","status-publish","format-standard","has-post-thumbnail","hentry","category-a-la-une","category-economie"],"aioseo_notices":[],"yoast_head":"<!-- This site is optimized with the Yoast SEO plugin v27.5 - https:\/\/yoast.com\/product\/yoast-seo-wordpress\/ -->\n<title>Le\u00a0pr\u00e9sident du Conseil europ\u00e9en\u00a0\u00e0 Alger: Gaz alg\u00e9rien, priorit\u00e9 europ\u00e9enne - La Sentinelle<\/title>\n<meta name=\"robots\" content=\"index, follow, max-snippet:-1, max-image-preview:large, max-video-preview:-1\" \/>\n<link rel=\"canonical\" href=\"https:\/\/lasentinelle.dz\/index.php\/2022\/09\/06\/le-president-du-conseil-europeen-a-alger-gaz-algerien-priorite-europeenne\/\" \/>\n<meta property=\"og:locale\" content=\"fr_FR\" \/>\n<meta property=\"og:type\" content=\"article\" \/>\n<meta property=\"og:title\" content=\"Le\u00a0pr\u00e9sident du Conseil europ\u00e9en\u00a0\u00e0 Alger: Gaz alg\u00e9rien, priorit\u00e9 europ\u00e9enne - La Sentinelle\" \/>\n<meta property=\"og:description\" content=\"Face au spectre d\u2019une crise \u00e9nerg\u00e9tique majeure, l\u2019Union europ\u00e9enne se trouve face \u00e0 l\u2019urgence de trouver des alternatives au gaz\" \/>\n<meta property=\"og:url\" content=\"https:\/\/lasentinelle.dz\/index.php\/2022\/09\/06\/le-president-du-conseil-europeen-a-alger-gaz-algerien-priorite-europeenne\/\" \/>\n<meta property=\"og:site_name\" content=\"La Sentinelle\" \/>\n<meta property=\"article:publisher\" content=\"https:\/\/www.facebook.com\/La-Sentinelle-104059864394773\" \/>\n<meta property=\"article:published_time\" content=\"2022-09-05T23:17:00+00:00\" \/>\n<meta property=\"article:modified_time\" content=\"2022-09-06T09:13:45+00:00\" \/>\n<meta property=\"og:image\" content=\"https:\/\/lasentinelle.dz\/wp-content\/uploads\/2022\/09\/gaz.png\" \/>\n\t<meta property=\"og:image:width\" content=\"1600\" \/>\n\t<meta property=\"og:image:height\" content=\"900\" \/>\n\t<meta property=\"og:image:type\" content=\"image\/png\" \/>\n<meta name=\"author\" content=\"La Sentinelle\" \/>\n<meta name=\"twitter:card\" content=\"summary_large_image\" \/>\n<meta name=\"twitter:label1\" content=\"\u00c9crit par\" \/>\n\t<meta name=\"twitter:data1\" content=\"La Sentinelle\" \/>\n\t<meta name=\"twitter:label2\" content=\"Dur\u00e9e de lecture estim\u00e9e\" \/>\n\t<meta name=\"twitter:data2\" content=\"5 minutes\" \/>\n<script type=\"application\/ld+json\" class=\"yoast-schema-graph\">{\"@context\":\"https:\\\/\\\/schema.org\",\"@graph\":[{\"@type\":\"Article\",\"@id\":\"https:\\\/\\\/lasentinelle.dz\\\/index.php\\\/2022\\\/09\\\/06\\\/le-president-du-conseil-europeen-a-alger-gaz-algerien-priorite-europeenne\\\/#article\",\"isPartOf\":{\"@id\":\"https:\\\/\\\/lasentinelle.dz\\\/index.php\\\/2022\\\/09\\\/06\\\/le-president-du-conseil-europeen-a-alger-gaz-algerien-priorite-europeenne\\\/\"},\"author\":{\"name\":\"La Sentinelle\",\"@id\":\"https:\\\/\\\/lasentinelle.dz\\\/#\\\/schema\\\/person\\\/d865044e22e70a75174ce8bcad3acfb3\"},\"headline\":\"Le\u00a0pr\u00e9sident du Conseil europ\u00e9en\u00a0\u00e0 Alger: Gaz alg\u00e9rien, priorit\u00e9 europ\u00e9enne\",\"datePublished\":\"2022-09-05T23:17:00+00:00\",\"dateModified\":\"2022-09-06T09:13:45+00:00\",\"mainEntityOfPage\":{\"@id\":\"https:\\\/\\\/lasentinelle.dz\\\/index.php\\\/2022\\\/09\\\/06\\\/le-president-du-conseil-europeen-a-alger-gaz-algerien-priorite-europeenne\\\/\"},\"wordCount\":1045,\"commentCount\":0,\"publisher\":{\"@id\":\"https:\\\/\\\/lasentinelle.dz\\\/#organization\"},\"image\":{\"@id\":\"https:\\\/\\\/lasentinelle.dz\\\/index.php\\\/2022\\\/09\\\/06\\\/le-president-du-conseil-europeen-a-alger-gaz-algerien-priorite-europeenne\\\/#primaryimage\"},\"thumbnailUrl\":\"https:\\\/\\\/lasentinelle.dz\\\/wp-content\\\/uploads\\\/2022\\\/09\\\/gaz.png\",\"articleSection\":[\"\u00c0 la Une\",\"\u00c9conomie\"],\"inLanguage\":\"fr-FR\",\"potentialAction\":[{\"@type\":\"CommentAction\",\"name\":\"Comment\",\"target\":[\"https:\\\/\\\/lasentinelle.dz\\\/index.php\\\/2022\\\/09\\\/06\\\/le-president-du-conseil-europeen-a-alger-gaz-algerien-priorite-europeenne\\\/#respond\"]}]},{\"@type\":\"WebPage\",\"@id\":\"https:\\\/\\\/lasentinelle.dz\\\/index.php\\\/2022\\\/09\\\/06\\\/le-president-du-conseil-europeen-a-alger-gaz-algerien-priorite-europeenne\\\/\",\"url\":\"https:\\\/\\\/lasentinelle.dz\\\/index.php\\\/2022\\\/09\\\/06\\\/le-president-du-conseil-europeen-a-alger-gaz-algerien-priorite-europeenne\\\/\",\"name\":\"Le\u00a0pr\u00e9sident du Conseil europ\u00e9en\u00a0\u00e0 Alger: Gaz alg\u00e9rien, priorit\u00e9 europ\u00e9enne - La Sentinelle\",\"isPartOf\":{\"@id\":\"https:\\\/\\\/lasentinelle.dz\\\/#website\"},\"primaryImageOfPage\":{\"@id\":\"https:\\\/\\\/lasentinelle.dz\\\/index.php\\\/2022\\\/09\\\/06\\\/le-president-du-conseil-europeen-a-alger-gaz-algerien-priorite-europeenne\\\/#primaryimage\"},\"image\":{\"@id\":\"https:\\\/\\\/lasentinelle.dz\\\/index.php\\\/2022\\\/09\\\/06\\\/le-president-du-conseil-europeen-a-alger-gaz-algerien-priorite-europeenne\\\/#primaryimage\"},\"thumbnailUrl\":\"https:\\\/\\\/lasentinelle.dz\\\/wp-content\\\/uploads\\\/2022\\\/09\\\/gaz.png\",\"datePublished\":\"2022-09-05T23:17:00+00:00\",\"dateModified\":\"2022-09-06T09:13:45+00:00\",\"breadcrumb\":{\"@id\":\"https:\\\/\\\/lasentinelle.dz\\\/index.php\\\/2022\\\/09\\\/06\\\/le-president-du-conseil-europeen-a-alger-gaz-algerien-priorite-europeenne\\\/#breadcrumb\"},\"inLanguage\":\"fr-FR\",\"potentialAction\":[{\"@type\":\"ReadAction\",\"target\":[\"https:\\\/\\\/lasentinelle.dz\\\/index.php\\\/2022\\\/09\\\/06\\\/le-president-du-conseil-europeen-a-alger-gaz-algerien-priorite-europeenne\\\/\"]}]},{\"@type\":\"ImageObject\",\"inLanguage\":\"fr-FR\",\"@id\":\"https:\\\/\\\/lasentinelle.dz\\\/index.php\\\/2022\\\/09\\\/06\\\/le-president-du-conseil-europeen-a-alger-gaz-algerien-priorite-europeenne\\\/#primaryimage\",\"url\":\"https:\\\/\\\/lasentinelle.dz\\\/wp-content\\\/uploads\\\/2022\\\/09\\\/gaz.png\",\"contentUrl\":\"https:\\\/\\\/lasentinelle.dz\\\/wp-content\\\/uploads\\\/2022\\\/09\\\/gaz.png\",\"width\":1600,\"height\":900},{\"@type\":\"BreadcrumbList\",\"@id\":\"https:\\\/\\\/lasentinelle.dz\\\/index.php\\\/2022\\\/09\\\/06\\\/le-president-du-conseil-europeen-a-alger-gaz-algerien-priorite-europeenne\\\/#breadcrumb\",\"itemListElement\":[{\"@type\":\"ListItem\",\"position\":1,\"name\":\"Accueil\",\"item\":\"https:\\\/\\\/lasentinelle.dz\\\/\"},{\"@type\":\"ListItem\",\"position\":2,\"name\":\"Le\u00a0pr\u00e9sident du Conseil europ\u00e9en\u00a0\u00e0 Alger: Gaz alg\u00e9rien, priorit\u00e9 europ\u00e9enne\"}]},{\"@type\":\"WebSite\",\"@id\":\"https:\\\/\\\/lasentinelle.dz\\\/#website\",\"url\":\"https:\\\/\\\/lasentinelle.dz\\\/\",\"name\":\"La Sentinelle\",\"description\":\"Quotidien national d&#039;information\",\"publisher\":{\"@id\":\"https:\\\/\\\/lasentinelle.dz\\\/#organization\"},\"potentialAction\":[{\"@type\":\"SearchAction\",\"target\":{\"@type\":\"EntryPoint\",\"urlTemplate\":\"https:\\\/\\\/lasentinelle.dz\\\/?s={search_term_string}\"},\"query-input\":{\"@type\":\"PropertyValueSpecification\",\"valueRequired\":true,\"valueName\":\"search_term_string\"}}],\"inLanguage\":\"fr-FR\"},{\"@type\":\"Organization\",\"@id\":\"https:\\\/\\\/lasentinelle.dz\\\/#organization\",\"name\":\"Quotidien La Sentinelle\",\"url\":\"https:\\\/\\\/lasentinelle.dz\\\/\",\"logo\":{\"@type\":\"ImageObject\",\"inLanguage\":\"fr-FR\",\"@id\":\"https:\\\/\\\/lasentinelle.dz\\\/#\\\/schema\\\/logo\\\/image\\\/\",\"url\":\"https:\\\/\\\/lasentinelle.dz\\\/wp-content\\\/uploads\\\/2021\\\/09\\\/logo-sentinelleSLOGAN-1.png\",\"contentUrl\":\"https:\\\/\\\/lasentinelle.dz\\\/wp-content\\\/uploads\\\/2021\\\/09\\\/logo-sentinelleSLOGAN-1.png\",\"width\":615,\"height\":142,\"caption\":\"Quotidien La Sentinelle\"},\"image\":{\"@id\":\"https:\\\/\\\/lasentinelle.dz\\\/#\\\/schema\\\/logo\\\/image\\\/\"},\"sameAs\":[\"https:\\\/\\\/www.facebook.com\\\/La-Sentinelle-104059864394773\"]},{\"@type\":\"Person\",\"@id\":\"https:\\\/\\\/lasentinelle.dz\\\/#\\\/schema\\\/person\\\/d865044e22e70a75174ce8bcad3acfb3\",\"name\":\"La Sentinelle\",\"image\":{\"@type\":\"ImageObject\",\"inLanguage\":\"fr-FR\",\"@id\":\"https:\\\/\\\/secure.gravatar.com\\\/avatar\\\/57de8e5d4b15d43fb361a71fbb36338450fe67865b528a43dd10ef7c51a20392?s=96&d=mm&r=g\",\"url\":\"https:\\\/\\\/secure.gravatar.com\\\/avatar\\\/57de8e5d4b15d43fb361a71fbb36338450fe67865b528a43dd10ef7c51a20392?s=96&d=mm&r=g\",\"contentUrl\":\"https:\\\/\\\/secure.gravatar.com\\\/avatar\\\/57de8e5d4b15d43fb361a71fbb36338450fe67865b528a43dd10ef7c51a20392?s=96&d=mm&r=g\",\"caption\":\"La Sentinelle\"},\"sameAs\":[\"http:\\\/\\\/www.lasentinelle.dz\"],\"url\":\"https:\\\/\\\/lasentinelle.dz\\\/author\\\/redaction\\\/\"}]}<\/script>\n<!-- \/ Yoast SEO plugin. -->","yoast_head_json":{"title":"Le\u00a0pr\u00e9sident du Conseil europ\u00e9en\u00a0\u00e0 Alger: Gaz alg\u00e9rien, priorit\u00e9 europ\u00e9enne - La Sentinelle","robots":{"index":"index","follow":"follow","max-snippet":"max-snippet:-1","max-image-preview":"max-image-preview:large","max-video-preview":"max-video-preview:-1"},"canonical":"https:\/\/lasentinelle.dz\/index.php\/2022\/09\/06\/le-president-du-conseil-europeen-a-alger-gaz-algerien-priorite-europeenne\/","og_locale":"fr_FR","og_type":"article","og_title":"Le\u00a0pr\u00e9sident du Conseil europ\u00e9en\u00a0\u00e0 Alger: Gaz alg\u00e9rien, priorit\u00e9 europ\u00e9enne - La Sentinelle","og_description":"Face au spectre d\u2019une crise \u00e9nerg\u00e9tique majeure, l\u2019Union europ\u00e9enne se trouve face \u00e0 l\u2019urgence de trouver des alternatives au gaz","og_url":"https:\/\/lasentinelle.dz\/index.php\/2022\/09\/06\/le-president-du-conseil-europeen-a-alger-gaz-algerien-priorite-europeenne\/","og_site_name":"La Sentinelle","article_publisher":"https:\/\/www.facebook.com\/La-Sentinelle-104059864394773","article_published_time":"2022-09-05T23:17:00+00:00","article_modified_time":"2022-09-06T09:13:45+00:00","og_image":[{"width":1600,"height":900,"url":"https:\/\/lasentinelle.dz\/wp-content\/uploads\/2022\/09\/gaz.png","type":"image\/png"}],"author":"La Sentinelle","twitter_card":"summary_large_image","twitter_misc":{"\u00c9crit par":"La Sentinelle","Dur\u00e9e de lecture estim\u00e9e":"5 minutes"},"schema":{"@context":"https:\/\/schema.org","@graph":[{"@type":"Article","@id":"https:\/\/lasentinelle.dz\/index.php\/2022\/09\/06\/le-president-du-conseil-europeen-a-alger-gaz-algerien-priorite-europeenne\/#article","isPartOf":{"@id":"https:\/\/lasentinelle.dz\/index.php\/2022\/09\/06\/le-president-du-conseil-europeen-a-alger-gaz-algerien-priorite-europeenne\/"},"author":{"name":"La Sentinelle","@id":"https:\/\/lasentinelle.dz\/#\/schema\/person\/d865044e22e70a75174ce8bcad3acfb3"},"headline":"Le\u00a0pr\u00e9sident du Conseil europ\u00e9en\u00a0\u00e0 Alger: Gaz alg\u00e9rien, priorit\u00e9 europ\u00e9enne","datePublished":"2022-09-05T23:17:00+00:00","dateModified":"2022-09-06T09:13:45+00:00","mainEntityOfPage":{"@id":"https:\/\/lasentinelle.dz\/index.php\/2022\/09\/06\/le-president-du-conseil-europeen-a-alger-gaz-algerien-priorite-europeenne\/"},"wordCount":1045,"commentCount":0,"publisher":{"@id":"https:\/\/lasentinelle.dz\/#organization"},"image":{"@id":"https:\/\/lasentinelle.dz\/index.php\/2022\/09\/06\/le-president-du-conseil-europeen-a-alger-gaz-algerien-priorite-europeenne\/#primaryimage"},"thumbnailUrl":"https:\/\/lasentinelle.dz\/wp-content\/uploads\/2022\/09\/gaz.png","articleSection":["\u00c0 la Une","\u00c9conomie"],"inLanguage":"fr-FR","potentialAction":[{"@type":"CommentAction","name":"Comment","target":["https:\/\/lasentinelle.dz\/index.php\/2022\/09\/06\/le-president-du-conseil-europeen-a-alger-gaz-algerien-priorite-europeenne\/#respond"]}]},{"@type":"WebPage","@id":"https:\/\/lasentinelle.dz\/index.php\/2022\/09\/06\/le-president-du-conseil-europeen-a-alger-gaz-algerien-priorite-europeenne\/","url":"https:\/\/lasentinelle.dz\/index.php\/2022\/09\/06\/le-president-du-conseil-europeen-a-alger-gaz-algerien-priorite-europeenne\/","name":"Le\u00a0pr\u00e9sident du Conseil europ\u00e9en\u00a0\u00e0 Alger: Gaz alg\u00e9rien, priorit\u00e9 europ\u00e9enne - La Sentinelle","isPartOf":{"@id":"https:\/\/lasentinelle.dz\/#website"},"primaryImageOfPage":{"@id":"https:\/\/lasentinelle.dz\/index.php\/2022\/09\/06\/le-president-du-conseil-europeen-a-alger-gaz-algerien-priorite-europeenne\/#primaryimage"},"image":{"@id":"https:\/\/lasentinelle.dz\/index.php\/2022\/09\/06\/le-president-du-conseil-europeen-a-alger-gaz-algerien-priorite-europeenne\/#primaryimage"},"thumbnailUrl":"https:\/\/lasentinelle.dz\/wp-content\/uploads\/2022\/09\/gaz.png","datePublished":"2022-09-05T23:17:00+00:00","dateModified":"2022-09-06T09:13:45+00:00","breadcrumb":{"@id":"https:\/\/lasentinelle.dz\/index.php\/2022\/09\/06\/le-president-du-conseil-europeen-a-alger-gaz-algerien-priorite-europeenne\/#breadcrumb"},"inLanguage":"fr-FR","potentialAction":[{"@type":"ReadAction","target":["https:\/\/lasentinelle.dz\/index.php\/2022\/09\/06\/le-president-du-conseil-europeen-a-alger-gaz-algerien-priorite-europeenne\/"]}]},{"@type":"ImageObject","inLanguage":"fr-FR","@id":"https:\/\/lasentinelle.dz\/index.php\/2022\/09\/06\/le-president-du-conseil-europeen-a-alger-gaz-algerien-priorite-europeenne\/#primaryimage","url":"https:\/\/lasentinelle.dz\/wp-content\/uploads\/2022\/09\/gaz.png","contentUrl":"https:\/\/lasentinelle.dz\/wp-content\/uploads\/2022\/09\/gaz.png","width":1600,"height":900},{"@type":"BreadcrumbList","@id":"https:\/\/lasentinelle.dz\/index.php\/2022\/09\/06\/le-president-du-conseil-europeen-a-alger-gaz-algerien-priorite-europeenne\/#breadcrumb","itemListElement":[{"@type":"ListItem","position":1,"name":"Accueil","item":"https:\/\/lasentinelle.dz\/"},{"@type":"ListItem","position":2,"name":"Le\u00a0pr\u00e9sident du Conseil europ\u00e9en\u00a0\u00e0 Alger: Gaz alg\u00e9rien, priorit\u00e9 europ\u00e9enne"}]},{"@type":"WebSite","@id":"https:\/\/lasentinelle.dz\/#website","url":"https:\/\/lasentinelle.dz\/","name":"La Sentinelle","description":"Quotidien national d&#039;information","publisher":{"@id":"https:\/\/lasentinelle.dz\/#organization"},"potentialAction":[{"@type":"SearchAction","target":{"@type":"EntryPoint","urlTemplate":"https:\/\/lasentinelle.dz\/?s={search_term_string}"},"query-input":{"@type":"PropertyValueSpecification","valueRequired":true,"valueName":"search_term_string"}}],"inLanguage":"fr-FR"},{"@type":"Organization","@id":"https:\/\/lasentinelle.dz\/#organization","name":"Quotidien La Sentinelle","url":"https:\/\/lasentinelle.dz\/","logo":{"@type":"ImageObject","inLanguage":"fr-FR","@id":"https:\/\/lasentinelle.dz\/#\/schema\/logo\/image\/","url":"https:\/\/lasentinelle.dz\/wp-content\/uploads\/2021\/09\/logo-sentinelleSLOGAN-1.png","contentUrl":"https:\/\/lasentinelle.dz\/wp-content\/uploads\/2021\/09\/logo-sentinelleSLOGAN-1.png","width":615,"height":142,"caption":"Quotidien La Sentinelle"},"image":{"@id":"https:\/\/lasentinelle.dz\/#\/schema\/logo\/image\/"},"sameAs":["https:\/\/www.facebook.com\/La-Sentinelle-104059864394773"]},{"@type":"Person","@id":"https:\/\/lasentinelle.dz\/#\/schema\/person\/d865044e22e70a75174ce8bcad3acfb3","name":"La Sentinelle","image":{"@type":"ImageObject","inLanguage":"fr-FR","@id":"https:\/\/secure.gravatar.com\/avatar\/57de8e5d4b15d43fb361a71fbb36338450fe67865b528a43dd10ef7c51a20392?s=96&d=mm&r=g","url":"https:\/\/secure.gravatar.com\/avatar\/57de8e5d4b15d43fb361a71fbb36338450fe67865b528a43dd10ef7c51a20392?s=96&d=mm&r=g","contentUrl":"https:\/\/secure.gravatar.com\/avatar\/57de8e5d4b15d43fb361a71fbb36338450fe67865b528a43dd10ef7c51a20392?s=96&d=mm&r=g","caption":"La Sentinelle"},"sameAs":["http:\/\/www.lasentinelle.dz"],"url":"https:\/\/lasentinelle.dz\/author\/redaction\/"}]}},"_links":{"self":[{"href":"https:\/\/lasentinelle.dz\/index.php\/wp-json\/wp\/v2\/posts\/26913","targetHints":{"allow":["GET"]}}],"collection":[{"href":"https:\/\/lasentinelle.dz\/index.php\/wp-json\/wp\/v2\/posts"}],"about":[{"href":"https:\/\/lasentinelle.dz\/index.php\/wp-json\/wp\/v2\/types\/post"}],"author":[{"embeddable":true,"href":"https:\/\/lasentinelle.dz\/index.php\/wp-json\/wp\/v2\/users\/3"}],"replies":[{"embeddable":true,"href":"https:\/\/lasentinelle.dz\/index.php\/wp-json\/wp\/v2\/comments?post=26913"}],"version-history":[{"count":2,"href":"https:\/\/lasentinelle.dz\/index.php\/wp-json\/wp\/v2\/posts\/26913\/revisions"}],"predecessor-version":[{"id":26950,"href":"https:\/\/lasentinelle.dz\/index.php\/wp-json\/wp\/v2\/posts\/26913\/revisions\/26950"}],"wp:featuredmedia":[{"embeddable":true,"href":"https:\/\/lasentinelle.dz\/index.php\/wp-json\/wp\/v2\/media\/26946"}],"wp:attachment":[{"href":"https:\/\/lasentinelle.dz\/index.php\/wp-json\/wp\/v2\/media?parent=26913"}],"wp:term":[{"taxonomy":"category","embeddable":true,"href":"https:\/\/lasentinelle.dz\/index.php\/wp-json\/wp\/v2\/categories?post=26913"},{"taxonomy":"post_tag","embeddable":true,"href":"https:\/\/lasentinelle.dz\/index.php\/wp-json\/wp\/v2\/tags?post=26913"}],"curies":[{"name":"wp","href":"https:\/\/api.w.org\/{rel}","templated":true}]}}