{"id":26938,"date":"2022-09-06T00:05:00","date_gmt":"2022-09-05T23:05:00","guid":{"rendered":"https:\/\/lasentinelle.dz\/?p=26938"},"modified":"2022-09-05T20:46:11","modified_gmt":"2022-09-05T19:46:11","slug":"edito-de-la-revue-el-djeich-lalgerie-un-partenaire-credible-et-incontournable","status":"publish","type":"post","link":"https:\/\/lasentinelle.dz\/index.php\/2022\/09\/06\/edito-de-la-revue-el-djeich-lalgerie-un-partenaire-credible-et-incontournable\/","title":{"rendered":"\u00c9dito de la revue \u00ab\u00a0El Djeich\u00a0\u00bb\u00a0: L\u2019Alg\u00e9rie, un partenaire cr\u00e9dible et incontournable"},"content":{"rendered":"\n<p>\u00ab Au cours du mois dernier, l\u2019Alg\u00e9rie a enregistr\u00e9 une pr\u00e9sence remarquable au niveau international, dans la mesure o\u00f9 la participation de l\u2019Arm\u00e9e nationale populaire au plus haut niveau, au dixi\u00e8me s\u00e9minaire sur la s\u00e9curit\u00e9 internationale a, une fois de plus, d\u00e9montr\u00e9 la justesse de l\u2019approche alg\u00e9rienne dans le domaine de la lutte contre le terrorisme. \u00bb<\/p>\n\n\n\n<p>C\u2019est ainsi que l\u2019\u00e9ditorialiste d\u2019\u00ab El Djeich \u00bb entame son \u00e9crit.&nbsp;&nbsp;<\/p>\n\n\n\n<p>Dans sa livraison de septembre, la revue mensuelle \u00ab El Djeich \u00bb fait la synth\u00e8se&nbsp;&nbsp;<\/p>\n\n\n\n<p>de la pr\u00e9sence \u00ab remarquable au niveau international \u00bb de l\u2019Alg\u00e9rie. Tirant une fiert\u00e9 particuli\u00e8re de la participation de l\u2019ANP au dixi\u00e8me s\u00e9minaire sur la s\u00e9curit\u00e9 internationale organis\u00e9 \u00e0 Moscou, \u00ab El Djeich \u00bb rappelle \u00ab la justesse de l\u2019approche alg\u00e9rienne dans le domaine de la lutte contre le terrorisme \u00bb. Un rappel qu\u2019avait tenu \u00e0 faire le g\u00e9n\u00e9ral d\u2019arm\u00e9e, Sa\u00efd Chanegriha, chef d\u2019\u00e9tat-major de l\u2019Arm\u00e9e nationale populaire a, lors de&nbsp;&nbsp;son intervention via visioconf\u00e9rence, \u00e0 la mi-ao\u00fbt, lors de ce s\u00e9minaire dans la capitale de la F\u00e9d\u00e9ration de Russie. Plaidant pour la prise en charge des crises en Afrique et dans le monde, Sa\u00efd chanegriha a mis l\u2019accent sur \u00ab les particularismes des d\u00e9fis s\u00e9curitaires auxquels le continent africain, en g\u00e9n\u00e9ral, et la r\u00e9gion du Sahel, en particulier, sont confront\u00e9s \u00bb soulignant \u00ab la n\u00e9cessit\u00e9 pour la&nbsp;communaut\u00e9 internationale de prendre conscience de l\u2019importance de la pr\u00e9servation de la s\u00e9curit\u00e9 internationale \u00bb. Pour cela, il expliquera \u00ab la nature des d\u00e9fis auxquels le continent africain est confront\u00e9 \u00bb. \u00ab El Djeich \u00bb rappelle les propos du Chef de l\u2019\u00e9tat- major \u00e0 propos de l\u2019Afrique, lequel continent \u00ab bien que jouissant d\u2019importantes richesses \u00bb, se trouve \u00abconfront\u00e9e \u00e0 une situation complexe d\u2019instabilit\u00e9 politique et \u00e9conomique, en raison de nombreux d\u00e9fis s\u00e9curitaires et \u00e9conomiques qui n\u00e9cessitent le soutien et l\u2019accompagnement de la communaut\u00e9 internationale\u00bb. Chanegriha soulignera \u00e0 l\u2019occasion que \u00ab cet \u00e9tat de fragilit\u00e9 a fait de l\u2019Afrique un terreau pour les agissements de criminels qui propagent la menace terroriste et d\u2019autres formes de criminalit\u00e9 transnationale organis\u00e9e \u00bb. Et de rappeler \u00ab qu\u2019aucun pays au monde n\u2019est \u00e0 l\u2019abri du terrorisme \u00bb ce qui n\u00e9cessite des \u00ab efforts concert\u00e9s de tous pour lutter contre ce ph\u00e9nom\u00e8ne \u00bb. \u00ab Aussi, et gr\u00e2ce \u00e0 l\u2019approche globale qu\u2019elle a adopt\u00e9e dans le domaine de la lutte contre le terrorisme, l\u2019Alg\u00e9rie est devenue un acteur majeur dans la r\u00e9gion, source de s\u00e9curit\u00e9 et de stabilit\u00e9 et un exemple \u00e0 suivre en mati\u00e8re de lutte contre le terrorisme \u00bb, souligne l\u2019\u00e9ditorialiste. Faisant le parall\u00e8le avec les differentes visites successives effectu\u00e9es par des chefs d\u2019Etat et de gouvernement, \u00ab El Djeich \u00bb estime que celles-ci \u00ab traduisent la confiance dont jouit notre pays, en tant que partenaire important sur le continent africain, et le respect qui lui est t\u00e9moign\u00e9&nbsp;pour ses efforts \u00e0 diff\u00e9rents niveaux, en premier lieu sa grande contribution dans la lutte contre le terrorisme et \u00e0 la restauration de la paix ainsi que pour son r\u00f4le efficace dans la r\u00e9solution des diff\u00e9rents conflits en Afrique \u00bb.&nbsp;<\/p>\n\n\n\n<p><strong>&nbsp;Chokri Hafed<\/strong><\/p>\n","protected":false},"excerpt":{"rendered":"<p>\u00ab Au cours du mois dernier, l\u2019Alg\u00e9rie a enregistr\u00e9 une pr\u00e9sence remarquable au niveau international, dans la mesure o\u00f9 la<\/p>\n","protected":false},"author":3,"featured_media":26942,"comment_status":"open","ping_status":"closed","sticky":false,"template":"","format":"standard","meta":{"colormag_page_container_layout":"default_layout","colormag_page_sidebar_layout":"default_layout","om_disable_all_campaigns":false,"_monsterinsights_skip_tracking":false,"_monsterinsights_sitenote_active":false,"_monsterinsights_sitenote_note":"","_monsterinsights_sitenote_category":0,"footnotes":"","_wpscppro_dont_share_socialmedia":false,"_wpscppro_custom_social_share_image":0,"_facebook_share_type":"","_twitter_share_type":"","_linkedin_share_type":"","_pinterest_share_type":"","_linkedin_share_type_page":"","_instagram_share_type":"","_medium_share_type":"","_threads_share_type":"","_google_business_share_type":"","_selected_social_profile":[],"_wpsp_enable_custom_social_template":false,"_wpsp_social_scheduling":{"enabled":false,"datetime":null,"platforms":[],"status":"template_only","dateOption":"today","timeOption":"now","customDays":"","customHours":"","customDate":"","customTime":"","schedulingType":"absolute"},"_wpsp_active_default_template":true},"categories":[27],"tags":[],"class_list":["post-26938","post","type-post","status-publish","format-standard","has-post-thumbnail","hentry","category-actualite"],"aioseo_notices":[],"yoast_head":"<!-- This site is optimized with the Yoast SEO plugin v27.5 - https:\/\/yoast.com\/product\/yoast-seo-wordpress\/ -->\n<title>\u00c9dito de la revue \u00ab\u00a0El Djeich\u00a0\u00bb\u00a0: L\u2019Alg\u00e9rie, un partenaire cr\u00e9dible et incontournable - La Sentinelle<\/title>\n<meta name=\"robots\" content=\"index, follow, max-snippet:-1, max-image-preview:large, max-video-preview:-1\" \/>\n<link rel=\"canonical\" href=\"https:\/\/lasentinelle.dz\/index.php\/2022\/09\/06\/edito-de-la-revue-el-djeich-lalgerie-un-partenaire-credible-et-incontournable\/\" \/>\n<meta property=\"og:locale\" content=\"fr_FR\" \/>\n<meta property=\"og:type\" content=\"article\" \/>\n<meta property=\"og:title\" content=\"\u00c9dito de la revue \u00ab\u00a0El Djeich\u00a0\u00bb\u00a0: L\u2019Alg\u00e9rie, un partenaire cr\u00e9dible et incontournable - La Sentinelle\" \/>\n<meta property=\"og:description\" content=\"\u00ab Au cours du mois dernier, l\u2019Alg\u00e9rie a enregistr\u00e9 une pr\u00e9sence remarquable au niveau international, dans la mesure o\u00f9 la\" \/>\n<meta property=\"og:url\" content=\"https:\/\/lasentinelle.dz\/index.php\/2022\/09\/06\/edito-de-la-revue-el-djeich-lalgerie-un-partenaire-credible-et-incontournable\/\" \/>\n<meta property=\"og:site_name\" content=\"La Sentinelle\" \/>\n<meta property=\"article:publisher\" content=\"https:\/\/www.facebook.com\/La-Sentinelle-104059864394773\" \/>\n<meta property=\"article:published_time\" content=\"2022-09-05T23:05:00+00:00\" \/>\n<meta property=\"og:image\" content=\"https:\/\/lasentinelle.dz\/wp-content\/uploads\/2022\/09\/b873fba8b9b9362e496bfe0fec072c39_M.jpg\" \/>\n\t<meta property=\"og:image:width\" content=\"580\" \/>\n\t<meta property=\"og:image:height\" content=\"350\" \/>\n\t<meta property=\"og:image:type\" content=\"image\/jpeg\" \/>\n<meta name=\"author\" content=\"La Sentinelle\" \/>\n<meta name=\"twitter:card\" content=\"summary_large_image\" \/>\n<meta name=\"twitter:label1\" content=\"\u00c9crit par\" \/>\n\t<meta name=\"twitter:data1\" content=\"La Sentinelle\" \/>\n\t<meta name=\"twitter:label2\" content=\"Dur\u00e9e de lecture estim\u00e9e\" \/>\n\t<meta name=\"twitter:data2\" content=\"3 minutes\" \/>\n<script type=\"application\/ld+json\" class=\"yoast-schema-graph\">{\"@context\":\"https:\\\/\\\/schema.org\",\"@graph\":[{\"@type\":\"Article\",\"@id\":\"https:\\\/\\\/lasentinelle.dz\\\/index.php\\\/2022\\\/09\\\/06\\\/edito-de-la-revue-el-djeich-lalgerie-un-partenaire-credible-et-incontournable\\\/#article\",\"isPartOf\":{\"@id\":\"https:\\\/\\\/lasentinelle.dz\\\/index.php\\\/2022\\\/09\\\/06\\\/edito-de-la-revue-el-djeich-lalgerie-un-partenaire-credible-et-incontournable\\\/\"},\"author\":{\"name\":\"La Sentinelle\",\"@id\":\"https:\\\/\\\/lasentinelle.dz\\\/#\\\/schema\\\/person\\\/d865044e22e70a75174ce8bcad3acfb3\"},\"headline\":\"\u00c9dito de la revue \u00ab\u00a0El Djeich\u00a0\u00bb\u00a0: L\u2019Alg\u00e9rie, un partenaire cr\u00e9dible et incontournable\",\"datePublished\":\"2022-09-05T23:05:00+00:00\",\"mainEntityOfPage\":{\"@id\":\"https:\\\/\\\/lasentinelle.dz\\\/index.php\\\/2022\\\/09\\\/06\\\/edito-de-la-revue-el-djeich-lalgerie-un-partenaire-credible-et-incontournable\\\/\"},\"wordCount\":577,\"commentCount\":0,\"publisher\":{\"@id\":\"https:\\\/\\\/lasentinelle.dz\\\/#organization\"},\"image\":{\"@id\":\"https:\\\/\\\/lasentinelle.dz\\\/index.php\\\/2022\\\/09\\\/06\\\/edito-de-la-revue-el-djeich-lalgerie-un-partenaire-credible-et-incontournable\\\/#primaryimage\"},\"thumbnailUrl\":\"https:\\\/\\\/lasentinelle.dz\\\/wp-content\\\/uploads\\\/2022\\\/09\\\/b873fba8b9b9362e496bfe0fec072c39_M.jpg\",\"articleSection\":[\"Actualit\u00e9\"],\"inLanguage\":\"fr-FR\",\"potentialAction\":[{\"@type\":\"CommentAction\",\"name\":\"Comment\",\"target\":[\"https:\\\/\\\/lasentinelle.dz\\\/index.php\\\/2022\\\/09\\\/06\\\/edito-de-la-revue-el-djeich-lalgerie-un-partenaire-credible-et-incontournable\\\/#respond\"]}]},{\"@type\":\"WebPage\",\"@id\":\"https:\\\/\\\/lasentinelle.dz\\\/index.php\\\/2022\\\/09\\\/06\\\/edito-de-la-revue-el-djeich-lalgerie-un-partenaire-credible-et-incontournable\\\/\",\"url\":\"https:\\\/\\\/lasentinelle.dz\\\/index.php\\\/2022\\\/09\\\/06\\\/edito-de-la-revue-el-djeich-lalgerie-un-partenaire-credible-et-incontournable\\\/\",\"name\":\"\u00c9dito de la revue \u00ab\u00a0El Djeich\u00a0\u00bb\u00a0: L\u2019Alg\u00e9rie, un partenaire cr\u00e9dible et incontournable - La Sentinelle\",\"isPartOf\":{\"@id\":\"https:\\\/\\\/lasentinelle.dz\\\/#website\"},\"primaryImageOfPage\":{\"@id\":\"https:\\\/\\\/lasentinelle.dz\\\/index.php\\\/2022\\\/09\\\/06\\\/edito-de-la-revue-el-djeich-lalgerie-un-partenaire-credible-et-incontournable\\\/#primaryimage\"},\"image\":{\"@id\":\"https:\\\/\\\/lasentinelle.dz\\\/index.php\\\/2022\\\/09\\\/06\\\/edito-de-la-revue-el-djeich-lalgerie-un-partenaire-credible-et-incontournable\\\/#primaryimage\"},\"thumbnailUrl\":\"https:\\\/\\\/lasentinelle.dz\\\/wp-content\\\/uploads\\\/2022\\\/09\\\/b873fba8b9b9362e496bfe0fec072c39_M.jpg\",\"datePublished\":\"2022-09-05T23:05:00+00:00\",\"breadcrumb\":{\"@id\":\"https:\\\/\\\/lasentinelle.dz\\\/index.php\\\/2022\\\/09\\\/06\\\/edito-de-la-revue-el-djeich-lalgerie-un-partenaire-credible-et-incontournable\\\/#breadcrumb\"},\"inLanguage\":\"fr-FR\",\"potentialAction\":[{\"@type\":\"ReadAction\",\"target\":[\"https:\\\/\\\/lasentinelle.dz\\\/index.php\\\/2022\\\/09\\\/06\\\/edito-de-la-revue-el-djeich-lalgerie-un-partenaire-credible-et-incontournable\\\/\"]}]},{\"@type\":\"ImageObject\",\"inLanguage\":\"fr-FR\",\"@id\":\"https:\\\/\\\/lasentinelle.dz\\\/index.php\\\/2022\\\/09\\\/06\\\/edito-de-la-revue-el-djeich-lalgerie-un-partenaire-credible-et-incontournable\\\/#primaryimage\",\"url\":\"https:\\\/\\\/lasentinelle.dz\\\/wp-content\\\/uploads\\\/2022\\\/09\\\/b873fba8b9b9362e496bfe0fec072c39_M.jpg\",\"contentUrl\":\"https:\\\/\\\/lasentinelle.dz\\\/wp-content\\\/uploads\\\/2022\\\/09\\\/b873fba8b9b9362e496bfe0fec072c39_M.jpg\",\"width\":580,\"height\":350},{\"@type\":\"BreadcrumbList\",\"@id\":\"https:\\\/\\\/lasentinelle.dz\\\/index.php\\\/2022\\\/09\\\/06\\\/edito-de-la-revue-el-djeich-lalgerie-un-partenaire-credible-et-incontournable\\\/#breadcrumb\",\"itemListElement\":[{\"@type\":\"ListItem\",\"position\":1,\"name\":\"Accueil\",\"item\":\"https:\\\/\\\/lasentinelle.dz\\\/\"},{\"@type\":\"ListItem\",\"position\":2,\"name\":\"\u00c9dito de la revue \u00ab\u00a0El Djeich\u00a0\u00bb\u00a0: L\u2019Alg\u00e9rie, un partenaire cr\u00e9dible et incontournable\"}]},{\"@type\":\"WebSite\",\"@id\":\"https:\\\/\\\/lasentinelle.dz\\\/#website\",\"url\":\"https:\\\/\\\/lasentinelle.dz\\\/\",\"name\":\"La Sentinelle\",\"description\":\"Quotidien national d&#039;information\",\"publisher\":{\"@id\":\"https:\\\/\\\/lasentinelle.dz\\\/#organization\"},\"potentialAction\":[{\"@type\":\"SearchAction\",\"target\":{\"@type\":\"EntryPoint\",\"urlTemplate\":\"https:\\\/\\\/lasentinelle.dz\\\/?s={search_term_string}\"},\"query-input\":{\"@type\":\"PropertyValueSpecification\",\"valueRequired\":true,\"valueName\":\"search_term_string\"}}],\"inLanguage\":\"fr-FR\"},{\"@type\":\"Organization\",\"@id\":\"https:\\\/\\\/lasentinelle.dz\\\/#organization\",\"name\":\"Quotidien La Sentinelle\",\"url\":\"https:\\\/\\\/lasentinelle.dz\\\/\",\"logo\":{\"@type\":\"ImageObject\",\"inLanguage\":\"fr-FR\",\"@id\":\"https:\\\/\\\/lasentinelle.dz\\\/#\\\/schema\\\/logo\\\/image\\\/\",\"url\":\"https:\\\/\\\/lasentinelle.dz\\\/wp-content\\\/uploads\\\/2021\\\/09\\\/logo-sentinelleSLOGAN-1.png\",\"contentUrl\":\"https:\\\/\\\/lasentinelle.dz\\\/wp-content\\\/uploads\\\/2021\\\/09\\\/logo-sentinelleSLOGAN-1.png\",\"width\":615,\"height\":142,\"caption\":\"Quotidien La Sentinelle\"},\"image\":{\"@id\":\"https:\\\/\\\/lasentinelle.dz\\\/#\\\/schema\\\/logo\\\/image\\\/\"},\"sameAs\":[\"https:\\\/\\\/www.facebook.com\\\/La-Sentinelle-104059864394773\"]},{\"@type\":\"Person\",\"@id\":\"https:\\\/\\\/lasentinelle.dz\\\/#\\\/schema\\\/person\\\/d865044e22e70a75174ce8bcad3acfb3\",\"name\":\"La Sentinelle\",\"image\":{\"@type\":\"ImageObject\",\"inLanguage\":\"fr-FR\",\"@id\":\"https:\\\/\\\/secure.gravatar.com\\\/avatar\\\/57de8e5d4b15d43fb361a71fbb36338450fe67865b528a43dd10ef7c51a20392?s=96&d=mm&r=g\",\"url\":\"https:\\\/\\\/secure.gravatar.com\\\/avatar\\\/57de8e5d4b15d43fb361a71fbb36338450fe67865b528a43dd10ef7c51a20392?s=96&d=mm&r=g\",\"contentUrl\":\"https:\\\/\\\/secure.gravatar.com\\\/avatar\\\/57de8e5d4b15d43fb361a71fbb36338450fe67865b528a43dd10ef7c51a20392?s=96&d=mm&r=g\",\"caption\":\"La Sentinelle\"},\"sameAs\":[\"http:\\\/\\\/www.lasentinelle.dz\"],\"url\":\"https:\\\/\\\/lasentinelle.dz\\\/author\\\/redaction\\\/\"}]}<\/script>\n<!-- \/ Yoast SEO plugin. -->","yoast_head_json":{"title":"\u00c9dito de la revue \u00ab\u00a0El Djeich\u00a0\u00bb\u00a0: L\u2019Alg\u00e9rie, un partenaire cr\u00e9dible et incontournable - La Sentinelle","robots":{"index":"index","follow":"follow","max-snippet":"max-snippet:-1","max-image-preview":"max-image-preview:large","max-video-preview":"max-video-preview:-1"},"canonical":"https:\/\/lasentinelle.dz\/index.php\/2022\/09\/06\/edito-de-la-revue-el-djeich-lalgerie-un-partenaire-credible-et-incontournable\/","og_locale":"fr_FR","og_type":"article","og_title":"\u00c9dito de la revue \u00ab\u00a0El Djeich\u00a0\u00bb\u00a0: L\u2019Alg\u00e9rie, un partenaire cr\u00e9dible et incontournable - La Sentinelle","og_description":"\u00ab Au cours du mois dernier, l\u2019Alg\u00e9rie a enregistr\u00e9 une pr\u00e9sence remarquable au niveau international, dans la mesure o\u00f9 la","og_url":"https:\/\/lasentinelle.dz\/index.php\/2022\/09\/06\/edito-de-la-revue-el-djeich-lalgerie-un-partenaire-credible-et-incontournable\/","og_site_name":"La Sentinelle","article_publisher":"https:\/\/www.facebook.com\/La-Sentinelle-104059864394773","article_published_time":"2022-09-05T23:05:00+00:00","og_image":[{"width":580,"height":350,"url":"https:\/\/lasentinelle.dz\/wp-content\/uploads\/2022\/09\/b873fba8b9b9362e496bfe0fec072c39_M.jpg","type":"image\/jpeg"}],"author":"La Sentinelle","twitter_card":"summary_large_image","twitter_misc":{"\u00c9crit par":"La Sentinelle","Dur\u00e9e de lecture estim\u00e9e":"3 minutes"},"schema":{"@context":"https:\/\/schema.org","@graph":[{"@type":"Article","@id":"https:\/\/lasentinelle.dz\/index.php\/2022\/09\/06\/edito-de-la-revue-el-djeich-lalgerie-un-partenaire-credible-et-incontournable\/#article","isPartOf":{"@id":"https:\/\/lasentinelle.dz\/index.php\/2022\/09\/06\/edito-de-la-revue-el-djeich-lalgerie-un-partenaire-credible-et-incontournable\/"},"author":{"name":"La Sentinelle","@id":"https:\/\/lasentinelle.dz\/#\/schema\/person\/d865044e22e70a75174ce8bcad3acfb3"},"headline":"\u00c9dito de la revue \u00ab\u00a0El Djeich\u00a0\u00bb\u00a0: L\u2019Alg\u00e9rie, un partenaire cr\u00e9dible et incontournable","datePublished":"2022-09-05T23:05:00+00:00","mainEntityOfPage":{"@id":"https:\/\/lasentinelle.dz\/index.php\/2022\/09\/06\/edito-de-la-revue-el-djeich-lalgerie-un-partenaire-credible-et-incontournable\/"},"wordCount":577,"commentCount":0,"publisher":{"@id":"https:\/\/lasentinelle.dz\/#organization"},"image":{"@id":"https:\/\/lasentinelle.dz\/index.php\/2022\/09\/06\/edito-de-la-revue-el-djeich-lalgerie-un-partenaire-credible-et-incontournable\/#primaryimage"},"thumbnailUrl":"https:\/\/lasentinelle.dz\/wp-content\/uploads\/2022\/09\/b873fba8b9b9362e496bfe0fec072c39_M.jpg","articleSection":["Actualit\u00e9"],"inLanguage":"fr-FR","potentialAction":[{"@type":"CommentAction","name":"Comment","target":["https:\/\/lasentinelle.dz\/index.php\/2022\/09\/06\/edito-de-la-revue-el-djeich-lalgerie-un-partenaire-credible-et-incontournable\/#respond"]}]},{"@type":"WebPage","@id":"https:\/\/lasentinelle.dz\/index.php\/2022\/09\/06\/edito-de-la-revue-el-djeich-lalgerie-un-partenaire-credible-et-incontournable\/","url":"https:\/\/lasentinelle.dz\/index.php\/2022\/09\/06\/edito-de-la-revue-el-djeich-lalgerie-un-partenaire-credible-et-incontournable\/","name":"\u00c9dito de la revue \u00ab\u00a0El Djeich\u00a0\u00bb\u00a0: L\u2019Alg\u00e9rie, un partenaire cr\u00e9dible et incontournable - La Sentinelle","isPartOf":{"@id":"https:\/\/lasentinelle.dz\/#website"},"primaryImageOfPage":{"@id":"https:\/\/lasentinelle.dz\/index.php\/2022\/09\/06\/edito-de-la-revue-el-djeich-lalgerie-un-partenaire-credible-et-incontournable\/#primaryimage"},"image":{"@id":"https:\/\/lasentinelle.dz\/index.php\/2022\/09\/06\/edito-de-la-revue-el-djeich-lalgerie-un-partenaire-credible-et-incontournable\/#primaryimage"},"thumbnailUrl":"https:\/\/lasentinelle.dz\/wp-content\/uploads\/2022\/09\/b873fba8b9b9362e496bfe0fec072c39_M.jpg","datePublished":"2022-09-05T23:05:00+00:00","breadcrumb":{"@id":"https:\/\/lasentinelle.dz\/index.php\/2022\/09\/06\/edito-de-la-revue-el-djeich-lalgerie-un-partenaire-credible-et-incontournable\/#breadcrumb"},"inLanguage":"fr-FR","potentialAction":[{"@type":"ReadAction","target":["https:\/\/lasentinelle.dz\/index.php\/2022\/09\/06\/edito-de-la-revue-el-djeich-lalgerie-un-partenaire-credible-et-incontournable\/"]}]},{"@type":"ImageObject","inLanguage":"fr-FR","@id":"https:\/\/lasentinelle.dz\/index.php\/2022\/09\/06\/edito-de-la-revue-el-djeich-lalgerie-un-partenaire-credible-et-incontournable\/#primaryimage","url":"https:\/\/lasentinelle.dz\/wp-content\/uploads\/2022\/09\/b873fba8b9b9362e496bfe0fec072c39_M.jpg","contentUrl":"https:\/\/lasentinelle.dz\/wp-content\/uploads\/2022\/09\/b873fba8b9b9362e496bfe0fec072c39_M.jpg","width":580,"height":350},{"@type":"BreadcrumbList","@id":"https:\/\/lasentinelle.dz\/index.php\/2022\/09\/06\/edito-de-la-revue-el-djeich-lalgerie-un-partenaire-credible-et-incontournable\/#breadcrumb","itemListElement":[{"@type":"ListItem","position":1,"name":"Accueil","item":"https:\/\/lasentinelle.dz\/"},{"@type":"ListItem","position":2,"name":"\u00c9dito de la revue \u00ab\u00a0El Djeich\u00a0\u00bb\u00a0: L\u2019Alg\u00e9rie, un partenaire cr\u00e9dible et incontournable"}]},{"@type":"WebSite","@id":"https:\/\/lasentinelle.dz\/#website","url":"https:\/\/lasentinelle.dz\/","name":"La Sentinelle","description":"Quotidien national d&#039;information","publisher":{"@id":"https:\/\/lasentinelle.dz\/#organization"},"potentialAction":[{"@type":"SearchAction","target":{"@type":"EntryPoint","urlTemplate":"https:\/\/lasentinelle.dz\/?s={search_term_string}"},"query-input":{"@type":"PropertyValueSpecification","valueRequired":true,"valueName":"search_term_string"}}],"inLanguage":"fr-FR"},{"@type":"Organization","@id":"https:\/\/lasentinelle.dz\/#organization","name":"Quotidien La Sentinelle","url":"https:\/\/lasentinelle.dz\/","logo":{"@type":"ImageObject","inLanguage":"fr-FR","@id":"https:\/\/lasentinelle.dz\/#\/schema\/logo\/image\/","url":"https:\/\/lasentinelle.dz\/wp-content\/uploads\/2021\/09\/logo-sentinelleSLOGAN-1.png","contentUrl":"https:\/\/lasentinelle.dz\/wp-content\/uploads\/2021\/09\/logo-sentinelleSLOGAN-1.png","width":615,"height":142,"caption":"Quotidien La Sentinelle"},"image":{"@id":"https:\/\/lasentinelle.dz\/#\/schema\/logo\/image\/"},"sameAs":["https:\/\/www.facebook.com\/La-Sentinelle-104059864394773"]},{"@type":"Person","@id":"https:\/\/lasentinelle.dz\/#\/schema\/person\/d865044e22e70a75174ce8bcad3acfb3","name":"La Sentinelle","image":{"@type":"ImageObject","inLanguage":"fr-FR","@id":"https:\/\/secure.gravatar.com\/avatar\/57de8e5d4b15d43fb361a71fbb36338450fe67865b528a43dd10ef7c51a20392?s=96&d=mm&r=g","url":"https:\/\/secure.gravatar.com\/avatar\/57de8e5d4b15d43fb361a71fbb36338450fe67865b528a43dd10ef7c51a20392?s=96&d=mm&r=g","contentUrl":"https:\/\/secure.gravatar.com\/avatar\/57de8e5d4b15d43fb361a71fbb36338450fe67865b528a43dd10ef7c51a20392?s=96&d=mm&r=g","caption":"La Sentinelle"},"sameAs":["http:\/\/www.lasentinelle.dz"],"url":"https:\/\/lasentinelle.dz\/author\/redaction\/"}]}},"_links":{"self":[{"href":"https:\/\/lasentinelle.dz\/index.php\/wp-json\/wp\/v2\/posts\/26938","targetHints":{"allow":["GET"]}}],"collection":[{"href":"https:\/\/lasentinelle.dz\/index.php\/wp-json\/wp\/v2\/posts"}],"about":[{"href":"https:\/\/lasentinelle.dz\/index.php\/wp-json\/wp\/v2\/types\/post"}],"author":[{"embeddable":true,"href":"https:\/\/lasentinelle.dz\/index.php\/wp-json\/wp\/v2\/users\/3"}],"replies":[{"embeddable":true,"href":"https:\/\/lasentinelle.dz\/index.php\/wp-json\/wp\/v2\/comments?post=26938"}],"version-history":[{"count":1,"href":"https:\/\/lasentinelle.dz\/index.php\/wp-json\/wp\/v2\/posts\/26938\/revisions"}],"predecessor-version":[{"id":26943,"href":"https:\/\/lasentinelle.dz\/index.php\/wp-json\/wp\/v2\/posts\/26938\/revisions\/26943"}],"wp:featuredmedia":[{"embeddable":true,"href":"https:\/\/lasentinelle.dz\/index.php\/wp-json\/wp\/v2\/media\/26942"}],"wp:attachment":[{"href":"https:\/\/lasentinelle.dz\/index.php\/wp-json\/wp\/v2\/media?parent=26938"}],"wp:term":[{"taxonomy":"category","embeddable":true,"href":"https:\/\/lasentinelle.dz\/index.php\/wp-json\/wp\/v2\/categories?post=26938"},{"taxonomy":"post_tag","embeddable":true,"href":"https:\/\/lasentinelle.dz\/index.php\/wp-json\/wp\/v2\/tags?post=26938"}],"curies":[{"name":"wp","href":"https:\/\/api.w.org\/{rel}","templated":true}]}}