{"id":26939,"date":"2022-09-06T00:15:00","date_gmt":"2022-09-05T23:15:00","guid":{"rendered":"https:\/\/lasentinelle.dz\/?p=26939"},"modified":"2022-09-05T20:34:00","modified_gmt":"2022-09-05T19:34:00","slug":"parlement-le-bilan-du-gouvernement-presente-dans-les-prochains-jours","status":"publish","type":"post","link":"https:\/\/lasentinelle.dz\/index.php\/2022\/09\/06\/parlement-le-bilan-du-gouvernement-presente-dans-les-prochains-jours\/","title":{"rendered":"Parlement\u00a0: Le bilan du gouvernement pr\u00e9sent\u00e9 dans les prochains jours"},"content":{"rendered":"\n<p>Les pr\u00e9sidents du Conseil de la nation, Salah Goudjil, et de l&rsquo;Assembl\u00e9e populaire nationale (APN), Brahim Boughali ont copr\u00e9sid\u00e9 dimanche une r\u00e9union des bureaux des deux chambres du Parlement,&nbsp;&nbsp;consacr\u00e9e \u00e0 l&rsquo;ordre du jour de la session parlementaire ordinaire 2022-2023, en pr\u00e9sence de la&nbsp;&nbsp;&nbsp;ministre des Relations avec le Parlement, Basma Azouar.&nbsp;<\/p>\n\n\n\n<p>La rencontre, qui&nbsp;est&nbsp;intervenue&nbsp;donc apr\u00e8s la c\u00e9r\u00e9monie d\u2019ouverture de la session parlementaire, et durant laquelle, les pr\u00e9sidents des deux chambres du parlement ont \u00e9voqu\u00e9 la n\u00e9cessit\u00e9 de mettre en conformit\u00e9 l\u2019arsenal l\u00e9gislatif avec la nouvelle constitution, en citant quelques lois qui devront \u00eatre soumises aux d\u00e9put\u00e9s et s\u00e9nateurs durant l\u2019actuelle session, a \u00e9t\u00e9 une occasion pour la ministre pour \u00e9num\u00e9rer un nombre de projets de lois, 42 au total, pr\u00e9cise-t-elle, qui vont atterrir sur les bureaux de l\u2019APN et du Conseil de la nation. De prime abord, Basma Azouar a fait savoir que \u00able Gouvernement \u00e9tait en passe de pr\u00e9parer la D\u00e9claration de politique g\u00e9n\u00e9rale pour la pr\u00e9senter au Parlement dans les prochains jours\u00bb, comme l\u2019a indiqu\u00e9 un communiqu\u00e9 de la chambre basse du&nbsp;Parlement. Une d\u00e9claration qui vient en r\u00e9ponse \u00e0 l\u2019attente exprim\u00e9e par bons nombres de d\u00e9put\u00e9s, et par cons\u00e9quent, de partis politiques, qui ont rappel\u00e9, \u00e0 maintes reprises, la n\u00e9cessit\u00e9 pour le&nbsp;Gouvernement de pr\u00e9senter sa D\u00e9claration de politique g\u00e9n\u00e9rale comme le stipule la&nbsp;Constitution.<\/p>\n\n\n\n<p>Par ailleurs, la ministre a pr\u00e9sent\u00e9 une liste d\u2019un nombre de projets de lois, \u00absoumis actuellement \u00e0 l\u2019APN\u00bb, comme pr\u00e9cis\u00e9 dans le communiqu\u00e9, ou en pr\u00e9paration au niveau de l\u2019ex\u00e9cutif, qui seront au menu de l\u2019actuelle session. A cet effet, en plus bien entendu du projet de loi de finances compl\u00e9mentaire (PLFC) pour l&rsquo;exercice 2022 (ordonnance) et du projet de loi de finance (PLF) 2023, il y a par exemple le projet de loi compl\u00e9tant l&rsquo;ordonnance portant Statut g\u00e9n\u00e9ral de la Fonction publique ou le projet de loi organique modifiant et compl\u00e9tant la loi organique d\u00e9finissant l&rsquo;organisation et le fonctionnement de l&rsquo;APN et du Conseil de la Nation, ainsi que les relations fonctionnelles entre ces derniers et le Gouvernement. Ce dernier \u00e9tant r\u00e9clam\u00e9 depuis un moment d\u00e9j\u00e0 par les d\u00e9put\u00e9s et s\u00e9nateurs, estimant que le texte de 1997 n\u2019est pas en conformit\u00e9 avec la constitution de 2020. D\u2019autres projets de loi seront \u00e9galement \u00e0 l\u2019ordre de jour de l\u2019actuelle session. Il est question de \u00abcelui relatif au rassemblement pour le renforcement de l&rsquo;unit\u00e9 nationale, en sus du statut de la magistrature et du code de Justice militaire\u00bb, comme indiqu\u00e9 dans le communiqu\u00e9. Ce dernier a \u00e9galement cit\u00e9 le projet de loi sur la pr\u00e9vention et la lutte contre le blanchiment d&rsquo;argent et le financement du terrorisme, l&rsquo;information et l&rsquo;activit\u00e9 audiovisuelle, et la presse \u00e9crite et \u00e9lectronique, la pr\u00e9vention et la lutte contre la traite des \u00eatres humains, la pr\u00e9vention des drogues et des substances psychotropes et la r\u00e9pression de leur usage et trafic illicites, ainsi que des projets de loi relatifs \u00e0 la pr\u00e9vention de la corruption, \u00e0 l&rsquo;exercice du droit syndical, \u00e0 la pr\u00e9vention des contentieux collectifs au travail, au droit de gr\u00e8ve ou encore aux conditions et modalit\u00e9s de cr\u00e9ation des associations, des partis politiques, tout comme les codes, de commune et de wilaya.<\/p>\n\n\n\n<p>Sur le plan \u00e9conomique, des textes importants vont \u00e9galement atterrir \u00e0 l\u2019assembl\u00e9e. Il y a celui fixant les r\u00e8gles g\u00e9n\u00e9rales relatives aux march\u00e9s publics, celui modifiant et compl\u00e9tant l&rsquo;ordonnance fixant les conditions et modalit\u00e9s de concession des terrains relevant du domaine priv\u00e9 de l&rsquo;Etat, destin\u00e9s \u00e0 la r\u00e9alisation des projets d&rsquo;investissement, des projets de loi li\u00e9s aux domaines de la monnaie et du change, \u00e0 la circulation des capitaux de et vers l&rsquo;\u00e9tranger, au partenariat public-priv\u00e9, \u00e0 la protection et la pr\u00e9servation des terres domaniales, ajoute-t-on encore dans le communiqu\u00e9 qui cite \u00e9galement \u00abdes projets de loi relatifs aux secteurs des mines, du commerce, de la comptabilit\u00e9, du cin\u00e9ma, de la sant\u00e9, de l&rsquo;entrepreneuriat, du tourisme, du trafic routier et des biens wakfs\u00bb. Basma Azouar a pr\u00e9cis\u00e9, en d\u00e9finitif, que \u00abde nombreux d\u00e9partements minist\u00e9riels pr\u00e9parent et \u00e9laborent actuellement des projets de loi qui peuvent s&rsquo;ajouter \u00e0 la liste suscit\u00e9e\u00bb. Tout cela pour dire que l\u2019actuelle session parlementaire va \u00eatre importante \u00e0 plus d\u2019un titre dans la mesure o\u00f9 \u00e9norm\u00e9ment de projets de lois devront arriver \u00e0 l\u2019APN et au Conseil de la Nation.<\/p>\n\n\n\n<p><strong>Elyas Nour<\/strong><\/p>\n","protected":false},"excerpt":{"rendered":"<p>Les pr\u00e9sidents du Conseil de la nation, Salah Goudjil, et de l&rsquo;Assembl\u00e9e populaire nationale (APN), Brahim Boughali ont copr\u00e9sid\u00e9 dimanche<\/p>\n","protected":false},"author":3,"featured_media":1386,"comment_status":"open","ping_status":"closed","sticky":false,"template":"","format":"standard","meta":{"colormag_page_container_layout":"default_layout","colormag_page_sidebar_layout":"default_layout","om_disable_all_campaigns":false,"_monsterinsights_skip_tracking":false,"_monsterinsights_sitenote_active":false,"_monsterinsights_sitenote_note":"","_monsterinsights_sitenote_category":0,"footnotes":"","_wpscppro_dont_share_socialmedia":false,"_wpscppro_custom_social_share_image":0,"_facebook_share_type":"","_twitter_share_type":"","_linkedin_share_type":"","_pinterest_share_type":"","_linkedin_share_type_page":"","_instagram_share_type":"","_medium_share_type":"","_threads_share_type":"","_google_business_share_type":"","_selected_social_profile":[],"_wpsp_enable_custom_social_template":false,"_wpsp_social_scheduling":{"enabled":false,"datetime":null,"platforms":[],"status":"template_only","dateOption":"today","timeOption":"now","customDays":"","customHours":"","customDate":"","customTime":"","schedulingType":"absolute"},"_wpsp_active_default_template":true},"categories":[52,27],"tags":[],"class_list":["post-26939","post","type-post","status-publish","format-standard","has-post-thumbnail","hentry","category-a-la-une","category-actualite"],"aioseo_notices":[],"yoast_head":"<!-- This site is optimized with the Yoast SEO plugin v27.5 - https:\/\/yoast.com\/product\/yoast-seo-wordpress\/ -->\n<title>Parlement\u00a0: Le bilan du gouvernement pr\u00e9sent\u00e9 dans les prochains jours - La Sentinelle<\/title>\n<meta name=\"robots\" content=\"index, follow, max-snippet:-1, max-image-preview:large, max-video-preview:-1\" \/>\n<link rel=\"canonical\" href=\"https:\/\/lasentinelle.dz\/index.php\/2022\/09\/06\/parlement-le-bilan-du-gouvernement-presente-dans-les-prochains-jours\/\" \/>\n<meta property=\"og:locale\" content=\"fr_FR\" \/>\n<meta property=\"og:type\" content=\"article\" \/>\n<meta property=\"og:title\" content=\"Parlement\u00a0: Le bilan du gouvernement pr\u00e9sent\u00e9 dans les prochains jours - La Sentinelle\" \/>\n<meta property=\"og:description\" content=\"Les pr\u00e9sidents du Conseil de la nation, Salah Goudjil, et de l&rsquo;Assembl\u00e9e populaire nationale (APN), Brahim Boughali ont copr\u00e9sid\u00e9 dimanche\" \/>\n<meta property=\"og:url\" content=\"https:\/\/lasentinelle.dz\/index.php\/2022\/09\/06\/parlement-le-bilan-du-gouvernement-presente-dans-les-prochains-jours\/\" \/>\n<meta property=\"og:site_name\" content=\"La Sentinelle\" \/>\n<meta property=\"article:publisher\" content=\"https:\/\/www.facebook.com\/La-Sentinelle-104059864394773\" \/>\n<meta property=\"article:published_time\" content=\"2022-09-05T23:15:00+00:00\" \/>\n<meta property=\"og:image\" content=\"https:\/\/lasentinelle.dz\/wp-content\/uploads\/2021\/07\/APN.png\" \/>\n\t<meta property=\"og:image:width\" content=\"1607\" \/>\n\t<meta property=\"og:image:height\" content=\"900\" \/>\n\t<meta property=\"og:image:type\" content=\"image\/png\" \/>\n<meta name=\"author\" content=\"La Sentinelle\" \/>\n<meta name=\"twitter:card\" content=\"summary_large_image\" \/>\n<meta name=\"twitter:label1\" content=\"\u00c9crit par\" \/>\n\t<meta name=\"twitter:data1\" content=\"La Sentinelle\" \/>\n\t<meta name=\"twitter:label2\" content=\"Dur\u00e9e de lecture estim\u00e9e\" \/>\n\t<meta name=\"twitter:data2\" content=\"4 minutes\" \/>\n<script type=\"application\/ld+json\" class=\"yoast-schema-graph\">{\"@context\":\"https:\\\/\\\/schema.org\",\"@graph\":[{\"@type\":\"Article\",\"@id\":\"https:\\\/\\\/lasentinelle.dz\\\/index.php\\\/2022\\\/09\\\/06\\\/parlement-le-bilan-du-gouvernement-presente-dans-les-prochains-jours\\\/#article\",\"isPartOf\":{\"@id\":\"https:\\\/\\\/lasentinelle.dz\\\/index.php\\\/2022\\\/09\\\/06\\\/parlement-le-bilan-du-gouvernement-presente-dans-les-prochains-jours\\\/\"},\"author\":{\"name\":\"La Sentinelle\",\"@id\":\"https:\\\/\\\/lasentinelle.dz\\\/#\\\/schema\\\/person\\\/d865044e22e70a75174ce8bcad3acfb3\"},\"headline\":\"Parlement\u00a0: Le bilan du gouvernement pr\u00e9sent\u00e9 dans les prochains jours\",\"datePublished\":\"2022-09-05T23:15:00+00:00\",\"mainEntityOfPage\":{\"@id\":\"https:\\\/\\\/lasentinelle.dz\\\/index.php\\\/2022\\\/09\\\/06\\\/parlement-le-bilan-du-gouvernement-presente-dans-les-prochains-jours\\\/\"},\"wordCount\":827,\"commentCount\":0,\"publisher\":{\"@id\":\"https:\\\/\\\/lasentinelle.dz\\\/#organization\"},\"image\":{\"@id\":\"https:\\\/\\\/lasentinelle.dz\\\/index.php\\\/2022\\\/09\\\/06\\\/parlement-le-bilan-du-gouvernement-presente-dans-les-prochains-jours\\\/#primaryimage\"},\"thumbnailUrl\":\"https:\\\/\\\/lasentinelle.dz\\\/wp-content\\\/uploads\\\/2021\\\/07\\\/APN.png\",\"articleSection\":[\"\u00c0 la Une\",\"Actualit\u00e9\"],\"inLanguage\":\"fr-FR\",\"potentialAction\":[{\"@type\":\"CommentAction\",\"name\":\"Comment\",\"target\":[\"https:\\\/\\\/lasentinelle.dz\\\/index.php\\\/2022\\\/09\\\/06\\\/parlement-le-bilan-du-gouvernement-presente-dans-les-prochains-jours\\\/#respond\"]}]},{\"@type\":\"WebPage\",\"@id\":\"https:\\\/\\\/lasentinelle.dz\\\/index.php\\\/2022\\\/09\\\/06\\\/parlement-le-bilan-du-gouvernement-presente-dans-les-prochains-jours\\\/\",\"url\":\"https:\\\/\\\/lasentinelle.dz\\\/index.php\\\/2022\\\/09\\\/06\\\/parlement-le-bilan-du-gouvernement-presente-dans-les-prochains-jours\\\/\",\"name\":\"Parlement\u00a0: Le bilan du gouvernement pr\u00e9sent\u00e9 dans les prochains jours - La Sentinelle\",\"isPartOf\":{\"@id\":\"https:\\\/\\\/lasentinelle.dz\\\/#website\"},\"primaryImageOfPage\":{\"@id\":\"https:\\\/\\\/lasentinelle.dz\\\/index.php\\\/2022\\\/09\\\/06\\\/parlement-le-bilan-du-gouvernement-presente-dans-les-prochains-jours\\\/#primaryimage\"},\"image\":{\"@id\":\"https:\\\/\\\/lasentinelle.dz\\\/index.php\\\/2022\\\/09\\\/06\\\/parlement-le-bilan-du-gouvernement-presente-dans-les-prochains-jours\\\/#primaryimage\"},\"thumbnailUrl\":\"https:\\\/\\\/lasentinelle.dz\\\/wp-content\\\/uploads\\\/2021\\\/07\\\/APN.png\",\"datePublished\":\"2022-09-05T23:15:00+00:00\",\"breadcrumb\":{\"@id\":\"https:\\\/\\\/lasentinelle.dz\\\/index.php\\\/2022\\\/09\\\/06\\\/parlement-le-bilan-du-gouvernement-presente-dans-les-prochains-jours\\\/#breadcrumb\"},\"inLanguage\":\"fr-FR\",\"potentialAction\":[{\"@type\":\"ReadAction\",\"target\":[\"https:\\\/\\\/lasentinelle.dz\\\/index.php\\\/2022\\\/09\\\/06\\\/parlement-le-bilan-du-gouvernement-presente-dans-les-prochains-jours\\\/\"]}]},{\"@type\":\"ImageObject\",\"inLanguage\":\"fr-FR\",\"@id\":\"https:\\\/\\\/lasentinelle.dz\\\/index.php\\\/2022\\\/09\\\/06\\\/parlement-le-bilan-du-gouvernement-presente-dans-les-prochains-jours\\\/#primaryimage\",\"url\":\"https:\\\/\\\/lasentinelle.dz\\\/wp-content\\\/uploads\\\/2021\\\/07\\\/APN.png\",\"contentUrl\":\"https:\\\/\\\/lasentinelle.dz\\\/wp-content\\\/uploads\\\/2021\\\/07\\\/APN.png\",\"width\":1607,\"height\":900},{\"@type\":\"BreadcrumbList\",\"@id\":\"https:\\\/\\\/lasentinelle.dz\\\/index.php\\\/2022\\\/09\\\/06\\\/parlement-le-bilan-du-gouvernement-presente-dans-les-prochains-jours\\\/#breadcrumb\",\"itemListElement\":[{\"@type\":\"ListItem\",\"position\":1,\"name\":\"Accueil\",\"item\":\"https:\\\/\\\/lasentinelle.dz\\\/\"},{\"@type\":\"ListItem\",\"position\":2,\"name\":\"Parlement\u00a0: Le bilan du gouvernement pr\u00e9sent\u00e9 dans les prochains jours\"}]},{\"@type\":\"WebSite\",\"@id\":\"https:\\\/\\\/lasentinelle.dz\\\/#website\",\"url\":\"https:\\\/\\\/lasentinelle.dz\\\/\",\"name\":\"La Sentinelle\",\"description\":\"Quotidien national d&#039;information\",\"publisher\":{\"@id\":\"https:\\\/\\\/lasentinelle.dz\\\/#organization\"},\"potentialAction\":[{\"@type\":\"SearchAction\",\"target\":{\"@type\":\"EntryPoint\",\"urlTemplate\":\"https:\\\/\\\/lasentinelle.dz\\\/?s={search_term_string}\"},\"query-input\":{\"@type\":\"PropertyValueSpecification\",\"valueRequired\":true,\"valueName\":\"search_term_string\"}}],\"inLanguage\":\"fr-FR\"},{\"@type\":\"Organization\",\"@id\":\"https:\\\/\\\/lasentinelle.dz\\\/#organization\",\"name\":\"Quotidien La Sentinelle\",\"url\":\"https:\\\/\\\/lasentinelle.dz\\\/\",\"logo\":{\"@type\":\"ImageObject\",\"inLanguage\":\"fr-FR\",\"@id\":\"https:\\\/\\\/lasentinelle.dz\\\/#\\\/schema\\\/logo\\\/image\\\/\",\"url\":\"https:\\\/\\\/lasentinelle.dz\\\/wp-content\\\/uploads\\\/2021\\\/09\\\/logo-sentinelleSLOGAN-1.png\",\"contentUrl\":\"https:\\\/\\\/lasentinelle.dz\\\/wp-content\\\/uploads\\\/2021\\\/09\\\/logo-sentinelleSLOGAN-1.png\",\"width\":615,\"height\":142,\"caption\":\"Quotidien La Sentinelle\"},\"image\":{\"@id\":\"https:\\\/\\\/lasentinelle.dz\\\/#\\\/schema\\\/logo\\\/image\\\/\"},\"sameAs\":[\"https:\\\/\\\/www.facebook.com\\\/La-Sentinelle-104059864394773\"]},{\"@type\":\"Person\",\"@id\":\"https:\\\/\\\/lasentinelle.dz\\\/#\\\/schema\\\/person\\\/d865044e22e70a75174ce8bcad3acfb3\",\"name\":\"La Sentinelle\",\"image\":{\"@type\":\"ImageObject\",\"inLanguage\":\"fr-FR\",\"@id\":\"https:\\\/\\\/secure.gravatar.com\\\/avatar\\\/57de8e5d4b15d43fb361a71fbb36338450fe67865b528a43dd10ef7c51a20392?s=96&d=mm&r=g\",\"url\":\"https:\\\/\\\/secure.gravatar.com\\\/avatar\\\/57de8e5d4b15d43fb361a71fbb36338450fe67865b528a43dd10ef7c51a20392?s=96&d=mm&r=g\",\"contentUrl\":\"https:\\\/\\\/secure.gravatar.com\\\/avatar\\\/57de8e5d4b15d43fb361a71fbb36338450fe67865b528a43dd10ef7c51a20392?s=96&d=mm&r=g\",\"caption\":\"La Sentinelle\"},\"sameAs\":[\"http:\\\/\\\/www.lasentinelle.dz\"],\"url\":\"https:\\\/\\\/lasentinelle.dz\\\/author\\\/redaction\\\/\"}]}<\/script>\n<!-- \/ Yoast SEO plugin. -->","yoast_head_json":{"title":"Parlement\u00a0: Le bilan du gouvernement pr\u00e9sent\u00e9 dans les prochains jours - La Sentinelle","robots":{"index":"index","follow":"follow","max-snippet":"max-snippet:-1","max-image-preview":"max-image-preview:large","max-video-preview":"max-video-preview:-1"},"canonical":"https:\/\/lasentinelle.dz\/index.php\/2022\/09\/06\/parlement-le-bilan-du-gouvernement-presente-dans-les-prochains-jours\/","og_locale":"fr_FR","og_type":"article","og_title":"Parlement\u00a0: Le bilan du gouvernement pr\u00e9sent\u00e9 dans les prochains jours - La Sentinelle","og_description":"Les pr\u00e9sidents du Conseil de la nation, Salah Goudjil, et de l&rsquo;Assembl\u00e9e populaire nationale (APN), Brahim Boughali ont copr\u00e9sid\u00e9 dimanche","og_url":"https:\/\/lasentinelle.dz\/index.php\/2022\/09\/06\/parlement-le-bilan-du-gouvernement-presente-dans-les-prochains-jours\/","og_site_name":"La Sentinelle","article_publisher":"https:\/\/www.facebook.com\/La-Sentinelle-104059864394773","article_published_time":"2022-09-05T23:15:00+00:00","og_image":[{"width":1607,"height":900,"url":"https:\/\/lasentinelle.dz\/wp-content\/uploads\/2021\/07\/APN.png","type":"image\/png"}],"author":"La Sentinelle","twitter_card":"summary_large_image","twitter_misc":{"\u00c9crit par":"La Sentinelle","Dur\u00e9e de lecture estim\u00e9e":"4 minutes"},"schema":{"@context":"https:\/\/schema.org","@graph":[{"@type":"Article","@id":"https:\/\/lasentinelle.dz\/index.php\/2022\/09\/06\/parlement-le-bilan-du-gouvernement-presente-dans-les-prochains-jours\/#article","isPartOf":{"@id":"https:\/\/lasentinelle.dz\/index.php\/2022\/09\/06\/parlement-le-bilan-du-gouvernement-presente-dans-les-prochains-jours\/"},"author":{"name":"La Sentinelle","@id":"https:\/\/lasentinelle.dz\/#\/schema\/person\/d865044e22e70a75174ce8bcad3acfb3"},"headline":"Parlement\u00a0: Le bilan du gouvernement pr\u00e9sent\u00e9 dans les prochains jours","datePublished":"2022-09-05T23:15:00+00:00","mainEntityOfPage":{"@id":"https:\/\/lasentinelle.dz\/index.php\/2022\/09\/06\/parlement-le-bilan-du-gouvernement-presente-dans-les-prochains-jours\/"},"wordCount":827,"commentCount":0,"publisher":{"@id":"https:\/\/lasentinelle.dz\/#organization"},"image":{"@id":"https:\/\/lasentinelle.dz\/index.php\/2022\/09\/06\/parlement-le-bilan-du-gouvernement-presente-dans-les-prochains-jours\/#primaryimage"},"thumbnailUrl":"https:\/\/lasentinelle.dz\/wp-content\/uploads\/2021\/07\/APN.png","articleSection":["\u00c0 la Une","Actualit\u00e9"],"inLanguage":"fr-FR","potentialAction":[{"@type":"CommentAction","name":"Comment","target":["https:\/\/lasentinelle.dz\/index.php\/2022\/09\/06\/parlement-le-bilan-du-gouvernement-presente-dans-les-prochains-jours\/#respond"]}]},{"@type":"WebPage","@id":"https:\/\/lasentinelle.dz\/index.php\/2022\/09\/06\/parlement-le-bilan-du-gouvernement-presente-dans-les-prochains-jours\/","url":"https:\/\/lasentinelle.dz\/index.php\/2022\/09\/06\/parlement-le-bilan-du-gouvernement-presente-dans-les-prochains-jours\/","name":"Parlement\u00a0: Le bilan du gouvernement pr\u00e9sent\u00e9 dans les prochains jours - La Sentinelle","isPartOf":{"@id":"https:\/\/lasentinelle.dz\/#website"},"primaryImageOfPage":{"@id":"https:\/\/lasentinelle.dz\/index.php\/2022\/09\/06\/parlement-le-bilan-du-gouvernement-presente-dans-les-prochains-jours\/#primaryimage"},"image":{"@id":"https:\/\/lasentinelle.dz\/index.php\/2022\/09\/06\/parlement-le-bilan-du-gouvernement-presente-dans-les-prochains-jours\/#primaryimage"},"thumbnailUrl":"https:\/\/lasentinelle.dz\/wp-content\/uploads\/2021\/07\/APN.png","datePublished":"2022-09-05T23:15:00+00:00","breadcrumb":{"@id":"https:\/\/lasentinelle.dz\/index.php\/2022\/09\/06\/parlement-le-bilan-du-gouvernement-presente-dans-les-prochains-jours\/#breadcrumb"},"inLanguage":"fr-FR","potentialAction":[{"@type":"ReadAction","target":["https:\/\/lasentinelle.dz\/index.php\/2022\/09\/06\/parlement-le-bilan-du-gouvernement-presente-dans-les-prochains-jours\/"]}]},{"@type":"ImageObject","inLanguage":"fr-FR","@id":"https:\/\/lasentinelle.dz\/index.php\/2022\/09\/06\/parlement-le-bilan-du-gouvernement-presente-dans-les-prochains-jours\/#primaryimage","url":"https:\/\/lasentinelle.dz\/wp-content\/uploads\/2021\/07\/APN.png","contentUrl":"https:\/\/lasentinelle.dz\/wp-content\/uploads\/2021\/07\/APN.png","width":1607,"height":900},{"@type":"BreadcrumbList","@id":"https:\/\/lasentinelle.dz\/index.php\/2022\/09\/06\/parlement-le-bilan-du-gouvernement-presente-dans-les-prochains-jours\/#breadcrumb","itemListElement":[{"@type":"ListItem","position":1,"name":"Accueil","item":"https:\/\/lasentinelle.dz\/"},{"@type":"ListItem","position":2,"name":"Parlement\u00a0: Le bilan du gouvernement pr\u00e9sent\u00e9 dans les prochains jours"}]},{"@type":"WebSite","@id":"https:\/\/lasentinelle.dz\/#website","url":"https:\/\/lasentinelle.dz\/","name":"La Sentinelle","description":"Quotidien national d&#039;information","publisher":{"@id":"https:\/\/lasentinelle.dz\/#organization"},"potentialAction":[{"@type":"SearchAction","target":{"@type":"EntryPoint","urlTemplate":"https:\/\/lasentinelle.dz\/?s={search_term_string}"},"query-input":{"@type":"PropertyValueSpecification","valueRequired":true,"valueName":"search_term_string"}}],"inLanguage":"fr-FR"},{"@type":"Organization","@id":"https:\/\/lasentinelle.dz\/#organization","name":"Quotidien La Sentinelle","url":"https:\/\/lasentinelle.dz\/","logo":{"@type":"ImageObject","inLanguage":"fr-FR","@id":"https:\/\/lasentinelle.dz\/#\/schema\/logo\/image\/","url":"https:\/\/lasentinelle.dz\/wp-content\/uploads\/2021\/09\/logo-sentinelleSLOGAN-1.png","contentUrl":"https:\/\/lasentinelle.dz\/wp-content\/uploads\/2021\/09\/logo-sentinelleSLOGAN-1.png","width":615,"height":142,"caption":"Quotidien La Sentinelle"},"image":{"@id":"https:\/\/lasentinelle.dz\/#\/schema\/logo\/image\/"},"sameAs":["https:\/\/www.facebook.com\/La-Sentinelle-104059864394773"]},{"@type":"Person","@id":"https:\/\/lasentinelle.dz\/#\/schema\/person\/d865044e22e70a75174ce8bcad3acfb3","name":"La Sentinelle","image":{"@type":"ImageObject","inLanguage":"fr-FR","@id":"https:\/\/secure.gravatar.com\/avatar\/57de8e5d4b15d43fb361a71fbb36338450fe67865b528a43dd10ef7c51a20392?s=96&d=mm&r=g","url":"https:\/\/secure.gravatar.com\/avatar\/57de8e5d4b15d43fb361a71fbb36338450fe67865b528a43dd10ef7c51a20392?s=96&d=mm&r=g","contentUrl":"https:\/\/secure.gravatar.com\/avatar\/57de8e5d4b15d43fb361a71fbb36338450fe67865b528a43dd10ef7c51a20392?s=96&d=mm&r=g","caption":"La Sentinelle"},"sameAs":["http:\/\/www.lasentinelle.dz"],"url":"https:\/\/lasentinelle.dz\/author\/redaction\/"}]}},"_links":{"self":[{"href":"https:\/\/lasentinelle.dz\/index.php\/wp-json\/wp\/v2\/posts\/26939","targetHints":{"allow":["GET"]}}],"collection":[{"href":"https:\/\/lasentinelle.dz\/index.php\/wp-json\/wp\/v2\/posts"}],"about":[{"href":"https:\/\/lasentinelle.dz\/index.php\/wp-json\/wp\/v2\/types\/post"}],"author":[{"embeddable":true,"href":"https:\/\/lasentinelle.dz\/index.php\/wp-json\/wp\/v2\/users\/3"}],"replies":[{"embeddable":true,"href":"https:\/\/lasentinelle.dz\/index.php\/wp-json\/wp\/v2\/comments?post=26939"}],"version-history":[{"count":1,"href":"https:\/\/lasentinelle.dz\/index.php\/wp-json\/wp\/v2\/posts\/26939\/revisions"}],"predecessor-version":[{"id":26940,"href":"https:\/\/lasentinelle.dz\/index.php\/wp-json\/wp\/v2\/posts\/26939\/revisions\/26940"}],"wp:featuredmedia":[{"embeddable":true,"href":"https:\/\/lasentinelle.dz\/index.php\/wp-json\/wp\/v2\/media\/1386"}],"wp:attachment":[{"href":"https:\/\/lasentinelle.dz\/index.php\/wp-json\/wp\/v2\/media?parent=26939"}],"wp:term":[{"taxonomy":"category","embeddable":true,"href":"https:\/\/lasentinelle.dz\/index.php\/wp-json\/wp\/v2\/categories?post=26939"},{"taxonomy":"post_tag","embeddable":true,"href":"https:\/\/lasentinelle.dz\/index.php\/wp-json\/wp\/v2\/tags?post=26939"}],"curies":[{"name":"wp","href":"https:\/\/api.w.org\/{rel}","templated":true}]}}