{"id":26956,"date":"2022-09-07T00:01:00","date_gmt":"2022-09-06T23:01:00","guid":{"rendered":"https:\/\/lasentinelle.dz\/?p=26956"},"modified":"2022-09-07T09:49:09","modified_gmt":"2022-09-07T08:49:09","slug":"une-brillante-absence","status":"publish","type":"post","link":"https:\/\/lasentinelle.dz\/index.php\/2022\/09\/07\/une-brillante-absence\/","title":{"rendered":"Une brillante absence\u00a0!"},"content":{"rendered":"\n<p>Moh VI retenu par des invit\u00e9s venus de loin, annonce qu\u2019il ne peut pas \u00eatre pr\u00e9sent au Sommet arabe d\u2019Alger. Selon des amis proches de Moh VI rencontr\u00e9s \u00e0 la sortie d\u2019un bar \u00e0\u00a0la Place de Clichy, \u00e0 Paris, leur ami serait en rogne pour ne pas avoir \u00e9t\u00e9 invit\u00e9 le premier. Mais officiellement, Moh VI affirme ne pas pouvoir venir \u00e0 Alger \u00e0 cause de ses invit\u00e9s. Ils sont venus et sont tous l\u00e0. Il y a Shlomo, Mosh\u00e9, Shoshana, Aaron, Ziva et Ariel. Il manquait juste Binyamin. Ils avaient des cadeaux pleins les bras, des petits avions qui volent sans pilotes, un logiciel pour jouer aux apprentis espions, quelques bricoles, des explosifs et des photos. Ah, les photos, oui, celles montrant de petits Palestiniens morts ou bless\u00e9s, il y avait m\u00eame une photo de Shireen Abu Akleh, allong\u00e9e sur le sol. Il y avait aussi des photos de sc\u00e8nes de prison mais surtout des vid\u00e9os de \u00ab\u00a0nobles\u00a0\u00bb colons squattant des terres appartenant \u00e0 des Arabes et des Musulmans expropri\u00e9s. Ce qui a ravi les soir\u00e9es de Moh VI, aux anges devant de tels pr\u00e9sents. L\u2019h\u00f4te, grand seigneur, \u00e9tait radieux de pouvoir partager du pain azyme cuit sp\u00e9cialement pour lui par la femme de zion. Tebboune, p\u00e9tri dans la tradition et la g\u00e9n\u00e9rosit\u00e9 a vite compris \u00ab\u00a0l\u2019obligation \u00bb de son voisin de l\u2019Ouest \u00e0 qui il a pardonn\u00e9 cette absence motiv\u00e9e et justifi\u00e9e. On ne doit pas laisser seuls des invit\u00e9s venus de tr\u00e8s loin, traversant le d\u00e9sert du N\u00e9guev et surtout quand ils ram\u00e8nent autant de choses qui feront mourir d\u2019envie l\u2019autre voisin, \u00ab\u00a0moul el gaz\u00a0\u00bb. Et puis les Arabes et leur sommet, pffff\u00a0! doit se dire Moh VI.<\/p>\n","protected":false},"excerpt":{"rendered":"<p>Moh VI retenu par des invit\u00e9s venus de loin, annonce qu\u2019il ne peut pas \u00eatre pr\u00e9sent au Sommet arabe d\u2019Alger.<\/p>\n","protected":false},"author":2,"featured_media":26958,"comment_status":"open","ping_status":"closed","sticky":false,"template":"","format":"standard","meta":{"colormag_page_container_layout":"default_layout","colormag_page_sidebar_layout":"default_layout","om_disable_all_campaigns":false,"_monsterinsights_skip_tracking":false,"_monsterinsights_sitenote_active":false,"_monsterinsights_sitenote_note":"","_monsterinsights_sitenote_category":0,"footnotes":"","_wpscppro_dont_share_socialmedia":false,"_wpscppro_custom_social_share_image":0,"_facebook_share_type":"","_twitter_share_type":"","_linkedin_share_type":"","_pinterest_share_type":"","_linkedin_share_type_page":"","_instagram_share_type":"","_medium_share_type":"","_threads_share_type":"","_google_business_share_type":"","_selected_social_profile":[],"_wpsp_enable_custom_social_template":false,"_wpsp_social_scheduling":{"enabled":false,"datetime":null,"platforms":[],"status":"template_only","dateOption":"today","timeOption":"now","customDays":"","customHours":"","customDate":"","customTime":"","schedulingType":"absolute"},"_wpsp_active_default_template":true},"categories":[38,55],"tags":[],"class_list":["post-26956","post","type-post","status-publish","format-standard","has-post-thumbnail","hentry","category-debats","category-chronique"],"aioseo_notices":[],"yoast_head":"<!-- This site is optimized with the Yoast SEO plugin v27.5 - https:\/\/yoast.com\/product\/yoast-seo-wordpress\/ -->\n<title>Une brillante absence\u00a0! - La Sentinelle<\/title>\n<meta name=\"robots\" content=\"index, follow, max-snippet:-1, max-image-preview:large, max-video-preview:-1\" \/>\n<link rel=\"canonical\" href=\"https:\/\/lasentinelle.dz\/index.php\/2022\/09\/07\/une-brillante-absence\/\" \/>\n<meta property=\"og:locale\" content=\"fr_FR\" \/>\n<meta property=\"og:type\" content=\"article\" \/>\n<meta property=\"og:title\" content=\"Une brillante absence\u00a0! - La Sentinelle\" \/>\n<meta property=\"og:description\" content=\"Moh VI retenu par des invit\u00e9s venus de loin, annonce qu\u2019il ne peut pas \u00eatre pr\u00e9sent au Sommet arabe d\u2019Alger.\" \/>\n<meta property=\"og:url\" content=\"https:\/\/lasentinelle.dz\/index.php\/2022\/09\/07\/une-brillante-absence\/\" \/>\n<meta property=\"og:site_name\" content=\"La Sentinelle\" \/>\n<meta property=\"article:publisher\" content=\"https:\/\/www.facebook.com\/La-Sentinelle-104059864394773\" \/>\n<meta property=\"article:published_time\" content=\"2022-09-06T23:01:00+00:00\" \/>\n<meta property=\"article:modified_time\" content=\"2022-09-07T08:49:09+00:00\" \/>\n<meta property=\"og:image\" content=\"https:\/\/lasentinelle.dz\/wp-content\/uploads\/2022\/09\/chronique-1.png\" \/>\n\t<meta property=\"og:image:width\" content=\"225\" \/>\n\t<meta property=\"og:image:height\" content=\"172\" \/>\n\t<meta property=\"og:image:type\" content=\"image\/png\" \/>\n<meta name=\"author\" content=\"Azzedine Belferag\" \/>\n<meta name=\"twitter:card\" content=\"summary_large_image\" \/>\n<meta name=\"twitter:label1\" content=\"\u00c9crit par\" \/>\n\t<meta name=\"twitter:data1\" content=\"Azzedine Belferag\" \/>\n\t<meta name=\"twitter:label2\" content=\"Dur\u00e9e de lecture estim\u00e9e\" \/>\n\t<meta name=\"twitter:data2\" content=\"2 minutes\" \/>\n<script type=\"application\/ld+json\" class=\"yoast-schema-graph\">{\"@context\":\"https:\\\/\\\/schema.org\",\"@graph\":[{\"@type\":\"Article\",\"@id\":\"https:\\\/\\\/lasentinelle.dz\\\/index.php\\\/2022\\\/09\\\/07\\\/une-brillante-absence\\\/#article\",\"isPartOf\":{\"@id\":\"https:\\\/\\\/lasentinelle.dz\\\/index.php\\\/2022\\\/09\\\/07\\\/une-brillante-absence\\\/\"},\"author\":{\"name\":\"Azzedine Belferag\",\"@id\":\"https:\\\/\\\/lasentinelle.dz\\\/#\\\/schema\\\/person\\\/e22c868643946ece5f328ac9d185b29f\"},\"headline\":\"Une brillante absence\u00a0!\",\"datePublished\":\"2022-09-06T23:01:00+00:00\",\"dateModified\":\"2022-09-07T08:49:09+00:00\",\"mainEntityOfPage\":{\"@id\":\"https:\\\/\\\/lasentinelle.dz\\\/index.php\\\/2022\\\/09\\\/07\\\/une-brillante-absence\\\/\"},\"wordCount\":309,\"commentCount\":0,\"publisher\":{\"@id\":\"https:\\\/\\\/lasentinelle.dz\\\/#organization\"},\"image\":{\"@id\":\"https:\\\/\\\/lasentinelle.dz\\\/index.php\\\/2022\\\/09\\\/07\\\/une-brillante-absence\\\/#primaryimage\"},\"thumbnailUrl\":\"https:\\\/\\\/lasentinelle.dz\\\/wp-content\\\/uploads\\\/2022\\\/09\\\/chronique-1.png\",\"articleSection\":[\"D\u00e9bats\",\"La Chronique\"],\"inLanguage\":\"fr-FR\",\"potentialAction\":[{\"@type\":\"CommentAction\",\"name\":\"Comment\",\"target\":[\"https:\\\/\\\/lasentinelle.dz\\\/index.php\\\/2022\\\/09\\\/07\\\/une-brillante-absence\\\/#respond\"]}]},{\"@type\":\"WebPage\",\"@id\":\"https:\\\/\\\/lasentinelle.dz\\\/index.php\\\/2022\\\/09\\\/07\\\/une-brillante-absence\\\/\",\"url\":\"https:\\\/\\\/lasentinelle.dz\\\/index.php\\\/2022\\\/09\\\/07\\\/une-brillante-absence\\\/\",\"name\":\"Une brillante absence\u00a0! - La Sentinelle\",\"isPartOf\":{\"@id\":\"https:\\\/\\\/lasentinelle.dz\\\/#website\"},\"primaryImageOfPage\":{\"@id\":\"https:\\\/\\\/lasentinelle.dz\\\/index.php\\\/2022\\\/09\\\/07\\\/une-brillante-absence\\\/#primaryimage\"},\"image\":{\"@id\":\"https:\\\/\\\/lasentinelle.dz\\\/index.php\\\/2022\\\/09\\\/07\\\/une-brillante-absence\\\/#primaryimage\"},\"thumbnailUrl\":\"https:\\\/\\\/lasentinelle.dz\\\/wp-content\\\/uploads\\\/2022\\\/09\\\/chronique-1.png\",\"datePublished\":\"2022-09-06T23:01:00+00:00\",\"dateModified\":\"2022-09-07T08:49:09+00:00\",\"breadcrumb\":{\"@id\":\"https:\\\/\\\/lasentinelle.dz\\\/index.php\\\/2022\\\/09\\\/07\\\/une-brillante-absence\\\/#breadcrumb\"},\"inLanguage\":\"fr-FR\",\"potentialAction\":[{\"@type\":\"ReadAction\",\"target\":[\"https:\\\/\\\/lasentinelle.dz\\\/index.php\\\/2022\\\/09\\\/07\\\/une-brillante-absence\\\/\"]}]},{\"@type\":\"ImageObject\",\"inLanguage\":\"fr-FR\",\"@id\":\"https:\\\/\\\/lasentinelle.dz\\\/index.php\\\/2022\\\/09\\\/07\\\/une-brillante-absence\\\/#primaryimage\",\"url\":\"https:\\\/\\\/lasentinelle.dz\\\/wp-content\\\/uploads\\\/2022\\\/09\\\/chronique-1.png\",\"contentUrl\":\"https:\\\/\\\/lasentinelle.dz\\\/wp-content\\\/uploads\\\/2022\\\/09\\\/chronique-1.png\",\"width\":225,\"height\":172},{\"@type\":\"BreadcrumbList\",\"@id\":\"https:\\\/\\\/lasentinelle.dz\\\/index.php\\\/2022\\\/09\\\/07\\\/une-brillante-absence\\\/#breadcrumb\",\"itemListElement\":[{\"@type\":\"ListItem\",\"position\":1,\"name\":\"Accueil\",\"item\":\"https:\\\/\\\/lasentinelle.dz\\\/\"},{\"@type\":\"ListItem\",\"position\":2,\"name\":\"Une brillante absence\u00a0!\"}]},{\"@type\":\"WebSite\",\"@id\":\"https:\\\/\\\/lasentinelle.dz\\\/#website\",\"url\":\"https:\\\/\\\/lasentinelle.dz\\\/\",\"name\":\"La Sentinelle\",\"description\":\"Quotidien national d&#039;information\",\"publisher\":{\"@id\":\"https:\\\/\\\/lasentinelle.dz\\\/#organization\"},\"potentialAction\":[{\"@type\":\"SearchAction\",\"target\":{\"@type\":\"EntryPoint\",\"urlTemplate\":\"https:\\\/\\\/lasentinelle.dz\\\/?s={search_term_string}\"},\"query-input\":{\"@type\":\"PropertyValueSpecification\",\"valueRequired\":true,\"valueName\":\"search_term_string\"}}],\"inLanguage\":\"fr-FR\"},{\"@type\":\"Organization\",\"@id\":\"https:\\\/\\\/lasentinelle.dz\\\/#organization\",\"name\":\"Quotidien La Sentinelle\",\"url\":\"https:\\\/\\\/lasentinelle.dz\\\/\",\"logo\":{\"@type\":\"ImageObject\",\"inLanguage\":\"fr-FR\",\"@id\":\"https:\\\/\\\/lasentinelle.dz\\\/#\\\/schema\\\/logo\\\/image\\\/\",\"url\":\"https:\\\/\\\/lasentinelle.dz\\\/wp-content\\\/uploads\\\/2021\\\/09\\\/logo-sentinelleSLOGAN-1.png\",\"contentUrl\":\"https:\\\/\\\/lasentinelle.dz\\\/wp-content\\\/uploads\\\/2021\\\/09\\\/logo-sentinelleSLOGAN-1.png\",\"width\":615,\"height\":142,\"caption\":\"Quotidien La Sentinelle\"},\"image\":{\"@id\":\"https:\\\/\\\/lasentinelle.dz\\\/#\\\/schema\\\/logo\\\/image\\\/\"},\"sameAs\":[\"https:\\\/\\\/www.facebook.com\\\/La-Sentinelle-104059864394773\"]},{\"@type\":\"Person\",\"@id\":\"https:\\\/\\\/lasentinelle.dz\\\/#\\\/schema\\\/person\\\/e22c868643946ece5f328ac9d185b29f\",\"name\":\"Azzedine Belferag\",\"image\":{\"@type\":\"ImageObject\",\"inLanguage\":\"fr-FR\",\"@id\":\"https:\\\/\\\/secure.gravatar.com\\\/avatar\\\/767ecc3bfcf23cd6d0dae1705f124feb13a88fded1daa56498e4fb3aa3fc36a1?s=96&d=mm&r=g\",\"url\":\"https:\\\/\\\/secure.gravatar.com\\\/avatar\\\/767ecc3bfcf23cd6d0dae1705f124feb13a88fded1daa56498e4fb3aa3fc36a1?s=96&d=mm&r=g\",\"contentUrl\":\"https:\\\/\\\/secure.gravatar.com\\\/avatar\\\/767ecc3bfcf23cd6d0dae1705f124feb13a88fded1daa56498e4fb3aa3fc36a1?s=96&d=mm&r=g\",\"caption\":\"Azzedine Belferag\"},\"sameAs\":[\"http:\\\/\\\/www.lasentinelle.dz\"],\"url\":\"https:\\\/\\\/lasentinelle.dz\\\/author\\\/belferag\\\/\"}]}<\/script>\n<!-- \/ Yoast SEO plugin. -->","yoast_head_json":{"title":"Une brillante absence\u00a0! - La Sentinelle","robots":{"index":"index","follow":"follow","max-snippet":"max-snippet:-1","max-image-preview":"max-image-preview:large","max-video-preview":"max-video-preview:-1"},"canonical":"https:\/\/lasentinelle.dz\/index.php\/2022\/09\/07\/une-brillante-absence\/","og_locale":"fr_FR","og_type":"article","og_title":"Une brillante absence\u00a0! - La Sentinelle","og_description":"Moh VI retenu par des invit\u00e9s venus de loin, annonce qu\u2019il ne peut pas \u00eatre pr\u00e9sent au Sommet arabe d\u2019Alger.","og_url":"https:\/\/lasentinelle.dz\/index.php\/2022\/09\/07\/une-brillante-absence\/","og_site_name":"La Sentinelle","article_publisher":"https:\/\/www.facebook.com\/La-Sentinelle-104059864394773","article_published_time":"2022-09-06T23:01:00+00:00","article_modified_time":"2022-09-07T08:49:09+00:00","og_image":[{"width":225,"height":172,"url":"https:\/\/lasentinelle.dz\/wp-content\/uploads\/2022\/09\/chronique-1.png","type":"image\/png"}],"author":"Azzedine Belferag","twitter_card":"summary_large_image","twitter_misc":{"\u00c9crit par":"Azzedine Belferag","Dur\u00e9e de lecture estim\u00e9e":"2 minutes"},"schema":{"@context":"https:\/\/schema.org","@graph":[{"@type":"Article","@id":"https:\/\/lasentinelle.dz\/index.php\/2022\/09\/07\/une-brillante-absence\/#article","isPartOf":{"@id":"https:\/\/lasentinelle.dz\/index.php\/2022\/09\/07\/une-brillante-absence\/"},"author":{"name":"Azzedine Belferag","@id":"https:\/\/lasentinelle.dz\/#\/schema\/person\/e22c868643946ece5f328ac9d185b29f"},"headline":"Une brillante absence\u00a0!","datePublished":"2022-09-06T23:01:00+00:00","dateModified":"2022-09-07T08:49:09+00:00","mainEntityOfPage":{"@id":"https:\/\/lasentinelle.dz\/index.php\/2022\/09\/07\/une-brillante-absence\/"},"wordCount":309,"commentCount":0,"publisher":{"@id":"https:\/\/lasentinelle.dz\/#organization"},"image":{"@id":"https:\/\/lasentinelle.dz\/index.php\/2022\/09\/07\/une-brillante-absence\/#primaryimage"},"thumbnailUrl":"https:\/\/lasentinelle.dz\/wp-content\/uploads\/2022\/09\/chronique-1.png","articleSection":["D\u00e9bats","La Chronique"],"inLanguage":"fr-FR","potentialAction":[{"@type":"CommentAction","name":"Comment","target":["https:\/\/lasentinelle.dz\/index.php\/2022\/09\/07\/une-brillante-absence\/#respond"]}]},{"@type":"WebPage","@id":"https:\/\/lasentinelle.dz\/index.php\/2022\/09\/07\/une-brillante-absence\/","url":"https:\/\/lasentinelle.dz\/index.php\/2022\/09\/07\/une-brillante-absence\/","name":"Une brillante absence\u00a0! - La Sentinelle","isPartOf":{"@id":"https:\/\/lasentinelle.dz\/#website"},"primaryImageOfPage":{"@id":"https:\/\/lasentinelle.dz\/index.php\/2022\/09\/07\/une-brillante-absence\/#primaryimage"},"image":{"@id":"https:\/\/lasentinelle.dz\/index.php\/2022\/09\/07\/une-brillante-absence\/#primaryimage"},"thumbnailUrl":"https:\/\/lasentinelle.dz\/wp-content\/uploads\/2022\/09\/chronique-1.png","datePublished":"2022-09-06T23:01:00+00:00","dateModified":"2022-09-07T08:49:09+00:00","breadcrumb":{"@id":"https:\/\/lasentinelle.dz\/index.php\/2022\/09\/07\/une-brillante-absence\/#breadcrumb"},"inLanguage":"fr-FR","potentialAction":[{"@type":"ReadAction","target":["https:\/\/lasentinelle.dz\/index.php\/2022\/09\/07\/une-brillante-absence\/"]}]},{"@type":"ImageObject","inLanguage":"fr-FR","@id":"https:\/\/lasentinelle.dz\/index.php\/2022\/09\/07\/une-brillante-absence\/#primaryimage","url":"https:\/\/lasentinelle.dz\/wp-content\/uploads\/2022\/09\/chronique-1.png","contentUrl":"https:\/\/lasentinelle.dz\/wp-content\/uploads\/2022\/09\/chronique-1.png","width":225,"height":172},{"@type":"BreadcrumbList","@id":"https:\/\/lasentinelle.dz\/index.php\/2022\/09\/07\/une-brillante-absence\/#breadcrumb","itemListElement":[{"@type":"ListItem","position":1,"name":"Accueil","item":"https:\/\/lasentinelle.dz\/"},{"@type":"ListItem","position":2,"name":"Une brillante absence\u00a0!"}]},{"@type":"WebSite","@id":"https:\/\/lasentinelle.dz\/#website","url":"https:\/\/lasentinelle.dz\/","name":"La Sentinelle","description":"Quotidien national d&#039;information","publisher":{"@id":"https:\/\/lasentinelle.dz\/#organization"},"potentialAction":[{"@type":"SearchAction","target":{"@type":"EntryPoint","urlTemplate":"https:\/\/lasentinelle.dz\/?s={search_term_string}"},"query-input":{"@type":"PropertyValueSpecification","valueRequired":true,"valueName":"search_term_string"}}],"inLanguage":"fr-FR"},{"@type":"Organization","@id":"https:\/\/lasentinelle.dz\/#organization","name":"Quotidien La Sentinelle","url":"https:\/\/lasentinelle.dz\/","logo":{"@type":"ImageObject","inLanguage":"fr-FR","@id":"https:\/\/lasentinelle.dz\/#\/schema\/logo\/image\/","url":"https:\/\/lasentinelle.dz\/wp-content\/uploads\/2021\/09\/logo-sentinelleSLOGAN-1.png","contentUrl":"https:\/\/lasentinelle.dz\/wp-content\/uploads\/2021\/09\/logo-sentinelleSLOGAN-1.png","width":615,"height":142,"caption":"Quotidien La Sentinelle"},"image":{"@id":"https:\/\/lasentinelle.dz\/#\/schema\/logo\/image\/"},"sameAs":["https:\/\/www.facebook.com\/La-Sentinelle-104059864394773"]},{"@type":"Person","@id":"https:\/\/lasentinelle.dz\/#\/schema\/person\/e22c868643946ece5f328ac9d185b29f","name":"Azzedine Belferag","image":{"@type":"ImageObject","inLanguage":"fr-FR","@id":"https:\/\/secure.gravatar.com\/avatar\/767ecc3bfcf23cd6d0dae1705f124feb13a88fded1daa56498e4fb3aa3fc36a1?s=96&d=mm&r=g","url":"https:\/\/secure.gravatar.com\/avatar\/767ecc3bfcf23cd6d0dae1705f124feb13a88fded1daa56498e4fb3aa3fc36a1?s=96&d=mm&r=g","contentUrl":"https:\/\/secure.gravatar.com\/avatar\/767ecc3bfcf23cd6d0dae1705f124feb13a88fded1daa56498e4fb3aa3fc36a1?s=96&d=mm&r=g","caption":"Azzedine Belferag"},"sameAs":["http:\/\/www.lasentinelle.dz"],"url":"https:\/\/lasentinelle.dz\/author\/belferag\/"}]}},"_links":{"self":[{"href":"https:\/\/lasentinelle.dz\/index.php\/wp-json\/wp\/v2\/posts\/26956","targetHints":{"allow":["GET"]}}],"collection":[{"href":"https:\/\/lasentinelle.dz\/index.php\/wp-json\/wp\/v2\/posts"}],"about":[{"href":"https:\/\/lasentinelle.dz\/index.php\/wp-json\/wp\/v2\/types\/post"}],"author":[{"embeddable":true,"href":"https:\/\/lasentinelle.dz\/index.php\/wp-json\/wp\/v2\/users\/2"}],"replies":[{"embeddable":true,"href":"https:\/\/lasentinelle.dz\/index.php\/wp-json\/wp\/v2\/comments?post=26956"}],"version-history":[{"count":2,"href":"https:\/\/lasentinelle.dz\/index.php\/wp-json\/wp\/v2\/posts\/26956\/revisions"}],"predecessor-version":[{"id":27024,"href":"https:\/\/lasentinelle.dz\/index.php\/wp-json\/wp\/v2\/posts\/26956\/revisions\/27024"}],"wp:featuredmedia":[{"embeddable":true,"href":"https:\/\/lasentinelle.dz\/index.php\/wp-json\/wp\/v2\/media\/26958"}],"wp:attachment":[{"href":"https:\/\/lasentinelle.dz\/index.php\/wp-json\/wp\/v2\/media?parent=26956"}],"wp:term":[{"taxonomy":"category","embeddable":true,"href":"https:\/\/lasentinelle.dz\/index.php\/wp-json\/wp\/v2\/categories?post=26956"},{"taxonomy":"post_tag","embeddable":true,"href":"https:\/\/lasentinelle.dz\/index.php\/wp-json\/wp\/v2\/tags?post=26956"}],"curies":[{"name":"wp","href":"https:\/\/api.w.org\/{rel}","templated":true}]}}