{"id":26966,"date":"2022-09-07T00:01:00","date_gmt":"2022-09-06T23:01:00","guid":{"rendered":"https:\/\/lasentinelle.dz\/?p=26966"},"modified":"2022-09-06T18:57:41","modified_gmt":"2022-09-06T17:57:41","slug":"madjid-bougherra-les-u17-constituent-un-reservoir-pour-les-verts","status":"publish","type":"post","link":"https:\/\/lasentinelle.dz\/index.php\/2022\/09\/07\/madjid-bougherra-les-u17-constituent-un-reservoir-pour-les-verts\/","title":{"rendered":"Madjid Bougherra : \u00ab\u00a0Les U17 constituent un r\u00e9servoir pour les Verts\u00a0\u00bb"},"content":{"rendered":"\n<p><\/p>\n\n\n\n<p>Le s\u00e9lectionneur de l\u2019\u00c9quipe nationale des joueurs locaux, Madjid Bougherra, continue rechercher des talents pour constituer le groupe avec lequel compte d\u00e9crocher le titre continental lors du prochain championnat d\u2019Afrique des Nations (CHAN-2022).&nbsp;<\/p>\n\n\n\n<p>Apr\u00e8s avoir assist\u00e9 aux matchs du championnat de Ligue 1, le coach de l\u2019EN A\u2019 \u00e9tait lundi \u00e0 Sig pour la demi-finale de la Coupe arabe des U17 remport\u00e9e par les Verts.&nbsp;A l\u2019occasion, Madjid Bougherra a estim\u00e9 que les&nbsp;constituent un riche r\u00e9servoir&nbsp;pour les Verts pour l&rsquo;avenir, notant que les co\u00e9quipiers du gardien Mathias Hammach m\u00e9ritent tout l\u2019accompagnement et le suivi&nbsp;n\u00e9cessaires.<\/p>\n\n\n\n<p>En marge&nbsp;du&nbsp;match de&nbsp;la&nbsp;demi-finale de la Coupe arabe, qui s&rsquo;est sold\u00e9 par la qualification de l&rsquo;\u00e9quipe nationale des moins de 17 ans&nbsp;pour la finale&nbsp;aux d\u00e9pens de son homologue saoudienne&nbsp;par tirs au but (5-4 ), l\u2019ancien d\u00e9fenseur de l\u2019EN&nbsp;a d\u00e9clar\u00e9 dans des d\u00e9clarations qu&rsquo;il a faites aux m\u00e9dias que&nbsp;&nbsp;la formation des U17 \u00ab&nbsp;comprend de bons \u00e9l\u00e9ments dans ses rangs avec un haut niveau technique, et poss\u00e8de les qualit\u00e9s qui la&nbsp;rendent capable d&rsquo;\u00eatre un r\u00e9servoir riche pour l&rsquo;\u00e9quipe nationale \u00e0 l&rsquo;avenir \u00bb, exprimant, au passage, ses v\u0153ux pour que cette \u00e9quipe continue le chemin avec constance et&nbsp;remporte&nbsp;le titre du tournoi organis\u00e9 par l&rsquo;Alg\u00e9rie.<\/p>\n\n\n\n<p>Bougherra n&rsquo;a pas manqu\u00e9 de rendre hommage aux supporters, qui n&rsquo;ont m\u00e9nag\u00e9 aucun effort pour soutenir les petits du s\u00e9lectionneur national&nbsp;Arezki Remmane. Il&nbsp;a&nbsp;indiqu\u00e9 que&nbsp;&nbsp;\u00ab&nbsp;les supporters alg\u00e9riens ont fait l&rsquo;\u00e9v\u00e9nement dans les tribunes du stade, et c&rsquo;est agr\u00e9able d&rsquo;assister aux matchs des \u00e9quipes nationales, ainsi que les matchs du championnat national en pr\u00e9sence de ces grands supporters.\u00a0\u00bb<\/p>\n\n\n\n<p>L&rsquo;\u00e9quipe nationale alg\u00e9rienne des moins de 17 ans affrontera son homologue marocaine, qui a \u00e0 son tour surmont\u00e9 l&rsquo;obstacle de l&rsquo;\u00e9quipe y\u00e9m\u00e9nite, lors de la deuxi\u00e8me demi-finale sur le score de (2-0),&nbsp;demain&nbsp;soir&nbsp;au stade de Sig \u00e0 20h00.<\/p>\n\n\n\n<p>R.S.<\/p>\n","protected":false},"excerpt":{"rendered":"<p>Le s\u00e9lectionneur de l\u2019\u00c9quipe nationale des joueurs locaux, Madjid Bougherra, continue rechercher des talents pour constituer le groupe avec lequel<\/p>\n","protected":false},"author":3,"featured_media":26981,"comment_status":"open","ping_status":"closed","sticky":false,"template":"","format":"standard","meta":{"colormag_page_container_layout":"default_layout","colormag_page_sidebar_layout":"default_layout","om_disable_all_campaigns":false,"_monsterinsights_skip_tracking":false,"_monsterinsights_sitenote_active":false,"_monsterinsights_sitenote_note":"","_monsterinsights_sitenote_category":0,"footnotes":"","_wpscppro_dont_share_socialmedia":false,"_wpscppro_custom_social_share_image":0,"_facebook_share_type":"","_twitter_share_type":"","_linkedin_share_type":"","_pinterest_share_type":"","_linkedin_share_type_page":"","_instagram_share_type":"","_medium_share_type":"","_threads_share_type":"","_google_business_share_type":"","_selected_social_profile":[],"_wpsp_enable_custom_social_template":false,"_wpsp_social_scheduling":{"enabled":false,"datetime":null,"platforms":[],"status":"template_only","dateOption":"today","timeOption":"now","customDays":"","customHours":"","customDate":"","customTime":"","schedulingType":"absolute"},"_wpsp_active_default_template":true},"categories":[33],"tags":[],"class_list":["post-26966","post","type-post","status-publish","format-standard","has-post-thumbnail","hentry","category-sports"],"aioseo_notices":[],"yoast_head":"<!-- This site is optimized with the Yoast SEO plugin v27.5 - https:\/\/yoast.com\/product\/yoast-seo-wordpress\/ -->\n<title>Madjid Bougherra : \u00ab\u00a0Les U17 constituent un r\u00e9servoir pour les Verts\u00a0\u00bb - La Sentinelle<\/title>\n<meta name=\"robots\" content=\"index, follow, max-snippet:-1, max-image-preview:large, max-video-preview:-1\" \/>\n<link rel=\"canonical\" href=\"https:\/\/lasentinelle.dz\/index.php\/2022\/09\/07\/madjid-bougherra-les-u17-constituent-un-reservoir-pour-les-verts\/\" \/>\n<meta property=\"og:locale\" content=\"fr_FR\" \/>\n<meta property=\"og:type\" content=\"article\" \/>\n<meta property=\"og:title\" content=\"Madjid Bougherra : \u00ab\u00a0Les U17 constituent un r\u00e9servoir pour les Verts\u00a0\u00bb - La Sentinelle\" \/>\n<meta property=\"og:description\" content=\"Le s\u00e9lectionneur de l\u2019\u00c9quipe nationale des joueurs locaux, Madjid Bougherra, continue rechercher des talents pour constituer le groupe avec lequel\" \/>\n<meta property=\"og:url\" content=\"https:\/\/lasentinelle.dz\/index.php\/2022\/09\/07\/madjid-bougherra-les-u17-constituent-un-reservoir-pour-les-verts\/\" \/>\n<meta property=\"og:site_name\" content=\"La Sentinelle\" \/>\n<meta property=\"article:publisher\" content=\"https:\/\/www.facebook.com\/La-Sentinelle-104059864394773\" \/>\n<meta property=\"article:published_time\" content=\"2022-09-06T23:01:00+00:00\" \/>\n<meta property=\"og:image\" content=\"https:\/\/lasentinelle.dz\/wp-content\/uploads\/2022\/09\/madjid-bougherra.jpeg\" \/>\n\t<meta property=\"og:image:width\" content=\"2560\" \/>\n\t<meta property=\"og:image:height\" content=\"1440\" \/>\n\t<meta property=\"og:image:type\" content=\"image\/jpeg\" \/>\n<meta name=\"author\" content=\"La Sentinelle\" \/>\n<meta name=\"twitter:card\" content=\"summary_large_image\" \/>\n<meta name=\"twitter:label1\" content=\"\u00c9crit par\" \/>\n\t<meta name=\"twitter:data1\" content=\"La Sentinelle\" \/>\n\t<meta name=\"twitter:label2\" content=\"Dur\u00e9e de lecture estim\u00e9e\" \/>\n\t<meta name=\"twitter:data2\" content=\"2 minutes\" \/>\n<script type=\"application\/ld+json\" class=\"yoast-schema-graph\">{\"@context\":\"https:\\\/\\\/schema.org\",\"@graph\":[{\"@type\":\"Article\",\"@id\":\"https:\\\/\\\/lasentinelle.dz\\\/index.php\\\/2022\\\/09\\\/07\\\/madjid-bougherra-les-u17-constituent-un-reservoir-pour-les-verts\\\/#article\",\"isPartOf\":{\"@id\":\"https:\\\/\\\/lasentinelle.dz\\\/index.php\\\/2022\\\/09\\\/07\\\/madjid-bougherra-les-u17-constituent-un-reservoir-pour-les-verts\\\/\"},\"author\":{\"name\":\"La Sentinelle\",\"@id\":\"https:\\\/\\\/lasentinelle.dz\\\/#\\\/schema\\\/person\\\/d865044e22e70a75174ce8bcad3acfb3\"},\"headline\":\"Madjid Bougherra : \u00ab\u00a0Les U17 constituent un r\u00e9servoir pour les Verts\u00a0\u00bb\",\"datePublished\":\"2022-09-06T23:01:00+00:00\",\"mainEntityOfPage\":{\"@id\":\"https:\\\/\\\/lasentinelle.dz\\\/index.php\\\/2022\\\/09\\\/07\\\/madjid-bougherra-les-u17-constituent-un-reservoir-pour-les-verts\\\/\"},\"wordCount\":393,\"commentCount\":0,\"publisher\":{\"@id\":\"https:\\\/\\\/lasentinelle.dz\\\/#organization\"},\"image\":{\"@id\":\"https:\\\/\\\/lasentinelle.dz\\\/index.php\\\/2022\\\/09\\\/07\\\/madjid-bougherra-les-u17-constituent-un-reservoir-pour-les-verts\\\/#primaryimage\"},\"thumbnailUrl\":\"https:\\\/\\\/lasentinelle.dz\\\/wp-content\\\/uploads\\\/2022\\\/09\\\/madjid-bougherra.jpeg\",\"articleSection\":[\"Sports\"],\"inLanguage\":\"fr-FR\",\"potentialAction\":[{\"@type\":\"CommentAction\",\"name\":\"Comment\",\"target\":[\"https:\\\/\\\/lasentinelle.dz\\\/index.php\\\/2022\\\/09\\\/07\\\/madjid-bougherra-les-u17-constituent-un-reservoir-pour-les-verts\\\/#respond\"]}]},{\"@type\":\"WebPage\",\"@id\":\"https:\\\/\\\/lasentinelle.dz\\\/index.php\\\/2022\\\/09\\\/07\\\/madjid-bougherra-les-u17-constituent-un-reservoir-pour-les-verts\\\/\",\"url\":\"https:\\\/\\\/lasentinelle.dz\\\/index.php\\\/2022\\\/09\\\/07\\\/madjid-bougherra-les-u17-constituent-un-reservoir-pour-les-verts\\\/\",\"name\":\"Madjid Bougherra : \u00ab\u00a0Les U17 constituent un r\u00e9servoir pour les Verts\u00a0\u00bb - La Sentinelle\",\"isPartOf\":{\"@id\":\"https:\\\/\\\/lasentinelle.dz\\\/#website\"},\"primaryImageOfPage\":{\"@id\":\"https:\\\/\\\/lasentinelle.dz\\\/index.php\\\/2022\\\/09\\\/07\\\/madjid-bougherra-les-u17-constituent-un-reservoir-pour-les-verts\\\/#primaryimage\"},\"image\":{\"@id\":\"https:\\\/\\\/lasentinelle.dz\\\/index.php\\\/2022\\\/09\\\/07\\\/madjid-bougherra-les-u17-constituent-un-reservoir-pour-les-verts\\\/#primaryimage\"},\"thumbnailUrl\":\"https:\\\/\\\/lasentinelle.dz\\\/wp-content\\\/uploads\\\/2022\\\/09\\\/madjid-bougherra.jpeg\",\"datePublished\":\"2022-09-06T23:01:00+00:00\",\"breadcrumb\":{\"@id\":\"https:\\\/\\\/lasentinelle.dz\\\/index.php\\\/2022\\\/09\\\/07\\\/madjid-bougherra-les-u17-constituent-un-reservoir-pour-les-verts\\\/#breadcrumb\"},\"inLanguage\":\"fr-FR\",\"potentialAction\":[{\"@type\":\"ReadAction\",\"target\":[\"https:\\\/\\\/lasentinelle.dz\\\/index.php\\\/2022\\\/09\\\/07\\\/madjid-bougherra-les-u17-constituent-un-reservoir-pour-les-verts\\\/\"]}]},{\"@type\":\"ImageObject\",\"inLanguage\":\"fr-FR\",\"@id\":\"https:\\\/\\\/lasentinelle.dz\\\/index.php\\\/2022\\\/09\\\/07\\\/madjid-bougherra-les-u17-constituent-un-reservoir-pour-les-verts\\\/#primaryimage\",\"url\":\"https:\\\/\\\/lasentinelle.dz\\\/wp-content\\\/uploads\\\/2022\\\/09\\\/madjid-bougherra.jpeg\",\"contentUrl\":\"https:\\\/\\\/lasentinelle.dz\\\/wp-content\\\/uploads\\\/2022\\\/09\\\/madjid-bougherra.jpeg\",\"width\":2560,\"height\":1440},{\"@type\":\"BreadcrumbList\",\"@id\":\"https:\\\/\\\/lasentinelle.dz\\\/index.php\\\/2022\\\/09\\\/07\\\/madjid-bougherra-les-u17-constituent-un-reservoir-pour-les-verts\\\/#breadcrumb\",\"itemListElement\":[{\"@type\":\"ListItem\",\"position\":1,\"name\":\"Accueil\",\"item\":\"https:\\\/\\\/lasentinelle.dz\\\/\"},{\"@type\":\"ListItem\",\"position\":2,\"name\":\"Madjid Bougherra : \u00ab\u00a0Les U17 constituent un r\u00e9servoir pour les Verts\u00a0\u00bb\"}]},{\"@type\":\"WebSite\",\"@id\":\"https:\\\/\\\/lasentinelle.dz\\\/#website\",\"url\":\"https:\\\/\\\/lasentinelle.dz\\\/\",\"name\":\"La Sentinelle\",\"description\":\"Quotidien national d&#039;information\",\"publisher\":{\"@id\":\"https:\\\/\\\/lasentinelle.dz\\\/#organization\"},\"potentialAction\":[{\"@type\":\"SearchAction\",\"target\":{\"@type\":\"EntryPoint\",\"urlTemplate\":\"https:\\\/\\\/lasentinelle.dz\\\/?s={search_term_string}\"},\"query-input\":{\"@type\":\"PropertyValueSpecification\",\"valueRequired\":true,\"valueName\":\"search_term_string\"}}],\"inLanguage\":\"fr-FR\"},{\"@type\":\"Organization\",\"@id\":\"https:\\\/\\\/lasentinelle.dz\\\/#organization\",\"name\":\"Quotidien La Sentinelle\",\"url\":\"https:\\\/\\\/lasentinelle.dz\\\/\",\"logo\":{\"@type\":\"ImageObject\",\"inLanguage\":\"fr-FR\",\"@id\":\"https:\\\/\\\/lasentinelle.dz\\\/#\\\/schema\\\/logo\\\/image\\\/\",\"url\":\"https:\\\/\\\/lasentinelle.dz\\\/wp-content\\\/uploads\\\/2021\\\/09\\\/logo-sentinelleSLOGAN-1.png\",\"contentUrl\":\"https:\\\/\\\/lasentinelle.dz\\\/wp-content\\\/uploads\\\/2021\\\/09\\\/logo-sentinelleSLOGAN-1.png\",\"width\":615,\"height\":142,\"caption\":\"Quotidien La Sentinelle\"},\"image\":{\"@id\":\"https:\\\/\\\/lasentinelle.dz\\\/#\\\/schema\\\/logo\\\/image\\\/\"},\"sameAs\":[\"https:\\\/\\\/www.facebook.com\\\/La-Sentinelle-104059864394773\"]},{\"@type\":\"Person\",\"@id\":\"https:\\\/\\\/lasentinelle.dz\\\/#\\\/schema\\\/person\\\/d865044e22e70a75174ce8bcad3acfb3\",\"name\":\"La Sentinelle\",\"image\":{\"@type\":\"ImageObject\",\"inLanguage\":\"fr-FR\",\"@id\":\"https:\\\/\\\/secure.gravatar.com\\\/avatar\\\/57de8e5d4b15d43fb361a71fbb36338450fe67865b528a43dd10ef7c51a20392?s=96&d=mm&r=g\",\"url\":\"https:\\\/\\\/secure.gravatar.com\\\/avatar\\\/57de8e5d4b15d43fb361a71fbb36338450fe67865b528a43dd10ef7c51a20392?s=96&d=mm&r=g\",\"contentUrl\":\"https:\\\/\\\/secure.gravatar.com\\\/avatar\\\/57de8e5d4b15d43fb361a71fbb36338450fe67865b528a43dd10ef7c51a20392?s=96&d=mm&r=g\",\"caption\":\"La Sentinelle\"},\"sameAs\":[\"http:\\\/\\\/www.lasentinelle.dz\"],\"url\":\"https:\\\/\\\/lasentinelle.dz\\\/author\\\/redaction\\\/\"}]}<\/script>\n<!-- \/ Yoast SEO plugin. -->","yoast_head_json":{"title":"Madjid Bougherra : \u00ab\u00a0Les U17 constituent un r\u00e9servoir pour les Verts\u00a0\u00bb - La Sentinelle","robots":{"index":"index","follow":"follow","max-snippet":"max-snippet:-1","max-image-preview":"max-image-preview:large","max-video-preview":"max-video-preview:-1"},"canonical":"https:\/\/lasentinelle.dz\/index.php\/2022\/09\/07\/madjid-bougherra-les-u17-constituent-un-reservoir-pour-les-verts\/","og_locale":"fr_FR","og_type":"article","og_title":"Madjid Bougherra : \u00ab\u00a0Les U17 constituent un r\u00e9servoir pour les Verts\u00a0\u00bb - La Sentinelle","og_description":"Le s\u00e9lectionneur de l\u2019\u00c9quipe nationale des joueurs locaux, Madjid Bougherra, continue rechercher des talents pour constituer le groupe avec lequel","og_url":"https:\/\/lasentinelle.dz\/index.php\/2022\/09\/07\/madjid-bougherra-les-u17-constituent-un-reservoir-pour-les-verts\/","og_site_name":"La Sentinelle","article_publisher":"https:\/\/www.facebook.com\/La-Sentinelle-104059864394773","article_published_time":"2022-09-06T23:01:00+00:00","og_image":[{"width":2560,"height":1440,"url":"https:\/\/lasentinelle.dz\/wp-content\/uploads\/2022\/09\/madjid-bougherra.jpeg","type":"image\/jpeg"}],"author":"La Sentinelle","twitter_card":"summary_large_image","twitter_misc":{"\u00c9crit par":"La Sentinelle","Dur\u00e9e de lecture estim\u00e9e":"2 minutes"},"schema":{"@context":"https:\/\/schema.org","@graph":[{"@type":"Article","@id":"https:\/\/lasentinelle.dz\/index.php\/2022\/09\/07\/madjid-bougherra-les-u17-constituent-un-reservoir-pour-les-verts\/#article","isPartOf":{"@id":"https:\/\/lasentinelle.dz\/index.php\/2022\/09\/07\/madjid-bougherra-les-u17-constituent-un-reservoir-pour-les-verts\/"},"author":{"name":"La Sentinelle","@id":"https:\/\/lasentinelle.dz\/#\/schema\/person\/d865044e22e70a75174ce8bcad3acfb3"},"headline":"Madjid Bougherra : \u00ab\u00a0Les U17 constituent un r\u00e9servoir pour les Verts\u00a0\u00bb","datePublished":"2022-09-06T23:01:00+00:00","mainEntityOfPage":{"@id":"https:\/\/lasentinelle.dz\/index.php\/2022\/09\/07\/madjid-bougherra-les-u17-constituent-un-reservoir-pour-les-verts\/"},"wordCount":393,"commentCount":0,"publisher":{"@id":"https:\/\/lasentinelle.dz\/#organization"},"image":{"@id":"https:\/\/lasentinelle.dz\/index.php\/2022\/09\/07\/madjid-bougherra-les-u17-constituent-un-reservoir-pour-les-verts\/#primaryimage"},"thumbnailUrl":"https:\/\/lasentinelle.dz\/wp-content\/uploads\/2022\/09\/madjid-bougherra.jpeg","articleSection":["Sports"],"inLanguage":"fr-FR","potentialAction":[{"@type":"CommentAction","name":"Comment","target":["https:\/\/lasentinelle.dz\/index.php\/2022\/09\/07\/madjid-bougherra-les-u17-constituent-un-reservoir-pour-les-verts\/#respond"]}]},{"@type":"WebPage","@id":"https:\/\/lasentinelle.dz\/index.php\/2022\/09\/07\/madjid-bougherra-les-u17-constituent-un-reservoir-pour-les-verts\/","url":"https:\/\/lasentinelle.dz\/index.php\/2022\/09\/07\/madjid-bougherra-les-u17-constituent-un-reservoir-pour-les-verts\/","name":"Madjid Bougherra : \u00ab\u00a0Les U17 constituent un r\u00e9servoir pour les Verts\u00a0\u00bb - La Sentinelle","isPartOf":{"@id":"https:\/\/lasentinelle.dz\/#website"},"primaryImageOfPage":{"@id":"https:\/\/lasentinelle.dz\/index.php\/2022\/09\/07\/madjid-bougherra-les-u17-constituent-un-reservoir-pour-les-verts\/#primaryimage"},"image":{"@id":"https:\/\/lasentinelle.dz\/index.php\/2022\/09\/07\/madjid-bougherra-les-u17-constituent-un-reservoir-pour-les-verts\/#primaryimage"},"thumbnailUrl":"https:\/\/lasentinelle.dz\/wp-content\/uploads\/2022\/09\/madjid-bougherra.jpeg","datePublished":"2022-09-06T23:01:00+00:00","breadcrumb":{"@id":"https:\/\/lasentinelle.dz\/index.php\/2022\/09\/07\/madjid-bougherra-les-u17-constituent-un-reservoir-pour-les-verts\/#breadcrumb"},"inLanguage":"fr-FR","potentialAction":[{"@type":"ReadAction","target":["https:\/\/lasentinelle.dz\/index.php\/2022\/09\/07\/madjid-bougherra-les-u17-constituent-un-reservoir-pour-les-verts\/"]}]},{"@type":"ImageObject","inLanguage":"fr-FR","@id":"https:\/\/lasentinelle.dz\/index.php\/2022\/09\/07\/madjid-bougherra-les-u17-constituent-un-reservoir-pour-les-verts\/#primaryimage","url":"https:\/\/lasentinelle.dz\/wp-content\/uploads\/2022\/09\/madjid-bougherra.jpeg","contentUrl":"https:\/\/lasentinelle.dz\/wp-content\/uploads\/2022\/09\/madjid-bougherra.jpeg","width":2560,"height":1440},{"@type":"BreadcrumbList","@id":"https:\/\/lasentinelle.dz\/index.php\/2022\/09\/07\/madjid-bougherra-les-u17-constituent-un-reservoir-pour-les-verts\/#breadcrumb","itemListElement":[{"@type":"ListItem","position":1,"name":"Accueil","item":"https:\/\/lasentinelle.dz\/"},{"@type":"ListItem","position":2,"name":"Madjid Bougherra : \u00ab\u00a0Les U17 constituent un r\u00e9servoir pour les Verts\u00a0\u00bb"}]},{"@type":"WebSite","@id":"https:\/\/lasentinelle.dz\/#website","url":"https:\/\/lasentinelle.dz\/","name":"La Sentinelle","description":"Quotidien national d&#039;information","publisher":{"@id":"https:\/\/lasentinelle.dz\/#organization"},"potentialAction":[{"@type":"SearchAction","target":{"@type":"EntryPoint","urlTemplate":"https:\/\/lasentinelle.dz\/?s={search_term_string}"},"query-input":{"@type":"PropertyValueSpecification","valueRequired":true,"valueName":"search_term_string"}}],"inLanguage":"fr-FR"},{"@type":"Organization","@id":"https:\/\/lasentinelle.dz\/#organization","name":"Quotidien La Sentinelle","url":"https:\/\/lasentinelle.dz\/","logo":{"@type":"ImageObject","inLanguage":"fr-FR","@id":"https:\/\/lasentinelle.dz\/#\/schema\/logo\/image\/","url":"https:\/\/lasentinelle.dz\/wp-content\/uploads\/2021\/09\/logo-sentinelleSLOGAN-1.png","contentUrl":"https:\/\/lasentinelle.dz\/wp-content\/uploads\/2021\/09\/logo-sentinelleSLOGAN-1.png","width":615,"height":142,"caption":"Quotidien La Sentinelle"},"image":{"@id":"https:\/\/lasentinelle.dz\/#\/schema\/logo\/image\/"},"sameAs":["https:\/\/www.facebook.com\/La-Sentinelle-104059864394773"]},{"@type":"Person","@id":"https:\/\/lasentinelle.dz\/#\/schema\/person\/d865044e22e70a75174ce8bcad3acfb3","name":"La Sentinelle","image":{"@type":"ImageObject","inLanguage":"fr-FR","@id":"https:\/\/secure.gravatar.com\/avatar\/57de8e5d4b15d43fb361a71fbb36338450fe67865b528a43dd10ef7c51a20392?s=96&d=mm&r=g","url":"https:\/\/secure.gravatar.com\/avatar\/57de8e5d4b15d43fb361a71fbb36338450fe67865b528a43dd10ef7c51a20392?s=96&d=mm&r=g","contentUrl":"https:\/\/secure.gravatar.com\/avatar\/57de8e5d4b15d43fb361a71fbb36338450fe67865b528a43dd10ef7c51a20392?s=96&d=mm&r=g","caption":"La Sentinelle"},"sameAs":["http:\/\/www.lasentinelle.dz"],"url":"https:\/\/lasentinelle.dz\/author\/redaction\/"}]}},"_links":{"self":[{"href":"https:\/\/lasentinelle.dz\/index.php\/wp-json\/wp\/v2\/posts\/26966","targetHints":{"allow":["GET"]}}],"collection":[{"href":"https:\/\/lasentinelle.dz\/index.php\/wp-json\/wp\/v2\/posts"}],"about":[{"href":"https:\/\/lasentinelle.dz\/index.php\/wp-json\/wp\/v2\/types\/post"}],"author":[{"embeddable":true,"href":"https:\/\/lasentinelle.dz\/index.php\/wp-json\/wp\/v2\/users\/3"}],"replies":[{"embeddable":true,"href":"https:\/\/lasentinelle.dz\/index.php\/wp-json\/wp\/v2\/comments?post=26966"}],"version-history":[{"count":1,"href":"https:\/\/lasentinelle.dz\/index.php\/wp-json\/wp\/v2\/posts\/26966\/revisions"}],"predecessor-version":[{"id":26982,"href":"https:\/\/lasentinelle.dz\/index.php\/wp-json\/wp\/v2\/posts\/26966\/revisions\/26982"}],"wp:featuredmedia":[{"embeddable":true,"href":"https:\/\/lasentinelle.dz\/index.php\/wp-json\/wp\/v2\/media\/26981"}],"wp:attachment":[{"href":"https:\/\/lasentinelle.dz\/index.php\/wp-json\/wp\/v2\/media?parent=26966"}],"wp:term":[{"taxonomy":"category","embeddable":true,"href":"https:\/\/lasentinelle.dz\/index.php\/wp-json\/wp\/v2\/categories?post=26966"},{"taxonomy":"post_tag","embeddable":true,"href":"https:\/\/lasentinelle.dz\/index.php\/wp-json\/wp\/v2\/tags?post=26966"}],"curies":[{"name":"wp","href":"https:\/\/api.w.org\/{rel}","templated":true}]}}