{"id":26986,"date":"2022-09-07T00:17:00","date_gmt":"2022-09-06T23:17:00","guid":{"rendered":"https:\/\/lasentinelle.dz\/?p=26986"},"modified":"2022-09-06T20:02:06","modified_gmt":"2022-09-06T19:02:06","slug":"les-chefs-detats-arabes-seront-presents-a-alger-en-novembre-cap-sur-le-sommet-arabe","status":"publish","type":"post","link":"https:\/\/lasentinelle.dz\/index.php\/2022\/09\/07\/les-chefs-detats-arabes-seront-presents-a-alger-en-novembre-cap-sur-le-sommet-arabe\/","title":{"rendered":"Les chefs d\u2019\u00c9tats arabes seront pr\u00e9sents \u00e0 Alger en novembre\u00a0: Cap sur le Sommet arabe\u00a0"},"content":{"rendered":"\n<p>Les pr\u00e9paratifs du sommet arabe qui va se tenir&nbsp;dans moins de deux mois&nbsp;\u00e0 Alger&nbsp;s\u2019acc\u00e9l\u00e8rent.<\/p>\n\n\n\n<p>La diplomatie alg\u00e9rienne fournit des efforts importants pour r\u00e9ussir ce grand \u00e9v\u00e9nement arabe.&nbsp;Le ministre des&nbsp;Affaires \u00e9trang\u00e8res et de la&nbsp;Communaut\u00e9 nationale \u00e0 l\u2019\u00e9tranger, Ramtane Lamamra, effectue des visites vers les pays arabes pour transmettre les invitations du pr\u00e9sident de la R\u00e9publique, Abdelmadjid Tebboune aux dirigeants arabe pour participer officiellement \u00e0 cette joute r\u00e9gionale.&nbsp;En d\u00e9placement au Caire pour assister \u00e0 la r\u00e9union du Comit\u00e9 El-Qods,&nbsp;Lamamra a transmis la premi\u00e8re lettre d&rsquo;invitation&nbsp;pour assitser au Sommet d\u2019Alger au pr\u00e9sident de l\u2019\u00c9tat de Palestine,&nbsp;Mahmoud Abbas, signe symbolique&nbsp;de l\u2019engagement constant et in\u00e9branlable de&nbsp;l\u2019Alg\u00e9rie&nbsp;envers&nbsp;la cause palestinienne.&nbsp;&nbsp;Une question qui sera d\u2019ailleurs au c\u0153ur du Sommet d\u2019Alger, dont les objectifs prioritaires ont \u00e9t\u00e9 clairement affich\u00e9. Il s\u2019agit de relacer l\u2019action arabe commune et de r\u00e9unifier les rangs afin de mieux r\u00e9pondre aux d\u00e9fis qui s\u2019imposent au monde arabe dans le sillage des tentatives de d\u00e9stabilisations et d\u2019une normalisation \u00e0 marche forc\u00e9e avec l\u2019entit\u00e9 sioniste. Et c\u2019est dans ce contexte que le Sommet d\u2019Alger s\u2019est assign\u00e9 comme objectif premier de relancer l\u2019initiative arabe de paix qui pose une condition primordiale&nbsp;: la paix contre des terres pour les Palestiniens. Une initiative assise sur la solution \u00e0 deux \u00c9tats avec une Palestine \u00e9tablie dans les fronti\u00e8res de la Ligne verte avec El Qods comme capitale.&nbsp;<\/p>\n\n\n\n<p>Ramtane Lamamra a&nbsp;\u00e9galement \u00e9t\u00e9&nbsp;\u00e9t\u00e9 re\u00e7u par le pr\u00e9sident \u00e9gyptien, Abdel-Fattah al-Sissi en lui remettant l\u2019invitation du pr\u00e9sident de la R\u00e9publique pour participer aux travaux du sommet arabe qui se d\u00e9roulera en novembre prochain.&nbsp;Le p\u00e9riple de Ramtane Lamamra sera ponctu\u00e9 par des d\u00e9placements dans les pays du Golfe dans le m\u00eame sillage qui a trait \u00e0 la participation des pays membres de la Ligue arabe au prochain&nbsp;Sommet d\u2019Alger.<\/p>\n\n\n\n<p>L\u2019\u00c9gypte a exprim\u00e9 \u00e0 travers son pr\u00e9sident, Abdel-Fattah al-Sissi a exprim\u00e9 \u00ab sa volont\u00e9 de participer et de contribuer personnellement au soutien de ces efforts pour que cette \u00e9ch\u00e9ance arabe importante soit sanctionn\u00e9e par des r\u00e9sultats \u00e0 la hauteur des aspirations des peuples arabes \u00bb, pr\u00e9cise-t-on.<\/p>\n\n\n\n<p>Cette d\u00e9claration officielle du pr\u00e9sident \u00e9gyptien coupe court avec les sp\u00e9culations qui se propageaient dans des sph\u00e8res et des cercles de certaines forces hostiles \u00e0 l\u2019organisation du sommet arabe par l\u2019Alg\u00e9rie. L\u2019Egypte est conscient du r\u00f4le diplomatique pr\u00e9pond\u00e9rant qu\u2019assure l\u2019Alg\u00e9rie dans le monde arabe et dans le continent africain. La m\u00e9diation alg\u00e9rienne pour le r\u00e8glement de diff\u00e9rend qui oppose l\u2019Egypte et l\u2019Ethiopie sur la question conflictuelle du barrage d\u2019Ennahda, est consid\u00e9r\u00e9e comme un atout de taille pour pouvoir trouver une solution m\u00e9diane quant \u00e0 cette question \u00e9pineuse qui affecte les relations entre l\u2019Egypte et l\u2019Ethiopie.<\/p>\n\n\n\n<p>L\u2019Egypte sait que la diplomatie alg\u00e9rienne a un ancrage tr\u00e8s appr\u00e9ciable et respectable dans le continent africain. Cette relation ne peut \u00eatre que salutaire dans la perspective de r\u00e9solution des conflits entre pays fr\u00e8res au niveau africain ou au niveau arabe.&nbsp;Le Pr\u00e9sident Abdel-Fattah al-Sissi a d\u00e9clar\u00e9 qu\u2019il a \u00ab une grande consid\u00e9ration pour mon fr\u00e8re le Pr\u00e9sident Abdelmadjid Tebboune, que je le salue pour ses efforts et ses d\u00e9marches pour assurer le succ\u00e8s du prochain Sommet arabe \u00bb, a-t-il affirm\u00e9.&nbsp;Cette coordination entre l\u2019Alg\u00e9rie et les pays arabes pour r\u00e9ussir le prochain Sommet a \u00e9t\u00e9 confirm\u00e9 par le secr\u00e9taire g\u00e9n\u00e9ral de la Ligue arabe, Ahmed Aboul Gheit qui a d\u00e9clar\u00e9 \u00e0 l\u2019occasion de l\u2019ouverture de la session 158eme du Conseil de la Ligue arabe que \u00ab&nbsp;&nbsp;nous avons des grands espoirs des voir l\u2019Alg\u00e9rie r\u00e9ussir le Sommet arabe, surtout que l\u2019Alg\u00e9rie \u00e0 tous les moyens diplomatiques de par ses relations extraordinaires avec l\u2019ensemble des pays arabes pour arriver asseoir la coh\u00e9sion et l\u2019unit\u00e9 entre les pays arabes fr\u00e8res et leurs peuples avides \u00e0 la r\u00e9conciliation arabe et pour transcender les divisions et les malentendus qui les caract\u00e9risent \u00bb, a-t-il soulign\u00e9 lors de sa rencontre avec le ministre des affaires \u00e9trang\u00e8res et de la communaut\u00e9 nationale \u00e0 l\u2019\u00e9tranger, Ramtane Lamamra.<\/p>\n\n\n\n<p>Il rappeler que le SG de la Ligue arabe avait auparavant&nbsp;coup\u00e9 court \u00e0 toutes&nbsp;les rumeurs qui circulaient dans les milieux hostiles \u00e0 la d\u00e9marche alg\u00e9rienne de r\u00e9concilier les protagonistes arabes en conflits, surtout l\u2019alliance makhezano-sioniste dont l\u2019objectif \u00e9tait d\u2019approfondir les divisions et faire de la normalisation avec l\u2019entit\u00e9 sioniste le fer de lance des chefs et des dirigeants arabes.&nbsp;&nbsp;<\/p>\n\n\n\n<p><strong>Rachid Nassouti<\/strong><\/p>\n","protected":false},"excerpt":{"rendered":"<p>Les pr\u00e9paratifs du sommet arabe qui va se tenir&nbsp;dans moins de deux mois&nbsp;\u00e0 Alger&nbsp;s\u2019acc\u00e9l\u00e8rent. La diplomatie alg\u00e9rienne fournit des efforts<\/p>\n","protected":false},"author":3,"featured_media":27014,"comment_status":"open","ping_status":"closed","sticky":false,"template":"","format":"standard","meta":{"colormag_page_container_layout":"default_layout","colormag_page_sidebar_layout":"default_layout","om_disable_all_campaigns":false,"_monsterinsights_skip_tracking":false,"_monsterinsights_sitenote_active":false,"_monsterinsights_sitenote_note":"","_monsterinsights_sitenote_category":0,"footnotes":"","_wpscppro_dont_share_socialmedia":false,"_wpscppro_custom_social_share_image":0,"_facebook_share_type":"","_twitter_share_type":"","_linkedin_share_type":"","_pinterest_share_type":"","_linkedin_share_type_page":"","_instagram_share_type":"","_medium_share_type":"","_threads_share_type":"","_google_business_share_type":"","_selected_social_profile":[],"_wpsp_enable_custom_social_template":false,"_wpsp_social_scheduling":{"enabled":false,"datetime":null,"platforms":[],"status":"template_only","dateOption":"today","timeOption":"now","customDays":"","customHours":"","customDate":"","customTime":"","schedulingType":"absolute"},"_wpsp_active_default_template":true},"categories":[52,27],"tags":[],"class_list":["post-26986","post","type-post","status-publish","format-standard","has-post-thumbnail","hentry","category-a-la-une","category-actualite"],"aioseo_notices":[],"yoast_head":"<!-- This site is optimized with the Yoast SEO plugin v27.5 - https:\/\/yoast.com\/product\/yoast-seo-wordpress\/ -->\n<title>Les chefs d\u2019\u00c9tats arabes seront pr\u00e9sents \u00e0 Alger en novembre\u00a0: Cap sur le Sommet arabe\u00a0 - La Sentinelle<\/title>\n<meta name=\"robots\" content=\"index, follow, max-snippet:-1, max-image-preview:large, max-video-preview:-1\" \/>\n<link rel=\"canonical\" href=\"https:\/\/lasentinelle.dz\/index.php\/2022\/09\/07\/les-chefs-detats-arabes-seront-presents-a-alger-en-novembre-cap-sur-le-sommet-arabe\/\" \/>\n<meta property=\"og:locale\" content=\"fr_FR\" \/>\n<meta property=\"og:type\" content=\"article\" \/>\n<meta property=\"og:title\" content=\"Les chefs d\u2019\u00c9tats arabes seront pr\u00e9sents \u00e0 Alger en novembre\u00a0: Cap sur le Sommet arabe\u00a0 - La Sentinelle\" \/>\n<meta property=\"og:description\" content=\"Les pr\u00e9paratifs du sommet arabe qui va se tenir&nbsp;dans moins de deux mois&nbsp;\u00e0 Alger&nbsp;s\u2019acc\u00e9l\u00e8rent. La diplomatie alg\u00e9rienne fournit des efforts\" \/>\n<meta property=\"og:url\" content=\"https:\/\/lasentinelle.dz\/index.php\/2022\/09\/07\/les-chefs-detats-arabes-seront-presents-a-alger-en-novembre-cap-sur-le-sommet-arabe\/\" \/>\n<meta property=\"og:site_name\" content=\"La Sentinelle\" \/>\n<meta property=\"article:publisher\" content=\"https:\/\/www.facebook.com\/La-Sentinelle-104059864394773\" \/>\n<meta property=\"article:published_time\" content=\"2022-09-06T23:17:00+00:00\" \/>\n<meta property=\"og:image\" content=\"https:\/\/lasentinelle.dz\/wp-content\/uploads\/2022\/09\/Ligue-arabe-1024x519.png\" \/>\n\t<meta property=\"og:image:width\" content=\"1024\" \/>\n\t<meta property=\"og:image:height\" content=\"519\" \/>\n\t<meta property=\"og:image:type\" content=\"image\/png\" \/>\n<meta name=\"author\" content=\"La Sentinelle\" \/>\n<meta name=\"twitter:card\" content=\"summary_large_image\" \/>\n<meta name=\"twitter:label1\" content=\"\u00c9crit par\" \/>\n\t<meta name=\"twitter:data1\" content=\"La Sentinelle\" \/>\n\t<meta name=\"twitter:label2\" content=\"Dur\u00e9e de lecture estim\u00e9e\" \/>\n\t<meta name=\"twitter:data2\" content=\"4 minutes\" \/>\n<script type=\"application\/ld+json\" class=\"yoast-schema-graph\">{\"@context\":\"https:\\\/\\\/schema.org\",\"@graph\":[{\"@type\":\"Article\",\"@id\":\"https:\\\/\\\/lasentinelle.dz\\\/index.php\\\/2022\\\/09\\\/07\\\/les-chefs-detats-arabes-seront-presents-a-alger-en-novembre-cap-sur-le-sommet-arabe\\\/#article\",\"isPartOf\":{\"@id\":\"https:\\\/\\\/lasentinelle.dz\\\/index.php\\\/2022\\\/09\\\/07\\\/les-chefs-detats-arabes-seront-presents-a-alger-en-novembre-cap-sur-le-sommet-arabe\\\/\"},\"author\":{\"name\":\"La Sentinelle\",\"@id\":\"https:\\\/\\\/lasentinelle.dz\\\/#\\\/schema\\\/person\\\/d865044e22e70a75174ce8bcad3acfb3\"},\"headline\":\"Les chefs d\u2019\u00c9tats arabes seront pr\u00e9sents \u00e0 Alger en novembre\u00a0: Cap sur le Sommet arabe\u00a0\",\"datePublished\":\"2022-09-06T23:17:00+00:00\",\"mainEntityOfPage\":{\"@id\":\"https:\\\/\\\/lasentinelle.dz\\\/index.php\\\/2022\\\/09\\\/07\\\/les-chefs-detats-arabes-seront-presents-a-alger-en-novembre-cap-sur-le-sommet-arabe\\\/\"},\"wordCount\":866,\"commentCount\":0,\"publisher\":{\"@id\":\"https:\\\/\\\/lasentinelle.dz\\\/#organization\"},\"image\":{\"@id\":\"https:\\\/\\\/lasentinelle.dz\\\/index.php\\\/2022\\\/09\\\/07\\\/les-chefs-detats-arabes-seront-presents-a-alger-en-novembre-cap-sur-le-sommet-arabe\\\/#primaryimage\"},\"thumbnailUrl\":\"https:\\\/\\\/lasentinelle.dz\\\/wp-content\\\/uploads\\\/2022\\\/09\\\/Ligue-arabe.png\",\"articleSection\":[\"\u00c0 la Une\",\"Actualit\u00e9\"],\"inLanguage\":\"fr-FR\",\"potentialAction\":[{\"@type\":\"CommentAction\",\"name\":\"Comment\",\"target\":[\"https:\\\/\\\/lasentinelle.dz\\\/index.php\\\/2022\\\/09\\\/07\\\/les-chefs-detats-arabes-seront-presents-a-alger-en-novembre-cap-sur-le-sommet-arabe\\\/#respond\"]}]},{\"@type\":\"WebPage\",\"@id\":\"https:\\\/\\\/lasentinelle.dz\\\/index.php\\\/2022\\\/09\\\/07\\\/les-chefs-detats-arabes-seront-presents-a-alger-en-novembre-cap-sur-le-sommet-arabe\\\/\",\"url\":\"https:\\\/\\\/lasentinelle.dz\\\/index.php\\\/2022\\\/09\\\/07\\\/les-chefs-detats-arabes-seront-presents-a-alger-en-novembre-cap-sur-le-sommet-arabe\\\/\",\"name\":\"Les chefs d\u2019\u00c9tats arabes seront pr\u00e9sents \u00e0 Alger en novembre\u00a0: Cap sur le Sommet arabe\u00a0 - La Sentinelle\",\"isPartOf\":{\"@id\":\"https:\\\/\\\/lasentinelle.dz\\\/#website\"},\"primaryImageOfPage\":{\"@id\":\"https:\\\/\\\/lasentinelle.dz\\\/index.php\\\/2022\\\/09\\\/07\\\/les-chefs-detats-arabes-seront-presents-a-alger-en-novembre-cap-sur-le-sommet-arabe\\\/#primaryimage\"},\"image\":{\"@id\":\"https:\\\/\\\/lasentinelle.dz\\\/index.php\\\/2022\\\/09\\\/07\\\/les-chefs-detats-arabes-seront-presents-a-alger-en-novembre-cap-sur-le-sommet-arabe\\\/#primaryimage\"},\"thumbnailUrl\":\"https:\\\/\\\/lasentinelle.dz\\\/wp-content\\\/uploads\\\/2022\\\/09\\\/Ligue-arabe.png\",\"datePublished\":\"2022-09-06T23:17:00+00:00\",\"breadcrumb\":{\"@id\":\"https:\\\/\\\/lasentinelle.dz\\\/index.php\\\/2022\\\/09\\\/07\\\/les-chefs-detats-arabes-seront-presents-a-alger-en-novembre-cap-sur-le-sommet-arabe\\\/#breadcrumb\"},\"inLanguage\":\"fr-FR\",\"potentialAction\":[{\"@type\":\"ReadAction\",\"target\":[\"https:\\\/\\\/lasentinelle.dz\\\/index.php\\\/2022\\\/09\\\/07\\\/les-chefs-detats-arabes-seront-presents-a-alger-en-novembre-cap-sur-le-sommet-arabe\\\/\"]}]},{\"@type\":\"ImageObject\",\"inLanguage\":\"fr-FR\",\"@id\":\"https:\\\/\\\/lasentinelle.dz\\\/index.php\\\/2022\\\/09\\\/07\\\/les-chefs-detats-arabes-seront-presents-a-alger-en-novembre-cap-sur-le-sommet-arabe\\\/#primaryimage\",\"url\":\"https:\\\/\\\/lasentinelle.dz\\\/wp-content\\\/uploads\\\/2022\\\/09\\\/Ligue-arabe.png\",\"contentUrl\":\"https:\\\/\\\/lasentinelle.dz\\\/wp-content\\\/uploads\\\/2022\\\/09\\\/Ligue-arabe.png\",\"width\":1776,\"height\":900},{\"@type\":\"BreadcrumbList\",\"@id\":\"https:\\\/\\\/lasentinelle.dz\\\/index.php\\\/2022\\\/09\\\/07\\\/les-chefs-detats-arabes-seront-presents-a-alger-en-novembre-cap-sur-le-sommet-arabe\\\/#breadcrumb\",\"itemListElement\":[{\"@type\":\"ListItem\",\"position\":1,\"name\":\"Accueil\",\"item\":\"https:\\\/\\\/lasentinelle.dz\\\/\"},{\"@type\":\"ListItem\",\"position\":2,\"name\":\"Les chefs d\u2019\u00c9tats arabes seront pr\u00e9sents \u00e0 Alger en novembre\u00a0: Cap sur le Sommet arabe\u00a0\"}]},{\"@type\":\"WebSite\",\"@id\":\"https:\\\/\\\/lasentinelle.dz\\\/#website\",\"url\":\"https:\\\/\\\/lasentinelle.dz\\\/\",\"name\":\"La Sentinelle\",\"description\":\"Quotidien national d&#039;information\",\"publisher\":{\"@id\":\"https:\\\/\\\/lasentinelle.dz\\\/#organization\"},\"potentialAction\":[{\"@type\":\"SearchAction\",\"target\":{\"@type\":\"EntryPoint\",\"urlTemplate\":\"https:\\\/\\\/lasentinelle.dz\\\/?s={search_term_string}\"},\"query-input\":{\"@type\":\"PropertyValueSpecification\",\"valueRequired\":true,\"valueName\":\"search_term_string\"}}],\"inLanguage\":\"fr-FR\"},{\"@type\":\"Organization\",\"@id\":\"https:\\\/\\\/lasentinelle.dz\\\/#organization\",\"name\":\"Quotidien La Sentinelle\",\"url\":\"https:\\\/\\\/lasentinelle.dz\\\/\",\"logo\":{\"@type\":\"ImageObject\",\"inLanguage\":\"fr-FR\",\"@id\":\"https:\\\/\\\/lasentinelle.dz\\\/#\\\/schema\\\/logo\\\/image\\\/\",\"url\":\"https:\\\/\\\/lasentinelle.dz\\\/wp-content\\\/uploads\\\/2021\\\/09\\\/logo-sentinelleSLOGAN-1.png\",\"contentUrl\":\"https:\\\/\\\/lasentinelle.dz\\\/wp-content\\\/uploads\\\/2021\\\/09\\\/logo-sentinelleSLOGAN-1.png\",\"width\":615,\"height\":142,\"caption\":\"Quotidien La Sentinelle\"},\"image\":{\"@id\":\"https:\\\/\\\/lasentinelle.dz\\\/#\\\/schema\\\/logo\\\/image\\\/\"},\"sameAs\":[\"https:\\\/\\\/www.facebook.com\\\/La-Sentinelle-104059864394773\"]},{\"@type\":\"Person\",\"@id\":\"https:\\\/\\\/lasentinelle.dz\\\/#\\\/schema\\\/person\\\/d865044e22e70a75174ce8bcad3acfb3\",\"name\":\"La Sentinelle\",\"image\":{\"@type\":\"ImageObject\",\"inLanguage\":\"fr-FR\",\"@id\":\"https:\\\/\\\/secure.gravatar.com\\\/avatar\\\/57de8e5d4b15d43fb361a71fbb36338450fe67865b528a43dd10ef7c51a20392?s=96&d=mm&r=g\",\"url\":\"https:\\\/\\\/secure.gravatar.com\\\/avatar\\\/57de8e5d4b15d43fb361a71fbb36338450fe67865b528a43dd10ef7c51a20392?s=96&d=mm&r=g\",\"contentUrl\":\"https:\\\/\\\/secure.gravatar.com\\\/avatar\\\/57de8e5d4b15d43fb361a71fbb36338450fe67865b528a43dd10ef7c51a20392?s=96&d=mm&r=g\",\"caption\":\"La Sentinelle\"},\"sameAs\":[\"http:\\\/\\\/www.lasentinelle.dz\"],\"url\":\"https:\\\/\\\/lasentinelle.dz\\\/author\\\/redaction\\\/\"}]}<\/script>\n<!-- \/ Yoast SEO plugin. -->","yoast_head_json":{"title":"Les chefs d\u2019\u00c9tats arabes seront pr\u00e9sents \u00e0 Alger en novembre\u00a0: Cap sur le Sommet arabe\u00a0 - La Sentinelle","robots":{"index":"index","follow":"follow","max-snippet":"max-snippet:-1","max-image-preview":"max-image-preview:large","max-video-preview":"max-video-preview:-1"},"canonical":"https:\/\/lasentinelle.dz\/index.php\/2022\/09\/07\/les-chefs-detats-arabes-seront-presents-a-alger-en-novembre-cap-sur-le-sommet-arabe\/","og_locale":"fr_FR","og_type":"article","og_title":"Les chefs d\u2019\u00c9tats arabes seront pr\u00e9sents \u00e0 Alger en novembre\u00a0: Cap sur le Sommet arabe\u00a0 - La Sentinelle","og_description":"Les pr\u00e9paratifs du sommet arabe qui va se tenir&nbsp;dans moins de deux mois&nbsp;\u00e0 Alger&nbsp;s\u2019acc\u00e9l\u00e8rent. La diplomatie alg\u00e9rienne fournit des efforts","og_url":"https:\/\/lasentinelle.dz\/index.php\/2022\/09\/07\/les-chefs-detats-arabes-seront-presents-a-alger-en-novembre-cap-sur-le-sommet-arabe\/","og_site_name":"La Sentinelle","article_publisher":"https:\/\/www.facebook.com\/La-Sentinelle-104059864394773","article_published_time":"2022-09-06T23:17:00+00:00","og_image":[{"width":1024,"height":519,"url":"https:\/\/lasentinelle.dz\/wp-content\/uploads\/2022\/09\/Ligue-arabe-1024x519.png","type":"image\/png"}],"author":"La Sentinelle","twitter_card":"summary_large_image","twitter_misc":{"\u00c9crit par":"La Sentinelle","Dur\u00e9e de lecture estim\u00e9e":"4 minutes"},"schema":{"@context":"https:\/\/schema.org","@graph":[{"@type":"Article","@id":"https:\/\/lasentinelle.dz\/index.php\/2022\/09\/07\/les-chefs-detats-arabes-seront-presents-a-alger-en-novembre-cap-sur-le-sommet-arabe\/#article","isPartOf":{"@id":"https:\/\/lasentinelle.dz\/index.php\/2022\/09\/07\/les-chefs-detats-arabes-seront-presents-a-alger-en-novembre-cap-sur-le-sommet-arabe\/"},"author":{"name":"La Sentinelle","@id":"https:\/\/lasentinelle.dz\/#\/schema\/person\/d865044e22e70a75174ce8bcad3acfb3"},"headline":"Les chefs d\u2019\u00c9tats arabes seront pr\u00e9sents \u00e0 Alger en novembre\u00a0: Cap sur le Sommet arabe\u00a0","datePublished":"2022-09-06T23:17:00+00:00","mainEntityOfPage":{"@id":"https:\/\/lasentinelle.dz\/index.php\/2022\/09\/07\/les-chefs-detats-arabes-seront-presents-a-alger-en-novembre-cap-sur-le-sommet-arabe\/"},"wordCount":866,"commentCount":0,"publisher":{"@id":"https:\/\/lasentinelle.dz\/#organization"},"image":{"@id":"https:\/\/lasentinelle.dz\/index.php\/2022\/09\/07\/les-chefs-detats-arabes-seront-presents-a-alger-en-novembre-cap-sur-le-sommet-arabe\/#primaryimage"},"thumbnailUrl":"https:\/\/lasentinelle.dz\/wp-content\/uploads\/2022\/09\/Ligue-arabe.png","articleSection":["\u00c0 la Une","Actualit\u00e9"],"inLanguage":"fr-FR","potentialAction":[{"@type":"CommentAction","name":"Comment","target":["https:\/\/lasentinelle.dz\/index.php\/2022\/09\/07\/les-chefs-detats-arabes-seront-presents-a-alger-en-novembre-cap-sur-le-sommet-arabe\/#respond"]}]},{"@type":"WebPage","@id":"https:\/\/lasentinelle.dz\/index.php\/2022\/09\/07\/les-chefs-detats-arabes-seront-presents-a-alger-en-novembre-cap-sur-le-sommet-arabe\/","url":"https:\/\/lasentinelle.dz\/index.php\/2022\/09\/07\/les-chefs-detats-arabes-seront-presents-a-alger-en-novembre-cap-sur-le-sommet-arabe\/","name":"Les chefs d\u2019\u00c9tats arabes seront pr\u00e9sents \u00e0 Alger en novembre\u00a0: Cap sur le Sommet arabe\u00a0 - La Sentinelle","isPartOf":{"@id":"https:\/\/lasentinelle.dz\/#website"},"primaryImageOfPage":{"@id":"https:\/\/lasentinelle.dz\/index.php\/2022\/09\/07\/les-chefs-detats-arabes-seront-presents-a-alger-en-novembre-cap-sur-le-sommet-arabe\/#primaryimage"},"image":{"@id":"https:\/\/lasentinelle.dz\/index.php\/2022\/09\/07\/les-chefs-detats-arabes-seront-presents-a-alger-en-novembre-cap-sur-le-sommet-arabe\/#primaryimage"},"thumbnailUrl":"https:\/\/lasentinelle.dz\/wp-content\/uploads\/2022\/09\/Ligue-arabe.png","datePublished":"2022-09-06T23:17:00+00:00","breadcrumb":{"@id":"https:\/\/lasentinelle.dz\/index.php\/2022\/09\/07\/les-chefs-detats-arabes-seront-presents-a-alger-en-novembre-cap-sur-le-sommet-arabe\/#breadcrumb"},"inLanguage":"fr-FR","potentialAction":[{"@type":"ReadAction","target":["https:\/\/lasentinelle.dz\/index.php\/2022\/09\/07\/les-chefs-detats-arabes-seront-presents-a-alger-en-novembre-cap-sur-le-sommet-arabe\/"]}]},{"@type":"ImageObject","inLanguage":"fr-FR","@id":"https:\/\/lasentinelle.dz\/index.php\/2022\/09\/07\/les-chefs-detats-arabes-seront-presents-a-alger-en-novembre-cap-sur-le-sommet-arabe\/#primaryimage","url":"https:\/\/lasentinelle.dz\/wp-content\/uploads\/2022\/09\/Ligue-arabe.png","contentUrl":"https:\/\/lasentinelle.dz\/wp-content\/uploads\/2022\/09\/Ligue-arabe.png","width":1776,"height":900},{"@type":"BreadcrumbList","@id":"https:\/\/lasentinelle.dz\/index.php\/2022\/09\/07\/les-chefs-detats-arabes-seront-presents-a-alger-en-novembre-cap-sur-le-sommet-arabe\/#breadcrumb","itemListElement":[{"@type":"ListItem","position":1,"name":"Accueil","item":"https:\/\/lasentinelle.dz\/"},{"@type":"ListItem","position":2,"name":"Les chefs d\u2019\u00c9tats arabes seront pr\u00e9sents \u00e0 Alger en novembre\u00a0: Cap sur le Sommet arabe\u00a0"}]},{"@type":"WebSite","@id":"https:\/\/lasentinelle.dz\/#website","url":"https:\/\/lasentinelle.dz\/","name":"La Sentinelle","description":"Quotidien national d&#039;information","publisher":{"@id":"https:\/\/lasentinelle.dz\/#organization"},"potentialAction":[{"@type":"SearchAction","target":{"@type":"EntryPoint","urlTemplate":"https:\/\/lasentinelle.dz\/?s={search_term_string}"},"query-input":{"@type":"PropertyValueSpecification","valueRequired":true,"valueName":"search_term_string"}}],"inLanguage":"fr-FR"},{"@type":"Organization","@id":"https:\/\/lasentinelle.dz\/#organization","name":"Quotidien La Sentinelle","url":"https:\/\/lasentinelle.dz\/","logo":{"@type":"ImageObject","inLanguage":"fr-FR","@id":"https:\/\/lasentinelle.dz\/#\/schema\/logo\/image\/","url":"https:\/\/lasentinelle.dz\/wp-content\/uploads\/2021\/09\/logo-sentinelleSLOGAN-1.png","contentUrl":"https:\/\/lasentinelle.dz\/wp-content\/uploads\/2021\/09\/logo-sentinelleSLOGAN-1.png","width":615,"height":142,"caption":"Quotidien La Sentinelle"},"image":{"@id":"https:\/\/lasentinelle.dz\/#\/schema\/logo\/image\/"},"sameAs":["https:\/\/www.facebook.com\/La-Sentinelle-104059864394773"]},{"@type":"Person","@id":"https:\/\/lasentinelle.dz\/#\/schema\/person\/d865044e22e70a75174ce8bcad3acfb3","name":"La Sentinelle","image":{"@type":"ImageObject","inLanguage":"fr-FR","@id":"https:\/\/secure.gravatar.com\/avatar\/57de8e5d4b15d43fb361a71fbb36338450fe67865b528a43dd10ef7c51a20392?s=96&d=mm&r=g","url":"https:\/\/secure.gravatar.com\/avatar\/57de8e5d4b15d43fb361a71fbb36338450fe67865b528a43dd10ef7c51a20392?s=96&d=mm&r=g","contentUrl":"https:\/\/secure.gravatar.com\/avatar\/57de8e5d4b15d43fb361a71fbb36338450fe67865b528a43dd10ef7c51a20392?s=96&d=mm&r=g","caption":"La Sentinelle"},"sameAs":["http:\/\/www.lasentinelle.dz"],"url":"https:\/\/lasentinelle.dz\/author\/redaction\/"}]}},"_links":{"self":[{"href":"https:\/\/lasentinelle.dz\/index.php\/wp-json\/wp\/v2\/posts\/26986","targetHints":{"allow":["GET"]}}],"collection":[{"href":"https:\/\/lasentinelle.dz\/index.php\/wp-json\/wp\/v2\/posts"}],"about":[{"href":"https:\/\/lasentinelle.dz\/index.php\/wp-json\/wp\/v2\/types\/post"}],"author":[{"embeddable":true,"href":"https:\/\/lasentinelle.dz\/index.php\/wp-json\/wp\/v2\/users\/3"}],"replies":[{"embeddable":true,"href":"https:\/\/lasentinelle.dz\/index.php\/wp-json\/wp\/v2\/comments?post=26986"}],"version-history":[{"count":1,"href":"https:\/\/lasentinelle.dz\/index.php\/wp-json\/wp\/v2\/posts\/26986\/revisions"}],"predecessor-version":[{"id":26989,"href":"https:\/\/lasentinelle.dz\/index.php\/wp-json\/wp\/v2\/posts\/26986\/revisions\/26989"}],"wp:featuredmedia":[{"embeddable":true,"href":"https:\/\/lasentinelle.dz\/index.php\/wp-json\/wp\/v2\/media\/27014"}],"wp:attachment":[{"href":"https:\/\/lasentinelle.dz\/index.php\/wp-json\/wp\/v2\/media?parent=26986"}],"wp:term":[{"taxonomy":"category","embeddable":true,"href":"https:\/\/lasentinelle.dz\/index.php\/wp-json\/wp\/v2\/categories?post=26986"},{"taxonomy":"post_tag","embeddable":true,"href":"https:\/\/lasentinelle.dz\/index.php\/wp-json\/wp\/v2\/tags?post=26986"}],"curies":[{"name":"wp","href":"https:\/\/api.w.org\/{rel}","templated":true}]}}