{"id":27039,"date":"2022-09-08T00:01:00","date_gmt":"2022-09-07T23:01:00","guid":{"rendered":"https:\/\/lasentinelle.dz\/?p=27039"},"modified":"2022-09-07T16:57:29","modified_gmt":"2022-09-07T15:57:29","slug":"nucleaire-iranien-les-reserves-de-lagence-internationale-de-lenergie-atomique","status":"publish","type":"post","link":"https:\/\/lasentinelle.dz\/index.php\/2022\/09\/08\/nucleaire-iranien-les-reserves-de-lagence-internationale-de-lenergie-atomique\/","title":{"rendered":"Nucl\u00e9aire iranien\u00a0:\u00a0Les r\u00e9serves de l\u2019Agence internationale de l&rsquo;\u00e9nergie atomique"},"content":{"rendered":"\n<p>L&rsquo;Agence internationale de l&rsquo;\u00e9nergie atomique (AIEA) a affirm\u00e9 hier \u00ab\u00a0ne pas \u00eatre en position de garantir que le programme nucl\u00e9aire iranien est exclusivement pacifique\u00a0\u00bb, du fait de l&rsquo;absence de r\u00e9ponses de T\u00e9h\u00e9ran sur la question des sites non d\u00e9clar\u00e9s. Dans un rapport publi\u00e9 avant le Conseil des gouverneurs de la semaine prochaine, le directeur g\u00e9n\u00e9ral de l&rsquo;instance onusienne Rafael Grossi, se dit \u00ab\u00a0de plus en plus inquiet\u00a0\u00bb alors qu'\u00a0\u00bbaucun progr\u00e8s n&rsquo;a \u00e9t\u00e9 fait pour r\u00e9soudre\u00a0\u00bb le dossier des traces d&rsquo;uranium enrichi retrouv\u00e9es par le pass\u00e9 en divers endroits. Il appelle la R\u00e9publique islamique \u00ab\u00a0\u00e0 r\u00e9pondre \u00e0 ses obligations l\u00e9gales\u00a0\u00bb&nbsp;&nbsp;et \u00e0 coop\u00e9rer au plus vite. C&rsquo;est un des principaux points sur lesquels butent les n\u00e9gociations qui ont d\u00e9marr\u00e9 en avril 2021 \u00e0 Vienne pour ranimer l&rsquo;accord&nbsp;&nbsp;de 2015, torpill\u00e9 trois ans plus tard par l&rsquo;ancien pr\u00e9sident am\u00e9ricain Donald Trump.&nbsp;&nbsp;T\u00e9h\u00e9ran a encore r\u00e9clam\u00e9 mardi une cl\u00f4ture de l&rsquo;enqu\u00eate de l&rsquo;AIEA pour parvenir \u00e0 un compromis avec ses interlocuteurs directs (Allemagne, France, Grande-Bretagne, Chine et Russie), tandis que les Etats-Unis y participent&nbsp;&nbsp;&nbsp;indirectement. L&rsquo;AIEA d\u00e9plore \u00e9galement la d\u00e9cision annonc\u00e9e en juin par l&rsquo;Iran d&rsquo;enlever un certain nombre de cam\u00e9ras de surveillance, \u00e9voquant \u00ab\u00a0des cons\u00e9quences&nbsp;&nbsp;&nbsp;pr\u00e9judiciables pour la capacit\u00e9\u00a0\u00bb \u00e0 v\u00e9rifier le caract\u00e8re civil du programme nucl\u00e9aire. Tout en restreignant l&rsquo;acc\u00e8s \u00e0 l&rsquo;instance onusienne, l&rsquo;Iran a continu\u00e9 ces derniers mois \u00e0 accumuler de l&rsquo;uranium enrichi, selon des estimations livr\u00e9es dans un document distinct. Les stocks d\u00e9passent d\u00e9sormais de plus de 19 fois la limite autoris\u00e9e par l&rsquo;accord international de 2015. T\u00e9h\u00e9ran a ainsi port\u00e9 ses r\u00e9serves totales \u00e0 la date du 21 ao\u00fbt \u00e0 3.940,9 kgs, contre 3.809,3 kgs mi-mai, loin du plafond de 202,8 kilos auquel il s&rsquo;\u00e9tait engag\u00e9. L&rsquo;Iran a notamment \u00e9lev\u00e9 son stock de mati\u00e8re enrichie \u00e0 20% \u00e0 331,9 kg, contre 238,4 kg auparavant. Ce niveau, qui se situe au-del\u00e0 des 3,67% fix\u00e9s par l&rsquo;accord, permet en th\u00e9orie de produire des isotopes m\u00e9dicaux, utilis\u00e9s notamment dans le diagnostic de certains cancers. La R\u00e9publique islamique dispose par ailleurs de 55,6 kg contre 43,1 kg&nbsp;&nbsp;&nbsp;d&rsquo;uranium enrichi \u00e0 60%, seuil proche des 90% n\u00e9cessaires \u00e0 l&rsquo;\u00e9laboration d&rsquo;une arme atomique, contre 33,2 kg pr\u00e9c\u00e9demment.&nbsp;&nbsp;&nbsp;&nbsp;<\/p>\n\n\n\n<p>Agences<\/p>\n","protected":false},"excerpt":{"rendered":"<p>L&rsquo;Agence internationale de l&rsquo;\u00e9nergie atomique (AIEA) a affirm\u00e9 hier \u00ab\u00a0ne pas \u00eatre en position de garantir que le programme nucl\u00e9aire<\/p>\n","protected":false},"author":3,"featured_media":27045,"comment_status":"open","ping_status":"closed","sticky":false,"template":"","format":"standard","meta":{"colormag_page_container_layout":"default_layout","colormag_page_sidebar_layout":"default_layout","om_disable_all_campaigns":false,"_monsterinsights_skip_tracking":false,"_monsterinsights_sitenote_active":false,"_monsterinsights_sitenote_note":"","_monsterinsights_sitenote_category":0,"footnotes":"","_wpscppro_dont_share_socialmedia":false,"_wpscppro_custom_social_share_image":0,"_facebook_share_type":"","_twitter_share_type":"","_linkedin_share_type":"","_pinterest_share_type":"","_linkedin_share_type_page":"","_instagram_share_type":"","_medium_share_type":"","_threads_share_type":"","_google_business_share_type":"","_selected_social_profile":[],"_wpsp_enable_custom_social_template":false,"_wpsp_social_scheduling":{"enabled":false,"datetime":null,"platforms":[],"status":"template_only","dateOption":"today","timeOption":"now","customDays":"","customHours":"","customDate":"","customTime":"","schedulingType":"absolute"},"_wpsp_active_default_template":true},"categories":[37],"tags":[],"class_list":["post-27039","post","type-post","status-publish","format-standard","has-post-thumbnail","hentry","category-monde"],"aioseo_notices":[],"yoast_head":"<!-- This site is optimized with the Yoast SEO plugin v27.5 - https:\/\/yoast.com\/product\/yoast-seo-wordpress\/ -->\n<title>Nucl\u00e9aire iranien\u00a0:\u00a0Les r\u00e9serves de l\u2019Agence internationale de l&rsquo;\u00e9nergie atomique - La Sentinelle<\/title>\n<meta name=\"robots\" content=\"index, follow, max-snippet:-1, max-image-preview:large, max-video-preview:-1\" \/>\n<link rel=\"canonical\" href=\"https:\/\/lasentinelle.dz\/index.php\/2022\/09\/08\/nucleaire-iranien-les-reserves-de-lagence-internationale-de-lenergie-atomique\/\" \/>\n<meta property=\"og:locale\" content=\"fr_FR\" \/>\n<meta property=\"og:type\" content=\"article\" \/>\n<meta property=\"og:title\" content=\"Nucl\u00e9aire iranien\u00a0:\u00a0Les r\u00e9serves de l\u2019Agence internationale de l&rsquo;\u00e9nergie atomique - La Sentinelle\" \/>\n<meta property=\"og:description\" content=\"L&rsquo;Agence internationale de l&rsquo;\u00e9nergie atomique (AIEA) a affirm\u00e9 hier \u00ab\u00a0ne pas \u00eatre en position de garantir que le programme nucl\u00e9aire\" \/>\n<meta property=\"og:url\" content=\"https:\/\/lasentinelle.dz\/index.php\/2022\/09\/08\/nucleaire-iranien-les-reserves-de-lagence-internationale-de-lenergie-atomique\/\" \/>\n<meta property=\"og:site_name\" content=\"La Sentinelle\" \/>\n<meta property=\"article:publisher\" content=\"https:\/\/www.facebook.com\/La-Sentinelle-104059864394773\" \/>\n<meta property=\"article:published_time\" content=\"2022-09-07T23:01:00+00:00\" \/>\n<meta property=\"og:image\" content=\"https:\/\/lasentinelle.dz\/wp-content\/uploads\/2022\/09\/IRAN-2.jpg\" \/>\n\t<meta property=\"og:image:width\" content=\"1280\" \/>\n\t<meta property=\"og:image:height\" content=\"1280\" \/>\n\t<meta property=\"og:image:type\" content=\"image\/jpeg\" \/>\n<meta name=\"author\" content=\"La Sentinelle\" \/>\n<meta name=\"twitter:card\" content=\"summary_large_image\" \/>\n<meta name=\"twitter:label1\" content=\"\u00c9crit par\" \/>\n\t<meta name=\"twitter:data1\" content=\"La Sentinelle\" \/>\n\t<meta name=\"twitter:label2\" content=\"Dur\u00e9e de lecture estim\u00e9e\" \/>\n\t<meta name=\"twitter:data2\" content=\"2 minutes\" \/>\n<script type=\"application\/ld+json\" class=\"yoast-schema-graph\">{\"@context\":\"https:\\\/\\\/schema.org\",\"@graph\":[{\"@type\":\"Article\",\"@id\":\"https:\\\/\\\/lasentinelle.dz\\\/index.php\\\/2022\\\/09\\\/08\\\/nucleaire-iranien-les-reserves-de-lagence-internationale-de-lenergie-atomique\\\/#article\",\"isPartOf\":{\"@id\":\"https:\\\/\\\/lasentinelle.dz\\\/index.php\\\/2022\\\/09\\\/08\\\/nucleaire-iranien-les-reserves-de-lagence-internationale-de-lenergie-atomique\\\/\"},\"author\":{\"name\":\"La Sentinelle\",\"@id\":\"https:\\\/\\\/lasentinelle.dz\\\/#\\\/schema\\\/person\\\/d865044e22e70a75174ce8bcad3acfb3\"},\"headline\":\"Nucl\u00e9aire iranien\u00a0:\u00a0Les r\u00e9serves de l\u2019Agence internationale de l&rsquo;\u00e9nergie atomique\",\"datePublished\":\"2022-09-07T23:01:00+00:00\",\"mainEntityOfPage\":{\"@id\":\"https:\\\/\\\/lasentinelle.dz\\\/index.php\\\/2022\\\/09\\\/08\\\/nucleaire-iranien-les-reserves-de-lagence-internationale-de-lenergie-atomique\\\/\"},\"wordCount\":434,\"commentCount\":0,\"publisher\":{\"@id\":\"https:\\\/\\\/lasentinelle.dz\\\/#organization\"},\"image\":{\"@id\":\"https:\\\/\\\/lasentinelle.dz\\\/index.php\\\/2022\\\/09\\\/08\\\/nucleaire-iranien-les-reserves-de-lagence-internationale-de-lenergie-atomique\\\/#primaryimage\"},\"thumbnailUrl\":\"https:\\\/\\\/lasentinelle.dz\\\/wp-content\\\/uploads\\\/2022\\\/09\\\/IRAN-2.jpg\",\"articleSection\":[\"Monde\"],\"inLanguage\":\"fr-FR\",\"potentialAction\":[{\"@type\":\"CommentAction\",\"name\":\"Comment\",\"target\":[\"https:\\\/\\\/lasentinelle.dz\\\/index.php\\\/2022\\\/09\\\/08\\\/nucleaire-iranien-les-reserves-de-lagence-internationale-de-lenergie-atomique\\\/#respond\"]}]},{\"@type\":\"WebPage\",\"@id\":\"https:\\\/\\\/lasentinelle.dz\\\/index.php\\\/2022\\\/09\\\/08\\\/nucleaire-iranien-les-reserves-de-lagence-internationale-de-lenergie-atomique\\\/\",\"url\":\"https:\\\/\\\/lasentinelle.dz\\\/index.php\\\/2022\\\/09\\\/08\\\/nucleaire-iranien-les-reserves-de-lagence-internationale-de-lenergie-atomique\\\/\",\"name\":\"Nucl\u00e9aire iranien\u00a0:\u00a0Les r\u00e9serves de l\u2019Agence internationale de l&rsquo;\u00e9nergie atomique - La Sentinelle\",\"isPartOf\":{\"@id\":\"https:\\\/\\\/lasentinelle.dz\\\/#website\"},\"primaryImageOfPage\":{\"@id\":\"https:\\\/\\\/lasentinelle.dz\\\/index.php\\\/2022\\\/09\\\/08\\\/nucleaire-iranien-les-reserves-de-lagence-internationale-de-lenergie-atomique\\\/#primaryimage\"},\"image\":{\"@id\":\"https:\\\/\\\/lasentinelle.dz\\\/index.php\\\/2022\\\/09\\\/08\\\/nucleaire-iranien-les-reserves-de-lagence-internationale-de-lenergie-atomique\\\/#primaryimage\"},\"thumbnailUrl\":\"https:\\\/\\\/lasentinelle.dz\\\/wp-content\\\/uploads\\\/2022\\\/09\\\/IRAN-2.jpg\",\"datePublished\":\"2022-09-07T23:01:00+00:00\",\"breadcrumb\":{\"@id\":\"https:\\\/\\\/lasentinelle.dz\\\/index.php\\\/2022\\\/09\\\/08\\\/nucleaire-iranien-les-reserves-de-lagence-internationale-de-lenergie-atomique\\\/#breadcrumb\"},\"inLanguage\":\"fr-FR\",\"potentialAction\":[{\"@type\":\"ReadAction\",\"target\":[\"https:\\\/\\\/lasentinelle.dz\\\/index.php\\\/2022\\\/09\\\/08\\\/nucleaire-iranien-les-reserves-de-lagence-internationale-de-lenergie-atomique\\\/\"]}]},{\"@type\":\"ImageObject\",\"inLanguage\":\"fr-FR\",\"@id\":\"https:\\\/\\\/lasentinelle.dz\\\/index.php\\\/2022\\\/09\\\/08\\\/nucleaire-iranien-les-reserves-de-lagence-internationale-de-lenergie-atomique\\\/#primaryimage\",\"url\":\"https:\\\/\\\/lasentinelle.dz\\\/wp-content\\\/uploads\\\/2022\\\/09\\\/IRAN-2.jpg\",\"contentUrl\":\"https:\\\/\\\/lasentinelle.dz\\\/wp-content\\\/uploads\\\/2022\\\/09\\\/IRAN-2.jpg\",\"width\":1280,\"height\":1280},{\"@type\":\"BreadcrumbList\",\"@id\":\"https:\\\/\\\/lasentinelle.dz\\\/index.php\\\/2022\\\/09\\\/08\\\/nucleaire-iranien-les-reserves-de-lagence-internationale-de-lenergie-atomique\\\/#breadcrumb\",\"itemListElement\":[{\"@type\":\"ListItem\",\"position\":1,\"name\":\"Accueil\",\"item\":\"https:\\\/\\\/lasentinelle.dz\\\/\"},{\"@type\":\"ListItem\",\"position\":2,\"name\":\"Nucl\u00e9aire iranien\u00a0:\u00a0Les r\u00e9serves de l\u2019Agence internationale de l&rsquo;\u00e9nergie atomique\"}]},{\"@type\":\"WebSite\",\"@id\":\"https:\\\/\\\/lasentinelle.dz\\\/#website\",\"url\":\"https:\\\/\\\/lasentinelle.dz\\\/\",\"name\":\"La Sentinelle\",\"description\":\"Quotidien national d&#039;information\",\"publisher\":{\"@id\":\"https:\\\/\\\/lasentinelle.dz\\\/#organization\"},\"potentialAction\":[{\"@type\":\"SearchAction\",\"target\":{\"@type\":\"EntryPoint\",\"urlTemplate\":\"https:\\\/\\\/lasentinelle.dz\\\/?s={search_term_string}\"},\"query-input\":{\"@type\":\"PropertyValueSpecification\",\"valueRequired\":true,\"valueName\":\"search_term_string\"}}],\"inLanguage\":\"fr-FR\"},{\"@type\":\"Organization\",\"@id\":\"https:\\\/\\\/lasentinelle.dz\\\/#organization\",\"name\":\"Quotidien La Sentinelle\",\"url\":\"https:\\\/\\\/lasentinelle.dz\\\/\",\"logo\":{\"@type\":\"ImageObject\",\"inLanguage\":\"fr-FR\",\"@id\":\"https:\\\/\\\/lasentinelle.dz\\\/#\\\/schema\\\/logo\\\/image\\\/\",\"url\":\"https:\\\/\\\/lasentinelle.dz\\\/wp-content\\\/uploads\\\/2021\\\/09\\\/logo-sentinelleSLOGAN-1.png\",\"contentUrl\":\"https:\\\/\\\/lasentinelle.dz\\\/wp-content\\\/uploads\\\/2021\\\/09\\\/logo-sentinelleSLOGAN-1.png\",\"width\":615,\"height\":142,\"caption\":\"Quotidien La Sentinelle\"},\"image\":{\"@id\":\"https:\\\/\\\/lasentinelle.dz\\\/#\\\/schema\\\/logo\\\/image\\\/\"},\"sameAs\":[\"https:\\\/\\\/www.facebook.com\\\/La-Sentinelle-104059864394773\"]},{\"@type\":\"Person\",\"@id\":\"https:\\\/\\\/lasentinelle.dz\\\/#\\\/schema\\\/person\\\/d865044e22e70a75174ce8bcad3acfb3\",\"name\":\"La Sentinelle\",\"image\":{\"@type\":\"ImageObject\",\"inLanguage\":\"fr-FR\",\"@id\":\"https:\\\/\\\/secure.gravatar.com\\\/avatar\\\/57de8e5d4b15d43fb361a71fbb36338450fe67865b528a43dd10ef7c51a20392?s=96&d=mm&r=g\",\"url\":\"https:\\\/\\\/secure.gravatar.com\\\/avatar\\\/57de8e5d4b15d43fb361a71fbb36338450fe67865b528a43dd10ef7c51a20392?s=96&d=mm&r=g\",\"contentUrl\":\"https:\\\/\\\/secure.gravatar.com\\\/avatar\\\/57de8e5d4b15d43fb361a71fbb36338450fe67865b528a43dd10ef7c51a20392?s=96&d=mm&r=g\",\"caption\":\"La Sentinelle\"},\"sameAs\":[\"http:\\\/\\\/www.lasentinelle.dz\"],\"url\":\"https:\\\/\\\/lasentinelle.dz\\\/author\\\/redaction\\\/\"}]}<\/script>\n<!-- \/ Yoast SEO plugin. -->","yoast_head_json":{"title":"Nucl\u00e9aire iranien\u00a0:\u00a0Les r\u00e9serves de l\u2019Agence internationale de l&rsquo;\u00e9nergie atomique - La Sentinelle","robots":{"index":"index","follow":"follow","max-snippet":"max-snippet:-1","max-image-preview":"max-image-preview:large","max-video-preview":"max-video-preview:-1"},"canonical":"https:\/\/lasentinelle.dz\/index.php\/2022\/09\/08\/nucleaire-iranien-les-reserves-de-lagence-internationale-de-lenergie-atomique\/","og_locale":"fr_FR","og_type":"article","og_title":"Nucl\u00e9aire iranien\u00a0:\u00a0Les r\u00e9serves de l\u2019Agence internationale de l&rsquo;\u00e9nergie atomique - La Sentinelle","og_description":"L&rsquo;Agence internationale de l&rsquo;\u00e9nergie atomique (AIEA) a affirm\u00e9 hier \u00ab\u00a0ne pas \u00eatre en position de garantir que le programme nucl\u00e9aire","og_url":"https:\/\/lasentinelle.dz\/index.php\/2022\/09\/08\/nucleaire-iranien-les-reserves-de-lagence-internationale-de-lenergie-atomique\/","og_site_name":"La Sentinelle","article_publisher":"https:\/\/www.facebook.com\/La-Sentinelle-104059864394773","article_published_time":"2022-09-07T23:01:00+00:00","og_image":[{"width":1280,"height":1280,"url":"https:\/\/lasentinelle.dz\/wp-content\/uploads\/2022\/09\/IRAN-2.jpg","type":"image\/jpeg"}],"author":"La Sentinelle","twitter_card":"summary_large_image","twitter_misc":{"\u00c9crit par":"La Sentinelle","Dur\u00e9e de lecture estim\u00e9e":"2 minutes"},"schema":{"@context":"https:\/\/schema.org","@graph":[{"@type":"Article","@id":"https:\/\/lasentinelle.dz\/index.php\/2022\/09\/08\/nucleaire-iranien-les-reserves-de-lagence-internationale-de-lenergie-atomique\/#article","isPartOf":{"@id":"https:\/\/lasentinelle.dz\/index.php\/2022\/09\/08\/nucleaire-iranien-les-reserves-de-lagence-internationale-de-lenergie-atomique\/"},"author":{"name":"La Sentinelle","@id":"https:\/\/lasentinelle.dz\/#\/schema\/person\/d865044e22e70a75174ce8bcad3acfb3"},"headline":"Nucl\u00e9aire iranien\u00a0:\u00a0Les r\u00e9serves de l\u2019Agence internationale de l&rsquo;\u00e9nergie atomique","datePublished":"2022-09-07T23:01:00+00:00","mainEntityOfPage":{"@id":"https:\/\/lasentinelle.dz\/index.php\/2022\/09\/08\/nucleaire-iranien-les-reserves-de-lagence-internationale-de-lenergie-atomique\/"},"wordCount":434,"commentCount":0,"publisher":{"@id":"https:\/\/lasentinelle.dz\/#organization"},"image":{"@id":"https:\/\/lasentinelle.dz\/index.php\/2022\/09\/08\/nucleaire-iranien-les-reserves-de-lagence-internationale-de-lenergie-atomique\/#primaryimage"},"thumbnailUrl":"https:\/\/lasentinelle.dz\/wp-content\/uploads\/2022\/09\/IRAN-2.jpg","articleSection":["Monde"],"inLanguage":"fr-FR","potentialAction":[{"@type":"CommentAction","name":"Comment","target":["https:\/\/lasentinelle.dz\/index.php\/2022\/09\/08\/nucleaire-iranien-les-reserves-de-lagence-internationale-de-lenergie-atomique\/#respond"]}]},{"@type":"WebPage","@id":"https:\/\/lasentinelle.dz\/index.php\/2022\/09\/08\/nucleaire-iranien-les-reserves-de-lagence-internationale-de-lenergie-atomique\/","url":"https:\/\/lasentinelle.dz\/index.php\/2022\/09\/08\/nucleaire-iranien-les-reserves-de-lagence-internationale-de-lenergie-atomique\/","name":"Nucl\u00e9aire iranien\u00a0:\u00a0Les r\u00e9serves de l\u2019Agence internationale de l&rsquo;\u00e9nergie atomique - La Sentinelle","isPartOf":{"@id":"https:\/\/lasentinelle.dz\/#website"},"primaryImageOfPage":{"@id":"https:\/\/lasentinelle.dz\/index.php\/2022\/09\/08\/nucleaire-iranien-les-reserves-de-lagence-internationale-de-lenergie-atomique\/#primaryimage"},"image":{"@id":"https:\/\/lasentinelle.dz\/index.php\/2022\/09\/08\/nucleaire-iranien-les-reserves-de-lagence-internationale-de-lenergie-atomique\/#primaryimage"},"thumbnailUrl":"https:\/\/lasentinelle.dz\/wp-content\/uploads\/2022\/09\/IRAN-2.jpg","datePublished":"2022-09-07T23:01:00+00:00","breadcrumb":{"@id":"https:\/\/lasentinelle.dz\/index.php\/2022\/09\/08\/nucleaire-iranien-les-reserves-de-lagence-internationale-de-lenergie-atomique\/#breadcrumb"},"inLanguage":"fr-FR","potentialAction":[{"@type":"ReadAction","target":["https:\/\/lasentinelle.dz\/index.php\/2022\/09\/08\/nucleaire-iranien-les-reserves-de-lagence-internationale-de-lenergie-atomique\/"]}]},{"@type":"ImageObject","inLanguage":"fr-FR","@id":"https:\/\/lasentinelle.dz\/index.php\/2022\/09\/08\/nucleaire-iranien-les-reserves-de-lagence-internationale-de-lenergie-atomique\/#primaryimage","url":"https:\/\/lasentinelle.dz\/wp-content\/uploads\/2022\/09\/IRAN-2.jpg","contentUrl":"https:\/\/lasentinelle.dz\/wp-content\/uploads\/2022\/09\/IRAN-2.jpg","width":1280,"height":1280},{"@type":"BreadcrumbList","@id":"https:\/\/lasentinelle.dz\/index.php\/2022\/09\/08\/nucleaire-iranien-les-reserves-de-lagence-internationale-de-lenergie-atomique\/#breadcrumb","itemListElement":[{"@type":"ListItem","position":1,"name":"Accueil","item":"https:\/\/lasentinelle.dz\/"},{"@type":"ListItem","position":2,"name":"Nucl\u00e9aire iranien\u00a0:\u00a0Les r\u00e9serves de l\u2019Agence internationale de l&rsquo;\u00e9nergie atomique"}]},{"@type":"WebSite","@id":"https:\/\/lasentinelle.dz\/#website","url":"https:\/\/lasentinelle.dz\/","name":"La Sentinelle","description":"Quotidien national d&#039;information","publisher":{"@id":"https:\/\/lasentinelle.dz\/#organization"},"potentialAction":[{"@type":"SearchAction","target":{"@type":"EntryPoint","urlTemplate":"https:\/\/lasentinelle.dz\/?s={search_term_string}"},"query-input":{"@type":"PropertyValueSpecification","valueRequired":true,"valueName":"search_term_string"}}],"inLanguage":"fr-FR"},{"@type":"Organization","@id":"https:\/\/lasentinelle.dz\/#organization","name":"Quotidien La Sentinelle","url":"https:\/\/lasentinelle.dz\/","logo":{"@type":"ImageObject","inLanguage":"fr-FR","@id":"https:\/\/lasentinelle.dz\/#\/schema\/logo\/image\/","url":"https:\/\/lasentinelle.dz\/wp-content\/uploads\/2021\/09\/logo-sentinelleSLOGAN-1.png","contentUrl":"https:\/\/lasentinelle.dz\/wp-content\/uploads\/2021\/09\/logo-sentinelleSLOGAN-1.png","width":615,"height":142,"caption":"Quotidien La Sentinelle"},"image":{"@id":"https:\/\/lasentinelle.dz\/#\/schema\/logo\/image\/"},"sameAs":["https:\/\/www.facebook.com\/La-Sentinelle-104059864394773"]},{"@type":"Person","@id":"https:\/\/lasentinelle.dz\/#\/schema\/person\/d865044e22e70a75174ce8bcad3acfb3","name":"La Sentinelle","image":{"@type":"ImageObject","inLanguage":"fr-FR","@id":"https:\/\/secure.gravatar.com\/avatar\/57de8e5d4b15d43fb361a71fbb36338450fe67865b528a43dd10ef7c51a20392?s=96&d=mm&r=g","url":"https:\/\/secure.gravatar.com\/avatar\/57de8e5d4b15d43fb361a71fbb36338450fe67865b528a43dd10ef7c51a20392?s=96&d=mm&r=g","contentUrl":"https:\/\/secure.gravatar.com\/avatar\/57de8e5d4b15d43fb361a71fbb36338450fe67865b528a43dd10ef7c51a20392?s=96&d=mm&r=g","caption":"La Sentinelle"},"sameAs":["http:\/\/www.lasentinelle.dz"],"url":"https:\/\/lasentinelle.dz\/author\/redaction\/"}]}},"_links":{"self":[{"href":"https:\/\/lasentinelle.dz\/index.php\/wp-json\/wp\/v2\/posts\/27039","targetHints":{"allow":["GET"]}}],"collection":[{"href":"https:\/\/lasentinelle.dz\/index.php\/wp-json\/wp\/v2\/posts"}],"about":[{"href":"https:\/\/lasentinelle.dz\/index.php\/wp-json\/wp\/v2\/types\/post"}],"author":[{"embeddable":true,"href":"https:\/\/lasentinelle.dz\/index.php\/wp-json\/wp\/v2\/users\/3"}],"replies":[{"embeddable":true,"href":"https:\/\/lasentinelle.dz\/index.php\/wp-json\/wp\/v2\/comments?post=27039"}],"version-history":[{"count":1,"href":"https:\/\/lasentinelle.dz\/index.php\/wp-json\/wp\/v2\/posts\/27039\/revisions"}],"predecessor-version":[{"id":27046,"href":"https:\/\/lasentinelle.dz\/index.php\/wp-json\/wp\/v2\/posts\/27039\/revisions\/27046"}],"wp:featuredmedia":[{"embeddable":true,"href":"https:\/\/lasentinelle.dz\/index.php\/wp-json\/wp\/v2\/media\/27045"}],"wp:attachment":[{"href":"https:\/\/lasentinelle.dz\/index.php\/wp-json\/wp\/v2\/media?parent=27039"}],"wp:term":[{"taxonomy":"category","embeddable":true,"href":"https:\/\/lasentinelle.dz\/index.php\/wp-json\/wp\/v2\/categories?post=27039"},{"taxonomy":"post_tag","embeddable":true,"href":"https:\/\/lasentinelle.dz\/index.php\/wp-json\/wp\/v2\/tags?post=27039"}],"curies":[{"name":"wp","href":"https:\/\/api.w.org\/{rel}","templated":true}]}}