{"id":27040,"date":"2022-09-08T00:01:00","date_gmt":"2022-09-07T23:01:00","guid":{"rendered":"https:\/\/lasentinelle.dz\/?p=27040"},"modified":"2022-09-07T20:03:08","modified_gmt":"2022-09-07T19:03:08","slug":"transition-au-mali-le-gouvernement-demande-la-levee-des-sanctions","status":"publish","type":"post","link":"https:\/\/lasentinelle.dz\/index.php\/2022\/09\/08\/transition-au-mali-le-gouvernement-demande-la-levee-des-sanctions\/","title":{"rendered":"Transition au Mali\u00a0:\u00a0\u00a0Le gouvernement demande la lev\u00e9e des sanctions\u00a0"},"content":{"rendered":"\n<p>Le Mali a demand\u00e9 mardi \u00e0 Lom\u00e9 (Togo) la lev\u00e9e des sanctions impos\u00e9es par les organisations africaines, \u00e0 savoir l&rsquo;Union africaine (UA) et la Communaut\u00e9 \u00e9conomique des Etats de l&rsquo;Afrique de l&rsquo;Ouest (C\u00e9d\u00e9ao), mettant en avant des progr\u00e8s accomplis vers un retour \u00e0 l&rsquo;ordre constitutionnel.<\/p>\n\n\n\n<p>\u00ab\u00a0L&rsquo;une des priorit\u00e9s majeures du gouvernement de transition reste l&rsquo;organisation d&rsquo;\u00e9lections libres, transparentes et cr\u00e9dibles en vue du retour \u00e0 un ordre constitutionnel apais\u00e9 et s\u00e9curis\u00e9 dans le d\u00e9lai de 24 mois\u00a0\u00bb \u00e0 compter de mars 2022, a d\u00e9clar\u00e9 le ministre malien des Affaires \u00e9trang\u00e8res, Abdoulaye Diop, devant la 3e r\u00e9union du Groupe de suivi et de soutien \u00e0 la transition au Mali (GST-Mali).&nbsp;\u00ab\u00a0Les avanc\u00e9es ind\u00e9niables (r\u00e9alis\u00e9es par le gouvernement malien) ainsi que son engagement et sa d\u00e9termination manifeste \u00e0 poursuivre cette dynamique positive plaident incontestablement pour un examen favorable de notre requ\u00eate en faveur de la lev\u00e9e de la mesure de suspension de mon pays des instances de l&rsquo;Organisation continentale\u00a0\u00bb (l&rsquo;UA), a ajout\u00e9 M. Diop.&nbsp;L&rsquo;UA et la C\u00e9d\u00e9ao ont suspendu le Mali apr\u00e8s les deux changements anticonstitutionnels de gouvernement en 2020 et 2021.&nbsp;Apr\u00e8s que les autorit\u00e9s de transition se sont engag\u00e9es \u00e0 organiser des \u00e9lections en f\u00e9vrier 2024, la C\u00e9d\u00e9ao a lev\u00e9 de s\u00e9v\u00e8res sanctions financi\u00e8res et commerciales inflig\u00e9es en janvier 2022.&nbsp;Mais la suspension du Mali des organisations africaines est rest\u00e9e en vigueur, de m\u00eame que des sanctions individuelles prises par la C\u00e9d\u00e9ao fin 2021 contre quelque 150 membres des autorit\u00e9s de transition.&nbsp;\u00ab\u00a0Le gouvernement du Mali demande la lev\u00e9e de ces mesures afin de favoriser une pleine coop\u00e9ration avec tous les partenaires\u00a0\u00bb, a dit Abdoulaye Diop devant le GST-Mali, qualifiant les sanctions encore en vigueur d'\u00a0\u00bbentraves\u00a0\u00bb.&nbsp;Ce groupe a \u00e9t\u00e9 mis en place \u00e0 l\u2019initiative de l\u2019Union africaine avec l\u2019accord du gouvernement malien pour soutenir et accompagner les autorit\u00e9s maliennes dans la conduite de la transition et ce, en coordination avec les partenaires du Mali.&nbsp;Il est co-pr\u00e9sid\u00e9 par l\u2019Union africaine, la C\u00e9d\u00e9ao et l&rsquo;ONU.<\/p>\n\n\n\n<p>APS<\/p>\n","protected":false},"excerpt":{"rendered":"<p>Le Mali a demand\u00e9 mardi \u00e0 Lom\u00e9 (Togo) la lev\u00e9e des sanctions impos\u00e9es par les organisations africaines, \u00e0 savoir l&rsquo;Union<\/p>\n","protected":false},"author":3,"featured_media":27043,"comment_status":"open","ping_status":"closed","sticky":false,"template":"","format":"standard","meta":{"colormag_page_container_layout":"default_layout","colormag_page_sidebar_layout":"default_layout","om_disable_all_campaigns":false,"_monsterinsights_skip_tracking":false,"_monsterinsights_sitenote_active":false,"_monsterinsights_sitenote_note":"","_monsterinsights_sitenote_category":0,"footnotes":"","_wpscppro_dont_share_socialmedia":false,"_wpscppro_custom_social_share_image":0,"_facebook_share_type":"","_twitter_share_type":"","_linkedin_share_type":"","_pinterest_share_type":"","_linkedin_share_type_page":"","_instagram_share_type":"","_medium_share_type":"","_threads_share_type":"","_google_business_share_type":"","_selected_social_profile":[],"_wpsp_enable_custom_social_template":false,"_wpsp_social_scheduling":{"enabled":false,"datetime":null,"platforms":[],"status":"template_only","dateOption":"today","timeOption":"now","customDays":"","customHours":"","customDate":"","customTime":"","schedulingType":"absolute"},"_wpsp_active_default_template":true},"categories":[37],"tags":[],"class_list":["post-27040","post","type-post","status-publish","format-standard","has-post-thumbnail","hentry","category-monde"],"aioseo_notices":[],"yoast_head":"<!-- This site is optimized with the Yoast SEO plugin v27.5 - https:\/\/yoast.com\/product\/yoast-seo-wordpress\/ -->\n<title>Transition au Mali\u00a0:\u00a0\u00a0Le gouvernement demande la lev\u00e9e des sanctions\u00a0 - La Sentinelle<\/title>\n<meta name=\"robots\" content=\"index, follow, max-snippet:-1, max-image-preview:large, max-video-preview:-1\" \/>\n<link rel=\"canonical\" href=\"https:\/\/lasentinelle.dz\/index.php\/2022\/09\/08\/transition-au-mali-le-gouvernement-demande-la-levee-des-sanctions\/\" \/>\n<meta property=\"og:locale\" content=\"fr_FR\" \/>\n<meta property=\"og:type\" content=\"article\" \/>\n<meta property=\"og:title\" content=\"Transition au Mali\u00a0:\u00a0\u00a0Le gouvernement demande la lev\u00e9e des sanctions\u00a0 - La Sentinelle\" \/>\n<meta property=\"og:description\" content=\"Le Mali a demand\u00e9 mardi \u00e0 Lom\u00e9 (Togo) la lev\u00e9e des sanctions impos\u00e9es par les organisations africaines, \u00e0 savoir l&rsquo;Union\" \/>\n<meta property=\"og:url\" content=\"https:\/\/lasentinelle.dz\/index.php\/2022\/09\/08\/transition-au-mali-le-gouvernement-demande-la-levee-des-sanctions\/\" \/>\n<meta property=\"og:site_name\" content=\"La Sentinelle\" \/>\n<meta property=\"article:publisher\" content=\"https:\/\/www.facebook.com\/La-Sentinelle-104059864394773\" \/>\n<meta property=\"article:published_time\" content=\"2022-09-07T23:01:00+00:00\" \/>\n<meta property=\"og:image\" content=\"https:\/\/lasentinelle.dz\/wp-content\/uploads\/2022\/09\/Abdoulaye-Diop.png\" \/>\n\t<meta property=\"og:image:width\" content=\"1554\" \/>\n\t<meta property=\"og:image:height\" content=\"900\" \/>\n\t<meta property=\"og:image:type\" content=\"image\/png\" \/>\n<meta name=\"author\" content=\"La Sentinelle\" \/>\n<meta name=\"twitter:card\" content=\"summary_large_image\" \/>\n<meta name=\"twitter:label1\" content=\"\u00c9crit par\" \/>\n\t<meta name=\"twitter:data1\" content=\"La Sentinelle\" \/>\n\t<meta name=\"twitter:label2\" content=\"Dur\u00e9e de lecture estim\u00e9e\" \/>\n\t<meta name=\"twitter:data2\" content=\"2 minutes\" \/>\n<script type=\"application\/ld+json\" class=\"yoast-schema-graph\">{\"@context\":\"https:\\\/\\\/schema.org\",\"@graph\":[{\"@type\":\"Article\",\"@id\":\"https:\\\/\\\/lasentinelle.dz\\\/index.php\\\/2022\\\/09\\\/08\\\/transition-au-mali-le-gouvernement-demande-la-levee-des-sanctions\\\/#article\",\"isPartOf\":{\"@id\":\"https:\\\/\\\/lasentinelle.dz\\\/index.php\\\/2022\\\/09\\\/08\\\/transition-au-mali-le-gouvernement-demande-la-levee-des-sanctions\\\/\"},\"author\":{\"name\":\"La Sentinelle\",\"@id\":\"https:\\\/\\\/lasentinelle.dz\\\/#\\\/schema\\\/person\\\/d865044e22e70a75174ce8bcad3acfb3\"},\"headline\":\"Transition au Mali\u00a0:\u00a0\u00a0Le gouvernement demande la lev\u00e9e des sanctions\u00a0\",\"datePublished\":\"2022-09-07T23:01:00+00:00\",\"mainEntityOfPage\":{\"@id\":\"https:\\\/\\\/lasentinelle.dz\\\/index.php\\\/2022\\\/09\\\/08\\\/transition-au-mali-le-gouvernement-demande-la-levee-des-sanctions\\\/\"},\"wordCount\":387,\"commentCount\":0,\"publisher\":{\"@id\":\"https:\\\/\\\/lasentinelle.dz\\\/#organization\"},\"image\":{\"@id\":\"https:\\\/\\\/lasentinelle.dz\\\/index.php\\\/2022\\\/09\\\/08\\\/transition-au-mali-le-gouvernement-demande-la-levee-des-sanctions\\\/#primaryimage\"},\"thumbnailUrl\":\"https:\\\/\\\/lasentinelle.dz\\\/wp-content\\\/uploads\\\/2022\\\/09\\\/Abdoulaye-Diop.png\",\"articleSection\":[\"Monde\"],\"inLanguage\":\"fr-FR\",\"potentialAction\":[{\"@type\":\"CommentAction\",\"name\":\"Comment\",\"target\":[\"https:\\\/\\\/lasentinelle.dz\\\/index.php\\\/2022\\\/09\\\/08\\\/transition-au-mali-le-gouvernement-demande-la-levee-des-sanctions\\\/#respond\"]}]},{\"@type\":\"WebPage\",\"@id\":\"https:\\\/\\\/lasentinelle.dz\\\/index.php\\\/2022\\\/09\\\/08\\\/transition-au-mali-le-gouvernement-demande-la-levee-des-sanctions\\\/\",\"url\":\"https:\\\/\\\/lasentinelle.dz\\\/index.php\\\/2022\\\/09\\\/08\\\/transition-au-mali-le-gouvernement-demande-la-levee-des-sanctions\\\/\",\"name\":\"Transition au Mali\u00a0:\u00a0\u00a0Le gouvernement demande la lev\u00e9e des sanctions\u00a0 - La Sentinelle\",\"isPartOf\":{\"@id\":\"https:\\\/\\\/lasentinelle.dz\\\/#website\"},\"primaryImageOfPage\":{\"@id\":\"https:\\\/\\\/lasentinelle.dz\\\/index.php\\\/2022\\\/09\\\/08\\\/transition-au-mali-le-gouvernement-demande-la-levee-des-sanctions\\\/#primaryimage\"},\"image\":{\"@id\":\"https:\\\/\\\/lasentinelle.dz\\\/index.php\\\/2022\\\/09\\\/08\\\/transition-au-mali-le-gouvernement-demande-la-levee-des-sanctions\\\/#primaryimage\"},\"thumbnailUrl\":\"https:\\\/\\\/lasentinelle.dz\\\/wp-content\\\/uploads\\\/2022\\\/09\\\/Abdoulaye-Diop.png\",\"datePublished\":\"2022-09-07T23:01:00+00:00\",\"breadcrumb\":{\"@id\":\"https:\\\/\\\/lasentinelle.dz\\\/index.php\\\/2022\\\/09\\\/08\\\/transition-au-mali-le-gouvernement-demande-la-levee-des-sanctions\\\/#breadcrumb\"},\"inLanguage\":\"fr-FR\",\"potentialAction\":[{\"@type\":\"ReadAction\",\"target\":[\"https:\\\/\\\/lasentinelle.dz\\\/index.php\\\/2022\\\/09\\\/08\\\/transition-au-mali-le-gouvernement-demande-la-levee-des-sanctions\\\/\"]}]},{\"@type\":\"ImageObject\",\"inLanguage\":\"fr-FR\",\"@id\":\"https:\\\/\\\/lasentinelle.dz\\\/index.php\\\/2022\\\/09\\\/08\\\/transition-au-mali-le-gouvernement-demande-la-levee-des-sanctions\\\/#primaryimage\",\"url\":\"https:\\\/\\\/lasentinelle.dz\\\/wp-content\\\/uploads\\\/2022\\\/09\\\/Abdoulaye-Diop.png\",\"contentUrl\":\"https:\\\/\\\/lasentinelle.dz\\\/wp-content\\\/uploads\\\/2022\\\/09\\\/Abdoulaye-Diop.png\",\"width\":1554,\"height\":900},{\"@type\":\"BreadcrumbList\",\"@id\":\"https:\\\/\\\/lasentinelle.dz\\\/index.php\\\/2022\\\/09\\\/08\\\/transition-au-mali-le-gouvernement-demande-la-levee-des-sanctions\\\/#breadcrumb\",\"itemListElement\":[{\"@type\":\"ListItem\",\"position\":1,\"name\":\"Accueil\",\"item\":\"https:\\\/\\\/lasentinelle.dz\\\/\"},{\"@type\":\"ListItem\",\"position\":2,\"name\":\"Transition au Mali\u00a0:\u00a0\u00a0Le gouvernement demande la lev\u00e9e des sanctions\u00a0\"}]},{\"@type\":\"WebSite\",\"@id\":\"https:\\\/\\\/lasentinelle.dz\\\/#website\",\"url\":\"https:\\\/\\\/lasentinelle.dz\\\/\",\"name\":\"La Sentinelle\",\"description\":\"Quotidien national d&#039;information\",\"publisher\":{\"@id\":\"https:\\\/\\\/lasentinelle.dz\\\/#organization\"},\"potentialAction\":[{\"@type\":\"SearchAction\",\"target\":{\"@type\":\"EntryPoint\",\"urlTemplate\":\"https:\\\/\\\/lasentinelle.dz\\\/?s={search_term_string}\"},\"query-input\":{\"@type\":\"PropertyValueSpecification\",\"valueRequired\":true,\"valueName\":\"search_term_string\"}}],\"inLanguage\":\"fr-FR\"},{\"@type\":\"Organization\",\"@id\":\"https:\\\/\\\/lasentinelle.dz\\\/#organization\",\"name\":\"Quotidien La Sentinelle\",\"url\":\"https:\\\/\\\/lasentinelle.dz\\\/\",\"logo\":{\"@type\":\"ImageObject\",\"inLanguage\":\"fr-FR\",\"@id\":\"https:\\\/\\\/lasentinelle.dz\\\/#\\\/schema\\\/logo\\\/image\\\/\",\"url\":\"https:\\\/\\\/lasentinelle.dz\\\/wp-content\\\/uploads\\\/2021\\\/09\\\/logo-sentinelleSLOGAN-1.png\",\"contentUrl\":\"https:\\\/\\\/lasentinelle.dz\\\/wp-content\\\/uploads\\\/2021\\\/09\\\/logo-sentinelleSLOGAN-1.png\",\"width\":615,\"height\":142,\"caption\":\"Quotidien La Sentinelle\"},\"image\":{\"@id\":\"https:\\\/\\\/lasentinelle.dz\\\/#\\\/schema\\\/logo\\\/image\\\/\"},\"sameAs\":[\"https:\\\/\\\/www.facebook.com\\\/La-Sentinelle-104059864394773\"]},{\"@type\":\"Person\",\"@id\":\"https:\\\/\\\/lasentinelle.dz\\\/#\\\/schema\\\/person\\\/d865044e22e70a75174ce8bcad3acfb3\",\"name\":\"La Sentinelle\",\"image\":{\"@type\":\"ImageObject\",\"inLanguage\":\"fr-FR\",\"@id\":\"https:\\\/\\\/secure.gravatar.com\\\/avatar\\\/57de8e5d4b15d43fb361a71fbb36338450fe67865b528a43dd10ef7c51a20392?s=96&d=mm&r=g\",\"url\":\"https:\\\/\\\/secure.gravatar.com\\\/avatar\\\/57de8e5d4b15d43fb361a71fbb36338450fe67865b528a43dd10ef7c51a20392?s=96&d=mm&r=g\",\"contentUrl\":\"https:\\\/\\\/secure.gravatar.com\\\/avatar\\\/57de8e5d4b15d43fb361a71fbb36338450fe67865b528a43dd10ef7c51a20392?s=96&d=mm&r=g\",\"caption\":\"La Sentinelle\"},\"sameAs\":[\"http:\\\/\\\/www.lasentinelle.dz\"],\"url\":\"https:\\\/\\\/lasentinelle.dz\\\/author\\\/redaction\\\/\"}]}<\/script>\n<!-- \/ Yoast SEO plugin. -->","yoast_head_json":{"title":"Transition au Mali\u00a0:\u00a0\u00a0Le gouvernement demande la lev\u00e9e des sanctions\u00a0 - La Sentinelle","robots":{"index":"index","follow":"follow","max-snippet":"max-snippet:-1","max-image-preview":"max-image-preview:large","max-video-preview":"max-video-preview:-1"},"canonical":"https:\/\/lasentinelle.dz\/index.php\/2022\/09\/08\/transition-au-mali-le-gouvernement-demande-la-levee-des-sanctions\/","og_locale":"fr_FR","og_type":"article","og_title":"Transition au Mali\u00a0:\u00a0\u00a0Le gouvernement demande la lev\u00e9e des sanctions\u00a0 - La Sentinelle","og_description":"Le Mali a demand\u00e9 mardi \u00e0 Lom\u00e9 (Togo) la lev\u00e9e des sanctions impos\u00e9es par les organisations africaines, \u00e0 savoir l&rsquo;Union","og_url":"https:\/\/lasentinelle.dz\/index.php\/2022\/09\/08\/transition-au-mali-le-gouvernement-demande-la-levee-des-sanctions\/","og_site_name":"La Sentinelle","article_publisher":"https:\/\/www.facebook.com\/La-Sentinelle-104059864394773","article_published_time":"2022-09-07T23:01:00+00:00","og_image":[{"width":1554,"height":900,"url":"https:\/\/lasentinelle.dz\/wp-content\/uploads\/2022\/09\/Abdoulaye-Diop.png","type":"image\/png"}],"author":"La Sentinelle","twitter_card":"summary_large_image","twitter_misc":{"\u00c9crit par":"La Sentinelle","Dur\u00e9e de lecture estim\u00e9e":"2 minutes"},"schema":{"@context":"https:\/\/schema.org","@graph":[{"@type":"Article","@id":"https:\/\/lasentinelle.dz\/index.php\/2022\/09\/08\/transition-au-mali-le-gouvernement-demande-la-levee-des-sanctions\/#article","isPartOf":{"@id":"https:\/\/lasentinelle.dz\/index.php\/2022\/09\/08\/transition-au-mali-le-gouvernement-demande-la-levee-des-sanctions\/"},"author":{"name":"La Sentinelle","@id":"https:\/\/lasentinelle.dz\/#\/schema\/person\/d865044e22e70a75174ce8bcad3acfb3"},"headline":"Transition au Mali\u00a0:\u00a0\u00a0Le gouvernement demande la lev\u00e9e des sanctions\u00a0","datePublished":"2022-09-07T23:01:00+00:00","mainEntityOfPage":{"@id":"https:\/\/lasentinelle.dz\/index.php\/2022\/09\/08\/transition-au-mali-le-gouvernement-demande-la-levee-des-sanctions\/"},"wordCount":387,"commentCount":0,"publisher":{"@id":"https:\/\/lasentinelle.dz\/#organization"},"image":{"@id":"https:\/\/lasentinelle.dz\/index.php\/2022\/09\/08\/transition-au-mali-le-gouvernement-demande-la-levee-des-sanctions\/#primaryimage"},"thumbnailUrl":"https:\/\/lasentinelle.dz\/wp-content\/uploads\/2022\/09\/Abdoulaye-Diop.png","articleSection":["Monde"],"inLanguage":"fr-FR","potentialAction":[{"@type":"CommentAction","name":"Comment","target":["https:\/\/lasentinelle.dz\/index.php\/2022\/09\/08\/transition-au-mali-le-gouvernement-demande-la-levee-des-sanctions\/#respond"]}]},{"@type":"WebPage","@id":"https:\/\/lasentinelle.dz\/index.php\/2022\/09\/08\/transition-au-mali-le-gouvernement-demande-la-levee-des-sanctions\/","url":"https:\/\/lasentinelle.dz\/index.php\/2022\/09\/08\/transition-au-mali-le-gouvernement-demande-la-levee-des-sanctions\/","name":"Transition au Mali\u00a0:\u00a0\u00a0Le gouvernement demande la lev\u00e9e des sanctions\u00a0 - La Sentinelle","isPartOf":{"@id":"https:\/\/lasentinelle.dz\/#website"},"primaryImageOfPage":{"@id":"https:\/\/lasentinelle.dz\/index.php\/2022\/09\/08\/transition-au-mali-le-gouvernement-demande-la-levee-des-sanctions\/#primaryimage"},"image":{"@id":"https:\/\/lasentinelle.dz\/index.php\/2022\/09\/08\/transition-au-mali-le-gouvernement-demande-la-levee-des-sanctions\/#primaryimage"},"thumbnailUrl":"https:\/\/lasentinelle.dz\/wp-content\/uploads\/2022\/09\/Abdoulaye-Diop.png","datePublished":"2022-09-07T23:01:00+00:00","breadcrumb":{"@id":"https:\/\/lasentinelle.dz\/index.php\/2022\/09\/08\/transition-au-mali-le-gouvernement-demande-la-levee-des-sanctions\/#breadcrumb"},"inLanguage":"fr-FR","potentialAction":[{"@type":"ReadAction","target":["https:\/\/lasentinelle.dz\/index.php\/2022\/09\/08\/transition-au-mali-le-gouvernement-demande-la-levee-des-sanctions\/"]}]},{"@type":"ImageObject","inLanguage":"fr-FR","@id":"https:\/\/lasentinelle.dz\/index.php\/2022\/09\/08\/transition-au-mali-le-gouvernement-demande-la-levee-des-sanctions\/#primaryimage","url":"https:\/\/lasentinelle.dz\/wp-content\/uploads\/2022\/09\/Abdoulaye-Diop.png","contentUrl":"https:\/\/lasentinelle.dz\/wp-content\/uploads\/2022\/09\/Abdoulaye-Diop.png","width":1554,"height":900},{"@type":"BreadcrumbList","@id":"https:\/\/lasentinelle.dz\/index.php\/2022\/09\/08\/transition-au-mali-le-gouvernement-demande-la-levee-des-sanctions\/#breadcrumb","itemListElement":[{"@type":"ListItem","position":1,"name":"Accueil","item":"https:\/\/lasentinelle.dz\/"},{"@type":"ListItem","position":2,"name":"Transition au Mali\u00a0:\u00a0\u00a0Le gouvernement demande la lev\u00e9e des sanctions\u00a0"}]},{"@type":"WebSite","@id":"https:\/\/lasentinelle.dz\/#website","url":"https:\/\/lasentinelle.dz\/","name":"La Sentinelle","description":"Quotidien national d&#039;information","publisher":{"@id":"https:\/\/lasentinelle.dz\/#organization"},"potentialAction":[{"@type":"SearchAction","target":{"@type":"EntryPoint","urlTemplate":"https:\/\/lasentinelle.dz\/?s={search_term_string}"},"query-input":{"@type":"PropertyValueSpecification","valueRequired":true,"valueName":"search_term_string"}}],"inLanguage":"fr-FR"},{"@type":"Organization","@id":"https:\/\/lasentinelle.dz\/#organization","name":"Quotidien La Sentinelle","url":"https:\/\/lasentinelle.dz\/","logo":{"@type":"ImageObject","inLanguage":"fr-FR","@id":"https:\/\/lasentinelle.dz\/#\/schema\/logo\/image\/","url":"https:\/\/lasentinelle.dz\/wp-content\/uploads\/2021\/09\/logo-sentinelleSLOGAN-1.png","contentUrl":"https:\/\/lasentinelle.dz\/wp-content\/uploads\/2021\/09\/logo-sentinelleSLOGAN-1.png","width":615,"height":142,"caption":"Quotidien La Sentinelle"},"image":{"@id":"https:\/\/lasentinelle.dz\/#\/schema\/logo\/image\/"},"sameAs":["https:\/\/www.facebook.com\/La-Sentinelle-104059864394773"]},{"@type":"Person","@id":"https:\/\/lasentinelle.dz\/#\/schema\/person\/d865044e22e70a75174ce8bcad3acfb3","name":"La Sentinelle","image":{"@type":"ImageObject","inLanguage":"fr-FR","@id":"https:\/\/secure.gravatar.com\/avatar\/57de8e5d4b15d43fb361a71fbb36338450fe67865b528a43dd10ef7c51a20392?s=96&d=mm&r=g","url":"https:\/\/secure.gravatar.com\/avatar\/57de8e5d4b15d43fb361a71fbb36338450fe67865b528a43dd10ef7c51a20392?s=96&d=mm&r=g","contentUrl":"https:\/\/secure.gravatar.com\/avatar\/57de8e5d4b15d43fb361a71fbb36338450fe67865b528a43dd10ef7c51a20392?s=96&d=mm&r=g","caption":"La Sentinelle"},"sameAs":["http:\/\/www.lasentinelle.dz"],"url":"https:\/\/lasentinelle.dz\/author\/redaction\/"}]}},"_links":{"self":[{"href":"https:\/\/lasentinelle.dz\/index.php\/wp-json\/wp\/v2\/posts\/27040","targetHints":{"allow":["GET"]}}],"collection":[{"href":"https:\/\/lasentinelle.dz\/index.php\/wp-json\/wp\/v2\/posts"}],"about":[{"href":"https:\/\/lasentinelle.dz\/index.php\/wp-json\/wp\/v2\/types\/post"}],"author":[{"embeddable":true,"href":"https:\/\/lasentinelle.dz\/index.php\/wp-json\/wp\/v2\/users\/3"}],"replies":[{"embeddable":true,"href":"https:\/\/lasentinelle.dz\/index.php\/wp-json\/wp\/v2\/comments?post=27040"}],"version-history":[{"count":1,"href":"https:\/\/lasentinelle.dz\/index.php\/wp-json\/wp\/v2\/posts\/27040\/revisions"}],"predecessor-version":[{"id":27044,"href":"https:\/\/lasentinelle.dz\/index.php\/wp-json\/wp\/v2\/posts\/27040\/revisions\/27044"}],"wp:featuredmedia":[{"embeddable":true,"href":"https:\/\/lasentinelle.dz\/index.php\/wp-json\/wp\/v2\/media\/27043"}],"wp:attachment":[{"href":"https:\/\/lasentinelle.dz\/index.php\/wp-json\/wp\/v2\/media?parent=27040"}],"wp:term":[{"taxonomy":"category","embeddable":true,"href":"https:\/\/lasentinelle.dz\/index.php\/wp-json\/wp\/v2\/categories?post=27040"},{"taxonomy":"post_tag","embeddable":true,"href":"https:\/\/lasentinelle.dz\/index.php\/wp-json\/wp\/v2\/tags?post=27040"}],"curies":[{"name":"wp","href":"https:\/\/api.w.org\/{rel}","templated":true}]}}