{"id":27042,"date":"2022-09-08T00:01:00","date_gmt":"2022-09-07T23:01:00","guid":{"rendered":"https:\/\/lasentinelle.dz\/?p=27042"},"modified":"2022-09-07T17:15:44","modified_gmt":"2022-09-07T16:15:44","slug":"championnat-arabe-aquatique-2022-38-athletes-algeriens-au-caire","status":"publish","type":"post","link":"https:\/\/lasentinelle.dz\/index.php\/2022\/09\/08\/championnat-arabe-aquatique-2022-38-athletes-algeriens-au-caire\/","title":{"rendered":"Championnat arabe aquatique-2022\u00a0:\u00a038 athl\u00e8tes alg\u00e9riens au Caire"},"content":{"rendered":"\n<p>Une s\u00e9lection nationale compos\u00e9e de 38 athl\u00e8tes (gar\u00e7ons et filles) prendra part au Championnat arabe aquatique jeunes (natation, water-polo et plong\u00e9e), pr\u00e9vu du 7 au 10 septembre au Caire en Egypte, avec l&rsquo;objectif de d\u00e9crocher des podiums, selon la direction technique nationale, de la f\u00e9d\u00e9ration alg\u00e9rienne de natation (FAN).<\/p>\n\n\n\n<p>En pr\u00e9vision de ces joutes arabes qui concerneront trois cat\u00e9gories d&rsquo;\u00e2ge: (12-13 ans), (14-15 ans) et (16-18 ans), la s\u00e9lection nationale a b\u00e9n\u00e9fici\u00e9 du 4 ao\u00fbt au 5 sept 2022 d&rsquo;un stage entrecoup\u00e9, \u00e0 la piscine du Complexe olympique Mohamed Boudiaf \u00e0 Alger, sous la houlette d&rsquo;un staff technique compos\u00e9 d&rsquo;Ali Maanseri, R\u00e9da Yadi, Mounir Ben Mansour et Salah-Eddine Chibaraka.&nbsp;\u00ab\u00a0Les pr\u00e9paratifs pour le rendez-vous du Caire se sont d\u00e9roul\u00e9s dans de bonnes conditions, malgr\u00e9 quelques probl\u00e8mes techniques. On a ponctu\u00e9 le premier regroupement par une comp\u00e9tition test (18-19 ao\u00fbt) qui nous a permis de constater avec satisfaction, la progression du niveau des nageurs et nageuses. Par la suite, on a continu\u00e9 le travail du 22 ao\u00fbt jusqu&rsquo;au 4 septembre dans une bonne ambiance, tout en \u00e9vitant aux athl\u00e8tes les blessures\u00a0\u00bb, a d\u00e9clar\u00e9 \u00e0 l&rsquo;APS, l&rsquo;adjoint du directeur technique national, charg\u00e9 des jeunes talent \u00e0 la FAN, Abdelhamid Tadjadit.&nbsp;Interrog\u00e9 sur les objectifs de la s\u00e9lection et les potentiels favoris pour le sacre au Caire, Tadjadit a indiqu\u00e9 \u00ab\u00a0qu&rsquo;il s&rsquo;attend \u00e0 une rude concurrence, avec la pr\u00e9sence de l&rsquo;\u00e9quipe \u00e9gyptienne et la Tunisie, sans oublier \u00e9videmment, les pays \u00e9mergents en natation, \u00e0 l&rsquo;instar du Qatar et du Kowe\u00eft. N\u00e9anmoins, cela ne diminuera en rien notre volont\u00e9 de monter sur des podiums lors de ces joutes arabes dans chaque sp\u00e9cialit\u00e9, surtout que chaque cat\u00e9gorie d&rsquo;\u00e2ge aura son propre classement et dans chaque sexe (gar\u00e7ons et filles). Aussi, nous misons sur une des premi\u00e8res places au classement final\u00a0\u00bb.&nbsp;Parmi les athl\u00e8tes sur lesquels l&rsquo;espoir de cons\u00e9cration est permis, le duo du MC Alger Lilia Midouni et Imane Zitouni (17 ans) qui ont pris part avec les seniors, aux derniers Jeux m\u00e9diterran\u00e9ens et championnats arabes disput\u00e9s, les deux \u00e0 Oran en juillet dernier. En plus du championnat d&rsquo;Afrique de Tunis auquel Zitouni avait pris part, de m\u00eame que Djihane Benchadli et Sofiane Achour Thalet (Bahia Nautique Oran).&nbsp;Outre sa participation aux \u00e9preuves de la natation, l&rsquo;Alg\u00e9rie sera aussi pr\u00e9sente \u00e0 la comp\u00e9tition de water-polo, avec l&rsquo;\u00e9quipe nationale des moins de 16 ans, dirig\u00e9e par l&rsquo;entraineur national Yacine Benkara et son adjoint Abderrahmane Aidouni.&nbsp;\u00ab\u00a0Cette \u00e9quipe nationale a \u00e9t\u00e9 constitu\u00e9e lors du dernier championnat national de la cat\u00e9gorie des U16, et elle est compos\u00e9e de 13 athl\u00e8tes. Nous esp\u00e9rons que l&rsquo;\u00e9quipe r\u00e9alise une honorable prestation lors de ce championnat arabe aquatique jeunes\u00a0\u00bb, a encore souhait\u00e9 Abdelhamid Tadjadit.&nbsp;La d\u00e9l\u00e9gation alg\u00e9rienne s&rsquo;est envol\u00e9e, mardi vers la capitale \u00e9gyptienne Le Caire.&nbsp;Il est \u00e0 rappeler que le Championnat arabe aquatique-2022 jeune qu&rsquo;abrite l&rsquo;Egypte, est organis\u00e9 pour la premi\u00e8re fois sous l&rsquo;\u00e9gide de la f\u00e9d\u00e9ration arabe de natation. Il comportera les comp\u00e9titions de natation, water-polo et plong\u00e9e.<\/p>\n\n\n\n<p>APS<\/p>\n","protected":false},"excerpt":{"rendered":"<p>Une s\u00e9lection nationale compos\u00e9e de 38 athl\u00e8tes (gar\u00e7ons et filles) prendra part au Championnat arabe aquatique jeunes (natation, water-polo et<\/p>\n","protected":false},"author":3,"featured_media":27052,"comment_status":"open","ping_status":"closed","sticky":false,"template":"","format":"standard","meta":{"colormag_page_container_layout":"default_layout","colormag_page_sidebar_layout":"default_layout","om_disable_all_campaigns":false,"_monsterinsights_skip_tracking":false,"_monsterinsights_sitenote_active":false,"_monsterinsights_sitenote_note":"","_monsterinsights_sitenote_category":0,"footnotes":"","_wpscppro_dont_share_socialmedia":false,"_wpscppro_custom_social_share_image":0,"_facebook_share_type":"","_twitter_share_type":"","_linkedin_share_type":"","_pinterest_share_type":"","_linkedin_share_type_page":"","_instagram_share_type":"","_medium_share_type":"","_threads_share_type":"","_google_business_share_type":"","_selected_social_profile":[],"_wpsp_enable_custom_social_template":false,"_wpsp_social_scheduling":{"enabled":false,"datetime":null,"platforms":[],"status":"template_only","dateOption":"today","timeOption":"now","customDays":"","customHours":"","customDate":"","customTime":"","schedulingType":"absolute"},"_wpsp_active_default_template":true},"categories":[33],"tags":[],"class_list":["post-27042","post","type-post","status-publish","format-standard","has-post-thumbnail","hentry","category-sports"],"aioseo_notices":[],"yoast_head":"<!-- This site is optimized with the Yoast SEO plugin v27.5 - https:\/\/yoast.com\/product\/yoast-seo-wordpress\/ -->\n<title>Championnat arabe aquatique-2022\u00a0:\u00a038 athl\u00e8tes alg\u00e9riens au Caire - La Sentinelle<\/title>\n<meta name=\"robots\" content=\"index, follow, max-snippet:-1, max-image-preview:large, max-video-preview:-1\" \/>\n<link rel=\"canonical\" href=\"https:\/\/lasentinelle.dz\/index.php\/2022\/09\/08\/championnat-arabe-aquatique-2022-38-athletes-algeriens-au-caire\/\" \/>\n<meta property=\"og:locale\" content=\"fr_FR\" \/>\n<meta property=\"og:type\" content=\"article\" \/>\n<meta property=\"og:title\" content=\"Championnat arabe aquatique-2022\u00a0:\u00a038 athl\u00e8tes alg\u00e9riens au Caire - La Sentinelle\" \/>\n<meta property=\"og:description\" content=\"Une s\u00e9lection nationale compos\u00e9e de 38 athl\u00e8tes (gar\u00e7ons et filles) prendra part au Championnat arabe aquatique jeunes (natation, water-polo et\" \/>\n<meta property=\"og:url\" content=\"https:\/\/lasentinelle.dz\/index.php\/2022\/09\/08\/championnat-arabe-aquatique-2022-38-athletes-algeriens-au-caire\/\" \/>\n<meta property=\"og:site_name\" content=\"La Sentinelle\" \/>\n<meta property=\"article:publisher\" content=\"https:\/\/www.facebook.com\/La-Sentinelle-104059864394773\" \/>\n<meta property=\"article:published_time\" content=\"2022-09-07T23:01:00+00:00\" \/>\n<meta property=\"og:image\" content=\"https:\/\/lasentinelle.dz\/wp-content\/uploads\/2022\/09\/fdffff.png\" \/>\n\t<meta property=\"og:image:width\" content=\"1491\" \/>\n\t<meta property=\"og:image:height\" content=\"900\" \/>\n\t<meta property=\"og:image:type\" content=\"image\/png\" \/>\n<meta name=\"author\" content=\"La Sentinelle\" \/>\n<meta name=\"twitter:card\" content=\"summary_large_image\" \/>\n<meta name=\"twitter:label1\" content=\"\u00c9crit par\" \/>\n\t<meta name=\"twitter:data1\" content=\"La Sentinelle\" \/>\n\t<meta name=\"twitter:label2\" content=\"Dur\u00e9e de lecture estim\u00e9e\" \/>\n\t<meta name=\"twitter:data2\" content=\"3 minutes\" \/>\n<script type=\"application\/ld+json\" class=\"yoast-schema-graph\">{\"@context\":\"https:\\\/\\\/schema.org\",\"@graph\":[{\"@type\":\"Article\",\"@id\":\"https:\\\/\\\/lasentinelle.dz\\\/index.php\\\/2022\\\/09\\\/08\\\/championnat-arabe-aquatique-2022-38-athletes-algeriens-au-caire\\\/#article\",\"isPartOf\":{\"@id\":\"https:\\\/\\\/lasentinelle.dz\\\/index.php\\\/2022\\\/09\\\/08\\\/championnat-arabe-aquatique-2022-38-athletes-algeriens-au-caire\\\/\"},\"author\":{\"name\":\"La Sentinelle\",\"@id\":\"https:\\\/\\\/lasentinelle.dz\\\/#\\\/schema\\\/person\\\/d865044e22e70a75174ce8bcad3acfb3\"},\"headline\":\"Championnat arabe aquatique-2022\u00a0:\u00a038 athl\u00e8tes alg\u00e9riens au Caire\",\"datePublished\":\"2022-09-07T23:01:00+00:00\",\"mainEntityOfPage\":{\"@id\":\"https:\\\/\\\/lasentinelle.dz\\\/index.php\\\/2022\\\/09\\\/08\\\/championnat-arabe-aquatique-2022-38-athletes-algeriens-au-caire\\\/\"},\"wordCount\":568,\"commentCount\":0,\"publisher\":{\"@id\":\"https:\\\/\\\/lasentinelle.dz\\\/#organization\"},\"image\":{\"@id\":\"https:\\\/\\\/lasentinelle.dz\\\/index.php\\\/2022\\\/09\\\/08\\\/championnat-arabe-aquatique-2022-38-athletes-algeriens-au-caire\\\/#primaryimage\"},\"thumbnailUrl\":\"https:\\\/\\\/lasentinelle.dz\\\/wp-content\\\/uploads\\\/2022\\\/09\\\/fdffff.png\",\"articleSection\":[\"Sports\"],\"inLanguage\":\"fr-FR\",\"potentialAction\":[{\"@type\":\"CommentAction\",\"name\":\"Comment\",\"target\":[\"https:\\\/\\\/lasentinelle.dz\\\/index.php\\\/2022\\\/09\\\/08\\\/championnat-arabe-aquatique-2022-38-athletes-algeriens-au-caire\\\/#respond\"]}]},{\"@type\":\"WebPage\",\"@id\":\"https:\\\/\\\/lasentinelle.dz\\\/index.php\\\/2022\\\/09\\\/08\\\/championnat-arabe-aquatique-2022-38-athletes-algeriens-au-caire\\\/\",\"url\":\"https:\\\/\\\/lasentinelle.dz\\\/index.php\\\/2022\\\/09\\\/08\\\/championnat-arabe-aquatique-2022-38-athletes-algeriens-au-caire\\\/\",\"name\":\"Championnat arabe aquatique-2022\u00a0:\u00a038 athl\u00e8tes alg\u00e9riens au Caire - La Sentinelle\",\"isPartOf\":{\"@id\":\"https:\\\/\\\/lasentinelle.dz\\\/#website\"},\"primaryImageOfPage\":{\"@id\":\"https:\\\/\\\/lasentinelle.dz\\\/index.php\\\/2022\\\/09\\\/08\\\/championnat-arabe-aquatique-2022-38-athletes-algeriens-au-caire\\\/#primaryimage\"},\"image\":{\"@id\":\"https:\\\/\\\/lasentinelle.dz\\\/index.php\\\/2022\\\/09\\\/08\\\/championnat-arabe-aquatique-2022-38-athletes-algeriens-au-caire\\\/#primaryimage\"},\"thumbnailUrl\":\"https:\\\/\\\/lasentinelle.dz\\\/wp-content\\\/uploads\\\/2022\\\/09\\\/fdffff.png\",\"datePublished\":\"2022-09-07T23:01:00+00:00\",\"breadcrumb\":{\"@id\":\"https:\\\/\\\/lasentinelle.dz\\\/index.php\\\/2022\\\/09\\\/08\\\/championnat-arabe-aquatique-2022-38-athletes-algeriens-au-caire\\\/#breadcrumb\"},\"inLanguage\":\"fr-FR\",\"potentialAction\":[{\"@type\":\"ReadAction\",\"target\":[\"https:\\\/\\\/lasentinelle.dz\\\/index.php\\\/2022\\\/09\\\/08\\\/championnat-arabe-aquatique-2022-38-athletes-algeriens-au-caire\\\/\"]}]},{\"@type\":\"ImageObject\",\"inLanguage\":\"fr-FR\",\"@id\":\"https:\\\/\\\/lasentinelle.dz\\\/index.php\\\/2022\\\/09\\\/08\\\/championnat-arabe-aquatique-2022-38-athletes-algeriens-au-caire\\\/#primaryimage\",\"url\":\"https:\\\/\\\/lasentinelle.dz\\\/wp-content\\\/uploads\\\/2022\\\/09\\\/fdffff.png\",\"contentUrl\":\"https:\\\/\\\/lasentinelle.dz\\\/wp-content\\\/uploads\\\/2022\\\/09\\\/fdffff.png\",\"width\":1491,\"height\":900},{\"@type\":\"BreadcrumbList\",\"@id\":\"https:\\\/\\\/lasentinelle.dz\\\/index.php\\\/2022\\\/09\\\/08\\\/championnat-arabe-aquatique-2022-38-athletes-algeriens-au-caire\\\/#breadcrumb\",\"itemListElement\":[{\"@type\":\"ListItem\",\"position\":1,\"name\":\"Accueil\",\"item\":\"https:\\\/\\\/lasentinelle.dz\\\/\"},{\"@type\":\"ListItem\",\"position\":2,\"name\":\"Championnat arabe aquatique-2022\u00a0:\u00a038 athl\u00e8tes alg\u00e9riens au Caire\"}]},{\"@type\":\"WebSite\",\"@id\":\"https:\\\/\\\/lasentinelle.dz\\\/#website\",\"url\":\"https:\\\/\\\/lasentinelle.dz\\\/\",\"name\":\"La Sentinelle\",\"description\":\"Quotidien national d&#039;information\",\"publisher\":{\"@id\":\"https:\\\/\\\/lasentinelle.dz\\\/#organization\"},\"potentialAction\":[{\"@type\":\"SearchAction\",\"target\":{\"@type\":\"EntryPoint\",\"urlTemplate\":\"https:\\\/\\\/lasentinelle.dz\\\/?s={search_term_string}\"},\"query-input\":{\"@type\":\"PropertyValueSpecification\",\"valueRequired\":true,\"valueName\":\"search_term_string\"}}],\"inLanguage\":\"fr-FR\"},{\"@type\":\"Organization\",\"@id\":\"https:\\\/\\\/lasentinelle.dz\\\/#organization\",\"name\":\"Quotidien La Sentinelle\",\"url\":\"https:\\\/\\\/lasentinelle.dz\\\/\",\"logo\":{\"@type\":\"ImageObject\",\"inLanguage\":\"fr-FR\",\"@id\":\"https:\\\/\\\/lasentinelle.dz\\\/#\\\/schema\\\/logo\\\/image\\\/\",\"url\":\"https:\\\/\\\/lasentinelle.dz\\\/wp-content\\\/uploads\\\/2021\\\/09\\\/logo-sentinelleSLOGAN-1.png\",\"contentUrl\":\"https:\\\/\\\/lasentinelle.dz\\\/wp-content\\\/uploads\\\/2021\\\/09\\\/logo-sentinelleSLOGAN-1.png\",\"width\":615,\"height\":142,\"caption\":\"Quotidien La Sentinelle\"},\"image\":{\"@id\":\"https:\\\/\\\/lasentinelle.dz\\\/#\\\/schema\\\/logo\\\/image\\\/\"},\"sameAs\":[\"https:\\\/\\\/www.facebook.com\\\/La-Sentinelle-104059864394773\"]},{\"@type\":\"Person\",\"@id\":\"https:\\\/\\\/lasentinelle.dz\\\/#\\\/schema\\\/person\\\/d865044e22e70a75174ce8bcad3acfb3\",\"name\":\"La Sentinelle\",\"image\":{\"@type\":\"ImageObject\",\"inLanguage\":\"fr-FR\",\"@id\":\"https:\\\/\\\/secure.gravatar.com\\\/avatar\\\/57de8e5d4b15d43fb361a71fbb36338450fe67865b528a43dd10ef7c51a20392?s=96&d=mm&r=g\",\"url\":\"https:\\\/\\\/secure.gravatar.com\\\/avatar\\\/57de8e5d4b15d43fb361a71fbb36338450fe67865b528a43dd10ef7c51a20392?s=96&d=mm&r=g\",\"contentUrl\":\"https:\\\/\\\/secure.gravatar.com\\\/avatar\\\/57de8e5d4b15d43fb361a71fbb36338450fe67865b528a43dd10ef7c51a20392?s=96&d=mm&r=g\",\"caption\":\"La Sentinelle\"},\"sameAs\":[\"http:\\\/\\\/www.lasentinelle.dz\"],\"url\":\"https:\\\/\\\/lasentinelle.dz\\\/author\\\/redaction\\\/\"}]}<\/script>\n<!-- \/ Yoast SEO plugin. -->","yoast_head_json":{"title":"Championnat arabe aquatique-2022\u00a0:\u00a038 athl\u00e8tes alg\u00e9riens au Caire - La Sentinelle","robots":{"index":"index","follow":"follow","max-snippet":"max-snippet:-1","max-image-preview":"max-image-preview:large","max-video-preview":"max-video-preview:-1"},"canonical":"https:\/\/lasentinelle.dz\/index.php\/2022\/09\/08\/championnat-arabe-aquatique-2022-38-athletes-algeriens-au-caire\/","og_locale":"fr_FR","og_type":"article","og_title":"Championnat arabe aquatique-2022\u00a0:\u00a038 athl\u00e8tes alg\u00e9riens au Caire - La Sentinelle","og_description":"Une s\u00e9lection nationale compos\u00e9e de 38 athl\u00e8tes (gar\u00e7ons et filles) prendra part au Championnat arabe aquatique jeunes (natation, water-polo et","og_url":"https:\/\/lasentinelle.dz\/index.php\/2022\/09\/08\/championnat-arabe-aquatique-2022-38-athletes-algeriens-au-caire\/","og_site_name":"La Sentinelle","article_publisher":"https:\/\/www.facebook.com\/La-Sentinelle-104059864394773","article_published_time":"2022-09-07T23:01:00+00:00","og_image":[{"width":1491,"height":900,"url":"https:\/\/lasentinelle.dz\/wp-content\/uploads\/2022\/09\/fdffff.png","type":"image\/png"}],"author":"La Sentinelle","twitter_card":"summary_large_image","twitter_misc":{"\u00c9crit par":"La Sentinelle","Dur\u00e9e de lecture estim\u00e9e":"3 minutes"},"schema":{"@context":"https:\/\/schema.org","@graph":[{"@type":"Article","@id":"https:\/\/lasentinelle.dz\/index.php\/2022\/09\/08\/championnat-arabe-aquatique-2022-38-athletes-algeriens-au-caire\/#article","isPartOf":{"@id":"https:\/\/lasentinelle.dz\/index.php\/2022\/09\/08\/championnat-arabe-aquatique-2022-38-athletes-algeriens-au-caire\/"},"author":{"name":"La Sentinelle","@id":"https:\/\/lasentinelle.dz\/#\/schema\/person\/d865044e22e70a75174ce8bcad3acfb3"},"headline":"Championnat arabe aquatique-2022\u00a0:\u00a038 athl\u00e8tes alg\u00e9riens au Caire","datePublished":"2022-09-07T23:01:00+00:00","mainEntityOfPage":{"@id":"https:\/\/lasentinelle.dz\/index.php\/2022\/09\/08\/championnat-arabe-aquatique-2022-38-athletes-algeriens-au-caire\/"},"wordCount":568,"commentCount":0,"publisher":{"@id":"https:\/\/lasentinelle.dz\/#organization"},"image":{"@id":"https:\/\/lasentinelle.dz\/index.php\/2022\/09\/08\/championnat-arabe-aquatique-2022-38-athletes-algeriens-au-caire\/#primaryimage"},"thumbnailUrl":"https:\/\/lasentinelle.dz\/wp-content\/uploads\/2022\/09\/fdffff.png","articleSection":["Sports"],"inLanguage":"fr-FR","potentialAction":[{"@type":"CommentAction","name":"Comment","target":["https:\/\/lasentinelle.dz\/index.php\/2022\/09\/08\/championnat-arabe-aquatique-2022-38-athletes-algeriens-au-caire\/#respond"]}]},{"@type":"WebPage","@id":"https:\/\/lasentinelle.dz\/index.php\/2022\/09\/08\/championnat-arabe-aquatique-2022-38-athletes-algeriens-au-caire\/","url":"https:\/\/lasentinelle.dz\/index.php\/2022\/09\/08\/championnat-arabe-aquatique-2022-38-athletes-algeriens-au-caire\/","name":"Championnat arabe aquatique-2022\u00a0:\u00a038 athl\u00e8tes alg\u00e9riens au Caire - La Sentinelle","isPartOf":{"@id":"https:\/\/lasentinelle.dz\/#website"},"primaryImageOfPage":{"@id":"https:\/\/lasentinelle.dz\/index.php\/2022\/09\/08\/championnat-arabe-aquatique-2022-38-athletes-algeriens-au-caire\/#primaryimage"},"image":{"@id":"https:\/\/lasentinelle.dz\/index.php\/2022\/09\/08\/championnat-arabe-aquatique-2022-38-athletes-algeriens-au-caire\/#primaryimage"},"thumbnailUrl":"https:\/\/lasentinelle.dz\/wp-content\/uploads\/2022\/09\/fdffff.png","datePublished":"2022-09-07T23:01:00+00:00","breadcrumb":{"@id":"https:\/\/lasentinelle.dz\/index.php\/2022\/09\/08\/championnat-arabe-aquatique-2022-38-athletes-algeriens-au-caire\/#breadcrumb"},"inLanguage":"fr-FR","potentialAction":[{"@type":"ReadAction","target":["https:\/\/lasentinelle.dz\/index.php\/2022\/09\/08\/championnat-arabe-aquatique-2022-38-athletes-algeriens-au-caire\/"]}]},{"@type":"ImageObject","inLanguage":"fr-FR","@id":"https:\/\/lasentinelle.dz\/index.php\/2022\/09\/08\/championnat-arabe-aquatique-2022-38-athletes-algeriens-au-caire\/#primaryimage","url":"https:\/\/lasentinelle.dz\/wp-content\/uploads\/2022\/09\/fdffff.png","contentUrl":"https:\/\/lasentinelle.dz\/wp-content\/uploads\/2022\/09\/fdffff.png","width":1491,"height":900},{"@type":"BreadcrumbList","@id":"https:\/\/lasentinelle.dz\/index.php\/2022\/09\/08\/championnat-arabe-aquatique-2022-38-athletes-algeriens-au-caire\/#breadcrumb","itemListElement":[{"@type":"ListItem","position":1,"name":"Accueil","item":"https:\/\/lasentinelle.dz\/"},{"@type":"ListItem","position":2,"name":"Championnat arabe aquatique-2022\u00a0:\u00a038 athl\u00e8tes alg\u00e9riens au Caire"}]},{"@type":"WebSite","@id":"https:\/\/lasentinelle.dz\/#website","url":"https:\/\/lasentinelle.dz\/","name":"La Sentinelle","description":"Quotidien national d&#039;information","publisher":{"@id":"https:\/\/lasentinelle.dz\/#organization"},"potentialAction":[{"@type":"SearchAction","target":{"@type":"EntryPoint","urlTemplate":"https:\/\/lasentinelle.dz\/?s={search_term_string}"},"query-input":{"@type":"PropertyValueSpecification","valueRequired":true,"valueName":"search_term_string"}}],"inLanguage":"fr-FR"},{"@type":"Organization","@id":"https:\/\/lasentinelle.dz\/#organization","name":"Quotidien La Sentinelle","url":"https:\/\/lasentinelle.dz\/","logo":{"@type":"ImageObject","inLanguage":"fr-FR","@id":"https:\/\/lasentinelle.dz\/#\/schema\/logo\/image\/","url":"https:\/\/lasentinelle.dz\/wp-content\/uploads\/2021\/09\/logo-sentinelleSLOGAN-1.png","contentUrl":"https:\/\/lasentinelle.dz\/wp-content\/uploads\/2021\/09\/logo-sentinelleSLOGAN-1.png","width":615,"height":142,"caption":"Quotidien La Sentinelle"},"image":{"@id":"https:\/\/lasentinelle.dz\/#\/schema\/logo\/image\/"},"sameAs":["https:\/\/www.facebook.com\/La-Sentinelle-104059864394773"]},{"@type":"Person","@id":"https:\/\/lasentinelle.dz\/#\/schema\/person\/d865044e22e70a75174ce8bcad3acfb3","name":"La Sentinelle","image":{"@type":"ImageObject","inLanguage":"fr-FR","@id":"https:\/\/secure.gravatar.com\/avatar\/57de8e5d4b15d43fb361a71fbb36338450fe67865b528a43dd10ef7c51a20392?s=96&d=mm&r=g","url":"https:\/\/secure.gravatar.com\/avatar\/57de8e5d4b15d43fb361a71fbb36338450fe67865b528a43dd10ef7c51a20392?s=96&d=mm&r=g","contentUrl":"https:\/\/secure.gravatar.com\/avatar\/57de8e5d4b15d43fb361a71fbb36338450fe67865b528a43dd10ef7c51a20392?s=96&d=mm&r=g","caption":"La Sentinelle"},"sameAs":["http:\/\/www.lasentinelle.dz"],"url":"https:\/\/lasentinelle.dz\/author\/redaction\/"}]}},"_links":{"self":[{"href":"https:\/\/lasentinelle.dz\/index.php\/wp-json\/wp\/v2\/posts\/27042","targetHints":{"allow":["GET"]}}],"collection":[{"href":"https:\/\/lasentinelle.dz\/index.php\/wp-json\/wp\/v2\/posts"}],"about":[{"href":"https:\/\/lasentinelle.dz\/index.php\/wp-json\/wp\/v2\/types\/post"}],"author":[{"embeddable":true,"href":"https:\/\/lasentinelle.dz\/index.php\/wp-json\/wp\/v2\/users\/3"}],"replies":[{"embeddable":true,"href":"https:\/\/lasentinelle.dz\/index.php\/wp-json\/wp\/v2\/comments?post=27042"}],"version-history":[{"count":1,"href":"https:\/\/lasentinelle.dz\/index.php\/wp-json\/wp\/v2\/posts\/27042\/revisions"}],"predecessor-version":[{"id":27053,"href":"https:\/\/lasentinelle.dz\/index.php\/wp-json\/wp\/v2\/posts\/27042\/revisions\/27053"}],"wp:featuredmedia":[{"embeddable":true,"href":"https:\/\/lasentinelle.dz\/index.php\/wp-json\/wp\/v2\/media\/27052"}],"wp:attachment":[{"href":"https:\/\/lasentinelle.dz\/index.php\/wp-json\/wp\/v2\/media?parent=27042"}],"wp:term":[{"taxonomy":"category","embeddable":true,"href":"https:\/\/lasentinelle.dz\/index.php\/wp-json\/wp\/v2\/categories?post=27042"},{"taxonomy":"post_tag","embeddable":true,"href":"https:\/\/lasentinelle.dz\/index.php\/wp-json\/wp\/v2\/tags?post=27042"}],"curies":[{"name":"wp","href":"https:\/\/api.w.org\/{rel}","templated":true}]}}