{"id":27065,"date":"2022-09-08T00:05:00","date_gmt":"2022-09-07T23:05:00","guid":{"rendered":"https:\/\/lasentinelle.dz\/?p=27065"},"modified":"2022-09-07T19:50:33","modified_gmt":"2022-09-07T18:50:33","slug":"bilan-operationnel-de-lanp-saisie-de-plus-de-5-tonnes-de-kif-en-provenance-du-maroc","status":"publish","type":"post","link":"https:\/\/lasentinelle.dz\/index.php\/2022\/09\/08\/bilan-operationnel-de-lanp-saisie-de-plus-de-5-tonnes-de-kif-en-provenance-du-maroc\/","title":{"rendered":"Bilan op\u00e9rationnel\u00a0de l\u2019ANP\u00a0: Saisie de plus de 5 tonnes de kif en provenance du Maroc\u00a0"},"content":{"rendered":"\n<p>Des tentatives d&rsquo;introduction de quantit\u00e9s de kif trait\u00e9 s&rsquo;\u00e9levant \u00e0 5 quintaux et (8,5) kg de kif trait\u00e9, \u00e0 travers les fronti\u00e8res avec le Maroc, ont \u00e9t\u00e9 d\u00e9jou\u00e9es par des d\u00e9tachements combin\u00e9s de l&rsquo;Arm\u00e9e nationale populaire,&nbsp;en coordination avec les diff\u00e9rents services de s\u00e9curit\u00e9, durant la p\u00e9riode&nbsp;allant&nbsp;du 31 ao\u00fbt au 6 septembre, indique un bilan op\u00e9rationnel rendu public&nbsp;hier&nbsp;par le minist\u00e8re de la D\u00e9fense nationale (MDN). La m\u00eame source a ajout\u00e9 que 01 kg de coca\u00efne et 341337 comprim\u00e9s psychotropes ont \u00e9galement \u00e9t\u00e9 saisis.<\/p>\n\n\n\n<p>Dans le cadre de la lutte antiterroriste, des d\u00e9tachements de&nbsp;l\u2019ANP ont&nbsp;arr\u00eat\u00e9 quatreindividus qui agissaient comme \u00e9l\u00e9ments de soutien aux groupes terroristes dans des op\u00e9rations distinctes \u00e0 travers le territoire national. Un autre d\u00e9tachement de l\u2019ANP a \u00e9galement d\u00e9couvert et d\u00e9truit six bombes de confection artisanale, lors d&rsquo;une op\u00e9ration de recherche et de fouille \u00e0 Jijel, a ajout\u00e9 la m\u00eame source.&nbsp;Au volet de lutte contre l\u2019orpaillage illicite et le crime organis\u00e9 transfrontalier, le dit communiqu\u00e9 a fait \u00e9tat de plusieurs op\u00e9rations men\u00e9es par des d\u00e9tachements de l&rsquo;ANP, aboutissant \u00e0 l\u2019 interception, \u00e0 Tamanrasset, In Salah, Bordj Badji Mokhtar, In Guezzam, Djanet et Tindouf, de 84 individus et&nbsp;la&nbsp;saisie de&nbsp;27 v\u00e9hicules, 114 groupes \u00e9lectrog\u00e8nes, 80 marteaux piqueurs, 01 d\u00e9tecteur de m\u00e9taux, ainsi que des outils de d\u00e9tonation et des \u00e9quipements utilis\u00e9s dans des op\u00e9rations d&rsquo;orpaillage illicite. Sur un autre registre, celui de la contrebande en l\u2019occurrence,&nbsp;&nbsp;04 autres individus ont \u00e9t\u00e9 arr\u00eat\u00e9s et 09 fusils de chasse, 388 balles, ainsi que 57.070 paquets de tabac ont \u00e9t\u00e9 saisis \u00e0 Ouled Djellal, Ouargla, El-Oued, Touggourt, Adrar, Khenchela, S\u00e9tif, et El Bayadh. De leur c\u00f4t\u00e9,&nbsp;les&nbsp;Garde-fronti\u00e8res ont, dans le m\u00eame volet,&nbsp;&nbsp;d\u00e9jou\u00e9, en coordination avec les services de la gendarmerie nationale, des tentatives de contrebande de grandes quantit\u00e9s de carburants s&rsquo;\u00e9levant \u00e0 125.073 litres \u00e0 Bordj Badji Mokhtar, Tamanrasset, T\u00e9bessa, El-Tarf et Souk Ahras, a&nbsp;pr\u00e9cis\u00e9&nbsp;la m\u00eame source. Concernant le ph\u00e9nom\u00e8ne de l\u2019\u00e9migration clandestine, les&nbsp;Garde-c\u00f4tes ont, pour leur part&nbsp;\u00ab&nbsp;d\u00e9jou\u00e9 au niveau de nos c\u00f4tes nationales, des tentatives d&rsquo;\u00e9migration clandestine et ont proc\u00e9d\u00e9 au sauvetage de 74 individus \u00e0 bord d\u2019embarcations de construction artisanale, alors que 49 immigrants clandestins de diff\u00e9rentes nationalit\u00e9s ont \u00e9t\u00e9 arr\u00eat\u00e9s \u00e0 travers le territoire national&nbsp;\u00bb, a conclu,&nbsp;le communiqu\u00e9.<\/p>\n\n\n\n<p><strong>Sofia Chahine<\/strong><\/p>\n","protected":false},"excerpt":{"rendered":"<p>Des tentatives d&rsquo;introduction de quantit\u00e9s de kif trait\u00e9 s&rsquo;\u00e9levant \u00e0 5 quintaux et (8,5) kg de kif trait\u00e9, \u00e0 travers<\/p>\n","protected":false},"author":3,"featured_media":27075,"comment_status":"open","ping_status":"closed","sticky":false,"template":"","format":"standard","meta":{"colormag_page_container_layout":"default_layout","colormag_page_sidebar_layout":"default_layout","om_disable_all_campaigns":false,"_monsterinsights_skip_tracking":false,"_monsterinsights_sitenote_active":false,"_monsterinsights_sitenote_note":"","_monsterinsights_sitenote_category":0,"footnotes":"","_wpscppro_dont_share_socialmedia":false,"_wpscppro_custom_social_share_image":0,"_facebook_share_type":"","_twitter_share_type":"","_linkedin_share_type":"","_pinterest_share_type":"","_linkedin_share_type_page":"","_instagram_share_type":"","_medium_share_type":"","_threads_share_type":"","_google_business_share_type":"","_selected_social_profile":[],"_wpsp_enable_custom_social_template":false,"_wpsp_social_scheduling":{"enabled":false,"datetime":null,"platforms":[],"status":"template_only","dateOption":"today","timeOption":"now","customDays":"","customHours":"","customDate":"","customTime":"","schedulingType":"absolute"},"_wpsp_active_default_template":true},"categories":[27],"tags":[],"class_list":["post-27065","post","type-post","status-publish","format-standard","has-post-thumbnail","hentry","category-actualite"],"aioseo_notices":[],"yoast_head":"<!-- This site is optimized with the Yoast SEO plugin v27.5 - https:\/\/yoast.com\/product\/yoast-seo-wordpress\/ -->\n<title>Bilan op\u00e9rationnel\u00a0de l\u2019ANP\u00a0: Saisie de plus de 5 tonnes de kif en provenance du Maroc\u00a0 - La Sentinelle<\/title>\n<meta name=\"robots\" content=\"index, follow, max-snippet:-1, max-image-preview:large, max-video-preview:-1\" \/>\n<link rel=\"canonical\" href=\"https:\/\/lasentinelle.dz\/index.php\/2022\/09\/08\/bilan-operationnel-de-lanp-saisie-de-plus-de-5-tonnes-de-kif-en-provenance-du-maroc\/\" \/>\n<meta property=\"og:locale\" content=\"fr_FR\" \/>\n<meta property=\"og:type\" content=\"article\" \/>\n<meta property=\"og:title\" content=\"Bilan op\u00e9rationnel\u00a0de l\u2019ANP\u00a0: Saisie de plus de 5 tonnes de kif en provenance du Maroc\u00a0 - La Sentinelle\" \/>\n<meta property=\"og:description\" content=\"Des tentatives d&rsquo;introduction de quantit\u00e9s de kif trait\u00e9 s&rsquo;\u00e9levant \u00e0 5 quintaux et (8,5) kg de kif trait\u00e9, \u00e0 travers\" \/>\n<meta property=\"og:url\" content=\"https:\/\/lasentinelle.dz\/index.php\/2022\/09\/08\/bilan-operationnel-de-lanp-saisie-de-plus-de-5-tonnes-de-kif-en-provenance-du-maroc\/\" \/>\n<meta property=\"og:site_name\" content=\"La Sentinelle\" \/>\n<meta property=\"article:publisher\" content=\"https:\/\/www.facebook.com\/La-Sentinelle-104059864394773\" \/>\n<meta property=\"article:published_time\" content=\"2022-09-07T23:05:00+00:00\" \/>\n<meta property=\"og:image\" content=\"https:\/\/lasentinelle.dz\/wp-content\/uploads\/2022\/09\/28cfb6c2d3d144640aad86309e9c8495_M-1500x9999-c.jpg\" \/>\n\t<meta property=\"og:image:width\" content=\"580\" \/>\n\t<meta property=\"og:image:height\" content=\"350\" \/>\n\t<meta property=\"og:image:type\" content=\"image\/jpeg\" \/>\n<meta name=\"author\" content=\"La Sentinelle\" \/>\n<meta name=\"twitter:card\" content=\"summary_large_image\" \/>\n<meta name=\"twitter:label1\" content=\"\u00c9crit par\" \/>\n\t<meta name=\"twitter:data1\" content=\"La Sentinelle\" \/>\n\t<meta name=\"twitter:label2\" content=\"Dur\u00e9e de lecture estim\u00e9e\" \/>\n\t<meta name=\"twitter:data2\" content=\"2 minutes\" \/>\n<script type=\"application\/ld+json\" class=\"yoast-schema-graph\">{\"@context\":\"https:\\\/\\\/schema.org\",\"@graph\":[{\"@type\":\"Article\",\"@id\":\"https:\\\/\\\/lasentinelle.dz\\\/index.php\\\/2022\\\/09\\\/08\\\/bilan-operationnel-de-lanp-saisie-de-plus-de-5-tonnes-de-kif-en-provenance-du-maroc\\\/#article\",\"isPartOf\":{\"@id\":\"https:\\\/\\\/lasentinelle.dz\\\/index.php\\\/2022\\\/09\\\/08\\\/bilan-operationnel-de-lanp-saisie-de-plus-de-5-tonnes-de-kif-en-provenance-du-maroc\\\/\"},\"author\":{\"name\":\"La Sentinelle\",\"@id\":\"https:\\\/\\\/lasentinelle.dz\\\/#\\\/schema\\\/person\\\/d865044e22e70a75174ce8bcad3acfb3\"},\"headline\":\"Bilan op\u00e9rationnel\u00a0de l\u2019ANP\u00a0: Saisie de plus de 5 tonnes de kif en provenance du Maroc\u00a0\",\"datePublished\":\"2022-09-07T23:05:00+00:00\",\"mainEntityOfPage\":{\"@id\":\"https:\\\/\\\/lasentinelle.dz\\\/index.php\\\/2022\\\/09\\\/08\\\/bilan-operationnel-de-lanp-saisie-de-plus-de-5-tonnes-de-kif-en-provenance-du-maroc\\\/\"},\"wordCount\":460,\"commentCount\":0,\"publisher\":{\"@id\":\"https:\\\/\\\/lasentinelle.dz\\\/#organization\"},\"image\":{\"@id\":\"https:\\\/\\\/lasentinelle.dz\\\/index.php\\\/2022\\\/09\\\/08\\\/bilan-operationnel-de-lanp-saisie-de-plus-de-5-tonnes-de-kif-en-provenance-du-maroc\\\/#primaryimage\"},\"thumbnailUrl\":\"https:\\\/\\\/lasentinelle.dz\\\/wp-content\\\/uploads\\\/2022\\\/09\\\/28cfb6c2d3d144640aad86309e9c8495_M-1500x9999-c.jpg\",\"articleSection\":[\"Actualit\u00e9\"],\"inLanguage\":\"fr-FR\",\"potentialAction\":[{\"@type\":\"CommentAction\",\"name\":\"Comment\",\"target\":[\"https:\\\/\\\/lasentinelle.dz\\\/index.php\\\/2022\\\/09\\\/08\\\/bilan-operationnel-de-lanp-saisie-de-plus-de-5-tonnes-de-kif-en-provenance-du-maroc\\\/#respond\"]}]},{\"@type\":\"WebPage\",\"@id\":\"https:\\\/\\\/lasentinelle.dz\\\/index.php\\\/2022\\\/09\\\/08\\\/bilan-operationnel-de-lanp-saisie-de-plus-de-5-tonnes-de-kif-en-provenance-du-maroc\\\/\",\"url\":\"https:\\\/\\\/lasentinelle.dz\\\/index.php\\\/2022\\\/09\\\/08\\\/bilan-operationnel-de-lanp-saisie-de-plus-de-5-tonnes-de-kif-en-provenance-du-maroc\\\/\",\"name\":\"Bilan op\u00e9rationnel\u00a0de l\u2019ANP\u00a0: Saisie de plus de 5 tonnes de kif en provenance du Maroc\u00a0 - La Sentinelle\",\"isPartOf\":{\"@id\":\"https:\\\/\\\/lasentinelle.dz\\\/#website\"},\"primaryImageOfPage\":{\"@id\":\"https:\\\/\\\/lasentinelle.dz\\\/index.php\\\/2022\\\/09\\\/08\\\/bilan-operationnel-de-lanp-saisie-de-plus-de-5-tonnes-de-kif-en-provenance-du-maroc\\\/#primaryimage\"},\"image\":{\"@id\":\"https:\\\/\\\/lasentinelle.dz\\\/index.php\\\/2022\\\/09\\\/08\\\/bilan-operationnel-de-lanp-saisie-de-plus-de-5-tonnes-de-kif-en-provenance-du-maroc\\\/#primaryimage\"},\"thumbnailUrl\":\"https:\\\/\\\/lasentinelle.dz\\\/wp-content\\\/uploads\\\/2022\\\/09\\\/28cfb6c2d3d144640aad86309e9c8495_M-1500x9999-c.jpg\",\"datePublished\":\"2022-09-07T23:05:00+00:00\",\"breadcrumb\":{\"@id\":\"https:\\\/\\\/lasentinelle.dz\\\/index.php\\\/2022\\\/09\\\/08\\\/bilan-operationnel-de-lanp-saisie-de-plus-de-5-tonnes-de-kif-en-provenance-du-maroc\\\/#breadcrumb\"},\"inLanguage\":\"fr-FR\",\"potentialAction\":[{\"@type\":\"ReadAction\",\"target\":[\"https:\\\/\\\/lasentinelle.dz\\\/index.php\\\/2022\\\/09\\\/08\\\/bilan-operationnel-de-lanp-saisie-de-plus-de-5-tonnes-de-kif-en-provenance-du-maroc\\\/\"]}]},{\"@type\":\"ImageObject\",\"inLanguage\":\"fr-FR\",\"@id\":\"https:\\\/\\\/lasentinelle.dz\\\/index.php\\\/2022\\\/09\\\/08\\\/bilan-operationnel-de-lanp-saisie-de-plus-de-5-tonnes-de-kif-en-provenance-du-maroc\\\/#primaryimage\",\"url\":\"https:\\\/\\\/lasentinelle.dz\\\/wp-content\\\/uploads\\\/2022\\\/09\\\/28cfb6c2d3d144640aad86309e9c8495_M-1500x9999-c.jpg\",\"contentUrl\":\"https:\\\/\\\/lasentinelle.dz\\\/wp-content\\\/uploads\\\/2022\\\/09\\\/28cfb6c2d3d144640aad86309e9c8495_M-1500x9999-c.jpg\",\"width\":580,\"height\":350},{\"@type\":\"BreadcrumbList\",\"@id\":\"https:\\\/\\\/lasentinelle.dz\\\/index.php\\\/2022\\\/09\\\/08\\\/bilan-operationnel-de-lanp-saisie-de-plus-de-5-tonnes-de-kif-en-provenance-du-maroc\\\/#breadcrumb\",\"itemListElement\":[{\"@type\":\"ListItem\",\"position\":1,\"name\":\"Accueil\",\"item\":\"https:\\\/\\\/lasentinelle.dz\\\/\"},{\"@type\":\"ListItem\",\"position\":2,\"name\":\"Bilan op\u00e9rationnel\u00a0de l\u2019ANP\u00a0: Saisie de plus de 5 tonnes de kif en provenance du Maroc\u00a0\"}]},{\"@type\":\"WebSite\",\"@id\":\"https:\\\/\\\/lasentinelle.dz\\\/#website\",\"url\":\"https:\\\/\\\/lasentinelle.dz\\\/\",\"name\":\"La Sentinelle\",\"description\":\"Quotidien national d&#039;information\",\"publisher\":{\"@id\":\"https:\\\/\\\/lasentinelle.dz\\\/#organization\"},\"potentialAction\":[{\"@type\":\"SearchAction\",\"target\":{\"@type\":\"EntryPoint\",\"urlTemplate\":\"https:\\\/\\\/lasentinelle.dz\\\/?s={search_term_string}\"},\"query-input\":{\"@type\":\"PropertyValueSpecification\",\"valueRequired\":true,\"valueName\":\"search_term_string\"}}],\"inLanguage\":\"fr-FR\"},{\"@type\":\"Organization\",\"@id\":\"https:\\\/\\\/lasentinelle.dz\\\/#organization\",\"name\":\"Quotidien La Sentinelle\",\"url\":\"https:\\\/\\\/lasentinelle.dz\\\/\",\"logo\":{\"@type\":\"ImageObject\",\"inLanguage\":\"fr-FR\",\"@id\":\"https:\\\/\\\/lasentinelle.dz\\\/#\\\/schema\\\/logo\\\/image\\\/\",\"url\":\"https:\\\/\\\/lasentinelle.dz\\\/wp-content\\\/uploads\\\/2021\\\/09\\\/logo-sentinelleSLOGAN-1.png\",\"contentUrl\":\"https:\\\/\\\/lasentinelle.dz\\\/wp-content\\\/uploads\\\/2021\\\/09\\\/logo-sentinelleSLOGAN-1.png\",\"width\":615,\"height\":142,\"caption\":\"Quotidien La Sentinelle\"},\"image\":{\"@id\":\"https:\\\/\\\/lasentinelle.dz\\\/#\\\/schema\\\/logo\\\/image\\\/\"},\"sameAs\":[\"https:\\\/\\\/www.facebook.com\\\/La-Sentinelle-104059864394773\"]},{\"@type\":\"Person\",\"@id\":\"https:\\\/\\\/lasentinelle.dz\\\/#\\\/schema\\\/person\\\/d865044e22e70a75174ce8bcad3acfb3\",\"name\":\"La Sentinelle\",\"image\":{\"@type\":\"ImageObject\",\"inLanguage\":\"fr-FR\",\"@id\":\"https:\\\/\\\/secure.gravatar.com\\\/avatar\\\/57de8e5d4b15d43fb361a71fbb36338450fe67865b528a43dd10ef7c51a20392?s=96&d=mm&r=g\",\"url\":\"https:\\\/\\\/secure.gravatar.com\\\/avatar\\\/57de8e5d4b15d43fb361a71fbb36338450fe67865b528a43dd10ef7c51a20392?s=96&d=mm&r=g\",\"contentUrl\":\"https:\\\/\\\/secure.gravatar.com\\\/avatar\\\/57de8e5d4b15d43fb361a71fbb36338450fe67865b528a43dd10ef7c51a20392?s=96&d=mm&r=g\",\"caption\":\"La Sentinelle\"},\"sameAs\":[\"http:\\\/\\\/www.lasentinelle.dz\"],\"url\":\"https:\\\/\\\/lasentinelle.dz\\\/author\\\/redaction\\\/\"}]}<\/script>\n<!-- \/ Yoast SEO plugin. -->","yoast_head_json":{"title":"Bilan op\u00e9rationnel\u00a0de l\u2019ANP\u00a0: Saisie de plus de 5 tonnes de kif en provenance du Maroc\u00a0 - La Sentinelle","robots":{"index":"index","follow":"follow","max-snippet":"max-snippet:-1","max-image-preview":"max-image-preview:large","max-video-preview":"max-video-preview:-1"},"canonical":"https:\/\/lasentinelle.dz\/index.php\/2022\/09\/08\/bilan-operationnel-de-lanp-saisie-de-plus-de-5-tonnes-de-kif-en-provenance-du-maroc\/","og_locale":"fr_FR","og_type":"article","og_title":"Bilan op\u00e9rationnel\u00a0de l\u2019ANP\u00a0: Saisie de plus de 5 tonnes de kif en provenance du Maroc\u00a0 - La Sentinelle","og_description":"Des tentatives d&rsquo;introduction de quantit\u00e9s de kif trait\u00e9 s&rsquo;\u00e9levant \u00e0 5 quintaux et (8,5) kg de kif trait\u00e9, \u00e0 travers","og_url":"https:\/\/lasentinelle.dz\/index.php\/2022\/09\/08\/bilan-operationnel-de-lanp-saisie-de-plus-de-5-tonnes-de-kif-en-provenance-du-maroc\/","og_site_name":"La Sentinelle","article_publisher":"https:\/\/www.facebook.com\/La-Sentinelle-104059864394773","article_published_time":"2022-09-07T23:05:00+00:00","og_image":[{"width":580,"height":350,"url":"https:\/\/lasentinelle.dz\/wp-content\/uploads\/2022\/09\/28cfb6c2d3d144640aad86309e9c8495_M-1500x9999-c.jpg","type":"image\/jpeg"}],"author":"La Sentinelle","twitter_card":"summary_large_image","twitter_misc":{"\u00c9crit par":"La Sentinelle","Dur\u00e9e de lecture estim\u00e9e":"2 minutes"},"schema":{"@context":"https:\/\/schema.org","@graph":[{"@type":"Article","@id":"https:\/\/lasentinelle.dz\/index.php\/2022\/09\/08\/bilan-operationnel-de-lanp-saisie-de-plus-de-5-tonnes-de-kif-en-provenance-du-maroc\/#article","isPartOf":{"@id":"https:\/\/lasentinelle.dz\/index.php\/2022\/09\/08\/bilan-operationnel-de-lanp-saisie-de-plus-de-5-tonnes-de-kif-en-provenance-du-maroc\/"},"author":{"name":"La Sentinelle","@id":"https:\/\/lasentinelle.dz\/#\/schema\/person\/d865044e22e70a75174ce8bcad3acfb3"},"headline":"Bilan op\u00e9rationnel\u00a0de l\u2019ANP\u00a0: Saisie de plus de 5 tonnes de kif en provenance du Maroc\u00a0","datePublished":"2022-09-07T23:05:00+00:00","mainEntityOfPage":{"@id":"https:\/\/lasentinelle.dz\/index.php\/2022\/09\/08\/bilan-operationnel-de-lanp-saisie-de-plus-de-5-tonnes-de-kif-en-provenance-du-maroc\/"},"wordCount":460,"commentCount":0,"publisher":{"@id":"https:\/\/lasentinelle.dz\/#organization"},"image":{"@id":"https:\/\/lasentinelle.dz\/index.php\/2022\/09\/08\/bilan-operationnel-de-lanp-saisie-de-plus-de-5-tonnes-de-kif-en-provenance-du-maroc\/#primaryimage"},"thumbnailUrl":"https:\/\/lasentinelle.dz\/wp-content\/uploads\/2022\/09\/28cfb6c2d3d144640aad86309e9c8495_M-1500x9999-c.jpg","articleSection":["Actualit\u00e9"],"inLanguage":"fr-FR","potentialAction":[{"@type":"CommentAction","name":"Comment","target":["https:\/\/lasentinelle.dz\/index.php\/2022\/09\/08\/bilan-operationnel-de-lanp-saisie-de-plus-de-5-tonnes-de-kif-en-provenance-du-maroc\/#respond"]}]},{"@type":"WebPage","@id":"https:\/\/lasentinelle.dz\/index.php\/2022\/09\/08\/bilan-operationnel-de-lanp-saisie-de-plus-de-5-tonnes-de-kif-en-provenance-du-maroc\/","url":"https:\/\/lasentinelle.dz\/index.php\/2022\/09\/08\/bilan-operationnel-de-lanp-saisie-de-plus-de-5-tonnes-de-kif-en-provenance-du-maroc\/","name":"Bilan op\u00e9rationnel\u00a0de l\u2019ANP\u00a0: Saisie de plus de 5 tonnes de kif en provenance du Maroc\u00a0 - La Sentinelle","isPartOf":{"@id":"https:\/\/lasentinelle.dz\/#website"},"primaryImageOfPage":{"@id":"https:\/\/lasentinelle.dz\/index.php\/2022\/09\/08\/bilan-operationnel-de-lanp-saisie-de-plus-de-5-tonnes-de-kif-en-provenance-du-maroc\/#primaryimage"},"image":{"@id":"https:\/\/lasentinelle.dz\/index.php\/2022\/09\/08\/bilan-operationnel-de-lanp-saisie-de-plus-de-5-tonnes-de-kif-en-provenance-du-maroc\/#primaryimage"},"thumbnailUrl":"https:\/\/lasentinelle.dz\/wp-content\/uploads\/2022\/09\/28cfb6c2d3d144640aad86309e9c8495_M-1500x9999-c.jpg","datePublished":"2022-09-07T23:05:00+00:00","breadcrumb":{"@id":"https:\/\/lasentinelle.dz\/index.php\/2022\/09\/08\/bilan-operationnel-de-lanp-saisie-de-plus-de-5-tonnes-de-kif-en-provenance-du-maroc\/#breadcrumb"},"inLanguage":"fr-FR","potentialAction":[{"@type":"ReadAction","target":["https:\/\/lasentinelle.dz\/index.php\/2022\/09\/08\/bilan-operationnel-de-lanp-saisie-de-plus-de-5-tonnes-de-kif-en-provenance-du-maroc\/"]}]},{"@type":"ImageObject","inLanguage":"fr-FR","@id":"https:\/\/lasentinelle.dz\/index.php\/2022\/09\/08\/bilan-operationnel-de-lanp-saisie-de-plus-de-5-tonnes-de-kif-en-provenance-du-maroc\/#primaryimage","url":"https:\/\/lasentinelle.dz\/wp-content\/uploads\/2022\/09\/28cfb6c2d3d144640aad86309e9c8495_M-1500x9999-c.jpg","contentUrl":"https:\/\/lasentinelle.dz\/wp-content\/uploads\/2022\/09\/28cfb6c2d3d144640aad86309e9c8495_M-1500x9999-c.jpg","width":580,"height":350},{"@type":"BreadcrumbList","@id":"https:\/\/lasentinelle.dz\/index.php\/2022\/09\/08\/bilan-operationnel-de-lanp-saisie-de-plus-de-5-tonnes-de-kif-en-provenance-du-maroc\/#breadcrumb","itemListElement":[{"@type":"ListItem","position":1,"name":"Accueil","item":"https:\/\/lasentinelle.dz\/"},{"@type":"ListItem","position":2,"name":"Bilan op\u00e9rationnel\u00a0de l\u2019ANP\u00a0: Saisie de plus de 5 tonnes de kif en provenance du Maroc\u00a0"}]},{"@type":"WebSite","@id":"https:\/\/lasentinelle.dz\/#website","url":"https:\/\/lasentinelle.dz\/","name":"La Sentinelle","description":"Quotidien national d&#039;information","publisher":{"@id":"https:\/\/lasentinelle.dz\/#organization"},"potentialAction":[{"@type":"SearchAction","target":{"@type":"EntryPoint","urlTemplate":"https:\/\/lasentinelle.dz\/?s={search_term_string}"},"query-input":{"@type":"PropertyValueSpecification","valueRequired":true,"valueName":"search_term_string"}}],"inLanguage":"fr-FR"},{"@type":"Organization","@id":"https:\/\/lasentinelle.dz\/#organization","name":"Quotidien La Sentinelle","url":"https:\/\/lasentinelle.dz\/","logo":{"@type":"ImageObject","inLanguage":"fr-FR","@id":"https:\/\/lasentinelle.dz\/#\/schema\/logo\/image\/","url":"https:\/\/lasentinelle.dz\/wp-content\/uploads\/2021\/09\/logo-sentinelleSLOGAN-1.png","contentUrl":"https:\/\/lasentinelle.dz\/wp-content\/uploads\/2021\/09\/logo-sentinelleSLOGAN-1.png","width":615,"height":142,"caption":"Quotidien La Sentinelle"},"image":{"@id":"https:\/\/lasentinelle.dz\/#\/schema\/logo\/image\/"},"sameAs":["https:\/\/www.facebook.com\/La-Sentinelle-104059864394773"]},{"@type":"Person","@id":"https:\/\/lasentinelle.dz\/#\/schema\/person\/d865044e22e70a75174ce8bcad3acfb3","name":"La Sentinelle","image":{"@type":"ImageObject","inLanguage":"fr-FR","@id":"https:\/\/secure.gravatar.com\/avatar\/57de8e5d4b15d43fb361a71fbb36338450fe67865b528a43dd10ef7c51a20392?s=96&d=mm&r=g","url":"https:\/\/secure.gravatar.com\/avatar\/57de8e5d4b15d43fb361a71fbb36338450fe67865b528a43dd10ef7c51a20392?s=96&d=mm&r=g","contentUrl":"https:\/\/secure.gravatar.com\/avatar\/57de8e5d4b15d43fb361a71fbb36338450fe67865b528a43dd10ef7c51a20392?s=96&d=mm&r=g","caption":"La Sentinelle"},"sameAs":["http:\/\/www.lasentinelle.dz"],"url":"https:\/\/lasentinelle.dz\/author\/redaction\/"}]}},"_links":{"self":[{"href":"https:\/\/lasentinelle.dz\/index.php\/wp-json\/wp\/v2\/posts\/27065","targetHints":{"allow":["GET"]}}],"collection":[{"href":"https:\/\/lasentinelle.dz\/index.php\/wp-json\/wp\/v2\/posts"}],"about":[{"href":"https:\/\/lasentinelle.dz\/index.php\/wp-json\/wp\/v2\/types\/post"}],"author":[{"embeddable":true,"href":"https:\/\/lasentinelle.dz\/index.php\/wp-json\/wp\/v2\/users\/3"}],"replies":[{"embeddable":true,"href":"https:\/\/lasentinelle.dz\/index.php\/wp-json\/wp\/v2\/comments?post=27065"}],"version-history":[{"count":1,"href":"https:\/\/lasentinelle.dz\/index.php\/wp-json\/wp\/v2\/posts\/27065\/revisions"}],"predecessor-version":[{"id":27076,"href":"https:\/\/lasentinelle.dz\/index.php\/wp-json\/wp\/v2\/posts\/27065\/revisions\/27076"}],"wp:featuredmedia":[{"embeddable":true,"href":"https:\/\/lasentinelle.dz\/index.php\/wp-json\/wp\/v2\/media\/27075"}],"wp:attachment":[{"href":"https:\/\/lasentinelle.dz\/index.php\/wp-json\/wp\/v2\/media?parent=27065"}],"wp:term":[{"taxonomy":"category","embeddable":true,"href":"https:\/\/lasentinelle.dz\/index.php\/wp-json\/wp\/v2\/categories?post=27065"},{"taxonomy":"post_tag","embeddable":true,"href":"https:\/\/lasentinelle.dz\/index.php\/wp-json\/wp\/v2\/tags?post=27065"}],"curies":[{"name":"wp","href":"https:\/\/api.w.org\/{rel}","templated":true}]}}