{"id":27098,"date":"2022-09-11T00:08:00","date_gmt":"2022-09-10T23:08:00","guid":{"rendered":"https:\/\/lasentinelle.dz\/?p=27098"},"modified":"2022-09-10T20:15:08","modified_gmt":"2022-09-10T19:15:08","slug":"maroc-les-marocains-protestent-contre-la-normalisation-avec-lentite-sioniste","status":"publish","type":"post","link":"https:\/\/lasentinelle.dz\/index.php\/2022\/09\/11\/maroc-les-marocains-protestent-contre-la-normalisation-avec-lentite-sioniste\/","title":{"rendered":"Maroc\u00a0:\u00a0Les Marocains protestent contre la normalisation avec l&rsquo;entit\u00e9 sioniste"},"content":{"rendered":"\n<p>Une nouvelle manifestation d\u00e9non\u00e7ant la normalisation du r\u00e9gime marocain avec l&rsquo;entit\u00e9 sioniste a \u00e9t\u00e9 organis\u00e9e vendredi devant le Parlement \u00e0 Rabat par des ONG locales et des militants anti-normalisation, dont le Front marocain pour la Palestine et contre la normalisation, ont rapport\u00e9 des agences de presse.&nbsp;<\/p>\n\n\n\n<p>Plus d&rsquo;une centaine de manifestants pour le soutien de la Palestine et contre la normalisation ont scand\u00e9 des chants d\u00e9non\u00e7ant le rapprochement entre le Makhzen et l&rsquo;entit\u00e9 sioniste, ajoute-t-on.&nbsp;Le chef de la diplomatie du Makhzen, Nasser Bourita, a \u00e9t\u00e9 dans la foul\u00e9e conspu\u00e9 par les manifestants, qui lui reprochent sa responsabilit\u00e9 dans la normalisation avec l&rsquo;entit\u00e9 sioniste. \u00ab Aujourd&rsquo;hui, nous sommes devant le Parlement pour protester contre les actes hideux commis par David Govrin, le responsable du bureau de liaison de l&rsquo;entit\u00e9 sioniste au Maroc \u00bb, a d\u00e9clar\u00e9 Amine Abdelhamid, militant du Front marocain pour la Palestine et contre la normalisation, et ancien SG de l&rsquo;association marocaine de d\u00e9fense des droits humains (AMDH). \u00ab La dignit\u00e9 du Maroc n&rsquo;est pas \u00e0 vendre, la normalisation doit cesser \u00bb, a-t-il ajout\u00e9.&nbsp;La radio publique sioniste Kan a rapport\u00e9 lundi qu&rsquo;une d\u00e9l\u00e9gation du minist\u00e8re des Affaires \u00e9trang\u00e8res avait \u00e9t\u00e9 d\u00e9p\u00each\u00e9e \u00e0 Rabat, \u00e0 la suite d&rsquo;accusations d&rsquo;abus sexuels visant David Govrin. Une source diplomatique isra\u00e9lienne a confirm\u00e9 \u00e0 la presse que David Govrin avait \u00e9t\u00e9 rappel\u00e9 le temps d&rsquo;une enqu\u00eate, sans en pr\u00e9ciser la nature. Selon le m\u00e9dia sioniste, le diplomate fait face \u00e0 des accusations d&rsquo;exploitation de femmes marocaines, de harc\u00e8lement sexuel et d&rsquo;attentat \u00e0 la pudeur.&nbsp;&nbsp;David Govrin, 59 ans, a \u00e9t\u00e9 le repr\u00e9sentant de l\u2019Etat sioniste au Caire avant d&rsquo;\u00eatre nomm\u00e9 ambassadeur \u00e0 Rabat l&rsquo;ann\u00e9e derni\u00e8re.&nbsp;Il y a \u00e9galement des all\u00e9gations de d\u00e9tournement de fonds et la disparition apparente d&rsquo;un cadeau du monarque marocain pour c\u00e9l\u00e9brer le jour de l&rsquo;ind\u00e9pendance de l\u2019Etat sioniste. David Govrin se trouve actuellement \u00e0 Tel-Aviv. Les autorit\u00e9s marocaines n&rsquo;ont pas fait de commentaires sur cette affaire qui a scandalis\u00e9 les Marocains. Le rassemblement s&rsquo;est d\u00e9roul\u00e9 en face du Parlement, dans le centre de la capitale, encadr\u00e9, comme d&rsquo;habitude, par un dispositif policier. L&#8217;embl\u00e8me de l&rsquo;entit\u00e9 sioniste a \u00e9t\u00e9 br\u00fbl\u00e9 \u00e0 la fin de la manifestation.<\/p>\n\n\n\n<p><strong>K.L. et agences<\/strong><\/p>\n","protected":false},"excerpt":{"rendered":"<p>Une nouvelle manifestation d\u00e9non\u00e7ant la normalisation du r\u00e9gime marocain avec l&rsquo;entit\u00e9 sioniste a \u00e9t\u00e9 organis\u00e9e vendredi devant le Parlement \u00e0<\/p>\n","protected":false},"author":3,"featured_media":27102,"comment_status":"open","ping_status":"closed","sticky":false,"template":"","format":"standard","meta":{"colormag_page_container_layout":"default_layout","colormag_page_sidebar_layout":"default_layout","om_disable_all_campaigns":false,"_monsterinsights_skip_tracking":false,"_monsterinsights_sitenote_active":false,"_monsterinsights_sitenote_note":"","_monsterinsights_sitenote_category":0,"footnotes":"","_wpscppro_dont_share_socialmedia":false,"_wpscppro_custom_social_share_image":0,"_facebook_share_type":"","_twitter_share_type":"","_linkedin_share_type":"","_pinterest_share_type":"","_linkedin_share_type_page":"","_instagram_share_type":"","_medium_share_type":"","_threads_share_type":"","_google_business_share_type":"","_selected_social_profile":[],"_wpsp_enable_custom_social_template":false,"_wpsp_social_scheduling":{"enabled":false,"datetime":null,"platforms":[],"status":"template_only","dateOption":"today","timeOption":"now","customDays":"","customHours":"","customDate":"","customTime":"","schedulingType":"absolute"},"_wpsp_active_default_template":true},"categories":[52,37],"tags":[],"class_list":["post-27098","post","type-post","status-publish","format-standard","has-post-thumbnail","hentry","category-a-la-une","category-monde"],"aioseo_notices":[],"yoast_head":"<!-- This site is optimized with the Yoast SEO plugin v27.5 - https:\/\/yoast.com\/product\/yoast-seo-wordpress\/ -->\n<title>Maroc\u00a0:\u00a0Les Marocains protestent contre la normalisation avec l&rsquo;entit\u00e9 sioniste - La Sentinelle<\/title>\n<meta name=\"robots\" content=\"index, follow, max-snippet:-1, max-image-preview:large, max-video-preview:-1\" \/>\n<link rel=\"canonical\" href=\"https:\/\/lasentinelle.dz\/index.php\/2022\/09\/11\/maroc-les-marocains-protestent-contre-la-normalisation-avec-lentite-sioniste\/\" \/>\n<meta property=\"og:locale\" content=\"fr_FR\" \/>\n<meta property=\"og:type\" content=\"article\" \/>\n<meta property=\"og:title\" content=\"Maroc\u00a0:\u00a0Les Marocains protestent contre la normalisation avec l&rsquo;entit\u00e9 sioniste - La Sentinelle\" \/>\n<meta property=\"og:description\" content=\"Une nouvelle manifestation d\u00e9non\u00e7ant la normalisation du r\u00e9gime marocain avec l&rsquo;entit\u00e9 sioniste a \u00e9t\u00e9 organis\u00e9e vendredi devant le Parlement \u00e0\" \/>\n<meta property=\"og:url\" content=\"https:\/\/lasentinelle.dz\/index.php\/2022\/09\/11\/maroc-les-marocains-protestent-contre-la-normalisation-avec-lentite-sioniste\/\" \/>\n<meta property=\"og:site_name\" content=\"La Sentinelle\" \/>\n<meta property=\"article:publisher\" content=\"https:\/\/www.facebook.com\/La-Sentinelle-104059864394773\" \/>\n<meta property=\"article:published_time\" content=\"2022-09-10T23:08:00+00:00\" \/>\n<meta property=\"og:image\" content=\"https:\/\/lasentinelle.dz\/wp-content\/uploads\/2022\/09\/Maroc-manif-696x4-1.png\" \/>\n\t<meta property=\"og:image:width\" content=\"1395\" \/>\n\t<meta property=\"og:image:height\" content=\"900\" \/>\n\t<meta property=\"og:image:type\" content=\"image\/png\" \/>\n<meta name=\"author\" content=\"La Sentinelle\" \/>\n<meta name=\"twitter:card\" content=\"summary_large_image\" \/>\n<meta name=\"twitter:label1\" content=\"\u00c9crit par\" \/>\n\t<meta name=\"twitter:data1\" content=\"La Sentinelle\" \/>\n\t<meta name=\"twitter:label2\" content=\"Dur\u00e9e de lecture estim\u00e9e\" \/>\n\t<meta name=\"twitter:data2\" content=\"2 minutes\" \/>\n<script type=\"application\/ld+json\" class=\"yoast-schema-graph\">{\"@context\":\"https:\\\/\\\/schema.org\",\"@graph\":[{\"@type\":\"Article\",\"@id\":\"https:\\\/\\\/lasentinelle.dz\\\/index.php\\\/2022\\\/09\\\/11\\\/maroc-les-marocains-protestent-contre-la-normalisation-avec-lentite-sioniste\\\/#article\",\"isPartOf\":{\"@id\":\"https:\\\/\\\/lasentinelle.dz\\\/index.php\\\/2022\\\/09\\\/11\\\/maroc-les-marocains-protestent-contre-la-normalisation-avec-lentite-sioniste\\\/\"},\"author\":{\"name\":\"La Sentinelle\",\"@id\":\"https:\\\/\\\/lasentinelle.dz\\\/#\\\/schema\\\/person\\\/d865044e22e70a75174ce8bcad3acfb3\"},\"headline\":\"Maroc\u00a0:\u00a0Les Marocains protestent contre la normalisation avec l&rsquo;entit\u00e9 sioniste\",\"datePublished\":\"2022-09-10T23:08:00+00:00\",\"mainEntityOfPage\":{\"@id\":\"https:\\\/\\\/lasentinelle.dz\\\/index.php\\\/2022\\\/09\\\/11\\\/maroc-les-marocains-protestent-contre-la-normalisation-avec-lentite-sioniste\\\/\"},\"wordCount\":423,\"commentCount\":0,\"publisher\":{\"@id\":\"https:\\\/\\\/lasentinelle.dz\\\/#organization\"},\"image\":{\"@id\":\"https:\\\/\\\/lasentinelle.dz\\\/index.php\\\/2022\\\/09\\\/11\\\/maroc-les-marocains-protestent-contre-la-normalisation-avec-lentite-sioniste\\\/#primaryimage\"},\"thumbnailUrl\":\"https:\\\/\\\/lasentinelle.dz\\\/wp-content\\\/uploads\\\/2022\\\/09\\\/Maroc-manif-696x4-1.png\",\"articleSection\":[\"\u00c0 la Une\",\"Monde\"],\"inLanguage\":\"fr-FR\",\"potentialAction\":[{\"@type\":\"CommentAction\",\"name\":\"Comment\",\"target\":[\"https:\\\/\\\/lasentinelle.dz\\\/index.php\\\/2022\\\/09\\\/11\\\/maroc-les-marocains-protestent-contre-la-normalisation-avec-lentite-sioniste\\\/#respond\"]}]},{\"@type\":\"WebPage\",\"@id\":\"https:\\\/\\\/lasentinelle.dz\\\/index.php\\\/2022\\\/09\\\/11\\\/maroc-les-marocains-protestent-contre-la-normalisation-avec-lentite-sioniste\\\/\",\"url\":\"https:\\\/\\\/lasentinelle.dz\\\/index.php\\\/2022\\\/09\\\/11\\\/maroc-les-marocains-protestent-contre-la-normalisation-avec-lentite-sioniste\\\/\",\"name\":\"Maroc\u00a0:\u00a0Les Marocains protestent contre la normalisation avec l&rsquo;entit\u00e9 sioniste - La Sentinelle\",\"isPartOf\":{\"@id\":\"https:\\\/\\\/lasentinelle.dz\\\/#website\"},\"primaryImageOfPage\":{\"@id\":\"https:\\\/\\\/lasentinelle.dz\\\/index.php\\\/2022\\\/09\\\/11\\\/maroc-les-marocains-protestent-contre-la-normalisation-avec-lentite-sioniste\\\/#primaryimage\"},\"image\":{\"@id\":\"https:\\\/\\\/lasentinelle.dz\\\/index.php\\\/2022\\\/09\\\/11\\\/maroc-les-marocains-protestent-contre-la-normalisation-avec-lentite-sioniste\\\/#primaryimage\"},\"thumbnailUrl\":\"https:\\\/\\\/lasentinelle.dz\\\/wp-content\\\/uploads\\\/2022\\\/09\\\/Maroc-manif-696x4-1.png\",\"datePublished\":\"2022-09-10T23:08:00+00:00\",\"breadcrumb\":{\"@id\":\"https:\\\/\\\/lasentinelle.dz\\\/index.php\\\/2022\\\/09\\\/11\\\/maroc-les-marocains-protestent-contre-la-normalisation-avec-lentite-sioniste\\\/#breadcrumb\"},\"inLanguage\":\"fr-FR\",\"potentialAction\":[{\"@type\":\"ReadAction\",\"target\":[\"https:\\\/\\\/lasentinelle.dz\\\/index.php\\\/2022\\\/09\\\/11\\\/maroc-les-marocains-protestent-contre-la-normalisation-avec-lentite-sioniste\\\/\"]}]},{\"@type\":\"ImageObject\",\"inLanguage\":\"fr-FR\",\"@id\":\"https:\\\/\\\/lasentinelle.dz\\\/index.php\\\/2022\\\/09\\\/11\\\/maroc-les-marocains-protestent-contre-la-normalisation-avec-lentite-sioniste\\\/#primaryimage\",\"url\":\"https:\\\/\\\/lasentinelle.dz\\\/wp-content\\\/uploads\\\/2022\\\/09\\\/Maroc-manif-696x4-1.png\",\"contentUrl\":\"https:\\\/\\\/lasentinelle.dz\\\/wp-content\\\/uploads\\\/2022\\\/09\\\/Maroc-manif-696x4-1.png\",\"width\":1395,\"height\":900},{\"@type\":\"BreadcrumbList\",\"@id\":\"https:\\\/\\\/lasentinelle.dz\\\/index.php\\\/2022\\\/09\\\/11\\\/maroc-les-marocains-protestent-contre-la-normalisation-avec-lentite-sioniste\\\/#breadcrumb\",\"itemListElement\":[{\"@type\":\"ListItem\",\"position\":1,\"name\":\"Accueil\",\"item\":\"https:\\\/\\\/lasentinelle.dz\\\/\"},{\"@type\":\"ListItem\",\"position\":2,\"name\":\"Maroc\u00a0:\u00a0Les Marocains protestent contre la normalisation avec l&rsquo;entit\u00e9 sioniste\"}]},{\"@type\":\"WebSite\",\"@id\":\"https:\\\/\\\/lasentinelle.dz\\\/#website\",\"url\":\"https:\\\/\\\/lasentinelle.dz\\\/\",\"name\":\"La Sentinelle\",\"description\":\"Quotidien national d&#039;information\",\"publisher\":{\"@id\":\"https:\\\/\\\/lasentinelle.dz\\\/#organization\"},\"potentialAction\":[{\"@type\":\"SearchAction\",\"target\":{\"@type\":\"EntryPoint\",\"urlTemplate\":\"https:\\\/\\\/lasentinelle.dz\\\/?s={search_term_string}\"},\"query-input\":{\"@type\":\"PropertyValueSpecification\",\"valueRequired\":true,\"valueName\":\"search_term_string\"}}],\"inLanguage\":\"fr-FR\"},{\"@type\":\"Organization\",\"@id\":\"https:\\\/\\\/lasentinelle.dz\\\/#organization\",\"name\":\"Quotidien La Sentinelle\",\"url\":\"https:\\\/\\\/lasentinelle.dz\\\/\",\"logo\":{\"@type\":\"ImageObject\",\"inLanguage\":\"fr-FR\",\"@id\":\"https:\\\/\\\/lasentinelle.dz\\\/#\\\/schema\\\/logo\\\/image\\\/\",\"url\":\"https:\\\/\\\/lasentinelle.dz\\\/wp-content\\\/uploads\\\/2021\\\/09\\\/logo-sentinelleSLOGAN-1.png\",\"contentUrl\":\"https:\\\/\\\/lasentinelle.dz\\\/wp-content\\\/uploads\\\/2021\\\/09\\\/logo-sentinelleSLOGAN-1.png\",\"width\":615,\"height\":142,\"caption\":\"Quotidien La Sentinelle\"},\"image\":{\"@id\":\"https:\\\/\\\/lasentinelle.dz\\\/#\\\/schema\\\/logo\\\/image\\\/\"},\"sameAs\":[\"https:\\\/\\\/www.facebook.com\\\/La-Sentinelle-104059864394773\"]},{\"@type\":\"Person\",\"@id\":\"https:\\\/\\\/lasentinelle.dz\\\/#\\\/schema\\\/person\\\/d865044e22e70a75174ce8bcad3acfb3\",\"name\":\"La Sentinelle\",\"image\":{\"@type\":\"ImageObject\",\"inLanguage\":\"fr-FR\",\"@id\":\"https:\\\/\\\/secure.gravatar.com\\\/avatar\\\/57de8e5d4b15d43fb361a71fbb36338450fe67865b528a43dd10ef7c51a20392?s=96&d=mm&r=g\",\"url\":\"https:\\\/\\\/secure.gravatar.com\\\/avatar\\\/57de8e5d4b15d43fb361a71fbb36338450fe67865b528a43dd10ef7c51a20392?s=96&d=mm&r=g\",\"contentUrl\":\"https:\\\/\\\/secure.gravatar.com\\\/avatar\\\/57de8e5d4b15d43fb361a71fbb36338450fe67865b528a43dd10ef7c51a20392?s=96&d=mm&r=g\",\"caption\":\"La Sentinelle\"},\"sameAs\":[\"http:\\\/\\\/www.lasentinelle.dz\"],\"url\":\"https:\\\/\\\/lasentinelle.dz\\\/author\\\/redaction\\\/\"}]}<\/script>\n<!-- \/ Yoast SEO plugin. -->","yoast_head_json":{"title":"Maroc\u00a0:\u00a0Les Marocains protestent contre la normalisation avec l&rsquo;entit\u00e9 sioniste - La Sentinelle","robots":{"index":"index","follow":"follow","max-snippet":"max-snippet:-1","max-image-preview":"max-image-preview:large","max-video-preview":"max-video-preview:-1"},"canonical":"https:\/\/lasentinelle.dz\/index.php\/2022\/09\/11\/maroc-les-marocains-protestent-contre-la-normalisation-avec-lentite-sioniste\/","og_locale":"fr_FR","og_type":"article","og_title":"Maroc\u00a0:\u00a0Les Marocains protestent contre la normalisation avec l&rsquo;entit\u00e9 sioniste - La Sentinelle","og_description":"Une nouvelle manifestation d\u00e9non\u00e7ant la normalisation du r\u00e9gime marocain avec l&rsquo;entit\u00e9 sioniste a \u00e9t\u00e9 organis\u00e9e vendredi devant le Parlement \u00e0","og_url":"https:\/\/lasentinelle.dz\/index.php\/2022\/09\/11\/maroc-les-marocains-protestent-contre-la-normalisation-avec-lentite-sioniste\/","og_site_name":"La Sentinelle","article_publisher":"https:\/\/www.facebook.com\/La-Sentinelle-104059864394773","article_published_time":"2022-09-10T23:08:00+00:00","og_image":[{"width":1395,"height":900,"url":"https:\/\/lasentinelle.dz\/wp-content\/uploads\/2022\/09\/Maroc-manif-696x4-1.png","type":"image\/png"}],"author":"La Sentinelle","twitter_card":"summary_large_image","twitter_misc":{"\u00c9crit par":"La Sentinelle","Dur\u00e9e de lecture estim\u00e9e":"2 minutes"},"schema":{"@context":"https:\/\/schema.org","@graph":[{"@type":"Article","@id":"https:\/\/lasentinelle.dz\/index.php\/2022\/09\/11\/maroc-les-marocains-protestent-contre-la-normalisation-avec-lentite-sioniste\/#article","isPartOf":{"@id":"https:\/\/lasentinelle.dz\/index.php\/2022\/09\/11\/maroc-les-marocains-protestent-contre-la-normalisation-avec-lentite-sioniste\/"},"author":{"name":"La Sentinelle","@id":"https:\/\/lasentinelle.dz\/#\/schema\/person\/d865044e22e70a75174ce8bcad3acfb3"},"headline":"Maroc\u00a0:\u00a0Les Marocains protestent contre la normalisation avec l&rsquo;entit\u00e9 sioniste","datePublished":"2022-09-10T23:08:00+00:00","mainEntityOfPage":{"@id":"https:\/\/lasentinelle.dz\/index.php\/2022\/09\/11\/maroc-les-marocains-protestent-contre-la-normalisation-avec-lentite-sioniste\/"},"wordCount":423,"commentCount":0,"publisher":{"@id":"https:\/\/lasentinelle.dz\/#organization"},"image":{"@id":"https:\/\/lasentinelle.dz\/index.php\/2022\/09\/11\/maroc-les-marocains-protestent-contre-la-normalisation-avec-lentite-sioniste\/#primaryimage"},"thumbnailUrl":"https:\/\/lasentinelle.dz\/wp-content\/uploads\/2022\/09\/Maroc-manif-696x4-1.png","articleSection":["\u00c0 la Une","Monde"],"inLanguage":"fr-FR","potentialAction":[{"@type":"CommentAction","name":"Comment","target":["https:\/\/lasentinelle.dz\/index.php\/2022\/09\/11\/maroc-les-marocains-protestent-contre-la-normalisation-avec-lentite-sioniste\/#respond"]}]},{"@type":"WebPage","@id":"https:\/\/lasentinelle.dz\/index.php\/2022\/09\/11\/maroc-les-marocains-protestent-contre-la-normalisation-avec-lentite-sioniste\/","url":"https:\/\/lasentinelle.dz\/index.php\/2022\/09\/11\/maroc-les-marocains-protestent-contre-la-normalisation-avec-lentite-sioniste\/","name":"Maroc\u00a0:\u00a0Les Marocains protestent contre la normalisation avec l&rsquo;entit\u00e9 sioniste - La Sentinelle","isPartOf":{"@id":"https:\/\/lasentinelle.dz\/#website"},"primaryImageOfPage":{"@id":"https:\/\/lasentinelle.dz\/index.php\/2022\/09\/11\/maroc-les-marocains-protestent-contre-la-normalisation-avec-lentite-sioniste\/#primaryimage"},"image":{"@id":"https:\/\/lasentinelle.dz\/index.php\/2022\/09\/11\/maroc-les-marocains-protestent-contre-la-normalisation-avec-lentite-sioniste\/#primaryimage"},"thumbnailUrl":"https:\/\/lasentinelle.dz\/wp-content\/uploads\/2022\/09\/Maroc-manif-696x4-1.png","datePublished":"2022-09-10T23:08:00+00:00","breadcrumb":{"@id":"https:\/\/lasentinelle.dz\/index.php\/2022\/09\/11\/maroc-les-marocains-protestent-contre-la-normalisation-avec-lentite-sioniste\/#breadcrumb"},"inLanguage":"fr-FR","potentialAction":[{"@type":"ReadAction","target":["https:\/\/lasentinelle.dz\/index.php\/2022\/09\/11\/maroc-les-marocains-protestent-contre-la-normalisation-avec-lentite-sioniste\/"]}]},{"@type":"ImageObject","inLanguage":"fr-FR","@id":"https:\/\/lasentinelle.dz\/index.php\/2022\/09\/11\/maroc-les-marocains-protestent-contre-la-normalisation-avec-lentite-sioniste\/#primaryimage","url":"https:\/\/lasentinelle.dz\/wp-content\/uploads\/2022\/09\/Maroc-manif-696x4-1.png","contentUrl":"https:\/\/lasentinelle.dz\/wp-content\/uploads\/2022\/09\/Maroc-manif-696x4-1.png","width":1395,"height":900},{"@type":"BreadcrumbList","@id":"https:\/\/lasentinelle.dz\/index.php\/2022\/09\/11\/maroc-les-marocains-protestent-contre-la-normalisation-avec-lentite-sioniste\/#breadcrumb","itemListElement":[{"@type":"ListItem","position":1,"name":"Accueil","item":"https:\/\/lasentinelle.dz\/"},{"@type":"ListItem","position":2,"name":"Maroc\u00a0:\u00a0Les Marocains protestent contre la normalisation avec l&rsquo;entit\u00e9 sioniste"}]},{"@type":"WebSite","@id":"https:\/\/lasentinelle.dz\/#website","url":"https:\/\/lasentinelle.dz\/","name":"La Sentinelle","description":"Quotidien national d&#039;information","publisher":{"@id":"https:\/\/lasentinelle.dz\/#organization"},"potentialAction":[{"@type":"SearchAction","target":{"@type":"EntryPoint","urlTemplate":"https:\/\/lasentinelle.dz\/?s={search_term_string}"},"query-input":{"@type":"PropertyValueSpecification","valueRequired":true,"valueName":"search_term_string"}}],"inLanguage":"fr-FR"},{"@type":"Organization","@id":"https:\/\/lasentinelle.dz\/#organization","name":"Quotidien La Sentinelle","url":"https:\/\/lasentinelle.dz\/","logo":{"@type":"ImageObject","inLanguage":"fr-FR","@id":"https:\/\/lasentinelle.dz\/#\/schema\/logo\/image\/","url":"https:\/\/lasentinelle.dz\/wp-content\/uploads\/2021\/09\/logo-sentinelleSLOGAN-1.png","contentUrl":"https:\/\/lasentinelle.dz\/wp-content\/uploads\/2021\/09\/logo-sentinelleSLOGAN-1.png","width":615,"height":142,"caption":"Quotidien La Sentinelle"},"image":{"@id":"https:\/\/lasentinelle.dz\/#\/schema\/logo\/image\/"},"sameAs":["https:\/\/www.facebook.com\/La-Sentinelle-104059864394773"]},{"@type":"Person","@id":"https:\/\/lasentinelle.dz\/#\/schema\/person\/d865044e22e70a75174ce8bcad3acfb3","name":"La Sentinelle","image":{"@type":"ImageObject","inLanguage":"fr-FR","@id":"https:\/\/secure.gravatar.com\/avatar\/57de8e5d4b15d43fb361a71fbb36338450fe67865b528a43dd10ef7c51a20392?s=96&d=mm&r=g","url":"https:\/\/secure.gravatar.com\/avatar\/57de8e5d4b15d43fb361a71fbb36338450fe67865b528a43dd10ef7c51a20392?s=96&d=mm&r=g","contentUrl":"https:\/\/secure.gravatar.com\/avatar\/57de8e5d4b15d43fb361a71fbb36338450fe67865b528a43dd10ef7c51a20392?s=96&d=mm&r=g","caption":"La Sentinelle"},"sameAs":["http:\/\/www.lasentinelle.dz"],"url":"https:\/\/lasentinelle.dz\/author\/redaction\/"}]}},"_links":{"self":[{"href":"https:\/\/lasentinelle.dz\/index.php\/wp-json\/wp\/v2\/posts\/27098","targetHints":{"allow":["GET"]}}],"collection":[{"href":"https:\/\/lasentinelle.dz\/index.php\/wp-json\/wp\/v2\/posts"}],"about":[{"href":"https:\/\/lasentinelle.dz\/index.php\/wp-json\/wp\/v2\/types\/post"}],"author":[{"embeddable":true,"href":"https:\/\/lasentinelle.dz\/index.php\/wp-json\/wp\/v2\/users\/3"}],"replies":[{"embeddable":true,"href":"https:\/\/lasentinelle.dz\/index.php\/wp-json\/wp\/v2\/comments?post=27098"}],"version-history":[{"count":2,"href":"https:\/\/lasentinelle.dz\/index.php\/wp-json\/wp\/v2\/posts\/27098\/revisions"}],"predecessor-version":[{"id":27152,"href":"https:\/\/lasentinelle.dz\/index.php\/wp-json\/wp\/v2\/posts\/27098\/revisions\/27152"}],"wp:featuredmedia":[{"embeddable":true,"href":"https:\/\/lasentinelle.dz\/index.php\/wp-json\/wp\/v2\/media\/27102"}],"wp:attachment":[{"href":"https:\/\/lasentinelle.dz\/index.php\/wp-json\/wp\/v2\/media?parent=27098"}],"wp:term":[{"taxonomy":"category","embeddable":true,"href":"https:\/\/lasentinelle.dz\/index.php\/wp-json\/wp\/v2\/categories?post=27098"},{"taxonomy":"post_tag","embeddable":true,"href":"https:\/\/lasentinelle.dz\/index.php\/wp-json\/wp\/v2\/tags?post=27098"}],"curies":[{"name":"wp","href":"https:\/\/api.w.org\/{rel}","templated":true}]}}