{"id":27101,"date":"2022-09-11T00:01:00","date_gmt":"2022-09-10T23:01:00","guid":{"rendered":"https:\/\/lasentinelle.dz\/?p=27101"},"modified":"2022-09-10T17:49:14","modified_gmt":"2022-09-10T16:49:14","slug":"le-nord-marocain-gangrene-par-la-criminalite-et-le-trafic-de-drogue","status":"publish","type":"post","link":"https:\/\/lasentinelle.dz\/index.php\/2022\/09\/11\/le-nord-marocain-gangrene-par-la-criminalite-et-le-trafic-de-drogue\/","title":{"rendered":"Le\u00a0Nord marocain gangr\u00e9n\u00e9 par la criminalit\u00e9 et le trafic de drogue"},"content":{"rendered":"\n<p>L&rsquo;Observatoire du Nord pour les droits de l&rsquo;Homme (ONDH) a exprim\u00e9 sa pr\u00e9occupation face \u00e0 la propagation, dans le Nord du Maroc, des crimes li\u00e9s au blanchiment d&rsquo;argent, en particulier le trafic de stup\u00e9fiants, de substances psychotropes, d&rsquo;\u00eatres humains et de migrants, et ses liens avec l&rsquo;activit\u00e9 \u00e9conomique, notamment le blanchiment d&rsquo;argent dans l&rsquo;immobilier, ou avec la politique \u00e0 travers l&rsquo;acc\u00e8s des criminels \u00e0 des fonctions politiques. Dans un communiqu\u00e9, l&rsquo;Observatoire marocain a mis en garde contre les cons\u00e9quences des op\u00e9rations de blanchiment d&rsquo;argent des barons de la drogue \u00e0 T\u00e9touan, dans le nord du Royaume, et de l&rsquo;enrichissement suspect d&rsquo;un groupe de personnes actives dans le domaine de la drogue et des psychotropes, du trafic de drogue, la traite des \u00eatres humains, le trafic de migrants, la fraude, l&rsquo;abus de confiance, la corruption et l&rsquo;abus d&rsquo;influence. Il a notamment mis l&rsquo;accent sur l&rsquo;impact n\u00e9gatif du blanchiment d&rsquo;argent sur le tissu social et le d\u00e9veloppement \u00e9conomique, relevant qu&rsquo;il affecte les relations entre les entreprises et la conduite de la politique \u00e9conomique et encourage les investissements inutiles, notamment dans le domaine immobilier, et l&rsquo;intensification des activit\u00e9s criminelles transfrontali\u00e8res. L&rsquo;ONDH a, en outre, indiqu\u00e9 que les d\u00e9clarations de soup\u00e7ons de cas li\u00e9s au blanchiment d&rsquo;argent et au financement du terrorisme \u00e9mises par l&rsquo;Autorit\u00e9 nationale de l&rsquo;information financi\u00e8re s&rsquo;\u00e9levaient &#8211; selon le rapport 2020 &#8211; \u00e0 un total de 2113 d\u00e9clarations. En mars dernier, l&rsquo;Organe international de contr\u00f4le des stup\u00e9fiants (OICS) avait indiqu\u00e9 que le Maroc, premier producteur mondial de haschich, restait le principal pays de provenance de la r\u00e9sine de cannabis qui entre dans l&rsquo;Union europ\u00e9enne (UE). Et dans son rapport mondial sur les drogues 2022, l&rsquo;Office des Nations unies contre la drogue et le crime (ONUDC) avait, quant \u00e0 lui, soulign\u00e9 que le royaume ch\u00e9rifien \u00e9tait \u00e0 la t\u00eate des principaux pays d&rsquo;origine et de d\u00e9part de la r\u00e9sine de cannabis, ce qui fait de ce pays le premier producteur et exportateur mondial de cette drogue.<\/p>\n\n\n\n<p>R.I.<\/p>\n","protected":false},"excerpt":{"rendered":"<p>L&rsquo;Observatoire du Nord pour les droits de l&rsquo;Homme (ONDH) a exprim\u00e9 sa pr\u00e9occupation face \u00e0 la propagation, dans le Nord<\/p>\n","protected":false},"author":3,"featured_media":27103,"comment_status":"open","ping_status":"closed","sticky":false,"template":"","format":"standard","meta":{"colormag_page_container_layout":"default_layout","colormag_page_sidebar_layout":"default_layout","om_disable_all_campaigns":false,"_monsterinsights_skip_tracking":false,"_monsterinsights_sitenote_active":false,"_monsterinsights_sitenote_note":"","_monsterinsights_sitenote_category":0,"footnotes":"","_wpscppro_dont_share_socialmedia":false,"_wpscppro_custom_social_share_image":0,"_facebook_share_type":"","_twitter_share_type":"","_linkedin_share_type":"","_pinterest_share_type":"","_linkedin_share_type_page":"","_instagram_share_type":"","_medium_share_type":"","_threads_share_type":"","_google_business_share_type":"","_selected_social_profile":[],"_wpsp_enable_custom_social_template":false,"_wpsp_social_scheduling":{"enabled":false,"datetime":null,"platforms":[],"status":"template_only","dateOption":"today","timeOption":"now","customDays":"","customHours":"","customDate":"","customTime":"","schedulingType":"absolute"},"_wpsp_active_default_template":true},"categories":[37],"tags":[],"class_list":["post-27101","post","type-post","status-publish","format-standard","has-post-thumbnail","hentry","category-monde"],"aioseo_notices":[],"yoast_head":"<!-- This site is optimized with the Yoast SEO plugin v27.5 - https:\/\/yoast.com\/product\/yoast-seo-wordpress\/ -->\n<title>Le\u00a0Nord marocain gangr\u00e9n\u00e9 par la criminalit\u00e9 et le trafic de drogue - La Sentinelle<\/title>\n<meta name=\"robots\" content=\"index, follow, max-snippet:-1, max-image-preview:large, max-video-preview:-1\" \/>\n<link rel=\"canonical\" href=\"https:\/\/lasentinelle.dz\/index.php\/2022\/09\/11\/le-nord-marocain-gangrene-par-la-criminalite-et-le-trafic-de-drogue\/\" \/>\n<meta property=\"og:locale\" content=\"fr_FR\" \/>\n<meta property=\"og:type\" content=\"article\" \/>\n<meta property=\"og:title\" content=\"Le\u00a0Nord marocain gangr\u00e9n\u00e9 par la criminalit\u00e9 et le trafic de drogue - La Sentinelle\" \/>\n<meta property=\"og:description\" content=\"L&rsquo;Observatoire du Nord pour les droits de l&rsquo;Homme (ONDH) a exprim\u00e9 sa pr\u00e9occupation face \u00e0 la propagation, dans le Nord\" \/>\n<meta property=\"og:url\" content=\"https:\/\/lasentinelle.dz\/index.php\/2022\/09\/11\/le-nord-marocain-gangrene-par-la-criminalite-et-le-trafic-de-drogue\/\" \/>\n<meta property=\"og:site_name\" content=\"La Sentinelle\" \/>\n<meta property=\"article:publisher\" content=\"https:\/\/www.facebook.com\/La-Sentinelle-104059864394773\" \/>\n<meta property=\"article:published_time\" content=\"2022-09-10T23:01:00+00:00\" \/>\n<meta property=\"og:image\" content=\"https:\/\/lasentinelle.dz\/wp-content\/uploads\/2022\/09\/Unknown-3.jpeg\" \/>\n\t<meta property=\"og:image:width\" content=\"284\" \/>\n\t<meta property=\"og:image:height\" content=\"177\" \/>\n\t<meta property=\"og:image:type\" content=\"image\/jpeg\" \/>\n<meta name=\"author\" content=\"La Sentinelle\" \/>\n<meta name=\"twitter:card\" content=\"summary_large_image\" \/>\n<meta name=\"twitter:label1\" content=\"\u00c9crit par\" \/>\n\t<meta name=\"twitter:data1\" content=\"La Sentinelle\" \/>\n\t<meta name=\"twitter:label2\" content=\"Dur\u00e9e de lecture estim\u00e9e\" \/>\n\t<meta name=\"twitter:data2\" content=\"2 minutes\" \/>\n<script type=\"application\/ld+json\" class=\"yoast-schema-graph\">{\"@context\":\"https:\\\/\\\/schema.org\",\"@graph\":[{\"@type\":\"Article\",\"@id\":\"https:\\\/\\\/lasentinelle.dz\\\/index.php\\\/2022\\\/09\\\/11\\\/le-nord-marocain-gangrene-par-la-criminalite-et-le-trafic-de-drogue\\\/#article\",\"isPartOf\":{\"@id\":\"https:\\\/\\\/lasentinelle.dz\\\/index.php\\\/2022\\\/09\\\/11\\\/le-nord-marocain-gangrene-par-la-criminalite-et-le-trafic-de-drogue\\\/\"},\"author\":{\"name\":\"La Sentinelle\",\"@id\":\"https:\\\/\\\/lasentinelle.dz\\\/#\\\/schema\\\/person\\\/d865044e22e70a75174ce8bcad3acfb3\"},\"headline\":\"Le\u00a0Nord marocain gangr\u00e9n\u00e9 par la criminalit\u00e9 et le trafic de drogue\",\"datePublished\":\"2022-09-10T23:01:00+00:00\",\"mainEntityOfPage\":{\"@id\":\"https:\\\/\\\/lasentinelle.dz\\\/index.php\\\/2022\\\/09\\\/11\\\/le-nord-marocain-gangrene-par-la-criminalite-et-le-trafic-de-drogue\\\/\"},\"wordCount\":383,\"commentCount\":0,\"publisher\":{\"@id\":\"https:\\\/\\\/lasentinelle.dz\\\/#organization\"},\"image\":{\"@id\":\"https:\\\/\\\/lasentinelle.dz\\\/index.php\\\/2022\\\/09\\\/11\\\/le-nord-marocain-gangrene-par-la-criminalite-et-le-trafic-de-drogue\\\/#primaryimage\"},\"thumbnailUrl\":\"https:\\\/\\\/lasentinelle.dz\\\/wp-content\\\/uploads\\\/2022\\\/09\\\/Unknown-3.jpeg\",\"articleSection\":[\"Monde\"],\"inLanguage\":\"fr-FR\",\"potentialAction\":[{\"@type\":\"CommentAction\",\"name\":\"Comment\",\"target\":[\"https:\\\/\\\/lasentinelle.dz\\\/index.php\\\/2022\\\/09\\\/11\\\/le-nord-marocain-gangrene-par-la-criminalite-et-le-trafic-de-drogue\\\/#respond\"]}]},{\"@type\":\"WebPage\",\"@id\":\"https:\\\/\\\/lasentinelle.dz\\\/index.php\\\/2022\\\/09\\\/11\\\/le-nord-marocain-gangrene-par-la-criminalite-et-le-trafic-de-drogue\\\/\",\"url\":\"https:\\\/\\\/lasentinelle.dz\\\/index.php\\\/2022\\\/09\\\/11\\\/le-nord-marocain-gangrene-par-la-criminalite-et-le-trafic-de-drogue\\\/\",\"name\":\"Le\u00a0Nord marocain gangr\u00e9n\u00e9 par la criminalit\u00e9 et le trafic de drogue - La Sentinelle\",\"isPartOf\":{\"@id\":\"https:\\\/\\\/lasentinelle.dz\\\/#website\"},\"primaryImageOfPage\":{\"@id\":\"https:\\\/\\\/lasentinelle.dz\\\/index.php\\\/2022\\\/09\\\/11\\\/le-nord-marocain-gangrene-par-la-criminalite-et-le-trafic-de-drogue\\\/#primaryimage\"},\"image\":{\"@id\":\"https:\\\/\\\/lasentinelle.dz\\\/index.php\\\/2022\\\/09\\\/11\\\/le-nord-marocain-gangrene-par-la-criminalite-et-le-trafic-de-drogue\\\/#primaryimage\"},\"thumbnailUrl\":\"https:\\\/\\\/lasentinelle.dz\\\/wp-content\\\/uploads\\\/2022\\\/09\\\/Unknown-3.jpeg\",\"datePublished\":\"2022-09-10T23:01:00+00:00\",\"breadcrumb\":{\"@id\":\"https:\\\/\\\/lasentinelle.dz\\\/index.php\\\/2022\\\/09\\\/11\\\/le-nord-marocain-gangrene-par-la-criminalite-et-le-trafic-de-drogue\\\/#breadcrumb\"},\"inLanguage\":\"fr-FR\",\"potentialAction\":[{\"@type\":\"ReadAction\",\"target\":[\"https:\\\/\\\/lasentinelle.dz\\\/index.php\\\/2022\\\/09\\\/11\\\/le-nord-marocain-gangrene-par-la-criminalite-et-le-trafic-de-drogue\\\/\"]}]},{\"@type\":\"ImageObject\",\"inLanguage\":\"fr-FR\",\"@id\":\"https:\\\/\\\/lasentinelle.dz\\\/index.php\\\/2022\\\/09\\\/11\\\/le-nord-marocain-gangrene-par-la-criminalite-et-le-trafic-de-drogue\\\/#primaryimage\",\"url\":\"https:\\\/\\\/lasentinelle.dz\\\/wp-content\\\/uploads\\\/2022\\\/09\\\/Unknown-3.jpeg\",\"contentUrl\":\"https:\\\/\\\/lasentinelle.dz\\\/wp-content\\\/uploads\\\/2022\\\/09\\\/Unknown-3.jpeg\",\"width\":284,\"height\":177},{\"@type\":\"BreadcrumbList\",\"@id\":\"https:\\\/\\\/lasentinelle.dz\\\/index.php\\\/2022\\\/09\\\/11\\\/le-nord-marocain-gangrene-par-la-criminalite-et-le-trafic-de-drogue\\\/#breadcrumb\",\"itemListElement\":[{\"@type\":\"ListItem\",\"position\":1,\"name\":\"Accueil\",\"item\":\"https:\\\/\\\/lasentinelle.dz\\\/\"},{\"@type\":\"ListItem\",\"position\":2,\"name\":\"Le\u00a0Nord marocain gangr\u00e9n\u00e9 par la criminalit\u00e9 et le trafic de drogue\"}]},{\"@type\":\"WebSite\",\"@id\":\"https:\\\/\\\/lasentinelle.dz\\\/#website\",\"url\":\"https:\\\/\\\/lasentinelle.dz\\\/\",\"name\":\"La Sentinelle\",\"description\":\"Quotidien national d&#039;information\",\"publisher\":{\"@id\":\"https:\\\/\\\/lasentinelle.dz\\\/#organization\"},\"potentialAction\":[{\"@type\":\"SearchAction\",\"target\":{\"@type\":\"EntryPoint\",\"urlTemplate\":\"https:\\\/\\\/lasentinelle.dz\\\/?s={search_term_string}\"},\"query-input\":{\"@type\":\"PropertyValueSpecification\",\"valueRequired\":true,\"valueName\":\"search_term_string\"}}],\"inLanguage\":\"fr-FR\"},{\"@type\":\"Organization\",\"@id\":\"https:\\\/\\\/lasentinelle.dz\\\/#organization\",\"name\":\"Quotidien La Sentinelle\",\"url\":\"https:\\\/\\\/lasentinelle.dz\\\/\",\"logo\":{\"@type\":\"ImageObject\",\"inLanguage\":\"fr-FR\",\"@id\":\"https:\\\/\\\/lasentinelle.dz\\\/#\\\/schema\\\/logo\\\/image\\\/\",\"url\":\"https:\\\/\\\/lasentinelle.dz\\\/wp-content\\\/uploads\\\/2021\\\/09\\\/logo-sentinelleSLOGAN-1.png\",\"contentUrl\":\"https:\\\/\\\/lasentinelle.dz\\\/wp-content\\\/uploads\\\/2021\\\/09\\\/logo-sentinelleSLOGAN-1.png\",\"width\":615,\"height\":142,\"caption\":\"Quotidien La Sentinelle\"},\"image\":{\"@id\":\"https:\\\/\\\/lasentinelle.dz\\\/#\\\/schema\\\/logo\\\/image\\\/\"},\"sameAs\":[\"https:\\\/\\\/www.facebook.com\\\/La-Sentinelle-104059864394773\"]},{\"@type\":\"Person\",\"@id\":\"https:\\\/\\\/lasentinelle.dz\\\/#\\\/schema\\\/person\\\/d865044e22e70a75174ce8bcad3acfb3\",\"name\":\"La Sentinelle\",\"image\":{\"@type\":\"ImageObject\",\"inLanguage\":\"fr-FR\",\"@id\":\"https:\\\/\\\/secure.gravatar.com\\\/avatar\\\/57de8e5d4b15d43fb361a71fbb36338450fe67865b528a43dd10ef7c51a20392?s=96&d=mm&r=g\",\"url\":\"https:\\\/\\\/secure.gravatar.com\\\/avatar\\\/57de8e5d4b15d43fb361a71fbb36338450fe67865b528a43dd10ef7c51a20392?s=96&d=mm&r=g\",\"contentUrl\":\"https:\\\/\\\/secure.gravatar.com\\\/avatar\\\/57de8e5d4b15d43fb361a71fbb36338450fe67865b528a43dd10ef7c51a20392?s=96&d=mm&r=g\",\"caption\":\"La Sentinelle\"},\"sameAs\":[\"http:\\\/\\\/www.lasentinelle.dz\"],\"url\":\"https:\\\/\\\/lasentinelle.dz\\\/author\\\/redaction\\\/\"}]}<\/script>\n<!-- \/ Yoast SEO plugin. -->","yoast_head_json":{"title":"Le\u00a0Nord marocain gangr\u00e9n\u00e9 par la criminalit\u00e9 et le trafic de drogue - La Sentinelle","robots":{"index":"index","follow":"follow","max-snippet":"max-snippet:-1","max-image-preview":"max-image-preview:large","max-video-preview":"max-video-preview:-1"},"canonical":"https:\/\/lasentinelle.dz\/index.php\/2022\/09\/11\/le-nord-marocain-gangrene-par-la-criminalite-et-le-trafic-de-drogue\/","og_locale":"fr_FR","og_type":"article","og_title":"Le\u00a0Nord marocain gangr\u00e9n\u00e9 par la criminalit\u00e9 et le trafic de drogue - La Sentinelle","og_description":"L&rsquo;Observatoire du Nord pour les droits de l&rsquo;Homme (ONDH) a exprim\u00e9 sa pr\u00e9occupation face \u00e0 la propagation, dans le Nord","og_url":"https:\/\/lasentinelle.dz\/index.php\/2022\/09\/11\/le-nord-marocain-gangrene-par-la-criminalite-et-le-trafic-de-drogue\/","og_site_name":"La Sentinelle","article_publisher":"https:\/\/www.facebook.com\/La-Sentinelle-104059864394773","article_published_time":"2022-09-10T23:01:00+00:00","og_image":[{"width":284,"height":177,"url":"https:\/\/lasentinelle.dz\/wp-content\/uploads\/2022\/09\/Unknown-3.jpeg","type":"image\/jpeg"}],"author":"La Sentinelle","twitter_card":"summary_large_image","twitter_misc":{"\u00c9crit par":"La Sentinelle","Dur\u00e9e de lecture estim\u00e9e":"2 minutes"},"schema":{"@context":"https:\/\/schema.org","@graph":[{"@type":"Article","@id":"https:\/\/lasentinelle.dz\/index.php\/2022\/09\/11\/le-nord-marocain-gangrene-par-la-criminalite-et-le-trafic-de-drogue\/#article","isPartOf":{"@id":"https:\/\/lasentinelle.dz\/index.php\/2022\/09\/11\/le-nord-marocain-gangrene-par-la-criminalite-et-le-trafic-de-drogue\/"},"author":{"name":"La Sentinelle","@id":"https:\/\/lasentinelle.dz\/#\/schema\/person\/d865044e22e70a75174ce8bcad3acfb3"},"headline":"Le\u00a0Nord marocain gangr\u00e9n\u00e9 par la criminalit\u00e9 et le trafic de drogue","datePublished":"2022-09-10T23:01:00+00:00","mainEntityOfPage":{"@id":"https:\/\/lasentinelle.dz\/index.php\/2022\/09\/11\/le-nord-marocain-gangrene-par-la-criminalite-et-le-trafic-de-drogue\/"},"wordCount":383,"commentCount":0,"publisher":{"@id":"https:\/\/lasentinelle.dz\/#organization"},"image":{"@id":"https:\/\/lasentinelle.dz\/index.php\/2022\/09\/11\/le-nord-marocain-gangrene-par-la-criminalite-et-le-trafic-de-drogue\/#primaryimage"},"thumbnailUrl":"https:\/\/lasentinelle.dz\/wp-content\/uploads\/2022\/09\/Unknown-3.jpeg","articleSection":["Monde"],"inLanguage":"fr-FR","potentialAction":[{"@type":"CommentAction","name":"Comment","target":["https:\/\/lasentinelle.dz\/index.php\/2022\/09\/11\/le-nord-marocain-gangrene-par-la-criminalite-et-le-trafic-de-drogue\/#respond"]}]},{"@type":"WebPage","@id":"https:\/\/lasentinelle.dz\/index.php\/2022\/09\/11\/le-nord-marocain-gangrene-par-la-criminalite-et-le-trafic-de-drogue\/","url":"https:\/\/lasentinelle.dz\/index.php\/2022\/09\/11\/le-nord-marocain-gangrene-par-la-criminalite-et-le-trafic-de-drogue\/","name":"Le\u00a0Nord marocain gangr\u00e9n\u00e9 par la criminalit\u00e9 et le trafic de drogue - La Sentinelle","isPartOf":{"@id":"https:\/\/lasentinelle.dz\/#website"},"primaryImageOfPage":{"@id":"https:\/\/lasentinelle.dz\/index.php\/2022\/09\/11\/le-nord-marocain-gangrene-par-la-criminalite-et-le-trafic-de-drogue\/#primaryimage"},"image":{"@id":"https:\/\/lasentinelle.dz\/index.php\/2022\/09\/11\/le-nord-marocain-gangrene-par-la-criminalite-et-le-trafic-de-drogue\/#primaryimage"},"thumbnailUrl":"https:\/\/lasentinelle.dz\/wp-content\/uploads\/2022\/09\/Unknown-3.jpeg","datePublished":"2022-09-10T23:01:00+00:00","breadcrumb":{"@id":"https:\/\/lasentinelle.dz\/index.php\/2022\/09\/11\/le-nord-marocain-gangrene-par-la-criminalite-et-le-trafic-de-drogue\/#breadcrumb"},"inLanguage":"fr-FR","potentialAction":[{"@type":"ReadAction","target":["https:\/\/lasentinelle.dz\/index.php\/2022\/09\/11\/le-nord-marocain-gangrene-par-la-criminalite-et-le-trafic-de-drogue\/"]}]},{"@type":"ImageObject","inLanguage":"fr-FR","@id":"https:\/\/lasentinelle.dz\/index.php\/2022\/09\/11\/le-nord-marocain-gangrene-par-la-criminalite-et-le-trafic-de-drogue\/#primaryimage","url":"https:\/\/lasentinelle.dz\/wp-content\/uploads\/2022\/09\/Unknown-3.jpeg","contentUrl":"https:\/\/lasentinelle.dz\/wp-content\/uploads\/2022\/09\/Unknown-3.jpeg","width":284,"height":177},{"@type":"BreadcrumbList","@id":"https:\/\/lasentinelle.dz\/index.php\/2022\/09\/11\/le-nord-marocain-gangrene-par-la-criminalite-et-le-trafic-de-drogue\/#breadcrumb","itemListElement":[{"@type":"ListItem","position":1,"name":"Accueil","item":"https:\/\/lasentinelle.dz\/"},{"@type":"ListItem","position":2,"name":"Le\u00a0Nord marocain gangr\u00e9n\u00e9 par la criminalit\u00e9 et le trafic de drogue"}]},{"@type":"WebSite","@id":"https:\/\/lasentinelle.dz\/#website","url":"https:\/\/lasentinelle.dz\/","name":"La Sentinelle","description":"Quotidien national d&#039;information","publisher":{"@id":"https:\/\/lasentinelle.dz\/#organization"},"potentialAction":[{"@type":"SearchAction","target":{"@type":"EntryPoint","urlTemplate":"https:\/\/lasentinelle.dz\/?s={search_term_string}"},"query-input":{"@type":"PropertyValueSpecification","valueRequired":true,"valueName":"search_term_string"}}],"inLanguage":"fr-FR"},{"@type":"Organization","@id":"https:\/\/lasentinelle.dz\/#organization","name":"Quotidien La Sentinelle","url":"https:\/\/lasentinelle.dz\/","logo":{"@type":"ImageObject","inLanguage":"fr-FR","@id":"https:\/\/lasentinelle.dz\/#\/schema\/logo\/image\/","url":"https:\/\/lasentinelle.dz\/wp-content\/uploads\/2021\/09\/logo-sentinelleSLOGAN-1.png","contentUrl":"https:\/\/lasentinelle.dz\/wp-content\/uploads\/2021\/09\/logo-sentinelleSLOGAN-1.png","width":615,"height":142,"caption":"Quotidien La Sentinelle"},"image":{"@id":"https:\/\/lasentinelle.dz\/#\/schema\/logo\/image\/"},"sameAs":["https:\/\/www.facebook.com\/La-Sentinelle-104059864394773"]},{"@type":"Person","@id":"https:\/\/lasentinelle.dz\/#\/schema\/person\/d865044e22e70a75174ce8bcad3acfb3","name":"La Sentinelle","image":{"@type":"ImageObject","inLanguage":"fr-FR","@id":"https:\/\/secure.gravatar.com\/avatar\/57de8e5d4b15d43fb361a71fbb36338450fe67865b528a43dd10ef7c51a20392?s=96&d=mm&r=g","url":"https:\/\/secure.gravatar.com\/avatar\/57de8e5d4b15d43fb361a71fbb36338450fe67865b528a43dd10ef7c51a20392?s=96&d=mm&r=g","contentUrl":"https:\/\/secure.gravatar.com\/avatar\/57de8e5d4b15d43fb361a71fbb36338450fe67865b528a43dd10ef7c51a20392?s=96&d=mm&r=g","caption":"La Sentinelle"},"sameAs":["http:\/\/www.lasentinelle.dz"],"url":"https:\/\/lasentinelle.dz\/author\/redaction\/"}]}},"_links":{"self":[{"href":"https:\/\/lasentinelle.dz\/index.php\/wp-json\/wp\/v2\/posts\/27101","targetHints":{"allow":["GET"]}}],"collection":[{"href":"https:\/\/lasentinelle.dz\/index.php\/wp-json\/wp\/v2\/posts"}],"about":[{"href":"https:\/\/lasentinelle.dz\/index.php\/wp-json\/wp\/v2\/types\/post"}],"author":[{"embeddable":true,"href":"https:\/\/lasentinelle.dz\/index.php\/wp-json\/wp\/v2\/users\/3"}],"replies":[{"embeddable":true,"href":"https:\/\/lasentinelle.dz\/index.php\/wp-json\/wp\/v2\/comments?post=27101"}],"version-history":[{"count":1,"href":"https:\/\/lasentinelle.dz\/index.php\/wp-json\/wp\/v2\/posts\/27101\/revisions"}],"predecessor-version":[{"id":27104,"href":"https:\/\/lasentinelle.dz\/index.php\/wp-json\/wp\/v2\/posts\/27101\/revisions\/27104"}],"wp:featuredmedia":[{"embeddable":true,"href":"https:\/\/lasentinelle.dz\/index.php\/wp-json\/wp\/v2\/media\/27103"}],"wp:attachment":[{"href":"https:\/\/lasentinelle.dz\/index.php\/wp-json\/wp\/v2\/media?parent=27101"}],"wp:term":[{"taxonomy":"category","embeddable":true,"href":"https:\/\/lasentinelle.dz\/index.php\/wp-json\/wp\/v2\/categories?post=27101"},{"taxonomy":"post_tag","embeddable":true,"href":"https:\/\/lasentinelle.dz\/index.php\/wp-json\/wp\/v2\/tags?post=27101"}],"curies":[{"name":"wp","href":"https:\/\/api.w.org\/{rel}","templated":true}]}}