{"id":27141,"date":"2022-09-11T00:15:00","date_gmt":"2022-09-10T23:15:00","guid":{"rendered":"https:\/\/lasentinelle.dz\/?p=27141"},"modified":"2022-09-10T20:16:00","modified_gmt":"2022-09-10T19:16:00","slug":"une-classe-politique-devenue-source-dinertie-halte-a-la-depolitisation-chronique","status":"publish","type":"post","link":"https:\/\/lasentinelle.dz\/index.php\/2022\/09\/11\/une-classe-politique-devenue-source-dinertie-halte-a-la-depolitisation-chronique\/","title":{"rendered":"Une classe politique devenue source\u00a0d\u2019inertie\u00a0:\u00a0Halte \u00e0 la d\u00e9politisation chronique !"},"content":{"rendered":"\n<p>La soci\u00e9t\u00e9 est appel\u00e9e \u00e0 r\u00e9inventer de nouvelles approches \u00e0 m\u00eame de d\u00e9gager et d\u2019insuffler une nouvelle dynamique politique pour stopper&nbsp;la pratique folklorique de la&nbsp;politique.<\/p>\n\n\n\n<p>La d\u00e9politisation de la soci\u00e9t\u00e9&nbsp;induit&nbsp;nonchalance et incurie qui affectent la classe politique nationale.&nbsp;Cette am\u00e8re r\u00e9alit\u00e9 s\u2019est&nbsp;ancr\u00e9e dans&nbsp;une pratique r\u00e9currente au sein de ladite classe qui affiche son inertie.<\/p>\n\n\n\n<p>La soci\u00e9t\u00e9 est plong\u00e9e dans ses pr\u00e9occupations quotidiennes&nbsp;difficiles, alors que les partis de la majorit\u00e9 ou de l\u2019opposition se contentent \u00e0 faire preuve d\u2019une pr\u00e9sence formelle o\u00f9 attendre la saison de la \u00ab moisson \u00bb \u00e9lectorale.Cette situation gravissime affich\u00e9e par la classe politique ne fait qu\u2019aggraver la r\u00e9alit\u00e9 sociale et \u00e9conomique des pans entiers de la soci\u00e9t\u00e9 en qu\u00eate d\u2019une \u00e9volution quant \u00e0 leurs conditions qui ne cessent d\u2019empirer.<\/p>\n\n\n\n<p>L\u2019\u00e9rosion du pouvoir d\u2019achat de la majorit\u00e9 des citoyens et la pr\u00e9carit\u00e9 qui les guette ne semble pas inqui\u00e9ter les partis politique, su moins la majorit\u00e9. Ils se contentent \u00e0 dresser&nbsp;des constats&nbsp;par rapport \u00e0 la situation d\u2019une mani\u00e8re g\u00e9n\u00e9rale. Mais ils n&rsquo;essayent jamais d\u2019entreprendre une d\u00e9marche constructive dans le sens qui consiste \u00e0 mettre en place des solutions ad\u00e9quates et concr\u00e8tes pour juguler les probl\u00e8mes \u00e9conomiques et sociaux.<\/p>\n\n\n\n<p>La culture renti\u00e8re et le client\u00e9lisme s\u2019est substitu\u00e9e \u00e0 une pratique saine des partis politiques. La mission pour laquelle est cr\u00e9\u00e9e la classe politique, a \u00e9t\u00e9 d\u00e9voy\u00e9e d\u2019une mani\u00e8re ahurissante pour le compte d\u2019une pr\u00e9sence folklorique.<\/p>\n\n\n\n<p>Le changement de la pratique politique est devenu une urgence afin d\u2019assurer un nouveau processus politique qui r\u00e9pond aux nouveaux d\u00e9fis qui s\u2019imposent \u00e0 l\u2019Etat et \u00e0 la soci\u00e9t\u00e9 \u00e0 la fois.&nbsp;Pour en finir avec ce statu quo, il faut mettre terme \u00e0 la pratique actuelle dont le paradigme est devenu obsol\u00e8te et d\u00e9fectueux. La soci\u00e9t\u00e9 est appel\u00e9e \u00e0 r\u00e9inventer de nouvelles approches \u00e0 m\u00eame de d\u00e9gager et d\u2019insuffler une nouvelle dynamique politique pour stopper ce folklore politique qui contribue&nbsp;\u00e0&nbsp;l\u2019impasse que vit le pays en mati\u00e8re de renouvellement du personnel politique.<\/p>\n\n\n\n<p>Les partis politiques sont dans l\u2019obligation d\u2019apporter des solutions \u00e0 la soci\u00e9t\u00e9 ne serait-ce qu&rsquo; au niveau de l\u2019organisation et de la restructuration en mesure de formuler les revendications de la majorit\u00e9 des citoyens affect\u00e9s par la crise au plan \u00e9conomique et social. C\u2019est la mission m\u00eame de la classe politique, puisque ce r\u00f4le fait partie de sa vocation en tant que force de proposition et comme une dynamique au sein de la soci\u00e9t\u00e9 afin d\u2019am\u00e9liorer la vie quotidienne des citoyens qui vivent une condition sociale insoutenable.<\/p>\n\n\n\n<p>On ne peut pas faire dans la critique d\u2019un programme politique et \u00e9conomique d\u2019un pouvoir sans pour autant que les concern\u00e9s par leur pr\u00e9sence au sein de la soci\u00e9t\u00e9, \u00e0 savoir les partis politiques, n\u2019agissent pas mais ils se limitent \u00e0 faire dans l\u2019apparat et l\u2019occasionnel \u00e0 des fins \u00e9lectoralistes.&nbsp;C\u2019est cette attitude grave qui a pouss\u00e9 la majorit\u00e9 des citoyens \u00e0 d\u00e9serter le champ politique. Cette d\u00e9politisation chronique \u00e0 favoriser les forces occultes pour r\u00e9aliser leurs desseins et contribuer d\u2019une mani\u00e8re perfide \u00e0 d\u00e9sorienter la jeunesse en les plongeant dans une d\u00e9marche suicidaire et nihiliste \u00e0 l\u2019\u00e9gard de leur Etat national.<\/p>\n\n\n\n<p>Les enjeux que traverse le pays imposent une r\u00e9vision de fond en comble de la pratique politique en pr\u00e9sence. La mise en branle d\u2019une nouvelle dynamique politique est devenue une n\u00e9cessit\u00e9 politique historique pour l\u2019Etat et la soci\u00e9t\u00e9.<\/p>\n\n\n\n<p>La soci\u00e9t\u00e9 ne peut \u00e9voluer et conna\u00eetre des transformations politiques de qualit\u00e9 sauf si sa classe politique est impliqu\u00e9e d\u2019embl\u00e9e dans le processus de sa transformation en int\u00e9grant le facteur essentiel de la politisation de la soci\u00e9t\u00e9, \u00e0 savoir la p\u00e9dagogie qui sied au r\u00f4le des partis politiques en g\u00e9n\u00e9ral.<\/p>\n\n\n\n<p><strong>Rachid Nassouti<\/strong><\/p>\n","protected":false},"excerpt":{"rendered":"<p>La soci\u00e9t\u00e9 est appel\u00e9e \u00e0 r\u00e9inventer de nouvelles approches \u00e0 m\u00eame de d\u00e9gager et d\u2019insuffler une nouvelle dynamique politique pour<\/p>\n","protected":false},"author":3,"featured_media":27145,"comment_status":"open","ping_status":"closed","sticky":false,"template":"","format":"standard","meta":{"colormag_page_container_layout":"default_layout","colormag_page_sidebar_layout":"default_layout","om_disable_all_campaigns":false,"_monsterinsights_skip_tracking":false,"_monsterinsights_sitenote_active":false,"_monsterinsights_sitenote_note":"","_monsterinsights_sitenote_category":0,"footnotes":"","_wpscppro_dont_share_socialmedia":false,"_wpscppro_custom_social_share_image":0,"_facebook_share_type":"","_twitter_share_type":"","_linkedin_share_type":"","_pinterest_share_type":"","_linkedin_share_type_page":"","_instagram_share_type":"","_medium_share_type":"","_threads_share_type":"","_google_business_share_type":"","_selected_social_profile":[],"_wpsp_enable_custom_social_template":false,"_wpsp_social_scheduling":{"enabled":false,"datetime":null,"platforms":[],"status":"template_only","dateOption":"today","timeOption":"now","customDays":"","customHours":"","customDate":"","customTime":"","schedulingType":"absolute"},"_wpsp_active_default_template":true},"categories":[52,27],"tags":[],"class_list":["post-27141","post","type-post","status-publish","format-standard","has-post-thumbnail","hentry","category-a-la-une","category-actualite"],"aioseo_notices":[],"yoast_head":"<!-- This site is optimized with the Yoast SEO plugin v27.5 - https:\/\/yoast.com\/product\/yoast-seo-wordpress\/ -->\n<title>Une classe politique devenue source\u00a0d\u2019inertie\u00a0:\u00a0Halte \u00e0 la d\u00e9politisation chronique ! - La Sentinelle<\/title>\n<meta name=\"robots\" content=\"index, follow, max-snippet:-1, max-image-preview:large, max-video-preview:-1\" \/>\n<link rel=\"canonical\" href=\"https:\/\/lasentinelle.dz\/index.php\/2022\/09\/11\/une-classe-politique-devenue-source-dinertie-halte-a-la-depolitisation-chronique\/\" \/>\n<meta property=\"og:locale\" content=\"fr_FR\" \/>\n<meta property=\"og:type\" content=\"article\" \/>\n<meta property=\"og:title\" content=\"Une classe politique devenue source\u00a0d\u2019inertie\u00a0:\u00a0Halte \u00e0 la d\u00e9politisation chronique ! - La Sentinelle\" \/>\n<meta property=\"og:description\" content=\"La soci\u00e9t\u00e9 est appel\u00e9e \u00e0 r\u00e9inventer de nouvelles approches \u00e0 m\u00eame de d\u00e9gager et d\u2019insuffler une nouvelle dynamique politique pour\" \/>\n<meta property=\"og:url\" content=\"https:\/\/lasentinelle.dz\/index.php\/2022\/09\/11\/une-classe-politique-devenue-source-dinertie-halte-a-la-depolitisation-chronique\/\" \/>\n<meta property=\"og:site_name\" content=\"La Sentinelle\" \/>\n<meta property=\"article:publisher\" content=\"https:\/\/www.facebook.com\/La-Sentinelle-104059864394773\" \/>\n<meta property=\"article:published_time\" content=\"2022-09-10T23:15:00+00:00\" \/>\n<meta property=\"og:image\" content=\"https:\/\/lasentinelle.dz\/wp-content\/uploads\/2022\/09\/politique.jpeg\" \/>\n\t<meta property=\"og:image:width\" content=\"1600\" \/>\n\t<meta property=\"og:image:height\" content=\"900\" \/>\n\t<meta property=\"og:image:type\" content=\"image\/jpeg\" \/>\n<meta name=\"author\" content=\"La Sentinelle\" \/>\n<meta name=\"twitter:card\" content=\"summary_large_image\" \/>\n<meta name=\"twitter:label1\" content=\"\u00c9crit par\" \/>\n\t<meta name=\"twitter:data1\" content=\"La Sentinelle\" \/>\n\t<meta name=\"twitter:label2\" content=\"Dur\u00e9e de lecture estim\u00e9e\" \/>\n\t<meta name=\"twitter:data2\" content=\"4 minutes\" \/>\n<script type=\"application\/ld+json\" class=\"yoast-schema-graph\">{\"@context\":\"https:\\\/\\\/schema.org\",\"@graph\":[{\"@type\":\"Article\",\"@id\":\"https:\\\/\\\/lasentinelle.dz\\\/index.php\\\/2022\\\/09\\\/11\\\/une-classe-politique-devenue-source-dinertie-halte-a-la-depolitisation-chronique\\\/#article\",\"isPartOf\":{\"@id\":\"https:\\\/\\\/lasentinelle.dz\\\/index.php\\\/2022\\\/09\\\/11\\\/une-classe-politique-devenue-source-dinertie-halte-a-la-depolitisation-chronique\\\/\"},\"author\":{\"name\":\"La Sentinelle\",\"@id\":\"https:\\\/\\\/lasentinelle.dz\\\/#\\\/schema\\\/person\\\/d865044e22e70a75174ce8bcad3acfb3\"},\"headline\":\"Une classe politique devenue source\u00a0d\u2019inertie\u00a0:\u00a0Halte \u00e0 la d\u00e9politisation chronique !\",\"datePublished\":\"2022-09-10T23:15:00+00:00\",\"mainEntityOfPage\":{\"@id\":\"https:\\\/\\\/lasentinelle.dz\\\/index.php\\\/2022\\\/09\\\/11\\\/une-classe-politique-devenue-source-dinertie-halte-a-la-depolitisation-chronique\\\/\"},\"wordCount\":722,\"commentCount\":0,\"publisher\":{\"@id\":\"https:\\\/\\\/lasentinelle.dz\\\/#organization\"},\"image\":{\"@id\":\"https:\\\/\\\/lasentinelle.dz\\\/index.php\\\/2022\\\/09\\\/11\\\/une-classe-politique-devenue-source-dinertie-halte-a-la-depolitisation-chronique\\\/#primaryimage\"},\"thumbnailUrl\":\"https:\\\/\\\/lasentinelle.dz\\\/wp-content\\\/uploads\\\/2022\\\/09\\\/politique.jpeg\",\"articleSection\":[\"\u00c0 la Une\",\"Actualit\u00e9\"],\"inLanguage\":\"fr-FR\",\"potentialAction\":[{\"@type\":\"CommentAction\",\"name\":\"Comment\",\"target\":[\"https:\\\/\\\/lasentinelle.dz\\\/index.php\\\/2022\\\/09\\\/11\\\/une-classe-politique-devenue-source-dinertie-halte-a-la-depolitisation-chronique\\\/#respond\"]}]},{\"@type\":\"WebPage\",\"@id\":\"https:\\\/\\\/lasentinelle.dz\\\/index.php\\\/2022\\\/09\\\/11\\\/une-classe-politique-devenue-source-dinertie-halte-a-la-depolitisation-chronique\\\/\",\"url\":\"https:\\\/\\\/lasentinelle.dz\\\/index.php\\\/2022\\\/09\\\/11\\\/une-classe-politique-devenue-source-dinertie-halte-a-la-depolitisation-chronique\\\/\",\"name\":\"Une classe politique devenue source\u00a0d\u2019inertie\u00a0:\u00a0Halte \u00e0 la d\u00e9politisation chronique ! - La Sentinelle\",\"isPartOf\":{\"@id\":\"https:\\\/\\\/lasentinelle.dz\\\/#website\"},\"primaryImageOfPage\":{\"@id\":\"https:\\\/\\\/lasentinelle.dz\\\/index.php\\\/2022\\\/09\\\/11\\\/une-classe-politique-devenue-source-dinertie-halte-a-la-depolitisation-chronique\\\/#primaryimage\"},\"image\":{\"@id\":\"https:\\\/\\\/lasentinelle.dz\\\/index.php\\\/2022\\\/09\\\/11\\\/une-classe-politique-devenue-source-dinertie-halte-a-la-depolitisation-chronique\\\/#primaryimage\"},\"thumbnailUrl\":\"https:\\\/\\\/lasentinelle.dz\\\/wp-content\\\/uploads\\\/2022\\\/09\\\/politique.jpeg\",\"datePublished\":\"2022-09-10T23:15:00+00:00\",\"breadcrumb\":{\"@id\":\"https:\\\/\\\/lasentinelle.dz\\\/index.php\\\/2022\\\/09\\\/11\\\/une-classe-politique-devenue-source-dinertie-halte-a-la-depolitisation-chronique\\\/#breadcrumb\"},\"inLanguage\":\"fr-FR\",\"potentialAction\":[{\"@type\":\"ReadAction\",\"target\":[\"https:\\\/\\\/lasentinelle.dz\\\/index.php\\\/2022\\\/09\\\/11\\\/une-classe-politique-devenue-source-dinertie-halte-a-la-depolitisation-chronique\\\/\"]}]},{\"@type\":\"ImageObject\",\"inLanguage\":\"fr-FR\",\"@id\":\"https:\\\/\\\/lasentinelle.dz\\\/index.php\\\/2022\\\/09\\\/11\\\/une-classe-politique-devenue-source-dinertie-halte-a-la-depolitisation-chronique\\\/#primaryimage\",\"url\":\"https:\\\/\\\/lasentinelle.dz\\\/wp-content\\\/uploads\\\/2022\\\/09\\\/politique.jpeg\",\"contentUrl\":\"https:\\\/\\\/lasentinelle.dz\\\/wp-content\\\/uploads\\\/2022\\\/09\\\/politique.jpeg\",\"width\":1600,\"height\":900},{\"@type\":\"BreadcrumbList\",\"@id\":\"https:\\\/\\\/lasentinelle.dz\\\/index.php\\\/2022\\\/09\\\/11\\\/une-classe-politique-devenue-source-dinertie-halte-a-la-depolitisation-chronique\\\/#breadcrumb\",\"itemListElement\":[{\"@type\":\"ListItem\",\"position\":1,\"name\":\"Accueil\",\"item\":\"https:\\\/\\\/lasentinelle.dz\\\/\"},{\"@type\":\"ListItem\",\"position\":2,\"name\":\"Une classe politique devenue source\u00a0d\u2019inertie\u00a0:\u00a0Halte \u00e0 la d\u00e9politisation chronique !\"}]},{\"@type\":\"WebSite\",\"@id\":\"https:\\\/\\\/lasentinelle.dz\\\/#website\",\"url\":\"https:\\\/\\\/lasentinelle.dz\\\/\",\"name\":\"La Sentinelle\",\"description\":\"Quotidien national d&#039;information\",\"publisher\":{\"@id\":\"https:\\\/\\\/lasentinelle.dz\\\/#organization\"},\"potentialAction\":[{\"@type\":\"SearchAction\",\"target\":{\"@type\":\"EntryPoint\",\"urlTemplate\":\"https:\\\/\\\/lasentinelle.dz\\\/?s={search_term_string}\"},\"query-input\":{\"@type\":\"PropertyValueSpecification\",\"valueRequired\":true,\"valueName\":\"search_term_string\"}}],\"inLanguage\":\"fr-FR\"},{\"@type\":\"Organization\",\"@id\":\"https:\\\/\\\/lasentinelle.dz\\\/#organization\",\"name\":\"Quotidien La Sentinelle\",\"url\":\"https:\\\/\\\/lasentinelle.dz\\\/\",\"logo\":{\"@type\":\"ImageObject\",\"inLanguage\":\"fr-FR\",\"@id\":\"https:\\\/\\\/lasentinelle.dz\\\/#\\\/schema\\\/logo\\\/image\\\/\",\"url\":\"https:\\\/\\\/lasentinelle.dz\\\/wp-content\\\/uploads\\\/2021\\\/09\\\/logo-sentinelleSLOGAN-1.png\",\"contentUrl\":\"https:\\\/\\\/lasentinelle.dz\\\/wp-content\\\/uploads\\\/2021\\\/09\\\/logo-sentinelleSLOGAN-1.png\",\"width\":615,\"height\":142,\"caption\":\"Quotidien La Sentinelle\"},\"image\":{\"@id\":\"https:\\\/\\\/lasentinelle.dz\\\/#\\\/schema\\\/logo\\\/image\\\/\"},\"sameAs\":[\"https:\\\/\\\/www.facebook.com\\\/La-Sentinelle-104059864394773\"]},{\"@type\":\"Person\",\"@id\":\"https:\\\/\\\/lasentinelle.dz\\\/#\\\/schema\\\/person\\\/d865044e22e70a75174ce8bcad3acfb3\",\"name\":\"La Sentinelle\",\"image\":{\"@type\":\"ImageObject\",\"inLanguage\":\"fr-FR\",\"@id\":\"https:\\\/\\\/secure.gravatar.com\\\/avatar\\\/57de8e5d4b15d43fb361a71fbb36338450fe67865b528a43dd10ef7c51a20392?s=96&d=mm&r=g\",\"url\":\"https:\\\/\\\/secure.gravatar.com\\\/avatar\\\/57de8e5d4b15d43fb361a71fbb36338450fe67865b528a43dd10ef7c51a20392?s=96&d=mm&r=g\",\"contentUrl\":\"https:\\\/\\\/secure.gravatar.com\\\/avatar\\\/57de8e5d4b15d43fb361a71fbb36338450fe67865b528a43dd10ef7c51a20392?s=96&d=mm&r=g\",\"caption\":\"La Sentinelle\"},\"sameAs\":[\"http:\\\/\\\/www.lasentinelle.dz\"],\"url\":\"https:\\\/\\\/lasentinelle.dz\\\/author\\\/redaction\\\/\"}]}<\/script>\n<!-- \/ Yoast SEO plugin. -->","yoast_head_json":{"title":"Une classe politique devenue source\u00a0d\u2019inertie\u00a0:\u00a0Halte \u00e0 la d\u00e9politisation chronique ! - La Sentinelle","robots":{"index":"index","follow":"follow","max-snippet":"max-snippet:-1","max-image-preview":"max-image-preview:large","max-video-preview":"max-video-preview:-1"},"canonical":"https:\/\/lasentinelle.dz\/index.php\/2022\/09\/11\/une-classe-politique-devenue-source-dinertie-halte-a-la-depolitisation-chronique\/","og_locale":"fr_FR","og_type":"article","og_title":"Une classe politique devenue source\u00a0d\u2019inertie\u00a0:\u00a0Halte \u00e0 la d\u00e9politisation chronique ! - La Sentinelle","og_description":"La soci\u00e9t\u00e9 est appel\u00e9e \u00e0 r\u00e9inventer de nouvelles approches \u00e0 m\u00eame de d\u00e9gager et d\u2019insuffler une nouvelle dynamique politique pour","og_url":"https:\/\/lasentinelle.dz\/index.php\/2022\/09\/11\/une-classe-politique-devenue-source-dinertie-halte-a-la-depolitisation-chronique\/","og_site_name":"La Sentinelle","article_publisher":"https:\/\/www.facebook.com\/La-Sentinelle-104059864394773","article_published_time":"2022-09-10T23:15:00+00:00","og_image":[{"width":1600,"height":900,"url":"https:\/\/lasentinelle.dz\/wp-content\/uploads\/2022\/09\/politique.jpeg","type":"image\/jpeg"}],"author":"La Sentinelle","twitter_card":"summary_large_image","twitter_misc":{"\u00c9crit par":"La Sentinelle","Dur\u00e9e de lecture estim\u00e9e":"4 minutes"},"schema":{"@context":"https:\/\/schema.org","@graph":[{"@type":"Article","@id":"https:\/\/lasentinelle.dz\/index.php\/2022\/09\/11\/une-classe-politique-devenue-source-dinertie-halte-a-la-depolitisation-chronique\/#article","isPartOf":{"@id":"https:\/\/lasentinelle.dz\/index.php\/2022\/09\/11\/une-classe-politique-devenue-source-dinertie-halte-a-la-depolitisation-chronique\/"},"author":{"name":"La Sentinelle","@id":"https:\/\/lasentinelle.dz\/#\/schema\/person\/d865044e22e70a75174ce8bcad3acfb3"},"headline":"Une classe politique devenue source\u00a0d\u2019inertie\u00a0:\u00a0Halte \u00e0 la d\u00e9politisation chronique !","datePublished":"2022-09-10T23:15:00+00:00","mainEntityOfPage":{"@id":"https:\/\/lasentinelle.dz\/index.php\/2022\/09\/11\/une-classe-politique-devenue-source-dinertie-halte-a-la-depolitisation-chronique\/"},"wordCount":722,"commentCount":0,"publisher":{"@id":"https:\/\/lasentinelle.dz\/#organization"},"image":{"@id":"https:\/\/lasentinelle.dz\/index.php\/2022\/09\/11\/une-classe-politique-devenue-source-dinertie-halte-a-la-depolitisation-chronique\/#primaryimage"},"thumbnailUrl":"https:\/\/lasentinelle.dz\/wp-content\/uploads\/2022\/09\/politique.jpeg","articleSection":["\u00c0 la Une","Actualit\u00e9"],"inLanguage":"fr-FR","potentialAction":[{"@type":"CommentAction","name":"Comment","target":["https:\/\/lasentinelle.dz\/index.php\/2022\/09\/11\/une-classe-politique-devenue-source-dinertie-halte-a-la-depolitisation-chronique\/#respond"]}]},{"@type":"WebPage","@id":"https:\/\/lasentinelle.dz\/index.php\/2022\/09\/11\/une-classe-politique-devenue-source-dinertie-halte-a-la-depolitisation-chronique\/","url":"https:\/\/lasentinelle.dz\/index.php\/2022\/09\/11\/une-classe-politique-devenue-source-dinertie-halte-a-la-depolitisation-chronique\/","name":"Une classe politique devenue source\u00a0d\u2019inertie\u00a0:\u00a0Halte \u00e0 la d\u00e9politisation chronique ! - La Sentinelle","isPartOf":{"@id":"https:\/\/lasentinelle.dz\/#website"},"primaryImageOfPage":{"@id":"https:\/\/lasentinelle.dz\/index.php\/2022\/09\/11\/une-classe-politique-devenue-source-dinertie-halte-a-la-depolitisation-chronique\/#primaryimage"},"image":{"@id":"https:\/\/lasentinelle.dz\/index.php\/2022\/09\/11\/une-classe-politique-devenue-source-dinertie-halte-a-la-depolitisation-chronique\/#primaryimage"},"thumbnailUrl":"https:\/\/lasentinelle.dz\/wp-content\/uploads\/2022\/09\/politique.jpeg","datePublished":"2022-09-10T23:15:00+00:00","breadcrumb":{"@id":"https:\/\/lasentinelle.dz\/index.php\/2022\/09\/11\/une-classe-politique-devenue-source-dinertie-halte-a-la-depolitisation-chronique\/#breadcrumb"},"inLanguage":"fr-FR","potentialAction":[{"@type":"ReadAction","target":["https:\/\/lasentinelle.dz\/index.php\/2022\/09\/11\/une-classe-politique-devenue-source-dinertie-halte-a-la-depolitisation-chronique\/"]}]},{"@type":"ImageObject","inLanguage":"fr-FR","@id":"https:\/\/lasentinelle.dz\/index.php\/2022\/09\/11\/une-classe-politique-devenue-source-dinertie-halte-a-la-depolitisation-chronique\/#primaryimage","url":"https:\/\/lasentinelle.dz\/wp-content\/uploads\/2022\/09\/politique.jpeg","contentUrl":"https:\/\/lasentinelle.dz\/wp-content\/uploads\/2022\/09\/politique.jpeg","width":1600,"height":900},{"@type":"BreadcrumbList","@id":"https:\/\/lasentinelle.dz\/index.php\/2022\/09\/11\/une-classe-politique-devenue-source-dinertie-halte-a-la-depolitisation-chronique\/#breadcrumb","itemListElement":[{"@type":"ListItem","position":1,"name":"Accueil","item":"https:\/\/lasentinelle.dz\/"},{"@type":"ListItem","position":2,"name":"Une classe politique devenue source\u00a0d\u2019inertie\u00a0:\u00a0Halte \u00e0 la d\u00e9politisation chronique !"}]},{"@type":"WebSite","@id":"https:\/\/lasentinelle.dz\/#website","url":"https:\/\/lasentinelle.dz\/","name":"La Sentinelle","description":"Quotidien national d&#039;information","publisher":{"@id":"https:\/\/lasentinelle.dz\/#organization"},"potentialAction":[{"@type":"SearchAction","target":{"@type":"EntryPoint","urlTemplate":"https:\/\/lasentinelle.dz\/?s={search_term_string}"},"query-input":{"@type":"PropertyValueSpecification","valueRequired":true,"valueName":"search_term_string"}}],"inLanguage":"fr-FR"},{"@type":"Organization","@id":"https:\/\/lasentinelle.dz\/#organization","name":"Quotidien La Sentinelle","url":"https:\/\/lasentinelle.dz\/","logo":{"@type":"ImageObject","inLanguage":"fr-FR","@id":"https:\/\/lasentinelle.dz\/#\/schema\/logo\/image\/","url":"https:\/\/lasentinelle.dz\/wp-content\/uploads\/2021\/09\/logo-sentinelleSLOGAN-1.png","contentUrl":"https:\/\/lasentinelle.dz\/wp-content\/uploads\/2021\/09\/logo-sentinelleSLOGAN-1.png","width":615,"height":142,"caption":"Quotidien La Sentinelle"},"image":{"@id":"https:\/\/lasentinelle.dz\/#\/schema\/logo\/image\/"},"sameAs":["https:\/\/www.facebook.com\/La-Sentinelle-104059864394773"]},{"@type":"Person","@id":"https:\/\/lasentinelle.dz\/#\/schema\/person\/d865044e22e70a75174ce8bcad3acfb3","name":"La Sentinelle","image":{"@type":"ImageObject","inLanguage":"fr-FR","@id":"https:\/\/secure.gravatar.com\/avatar\/57de8e5d4b15d43fb361a71fbb36338450fe67865b528a43dd10ef7c51a20392?s=96&d=mm&r=g","url":"https:\/\/secure.gravatar.com\/avatar\/57de8e5d4b15d43fb361a71fbb36338450fe67865b528a43dd10ef7c51a20392?s=96&d=mm&r=g","contentUrl":"https:\/\/secure.gravatar.com\/avatar\/57de8e5d4b15d43fb361a71fbb36338450fe67865b528a43dd10ef7c51a20392?s=96&d=mm&r=g","caption":"La Sentinelle"},"sameAs":["http:\/\/www.lasentinelle.dz"],"url":"https:\/\/lasentinelle.dz\/author\/redaction\/"}]}},"_links":{"self":[{"href":"https:\/\/lasentinelle.dz\/index.php\/wp-json\/wp\/v2\/posts\/27141","targetHints":{"allow":["GET"]}}],"collection":[{"href":"https:\/\/lasentinelle.dz\/index.php\/wp-json\/wp\/v2\/posts"}],"about":[{"href":"https:\/\/lasentinelle.dz\/index.php\/wp-json\/wp\/v2\/types\/post"}],"author":[{"embeddable":true,"href":"https:\/\/lasentinelle.dz\/index.php\/wp-json\/wp\/v2\/users\/3"}],"replies":[{"embeddable":true,"href":"https:\/\/lasentinelle.dz\/index.php\/wp-json\/wp\/v2\/comments?post=27141"}],"version-history":[{"count":1,"href":"https:\/\/lasentinelle.dz\/index.php\/wp-json\/wp\/v2\/posts\/27141\/revisions"}],"predecessor-version":[{"id":27146,"href":"https:\/\/lasentinelle.dz\/index.php\/wp-json\/wp\/v2\/posts\/27141\/revisions\/27146"}],"wp:featuredmedia":[{"embeddable":true,"href":"https:\/\/lasentinelle.dz\/index.php\/wp-json\/wp\/v2\/media\/27145"}],"wp:attachment":[{"href":"https:\/\/lasentinelle.dz\/index.php\/wp-json\/wp\/v2\/media?parent=27141"}],"wp:term":[{"taxonomy":"category","embeddable":true,"href":"https:\/\/lasentinelle.dz\/index.php\/wp-json\/wp\/v2\/categories?post=27141"},{"taxonomy":"post_tag","embeddable":true,"href":"https:\/\/lasentinelle.dz\/index.php\/wp-json\/wp\/v2\/tags?post=27141"}],"curies":[{"name":"wp","href":"https:\/\/api.w.org\/{rel}","templated":true}]}}