{"id":27142,"date":"2022-09-11T00:05:00","date_gmt":"2022-09-10T23:05:00","guid":{"rendered":"https:\/\/lasentinelle.dz\/?p=27142"},"modified":"2022-09-10T19:57:33","modified_gmt":"2022-09-10T18:57:33","slug":"emprisonnement-du-journaliste-belkacem-haouam-la-classe-politique-denonce-fermement","status":"publish","type":"post","link":"https:\/\/lasentinelle.dz\/index.php\/2022\/09\/11\/emprisonnement-du-journaliste-belkacem-haouam-la-classe-politique-denonce-fermement\/","title":{"rendered":"Emprisonnement du journaliste Belkacem Haouam\u00a0:\u00a0La classe politique\u00a0d\u00e9nonce fermement"},"content":{"rendered":"\n<p>La mise en d\u00e9tention du journaliste du quotidien Echourouk&nbsp;Belkacem Haouam&nbsp;\u00e0 la suite d\u2019une plainte du minist\u00e8re du Commerce suscite une vague d\u2019indignation au sein de la corporation et de la classe politique qui d\u00e9nonce une d\u00e9rive qui va \u00e0 l\u2019encontre des principes constitutionnels et des garanties \u00e0 l\u2019exercice de la profession de journaliste. Dans ce contexte, le Mouvement de la Soci\u00e9t\u00e9 pour la paix a affich\u00e9 son \u00e9tonnement et son inqui\u00e9tude, d\u00e9non\u00e7ant un comportement qui devient \u00ab&nbsp;r\u00e9p\u00e9titif&nbsp;\u00e0 l\u2019encontre des journalistes&nbsp;et&nbsp;des professionnels des m\u00e9dias&nbsp;\u00bb. Dans un communiqu\u00e9 sign\u00e9 par Abderrezak Makri le MSP \u00ab&nbsp;condamne&nbsp;une&nbsp;d\u00e9tention provisoire&nbsp;d\u00e9cid\u00e9, sans achever les proc\u00e9dures d\u2019un&nbsp;proc\u00e8s complet et \u00e9quitable&nbsp;\u00bb. Et d\u2019ajouter que \u00able motif annonc\u00e9 porte atteinte \u00e0 la libert\u00e9 d&rsquo;opinion et d&rsquo;expression\u00bb.&nbsp;&nbsp;Il s\u2019est dit \u00e9tonn\u00e9 du recours \u00e0 une telle mesure, alors qu\u2019il aurait suffi \u00e0 \u00abla partie pr\u00e9judici\u00e9e( minist\u00e8re du Commerce, NDLR)&nbsp;d\u2019user&nbsp;du droit de r\u00e9ponse, et non de recourir \u00e0 la justice\u00bb, a recommand\u00e9 le MSP, soulignant que \u00able journaliste est en droit de traiter tout sujet&nbsp;&nbsp;d&rsquo;opinion publique nationale, et qu\u2019il est en droit de prot\u00e9ger la source de ses informations, ce qui est garanti par la&nbsp;Constitution,&nbsp;qui pr\u00e9serve la protection de la confidentialit\u00e9&nbsp;des sources&nbsp;&nbsp;jusqu&rsquo;\u00e0 la pr\u00e9vention&nbsp;contre kes&nbsp;peines&nbsp;privatives de libert\u00e9\u00bb.&nbsp;Le MSP&nbsp;d\u00e9plore&nbsp;que \u00ablar\u00e9p\u00e9tition de telles pratiques confirme la d\u00e9t\u00e9rioration constat\u00e9e dans le domaine des droits de l&rsquo;homme,&nbsp;&nbsp;la d\u00e9gradation des acquis dans le domaine de la libert\u00e9 d&rsquo;opinion, d&rsquo;expression et de la presse, qui viole les textes l\u00e9gaux et constitutionnels, touche au c\u0153ur des engagements pris par les autorit\u00e9s, et nuit \u00e0 l&rsquo;image de l&rsquo;Alg\u00e9rie\u00bb. L\u2019ancien ministre&nbsp;de la Communication, Abdelaziz Rahabi a, de son c\u00f4t\u00e9,&nbsp;affirm\u00e9 \u00abavoir \u00e9t\u00e9 choqu\u00e9 par la nouvelle de l&rsquo;arrestation et de l&#8217;emprisonnement d&rsquo;un journaliste du quotidien&nbsp;Echourouk pour avoir publi\u00e9 des informations que le gouvernement avait le droit de d\u00e9mentir sous l&rsquo;une des formes utilis\u00e9es dans tous les m\u00e9dias du monde moderne\u00bb.&nbsp;\u00ab&nbsp;La confiscation de la libert\u00e9 d&rsquo;un journaliste apr\u00e8s avoir publi\u00e9 des informations \u00e0 caract\u00e8re commercial est une preuve de l&rsquo;exploitation continue de la justice \u00e0 des fins politiques en Algerie \u00bb, a-t-il indiqu\u00e9.&nbsp;&nbsp;Abdelaziz&nbsp;Rahabi&nbsp;rappelle que tout&nbsp;\u00ab pays est construit sur le pilier du pluralisme, de la justice et de la libert\u00e9 d&rsquo;expression, il est garant de la dignit\u00e9 humaine, et notre gouvernement doit accepter que la soci\u00e9t\u00e9 exige la&nbsp;des comptes&nbsp;plut\u00f4t que l\u2019absolutisme, ce que les autorit\u00e9s pr\u00e9c\u00e9dentes ont tent\u00e9 sans succ\u00e8s ni faisabilit\u00e9\u00bb.&nbsp;Idem du c\u00f4t\u00e9 du Mouvement&nbsp;El Bina&nbsp;qui a&nbsp;condamn\u00e9 l&#8217;emprisonnement du journaliste Belkacem Haouam. Dans un communiqu\u00e9, le parti d\u2019AbdelkaderBengrina a affirm\u00e9 que \u00abbien que nous n&rsquo;ayons pas \u00e0 contester les d\u00e9cisions d\u00e9finitives de la justice alg\u00e9rienne, nous,&nbsp;au sein du&nbsp;Mouvement El Bina, regrettons la d\u00e9cision de d\u00e9tention provisoire du journaliste\u00bb.&nbsp;Le parti estime que si l\u2019on peut ne pas \u00eatre n\u00e9cessairement d\u2019accord avec le contenu de l\u2019article qui a valu au journaliste des poursuites,&nbsp;&nbsp;la d\u00e9cision de l&#8217;emprisonner&nbsp;&nbsp;soit \u00eatre rejet\u00e9e. \u00abPar cons\u00e9quent, nous appelons les autorit\u00e9s concern\u00e9es&nbsp;\u00e0 prendre les mesures n\u00e9cessaires pour traiter&nbsp;son cas afin qu&rsquo;il puisse reprendre l&rsquo;exercice de ses fonctions de journaliste, et&nbsp;\u00e0 garantir&nbsp;respect et l&rsquo;honneur&nbsp;au journaliste, ainsi qu&rsquo;au groupe&nbsp;Echourouk qui s&rsquo;est battu pour la d\u00e9fense de l&rsquo;int\u00e9r\u00eat&nbsp;supr\u00eame de la Nation\u00bb, \u00e9crit El Bina.&nbsp;Pour sa part, le parti de Jil Djadid&nbsp;&nbsp;a estim\u00e9 que \u00ab&nbsp;la&nbsp;d\u00e9tention d&rsquo;un journaliste dans l&rsquo;exercice de sa mission journalistique soul\u00e8ve un certain nombre de probl\u00e8mes et d&rsquo;interrogations juridiques et politiques&nbsp;\u00bb.&nbsp;Jil El Jadid&nbsp;affiche&nbsp;\u00abson m\u00e9contentement face au recours automatique et excessif \u00e0 la d\u00e9tention provisoire et la consid\u00e8re comme une sanction d\u00e9guis\u00e9e avant la prononciation du verdict, violant la pr\u00e9somption d&rsquo;innocence, l&rsquo;un des principes fondamentaux des droits de l&rsquo;accus\u00e9 en droit alg\u00e9rien\u00bb.&nbsp;&nbsp;Le parti de Sofiane Djilali a rappel\u00e9 que \u00abla constitution alg\u00e9rienne interdit de soumettre un d\u00e9lit de presse \u00e0 une peine privative de libert\u00e9, ce qui&nbsp;rend&nbsp;la d\u00e9cision de d\u00e9tention provisoire dans cette affaire incompr\u00e9hensible et inacceptable\u00bb. Le parti rappelle&nbsp;que \u00abla priorit\u00e9 du gouvernement dans cette circonstance est de restaurer la confiance des citoyens dans les institutions de l&rsquo;\u00c9tat\u00bb.&nbsp;&nbsp;Et d\u2019ajouter&nbsp;que \u00abcela exige un certain sens politique et p\u00e9dagogique en cas de d\u00e9saccord. Utiliser le droit de r\u00e9ponse et expliquer la position officielle aurait \u00e9t\u00e9 une incarnation sur le terrain des obligations de l&rsquo;\u00c9tat de respecter les libert\u00e9s fondamentales du citoyen, y compris la libert\u00e9 de la presse, au lieu de poursuivre un journaliste pour avoir trait\u00e9 un dossier qui concerne la sant\u00e9 du citoyen et l&rsquo;\u00e9conomie du pays\u00bb.Le parti Jil El Jadid exprime \u00abune fois de plus son m\u00e9contentement face \u00e0 la situation\u00bb, appelant \u00ab \u00e0 la lib\u00e9ration du journaliste conform\u00e9ment aux dispositions de la constitution et de la loi\u00bb<\/p>\n\n\n\n<p>De son c\u00f4t\u00e9, le Conseil national des journalistes alg\u00e9riens, ainsi que la Ligue alg\u00e9rienne pour la d\u00e9fense des droits de l&rsquo;homme, ont affirm\u00e9 que \u00abla d\u00e9cision d&#8217;emprisonner&nbsp;le journaliste&nbsp;du journal EChourouk, Belkacem Haouam, est&nbsp;\u00e0&nbsp;la&nbsp;Constitution, qui interdit la privation de libert\u00e9 contre les hommes des m\u00e9dias\u00bb. Dans son communiqu\u00e9,&nbsp;le Conseil national des journalistes alg\u00e9riens se dit \u00ab surpris par l&rsquo;arrestation&nbsp;du confr\u00e8re&nbsp;du journal Echourouk, Belkacem Haouam, apr\u00e8s qu&rsquo;il ait publi\u00e9 un article sous le titre \u00ab\u00a0Arr\u00eat imm\u00e9diat \u00e0 l&rsquo;exportation des dattes alg\u00e9riennes\u00bb, bas\u00e9 sur les informations&nbsp;d\u2019op\u00e9rateurs&nbsp;du secteur\u00bb. Il a expliqu\u00e9: \u00abSelon les informations pr\u00e9sent\u00e9es sur l&rsquo;affaire, l&rsquo;article a \u00e9t\u00e9&nbsp;pr\u00e9sent\u00e9&nbsp;comme nuisible \u00e0 l&rsquo;\u00e9conomie nationale, et sur cette base, le journaliste r\u00e9dacteur a \u00e9t\u00e9 entendu, emprisonn\u00e9 sans lui avoir accord\u00e9 le droit \u00e0 un proc\u00e8s au sens large \u00bb, rappelant que \u00abla constitution stipule dans son article 44 que la d\u00e9tention provisoire est une mesure exceptionnelle, et que l&rsquo;article 54 de la constitution stipule qu&rsquo;un d\u00e9lit de presse ne peut \u00eatre passible d&rsquo;une peine privative de libert\u00e9\u00bb.&nbsp;Enfin, l\u2019Association de&nbsp;Protection&nbsp;et d\u2019orientation&nbsp;du Consommateur&nbsp;et de son environnement a carr\u00e9ment remis en cause le motif invoqu\u00e9 pour justifier l\u2019emprisonnement du journaliste.&nbsp;&nbsp;d\u00e9cisions de justice \u00bb.&nbsp;\u00ab Belkacem Haouam ne sert pas des lobbies ni des agendas visant \u00e0 nuire au produit national\u00bb, a assur\u00e9 l\u2019Apoce. \u00abIl a toujours \u00e9t\u00e9 \u00e0 nos c\u00f4t\u00e9s dans les campagnes de d\u00e9fense du produit alg\u00e9rien\u00bb, a rappel\u00e9 cette organisation, joignant sa voix \u00e0 celles appelant \u00ab\u00e0 la lib\u00e9ration du journaliste\u00bb.<\/p>\n\n\n\n<p><strong>Salim Abdenour<\/strong><\/p>\n","protected":false},"excerpt":{"rendered":"<p>La mise en d\u00e9tention du journaliste du quotidien Echourouk&nbsp;Belkacem Haouam&nbsp;\u00e0 la suite d\u2019une plainte du minist\u00e8re du Commerce suscite une<\/p>\n","protected":false},"author":3,"featured_media":27148,"comment_status":"open","ping_status":"closed","sticky":false,"template":"","format":"standard","meta":{"colormag_page_container_layout":"default_layout","colormag_page_sidebar_layout":"default_layout","om_disable_all_campaigns":false,"_monsterinsights_skip_tracking":false,"_monsterinsights_sitenote_active":false,"_monsterinsights_sitenote_note":"","_monsterinsights_sitenote_category":0,"footnotes":"","_wpscppro_dont_share_socialmedia":false,"_wpscppro_custom_social_share_image":0,"_facebook_share_type":"","_twitter_share_type":"","_linkedin_share_type":"","_pinterest_share_type":"","_linkedin_share_type_page":"","_instagram_share_type":"","_medium_share_type":"","_threads_share_type":"","_google_business_share_type":"","_selected_social_profile":[],"_wpsp_enable_custom_social_template":false,"_wpsp_social_scheduling":{"enabled":false,"datetime":null,"platforms":[],"status":"template_only","dateOption":"today","timeOption":"now","customDays":"","customHours":"","customDate":"","customTime":"","schedulingType":"absolute"},"_wpsp_active_default_template":true},"categories":[27],"tags":[],"class_list":["post-27142","post","type-post","status-publish","format-standard","has-post-thumbnail","hentry","category-actualite"],"aioseo_notices":[],"yoast_head":"<!-- This site is optimized with the Yoast SEO plugin v27.5 - https:\/\/yoast.com\/product\/yoast-seo-wordpress\/ -->\n<title>Emprisonnement du journaliste Belkacem Haouam\u00a0:\u00a0La classe politique\u00a0d\u00e9nonce fermement - La Sentinelle<\/title>\n<meta name=\"robots\" content=\"index, follow, max-snippet:-1, max-image-preview:large, max-video-preview:-1\" \/>\n<link rel=\"canonical\" href=\"https:\/\/lasentinelle.dz\/index.php\/2022\/09\/11\/emprisonnement-du-journaliste-belkacem-haouam-la-classe-politique-denonce-fermement\/\" \/>\n<meta property=\"og:locale\" content=\"fr_FR\" \/>\n<meta property=\"og:type\" content=\"article\" \/>\n<meta property=\"og:title\" content=\"Emprisonnement du journaliste Belkacem Haouam\u00a0:\u00a0La classe politique\u00a0d\u00e9nonce fermement - La Sentinelle\" \/>\n<meta property=\"og:description\" content=\"La mise en d\u00e9tention du journaliste du quotidien Echourouk&nbsp;Belkacem Haouam&nbsp;\u00e0 la suite d\u2019une plainte du minist\u00e8re du Commerce suscite une\" \/>\n<meta property=\"og:url\" content=\"https:\/\/lasentinelle.dz\/index.php\/2022\/09\/11\/emprisonnement-du-journaliste-belkacem-haouam-la-classe-politique-denonce-fermement\/\" \/>\n<meta property=\"og:site_name\" content=\"La Sentinelle\" \/>\n<meta property=\"article:publisher\" content=\"https:\/\/www.facebook.com\/La-Sentinelle-104059864394773\" \/>\n<meta property=\"article:published_time\" content=\"2022-09-10T23:05:00+00:00\" \/>\n<meta property=\"og:image\" content=\"https:\/\/lasentinelle.dz\/wp-content\/uploads\/2022\/09\/Belkacem-Haouam.png\" \/>\n\t<meta property=\"og:image:width\" content=\"1224\" \/>\n\t<meta property=\"og:image:height\" content=\"900\" \/>\n\t<meta property=\"og:image:type\" content=\"image\/png\" \/>\n<meta name=\"author\" content=\"La Sentinelle\" \/>\n<meta name=\"twitter:card\" content=\"summary_large_image\" \/>\n<meta name=\"twitter:label1\" content=\"\u00c9crit par\" \/>\n\t<meta name=\"twitter:data1\" content=\"La Sentinelle\" \/>\n\t<meta name=\"twitter:label2\" content=\"Dur\u00e9e de lecture estim\u00e9e\" \/>\n\t<meta name=\"twitter:data2\" content=\"6 minutes\" \/>\n<script type=\"application\/ld+json\" class=\"yoast-schema-graph\">{\"@context\":\"https:\\\/\\\/schema.org\",\"@graph\":[{\"@type\":\"Article\",\"@id\":\"https:\\\/\\\/lasentinelle.dz\\\/index.php\\\/2022\\\/09\\\/11\\\/emprisonnement-du-journaliste-belkacem-haouam-la-classe-politique-denonce-fermement\\\/#article\",\"isPartOf\":{\"@id\":\"https:\\\/\\\/lasentinelle.dz\\\/index.php\\\/2022\\\/09\\\/11\\\/emprisonnement-du-journaliste-belkacem-haouam-la-classe-politique-denonce-fermement\\\/\"},\"author\":{\"name\":\"La Sentinelle\",\"@id\":\"https:\\\/\\\/lasentinelle.dz\\\/#\\\/schema\\\/person\\\/d865044e22e70a75174ce8bcad3acfb3\"},\"headline\":\"Emprisonnement du journaliste Belkacem Haouam\u00a0:\u00a0La classe politique\u00a0d\u00e9nonce fermement\",\"datePublished\":\"2022-09-10T23:05:00+00:00\",\"mainEntityOfPage\":{\"@id\":\"https:\\\/\\\/lasentinelle.dz\\\/index.php\\\/2022\\\/09\\\/11\\\/emprisonnement-du-journaliste-belkacem-haouam-la-classe-politique-denonce-fermement\\\/\"},\"wordCount\":1297,\"commentCount\":0,\"publisher\":{\"@id\":\"https:\\\/\\\/lasentinelle.dz\\\/#organization\"},\"image\":{\"@id\":\"https:\\\/\\\/lasentinelle.dz\\\/index.php\\\/2022\\\/09\\\/11\\\/emprisonnement-du-journaliste-belkacem-haouam-la-classe-politique-denonce-fermement\\\/#primaryimage\"},\"thumbnailUrl\":\"https:\\\/\\\/lasentinelle.dz\\\/wp-content\\\/uploads\\\/2022\\\/09\\\/Belkacem-Haouam.png\",\"articleSection\":[\"Actualit\u00e9\"],\"inLanguage\":\"fr-FR\",\"potentialAction\":[{\"@type\":\"CommentAction\",\"name\":\"Comment\",\"target\":[\"https:\\\/\\\/lasentinelle.dz\\\/index.php\\\/2022\\\/09\\\/11\\\/emprisonnement-du-journaliste-belkacem-haouam-la-classe-politique-denonce-fermement\\\/#respond\"]}]},{\"@type\":\"WebPage\",\"@id\":\"https:\\\/\\\/lasentinelle.dz\\\/index.php\\\/2022\\\/09\\\/11\\\/emprisonnement-du-journaliste-belkacem-haouam-la-classe-politique-denonce-fermement\\\/\",\"url\":\"https:\\\/\\\/lasentinelle.dz\\\/index.php\\\/2022\\\/09\\\/11\\\/emprisonnement-du-journaliste-belkacem-haouam-la-classe-politique-denonce-fermement\\\/\",\"name\":\"Emprisonnement du journaliste Belkacem Haouam\u00a0:\u00a0La classe politique\u00a0d\u00e9nonce fermement - La Sentinelle\",\"isPartOf\":{\"@id\":\"https:\\\/\\\/lasentinelle.dz\\\/#website\"},\"primaryImageOfPage\":{\"@id\":\"https:\\\/\\\/lasentinelle.dz\\\/index.php\\\/2022\\\/09\\\/11\\\/emprisonnement-du-journaliste-belkacem-haouam-la-classe-politique-denonce-fermement\\\/#primaryimage\"},\"image\":{\"@id\":\"https:\\\/\\\/lasentinelle.dz\\\/index.php\\\/2022\\\/09\\\/11\\\/emprisonnement-du-journaliste-belkacem-haouam-la-classe-politique-denonce-fermement\\\/#primaryimage\"},\"thumbnailUrl\":\"https:\\\/\\\/lasentinelle.dz\\\/wp-content\\\/uploads\\\/2022\\\/09\\\/Belkacem-Haouam.png\",\"datePublished\":\"2022-09-10T23:05:00+00:00\",\"breadcrumb\":{\"@id\":\"https:\\\/\\\/lasentinelle.dz\\\/index.php\\\/2022\\\/09\\\/11\\\/emprisonnement-du-journaliste-belkacem-haouam-la-classe-politique-denonce-fermement\\\/#breadcrumb\"},\"inLanguage\":\"fr-FR\",\"potentialAction\":[{\"@type\":\"ReadAction\",\"target\":[\"https:\\\/\\\/lasentinelle.dz\\\/index.php\\\/2022\\\/09\\\/11\\\/emprisonnement-du-journaliste-belkacem-haouam-la-classe-politique-denonce-fermement\\\/\"]}]},{\"@type\":\"ImageObject\",\"inLanguage\":\"fr-FR\",\"@id\":\"https:\\\/\\\/lasentinelle.dz\\\/index.php\\\/2022\\\/09\\\/11\\\/emprisonnement-du-journaliste-belkacem-haouam-la-classe-politique-denonce-fermement\\\/#primaryimage\",\"url\":\"https:\\\/\\\/lasentinelle.dz\\\/wp-content\\\/uploads\\\/2022\\\/09\\\/Belkacem-Haouam.png\",\"contentUrl\":\"https:\\\/\\\/lasentinelle.dz\\\/wp-content\\\/uploads\\\/2022\\\/09\\\/Belkacem-Haouam.png\",\"width\":1224,\"height\":900},{\"@type\":\"BreadcrumbList\",\"@id\":\"https:\\\/\\\/lasentinelle.dz\\\/index.php\\\/2022\\\/09\\\/11\\\/emprisonnement-du-journaliste-belkacem-haouam-la-classe-politique-denonce-fermement\\\/#breadcrumb\",\"itemListElement\":[{\"@type\":\"ListItem\",\"position\":1,\"name\":\"Accueil\",\"item\":\"https:\\\/\\\/lasentinelle.dz\\\/\"},{\"@type\":\"ListItem\",\"position\":2,\"name\":\"Emprisonnement du journaliste Belkacem Haouam\u00a0:\u00a0La classe politique\u00a0d\u00e9nonce fermement\"}]},{\"@type\":\"WebSite\",\"@id\":\"https:\\\/\\\/lasentinelle.dz\\\/#website\",\"url\":\"https:\\\/\\\/lasentinelle.dz\\\/\",\"name\":\"La Sentinelle\",\"description\":\"Quotidien national d&#039;information\",\"publisher\":{\"@id\":\"https:\\\/\\\/lasentinelle.dz\\\/#organization\"},\"potentialAction\":[{\"@type\":\"SearchAction\",\"target\":{\"@type\":\"EntryPoint\",\"urlTemplate\":\"https:\\\/\\\/lasentinelle.dz\\\/?s={search_term_string}\"},\"query-input\":{\"@type\":\"PropertyValueSpecification\",\"valueRequired\":true,\"valueName\":\"search_term_string\"}}],\"inLanguage\":\"fr-FR\"},{\"@type\":\"Organization\",\"@id\":\"https:\\\/\\\/lasentinelle.dz\\\/#organization\",\"name\":\"Quotidien La Sentinelle\",\"url\":\"https:\\\/\\\/lasentinelle.dz\\\/\",\"logo\":{\"@type\":\"ImageObject\",\"inLanguage\":\"fr-FR\",\"@id\":\"https:\\\/\\\/lasentinelle.dz\\\/#\\\/schema\\\/logo\\\/image\\\/\",\"url\":\"https:\\\/\\\/lasentinelle.dz\\\/wp-content\\\/uploads\\\/2021\\\/09\\\/logo-sentinelleSLOGAN-1.png\",\"contentUrl\":\"https:\\\/\\\/lasentinelle.dz\\\/wp-content\\\/uploads\\\/2021\\\/09\\\/logo-sentinelleSLOGAN-1.png\",\"width\":615,\"height\":142,\"caption\":\"Quotidien La Sentinelle\"},\"image\":{\"@id\":\"https:\\\/\\\/lasentinelle.dz\\\/#\\\/schema\\\/logo\\\/image\\\/\"},\"sameAs\":[\"https:\\\/\\\/www.facebook.com\\\/La-Sentinelle-104059864394773\"]},{\"@type\":\"Person\",\"@id\":\"https:\\\/\\\/lasentinelle.dz\\\/#\\\/schema\\\/person\\\/d865044e22e70a75174ce8bcad3acfb3\",\"name\":\"La Sentinelle\",\"image\":{\"@type\":\"ImageObject\",\"inLanguage\":\"fr-FR\",\"@id\":\"https:\\\/\\\/secure.gravatar.com\\\/avatar\\\/57de8e5d4b15d43fb361a71fbb36338450fe67865b528a43dd10ef7c51a20392?s=96&d=mm&r=g\",\"url\":\"https:\\\/\\\/secure.gravatar.com\\\/avatar\\\/57de8e5d4b15d43fb361a71fbb36338450fe67865b528a43dd10ef7c51a20392?s=96&d=mm&r=g\",\"contentUrl\":\"https:\\\/\\\/secure.gravatar.com\\\/avatar\\\/57de8e5d4b15d43fb361a71fbb36338450fe67865b528a43dd10ef7c51a20392?s=96&d=mm&r=g\",\"caption\":\"La Sentinelle\"},\"sameAs\":[\"http:\\\/\\\/www.lasentinelle.dz\"],\"url\":\"https:\\\/\\\/lasentinelle.dz\\\/author\\\/redaction\\\/\"}]}<\/script>\n<!-- \/ Yoast SEO plugin. -->","yoast_head_json":{"title":"Emprisonnement du journaliste Belkacem Haouam\u00a0:\u00a0La classe politique\u00a0d\u00e9nonce fermement - La Sentinelle","robots":{"index":"index","follow":"follow","max-snippet":"max-snippet:-1","max-image-preview":"max-image-preview:large","max-video-preview":"max-video-preview:-1"},"canonical":"https:\/\/lasentinelle.dz\/index.php\/2022\/09\/11\/emprisonnement-du-journaliste-belkacem-haouam-la-classe-politique-denonce-fermement\/","og_locale":"fr_FR","og_type":"article","og_title":"Emprisonnement du journaliste Belkacem Haouam\u00a0:\u00a0La classe politique\u00a0d\u00e9nonce fermement - La Sentinelle","og_description":"La mise en d\u00e9tention du journaliste du quotidien Echourouk&nbsp;Belkacem Haouam&nbsp;\u00e0 la suite d\u2019une plainte du minist\u00e8re du Commerce suscite une","og_url":"https:\/\/lasentinelle.dz\/index.php\/2022\/09\/11\/emprisonnement-du-journaliste-belkacem-haouam-la-classe-politique-denonce-fermement\/","og_site_name":"La Sentinelle","article_publisher":"https:\/\/www.facebook.com\/La-Sentinelle-104059864394773","article_published_time":"2022-09-10T23:05:00+00:00","og_image":[{"width":1224,"height":900,"url":"https:\/\/lasentinelle.dz\/wp-content\/uploads\/2022\/09\/Belkacem-Haouam.png","type":"image\/png"}],"author":"La Sentinelle","twitter_card":"summary_large_image","twitter_misc":{"\u00c9crit par":"La Sentinelle","Dur\u00e9e de lecture estim\u00e9e":"6 minutes"},"schema":{"@context":"https:\/\/schema.org","@graph":[{"@type":"Article","@id":"https:\/\/lasentinelle.dz\/index.php\/2022\/09\/11\/emprisonnement-du-journaliste-belkacem-haouam-la-classe-politique-denonce-fermement\/#article","isPartOf":{"@id":"https:\/\/lasentinelle.dz\/index.php\/2022\/09\/11\/emprisonnement-du-journaliste-belkacem-haouam-la-classe-politique-denonce-fermement\/"},"author":{"name":"La Sentinelle","@id":"https:\/\/lasentinelle.dz\/#\/schema\/person\/d865044e22e70a75174ce8bcad3acfb3"},"headline":"Emprisonnement du journaliste Belkacem Haouam\u00a0:\u00a0La classe politique\u00a0d\u00e9nonce fermement","datePublished":"2022-09-10T23:05:00+00:00","mainEntityOfPage":{"@id":"https:\/\/lasentinelle.dz\/index.php\/2022\/09\/11\/emprisonnement-du-journaliste-belkacem-haouam-la-classe-politique-denonce-fermement\/"},"wordCount":1297,"commentCount":0,"publisher":{"@id":"https:\/\/lasentinelle.dz\/#organization"},"image":{"@id":"https:\/\/lasentinelle.dz\/index.php\/2022\/09\/11\/emprisonnement-du-journaliste-belkacem-haouam-la-classe-politique-denonce-fermement\/#primaryimage"},"thumbnailUrl":"https:\/\/lasentinelle.dz\/wp-content\/uploads\/2022\/09\/Belkacem-Haouam.png","articleSection":["Actualit\u00e9"],"inLanguage":"fr-FR","potentialAction":[{"@type":"CommentAction","name":"Comment","target":["https:\/\/lasentinelle.dz\/index.php\/2022\/09\/11\/emprisonnement-du-journaliste-belkacem-haouam-la-classe-politique-denonce-fermement\/#respond"]}]},{"@type":"WebPage","@id":"https:\/\/lasentinelle.dz\/index.php\/2022\/09\/11\/emprisonnement-du-journaliste-belkacem-haouam-la-classe-politique-denonce-fermement\/","url":"https:\/\/lasentinelle.dz\/index.php\/2022\/09\/11\/emprisonnement-du-journaliste-belkacem-haouam-la-classe-politique-denonce-fermement\/","name":"Emprisonnement du journaliste Belkacem Haouam\u00a0:\u00a0La classe politique\u00a0d\u00e9nonce fermement - La Sentinelle","isPartOf":{"@id":"https:\/\/lasentinelle.dz\/#website"},"primaryImageOfPage":{"@id":"https:\/\/lasentinelle.dz\/index.php\/2022\/09\/11\/emprisonnement-du-journaliste-belkacem-haouam-la-classe-politique-denonce-fermement\/#primaryimage"},"image":{"@id":"https:\/\/lasentinelle.dz\/index.php\/2022\/09\/11\/emprisonnement-du-journaliste-belkacem-haouam-la-classe-politique-denonce-fermement\/#primaryimage"},"thumbnailUrl":"https:\/\/lasentinelle.dz\/wp-content\/uploads\/2022\/09\/Belkacem-Haouam.png","datePublished":"2022-09-10T23:05:00+00:00","breadcrumb":{"@id":"https:\/\/lasentinelle.dz\/index.php\/2022\/09\/11\/emprisonnement-du-journaliste-belkacem-haouam-la-classe-politique-denonce-fermement\/#breadcrumb"},"inLanguage":"fr-FR","potentialAction":[{"@type":"ReadAction","target":["https:\/\/lasentinelle.dz\/index.php\/2022\/09\/11\/emprisonnement-du-journaliste-belkacem-haouam-la-classe-politique-denonce-fermement\/"]}]},{"@type":"ImageObject","inLanguage":"fr-FR","@id":"https:\/\/lasentinelle.dz\/index.php\/2022\/09\/11\/emprisonnement-du-journaliste-belkacem-haouam-la-classe-politique-denonce-fermement\/#primaryimage","url":"https:\/\/lasentinelle.dz\/wp-content\/uploads\/2022\/09\/Belkacem-Haouam.png","contentUrl":"https:\/\/lasentinelle.dz\/wp-content\/uploads\/2022\/09\/Belkacem-Haouam.png","width":1224,"height":900},{"@type":"BreadcrumbList","@id":"https:\/\/lasentinelle.dz\/index.php\/2022\/09\/11\/emprisonnement-du-journaliste-belkacem-haouam-la-classe-politique-denonce-fermement\/#breadcrumb","itemListElement":[{"@type":"ListItem","position":1,"name":"Accueil","item":"https:\/\/lasentinelle.dz\/"},{"@type":"ListItem","position":2,"name":"Emprisonnement du journaliste Belkacem Haouam\u00a0:\u00a0La classe politique\u00a0d\u00e9nonce fermement"}]},{"@type":"WebSite","@id":"https:\/\/lasentinelle.dz\/#website","url":"https:\/\/lasentinelle.dz\/","name":"La Sentinelle","description":"Quotidien national d&#039;information","publisher":{"@id":"https:\/\/lasentinelle.dz\/#organization"},"potentialAction":[{"@type":"SearchAction","target":{"@type":"EntryPoint","urlTemplate":"https:\/\/lasentinelle.dz\/?s={search_term_string}"},"query-input":{"@type":"PropertyValueSpecification","valueRequired":true,"valueName":"search_term_string"}}],"inLanguage":"fr-FR"},{"@type":"Organization","@id":"https:\/\/lasentinelle.dz\/#organization","name":"Quotidien La Sentinelle","url":"https:\/\/lasentinelle.dz\/","logo":{"@type":"ImageObject","inLanguage":"fr-FR","@id":"https:\/\/lasentinelle.dz\/#\/schema\/logo\/image\/","url":"https:\/\/lasentinelle.dz\/wp-content\/uploads\/2021\/09\/logo-sentinelleSLOGAN-1.png","contentUrl":"https:\/\/lasentinelle.dz\/wp-content\/uploads\/2021\/09\/logo-sentinelleSLOGAN-1.png","width":615,"height":142,"caption":"Quotidien La Sentinelle"},"image":{"@id":"https:\/\/lasentinelle.dz\/#\/schema\/logo\/image\/"},"sameAs":["https:\/\/www.facebook.com\/La-Sentinelle-104059864394773"]},{"@type":"Person","@id":"https:\/\/lasentinelle.dz\/#\/schema\/person\/d865044e22e70a75174ce8bcad3acfb3","name":"La Sentinelle","image":{"@type":"ImageObject","inLanguage":"fr-FR","@id":"https:\/\/secure.gravatar.com\/avatar\/57de8e5d4b15d43fb361a71fbb36338450fe67865b528a43dd10ef7c51a20392?s=96&d=mm&r=g","url":"https:\/\/secure.gravatar.com\/avatar\/57de8e5d4b15d43fb361a71fbb36338450fe67865b528a43dd10ef7c51a20392?s=96&d=mm&r=g","contentUrl":"https:\/\/secure.gravatar.com\/avatar\/57de8e5d4b15d43fb361a71fbb36338450fe67865b528a43dd10ef7c51a20392?s=96&d=mm&r=g","caption":"La Sentinelle"},"sameAs":["http:\/\/www.lasentinelle.dz"],"url":"https:\/\/lasentinelle.dz\/author\/redaction\/"}]}},"_links":{"self":[{"href":"https:\/\/lasentinelle.dz\/index.php\/wp-json\/wp\/v2\/posts\/27142","targetHints":{"allow":["GET"]}}],"collection":[{"href":"https:\/\/lasentinelle.dz\/index.php\/wp-json\/wp\/v2\/posts"}],"about":[{"href":"https:\/\/lasentinelle.dz\/index.php\/wp-json\/wp\/v2\/types\/post"}],"author":[{"embeddable":true,"href":"https:\/\/lasentinelle.dz\/index.php\/wp-json\/wp\/v2\/users\/3"}],"replies":[{"embeddable":true,"href":"https:\/\/lasentinelle.dz\/index.php\/wp-json\/wp\/v2\/comments?post=27142"}],"version-history":[{"count":1,"href":"https:\/\/lasentinelle.dz\/index.php\/wp-json\/wp\/v2\/posts\/27142\/revisions"}],"predecessor-version":[{"id":27149,"href":"https:\/\/lasentinelle.dz\/index.php\/wp-json\/wp\/v2\/posts\/27142\/revisions\/27149"}],"wp:featuredmedia":[{"embeddable":true,"href":"https:\/\/lasentinelle.dz\/index.php\/wp-json\/wp\/v2\/media\/27148"}],"wp:attachment":[{"href":"https:\/\/lasentinelle.dz\/index.php\/wp-json\/wp\/v2\/media?parent=27142"}],"wp:term":[{"taxonomy":"category","embeddable":true,"href":"https:\/\/lasentinelle.dz\/index.php\/wp-json\/wp\/v2\/categories?post=27142"},{"taxonomy":"post_tag","embeddable":true,"href":"https:\/\/lasentinelle.dz\/index.php\/wp-json\/wp\/v2\/tags?post=27142"}],"curies":[{"name":"wp","href":"https:\/\/api.w.org\/{rel}","templated":true}]}}