{"id":27167,"date":"2022-09-12T00:01:00","date_gmt":"2022-09-11T23:01:00","guid":{"rendered":"https:\/\/lasentinelle.dz\/?p=27167"},"modified":"2022-09-11T18:07:05","modified_gmt":"2022-09-11T17:07:05","slug":"selection-nationale-u17-le-gardien-hemmache-veut-etre-le-digne-heritier-de-mbolhi","status":"publish","type":"post","link":"https:\/\/lasentinelle.dz\/index.php\/2022\/09\/12\/selection-nationale-u17-le-gardien-hemmache-veut-etre-le-digne-heritier-de-mbolhi\/","title":{"rendered":"S\u00e9lection nationale U17\u00a0: Le gardien Hemmache veut \u00eatre \u00a0\u00bble digne h\u00e9ritier de M&rsquo;bolhi\u00a0\u00bb"},"content":{"rendered":"\n<p>Le gardien de la s\u00e9lection alg\u00e9rienne de football des moins de 17 ans (U17), fra\u00eechement sacr\u00e9e championne arabe, Mathias Hemmache, a indiqu\u00e9 vouloir suivre les traces de Ra\u00efs M\u2019bolhi qui s&rsquo;est impos\u00e9 en titulaire \u00e0 part enti\u00e8re en \u00e9quipe nationale &lsquo;A&rsquo; depuis le Mondial-2010.&nbsp;\u00ab\u00a0Mon ambition majeure est de reprendre le t\u00e9moin de M&rsquo;bolhi. Ce dernier est mon mod\u00e8le, et je vais tout faire pour r\u00e9ussir une carri\u00e8re similaire en s\u00e9lection alg\u00e9rienne\u00a0\u00bb, a d\u00e9clar\u00e9 \u00e0 l&rsquo;APS le dernier rempart des champions arabes.&nbsp;Le portier de 16 ans est l&rsquo;une des r\u00e9v\u00e9lations des petits Verts, lors de la 4e \u00e9dition de la Coupe arabe cl\u00f4tur\u00e9e jeudi pass\u00e9 \u00e0 l\u2019issue de la finale remport\u00e9e par l&rsquo;Alg\u00e9rie face au Maroc (1-1, 4-2 aux tirs au but), au stade Abdelkrim-Kerroum \u00e0 Sig (Mascara).&nbsp;\u00ab\u00a0Je suis bien chanceux d\u2019avoir contribu\u00e9 \u00e0 ce sacre pour ma premi\u00e8re exp\u00e9rience en s\u00e9lection nationale. Cela augure d\u2019une carri\u00e8re que je souhaite pleine de succ\u00e8s sous le maillot alg\u00e9rien\u00a0\u00bb, a-t-il ajout\u00e9.&nbsp;Mathias Hemmache, qui \u00e9volue au Canada, s\u2019est dit, en outre, tr\u00e8s motiv\u00e9 \u00e0 r\u00e9ussir avec ses co\u00e9quipiers leur prochain objectif qui est de valider un billet pour le prochain Mondial de la cat\u00e9gorie. Cela passe par un parcours de premier ordre lors de la phase finale de la Coupe d\u2019Afrique pr\u00e9vue en avril 2023 en Alg\u00e9rie.\u00a0\u00bbMaintenant qu&rsquo;on a triomph\u00e9 en Coupe arabe, notre prochain objectif est de r\u00e9ussir en Coupe d\u2019Afrique car on r\u00eave tous de participer au Mondial\u00a0\u00bb, a-t-il encore insist\u00e9.&nbsp;Sur le plan personnel, le jeune Hemmache, qui a encaiss\u00e9 seulement deux buts en six matchs lors du rendez-vous arabe, nourrit de grandes ambitions. Son souhait majeur est de gravir un \u00e9chelon dans sa carri\u00e8re en club en d\u00e9crochant un contrat au sein d&rsquo;une grosse \u00e9curie europ\u00e9enne.&nbsp;\u00ab\u00a0Je travaille dur pour atteindre cet objectif. Certes, je b\u00e9n\u00e9ficie d\u2019une bonne formation au sein de mon club canadien de Montr\u00e9al, mais je me suis fix\u00e9 comme objectif de jouer dans un avenir proche en Europe\u00a0\u00bb, a-t-il soutenu.&nbsp;Pour les sp\u00e9cialistes, il ne s\u2019agit nullement l\u00e0 d\u2019une ambition d\u00e9mesur\u00e9e, au regard du potentiel montr\u00e9 par le jeune \u00ab\u00a0keeper\u00a0\u00bb lors de l\u2019\u00e9preuve arabe.&nbsp;Son entraineur en s\u00e9lection nationale, Arezki Remmane, est d\u2019ailleurs le mieux plac\u00e9 pour attester des qualit\u00e9s \u00e9normes dont dispose le jeune portier qui a rendu, jeudi pass\u00e9, tr\u00e8s heureuse sa grand-m\u00e8re. Cette derni\u00e8re a fait le d\u00e9placement de la Kabylie jusqu&rsquo;\u00e0 Sig sp\u00e9cialement pour encourager son petit-fils en finale de la Coupe arabe.&nbsp;\u00ab\u00a0Hemmache est l\u2019une des r\u00e9v\u00e9lations de la Coupe arabe. Personnellement, j\u2019estime qu\u2019il m\u00e9ritait amplement le troph\u00e9e du meilleur gardien de tournoi qui a \u00e9t\u00e9 d\u00e9cern\u00e9 au portier de la s\u00e9lection marocaine. Nous sommes tr\u00e8s heureux d\u2019avoir un gardien aussi brillant comme lui dans notre effectif\u00a0\u00bb, s\u2019est f\u00e9licit\u00e9 le coach national.Remmane n\u2019omet pas aussi de rendre \u00e0 C\u00e9sar ce qui appartient \u00e0 C\u00e9sar, en soulignant le m\u00e9rite de l\u2019ancien joueur de l\u2019USM Blida et du MC Alger, Abdennour Krebaza, dans la d\u00e9tection du jeune portier.&nbsp;\u00ab\u00a0C&rsquo;est Krebaza, qui r\u00e9side actuellement au Canada, qui a rep\u00e9r\u00e9 ce gardien. Il me l&rsquo;a alors conseill\u00e9 tout en prenant le soin de m&rsquo;envoyer des vid\u00e9os de lui. Apr\u00e8s avoir bien visionn\u00e9 lesdites vid\u00e9os, les membres du staff technique et moi avons alors d\u00e9cid\u00e9 de lui faire appel pour le voir \u00e0 l\u2019\u0153uvre de plus pr\u00e8s. Je dois dire qu\u2019il a r\u00e9ussi \u00e0 confirmer tout le bien qu\u2019on pensait de lui d\u00e8s le premier stage\u2019\u2019, a racont\u00e9 Remmane.&nbsp;D\u00e9sormais, Hemmache, tout comme certains de ses co\u00e9quipiers en s\u00e9lection nationale des U17, peut l\u00e9gitimement ambitionner de gagner vite des galons dans les s\u00e9lections nationales des diff\u00e9rentes cat\u00e9gories, comme il l\u2019a d\u00e9j\u00e0 fait en club o\u00f9 il a \u00e9t\u00e9 promu en \u00e9quipe des moins de 23 ans.&nbsp;Cependant, le plus important pour lui \u00e0 pr\u00e9sent est de garder la t\u00eate sur les \u00e9paules. L\u2019int\u00e9ress\u00e9 en est d\u2019ailleurs conscient, comme l\u2019indiquent ses propos lui-m\u00eame, ce qui rassure d\u00e9j\u00e0 ses fans et ceux de la s\u00e9lection nationale, puisqu\u2019ils voient en lui le digne successeur de M\u2019bolhi, dont la carri\u00e8re internationale tire \u00e0 sa fin.<\/p>\n\n\n\n<p>APS<\/p>\n","protected":false},"excerpt":{"rendered":"<p>Le gardien de la s\u00e9lection alg\u00e9rienne de football des moins de 17 ans (U17), fra\u00eechement sacr\u00e9e championne arabe, Mathias Hemmache,<\/p>\n","protected":false},"author":3,"featured_media":27195,"comment_status":"open","ping_status":"closed","sticky":false,"template":"","format":"standard","meta":{"colormag_page_container_layout":"default_layout","colormag_page_sidebar_layout":"default_layout","om_disable_all_campaigns":false,"_monsterinsights_skip_tracking":false,"_monsterinsights_sitenote_active":false,"_monsterinsights_sitenote_note":"","_monsterinsights_sitenote_category":0,"footnotes":"","_wpscppro_dont_share_socialmedia":false,"_wpscppro_custom_social_share_image":0,"_facebook_share_type":"","_twitter_share_type":"","_linkedin_share_type":"","_pinterest_share_type":"","_linkedin_share_type_page":"","_instagram_share_type":"","_medium_share_type":"","_threads_share_type":"","_google_business_share_type":"","_selected_social_profile":[],"_wpsp_enable_custom_social_template":false,"_wpsp_social_scheduling":{"enabled":false,"datetime":null,"platforms":[],"status":"template_only","dateOption":"today","timeOption":"now","customDays":"","customHours":"","customDate":"","customTime":"","schedulingType":"absolute"},"_wpsp_active_default_template":true},"categories":[33],"tags":[],"class_list":["post-27167","post","type-post","status-publish","format-standard","has-post-thumbnail","hentry","category-sports"],"aioseo_notices":[],"yoast_head":"<!-- This site is optimized with the Yoast SEO plugin v27.5 - https:\/\/yoast.com\/product\/yoast-seo-wordpress\/ -->\n<title>S\u00e9lection nationale U17\u00a0: Le gardien Hemmache veut \u00eatre \u00a0\u00bble digne h\u00e9ritier de M&rsquo;bolhi\u00a0\u00bb - La Sentinelle<\/title>\n<meta name=\"robots\" content=\"index, follow, max-snippet:-1, max-image-preview:large, max-video-preview:-1\" \/>\n<link rel=\"canonical\" href=\"https:\/\/lasentinelle.dz\/index.php\/2022\/09\/12\/selection-nationale-u17-le-gardien-hemmache-veut-etre-le-digne-heritier-de-mbolhi\/\" \/>\n<meta property=\"og:locale\" content=\"fr_FR\" \/>\n<meta property=\"og:type\" content=\"article\" \/>\n<meta property=\"og:title\" content=\"S\u00e9lection nationale U17\u00a0: Le gardien Hemmache veut \u00eatre \u00a0\u00bble digne h\u00e9ritier de M&rsquo;bolhi\u00a0\u00bb - La Sentinelle\" \/>\n<meta property=\"og:description\" content=\"Le gardien de la s\u00e9lection alg\u00e9rienne de football des moins de 17 ans (U17), fra\u00eechement sacr\u00e9e championne arabe, Mathias Hemmache,\" \/>\n<meta property=\"og:url\" content=\"https:\/\/lasentinelle.dz\/index.php\/2022\/09\/12\/selection-nationale-u17-le-gardien-hemmache-veut-etre-le-digne-heritier-de-mbolhi\/\" \/>\n<meta property=\"og:site_name\" content=\"La Sentinelle\" \/>\n<meta property=\"article:publisher\" content=\"https:\/\/www.facebook.com\/La-Sentinelle-104059864394773\" \/>\n<meta property=\"article:published_time\" content=\"2022-09-11T23:01:00+00:00\" \/>\n<meta property=\"og:image\" content=\"https:\/\/lasentinelle.dz\/wp-content\/uploads\/2022\/09\/Mathias-Hammache.png\" \/>\n\t<meta property=\"og:image:width\" content=\"1351\" \/>\n\t<meta property=\"og:image:height\" content=\"900\" \/>\n\t<meta property=\"og:image:type\" content=\"image\/png\" \/>\n<meta name=\"author\" content=\"La Sentinelle\" \/>\n<meta name=\"twitter:card\" content=\"summary_large_image\" \/>\n<meta name=\"twitter:label1\" content=\"\u00c9crit par\" \/>\n\t<meta name=\"twitter:data1\" content=\"La Sentinelle\" \/>\n\t<meta name=\"twitter:label2\" content=\"Dur\u00e9e de lecture estim\u00e9e\" \/>\n\t<meta name=\"twitter:data2\" content=\"4 minutes\" \/>\n<script type=\"application\/ld+json\" class=\"yoast-schema-graph\">{\"@context\":\"https:\\\/\\\/schema.org\",\"@graph\":[{\"@type\":\"Article\",\"@id\":\"https:\\\/\\\/lasentinelle.dz\\\/index.php\\\/2022\\\/09\\\/12\\\/selection-nationale-u17-le-gardien-hemmache-veut-etre-le-digne-heritier-de-mbolhi\\\/#article\",\"isPartOf\":{\"@id\":\"https:\\\/\\\/lasentinelle.dz\\\/index.php\\\/2022\\\/09\\\/12\\\/selection-nationale-u17-le-gardien-hemmache-veut-etre-le-digne-heritier-de-mbolhi\\\/\"},\"author\":{\"name\":\"La Sentinelle\",\"@id\":\"https:\\\/\\\/lasentinelle.dz\\\/#\\\/schema\\\/person\\\/d865044e22e70a75174ce8bcad3acfb3\"},\"headline\":\"S\u00e9lection nationale U17\u00a0: Le gardien Hemmache veut \u00eatre \u00a0\u00bble digne h\u00e9ritier de M&rsquo;bolhi\u00a0\u00bb\",\"datePublished\":\"2022-09-11T23:01:00+00:00\",\"mainEntityOfPage\":{\"@id\":\"https:\\\/\\\/lasentinelle.dz\\\/index.php\\\/2022\\\/09\\\/12\\\/selection-nationale-u17-le-gardien-hemmache-veut-etre-le-digne-heritier-de-mbolhi\\\/\"},\"wordCount\":809,\"commentCount\":0,\"publisher\":{\"@id\":\"https:\\\/\\\/lasentinelle.dz\\\/#organization\"},\"image\":{\"@id\":\"https:\\\/\\\/lasentinelle.dz\\\/index.php\\\/2022\\\/09\\\/12\\\/selection-nationale-u17-le-gardien-hemmache-veut-etre-le-digne-heritier-de-mbolhi\\\/#primaryimage\"},\"thumbnailUrl\":\"https:\\\/\\\/lasentinelle.dz\\\/wp-content\\\/uploads\\\/2022\\\/09\\\/Mathias-Hammache.png\",\"articleSection\":[\"Sports\"],\"inLanguage\":\"fr-FR\",\"potentialAction\":[{\"@type\":\"CommentAction\",\"name\":\"Comment\",\"target\":[\"https:\\\/\\\/lasentinelle.dz\\\/index.php\\\/2022\\\/09\\\/12\\\/selection-nationale-u17-le-gardien-hemmache-veut-etre-le-digne-heritier-de-mbolhi\\\/#respond\"]}]},{\"@type\":\"WebPage\",\"@id\":\"https:\\\/\\\/lasentinelle.dz\\\/index.php\\\/2022\\\/09\\\/12\\\/selection-nationale-u17-le-gardien-hemmache-veut-etre-le-digne-heritier-de-mbolhi\\\/\",\"url\":\"https:\\\/\\\/lasentinelle.dz\\\/index.php\\\/2022\\\/09\\\/12\\\/selection-nationale-u17-le-gardien-hemmache-veut-etre-le-digne-heritier-de-mbolhi\\\/\",\"name\":\"S\u00e9lection nationale U17\u00a0: Le gardien Hemmache veut \u00eatre \u00a0\u00bble digne h\u00e9ritier de M&rsquo;bolhi\u00a0\u00bb - La Sentinelle\",\"isPartOf\":{\"@id\":\"https:\\\/\\\/lasentinelle.dz\\\/#website\"},\"primaryImageOfPage\":{\"@id\":\"https:\\\/\\\/lasentinelle.dz\\\/index.php\\\/2022\\\/09\\\/12\\\/selection-nationale-u17-le-gardien-hemmache-veut-etre-le-digne-heritier-de-mbolhi\\\/#primaryimage\"},\"image\":{\"@id\":\"https:\\\/\\\/lasentinelle.dz\\\/index.php\\\/2022\\\/09\\\/12\\\/selection-nationale-u17-le-gardien-hemmache-veut-etre-le-digne-heritier-de-mbolhi\\\/#primaryimage\"},\"thumbnailUrl\":\"https:\\\/\\\/lasentinelle.dz\\\/wp-content\\\/uploads\\\/2022\\\/09\\\/Mathias-Hammache.png\",\"datePublished\":\"2022-09-11T23:01:00+00:00\",\"breadcrumb\":{\"@id\":\"https:\\\/\\\/lasentinelle.dz\\\/index.php\\\/2022\\\/09\\\/12\\\/selection-nationale-u17-le-gardien-hemmache-veut-etre-le-digne-heritier-de-mbolhi\\\/#breadcrumb\"},\"inLanguage\":\"fr-FR\",\"potentialAction\":[{\"@type\":\"ReadAction\",\"target\":[\"https:\\\/\\\/lasentinelle.dz\\\/index.php\\\/2022\\\/09\\\/12\\\/selection-nationale-u17-le-gardien-hemmache-veut-etre-le-digne-heritier-de-mbolhi\\\/\"]}]},{\"@type\":\"ImageObject\",\"inLanguage\":\"fr-FR\",\"@id\":\"https:\\\/\\\/lasentinelle.dz\\\/index.php\\\/2022\\\/09\\\/12\\\/selection-nationale-u17-le-gardien-hemmache-veut-etre-le-digne-heritier-de-mbolhi\\\/#primaryimage\",\"url\":\"https:\\\/\\\/lasentinelle.dz\\\/wp-content\\\/uploads\\\/2022\\\/09\\\/Mathias-Hammache.png\",\"contentUrl\":\"https:\\\/\\\/lasentinelle.dz\\\/wp-content\\\/uploads\\\/2022\\\/09\\\/Mathias-Hammache.png\",\"width\":1351,\"height\":900},{\"@type\":\"BreadcrumbList\",\"@id\":\"https:\\\/\\\/lasentinelle.dz\\\/index.php\\\/2022\\\/09\\\/12\\\/selection-nationale-u17-le-gardien-hemmache-veut-etre-le-digne-heritier-de-mbolhi\\\/#breadcrumb\",\"itemListElement\":[{\"@type\":\"ListItem\",\"position\":1,\"name\":\"Accueil\",\"item\":\"https:\\\/\\\/lasentinelle.dz\\\/\"},{\"@type\":\"ListItem\",\"position\":2,\"name\":\"S\u00e9lection nationale U17\u00a0: Le gardien Hemmache veut \u00eatre \u00a0\u00bble digne h\u00e9ritier de M&rsquo;bolhi\u00a0\u00bb\"}]},{\"@type\":\"WebSite\",\"@id\":\"https:\\\/\\\/lasentinelle.dz\\\/#website\",\"url\":\"https:\\\/\\\/lasentinelle.dz\\\/\",\"name\":\"La Sentinelle\",\"description\":\"Quotidien national d&#039;information\",\"publisher\":{\"@id\":\"https:\\\/\\\/lasentinelle.dz\\\/#organization\"},\"potentialAction\":[{\"@type\":\"SearchAction\",\"target\":{\"@type\":\"EntryPoint\",\"urlTemplate\":\"https:\\\/\\\/lasentinelle.dz\\\/?s={search_term_string}\"},\"query-input\":{\"@type\":\"PropertyValueSpecification\",\"valueRequired\":true,\"valueName\":\"search_term_string\"}}],\"inLanguage\":\"fr-FR\"},{\"@type\":\"Organization\",\"@id\":\"https:\\\/\\\/lasentinelle.dz\\\/#organization\",\"name\":\"Quotidien La Sentinelle\",\"url\":\"https:\\\/\\\/lasentinelle.dz\\\/\",\"logo\":{\"@type\":\"ImageObject\",\"inLanguage\":\"fr-FR\",\"@id\":\"https:\\\/\\\/lasentinelle.dz\\\/#\\\/schema\\\/logo\\\/image\\\/\",\"url\":\"https:\\\/\\\/lasentinelle.dz\\\/wp-content\\\/uploads\\\/2021\\\/09\\\/logo-sentinelleSLOGAN-1.png\",\"contentUrl\":\"https:\\\/\\\/lasentinelle.dz\\\/wp-content\\\/uploads\\\/2021\\\/09\\\/logo-sentinelleSLOGAN-1.png\",\"width\":615,\"height\":142,\"caption\":\"Quotidien La Sentinelle\"},\"image\":{\"@id\":\"https:\\\/\\\/lasentinelle.dz\\\/#\\\/schema\\\/logo\\\/image\\\/\"},\"sameAs\":[\"https:\\\/\\\/www.facebook.com\\\/La-Sentinelle-104059864394773\"]},{\"@type\":\"Person\",\"@id\":\"https:\\\/\\\/lasentinelle.dz\\\/#\\\/schema\\\/person\\\/d865044e22e70a75174ce8bcad3acfb3\",\"name\":\"La Sentinelle\",\"image\":{\"@type\":\"ImageObject\",\"inLanguage\":\"fr-FR\",\"@id\":\"https:\\\/\\\/secure.gravatar.com\\\/avatar\\\/57de8e5d4b15d43fb361a71fbb36338450fe67865b528a43dd10ef7c51a20392?s=96&d=mm&r=g\",\"url\":\"https:\\\/\\\/secure.gravatar.com\\\/avatar\\\/57de8e5d4b15d43fb361a71fbb36338450fe67865b528a43dd10ef7c51a20392?s=96&d=mm&r=g\",\"contentUrl\":\"https:\\\/\\\/secure.gravatar.com\\\/avatar\\\/57de8e5d4b15d43fb361a71fbb36338450fe67865b528a43dd10ef7c51a20392?s=96&d=mm&r=g\",\"caption\":\"La Sentinelle\"},\"sameAs\":[\"http:\\\/\\\/www.lasentinelle.dz\"],\"url\":\"https:\\\/\\\/lasentinelle.dz\\\/author\\\/redaction\\\/\"}]}<\/script>\n<!-- \/ Yoast SEO plugin. -->","yoast_head_json":{"title":"S\u00e9lection nationale U17\u00a0: Le gardien Hemmache veut \u00eatre \u00a0\u00bble digne h\u00e9ritier de M&rsquo;bolhi\u00a0\u00bb - La Sentinelle","robots":{"index":"index","follow":"follow","max-snippet":"max-snippet:-1","max-image-preview":"max-image-preview:large","max-video-preview":"max-video-preview:-1"},"canonical":"https:\/\/lasentinelle.dz\/index.php\/2022\/09\/12\/selection-nationale-u17-le-gardien-hemmache-veut-etre-le-digne-heritier-de-mbolhi\/","og_locale":"fr_FR","og_type":"article","og_title":"S\u00e9lection nationale U17\u00a0: Le gardien Hemmache veut \u00eatre \u00a0\u00bble digne h\u00e9ritier de M&rsquo;bolhi\u00a0\u00bb - La Sentinelle","og_description":"Le gardien de la s\u00e9lection alg\u00e9rienne de football des moins de 17 ans (U17), fra\u00eechement sacr\u00e9e championne arabe, Mathias Hemmache,","og_url":"https:\/\/lasentinelle.dz\/index.php\/2022\/09\/12\/selection-nationale-u17-le-gardien-hemmache-veut-etre-le-digne-heritier-de-mbolhi\/","og_site_name":"La Sentinelle","article_publisher":"https:\/\/www.facebook.com\/La-Sentinelle-104059864394773","article_published_time":"2022-09-11T23:01:00+00:00","og_image":[{"width":1351,"height":900,"url":"https:\/\/lasentinelle.dz\/wp-content\/uploads\/2022\/09\/Mathias-Hammache.png","type":"image\/png"}],"author":"La Sentinelle","twitter_card":"summary_large_image","twitter_misc":{"\u00c9crit par":"La Sentinelle","Dur\u00e9e de lecture estim\u00e9e":"4 minutes"},"schema":{"@context":"https:\/\/schema.org","@graph":[{"@type":"Article","@id":"https:\/\/lasentinelle.dz\/index.php\/2022\/09\/12\/selection-nationale-u17-le-gardien-hemmache-veut-etre-le-digne-heritier-de-mbolhi\/#article","isPartOf":{"@id":"https:\/\/lasentinelle.dz\/index.php\/2022\/09\/12\/selection-nationale-u17-le-gardien-hemmache-veut-etre-le-digne-heritier-de-mbolhi\/"},"author":{"name":"La Sentinelle","@id":"https:\/\/lasentinelle.dz\/#\/schema\/person\/d865044e22e70a75174ce8bcad3acfb3"},"headline":"S\u00e9lection nationale U17\u00a0: Le gardien Hemmache veut \u00eatre \u00a0\u00bble digne h\u00e9ritier de M&rsquo;bolhi\u00a0\u00bb","datePublished":"2022-09-11T23:01:00+00:00","mainEntityOfPage":{"@id":"https:\/\/lasentinelle.dz\/index.php\/2022\/09\/12\/selection-nationale-u17-le-gardien-hemmache-veut-etre-le-digne-heritier-de-mbolhi\/"},"wordCount":809,"commentCount":0,"publisher":{"@id":"https:\/\/lasentinelle.dz\/#organization"},"image":{"@id":"https:\/\/lasentinelle.dz\/index.php\/2022\/09\/12\/selection-nationale-u17-le-gardien-hemmache-veut-etre-le-digne-heritier-de-mbolhi\/#primaryimage"},"thumbnailUrl":"https:\/\/lasentinelle.dz\/wp-content\/uploads\/2022\/09\/Mathias-Hammache.png","articleSection":["Sports"],"inLanguage":"fr-FR","potentialAction":[{"@type":"CommentAction","name":"Comment","target":["https:\/\/lasentinelle.dz\/index.php\/2022\/09\/12\/selection-nationale-u17-le-gardien-hemmache-veut-etre-le-digne-heritier-de-mbolhi\/#respond"]}]},{"@type":"WebPage","@id":"https:\/\/lasentinelle.dz\/index.php\/2022\/09\/12\/selection-nationale-u17-le-gardien-hemmache-veut-etre-le-digne-heritier-de-mbolhi\/","url":"https:\/\/lasentinelle.dz\/index.php\/2022\/09\/12\/selection-nationale-u17-le-gardien-hemmache-veut-etre-le-digne-heritier-de-mbolhi\/","name":"S\u00e9lection nationale U17\u00a0: Le gardien Hemmache veut \u00eatre \u00a0\u00bble digne h\u00e9ritier de M&rsquo;bolhi\u00a0\u00bb - La Sentinelle","isPartOf":{"@id":"https:\/\/lasentinelle.dz\/#website"},"primaryImageOfPage":{"@id":"https:\/\/lasentinelle.dz\/index.php\/2022\/09\/12\/selection-nationale-u17-le-gardien-hemmache-veut-etre-le-digne-heritier-de-mbolhi\/#primaryimage"},"image":{"@id":"https:\/\/lasentinelle.dz\/index.php\/2022\/09\/12\/selection-nationale-u17-le-gardien-hemmache-veut-etre-le-digne-heritier-de-mbolhi\/#primaryimage"},"thumbnailUrl":"https:\/\/lasentinelle.dz\/wp-content\/uploads\/2022\/09\/Mathias-Hammache.png","datePublished":"2022-09-11T23:01:00+00:00","breadcrumb":{"@id":"https:\/\/lasentinelle.dz\/index.php\/2022\/09\/12\/selection-nationale-u17-le-gardien-hemmache-veut-etre-le-digne-heritier-de-mbolhi\/#breadcrumb"},"inLanguage":"fr-FR","potentialAction":[{"@type":"ReadAction","target":["https:\/\/lasentinelle.dz\/index.php\/2022\/09\/12\/selection-nationale-u17-le-gardien-hemmache-veut-etre-le-digne-heritier-de-mbolhi\/"]}]},{"@type":"ImageObject","inLanguage":"fr-FR","@id":"https:\/\/lasentinelle.dz\/index.php\/2022\/09\/12\/selection-nationale-u17-le-gardien-hemmache-veut-etre-le-digne-heritier-de-mbolhi\/#primaryimage","url":"https:\/\/lasentinelle.dz\/wp-content\/uploads\/2022\/09\/Mathias-Hammache.png","contentUrl":"https:\/\/lasentinelle.dz\/wp-content\/uploads\/2022\/09\/Mathias-Hammache.png","width":1351,"height":900},{"@type":"BreadcrumbList","@id":"https:\/\/lasentinelle.dz\/index.php\/2022\/09\/12\/selection-nationale-u17-le-gardien-hemmache-veut-etre-le-digne-heritier-de-mbolhi\/#breadcrumb","itemListElement":[{"@type":"ListItem","position":1,"name":"Accueil","item":"https:\/\/lasentinelle.dz\/"},{"@type":"ListItem","position":2,"name":"S\u00e9lection nationale U17\u00a0: Le gardien Hemmache veut \u00eatre \u00a0\u00bble digne h\u00e9ritier de M&rsquo;bolhi\u00a0\u00bb"}]},{"@type":"WebSite","@id":"https:\/\/lasentinelle.dz\/#website","url":"https:\/\/lasentinelle.dz\/","name":"La Sentinelle","description":"Quotidien national d&#039;information","publisher":{"@id":"https:\/\/lasentinelle.dz\/#organization"},"potentialAction":[{"@type":"SearchAction","target":{"@type":"EntryPoint","urlTemplate":"https:\/\/lasentinelle.dz\/?s={search_term_string}"},"query-input":{"@type":"PropertyValueSpecification","valueRequired":true,"valueName":"search_term_string"}}],"inLanguage":"fr-FR"},{"@type":"Organization","@id":"https:\/\/lasentinelle.dz\/#organization","name":"Quotidien La Sentinelle","url":"https:\/\/lasentinelle.dz\/","logo":{"@type":"ImageObject","inLanguage":"fr-FR","@id":"https:\/\/lasentinelle.dz\/#\/schema\/logo\/image\/","url":"https:\/\/lasentinelle.dz\/wp-content\/uploads\/2021\/09\/logo-sentinelleSLOGAN-1.png","contentUrl":"https:\/\/lasentinelle.dz\/wp-content\/uploads\/2021\/09\/logo-sentinelleSLOGAN-1.png","width":615,"height":142,"caption":"Quotidien La Sentinelle"},"image":{"@id":"https:\/\/lasentinelle.dz\/#\/schema\/logo\/image\/"},"sameAs":["https:\/\/www.facebook.com\/La-Sentinelle-104059864394773"]},{"@type":"Person","@id":"https:\/\/lasentinelle.dz\/#\/schema\/person\/d865044e22e70a75174ce8bcad3acfb3","name":"La Sentinelle","image":{"@type":"ImageObject","inLanguage":"fr-FR","@id":"https:\/\/secure.gravatar.com\/avatar\/57de8e5d4b15d43fb361a71fbb36338450fe67865b528a43dd10ef7c51a20392?s=96&d=mm&r=g","url":"https:\/\/secure.gravatar.com\/avatar\/57de8e5d4b15d43fb361a71fbb36338450fe67865b528a43dd10ef7c51a20392?s=96&d=mm&r=g","contentUrl":"https:\/\/secure.gravatar.com\/avatar\/57de8e5d4b15d43fb361a71fbb36338450fe67865b528a43dd10ef7c51a20392?s=96&d=mm&r=g","caption":"La Sentinelle"},"sameAs":["http:\/\/www.lasentinelle.dz"],"url":"https:\/\/lasentinelle.dz\/author\/redaction\/"}]}},"_links":{"self":[{"href":"https:\/\/lasentinelle.dz\/index.php\/wp-json\/wp\/v2\/posts\/27167","targetHints":{"allow":["GET"]}}],"collection":[{"href":"https:\/\/lasentinelle.dz\/index.php\/wp-json\/wp\/v2\/posts"}],"about":[{"href":"https:\/\/lasentinelle.dz\/index.php\/wp-json\/wp\/v2\/types\/post"}],"author":[{"embeddable":true,"href":"https:\/\/lasentinelle.dz\/index.php\/wp-json\/wp\/v2\/users\/3"}],"replies":[{"embeddable":true,"href":"https:\/\/lasentinelle.dz\/index.php\/wp-json\/wp\/v2\/comments?post=27167"}],"version-history":[{"count":1,"href":"https:\/\/lasentinelle.dz\/index.php\/wp-json\/wp\/v2\/posts\/27167\/revisions"}],"predecessor-version":[{"id":27196,"href":"https:\/\/lasentinelle.dz\/index.php\/wp-json\/wp\/v2\/posts\/27167\/revisions\/27196"}],"wp:featuredmedia":[{"embeddable":true,"href":"https:\/\/lasentinelle.dz\/index.php\/wp-json\/wp\/v2\/media\/27195"}],"wp:attachment":[{"href":"https:\/\/lasentinelle.dz\/index.php\/wp-json\/wp\/v2\/media?parent=27167"}],"wp:term":[{"taxonomy":"category","embeddable":true,"href":"https:\/\/lasentinelle.dz\/index.php\/wp-json\/wp\/v2\/categories?post=27167"},{"taxonomy":"post_tag","embeddable":true,"href":"https:\/\/lasentinelle.dz\/index.php\/wp-json\/wp\/v2\/tags?post=27167"}],"curies":[{"name":"wp","href":"https:\/\/api.w.org\/{rel}","templated":true}]}}