{"id":27193,"date":"2022-09-12T00:05:00","date_gmt":"2022-09-11T23:05:00","guid":{"rendered":"https:\/\/lasentinelle.dz\/?p=27193"},"modified":"2022-09-11T19:13:57","modified_gmt":"2022-09-11T18:13:57","slug":"reintegration-des-eleves-depot-des-demandes-des-le-2-octobre","status":"publish","type":"post","link":"https:\/\/lasentinelle.dz\/index.php\/2022\/09\/12\/reintegration-des-eleves-depot-des-demandes-des-le-2-octobre\/","title":{"rendered":"R\u00e9int\u00e9gration des \u00e9l\u00e8ves\u00a0: D\u00e9p\u00f4t des demandes\u00a0d\u00e8s le\u00a02 octobre"},"content":{"rendered":"\n<p>Le minist\u00e8re de l&rsquo;Education nationale a affirm\u00e9 dans une circulaire, que le d\u00e9p\u00f4t des demandes relatives \u00e0 la r\u00e9int\u00e9gration des \u00e9l\u00e8ves d\u00e9sirant redoubler l&rsquo;ann\u00e9e, se fera \u00e0 partir du 2 octobre, ajoutant que les \u00e9tablissements \u00e9ducatifs doivent informer, \u00e0 compter de ce dimanche, les parents d&rsquo;\u00e9l\u00e8ves du calendrier de cette importante mesure p\u00e9dagogique.&nbsp;Selon la m\u00eame source, ces demandes sont d\u00e9pos\u00e9es aupr\u00e8s du secr\u00e9tariat du directeur de l&rsquo;\u00e9tablissement \u00e9ducatif, \u00a0\u00bb entre le 2 et le 6 octobre et sont accompagn\u00e9es des relev\u00e9s de note des trois trimestres de l&rsquo;ann\u00e9e scolaire 2021\/2022, en pr\u00e9paration de la tenue d&rsquo;une s\u00e9ance exceptionnelle du conseil de classe, l&rsquo;examen de ces demandes devant intervenir le 10 octobre\u00a0\u00bb.&nbsp;La circulaire a \u00e9galement d\u00e9fini plusieurs consid\u00e9rations sur lesquelles le conseil fonde ses d\u00e9cisions, en accordant l&rsquo;opportunit\u00e9 de redoubler l&rsquo;ann\u00e9e ou non \u00e0 chaque \u00e9l\u00e8ve, dont celle ayant trait \u00e0 l&rsquo;\u00e9tablissement \u00e9ducatif, notamment la prise en compte de sa capacit\u00e9 d&rsquo;accueil et la disponibilit\u00e9 des places p\u00e9dagogiques et autres relatives \u00e0 l&rsquo;assiduit\u00e9, la discipline, ainsi que la bonne conduite.&nbsp;Selon la m\u00eame circulaire, les d\u00e9cisions du conseil sont annonc\u00e9es le jour suivant sa tenue, soit le 11 du m\u00eame mois. Les parents d&rsquo;\u00e9l\u00e8ves sont \u00e9galement tenus inform\u00e9s par \u00e9crit, \u00ab\u00a0tandis que la date du 13 octobre a \u00e9t\u00e9 fix\u00e9e pour inscrire les \u00e9l\u00e8ves dont les demandes ont \u00e9t\u00e9 accept\u00e9es\u00a0\u00bb.&nbsp;Les demandes refus\u00e9es, jointes des fiches de renseignements des \u00e9l\u00e8ves concern\u00e9s, seront transf\u00e9r\u00e9es aux Directions de l&rsquo;Education au plus tard le 12 octobre, avant d&rsquo;\u00eatre enregistr\u00e9es par le chef de service de l&rsquo;Organisation scolaire ou le chef de service des Examens, puis examin\u00e9es par une commission ad-hoc.&nbsp;A noter que les \u00e9tablissements scolaires (coll\u00e8ges et lyc\u00e9es) ont commenc\u00e9,&nbsp;hier, \u00e0 informer les parents d&rsquo;\u00e9l\u00e8ves des dispositifs relatifs \u00e0 la r\u00e9int\u00e9gration des \u00e9l\u00e8ves au titre de l&rsquo;ann\u00e9e scolaire 2022\/2023, conform\u00e9ment \u00e0 la circulaire rendue publique le 4 septembre.&nbsp;La r\u00e9int\u00e9gration des \u00e9l\u00e8ves est \u00ab\u00a0une proc\u00e9dure p\u00e9dagogique\u00a0\u00bb men\u00e9e par les \u00e9tablissements \u00e9ducatifs au d\u00e9but de chaque ann\u00e9e scolaire et est consid\u00e9r\u00e9e comme une opportunit\u00e9 pour les scolaris\u00e9s ayant \u00e9chou\u00e9 une seconde fois, et souhaitant poursuivre leurs \u00e9tudes.<\/p>\n\n\n\n<p>APS<\/p>\n","protected":false},"excerpt":{"rendered":"<p>Le minist\u00e8re de l&rsquo;Education nationale a affirm\u00e9 dans une circulaire, que le d\u00e9p\u00f4t des demandes relatives \u00e0 la r\u00e9int\u00e9gration des<\/p>\n","protected":false},"author":3,"featured_media":21880,"comment_status":"open","ping_status":"closed","sticky":false,"template":"","format":"standard","meta":{"colormag_page_container_layout":"default_layout","colormag_page_sidebar_layout":"default_layout","om_disable_all_campaigns":false,"_monsterinsights_skip_tracking":false,"_monsterinsights_sitenote_active":false,"_monsterinsights_sitenote_note":"","_monsterinsights_sitenote_category":0,"footnotes":"","_wpscppro_dont_share_socialmedia":false,"_wpscppro_custom_social_share_image":0,"_facebook_share_type":"","_twitter_share_type":"","_linkedin_share_type":"","_pinterest_share_type":"","_linkedin_share_type_page":"","_instagram_share_type":"","_medium_share_type":"","_threads_share_type":"","_google_business_share_type":"","_selected_social_profile":[],"_wpsp_enable_custom_social_template":false,"_wpsp_social_scheduling":{"enabled":false,"datetime":null,"platforms":[],"status":"template_only","dateOption":"today","timeOption":"now","customDays":"","customHours":"","customDate":"","customTime":"","schedulingType":"absolute"},"_wpsp_active_default_template":true},"categories":[27],"tags":[],"class_list":["post-27193","post","type-post","status-publish","format-standard","has-post-thumbnail","hentry","category-actualite"],"aioseo_notices":[],"yoast_head":"<!-- This site is optimized with the Yoast SEO plugin v27.5 - https:\/\/yoast.com\/product\/yoast-seo-wordpress\/ -->\n<title>R\u00e9int\u00e9gration des \u00e9l\u00e8ves\u00a0: D\u00e9p\u00f4t des demandes\u00a0d\u00e8s le\u00a02 octobre - La Sentinelle<\/title>\n<meta name=\"robots\" content=\"index, follow, max-snippet:-1, max-image-preview:large, max-video-preview:-1\" \/>\n<link rel=\"canonical\" href=\"https:\/\/lasentinelle.dz\/index.php\/2022\/09\/12\/reintegration-des-eleves-depot-des-demandes-des-le-2-octobre\/\" \/>\n<meta property=\"og:locale\" content=\"fr_FR\" \/>\n<meta property=\"og:type\" content=\"article\" \/>\n<meta property=\"og:title\" content=\"R\u00e9int\u00e9gration des \u00e9l\u00e8ves\u00a0: D\u00e9p\u00f4t des demandes\u00a0d\u00e8s le\u00a02 octobre - La Sentinelle\" \/>\n<meta property=\"og:description\" content=\"Le minist\u00e8re de l&rsquo;Education nationale a affirm\u00e9 dans une circulaire, que le d\u00e9p\u00f4t des demandes relatives \u00e0 la r\u00e9int\u00e9gration des\" \/>\n<meta property=\"og:url\" content=\"https:\/\/lasentinelle.dz\/index.php\/2022\/09\/12\/reintegration-des-eleves-depot-des-demandes-des-le-2-octobre\/\" \/>\n<meta property=\"og:site_name\" content=\"La Sentinelle\" \/>\n<meta property=\"article:publisher\" content=\"https:\/\/www.facebook.com\/La-Sentinelle-104059864394773\" \/>\n<meta property=\"article:published_time\" content=\"2022-09-11T23:05:00+00:00\" \/>\n<meta property=\"og:image\" content=\"https:\/\/lasentinelle.dz\/wp-content\/uploads\/2022\/05\/education.png\" \/>\n\t<meta property=\"og:image:width\" content=\"1491\" \/>\n\t<meta property=\"og:image:height\" content=\"900\" \/>\n\t<meta property=\"og:image:type\" content=\"image\/png\" \/>\n<meta name=\"author\" content=\"La Sentinelle\" \/>\n<meta name=\"twitter:card\" content=\"summary_large_image\" \/>\n<meta name=\"twitter:label1\" content=\"\u00c9crit par\" \/>\n\t<meta name=\"twitter:data1\" content=\"La Sentinelle\" \/>\n\t<meta name=\"twitter:label2\" content=\"Dur\u00e9e de lecture estim\u00e9e\" \/>\n\t<meta name=\"twitter:data2\" content=\"2 minutes\" \/>\n<script type=\"application\/ld+json\" class=\"yoast-schema-graph\">{\"@context\":\"https:\\\/\\\/schema.org\",\"@graph\":[{\"@type\":\"Article\",\"@id\":\"https:\\\/\\\/lasentinelle.dz\\\/index.php\\\/2022\\\/09\\\/12\\\/reintegration-des-eleves-depot-des-demandes-des-le-2-octobre\\\/#article\",\"isPartOf\":{\"@id\":\"https:\\\/\\\/lasentinelle.dz\\\/index.php\\\/2022\\\/09\\\/12\\\/reintegration-des-eleves-depot-des-demandes-des-le-2-octobre\\\/\"},\"author\":{\"name\":\"La Sentinelle\",\"@id\":\"https:\\\/\\\/lasentinelle.dz\\\/#\\\/schema\\\/person\\\/d865044e22e70a75174ce8bcad3acfb3\"},\"headline\":\"R\u00e9int\u00e9gration des \u00e9l\u00e8ves\u00a0: D\u00e9p\u00f4t des demandes\u00a0d\u00e8s le\u00a02 octobre\",\"datePublished\":\"2022-09-11T23:05:00+00:00\",\"mainEntityOfPage\":{\"@id\":\"https:\\\/\\\/lasentinelle.dz\\\/index.php\\\/2022\\\/09\\\/12\\\/reintegration-des-eleves-depot-des-demandes-des-le-2-octobre\\\/\"},\"wordCount\":428,\"commentCount\":0,\"publisher\":{\"@id\":\"https:\\\/\\\/lasentinelle.dz\\\/#organization\"},\"image\":{\"@id\":\"https:\\\/\\\/lasentinelle.dz\\\/index.php\\\/2022\\\/09\\\/12\\\/reintegration-des-eleves-depot-des-demandes-des-le-2-octobre\\\/#primaryimage\"},\"thumbnailUrl\":\"https:\\\/\\\/lasentinelle.dz\\\/wp-content\\\/uploads\\\/2022\\\/05\\\/education.png\",\"articleSection\":[\"Actualit\u00e9\"],\"inLanguage\":\"fr-FR\",\"potentialAction\":[{\"@type\":\"CommentAction\",\"name\":\"Comment\",\"target\":[\"https:\\\/\\\/lasentinelle.dz\\\/index.php\\\/2022\\\/09\\\/12\\\/reintegration-des-eleves-depot-des-demandes-des-le-2-octobre\\\/#respond\"]}]},{\"@type\":\"WebPage\",\"@id\":\"https:\\\/\\\/lasentinelle.dz\\\/index.php\\\/2022\\\/09\\\/12\\\/reintegration-des-eleves-depot-des-demandes-des-le-2-octobre\\\/\",\"url\":\"https:\\\/\\\/lasentinelle.dz\\\/index.php\\\/2022\\\/09\\\/12\\\/reintegration-des-eleves-depot-des-demandes-des-le-2-octobre\\\/\",\"name\":\"R\u00e9int\u00e9gration des \u00e9l\u00e8ves\u00a0: D\u00e9p\u00f4t des demandes\u00a0d\u00e8s le\u00a02 octobre - La Sentinelle\",\"isPartOf\":{\"@id\":\"https:\\\/\\\/lasentinelle.dz\\\/#website\"},\"primaryImageOfPage\":{\"@id\":\"https:\\\/\\\/lasentinelle.dz\\\/index.php\\\/2022\\\/09\\\/12\\\/reintegration-des-eleves-depot-des-demandes-des-le-2-octobre\\\/#primaryimage\"},\"image\":{\"@id\":\"https:\\\/\\\/lasentinelle.dz\\\/index.php\\\/2022\\\/09\\\/12\\\/reintegration-des-eleves-depot-des-demandes-des-le-2-octobre\\\/#primaryimage\"},\"thumbnailUrl\":\"https:\\\/\\\/lasentinelle.dz\\\/wp-content\\\/uploads\\\/2022\\\/05\\\/education.png\",\"datePublished\":\"2022-09-11T23:05:00+00:00\",\"breadcrumb\":{\"@id\":\"https:\\\/\\\/lasentinelle.dz\\\/index.php\\\/2022\\\/09\\\/12\\\/reintegration-des-eleves-depot-des-demandes-des-le-2-octobre\\\/#breadcrumb\"},\"inLanguage\":\"fr-FR\",\"potentialAction\":[{\"@type\":\"ReadAction\",\"target\":[\"https:\\\/\\\/lasentinelle.dz\\\/index.php\\\/2022\\\/09\\\/12\\\/reintegration-des-eleves-depot-des-demandes-des-le-2-octobre\\\/\"]}]},{\"@type\":\"ImageObject\",\"inLanguage\":\"fr-FR\",\"@id\":\"https:\\\/\\\/lasentinelle.dz\\\/index.php\\\/2022\\\/09\\\/12\\\/reintegration-des-eleves-depot-des-demandes-des-le-2-octobre\\\/#primaryimage\",\"url\":\"https:\\\/\\\/lasentinelle.dz\\\/wp-content\\\/uploads\\\/2022\\\/05\\\/education.png\",\"contentUrl\":\"https:\\\/\\\/lasentinelle.dz\\\/wp-content\\\/uploads\\\/2022\\\/05\\\/education.png\",\"width\":1491,\"height\":900},{\"@type\":\"BreadcrumbList\",\"@id\":\"https:\\\/\\\/lasentinelle.dz\\\/index.php\\\/2022\\\/09\\\/12\\\/reintegration-des-eleves-depot-des-demandes-des-le-2-octobre\\\/#breadcrumb\",\"itemListElement\":[{\"@type\":\"ListItem\",\"position\":1,\"name\":\"Accueil\",\"item\":\"https:\\\/\\\/lasentinelle.dz\\\/\"},{\"@type\":\"ListItem\",\"position\":2,\"name\":\"R\u00e9int\u00e9gration des \u00e9l\u00e8ves\u00a0: D\u00e9p\u00f4t des demandes\u00a0d\u00e8s le\u00a02 octobre\"}]},{\"@type\":\"WebSite\",\"@id\":\"https:\\\/\\\/lasentinelle.dz\\\/#website\",\"url\":\"https:\\\/\\\/lasentinelle.dz\\\/\",\"name\":\"La Sentinelle\",\"description\":\"Quotidien national d&#039;information\",\"publisher\":{\"@id\":\"https:\\\/\\\/lasentinelle.dz\\\/#organization\"},\"potentialAction\":[{\"@type\":\"SearchAction\",\"target\":{\"@type\":\"EntryPoint\",\"urlTemplate\":\"https:\\\/\\\/lasentinelle.dz\\\/?s={search_term_string}\"},\"query-input\":{\"@type\":\"PropertyValueSpecification\",\"valueRequired\":true,\"valueName\":\"search_term_string\"}}],\"inLanguage\":\"fr-FR\"},{\"@type\":\"Organization\",\"@id\":\"https:\\\/\\\/lasentinelle.dz\\\/#organization\",\"name\":\"Quotidien La Sentinelle\",\"url\":\"https:\\\/\\\/lasentinelle.dz\\\/\",\"logo\":{\"@type\":\"ImageObject\",\"inLanguage\":\"fr-FR\",\"@id\":\"https:\\\/\\\/lasentinelle.dz\\\/#\\\/schema\\\/logo\\\/image\\\/\",\"url\":\"https:\\\/\\\/lasentinelle.dz\\\/wp-content\\\/uploads\\\/2021\\\/09\\\/logo-sentinelleSLOGAN-1.png\",\"contentUrl\":\"https:\\\/\\\/lasentinelle.dz\\\/wp-content\\\/uploads\\\/2021\\\/09\\\/logo-sentinelleSLOGAN-1.png\",\"width\":615,\"height\":142,\"caption\":\"Quotidien La Sentinelle\"},\"image\":{\"@id\":\"https:\\\/\\\/lasentinelle.dz\\\/#\\\/schema\\\/logo\\\/image\\\/\"},\"sameAs\":[\"https:\\\/\\\/www.facebook.com\\\/La-Sentinelle-104059864394773\"]},{\"@type\":\"Person\",\"@id\":\"https:\\\/\\\/lasentinelle.dz\\\/#\\\/schema\\\/person\\\/d865044e22e70a75174ce8bcad3acfb3\",\"name\":\"La Sentinelle\",\"image\":{\"@type\":\"ImageObject\",\"inLanguage\":\"fr-FR\",\"@id\":\"https:\\\/\\\/secure.gravatar.com\\\/avatar\\\/57de8e5d4b15d43fb361a71fbb36338450fe67865b528a43dd10ef7c51a20392?s=96&d=mm&r=g\",\"url\":\"https:\\\/\\\/secure.gravatar.com\\\/avatar\\\/57de8e5d4b15d43fb361a71fbb36338450fe67865b528a43dd10ef7c51a20392?s=96&d=mm&r=g\",\"contentUrl\":\"https:\\\/\\\/secure.gravatar.com\\\/avatar\\\/57de8e5d4b15d43fb361a71fbb36338450fe67865b528a43dd10ef7c51a20392?s=96&d=mm&r=g\",\"caption\":\"La Sentinelle\"},\"sameAs\":[\"http:\\\/\\\/www.lasentinelle.dz\"],\"url\":\"https:\\\/\\\/lasentinelle.dz\\\/author\\\/redaction\\\/\"}]}<\/script>\n<!-- \/ Yoast SEO plugin. -->","yoast_head_json":{"title":"R\u00e9int\u00e9gration des \u00e9l\u00e8ves\u00a0: D\u00e9p\u00f4t des demandes\u00a0d\u00e8s le\u00a02 octobre - La Sentinelle","robots":{"index":"index","follow":"follow","max-snippet":"max-snippet:-1","max-image-preview":"max-image-preview:large","max-video-preview":"max-video-preview:-1"},"canonical":"https:\/\/lasentinelle.dz\/index.php\/2022\/09\/12\/reintegration-des-eleves-depot-des-demandes-des-le-2-octobre\/","og_locale":"fr_FR","og_type":"article","og_title":"R\u00e9int\u00e9gration des \u00e9l\u00e8ves\u00a0: D\u00e9p\u00f4t des demandes\u00a0d\u00e8s le\u00a02 octobre - La Sentinelle","og_description":"Le minist\u00e8re de l&rsquo;Education nationale a affirm\u00e9 dans une circulaire, que le d\u00e9p\u00f4t des demandes relatives \u00e0 la r\u00e9int\u00e9gration des","og_url":"https:\/\/lasentinelle.dz\/index.php\/2022\/09\/12\/reintegration-des-eleves-depot-des-demandes-des-le-2-octobre\/","og_site_name":"La Sentinelle","article_publisher":"https:\/\/www.facebook.com\/La-Sentinelle-104059864394773","article_published_time":"2022-09-11T23:05:00+00:00","og_image":[{"width":1491,"height":900,"url":"https:\/\/lasentinelle.dz\/wp-content\/uploads\/2022\/05\/education.png","type":"image\/png"}],"author":"La Sentinelle","twitter_card":"summary_large_image","twitter_misc":{"\u00c9crit par":"La Sentinelle","Dur\u00e9e de lecture estim\u00e9e":"2 minutes"},"schema":{"@context":"https:\/\/schema.org","@graph":[{"@type":"Article","@id":"https:\/\/lasentinelle.dz\/index.php\/2022\/09\/12\/reintegration-des-eleves-depot-des-demandes-des-le-2-octobre\/#article","isPartOf":{"@id":"https:\/\/lasentinelle.dz\/index.php\/2022\/09\/12\/reintegration-des-eleves-depot-des-demandes-des-le-2-octobre\/"},"author":{"name":"La Sentinelle","@id":"https:\/\/lasentinelle.dz\/#\/schema\/person\/d865044e22e70a75174ce8bcad3acfb3"},"headline":"R\u00e9int\u00e9gration des \u00e9l\u00e8ves\u00a0: D\u00e9p\u00f4t des demandes\u00a0d\u00e8s le\u00a02 octobre","datePublished":"2022-09-11T23:05:00+00:00","mainEntityOfPage":{"@id":"https:\/\/lasentinelle.dz\/index.php\/2022\/09\/12\/reintegration-des-eleves-depot-des-demandes-des-le-2-octobre\/"},"wordCount":428,"commentCount":0,"publisher":{"@id":"https:\/\/lasentinelle.dz\/#organization"},"image":{"@id":"https:\/\/lasentinelle.dz\/index.php\/2022\/09\/12\/reintegration-des-eleves-depot-des-demandes-des-le-2-octobre\/#primaryimage"},"thumbnailUrl":"https:\/\/lasentinelle.dz\/wp-content\/uploads\/2022\/05\/education.png","articleSection":["Actualit\u00e9"],"inLanguage":"fr-FR","potentialAction":[{"@type":"CommentAction","name":"Comment","target":["https:\/\/lasentinelle.dz\/index.php\/2022\/09\/12\/reintegration-des-eleves-depot-des-demandes-des-le-2-octobre\/#respond"]}]},{"@type":"WebPage","@id":"https:\/\/lasentinelle.dz\/index.php\/2022\/09\/12\/reintegration-des-eleves-depot-des-demandes-des-le-2-octobre\/","url":"https:\/\/lasentinelle.dz\/index.php\/2022\/09\/12\/reintegration-des-eleves-depot-des-demandes-des-le-2-octobre\/","name":"R\u00e9int\u00e9gration des \u00e9l\u00e8ves\u00a0: D\u00e9p\u00f4t des demandes\u00a0d\u00e8s le\u00a02 octobre - La Sentinelle","isPartOf":{"@id":"https:\/\/lasentinelle.dz\/#website"},"primaryImageOfPage":{"@id":"https:\/\/lasentinelle.dz\/index.php\/2022\/09\/12\/reintegration-des-eleves-depot-des-demandes-des-le-2-octobre\/#primaryimage"},"image":{"@id":"https:\/\/lasentinelle.dz\/index.php\/2022\/09\/12\/reintegration-des-eleves-depot-des-demandes-des-le-2-octobre\/#primaryimage"},"thumbnailUrl":"https:\/\/lasentinelle.dz\/wp-content\/uploads\/2022\/05\/education.png","datePublished":"2022-09-11T23:05:00+00:00","breadcrumb":{"@id":"https:\/\/lasentinelle.dz\/index.php\/2022\/09\/12\/reintegration-des-eleves-depot-des-demandes-des-le-2-octobre\/#breadcrumb"},"inLanguage":"fr-FR","potentialAction":[{"@type":"ReadAction","target":["https:\/\/lasentinelle.dz\/index.php\/2022\/09\/12\/reintegration-des-eleves-depot-des-demandes-des-le-2-octobre\/"]}]},{"@type":"ImageObject","inLanguage":"fr-FR","@id":"https:\/\/lasentinelle.dz\/index.php\/2022\/09\/12\/reintegration-des-eleves-depot-des-demandes-des-le-2-octobre\/#primaryimage","url":"https:\/\/lasentinelle.dz\/wp-content\/uploads\/2022\/05\/education.png","contentUrl":"https:\/\/lasentinelle.dz\/wp-content\/uploads\/2022\/05\/education.png","width":1491,"height":900},{"@type":"BreadcrumbList","@id":"https:\/\/lasentinelle.dz\/index.php\/2022\/09\/12\/reintegration-des-eleves-depot-des-demandes-des-le-2-octobre\/#breadcrumb","itemListElement":[{"@type":"ListItem","position":1,"name":"Accueil","item":"https:\/\/lasentinelle.dz\/"},{"@type":"ListItem","position":2,"name":"R\u00e9int\u00e9gration des \u00e9l\u00e8ves\u00a0: D\u00e9p\u00f4t des demandes\u00a0d\u00e8s le\u00a02 octobre"}]},{"@type":"WebSite","@id":"https:\/\/lasentinelle.dz\/#website","url":"https:\/\/lasentinelle.dz\/","name":"La Sentinelle","description":"Quotidien national d&#039;information","publisher":{"@id":"https:\/\/lasentinelle.dz\/#organization"},"potentialAction":[{"@type":"SearchAction","target":{"@type":"EntryPoint","urlTemplate":"https:\/\/lasentinelle.dz\/?s={search_term_string}"},"query-input":{"@type":"PropertyValueSpecification","valueRequired":true,"valueName":"search_term_string"}}],"inLanguage":"fr-FR"},{"@type":"Organization","@id":"https:\/\/lasentinelle.dz\/#organization","name":"Quotidien La Sentinelle","url":"https:\/\/lasentinelle.dz\/","logo":{"@type":"ImageObject","inLanguage":"fr-FR","@id":"https:\/\/lasentinelle.dz\/#\/schema\/logo\/image\/","url":"https:\/\/lasentinelle.dz\/wp-content\/uploads\/2021\/09\/logo-sentinelleSLOGAN-1.png","contentUrl":"https:\/\/lasentinelle.dz\/wp-content\/uploads\/2021\/09\/logo-sentinelleSLOGAN-1.png","width":615,"height":142,"caption":"Quotidien La Sentinelle"},"image":{"@id":"https:\/\/lasentinelle.dz\/#\/schema\/logo\/image\/"},"sameAs":["https:\/\/www.facebook.com\/La-Sentinelle-104059864394773"]},{"@type":"Person","@id":"https:\/\/lasentinelle.dz\/#\/schema\/person\/d865044e22e70a75174ce8bcad3acfb3","name":"La Sentinelle","image":{"@type":"ImageObject","inLanguage":"fr-FR","@id":"https:\/\/secure.gravatar.com\/avatar\/57de8e5d4b15d43fb361a71fbb36338450fe67865b528a43dd10ef7c51a20392?s=96&d=mm&r=g","url":"https:\/\/secure.gravatar.com\/avatar\/57de8e5d4b15d43fb361a71fbb36338450fe67865b528a43dd10ef7c51a20392?s=96&d=mm&r=g","contentUrl":"https:\/\/secure.gravatar.com\/avatar\/57de8e5d4b15d43fb361a71fbb36338450fe67865b528a43dd10ef7c51a20392?s=96&d=mm&r=g","caption":"La Sentinelle"},"sameAs":["http:\/\/www.lasentinelle.dz"],"url":"https:\/\/lasentinelle.dz\/author\/redaction\/"}]}},"_links":{"self":[{"href":"https:\/\/lasentinelle.dz\/index.php\/wp-json\/wp\/v2\/posts\/27193","targetHints":{"allow":["GET"]}}],"collection":[{"href":"https:\/\/lasentinelle.dz\/index.php\/wp-json\/wp\/v2\/posts"}],"about":[{"href":"https:\/\/lasentinelle.dz\/index.php\/wp-json\/wp\/v2\/types\/post"}],"author":[{"embeddable":true,"href":"https:\/\/lasentinelle.dz\/index.php\/wp-json\/wp\/v2\/users\/3"}],"replies":[{"embeddable":true,"href":"https:\/\/lasentinelle.dz\/index.php\/wp-json\/wp\/v2\/comments?post=27193"}],"version-history":[{"count":1,"href":"https:\/\/lasentinelle.dz\/index.php\/wp-json\/wp\/v2\/posts\/27193\/revisions"}],"predecessor-version":[{"id":27205,"href":"https:\/\/lasentinelle.dz\/index.php\/wp-json\/wp\/v2\/posts\/27193\/revisions\/27205"}],"wp:featuredmedia":[{"embeddable":true,"href":"https:\/\/lasentinelle.dz\/index.php\/wp-json\/wp\/v2\/media\/21880"}],"wp:attachment":[{"href":"https:\/\/lasentinelle.dz\/index.php\/wp-json\/wp\/v2\/media?parent=27193"}],"wp:term":[{"taxonomy":"category","embeddable":true,"href":"https:\/\/lasentinelle.dz\/index.php\/wp-json\/wp\/v2\/categories?post=27193"},{"taxonomy":"post_tag","embeddable":true,"href":"https:\/\/lasentinelle.dz\/index.php\/wp-json\/wp\/v2\/tags?post=27193"}],"curies":[{"name":"wp","href":"https:\/\/api.w.org\/{rel}","templated":true}]}}