{"id":27197,"date":"2022-09-12T00:05:00","date_gmt":"2022-09-11T23:05:00","guid":{"rendered":"https:\/\/lasentinelle.dz\/?p=27197"},"modified":"2022-09-11T19:13:19","modified_gmt":"2022-09-11T18:13:19","slug":"incendies-de-forets-loperation-dindemnisation-quasi-achevee","status":"publish","type":"post","link":"https:\/\/lasentinelle.dz\/index.php\/2022\/09\/12\/incendies-de-forets-loperation-dindemnisation-quasi-achevee\/","title":{"rendered":"Incendies de for\u00eats\u00a0: L\u2019op\u00e9ration d\u2019indemnisation quasi-achev\u00e9e"},"content":{"rendered":"\n<p>L\u2019op\u00e9ration d\u2019indemnisation des victimes des incendies qui ont affect\u00e9 plusieurs wilayas de l\u2019Est du pays est pratiquement finalis\u00e9 et des mesures ont \u00e9t\u00e9 prises afin de permettre aux agriculteurs sinistr\u00e9s de reprendre leurs activit\u00e9s au plus vite a assur\u00e9 hier le Directeur g\u00e9n\u00e9ral des for\u00eats (DGF), Djamel Touahria.&nbsp;Face aux&nbsp;membres de la commission de l&rsquo;agriculture, de la protection de l&rsquo;environnement et de la p\u00eache de l&rsquo;Assembl\u00e9e populaire nationale,&nbsp;le DGF&nbsp;a indiqu\u00e9 que \u00able secteur avait pris une s\u00e9rie de mesures d&rsquo;urgence permettant la relance de l&rsquo;activit\u00e9 agricole dans les wilayas les plus touch\u00e9es par les feux de for\u00eat durant l&rsquo;\u00e9t\u00e9 2022\u00bb. Pr\u00e9cisant que \u00abcette batterie de mesures d&rsquo;urgence avait \u00e9t\u00e9 initi\u00e9e en application des d\u00e9cisions du Pr\u00e9sident de la R\u00e9publique, Abdelmadjid Tebboune, il a fait savoir qu\u2019\u00abelles pr\u00e9voient des op\u00e9rations de reboisement et de d\u00e9dommagement dans le domaine de l&rsquo;\u00e9levage, la r\u00e9habilitation des \u00e9tables et le nettoyage des for\u00eats par les groupes publics relevant du secteur de l&rsquo;Agriculture, ainsi que l&rsquo;am\u00e9nagement des tranch\u00e9es anti-incendie, en plus de lancement, le mois d\u2019octobre, de l\u2019op\u00e9ration de plantation d&rsquo;arbres fruitiers et la livraison des ruches le mois d\u2019avril de l\u2019ann\u00e9e prochaine\u00bb. Abordant les d\u00e9g\u00e2ts enregistr\u00e9s, Touahria a fait \u00e9tat de \u00abla superficie de&nbsp;&nbsp;24.077 Ha ravag\u00e9e par les feux de for\u00eat dont&nbsp;&nbsp;5728 Ha sont constitu\u00e9s de for\u00eats, repr\u00e9sentant un taux de 24% des espaces brul\u00e9s, 9661 Ha de broussailles (49,5%), 6970 Ha de maquis (29%), 1638 Ha d&rsquo;arbres fruitiers en montagne (7%) et 80 Ha d&rsquo;alfa (0,5%). Annon\u00e7ant l&rsquo;ach\u00e8vement de l&rsquo;op\u00e9ration d&rsquo;indemnisation dans les wilayas de Guelma et de Souk Ahras, il a fait \u00e9tat de 377 personnes sinistr\u00e9es enregistr\u00e9es dans la wilaya d&rsquo;El-Tarf. S&rsquo;agissant du bilan des feux de for\u00eat, le DGF a pr\u00e9cis\u00e9 que 37 wilayas avaient \u00e9t\u00e9 touch\u00e9es et 1.003 incendies enregistr\u00e9s. Selon Touahria, \u00ab l\u2019op\u00e9ration d\u2019indemnisation est pratiquement achev\u00e9e\u00bb.&nbsp;<\/p>\n\n\n\n<p>Egalement invit\u00e9 \u00e0 s\u2019exprimer sur les ondes de la Radio alg\u00e9rienne, Djamel Touahria a eu s\u2019exprimer sur le dispositif de lutte contre les incendies.&nbsp;&nbsp;Il a indiqu\u00e9 qu\u2019en d\u00e9pit de la violence des incendies enregistr\u00e9s cette ann\u00e9e en Alg\u00e9rie, notamment dans les 3 wilayas de l\u2019est du pays qui repr\u00e9sentent \u00e0 elles seules plus de 60% de la superficie incendi\u00e9e et 24 morts, le bilan global des incendies est en recul par rapport \u00e0 l\u2019ann\u00e9e derni\u00e8re. Selon le premier responsable de la Direction g\u00e9n\u00e9ral des for\u00eats (DGF), la superficie totale incendi\u00e9e au niveau national est de 24 073 hectares, dont 90% des superficies sont situ\u00e9es dans 8 wilayas.&nbsp;&nbsp;Touahria a insist\u00e9 sur \u00abla vigilance et l\u2019implication de la soci\u00e9t\u00e9 dans la lutte contre les incendies qui menacent la plan\u00e8te enti\u00e8re \u00bb,&nbsp;&nbsp;expliquant que \u00abla diminution des d\u00e9g\u00e2ts est le r\u00e9sultat des plans et des mesures de pr\u00e9vention mise en place par les autorit\u00e9s. \u00abCette ann\u00e9e, la strat\u00e9gie a bien fonctionn\u00e9 gr\u00e2ce \u00e0 la mise en place des dispositifs et des mesures de pr\u00e9ventions et aussi gr\u00e2ce \u00e0 la mobilisation des diff\u00e9rents secteurs, \u00e0 l\u2019instar de la protection civile, de la gendarmerie nationale et de l\u2019arm\u00e9e nationale populaire \u00bb, a-t-il not\u00e9. Evoquant le plan li\u00e9 \u00e0 la&nbsp;&nbsp;pr\u00e9vention et lutte contre les feux de for\u00eat, il a rappel\u00e9 \u00abl&rsquo;instruction du minist\u00e8re de l&rsquo;Agriculture et du D\u00e9veloppement rural ayant suivie les incendies d\u00e9clar\u00e9s en ao\u00fbt 2021, lors du Conseil des ministres tenu le 15 ao\u00fbt et consacr\u00e9 au bilan des feux de for\u00eat, portant n\u00e9cessit\u00e9 de d\u00e9velopper une nouvelle strat\u00e9gie de pr\u00e9vention et de lutte contre les grands feux de for\u00eat. Une strat\u00e9gie qui devrait inclure la soci\u00e9t\u00e9 civile et la population adjacente aux for\u00eats\u00bb. En ce sens, il soulign\u00e9 que le \u00abtravail qui a \u00e9t\u00e9 fait depuis a consist\u00e9 \u00e0 relever les insuffisances et les manquements enregistr\u00e9s sur le terrain\u00bb.Il s\u2019agit d\u2019une priorit\u00e9 et une partie de la pr\u00e9vention et de la lutte contre les incendies, dans le but de pr\u00e9server le patrimoine national, les biens et les personnes \u00e0 travers la mise en place d&rsquo;un plan d&rsquo;action multisectoriel \u00bb, a-t-il r\u00e9pondu, explicitant les \u00abtrois axes directeurs strat\u00e9giques qui ont \u00e9t\u00e9 d\u00e9finis, en l\u2019occurrence la sensibilisation et la formation, la r\u00e9duction des foyers d&rsquo;incendie et l&rsquo;optimisation des premi\u00e8res interventions, ou encore le d\u00e9veloppement d&rsquo;un plan de communication et d&rsquo;information en collaboration avec l&rsquo;Institut national de vulgarisation agricole\u00bb.&nbsp;Il&nbsp;a fait \u00e9tat du \u00abdispositif op\u00e9rationnel de lutte contre les feux de for\u00eat pr\u00e9voyant l&rsquo;installation de 40 comit\u00e9s op\u00e9rationnels locaux, la mobilisation des moyens d&rsquo;intervention dans chaque wilaya et la cr\u00e9ation de 468 comit\u00e9s op\u00e9rationnels de da\u00efras\u00bb, en plus de la mise en place de 1333 comit\u00e9s op\u00e9rationnels communaux et de 2353 comit\u00e9s locaux de population charg\u00e9s de la pr\u00e9vention contre les feux de for\u00eat, la sensibilisation, le signalement et l&rsquo;intervention. Chaque ann\u00e9e, 40 d\u00e9cisions de wilayas sont promulgu\u00e9es portant approbation du plan de lutte contre les incendies de for\u00eat et ouverture de la campagne qui s&rsquo;\u00e9tale du 1er juin au 31 octobre, a fait savoir M. Touahria, expliquant que \u00abdans le cadre de la lutte contre les feux de for\u00eat, la DGF adopte un dispositif op\u00e9rationnel qui pr\u00e9voit 401 tours de contr\u00f4le compos\u00e9es de 940 \u00e9l\u00e9ments, 1991 stations de radiocommunication ainsi que 315 brigades mobiles compos\u00e9es de 1017 \u00e9l\u00e9ments\u00bb. La direction dispose \u00e9galement de 1019 ateliers d&rsquo;intervention compos\u00e9s de 9481 employ\u00e9s, de 48 camions ravitailleurs, de 30 colonnes mobiles compos\u00e9es de 240 v\u00e9hicules d&rsquo;intervention \u00e9quip\u00e9s et de 3261 points d&rsquo;eau r\u00e9partis \u00e0 l&rsquo;int\u00e9rieur des for\u00eats.&nbsp;<\/p>\n\n\n\n<p><strong>Salim Abdenour<\/strong><\/p>\n","protected":false},"excerpt":{"rendered":"<p>L\u2019op\u00e9ration d\u2019indemnisation des victimes des incendies qui ont affect\u00e9 plusieurs wilayas de l\u2019Est du pays est pratiquement finalis\u00e9 et des<\/p>\n","protected":false},"author":3,"featured_media":21433,"comment_status":"open","ping_status":"closed","sticky":false,"template":"","format":"standard","meta":{"colormag_page_container_layout":"default_layout","colormag_page_sidebar_layout":"default_layout","om_disable_all_campaigns":false,"_monsterinsights_skip_tracking":false,"_monsterinsights_sitenote_active":false,"_monsterinsights_sitenote_note":"","_monsterinsights_sitenote_category":0,"footnotes":"","_wpscppro_dont_share_socialmedia":false,"_wpscppro_custom_social_share_image":0,"_facebook_share_type":"","_twitter_share_type":"","_linkedin_share_type":"","_pinterest_share_type":"","_linkedin_share_type_page":"","_instagram_share_type":"","_medium_share_type":"","_threads_share_type":"","_google_business_share_type":"","_selected_social_profile":[],"_wpsp_enable_custom_social_template":false,"_wpsp_social_scheduling":{"enabled":false,"datetime":null,"platforms":[],"status":"template_only","dateOption":"today","timeOption":"now","customDays":"","customHours":"","customDate":"","customTime":"","schedulingType":"absolute"},"_wpsp_active_default_template":true},"categories":[27],"tags":[],"class_list":["post-27197","post","type-post","status-publish","format-standard","has-post-thumbnail","hentry","category-actualite"],"aioseo_notices":[],"yoast_head":"<!-- This site is optimized with the Yoast SEO plugin v27.5 - https:\/\/yoast.com\/product\/yoast-seo-wordpress\/ -->\n<title>Incendies de for\u00eats\u00a0: L\u2019op\u00e9ration d\u2019indemnisation quasi-achev\u00e9e - La Sentinelle<\/title>\n<meta name=\"robots\" content=\"index, follow, max-snippet:-1, max-image-preview:large, max-video-preview:-1\" \/>\n<link rel=\"canonical\" href=\"https:\/\/lasentinelle.dz\/index.php\/2022\/09\/12\/incendies-de-forets-loperation-dindemnisation-quasi-achevee\/\" \/>\n<meta property=\"og:locale\" content=\"fr_FR\" \/>\n<meta property=\"og:type\" content=\"article\" \/>\n<meta property=\"og:title\" content=\"Incendies de for\u00eats\u00a0: L\u2019op\u00e9ration d\u2019indemnisation quasi-achev\u00e9e - La Sentinelle\" \/>\n<meta property=\"og:description\" content=\"L\u2019op\u00e9ration d\u2019indemnisation des victimes des incendies qui ont affect\u00e9 plusieurs wilayas de l\u2019Est du pays est pratiquement finalis\u00e9 et des\" \/>\n<meta property=\"og:url\" content=\"https:\/\/lasentinelle.dz\/index.php\/2022\/09\/12\/incendies-de-forets-loperation-dindemnisation-quasi-achevee\/\" \/>\n<meta property=\"og:site_name\" content=\"La Sentinelle\" \/>\n<meta property=\"article:publisher\" content=\"https:\/\/www.facebook.com\/La-Sentinelle-104059864394773\" \/>\n<meta property=\"article:published_time\" content=\"2022-09-11T23:05:00+00:00\" \/>\n<meta property=\"og:image\" content=\"https:\/\/lasentinelle.dz\/wp-content\/uploads\/2022\/05\/incendie-1.png\" \/>\n\t<meta property=\"og:image:width\" content=\"1491\" \/>\n\t<meta property=\"og:image:height\" content=\"900\" \/>\n\t<meta property=\"og:image:type\" content=\"image\/png\" \/>\n<meta name=\"author\" content=\"La Sentinelle\" \/>\n<meta name=\"twitter:card\" content=\"summary_large_image\" \/>\n<meta name=\"twitter:label1\" content=\"\u00c9crit par\" \/>\n\t<meta name=\"twitter:data1\" content=\"La Sentinelle\" \/>\n\t<meta name=\"twitter:label2\" content=\"Dur\u00e9e de lecture estim\u00e9e\" \/>\n\t<meta name=\"twitter:data2\" content=\"5 minutes\" \/>\n<script type=\"application\/ld+json\" class=\"yoast-schema-graph\">{\"@context\":\"https:\\\/\\\/schema.org\",\"@graph\":[{\"@type\":\"Article\",\"@id\":\"https:\\\/\\\/lasentinelle.dz\\\/index.php\\\/2022\\\/09\\\/12\\\/incendies-de-forets-loperation-dindemnisation-quasi-achevee\\\/#article\",\"isPartOf\":{\"@id\":\"https:\\\/\\\/lasentinelle.dz\\\/index.php\\\/2022\\\/09\\\/12\\\/incendies-de-forets-loperation-dindemnisation-quasi-achevee\\\/\"},\"author\":{\"name\":\"La Sentinelle\",\"@id\":\"https:\\\/\\\/lasentinelle.dz\\\/#\\\/schema\\\/person\\\/d865044e22e70a75174ce8bcad3acfb3\"},\"headline\":\"Incendies de for\u00eats\u00a0: L\u2019op\u00e9ration d\u2019indemnisation quasi-achev\u00e9e\",\"datePublished\":\"2022-09-11T23:05:00+00:00\",\"mainEntityOfPage\":{\"@id\":\"https:\\\/\\\/lasentinelle.dz\\\/index.php\\\/2022\\\/09\\\/12\\\/incendies-de-forets-loperation-dindemnisation-quasi-achevee\\\/\"},\"wordCount\":1056,\"commentCount\":0,\"publisher\":{\"@id\":\"https:\\\/\\\/lasentinelle.dz\\\/#organization\"},\"image\":{\"@id\":\"https:\\\/\\\/lasentinelle.dz\\\/index.php\\\/2022\\\/09\\\/12\\\/incendies-de-forets-loperation-dindemnisation-quasi-achevee\\\/#primaryimage\"},\"thumbnailUrl\":\"https:\\\/\\\/lasentinelle.dz\\\/wp-content\\\/uploads\\\/2022\\\/05\\\/incendie-1.png\",\"articleSection\":[\"Actualit\u00e9\"],\"inLanguage\":\"fr-FR\",\"potentialAction\":[{\"@type\":\"CommentAction\",\"name\":\"Comment\",\"target\":[\"https:\\\/\\\/lasentinelle.dz\\\/index.php\\\/2022\\\/09\\\/12\\\/incendies-de-forets-loperation-dindemnisation-quasi-achevee\\\/#respond\"]}]},{\"@type\":\"WebPage\",\"@id\":\"https:\\\/\\\/lasentinelle.dz\\\/index.php\\\/2022\\\/09\\\/12\\\/incendies-de-forets-loperation-dindemnisation-quasi-achevee\\\/\",\"url\":\"https:\\\/\\\/lasentinelle.dz\\\/index.php\\\/2022\\\/09\\\/12\\\/incendies-de-forets-loperation-dindemnisation-quasi-achevee\\\/\",\"name\":\"Incendies de for\u00eats\u00a0: L\u2019op\u00e9ration d\u2019indemnisation quasi-achev\u00e9e - La Sentinelle\",\"isPartOf\":{\"@id\":\"https:\\\/\\\/lasentinelle.dz\\\/#website\"},\"primaryImageOfPage\":{\"@id\":\"https:\\\/\\\/lasentinelle.dz\\\/index.php\\\/2022\\\/09\\\/12\\\/incendies-de-forets-loperation-dindemnisation-quasi-achevee\\\/#primaryimage\"},\"image\":{\"@id\":\"https:\\\/\\\/lasentinelle.dz\\\/index.php\\\/2022\\\/09\\\/12\\\/incendies-de-forets-loperation-dindemnisation-quasi-achevee\\\/#primaryimage\"},\"thumbnailUrl\":\"https:\\\/\\\/lasentinelle.dz\\\/wp-content\\\/uploads\\\/2022\\\/05\\\/incendie-1.png\",\"datePublished\":\"2022-09-11T23:05:00+00:00\",\"breadcrumb\":{\"@id\":\"https:\\\/\\\/lasentinelle.dz\\\/index.php\\\/2022\\\/09\\\/12\\\/incendies-de-forets-loperation-dindemnisation-quasi-achevee\\\/#breadcrumb\"},\"inLanguage\":\"fr-FR\",\"potentialAction\":[{\"@type\":\"ReadAction\",\"target\":[\"https:\\\/\\\/lasentinelle.dz\\\/index.php\\\/2022\\\/09\\\/12\\\/incendies-de-forets-loperation-dindemnisation-quasi-achevee\\\/\"]}]},{\"@type\":\"ImageObject\",\"inLanguage\":\"fr-FR\",\"@id\":\"https:\\\/\\\/lasentinelle.dz\\\/index.php\\\/2022\\\/09\\\/12\\\/incendies-de-forets-loperation-dindemnisation-quasi-achevee\\\/#primaryimage\",\"url\":\"https:\\\/\\\/lasentinelle.dz\\\/wp-content\\\/uploads\\\/2022\\\/05\\\/incendie-1.png\",\"contentUrl\":\"https:\\\/\\\/lasentinelle.dz\\\/wp-content\\\/uploads\\\/2022\\\/05\\\/incendie-1.png\",\"width\":1491,\"height\":900},{\"@type\":\"BreadcrumbList\",\"@id\":\"https:\\\/\\\/lasentinelle.dz\\\/index.php\\\/2022\\\/09\\\/12\\\/incendies-de-forets-loperation-dindemnisation-quasi-achevee\\\/#breadcrumb\",\"itemListElement\":[{\"@type\":\"ListItem\",\"position\":1,\"name\":\"Accueil\",\"item\":\"https:\\\/\\\/lasentinelle.dz\\\/\"},{\"@type\":\"ListItem\",\"position\":2,\"name\":\"Incendies de for\u00eats\u00a0: L\u2019op\u00e9ration d\u2019indemnisation quasi-achev\u00e9e\"}]},{\"@type\":\"WebSite\",\"@id\":\"https:\\\/\\\/lasentinelle.dz\\\/#website\",\"url\":\"https:\\\/\\\/lasentinelle.dz\\\/\",\"name\":\"La Sentinelle\",\"description\":\"Quotidien national d&#039;information\",\"publisher\":{\"@id\":\"https:\\\/\\\/lasentinelle.dz\\\/#organization\"},\"potentialAction\":[{\"@type\":\"SearchAction\",\"target\":{\"@type\":\"EntryPoint\",\"urlTemplate\":\"https:\\\/\\\/lasentinelle.dz\\\/?s={search_term_string}\"},\"query-input\":{\"@type\":\"PropertyValueSpecification\",\"valueRequired\":true,\"valueName\":\"search_term_string\"}}],\"inLanguage\":\"fr-FR\"},{\"@type\":\"Organization\",\"@id\":\"https:\\\/\\\/lasentinelle.dz\\\/#organization\",\"name\":\"Quotidien La Sentinelle\",\"url\":\"https:\\\/\\\/lasentinelle.dz\\\/\",\"logo\":{\"@type\":\"ImageObject\",\"inLanguage\":\"fr-FR\",\"@id\":\"https:\\\/\\\/lasentinelle.dz\\\/#\\\/schema\\\/logo\\\/image\\\/\",\"url\":\"https:\\\/\\\/lasentinelle.dz\\\/wp-content\\\/uploads\\\/2021\\\/09\\\/logo-sentinelleSLOGAN-1.png\",\"contentUrl\":\"https:\\\/\\\/lasentinelle.dz\\\/wp-content\\\/uploads\\\/2021\\\/09\\\/logo-sentinelleSLOGAN-1.png\",\"width\":615,\"height\":142,\"caption\":\"Quotidien La Sentinelle\"},\"image\":{\"@id\":\"https:\\\/\\\/lasentinelle.dz\\\/#\\\/schema\\\/logo\\\/image\\\/\"},\"sameAs\":[\"https:\\\/\\\/www.facebook.com\\\/La-Sentinelle-104059864394773\"]},{\"@type\":\"Person\",\"@id\":\"https:\\\/\\\/lasentinelle.dz\\\/#\\\/schema\\\/person\\\/d865044e22e70a75174ce8bcad3acfb3\",\"name\":\"La Sentinelle\",\"image\":{\"@type\":\"ImageObject\",\"inLanguage\":\"fr-FR\",\"@id\":\"https:\\\/\\\/secure.gravatar.com\\\/avatar\\\/57de8e5d4b15d43fb361a71fbb36338450fe67865b528a43dd10ef7c51a20392?s=96&d=mm&r=g\",\"url\":\"https:\\\/\\\/secure.gravatar.com\\\/avatar\\\/57de8e5d4b15d43fb361a71fbb36338450fe67865b528a43dd10ef7c51a20392?s=96&d=mm&r=g\",\"contentUrl\":\"https:\\\/\\\/secure.gravatar.com\\\/avatar\\\/57de8e5d4b15d43fb361a71fbb36338450fe67865b528a43dd10ef7c51a20392?s=96&d=mm&r=g\",\"caption\":\"La Sentinelle\"},\"sameAs\":[\"http:\\\/\\\/www.lasentinelle.dz\"],\"url\":\"https:\\\/\\\/lasentinelle.dz\\\/author\\\/redaction\\\/\"}]}<\/script>\n<!-- \/ Yoast SEO plugin. -->","yoast_head_json":{"title":"Incendies de for\u00eats\u00a0: L\u2019op\u00e9ration d\u2019indemnisation quasi-achev\u00e9e - La Sentinelle","robots":{"index":"index","follow":"follow","max-snippet":"max-snippet:-1","max-image-preview":"max-image-preview:large","max-video-preview":"max-video-preview:-1"},"canonical":"https:\/\/lasentinelle.dz\/index.php\/2022\/09\/12\/incendies-de-forets-loperation-dindemnisation-quasi-achevee\/","og_locale":"fr_FR","og_type":"article","og_title":"Incendies de for\u00eats\u00a0: L\u2019op\u00e9ration d\u2019indemnisation quasi-achev\u00e9e - La Sentinelle","og_description":"L\u2019op\u00e9ration d\u2019indemnisation des victimes des incendies qui ont affect\u00e9 plusieurs wilayas de l\u2019Est du pays est pratiquement finalis\u00e9 et des","og_url":"https:\/\/lasentinelle.dz\/index.php\/2022\/09\/12\/incendies-de-forets-loperation-dindemnisation-quasi-achevee\/","og_site_name":"La Sentinelle","article_publisher":"https:\/\/www.facebook.com\/La-Sentinelle-104059864394773","article_published_time":"2022-09-11T23:05:00+00:00","og_image":[{"width":1491,"height":900,"url":"https:\/\/lasentinelle.dz\/wp-content\/uploads\/2022\/05\/incendie-1.png","type":"image\/png"}],"author":"La Sentinelle","twitter_card":"summary_large_image","twitter_misc":{"\u00c9crit par":"La Sentinelle","Dur\u00e9e de lecture estim\u00e9e":"5 minutes"},"schema":{"@context":"https:\/\/schema.org","@graph":[{"@type":"Article","@id":"https:\/\/lasentinelle.dz\/index.php\/2022\/09\/12\/incendies-de-forets-loperation-dindemnisation-quasi-achevee\/#article","isPartOf":{"@id":"https:\/\/lasentinelle.dz\/index.php\/2022\/09\/12\/incendies-de-forets-loperation-dindemnisation-quasi-achevee\/"},"author":{"name":"La Sentinelle","@id":"https:\/\/lasentinelle.dz\/#\/schema\/person\/d865044e22e70a75174ce8bcad3acfb3"},"headline":"Incendies de for\u00eats\u00a0: L\u2019op\u00e9ration d\u2019indemnisation quasi-achev\u00e9e","datePublished":"2022-09-11T23:05:00+00:00","mainEntityOfPage":{"@id":"https:\/\/lasentinelle.dz\/index.php\/2022\/09\/12\/incendies-de-forets-loperation-dindemnisation-quasi-achevee\/"},"wordCount":1056,"commentCount":0,"publisher":{"@id":"https:\/\/lasentinelle.dz\/#organization"},"image":{"@id":"https:\/\/lasentinelle.dz\/index.php\/2022\/09\/12\/incendies-de-forets-loperation-dindemnisation-quasi-achevee\/#primaryimage"},"thumbnailUrl":"https:\/\/lasentinelle.dz\/wp-content\/uploads\/2022\/05\/incendie-1.png","articleSection":["Actualit\u00e9"],"inLanguage":"fr-FR","potentialAction":[{"@type":"CommentAction","name":"Comment","target":["https:\/\/lasentinelle.dz\/index.php\/2022\/09\/12\/incendies-de-forets-loperation-dindemnisation-quasi-achevee\/#respond"]}]},{"@type":"WebPage","@id":"https:\/\/lasentinelle.dz\/index.php\/2022\/09\/12\/incendies-de-forets-loperation-dindemnisation-quasi-achevee\/","url":"https:\/\/lasentinelle.dz\/index.php\/2022\/09\/12\/incendies-de-forets-loperation-dindemnisation-quasi-achevee\/","name":"Incendies de for\u00eats\u00a0: L\u2019op\u00e9ration d\u2019indemnisation quasi-achev\u00e9e - La Sentinelle","isPartOf":{"@id":"https:\/\/lasentinelle.dz\/#website"},"primaryImageOfPage":{"@id":"https:\/\/lasentinelle.dz\/index.php\/2022\/09\/12\/incendies-de-forets-loperation-dindemnisation-quasi-achevee\/#primaryimage"},"image":{"@id":"https:\/\/lasentinelle.dz\/index.php\/2022\/09\/12\/incendies-de-forets-loperation-dindemnisation-quasi-achevee\/#primaryimage"},"thumbnailUrl":"https:\/\/lasentinelle.dz\/wp-content\/uploads\/2022\/05\/incendie-1.png","datePublished":"2022-09-11T23:05:00+00:00","breadcrumb":{"@id":"https:\/\/lasentinelle.dz\/index.php\/2022\/09\/12\/incendies-de-forets-loperation-dindemnisation-quasi-achevee\/#breadcrumb"},"inLanguage":"fr-FR","potentialAction":[{"@type":"ReadAction","target":["https:\/\/lasentinelle.dz\/index.php\/2022\/09\/12\/incendies-de-forets-loperation-dindemnisation-quasi-achevee\/"]}]},{"@type":"ImageObject","inLanguage":"fr-FR","@id":"https:\/\/lasentinelle.dz\/index.php\/2022\/09\/12\/incendies-de-forets-loperation-dindemnisation-quasi-achevee\/#primaryimage","url":"https:\/\/lasentinelle.dz\/wp-content\/uploads\/2022\/05\/incendie-1.png","contentUrl":"https:\/\/lasentinelle.dz\/wp-content\/uploads\/2022\/05\/incendie-1.png","width":1491,"height":900},{"@type":"BreadcrumbList","@id":"https:\/\/lasentinelle.dz\/index.php\/2022\/09\/12\/incendies-de-forets-loperation-dindemnisation-quasi-achevee\/#breadcrumb","itemListElement":[{"@type":"ListItem","position":1,"name":"Accueil","item":"https:\/\/lasentinelle.dz\/"},{"@type":"ListItem","position":2,"name":"Incendies de for\u00eats\u00a0: L\u2019op\u00e9ration d\u2019indemnisation quasi-achev\u00e9e"}]},{"@type":"WebSite","@id":"https:\/\/lasentinelle.dz\/#website","url":"https:\/\/lasentinelle.dz\/","name":"La Sentinelle","description":"Quotidien national d&#039;information","publisher":{"@id":"https:\/\/lasentinelle.dz\/#organization"},"potentialAction":[{"@type":"SearchAction","target":{"@type":"EntryPoint","urlTemplate":"https:\/\/lasentinelle.dz\/?s={search_term_string}"},"query-input":{"@type":"PropertyValueSpecification","valueRequired":true,"valueName":"search_term_string"}}],"inLanguage":"fr-FR"},{"@type":"Organization","@id":"https:\/\/lasentinelle.dz\/#organization","name":"Quotidien La Sentinelle","url":"https:\/\/lasentinelle.dz\/","logo":{"@type":"ImageObject","inLanguage":"fr-FR","@id":"https:\/\/lasentinelle.dz\/#\/schema\/logo\/image\/","url":"https:\/\/lasentinelle.dz\/wp-content\/uploads\/2021\/09\/logo-sentinelleSLOGAN-1.png","contentUrl":"https:\/\/lasentinelle.dz\/wp-content\/uploads\/2021\/09\/logo-sentinelleSLOGAN-1.png","width":615,"height":142,"caption":"Quotidien La Sentinelle"},"image":{"@id":"https:\/\/lasentinelle.dz\/#\/schema\/logo\/image\/"},"sameAs":["https:\/\/www.facebook.com\/La-Sentinelle-104059864394773"]},{"@type":"Person","@id":"https:\/\/lasentinelle.dz\/#\/schema\/person\/d865044e22e70a75174ce8bcad3acfb3","name":"La Sentinelle","image":{"@type":"ImageObject","inLanguage":"fr-FR","@id":"https:\/\/secure.gravatar.com\/avatar\/57de8e5d4b15d43fb361a71fbb36338450fe67865b528a43dd10ef7c51a20392?s=96&d=mm&r=g","url":"https:\/\/secure.gravatar.com\/avatar\/57de8e5d4b15d43fb361a71fbb36338450fe67865b528a43dd10ef7c51a20392?s=96&d=mm&r=g","contentUrl":"https:\/\/secure.gravatar.com\/avatar\/57de8e5d4b15d43fb361a71fbb36338450fe67865b528a43dd10ef7c51a20392?s=96&d=mm&r=g","caption":"La Sentinelle"},"sameAs":["http:\/\/www.lasentinelle.dz"],"url":"https:\/\/lasentinelle.dz\/author\/redaction\/"}]}},"_links":{"self":[{"href":"https:\/\/lasentinelle.dz\/index.php\/wp-json\/wp\/v2\/posts\/27197","targetHints":{"allow":["GET"]}}],"collection":[{"href":"https:\/\/lasentinelle.dz\/index.php\/wp-json\/wp\/v2\/posts"}],"about":[{"href":"https:\/\/lasentinelle.dz\/index.php\/wp-json\/wp\/v2\/types\/post"}],"author":[{"embeddable":true,"href":"https:\/\/lasentinelle.dz\/index.php\/wp-json\/wp\/v2\/users\/3"}],"replies":[{"embeddable":true,"href":"https:\/\/lasentinelle.dz\/index.php\/wp-json\/wp\/v2\/comments?post=27197"}],"version-history":[{"count":1,"href":"https:\/\/lasentinelle.dz\/index.php\/wp-json\/wp\/v2\/posts\/27197\/revisions"}],"predecessor-version":[{"id":27204,"href":"https:\/\/lasentinelle.dz\/index.php\/wp-json\/wp\/v2\/posts\/27197\/revisions\/27204"}],"wp:featuredmedia":[{"embeddable":true,"href":"https:\/\/lasentinelle.dz\/index.php\/wp-json\/wp\/v2\/media\/21433"}],"wp:attachment":[{"href":"https:\/\/lasentinelle.dz\/index.php\/wp-json\/wp\/v2\/media?parent=27197"}],"wp:term":[{"taxonomy":"category","embeddable":true,"href":"https:\/\/lasentinelle.dz\/index.php\/wp-json\/wp\/v2\/categories?post=27197"},{"taxonomy":"post_tag","embeddable":true,"href":"https:\/\/lasentinelle.dz\/index.php\/wp-json\/wp\/v2\/tags?post=27197"}],"curies":[{"name":"wp","href":"https:\/\/api.w.org\/{rel}","templated":true}]}}