{"id":27201,"date":"2022-09-12T00:08:00","date_gmt":"2022-09-11T23:08:00","guid":{"rendered":"https:\/\/lasentinelle.dz\/?p=27201"},"modified":"2022-09-11T20:51:10","modified_gmt":"2022-09-11T19:51:10","slug":"corruption-la-justice-refuse-la-liberation-de-baha-eddine-tliba","status":"publish","type":"post","link":"https:\/\/lasentinelle.dz\/index.php\/2022\/09\/12\/corruption-la-justice-refuse-la-liberation-de-baha-eddine-tliba\/","title":{"rendered":"Corruption\u00a0:\u00a0La\u00a0Justice refuse la lib\u00e9ration de Baha Eddine Tliba"},"content":{"rendered":"\n<p>La demande de lib\u00e9ration formul\u00e9e par le&nbsp;collectif de d\u00e9fense de&nbsp;Baha Eddine Tliba,&nbsp;pur sa lib\u00e9ration a \u00e9t\u00e9 rejet\u00e9e.<\/p>\n\n\n\n<p>Le parquet pr\u00e8s la sixi\u00e8me chambre criminelle de la Cour d\u2019Alger a rejet\u00e9 les demandes de lib\u00e9ration de l\u2019ancien d\u00e9put\u00e9 FLN, Baha Eddine Tliba, au motif que l\u2019accus\u00e9 est poursuivi pour de graves accusations.&nbsp;Dans une longue plaidoiriequelques heures&nbsp;avant l&rsquo;ouverture de l&rsquo;audience,&nbsp;le collectif de d\u00e9fense avait demand\u00e9&nbsp;la lib\u00e9ration de son client. La demande a \u00e9t\u00e9&nbsp;argument\u00e9e l\u2019\u00e9tat de sant\u00e9 de Baha Eddine Tliba&nbsp;depuis son admission \u00e0 l&rsquo;\u00e9tablissement p\u00e9nitentiaire il y a 3 ans. Entre-temps, la d\u00e9fense de l&rsquo;accus\u00e9, Baha Eddine&nbsp;Taliba, a d\u00e9clar\u00e9 que son client, depuis son incarc\u00e9ration, souffre d&rsquo;une d\u00e9t\u00e9rioration de son \u00e9tat de sant\u00e9. Son \u00e9tat de sant\u00e9&nbsp;&nbsp;se d\u00e9grade de jour en&nbsp;&nbsp;jour, en raison de plusieurs maladies chroniques, dont l&rsquo;ob\u00e9sit\u00e9, d\u2019un d\u00e9ficit immunitaire et un probl\u00e8me au niveau&nbsp;du syst\u00e8me nerveux&nbsp;central. Le&nbsp;collectif de&nbsp;d\u00e9fense de l\u2019ex-parlementaire a pr\u00e9sent\u00e9 au juge d&rsquo;audience un dossier m\u00e9dical comprenant le rapport de l&rsquo;\u00e9tablissement p\u00e9nitentiaire expliquant l\u2019\u00e9tat de sant\u00e9 de Taliba. L&rsquo;avocat&nbsp;&nbsp;de ce dernier&nbsp;a confirm\u00e9 que son client, en raison&nbsp;de son \u00e9tat de sant\u00e9,&nbsp;doit suivre des soins sp\u00e9cifiques assur\u00e9s par la direction du p\u00e9nitencier de Kol\u00e9a&nbsp;ce qui&nbsp;&nbsp;est preuve concluante&nbsp;du cas s\u00e9rieux de son client qui&nbsp;souffre beaucoup des maladies qui l&rsquo;affligent et du diagnostic de son \u00e9tat de sant\u00e9. La d\u00e9fense a ajout\u00e9 qu\u2019en se r\u00e9f\u00e9rant \u00e0 la jurisprudence, la lib\u00e9ration de l&rsquo;accus\u00e9 est un cas exceptionnel auquel il recourt, sauf en cas de nouvelle preuve prouvant son innocence. Rappelons que&nbsp;l\u2019ex-homme d\u2019affaire et l\u2019ancien d\u00e9put\u00e9 Baha Eddine Tliba avait \u00e9t\u00e9 arr\u00eat\u00e9 en 2019 et plac\u00e9 sous mandat de d\u00e9p\u00f4t \u00e0 la prison d\u2019El Harrach, \u00e0 l\u2019issue de son audition par le juge d\u2019instruction pr\u00e8s le tribunal de Sidi M\u2019hamed (Alger). Son incarc\u00e9ration est survenue apr\u00e8s la lev\u00e9e de l\u2019immunit\u00e9 parlementaire, vot\u00e9e par l\u2019Assembl\u00e9e populaire nationale (APN), lors d\u2019une s\u00e9ance \u00e0 huis clos, \u00e0 l\u2019issue de la demande du ministre de la Justice, Garde des Sceaux, rappelle-t-on encore. Baha Eddine Tliba est poursuivi pour plusieurs chefs d\u2019accusations, notamment de \u2018\u2019blanchiment d\u2019argent, financement occulte de partis politiques et violation de la loi et de la r\u00e9glementation\u00a0\u00bb.&nbsp;L\u2019ancien homme&nbsp;fortde la wilaya d\u2019Annaba avait \u00e9t\u00e9 arr\u00eat\u00e9&nbsp;par les services de s\u00e9curit\u00e9s, \u00e0 El Oued&nbsp;wilaya dont il est originaire, apr\u00e8s son retour de la Tunisie. L\u2019ancien d\u00e9put\u00e9 d\u2019Annaba avait \u00e9t\u00e9 condamn\u00e9 \u00e0 8 ans&nbsp;dans l\u2019affaire de blanchiment d\u2019argent. Une affaire impliquant El Ouafi et Skander, fils respectifs de l\u2019ancien secr\u00e9taire g\u00e9n\u00e9ral du FLN. Lors d\u2019un proc\u00e8s en appel tenu en 2020, la peine de Baha Eddine Tliba&nbsp;a \u00e9t\u00e9&nbsp;r\u00e9duite \u00e0 7 ans de prison assortie d\u2019une amende de 8 millions de DA&nbsp;&nbsp;et la saisie de tous ses biens.&nbsp;<\/p>\n\n\n\n<p><strong>Sofia Chahine<\/strong><\/p>\n","protected":false},"excerpt":{"rendered":"<p>La demande de lib\u00e9ration formul\u00e9e par le&nbsp;collectif de d\u00e9fense de&nbsp;Baha Eddine Tliba,&nbsp;pur sa lib\u00e9ration a \u00e9t\u00e9 rejet\u00e9e. Le parquet pr\u00e8s<\/p>\n","protected":false},"author":3,"featured_media":27202,"comment_status":"open","ping_status":"closed","sticky":false,"template":"","format":"standard","meta":{"colormag_page_container_layout":"default_layout","colormag_page_sidebar_layout":"default_layout","om_disable_all_campaigns":false,"_monsterinsights_skip_tracking":false,"_monsterinsights_sitenote_active":false,"_monsterinsights_sitenote_note":"","_monsterinsights_sitenote_category":0,"footnotes":"","_wpscppro_dont_share_socialmedia":false,"_wpscppro_custom_social_share_image":0,"_facebook_share_type":"","_twitter_share_type":"","_linkedin_share_type":"","_pinterest_share_type":"","_linkedin_share_type_page":"","_instagram_share_type":"","_medium_share_type":"","_threads_share_type":"","_google_business_share_type":"","_selected_social_profile":[],"_wpsp_enable_custom_social_template":false,"_wpsp_social_scheduling":{"enabled":false,"datetime":null,"platforms":[],"status":"template_only","dateOption":"today","timeOption":"now","customDays":"","customHours":"","customDate":"","customTime":"","schedulingType":"absolute"},"_wpsp_active_default_template":true},"categories":[52,27],"tags":[],"class_list":["post-27201","post","type-post","status-publish","format-standard","has-post-thumbnail","hentry","category-a-la-une","category-actualite"],"aioseo_notices":[],"yoast_head":"<!-- This site is optimized with the Yoast SEO plugin v27.5 - https:\/\/yoast.com\/product\/yoast-seo-wordpress\/ -->\n<title>Corruption\u00a0:\u00a0La\u00a0Justice refuse la lib\u00e9ration de Baha Eddine Tliba - La Sentinelle<\/title>\n<meta name=\"robots\" content=\"index, follow, max-snippet:-1, max-image-preview:large, max-video-preview:-1\" \/>\n<link rel=\"canonical\" href=\"https:\/\/lasentinelle.dz\/index.php\/2022\/09\/12\/corruption-la-justice-refuse-la-liberation-de-baha-eddine-tliba\/\" \/>\n<meta property=\"og:locale\" content=\"fr_FR\" \/>\n<meta property=\"og:type\" content=\"article\" \/>\n<meta property=\"og:title\" content=\"Corruption\u00a0:\u00a0La\u00a0Justice refuse la lib\u00e9ration de Baha Eddine Tliba - La Sentinelle\" \/>\n<meta property=\"og:description\" content=\"La demande de lib\u00e9ration formul\u00e9e par le&nbsp;collectif de d\u00e9fense de&nbsp;Baha Eddine Tliba,&nbsp;pur sa lib\u00e9ration a \u00e9t\u00e9 rejet\u00e9e. Le parquet pr\u00e8s\" \/>\n<meta property=\"og:url\" content=\"https:\/\/lasentinelle.dz\/index.php\/2022\/09\/12\/corruption-la-justice-refuse-la-liberation-de-baha-eddine-tliba\/\" \/>\n<meta property=\"og:site_name\" content=\"La Sentinelle\" \/>\n<meta property=\"article:publisher\" content=\"https:\/\/www.facebook.com\/La-Sentinelle-104059864394773\" \/>\n<meta property=\"article:published_time\" content=\"2022-09-11T23:08:00+00:00\" \/>\n<meta property=\"og:image\" content=\"https:\/\/lasentinelle.dz\/wp-content\/uploads\/2022\/09\/Tliba.png\" \/>\n\t<meta property=\"og:image:width\" content=\"1491\" \/>\n\t<meta property=\"og:image:height\" content=\"900\" \/>\n\t<meta property=\"og:image:type\" content=\"image\/png\" \/>\n<meta name=\"author\" content=\"La Sentinelle\" \/>\n<meta name=\"twitter:card\" content=\"summary_large_image\" \/>\n<meta name=\"twitter:label1\" content=\"\u00c9crit par\" \/>\n\t<meta name=\"twitter:data1\" content=\"La Sentinelle\" \/>\n\t<meta name=\"twitter:label2\" content=\"Dur\u00e9e de lecture estim\u00e9e\" \/>\n\t<meta name=\"twitter:data2\" content=\"3 minutes\" \/>\n<script type=\"application\/ld+json\" class=\"yoast-schema-graph\">{\"@context\":\"https:\\\/\\\/schema.org\",\"@graph\":[{\"@type\":\"Article\",\"@id\":\"https:\\\/\\\/lasentinelle.dz\\\/index.php\\\/2022\\\/09\\\/12\\\/corruption-la-justice-refuse-la-liberation-de-baha-eddine-tliba\\\/#article\",\"isPartOf\":{\"@id\":\"https:\\\/\\\/lasentinelle.dz\\\/index.php\\\/2022\\\/09\\\/12\\\/corruption-la-justice-refuse-la-liberation-de-baha-eddine-tliba\\\/\"},\"author\":{\"name\":\"La Sentinelle\",\"@id\":\"https:\\\/\\\/lasentinelle.dz\\\/#\\\/schema\\\/person\\\/d865044e22e70a75174ce8bcad3acfb3\"},\"headline\":\"Corruption\u00a0:\u00a0La\u00a0Justice refuse la lib\u00e9ration de Baha Eddine Tliba\",\"datePublished\":\"2022-09-11T23:08:00+00:00\",\"mainEntityOfPage\":{\"@id\":\"https:\\\/\\\/lasentinelle.dz\\\/index.php\\\/2022\\\/09\\\/12\\\/corruption-la-justice-refuse-la-liberation-de-baha-eddine-tliba\\\/\"},\"wordCount\":598,\"commentCount\":0,\"publisher\":{\"@id\":\"https:\\\/\\\/lasentinelle.dz\\\/#organization\"},\"image\":{\"@id\":\"https:\\\/\\\/lasentinelle.dz\\\/index.php\\\/2022\\\/09\\\/12\\\/corruption-la-justice-refuse-la-liberation-de-baha-eddine-tliba\\\/#primaryimage\"},\"thumbnailUrl\":\"https:\\\/\\\/lasentinelle.dz\\\/wp-content\\\/uploads\\\/2022\\\/09\\\/Tliba.png\",\"articleSection\":[\"\u00c0 la Une\",\"Actualit\u00e9\"],\"inLanguage\":\"fr-FR\",\"potentialAction\":[{\"@type\":\"CommentAction\",\"name\":\"Comment\",\"target\":[\"https:\\\/\\\/lasentinelle.dz\\\/index.php\\\/2022\\\/09\\\/12\\\/corruption-la-justice-refuse-la-liberation-de-baha-eddine-tliba\\\/#respond\"]}]},{\"@type\":\"WebPage\",\"@id\":\"https:\\\/\\\/lasentinelle.dz\\\/index.php\\\/2022\\\/09\\\/12\\\/corruption-la-justice-refuse-la-liberation-de-baha-eddine-tliba\\\/\",\"url\":\"https:\\\/\\\/lasentinelle.dz\\\/index.php\\\/2022\\\/09\\\/12\\\/corruption-la-justice-refuse-la-liberation-de-baha-eddine-tliba\\\/\",\"name\":\"Corruption\u00a0:\u00a0La\u00a0Justice refuse la lib\u00e9ration de Baha Eddine Tliba - La Sentinelle\",\"isPartOf\":{\"@id\":\"https:\\\/\\\/lasentinelle.dz\\\/#website\"},\"primaryImageOfPage\":{\"@id\":\"https:\\\/\\\/lasentinelle.dz\\\/index.php\\\/2022\\\/09\\\/12\\\/corruption-la-justice-refuse-la-liberation-de-baha-eddine-tliba\\\/#primaryimage\"},\"image\":{\"@id\":\"https:\\\/\\\/lasentinelle.dz\\\/index.php\\\/2022\\\/09\\\/12\\\/corruption-la-justice-refuse-la-liberation-de-baha-eddine-tliba\\\/#primaryimage\"},\"thumbnailUrl\":\"https:\\\/\\\/lasentinelle.dz\\\/wp-content\\\/uploads\\\/2022\\\/09\\\/Tliba.png\",\"datePublished\":\"2022-09-11T23:08:00+00:00\",\"breadcrumb\":{\"@id\":\"https:\\\/\\\/lasentinelle.dz\\\/index.php\\\/2022\\\/09\\\/12\\\/corruption-la-justice-refuse-la-liberation-de-baha-eddine-tliba\\\/#breadcrumb\"},\"inLanguage\":\"fr-FR\",\"potentialAction\":[{\"@type\":\"ReadAction\",\"target\":[\"https:\\\/\\\/lasentinelle.dz\\\/index.php\\\/2022\\\/09\\\/12\\\/corruption-la-justice-refuse-la-liberation-de-baha-eddine-tliba\\\/\"]}]},{\"@type\":\"ImageObject\",\"inLanguage\":\"fr-FR\",\"@id\":\"https:\\\/\\\/lasentinelle.dz\\\/index.php\\\/2022\\\/09\\\/12\\\/corruption-la-justice-refuse-la-liberation-de-baha-eddine-tliba\\\/#primaryimage\",\"url\":\"https:\\\/\\\/lasentinelle.dz\\\/wp-content\\\/uploads\\\/2022\\\/09\\\/Tliba.png\",\"contentUrl\":\"https:\\\/\\\/lasentinelle.dz\\\/wp-content\\\/uploads\\\/2022\\\/09\\\/Tliba.png\",\"width\":1491,\"height\":900},{\"@type\":\"BreadcrumbList\",\"@id\":\"https:\\\/\\\/lasentinelle.dz\\\/index.php\\\/2022\\\/09\\\/12\\\/corruption-la-justice-refuse-la-liberation-de-baha-eddine-tliba\\\/#breadcrumb\",\"itemListElement\":[{\"@type\":\"ListItem\",\"position\":1,\"name\":\"Accueil\",\"item\":\"https:\\\/\\\/lasentinelle.dz\\\/\"},{\"@type\":\"ListItem\",\"position\":2,\"name\":\"Corruption\u00a0:\u00a0La\u00a0Justice refuse la lib\u00e9ration de Baha Eddine Tliba\"}]},{\"@type\":\"WebSite\",\"@id\":\"https:\\\/\\\/lasentinelle.dz\\\/#website\",\"url\":\"https:\\\/\\\/lasentinelle.dz\\\/\",\"name\":\"La Sentinelle\",\"description\":\"Quotidien national d&#039;information\",\"publisher\":{\"@id\":\"https:\\\/\\\/lasentinelle.dz\\\/#organization\"},\"potentialAction\":[{\"@type\":\"SearchAction\",\"target\":{\"@type\":\"EntryPoint\",\"urlTemplate\":\"https:\\\/\\\/lasentinelle.dz\\\/?s={search_term_string}\"},\"query-input\":{\"@type\":\"PropertyValueSpecification\",\"valueRequired\":true,\"valueName\":\"search_term_string\"}}],\"inLanguage\":\"fr-FR\"},{\"@type\":\"Organization\",\"@id\":\"https:\\\/\\\/lasentinelle.dz\\\/#organization\",\"name\":\"Quotidien La Sentinelle\",\"url\":\"https:\\\/\\\/lasentinelle.dz\\\/\",\"logo\":{\"@type\":\"ImageObject\",\"inLanguage\":\"fr-FR\",\"@id\":\"https:\\\/\\\/lasentinelle.dz\\\/#\\\/schema\\\/logo\\\/image\\\/\",\"url\":\"https:\\\/\\\/lasentinelle.dz\\\/wp-content\\\/uploads\\\/2021\\\/09\\\/logo-sentinelleSLOGAN-1.png\",\"contentUrl\":\"https:\\\/\\\/lasentinelle.dz\\\/wp-content\\\/uploads\\\/2021\\\/09\\\/logo-sentinelleSLOGAN-1.png\",\"width\":615,\"height\":142,\"caption\":\"Quotidien La Sentinelle\"},\"image\":{\"@id\":\"https:\\\/\\\/lasentinelle.dz\\\/#\\\/schema\\\/logo\\\/image\\\/\"},\"sameAs\":[\"https:\\\/\\\/www.facebook.com\\\/La-Sentinelle-104059864394773\"]},{\"@type\":\"Person\",\"@id\":\"https:\\\/\\\/lasentinelle.dz\\\/#\\\/schema\\\/person\\\/d865044e22e70a75174ce8bcad3acfb3\",\"name\":\"La Sentinelle\",\"image\":{\"@type\":\"ImageObject\",\"inLanguage\":\"fr-FR\",\"@id\":\"https:\\\/\\\/secure.gravatar.com\\\/avatar\\\/57de8e5d4b15d43fb361a71fbb36338450fe67865b528a43dd10ef7c51a20392?s=96&d=mm&r=g\",\"url\":\"https:\\\/\\\/secure.gravatar.com\\\/avatar\\\/57de8e5d4b15d43fb361a71fbb36338450fe67865b528a43dd10ef7c51a20392?s=96&d=mm&r=g\",\"contentUrl\":\"https:\\\/\\\/secure.gravatar.com\\\/avatar\\\/57de8e5d4b15d43fb361a71fbb36338450fe67865b528a43dd10ef7c51a20392?s=96&d=mm&r=g\",\"caption\":\"La Sentinelle\"},\"sameAs\":[\"http:\\\/\\\/www.lasentinelle.dz\"],\"url\":\"https:\\\/\\\/lasentinelle.dz\\\/author\\\/redaction\\\/\"}]}<\/script>\n<!-- \/ Yoast SEO plugin. -->","yoast_head_json":{"title":"Corruption\u00a0:\u00a0La\u00a0Justice refuse la lib\u00e9ration de Baha Eddine Tliba - La Sentinelle","robots":{"index":"index","follow":"follow","max-snippet":"max-snippet:-1","max-image-preview":"max-image-preview:large","max-video-preview":"max-video-preview:-1"},"canonical":"https:\/\/lasentinelle.dz\/index.php\/2022\/09\/12\/corruption-la-justice-refuse-la-liberation-de-baha-eddine-tliba\/","og_locale":"fr_FR","og_type":"article","og_title":"Corruption\u00a0:\u00a0La\u00a0Justice refuse la lib\u00e9ration de Baha Eddine Tliba - La Sentinelle","og_description":"La demande de lib\u00e9ration formul\u00e9e par le&nbsp;collectif de d\u00e9fense de&nbsp;Baha Eddine Tliba,&nbsp;pur sa lib\u00e9ration a \u00e9t\u00e9 rejet\u00e9e. Le parquet pr\u00e8s","og_url":"https:\/\/lasentinelle.dz\/index.php\/2022\/09\/12\/corruption-la-justice-refuse-la-liberation-de-baha-eddine-tliba\/","og_site_name":"La Sentinelle","article_publisher":"https:\/\/www.facebook.com\/La-Sentinelle-104059864394773","article_published_time":"2022-09-11T23:08:00+00:00","og_image":[{"width":1491,"height":900,"url":"https:\/\/lasentinelle.dz\/wp-content\/uploads\/2022\/09\/Tliba.png","type":"image\/png"}],"author":"La Sentinelle","twitter_card":"summary_large_image","twitter_misc":{"\u00c9crit par":"La Sentinelle","Dur\u00e9e de lecture estim\u00e9e":"3 minutes"},"schema":{"@context":"https:\/\/schema.org","@graph":[{"@type":"Article","@id":"https:\/\/lasentinelle.dz\/index.php\/2022\/09\/12\/corruption-la-justice-refuse-la-liberation-de-baha-eddine-tliba\/#article","isPartOf":{"@id":"https:\/\/lasentinelle.dz\/index.php\/2022\/09\/12\/corruption-la-justice-refuse-la-liberation-de-baha-eddine-tliba\/"},"author":{"name":"La Sentinelle","@id":"https:\/\/lasentinelle.dz\/#\/schema\/person\/d865044e22e70a75174ce8bcad3acfb3"},"headline":"Corruption\u00a0:\u00a0La\u00a0Justice refuse la lib\u00e9ration de Baha Eddine Tliba","datePublished":"2022-09-11T23:08:00+00:00","mainEntityOfPage":{"@id":"https:\/\/lasentinelle.dz\/index.php\/2022\/09\/12\/corruption-la-justice-refuse-la-liberation-de-baha-eddine-tliba\/"},"wordCount":598,"commentCount":0,"publisher":{"@id":"https:\/\/lasentinelle.dz\/#organization"},"image":{"@id":"https:\/\/lasentinelle.dz\/index.php\/2022\/09\/12\/corruption-la-justice-refuse-la-liberation-de-baha-eddine-tliba\/#primaryimage"},"thumbnailUrl":"https:\/\/lasentinelle.dz\/wp-content\/uploads\/2022\/09\/Tliba.png","articleSection":["\u00c0 la Une","Actualit\u00e9"],"inLanguage":"fr-FR","potentialAction":[{"@type":"CommentAction","name":"Comment","target":["https:\/\/lasentinelle.dz\/index.php\/2022\/09\/12\/corruption-la-justice-refuse-la-liberation-de-baha-eddine-tliba\/#respond"]}]},{"@type":"WebPage","@id":"https:\/\/lasentinelle.dz\/index.php\/2022\/09\/12\/corruption-la-justice-refuse-la-liberation-de-baha-eddine-tliba\/","url":"https:\/\/lasentinelle.dz\/index.php\/2022\/09\/12\/corruption-la-justice-refuse-la-liberation-de-baha-eddine-tliba\/","name":"Corruption\u00a0:\u00a0La\u00a0Justice refuse la lib\u00e9ration de Baha Eddine Tliba - La Sentinelle","isPartOf":{"@id":"https:\/\/lasentinelle.dz\/#website"},"primaryImageOfPage":{"@id":"https:\/\/lasentinelle.dz\/index.php\/2022\/09\/12\/corruption-la-justice-refuse-la-liberation-de-baha-eddine-tliba\/#primaryimage"},"image":{"@id":"https:\/\/lasentinelle.dz\/index.php\/2022\/09\/12\/corruption-la-justice-refuse-la-liberation-de-baha-eddine-tliba\/#primaryimage"},"thumbnailUrl":"https:\/\/lasentinelle.dz\/wp-content\/uploads\/2022\/09\/Tliba.png","datePublished":"2022-09-11T23:08:00+00:00","breadcrumb":{"@id":"https:\/\/lasentinelle.dz\/index.php\/2022\/09\/12\/corruption-la-justice-refuse-la-liberation-de-baha-eddine-tliba\/#breadcrumb"},"inLanguage":"fr-FR","potentialAction":[{"@type":"ReadAction","target":["https:\/\/lasentinelle.dz\/index.php\/2022\/09\/12\/corruption-la-justice-refuse-la-liberation-de-baha-eddine-tliba\/"]}]},{"@type":"ImageObject","inLanguage":"fr-FR","@id":"https:\/\/lasentinelle.dz\/index.php\/2022\/09\/12\/corruption-la-justice-refuse-la-liberation-de-baha-eddine-tliba\/#primaryimage","url":"https:\/\/lasentinelle.dz\/wp-content\/uploads\/2022\/09\/Tliba.png","contentUrl":"https:\/\/lasentinelle.dz\/wp-content\/uploads\/2022\/09\/Tliba.png","width":1491,"height":900},{"@type":"BreadcrumbList","@id":"https:\/\/lasentinelle.dz\/index.php\/2022\/09\/12\/corruption-la-justice-refuse-la-liberation-de-baha-eddine-tliba\/#breadcrumb","itemListElement":[{"@type":"ListItem","position":1,"name":"Accueil","item":"https:\/\/lasentinelle.dz\/"},{"@type":"ListItem","position":2,"name":"Corruption\u00a0:\u00a0La\u00a0Justice refuse la lib\u00e9ration de Baha Eddine Tliba"}]},{"@type":"WebSite","@id":"https:\/\/lasentinelle.dz\/#website","url":"https:\/\/lasentinelle.dz\/","name":"La Sentinelle","description":"Quotidien national d&#039;information","publisher":{"@id":"https:\/\/lasentinelle.dz\/#organization"},"potentialAction":[{"@type":"SearchAction","target":{"@type":"EntryPoint","urlTemplate":"https:\/\/lasentinelle.dz\/?s={search_term_string}"},"query-input":{"@type":"PropertyValueSpecification","valueRequired":true,"valueName":"search_term_string"}}],"inLanguage":"fr-FR"},{"@type":"Organization","@id":"https:\/\/lasentinelle.dz\/#organization","name":"Quotidien La Sentinelle","url":"https:\/\/lasentinelle.dz\/","logo":{"@type":"ImageObject","inLanguage":"fr-FR","@id":"https:\/\/lasentinelle.dz\/#\/schema\/logo\/image\/","url":"https:\/\/lasentinelle.dz\/wp-content\/uploads\/2021\/09\/logo-sentinelleSLOGAN-1.png","contentUrl":"https:\/\/lasentinelle.dz\/wp-content\/uploads\/2021\/09\/logo-sentinelleSLOGAN-1.png","width":615,"height":142,"caption":"Quotidien La Sentinelle"},"image":{"@id":"https:\/\/lasentinelle.dz\/#\/schema\/logo\/image\/"},"sameAs":["https:\/\/www.facebook.com\/La-Sentinelle-104059864394773"]},{"@type":"Person","@id":"https:\/\/lasentinelle.dz\/#\/schema\/person\/d865044e22e70a75174ce8bcad3acfb3","name":"La Sentinelle","image":{"@type":"ImageObject","inLanguage":"fr-FR","@id":"https:\/\/secure.gravatar.com\/avatar\/57de8e5d4b15d43fb361a71fbb36338450fe67865b528a43dd10ef7c51a20392?s=96&d=mm&r=g","url":"https:\/\/secure.gravatar.com\/avatar\/57de8e5d4b15d43fb361a71fbb36338450fe67865b528a43dd10ef7c51a20392?s=96&d=mm&r=g","contentUrl":"https:\/\/secure.gravatar.com\/avatar\/57de8e5d4b15d43fb361a71fbb36338450fe67865b528a43dd10ef7c51a20392?s=96&d=mm&r=g","caption":"La Sentinelle"},"sameAs":["http:\/\/www.lasentinelle.dz"],"url":"https:\/\/lasentinelle.dz\/author\/redaction\/"}]}},"_links":{"self":[{"href":"https:\/\/lasentinelle.dz\/index.php\/wp-json\/wp\/v2\/posts\/27201","targetHints":{"allow":["GET"]}}],"collection":[{"href":"https:\/\/lasentinelle.dz\/index.php\/wp-json\/wp\/v2\/posts"}],"about":[{"href":"https:\/\/lasentinelle.dz\/index.php\/wp-json\/wp\/v2\/types\/post"}],"author":[{"embeddable":true,"href":"https:\/\/lasentinelle.dz\/index.php\/wp-json\/wp\/v2\/users\/3"}],"replies":[{"embeddable":true,"href":"https:\/\/lasentinelle.dz\/index.php\/wp-json\/wp\/v2\/comments?post=27201"}],"version-history":[{"count":1,"href":"https:\/\/lasentinelle.dz\/index.php\/wp-json\/wp\/v2\/posts\/27201\/revisions"}],"predecessor-version":[{"id":27203,"href":"https:\/\/lasentinelle.dz\/index.php\/wp-json\/wp\/v2\/posts\/27201\/revisions\/27203"}],"wp:featuredmedia":[{"embeddable":true,"href":"https:\/\/lasentinelle.dz\/index.php\/wp-json\/wp\/v2\/media\/27202"}],"wp:attachment":[{"href":"https:\/\/lasentinelle.dz\/index.php\/wp-json\/wp\/v2\/media?parent=27201"}],"wp:term":[{"taxonomy":"category","embeddable":true,"href":"https:\/\/lasentinelle.dz\/index.php\/wp-json\/wp\/v2\/categories?post=27201"},{"taxonomy":"post_tag","embeddable":true,"href":"https:\/\/lasentinelle.dz\/index.php\/wp-json\/wp\/v2\/tags?post=27201"}],"curies":[{"name":"wp","href":"https:\/\/api.w.org\/{rel}","templated":true}]}}