{"id":27206,"date":"2022-09-12T00:05:00","date_gmt":"2022-09-11T23:05:00","guid":{"rendered":"https:\/\/lasentinelle.dz\/?p=27206"},"modified":"2022-09-11T19:33:54","modified_gmt":"2022-09-11T18:33:54","slug":"recensement-general-5-milliards-de-da-mobilises","status":"publish","type":"post","link":"https:\/\/lasentinelle.dz\/index.php\/2022\/09\/12\/recensement-general-5-milliards-de-da-mobilises\/","title":{"rendered":"Recensement g\u00e9n\u00e9ral\u00a0:\u00a05 milliards de DA\u00a0mobilis\u00e9s"},"content":{"rendered":"\n<p>Une enveloppe d&rsquo;environ 5 milliards de DA a \u00e9t\u00e9 d\u00e9gag\u00e9e par l&rsquo;Etat pour la r\u00e9alisation du 6\u00e8me Recensement g\u00e9n\u00e9ral de la population et de l&rsquo;habitat (RGPH-2022), dont \u00ab\u00a0les premiers r\u00e9sultats seront connus dans 3 mois\u00a0\u00bb, a indiqu\u00e9, dimanche \u00e0 Alger, le directeur g\u00e9n\u00e9ral par int\u00e9rim de l&rsquo;Office national des Statistiques (ONS), Youcef Bazizi.&nbsp;Se d\u00e9roulant du 25 septembre au 9 octobre, le 6\u00e8me RGPH n\u00e9cessitera un budget d&rsquo;environ 5 milliards DA, comprenant notamment l&rsquo;ensemble des frais logistiques, de transport, le co\u00fbt de formation des formateurs, le payement des agents recenseurs, a pr\u00e9cis\u00e9 M. Bazizi, lors de son passage au Forum d&rsquo;El-Moudjahid.&nbsp;Entam\u00e9e dans sa phase pr\u00e9paratoire depuis 2019, cette op\u00e9ration est plac\u00e9e sous le slogan \u00ab\u00a0Recensons notre pr\u00e9sent pour construire notre avenir\u00a0\u00bb, et divulguera ses \u00ab\u00a0premiers r\u00e9sultats\u00a0\u00bb dans trois mois, alors qu&rsquo;il faudra attendre une ann\u00e9e pour prendre connaissance de \u00ab\u00a0plus de d\u00e9tails\u00a0\u00bb, a-t-il expliqu\u00e9.&nbsp;&nbsp;&nbsp;Cette op\u00e9ration mobilisera, dans sa phase ex\u00e9cutoire, 53.493 agents recenseurs et 8.032 contr\u00f4leurs, en plus de 2.255 agents recenseurs de r\u00e9serve \u00ab\u00a0pour parer aux impr\u00e9vus\u00a0\u00bb, a-t-il ajout\u00e9 M. Bazizi.&nbsp;Se f\u00e9licitant de l&rsquo;usage de l&rsquo;outil informatique pour l&rsquo;\u00e9dition 2022 du RGPH, M. Bazizi, qui est \u00e9galement directeur de la Gestion \u00e0 l&rsquo;ONS, a fait \u00e9tat de l&rsquo;acquisition de 53.000 tablettes \u00e9quip\u00e9es de puces SIM de 4G, ce qui, selon lui, offrira davantage de \u00ab\u00a0fiabilit\u00e9\u00a0\u00bb aux donn\u00e9es r\u00e9colt\u00e9es, tandis qu&rsquo;une \u00ab\u00a0infime\u00a0\u00bb proportion de citoyens sera recens\u00e9e au moyen classique du papier.&nbsp;En outre, l&rsquo;intervenant a fait savoir que le suivi de l&rsquo;ex\u00e9cution de ce recensement sera supervis\u00e9 par un Comit\u00e9 national pr\u00e9sid\u00e9 par le ministre de l&rsquo;Int\u00e9rieur, des Collectivit\u00e9s locales et de l&rsquo;Am\u00e9nagement du Territoire, et au niveau local par des Comit\u00e9s de wilaya et communaux, pr\u00e9cisant que l&rsquo;op\u00e9ration se fera en fonction d&rsquo;un d\u00e9coupage territorial en \u00ab\u00a0districts de recensement\u00a0\u00bb.&nbsp;A cet effet, 62 ing\u00e9nieurs seront mobilis\u00e9s au niveau des wilayas et 2.600 d\u00e9l\u00e9gu\u00e9s \u00e0 l&rsquo;\u00e9chelle communale, en sus de 150 cadres de l&rsquo;ONS, a-t-il indiqu\u00e9, ajoutant que pour le volet li\u00e9 \u00e0 l&rsquo;information et \u00e0 la sensibilisation, 80.000 affiches en grand et petit formats seront d\u00e9ploy\u00e9es en langues arabe et amazighe.&nbsp;Ceci, outre le recours aux autres moyens de communication que sont les SMS, un site internet d\u00e9di\u00e9 \u00e0 l&rsquo;\u00e9v\u00e9nement, les r\u00e9seaux sociaux, ainsi qu&rsquo;un timbre postal sera \u00e9mis \u00e0 cet effet, a-t-il affirm\u00e9.&nbsp;Tout en rappelant que le RGPH est effectu\u00e9 tous les 10 ans, M. Bazizi a qualifi\u00e9 cette op\u00e9ration de \u00ab\u00a0strat\u00e9gique\u00a0\u00bb et de \u00ab\u00a0complexe\u00a0\u00bb, de par son envergure, car touchant l&rsquo;ensemble du territoire national et aboutissant \u00e0 des informations d\u00e9taill\u00e9es.&nbsp;\u00ab\u00a0C&rsquo;est un outil d&rsquo;aide \u00e0 la d\u00e9cision pour les pouvoirs publics, de m\u00eame qu&rsquo;elle sert aux besoins d&rsquo;analyses et de recherches et aux travaux strat\u00e9giques\u00a0\u00bb, a-t-il pr\u00e9cis\u00e9, relevant l&rsquo;importance des r\u00e9sultats du RGPH pour le pays en mati\u00e8re d&rsquo;ex\u00e9cution de ses engagements internationaux, \u00e0 l&rsquo;instar des Objectifs du D\u00e9veloppement durable (ODD), \u00e0 l&rsquo;horizon 2030.&nbsp;Selon le responsable, la population cible du prochain recensement est celle des m\u00e9nages ordinaires, collectifs, nomades et celle compt\u00e9e \u00ab\u00a0\u00e0 part\u00a0\u00bb, \u00e0 savoir celle se trouvant dans des hospices, des prisons, les sans domicile fixe (SDF), insistant, \u00e0 ce propos, sur le caract\u00e8re \u00ab\u00a0strictement confidentiel\u00a0\u00bb des donn\u00e9es recueillies, et pour lesquelles les pr\u00e9cautions de \u00ab\u00a0s\u00e9curit\u00e9\u00a0\u00bb ont \u00e9t\u00e9 envisag\u00e9es.&nbsp;Le futur recensement concernera \u00e9galement le parc immobilier habit\u00e9 et inhabit\u00e9, sachant que les informations collect\u00e9es \u00ab\u00a0ne seront en aucun cas utilis\u00e9es \u00e0 des fins de contr\u00f4le \u00e9conomique\u00a0\u00bb, a-t-il fait savoir.<\/p>\n\n\n\n<p>APS<\/p>\n","protected":false},"excerpt":{"rendered":"<p>Une enveloppe d&rsquo;environ 5 milliards de DA a \u00e9t\u00e9 d\u00e9gag\u00e9e par l&rsquo;Etat pour la r\u00e9alisation du 6\u00e8me Recensement g\u00e9n\u00e9ral de<\/p>\n","protected":false},"author":3,"featured_media":27214,"comment_status":"open","ping_status":"closed","sticky":false,"template":"","format":"standard","meta":{"colormag_page_container_layout":"default_layout","colormag_page_sidebar_layout":"default_layout","om_disable_all_campaigns":false,"_monsterinsights_skip_tracking":false,"_monsterinsights_sitenote_active":false,"_monsterinsights_sitenote_note":"","_monsterinsights_sitenote_category":0,"footnotes":"","_wpscppro_dont_share_socialmedia":false,"_wpscppro_custom_social_share_image":0,"_facebook_share_type":"","_twitter_share_type":"","_linkedin_share_type":"","_pinterest_share_type":"","_linkedin_share_type_page":"","_instagram_share_type":"","_medium_share_type":"","_threads_share_type":"","_google_business_share_type":"","_selected_social_profile":[],"_wpsp_enable_custom_social_template":false,"_wpsp_social_scheduling":{"enabled":false,"datetime":null,"platforms":[],"status":"template_only","dateOption":"today","timeOption":"now","customDays":"","customHours":"","customDate":"","customTime":"","schedulingType":"absolute"},"_wpsp_active_default_template":true},"categories":[29],"tags":[],"class_list":["post-27206","post","type-post","status-publish","format-standard","has-post-thumbnail","hentry","category-economie"],"aioseo_notices":[],"yoast_head":"<!-- This site is optimized with the Yoast SEO plugin v27.5 - https:\/\/yoast.com\/product\/yoast-seo-wordpress\/ -->\n<title>Recensement g\u00e9n\u00e9ral\u00a0:\u00a05 milliards de DA\u00a0mobilis\u00e9s - La Sentinelle<\/title>\n<meta name=\"robots\" content=\"index, follow, max-snippet:-1, max-image-preview:large, max-video-preview:-1\" \/>\n<link rel=\"canonical\" href=\"https:\/\/lasentinelle.dz\/index.php\/2022\/09\/12\/recensement-general-5-milliards-de-da-mobilises\/\" \/>\n<meta property=\"og:locale\" content=\"fr_FR\" \/>\n<meta property=\"og:type\" content=\"article\" \/>\n<meta property=\"og:title\" content=\"Recensement g\u00e9n\u00e9ral\u00a0:\u00a05 milliards de DA\u00a0mobilis\u00e9s - La Sentinelle\" \/>\n<meta property=\"og:description\" content=\"Une enveloppe d&rsquo;environ 5 milliards de DA a \u00e9t\u00e9 d\u00e9gag\u00e9e par l&rsquo;Etat pour la r\u00e9alisation du 6\u00e8me Recensement g\u00e9n\u00e9ral de\" \/>\n<meta property=\"og:url\" content=\"https:\/\/lasentinelle.dz\/index.php\/2022\/09\/12\/recensement-general-5-milliards-de-da-mobilises\/\" \/>\n<meta property=\"og:site_name\" content=\"La Sentinelle\" \/>\n<meta property=\"article:publisher\" content=\"https:\/\/www.facebook.com\/La-Sentinelle-104059864394773\" \/>\n<meta property=\"article:published_time\" content=\"2022-09-11T23:05:00+00:00\" \/>\n<meta property=\"og:image\" content=\"https:\/\/lasentinelle.dz\/wp-content\/uploads\/2022\/09\/alger.png\" \/>\n\t<meta property=\"og:image:width\" content=\"1427\" \/>\n\t<meta property=\"og:image:height\" content=\"900\" \/>\n\t<meta property=\"og:image:type\" content=\"image\/png\" \/>\n<meta name=\"author\" content=\"La Sentinelle\" \/>\n<meta name=\"twitter:card\" content=\"summary_large_image\" \/>\n<meta name=\"twitter:label1\" content=\"\u00c9crit par\" \/>\n\t<meta name=\"twitter:data1\" content=\"La Sentinelle\" \/>\n\t<meta name=\"twitter:label2\" content=\"Dur\u00e9e de lecture estim\u00e9e\" \/>\n\t<meta name=\"twitter:data2\" content=\"3 minutes\" \/>\n<script type=\"application\/ld+json\" class=\"yoast-schema-graph\">{\"@context\":\"https:\\\/\\\/schema.org\",\"@graph\":[{\"@type\":\"Article\",\"@id\":\"https:\\\/\\\/lasentinelle.dz\\\/index.php\\\/2022\\\/09\\\/12\\\/recensement-general-5-milliards-de-da-mobilises\\\/#article\",\"isPartOf\":{\"@id\":\"https:\\\/\\\/lasentinelle.dz\\\/index.php\\\/2022\\\/09\\\/12\\\/recensement-general-5-milliards-de-da-mobilises\\\/\"},\"author\":{\"name\":\"La Sentinelle\",\"@id\":\"https:\\\/\\\/lasentinelle.dz\\\/#\\\/schema\\\/person\\\/d865044e22e70a75174ce8bcad3acfb3\"},\"headline\":\"Recensement g\u00e9n\u00e9ral\u00a0:\u00a05 milliards de DA\u00a0mobilis\u00e9s\",\"datePublished\":\"2022-09-11T23:05:00+00:00\",\"mainEntityOfPage\":{\"@id\":\"https:\\\/\\\/lasentinelle.dz\\\/index.php\\\/2022\\\/09\\\/12\\\/recensement-general-5-milliards-de-da-mobilises\\\/\"},\"wordCount\":659,\"commentCount\":0,\"publisher\":{\"@id\":\"https:\\\/\\\/lasentinelle.dz\\\/#organization\"},\"image\":{\"@id\":\"https:\\\/\\\/lasentinelle.dz\\\/index.php\\\/2022\\\/09\\\/12\\\/recensement-general-5-milliards-de-da-mobilises\\\/#primaryimage\"},\"thumbnailUrl\":\"https:\\\/\\\/lasentinelle.dz\\\/wp-content\\\/uploads\\\/2022\\\/09\\\/alger.png\",\"articleSection\":[\"\u00c9conomie\"],\"inLanguage\":\"fr-FR\",\"potentialAction\":[{\"@type\":\"CommentAction\",\"name\":\"Comment\",\"target\":[\"https:\\\/\\\/lasentinelle.dz\\\/index.php\\\/2022\\\/09\\\/12\\\/recensement-general-5-milliards-de-da-mobilises\\\/#respond\"]}]},{\"@type\":\"WebPage\",\"@id\":\"https:\\\/\\\/lasentinelle.dz\\\/index.php\\\/2022\\\/09\\\/12\\\/recensement-general-5-milliards-de-da-mobilises\\\/\",\"url\":\"https:\\\/\\\/lasentinelle.dz\\\/index.php\\\/2022\\\/09\\\/12\\\/recensement-general-5-milliards-de-da-mobilises\\\/\",\"name\":\"Recensement g\u00e9n\u00e9ral\u00a0:\u00a05 milliards de DA\u00a0mobilis\u00e9s - La Sentinelle\",\"isPartOf\":{\"@id\":\"https:\\\/\\\/lasentinelle.dz\\\/#website\"},\"primaryImageOfPage\":{\"@id\":\"https:\\\/\\\/lasentinelle.dz\\\/index.php\\\/2022\\\/09\\\/12\\\/recensement-general-5-milliards-de-da-mobilises\\\/#primaryimage\"},\"image\":{\"@id\":\"https:\\\/\\\/lasentinelle.dz\\\/index.php\\\/2022\\\/09\\\/12\\\/recensement-general-5-milliards-de-da-mobilises\\\/#primaryimage\"},\"thumbnailUrl\":\"https:\\\/\\\/lasentinelle.dz\\\/wp-content\\\/uploads\\\/2022\\\/09\\\/alger.png\",\"datePublished\":\"2022-09-11T23:05:00+00:00\",\"breadcrumb\":{\"@id\":\"https:\\\/\\\/lasentinelle.dz\\\/index.php\\\/2022\\\/09\\\/12\\\/recensement-general-5-milliards-de-da-mobilises\\\/#breadcrumb\"},\"inLanguage\":\"fr-FR\",\"potentialAction\":[{\"@type\":\"ReadAction\",\"target\":[\"https:\\\/\\\/lasentinelle.dz\\\/index.php\\\/2022\\\/09\\\/12\\\/recensement-general-5-milliards-de-da-mobilises\\\/\"]}]},{\"@type\":\"ImageObject\",\"inLanguage\":\"fr-FR\",\"@id\":\"https:\\\/\\\/lasentinelle.dz\\\/index.php\\\/2022\\\/09\\\/12\\\/recensement-general-5-milliards-de-da-mobilises\\\/#primaryimage\",\"url\":\"https:\\\/\\\/lasentinelle.dz\\\/wp-content\\\/uploads\\\/2022\\\/09\\\/alger.png\",\"contentUrl\":\"https:\\\/\\\/lasentinelle.dz\\\/wp-content\\\/uploads\\\/2022\\\/09\\\/alger.png\",\"width\":1427,\"height\":900},{\"@type\":\"BreadcrumbList\",\"@id\":\"https:\\\/\\\/lasentinelle.dz\\\/index.php\\\/2022\\\/09\\\/12\\\/recensement-general-5-milliards-de-da-mobilises\\\/#breadcrumb\",\"itemListElement\":[{\"@type\":\"ListItem\",\"position\":1,\"name\":\"Accueil\",\"item\":\"https:\\\/\\\/lasentinelle.dz\\\/\"},{\"@type\":\"ListItem\",\"position\":2,\"name\":\"Recensement g\u00e9n\u00e9ral\u00a0:\u00a05 milliards de DA\u00a0mobilis\u00e9s\"}]},{\"@type\":\"WebSite\",\"@id\":\"https:\\\/\\\/lasentinelle.dz\\\/#website\",\"url\":\"https:\\\/\\\/lasentinelle.dz\\\/\",\"name\":\"La Sentinelle\",\"description\":\"Quotidien national d&#039;information\",\"publisher\":{\"@id\":\"https:\\\/\\\/lasentinelle.dz\\\/#organization\"},\"potentialAction\":[{\"@type\":\"SearchAction\",\"target\":{\"@type\":\"EntryPoint\",\"urlTemplate\":\"https:\\\/\\\/lasentinelle.dz\\\/?s={search_term_string}\"},\"query-input\":{\"@type\":\"PropertyValueSpecification\",\"valueRequired\":true,\"valueName\":\"search_term_string\"}}],\"inLanguage\":\"fr-FR\"},{\"@type\":\"Organization\",\"@id\":\"https:\\\/\\\/lasentinelle.dz\\\/#organization\",\"name\":\"Quotidien La Sentinelle\",\"url\":\"https:\\\/\\\/lasentinelle.dz\\\/\",\"logo\":{\"@type\":\"ImageObject\",\"inLanguage\":\"fr-FR\",\"@id\":\"https:\\\/\\\/lasentinelle.dz\\\/#\\\/schema\\\/logo\\\/image\\\/\",\"url\":\"https:\\\/\\\/lasentinelle.dz\\\/wp-content\\\/uploads\\\/2021\\\/09\\\/logo-sentinelleSLOGAN-1.png\",\"contentUrl\":\"https:\\\/\\\/lasentinelle.dz\\\/wp-content\\\/uploads\\\/2021\\\/09\\\/logo-sentinelleSLOGAN-1.png\",\"width\":615,\"height\":142,\"caption\":\"Quotidien La Sentinelle\"},\"image\":{\"@id\":\"https:\\\/\\\/lasentinelle.dz\\\/#\\\/schema\\\/logo\\\/image\\\/\"},\"sameAs\":[\"https:\\\/\\\/www.facebook.com\\\/La-Sentinelle-104059864394773\"]},{\"@type\":\"Person\",\"@id\":\"https:\\\/\\\/lasentinelle.dz\\\/#\\\/schema\\\/person\\\/d865044e22e70a75174ce8bcad3acfb3\",\"name\":\"La Sentinelle\",\"image\":{\"@type\":\"ImageObject\",\"inLanguage\":\"fr-FR\",\"@id\":\"https:\\\/\\\/secure.gravatar.com\\\/avatar\\\/57de8e5d4b15d43fb361a71fbb36338450fe67865b528a43dd10ef7c51a20392?s=96&d=mm&r=g\",\"url\":\"https:\\\/\\\/secure.gravatar.com\\\/avatar\\\/57de8e5d4b15d43fb361a71fbb36338450fe67865b528a43dd10ef7c51a20392?s=96&d=mm&r=g\",\"contentUrl\":\"https:\\\/\\\/secure.gravatar.com\\\/avatar\\\/57de8e5d4b15d43fb361a71fbb36338450fe67865b528a43dd10ef7c51a20392?s=96&d=mm&r=g\",\"caption\":\"La Sentinelle\"},\"sameAs\":[\"http:\\\/\\\/www.lasentinelle.dz\"],\"url\":\"https:\\\/\\\/lasentinelle.dz\\\/author\\\/redaction\\\/\"}]}<\/script>\n<!-- \/ Yoast SEO plugin. -->","yoast_head_json":{"title":"Recensement g\u00e9n\u00e9ral\u00a0:\u00a05 milliards de DA\u00a0mobilis\u00e9s - La Sentinelle","robots":{"index":"index","follow":"follow","max-snippet":"max-snippet:-1","max-image-preview":"max-image-preview:large","max-video-preview":"max-video-preview:-1"},"canonical":"https:\/\/lasentinelle.dz\/index.php\/2022\/09\/12\/recensement-general-5-milliards-de-da-mobilises\/","og_locale":"fr_FR","og_type":"article","og_title":"Recensement g\u00e9n\u00e9ral\u00a0:\u00a05 milliards de DA\u00a0mobilis\u00e9s - La Sentinelle","og_description":"Une enveloppe d&rsquo;environ 5 milliards de DA a \u00e9t\u00e9 d\u00e9gag\u00e9e par l&rsquo;Etat pour la r\u00e9alisation du 6\u00e8me Recensement g\u00e9n\u00e9ral de","og_url":"https:\/\/lasentinelle.dz\/index.php\/2022\/09\/12\/recensement-general-5-milliards-de-da-mobilises\/","og_site_name":"La Sentinelle","article_publisher":"https:\/\/www.facebook.com\/La-Sentinelle-104059864394773","article_published_time":"2022-09-11T23:05:00+00:00","og_image":[{"width":1427,"height":900,"url":"https:\/\/lasentinelle.dz\/wp-content\/uploads\/2022\/09\/alger.png","type":"image\/png"}],"author":"La Sentinelle","twitter_card":"summary_large_image","twitter_misc":{"\u00c9crit par":"La Sentinelle","Dur\u00e9e de lecture estim\u00e9e":"3 minutes"},"schema":{"@context":"https:\/\/schema.org","@graph":[{"@type":"Article","@id":"https:\/\/lasentinelle.dz\/index.php\/2022\/09\/12\/recensement-general-5-milliards-de-da-mobilises\/#article","isPartOf":{"@id":"https:\/\/lasentinelle.dz\/index.php\/2022\/09\/12\/recensement-general-5-milliards-de-da-mobilises\/"},"author":{"name":"La Sentinelle","@id":"https:\/\/lasentinelle.dz\/#\/schema\/person\/d865044e22e70a75174ce8bcad3acfb3"},"headline":"Recensement g\u00e9n\u00e9ral\u00a0:\u00a05 milliards de DA\u00a0mobilis\u00e9s","datePublished":"2022-09-11T23:05:00+00:00","mainEntityOfPage":{"@id":"https:\/\/lasentinelle.dz\/index.php\/2022\/09\/12\/recensement-general-5-milliards-de-da-mobilises\/"},"wordCount":659,"commentCount":0,"publisher":{"@id":"https:\/\/lasentinelle.dz\/#organization"},"image":{"@id":"https:\/\/lasentinelle.dz\/index.php\/2022\/09\/12\/recensement-general-5-milliards-de-da-mobilises\/#primaryimage"},"thumbnailUrl":"https:\/\/lasentinelle.dz\/wp-content\/uploads\/2022\/09\/alger.png","articleSection":["\u00c9conomie"],"inLanguage":"fr-FR","potentialAction":[{"@type":"CommentAction","name":"Comment","target":["https:\/\/lasentinelle.dz\/index.php\/2022\/09\/12\/recensement-general-5-milliards-de-da-mobilises\/#respond"]}]},{"@type":"WebPage","@id":"https:\/\/lasentinelle.dz\/index.php\/2022\/09\/12\/recensement-general-5-milliards-de-da-mobilises\/","url":"https:\/\/lasentinelle.dz\/index.php\/2022\/09\/12\/recensement-general-5-milliards-de-da-mobilises\/","name":"Recensement g\u00e9n\u00e9ral\u00a0:\u00a05 milliards de DA\u00a0mobilis\u00e9s - La Sentinelle","isPartOf":{"@id":"https:\/\/lasentinelle.dz\/#website"},"primaryImageOfPage":{"@id":"https:\/\/lasentinelle.dz\/index.php\/2022\/09\/12\/recensement-general-5-milliards-de-da-mobilises\/#primaryimage"},"image":{"@id":"https:\/\/lasentinelle.dz\/index.php\/2022\/09\/12\/recensement-general-5-milliards-de-da-mobilises\/#primaryimage"},"thumbnailUrl":"https:\/\/lasentinelle.dz\/wp-content\/uploads\/2022\/09\/alger.png","datePublished":"2022-09-11T23:05:00+00:00","breadcrumb":{"@id":"https:\/\/lasentinelle.dz\/index.php\/2022\/09\/12\/recensement-general-5-milliards-de-da-mobilises\/#breadcrumb"},"inLanguage":"fr-FR","potentialAction":[{"@type":"ReadAction","target":["https:\/\/lasentinelle.dz\/index.php\/2022\/09\/12\/recensement-general-5-milliards-de-da-mobilises\/"]}]},{"@type":"ImageObject","inLanguage":"fr-FR","@id":"https:\/\/lasentinelle.dz\/index.php\/2022\/09\/12\/recensement-general-5-milliards-de-da-mobilises\/#primaryimage","url":"https:\/\/lasentinelle.dz\/wp-content\/uploads\/2022\/09\/alger.png","contentUrl":"https:\/\/lasentinelle.dz\/wp-content\/uploads\/2022\/09\/alger.png","width":1427,"height":900},{"@type":"BreadcrumbList","@id":"https:\/\/lasentinelle.dz\/index.php\/2022\/09\/12\/recensement-general-5-milliards-de-da-mobilises\/#breadcrumb","itemListElement":[{"@type":"ListItem","position":1,"name":"Accueil","item":"https:\/\/lasentinelle.dz\/"},{"@type":"ListItem","position":2,"name":"Recensement g\u00e9n\u00e9ral\u00a0:\u00a05 milliards de DA\u00a0mobilis\u00e9s"}]},{"@type":"WebSite","@id":"https:\/\/lasentinelle.dz\/#website","url":"https:\/\/lasentinelle.dz\/","name":"La Sentinelle","description":"Quotidien national d&#039;information","publisher":{"@id":"https:\/\/lasentinelle.dz\/#organization"},"potentialAction":[{"@type":"SearchAction","target":{"@type":"EntryPoint","urlTemplate":"https:\/\/lasentinelle.dz\/?s={search_term_string}"},"query-input":{"@type":"PropertyValueSpecification","valueRequired":true,"valueName":"search_term_string"}}],"inLanguage":"fr-FR"},{"@type":"Organization","@id":"https:\/\/lasentinelle.dz\/#organization","name":"Quotidien La Sentinelle","url":"https:\/\/lasentinelle.dz\/","logo":{"@type":"ImageObject","inLanguage":"fr-FR","@id":"https:\/\/lasentinelle.dz\/#\/schema\/logo\/image\/","url":"https:\/\/lasentinelle.dz\/wp-content\/uploads\/2021\/09\/logo-sentinelleSLOGAN-1.png","contentUrl":"https:\/\/lasentinelle.dz\/wp-content\/uploads\/2021\/09\/logo-sentinelleSLOGAN-1.png","width":615,"height":142,"caption":"Quotidien La Sentinelle"},"image":{"@id":"https:\/\/lasentinelle.dz\/#\/schema\/logo\/image\/"},"sameAs":["https:\/\/www.facebook.com\/La-Sentinelle-104059864394773"]},{"@type":"Person","@id":"https:\/\/lasentinelle.dz\/#\/schema\/person\/d865044e22e70a75174ce8bcad3acfb3","name":"La Sentinelle","image":{"@type":"ImageObject","inLanguage":"fr-FR","@id":"https:\/\/secure.gravatar.com\/avatar\/57de8e5d4b15d43fb361a71fbb36338450fe67865b528a43dd10ef7c51a20392?s=96&d=mm&r=g","url":"https:\/\/secure.gravatar.com\/avatar\/57de8e5d4b15d43fb361a71fbb36338450fe67865b528a43dd10ef7c51a20392?s=96&d=mm&r=g","contentUrl":"https:\/\/secure.gravatar.com\/avatar\/57de8e5d4b15d43fb361a71fbb36338450fe67865b528a43dd10ef7c51a20392?s=96&d=mm&r=g","caption":"La Sentinelle"},"sameAs":["http:\/\/www.lasentinelle.dz"],"url":"https:\/\/lasentinelle.dz\/author\/redaction\/"}]}},"_links":{"self":[{"href":"https:\/\/lasentinelle.dz\/index.php\/wp-json\/wp\/v2\/posts\/27206","targetHints":{"allow":["GET"]}}],"collection":[{"href":"https:\/\/lasentinelle.dz\/index.php\/wp-json\/wp\/v2\/posts"}],"about":[{"href":"https:\/\/lasentinelle.dz\/index.php\/wp-json\/wp\/v2\/types\/post"}],"author":[{"embeddable":true,"href":"https:\/\/lasentinelle.dz\/index.php\/wp-json\/wp\/v2\/users\/3"}],"replies":[{"embeddable":true,"href":"https:\/\/lasentinelle.dz\/index.php\/wp-json\/wp\/v2\/comments?post=27206"}],"version-history":[{"count":1,"href":"https:\/\/lasentinelle.dz\/index.php\/wp-json\/wp\/v2\/posts\/27206\/revisions"}],"predecessor-version":[{"id":27215,"href":"https:\/\/lasentinelle.dz\/index.php\/wp-json\/wp\/v2\/posts\/27206\/revisions\/27215"}],"wp:featuredmedia":[{"embeddable":true,"href":"https:\/\/lasentinelle.dz\/index.php\/wp-json\/wp\/v2\/media\/27214"}],"wp:attachment":[{"href":"https:\/\/lasentinelle.dz\/index.php\/wp-json\/wp\/v2\/media?parent=27206"}],"wp:term":[{"taxonomy":"category","embeddable":true,"href":"https:\/\/lasentinelle.dz\/index.php\/wp-json\/wp\/v2\/categories?post=27206"},{"taxonomy":"post_tag","embeddable":true,"href":"https:\/\/lasentinelle.dz\/index.php\/wp-json\/wp\/v2\/tags?post=27206"}],"curies":[{"name":"wp","href":"https:\/\/api.w.org\/{rel}","templated":true}]}}