{"id":27287,"date":"2022-09-13T00:15:00","date_gmt":"2022-09-12T23:15:00","guid":{"rendered":"https:\/\/lasentinelle.dz\/?p=27287"},"modified":"2022-09-12T20:40:21","modified_gmt":"2022-09-12T19:40:21","slug":"cerealiculture-vers-une-hausse-des-subventions","status":"publish","type":"post","link":"https:\/\/lasentinelle.dz\/index.php\/2022\/09\/13\/cerealiculture-vers-une-hausse-des-subventions\/","title":{"rendered":"C\u00e9r\u00e9aliculture\u00a0: Vers une hausse des subventions"},"content":{"rendered":"\n<p>Le minist\u00e8re de l\u2019Agriculture et du D\u00e9veloppement rural examine, actuellement, \u00abla possibilit\u00e9 de relever le plafond des subventions des semences et des engrais\u00bb. C\u2019est ce qu\u2019a affirm\u00e9, hier, le secr\u00e9taire g\u00e9n\u00e9ral (SG), charg\u00e9 des fonctions de DG de l&rsquo;Office alg\u00e9rien interprofessionnel des c\u00e9r\u00e9ales (OAIC), Nasreddine Messaoudi, devant la Commission de l&rsquo;Agriculture, de la p\u00eache et de la protection de l&rsquo;environnement de l&rsquo;Assembl\u00e9e populaire nationale (APN). \u00ab&nbsp;L\u2019objectif trac\u00e9 \u00e0 travers une telle d\u00e9marche est d\u2019 \u00abatteindre l&rsquo;autosuffisance, du moins pour le bl\u00e9 dur et l&rsquo;orge\u00bb, a ajout\u00e9 le m\u00eame responsable.<\/p>\n\n\n\n<p>Cette mesure entre dans le cadre d\u2019une d\u00e9marche globale destin\u00e9e \u00e0 encourager le d\u00e9veloppement de la c\u00e9r\u00e9aliculture. C\u2019est en ce sens qu\u2019un groupe de travail intersectoriel (Agriculture, industrie, ressources en eau) a \u00e9t\u00e9 install\u00e9 et devrait &nbsp;\u00a0\u00bb constituer un dossier complet\u00a0\u00bb \u00e0 soumettre aux services du Premier ministre, \u00e0 propos de la nouvelle strat\u00e9gie \u00e0 moyen terme en mati\u00e8re de production de c\u00e9r\u00e9ales.L&rsquo;autosuffisance est \u00ab\u00a0\u00e0 la port\u00e9e de l&rsquo;Alg\u00e9rie\u00a0\u00bb, a-t-il soutenu, affirmant que \u00ab\u00a0les conditions climatiques \u00e9taient le seul obstacle ayant emp\u00each\u00e9 de r\u00e9aliser cet objectif plus t\u00f4t\u00a0\u00bb.Il faudra, pour ce faire, \u00ab\u00a0d\u00e9finir les ressources d&rsquo;eau \u00e0 m\u00eame d&rsquo;assurer l&rsquo;irrigation de compl\u00e9ment\u00a0\u00bb dans le nord du pays, tandis que dans le Sud, il est question d\u00a0\u00bb&lsquo;exploiter d&rsquo;autres superficies\u00a0\u00bb \u00e0 proximit\u00e9 de ressources en eau pour permettre \u00e0 l&rsquo;Alg\u00e9rie d&rsquo;atteindre l&rsquo;autosuffisance \u00e0 travers \u00ab\u00a0la rationalisation et l&rsquo;intensification\u00a0\u00bb, des op\u00e9rations d&rsquo;irrigation.En ce qui concerne l&rsquo;actuelle campagne de moisson-battage, M. Messaoudi a affirm\u00e9 que l&rsquo;Office \u00ab\u00a0re\u00e7oit actuellement les derni\u00e8res quantit\u00e9s\u00a0\u00bb de semences de la part des agriculteurs et des exploitations agricoles, rappelant l&rsquo;ouverture de plus de 520 points de stockage durant cette campagne.<\/p>\n\n\n\n<p>L\u2019ambition des plus hautes autorit\u00e9s du pays de r\u00e9aliser cette autosuffisance a \u00e9t\u00e9 maintes fois affirm\u00e9e ces derniers temps. Le 17 juillet dernier, le pr\u00e9sident de la R\u00e9publique, Abdelmadjid Tebboune, avait instruit l\u2019ex\u00e9cutif, lors d\u2019une r\u00e9union du Conseil des ministres, \u00e0 l\u2019effet \u00abd\u2019intensifier les efforts pour garantir la s\u00e9curit\u00e9 alimentaire, notamment pour ce qui est des c\u00e9r\u00e9ales, et ce, compte tenu des fluctuations internationales actuelles\u00bb. \u00abIl s\u2019agit l\u00e0 d\u2019un d\u00e9fi devant \u00eatre relev\u00e9 quels que soient les difficult\u00e9s et les obstacles, car le potentiel et les capacit\u00e9s mat\u00e9rielles et naturelles de l\u2019Alg\u00e9rie la qualifient pour atteindre cet objectif strat\u00e9gique\u00bb, avait-il ajout\u00e9. La probl\u00e9matique avait \u00e9t\u00e9 pos\u00e9e avec plus d\u2019insistance en raison de l\u2019envol\u00e9e des prix des c\u00e9r\u00e9ales sur les march\u00e9s internationaux apr\u00e8s le d\u00e9clenchement du conflit russo-ukrainien. Ce qui, bien entendu, s\u2019est r\u00e9percut\u00e9 sur les pays importateurs. Au mois d\u2019avril, \u00e0 l\u2019occasion d\u2019une entrevue avec des repr\u00e9sentants de m\u00e9dias nationaux, le chef de l\u2019Etat, et apr\u00e8s avoir rappel\u00e9 que \u00abla fili\u00e8re des c\u00e9r\u00e9ales ne couvre qu&rsquo;environ la moiti\u00e9 des besoins du pays, estim\u00e9s \u00e0 environ 9 millions de tonnes\u00bb, a indiqu\u00e9 que \u00abcompte tenu de la croissance d\u00e9mographique, estim\u00e9e \u00e0 850.000 personnes par an, il est n\u00e9cessaire d&rsquo;augmenter la production nationale en vue de r\u00e9pondre \u00e0 la demande int\u00e9rieure croissante et de r\u00e9duire progressivement la part des importations jusqu&rsquo;\u00e0 leur arr\u00eat d\u00e9finitif, une chose tr\u00e8s possible de l&rsquo;avis des sp\u00e9cialistes\u00bb. Et la question relative aux subvenions accord\u00e9es dans le cadre de la production du bl\u00e9, soit en soutenant directement les prix des semences et engrais livr\u00e9s aux agriculteurs, soit en achetant les r\u00e9coltes \u00e0 des prix subventionn\u00e9s, est au c\u0153ur de cette \u00e9quation. Les autorit\u00e9s avaient d\u00e9j\u00e0 d\u00e9cid\u00e9, en janvier dernier, \u00abd&rsquo;augmenter les prix d&rsquo;achat du bl\u00e9 tendre et dur aupr\u00e8s des agriculteurs pour les encourager \u00e0 doubler de production en vue de r\u00e9aliser la s\u00e9curit\u00e9 alimentaire\u00bb. \u00abLe prix d&rsquo;achat du bl\u00e9 dur est pass\u00e9 donc de 4500 Da \u00e0 6000 Da, le bl\u00e9 tendre de 3500 Da \u00e0 5000 Da, l&rsquo;orge de 2500 Da \u00e0 3400 Da et l&rsquo;avoine de 1800 Da \u00e0 3400 Da\u00bb, comme indiqu\u00e9 \u00e0 l\u2019issu d\u2019une r\u00e9union du Conseil des ministres. Le rel\u00e8vement du plafond des subventions des semences et des engrais sera donc, si jamais il est act\u00e9, une autre aide destin\u00e9e \u00e0 encourager la production c\u00e9r\u00e9ali\u00e8re.<\/p>\n\n\n\n<p><strong>Elyas Nour<\/strong><\/p>\n","protected":false},"excerpt":{"rendered":"<p>Le minist\u00e8re de l\u2019Agriculture et du D\u00e9veloppement rural examine, actuellement, \u00abla possibilit\u00e9 de relever le plafond des subventions des semences<\/p>\n","protected":false},"author":3,"featured_media":27288,"comment_status":"open","ping_status":"closed","sticky":false,"template":"","format":"standard","meta":{"colormag_page_container_layout":"default_layout","colormag_page_sidebar_layout":"default_layout","om_disable_all_campaigns":false,"_monsterinsights_skip_tracking":false,"_monsterinsights_sitenote_active":false,"_monsterinsights_sitenote_note":"","_monsterinsights_sitenote_category":0,"footnotes":"","_wpscppro_dont_share_socialmedia":false,"_wpscppro_custom_social_share_image":0,"_facebook_share_type":"","_twitter_share_type":"","_linkedin_share_type":"","_pinterest_share_type":"","_linkedin_share_type_page":"","_instagram_share_type":"","_medium_share_type":"","_threads_share_type":"","_google_business_share_type":"","_selected_social_profile":[],"_wpsp_enable_custom_social_template":false,"_wpsp_social_scheduling":{"enabled":false,"datetime":null,"platforms":[],"status":"template_only","dateOption":"today","timeOption":"now","customDays":"","customHours":"","customDate":"","customTime":"","schedulingType":"absolute"},"_wpsp_active_default_template":true},"categories":[52,29],"tags":[],"class_list":["post-27287","post","type-post","status-publish","format-standard","has-post-thumbnail","hentry","category-a-la-une","category-economie"],"aioseo_notices":[],"yoast_head":"<!-- This site is optimized with the Yoast SEO plugin v27.5 - https:\/\/yoast.com\/product\/yoast-seo-wordpress\/ -->\n<title>C\u00e9r\u00e9aliculture\u00a0: Vers une hausse des subventions - La Sentinelle<\/title>\n<meta name=\"robots\" content=\"index, follow, max-snippet:-1, max-image-preview:large, max-video-preview:-1\" \/>\n<link rel=\"canonical\" href=\"https:\/\/lasentinelle.dz\/index.php\/2022\/09\/13\/cerealiculture-vers-une-hausse-des-subventions\/\" \/>\n<meta property=\"og:locale\" content=\"fr_FR\" \/>\n<meta property=\"og:type\" content=\"article\" \/>\n<meta property=\"og:title\" content=\"C\u00e9r\u00e9aliculture\u00a0: Vers une hausse des subventions - La Sentinelle\" \/>\n<meta property=\"og:description\" content=\"Le minist\u00e8re de l\u2019Agriculture et du D\u00e9veloppement rural examine, actuellement, \u00abla possibilit\u00e9 de relever le plafond des subventions des semences\" \/>\n<meta property=\"og:url\" content=\"https:\/\/lasentinelle.dz\/index.php\/2022\/09\/13\/cerealiculture-vers-une-hausse-des-subventions\/\" \/>\n<meta property=\"og:site_name\" content=\"La Sentinelle\" \/>\n<meta property=\"article:publisher\" content=\"https:\/\/www.facebook.com\/La-Sentinelle-104059864394773\" \/>\n<meta property=\"article:published_time\" content=\"2022-09-12T23:15:00+00:00\" \/>\n<meta property=\"og:image\" content=\"https:\/\/lasentinelle.dz\/wp-content\/uploads\/2022\/09\/cerealiculture-1.png\" \/>\n\t<meta property=\"og:image:width\" content=\"1350\" \/>\n\t<meta property=\"og:image:height\" content=\"900\" \/>\n\t<meta property=\"og:image:type\" content=\"image\/png\" \/>\n<meta name=\"author\" content=\"La Sentinelle\" \/>\n<meta name=\"twitter:card\" content=\"summary_large_image\" \/>\n<meta name=\"twitter:label1\" content=\"\u00c9crit par\" \/>\n\t<meta name=\"twitter:data1\" content=\"La Sentinelle\" \/>\n\t<meta name=\"twitter:label2\" content=\"Dur\u00e9e de lecture estim\u00e9e\" \/>\n\t<meta name=\"twitter:data2\" content=\"4 minutes\" \/>\n<script type=\"application\/ld+json\" class=\"yoast-schema-graph\">{\"@context\":\"https:\\\/\\\/schema.org\",\"@graph\":[{\"@type\":\"Article\",\"@id\":\"https:\\\/\\\/lasentinelle.dz\\\/index.php\\\/2022\\\/09\\\/13\\\/cerealiculture-vers-une-hausse-des-subventions\\\/#article\",\"isPartOf\":{\"@id\":\"https:\\\/\\\/lasentinelle.dz\\\/index.php\\\/2022\\\/09\\\/13\\\/cerealiculture-vers-une-hausse-des-subventions\\\/\"},\"author\":{\"name\":\"La Sentinelle\",\"@id\":\"https:\\\/\\\/lasentinelle.dz\\\/#\\\/schema\\\/person\\\/d865044e22e70a75174ce8bcad3acfb3\"},\"headline\":\"C\u00e9r\u00e9aliculture\u00a0: Vers une hausse des subventions\",\"datePublished\":\"2022-09-12T23:15:00+00:00\",\"mainEntityOfPage\":{\"@id\":\"https:\\\/\\\/lasentinelle.dz\\\/index.php\\\/2022\\\/09\\\/13\\\/cerealiculture-vers-une-hausse-des-subventions\\\/\"},\"wordCount\":777,\"commentCount\":0,\"publisher\":{\"@id\":\"https:\\\/\\\/lasentinelle.dz\\\/#organization\"},\"image\":{\"@id\":\"https:\\\/\\\/lasentinelle.dz\\\/index.php\\\/2022\\\/09\\\/13\\\/cerealiculture-vers-une-hausse-des-subventions\\\/#primaryimage\"},\"thumbnailUrl\":\"https:\\\/\\\/lasentinelle.dz\\\/wp-content\\\/uploads\\\/2022\\\/09\\\/cerealiculture-1.png\",\"articleSection\":[\"\u00c0 la Une\",\"\u00c9conomie\"],\"inLanguage\":\"fr-FR\",\"potentialAction\":[{\"@type\":\"CommentAction\",\"name\":\"Comment\",\"target\":[\"https:\\\/\\\/lasentinelle.dz\\\/index.php\\\/2022\\\/09\\\/13\\\/cerealiculture-vers-une-hausse-des-subventions\\\/#respond\"]}]},{\"@type\":\"WebPage\",\"@id\":\"https:\\\/\\\/lasentinelle.dz\\\/index.php\\\/2022\\\/09\\\/13\\\/cerealiculture-vers-une-hausse-des-subventions\\\/\",\"url\":\"https:\\\/\\\/lasentinelle.dz\\\/index.php\\\/2022\\\/09\\\/13\\\/cerealiculture-vers-une-hausse-des-subventions\\\/\",\"name\":\"C\u00e9r\u00e9aliculture\u00a0: Vers une hausse des subventions - La Sentinelle\",\"isPartOf\":{\"@id\":\"https:\\\/\\\/lasentinelle.dz\\\/#website\"},\"primaryImageOfPage\":{\"@id\":\"https:\\\/\\\/lasentinelle.dz\\\/index.php\\\/2022\\\/09\\\/13\\\/cerealiculture-vers-une-hausse-des-subventions\\\/#primaryimage\"},\"image\":{\"@id\":\"https:\\\/\\\/lasentinelle.dz\\\/index.php\\\/2022\\\/09\\\/13\\\/cerealiculture-vers-une-hausse-des-subventions\\\/#primaryimage\"},\"thumbnailUrl\":\"https:\\\/\\\/lasentinelle.dz\\\/wp-content\\\/uploads\\\/2022\\\/09\\\/cerealiculture-1.png\",\"datePublished\":\"2022-09-12T23:15:00+00:00\",\"breadcrumb\":{\"@id\":\"https:\\\/\\\/lasentinelle.dz\\\/index.php\\\/2022\\\/09\\\/13\\\/cerealiculture-vers-une-hausse-des-subventions\\\/#breadcrumb\"},\"inLanguage\":\"fr-FR\",\"potentialAction\":[{\"@type\":\"ReadAction\",\"target\":[\"https:\\\/\\\/lasentinelle.dz\\\/index.php\\\/2022\\\/09\\\/13\\\/cerealiculture-vers-une-hausse-des-subventions\\\/\"]}]},{\"@type\":\"ImageObject\",\"inLanguage\":\"fr-FR\",\"@id\":\"https:\\\/\\\/lasentinelle.dz\\\/index.php\\\/2022\\\/09\\\/13\\\/cerealiculture-vers-une-hausse-des-subventions\\\/#primaryimage\",\"url\":\"https:\\\/\\\/lasentinelle.dz\\\/wp-content\\\/uploads\\\/2022\\\/09\\\/cerealiculture-1.png\",\"contentUrl\":\"https:\\\/\\\/lasentinelle.dz\\\/wp-content\\\/uploads\\\/2022\\\/09\\\/cerealiculture-1.png\",\"width\":1350,\"height\":900},{\"@type\":\"BreadcrumbList\",\"@id\":\"https:\\\/\\\/lasentinelle.dz\\\/index.php\\\/2022\\\/09\\\/13\\\/cerealiculture-vers-une-hausse-des-subventions\\\/#breadcrumb\",\"itemListElement\":[{\"@type\":\"ListItem\",\"position\":1,\"name\":\"Accueil\",\"item\":\"https:\\\/\\\/lasentinelle.dz\\\/\"},{\"@type\":\"ListItem\",\"position\":2,\"name\":\"C\u00e9r\u00e9aliculture\u00a0: Vers une hausse des subventions\"}]},{\"@type\":\"WebSite\",\"@id\":\"https:\\\/\\\/lasentinelle.dz\\\/#website\",\"url\":\"https:\\\/\\\/lasentinelle.dz\\\/\",\"name\":\"La Sentinelle\",\"description\":\"Quotidien national d&#039;information\",\"publisher\":{\"@id\":\"https:\\\/\\\/lasentinelle.dz\\\/#organization\"},\"potentialAction\":[{\"@type\":\"SearchAction\",\"target\":{\"@type\":\"EntryPoint\",\"urlTemplate\":\"https:\\\/\\\/lasentinelle.dz\\\/?s={search_term_string}\"},\"query-input\":{\"@type\":\"PropertyValueSpecification\",\"valueRequired\":true,\"valueName\":\"search_term_string\"}}],\"inLanguage\":\"fr-FR\"},{\"@type\":\"Organization\",\"@id\":\"https:\\\/\\\/lasentinelle.dz\\\/#organization\",\"name\":\"Quotidien La Sentinelle\",\"url\":\"https:\\\/\\\/lasentinelle.dz\\\/\",\"logo\":{\"@type\":\"ImageObject\",\"inLanguage\":\"fr-FR\",\"@id\":\"https:\\\/\\\/lasentinelle.dz\\\/#\\\/schema\\\/logo\\\/image\\\/\",\"url\":\"https:\\\/\\\/lasentinelle.dz\\\/wp-content\\\/uploads\\\/2021\\\/09\\\/logo-sentinelleSLOGAN-1.png\",\"contentUrl\":\"https:\\\/\\\/lasentinelle.dz\\\/wp-content\\\/uploads\\\/2021\\\/09\\\/logo-sentinelleSLOGAN-1.png\",\"width\":615,\"height\":142,\"caption\":\"Quotidien La Sentinelle\"},\"image\":{\"@id\":\"https:\\\/\\\/lasentinelle.dz\\\/#\\\/schema\\\/logo\\\/image\\\/\"},\"sameAs\":[\"https:\\\/\\\/www.facebook.com\\\/La-Sentinelle-104059864394773\"]},{\"@type\":\"Person\",\"@id\":\"https:\\\/\\\/lasentinelle.dz\\\/#\\\/schema\\\/person\\\/d865044e22e70a75174ce8bcad3acfb3\",\"name\":\"La Sentinelle\",\"image\":{\"@type\":\"ImageObject\",\"inLanguage\":\"fr-FR\",\"@id\":\"https:\\\/\\\/secure.gravatar.com\\\/avatar\\\/57de8e5d4b15d43fb361a71fbb36338450fe67865b528a43dd10ef7c51a20392?s=96&d=mm&r=g\",\"url\":\"https:\\\/\\\/secure.gravatar.com\\\/avatar\\\/57de8e5d4b15d43fb361a71fbb36338450fe67865b528a43dd10ef7c51a20392?s=96&d=mm&r=g\",\"contentUrl\":\"https:\\\/\\\/secure.gravatar.com\\\/avatar\\\/57de8e5d4b15d43fb361a71fbb36338450fe67865b528a43dd10ef7c51a20392?s=96&d=mm&r=g\",\"caption\":\"La Sentinelle\"},\"sameAs\":[\"http:\\\/\\\/www.lasentinelle.dz\"],\"url\":\"https:\\\/\\\/lasentinelle.dz\\\/author\\\/redaction\\\/\"}]}<\/script>\n<!-- \/ Yoast SEO plugin. -->","yoast_head_json":{"title":"C\u00e9r\u00e9aliculture\u00a0: Vers une hausse des subventions - La Sentinelle","robots":{"index":"index","follow":"follow","max-snippet":"max-snippet:-1","max-image-preview":"max-image-preview:large","max-video-preview":"max-video-preview:-1"},"canonical":"https:\/\/lasentinelle.dz\/index.php\/2022\/09\/13\/cerealiculture-vers-une-hausse-des-subventions\/","og_locale":"fr_FR","og_type":"article","og_title":"C\u00e9r\u00e9aliculture\u00a0: Vers une hausse des subventions - La Sentinelle","og_description":"Le minist\u00e8re de l\u2019Agriculture et du D\u00e9veloppement rural examine, actuellement, \u00abla possibilit\u00e9 de relever le plafond des subventions des semences","og_url":"https:\/\/lasentinelle.dz\/index.php\/2022\/09\/13\/cerealiculture-vers-une-hausse-des-subventions\/","og_site_name":"La Sentinelle","article_publisher":"https:\/\/www.facebook.com\/La-Sentinelle-104059864394773","article_published_time":"2022-09-12T23:15:00+00:00","og_image":[{"width":1350,"height":900,"url":"https:\/\/lasentinelle.dz\/wp-content\/uploads\/2022\/09\/cerealiculture-1.png","type":"image\/png"}],"author":"La Sentinelle","twitter_card":"summary_large_image","twitter_misc":{"\u00c9crit par":"La Sentinelle","Dur\u00e9e de lecture estim\u00e9e":"4 minutes"},"schema":{"@context":"https:\/\/schema.org","@graph":[{"@type":"Article","@id":"https:\/\/lasentinelle.dz\/index.php\/2022\/09\/13\/cerealiculture-vers-une-hausse-des-subventions\/#article","isPartOf":{"@id":"https:\/\/lasentinelle.dz\/index.php\/2022\/09\/13\/cerealiculture-vers-une-hausse-des-subventions\/"},"author":{"name":"La Sentinelle","@id":"https:\/\/lasentinelle.dz\/#\/schema\/person\/d865044e22e70a75174ce8bcad3acfb3"},"headline":"C\u00e9r\u00e9aliculture\u00a0: Vers une hausse des subventions","datePublished":"2022-09-12T23:15:00+00:00","mainEntityOfPage":{"@id":"https:\/\/lasentinelle.dz\/index.php\/2022\/09\/13\/cerealiculture-vers-une-hausse-des-subventions\/"},"wordCount":777,"commentCount":0,"publisher":{"@id":"https:\/\/lasentinelle.dz\/#organization"},"image":{"@id":"https:\/\/lasentinelle.dz\/index.php\/2022\/09\/13\/cerealiculture-vers-une-hausse-des-subventions\/#primaryimage"},"thumbnailUrl":"https:\/\/lasentinelle.dz\/wp-content\/uploads\/2022\/09\/cerealiculture-1.png","articleSection":["\u00c0 la Une","\u00c9conomie"],"inLanguage":"fr-FR","potentialAction":[{"@type":"CommentAction","name":"Comment","target":["https:\/\/lasentinelle.dz\/index.php\/2022\/09\/13\/cerealiculture-vers-une-hausse-des-subventions\/#respond"]}]},{"@type":"WebPage","@id":"https:\/\/lasentinelle.dz\/index.php\/2022\/09\/13\/cerealiculture-vers-une-hausse-des-subventions\/","url":"https:\/\/lasentinelle.dz\/index.php\/2022\/09\/13\/cerealiculture-vers-une-hausse-des-subventions\/","name":"C\u00e9r\u00e9aliculture\u00a0: Vers une hausse des subventions - La Sentinelle","isPartOf":{"@id":"https:\/\/lasentinelle.dz\/#website"},"primaryImageOfPage":{"@id":"https:\/\/lasentinelle.dz\/index.php\/2022\/09\/13\/cerealiculture-vers-une-hausse-des-subventions\/#primaryimage"},"image":{"@id":"https:\/\/lasentinelle.dz\/index.php\/2022\/09\/13\/cerealiculture-vers-une-hausse-des-subventions\/#primaryimage"},"thumbnailUrl":"https:\/\/lasentinelle.dz\/wp-content\/uploads\/2022\/09\/cerealiculture-1.png","datePublished":"2022-09-12T23:15:00+00:00","breadcrumb":{"@id":"https:\/\/lasentinelle.dz\/index.php\/2022\/09\/13\/cerealiculture-vers-une-hausse-des-subventions\/#breadcrumb"},"inLanguage":"fr-FR","potentialAction":[{"@type":"ReadAction","target":["https:\/\/lasentinelle.dz\/index.php\/2022\/09\/13\/cerealiculture-vers-une-hausse-des-subventions\/"]}]},{"@type":"ImageObject","inLanguage":"fr-FR","@id":"https:\/\/lasentinelle.dz\/index.php\/2022\/09\/13\/cerealiculture-vers-une-hausse-des-subventions\/#primaryimage","url":"https:\/\/lasentinelle.dz\/wp-content\/uploads\/2022\/09\/cerealiculture-1.png","contentUrl":"https:\/\/lasentinelle.dz\/wp-content\/uploads\/2022\/09\/cerealiculture-1.png","width":1350,"height":900},{"@type":"BreadcrumbList","@id":"https:\/\/lasentinelle.dz\/index.php\/2022\/09\/13\/cerealiculture-vers-une-hausse-des-subventions\/#breadcrumb","itemListElement":[{"@type":"ListItem","position":1,"name":"Accueil","item":"https:\/\/lasentinelle.dz\/"},{"@type":"ListItem","position":2,"name":"C\u00e9r\u00e9aliculture\u00a0: Vers une hausse des subventions"}]},{"@type":"WebSite","@id":"https:\/\/lasentinelle.dz\/#website","url":"https:\/\/lasentinelle.dz\/","name":"La Sentinelle","description":"Quotidien national d&#039;information","publisher":{"@id":"https:\/\/lasentinelle.dz\/#organization"},"potentialAction":[{"@type":"SearchAction","target":{"@type":"EntryPoint","urlTemplate":"https:\/\/lasentinelle.dz\/?s={search_term_string}"},"query-input":{"@type":"PropertyValueSpecification","valueRequired":true,"valueName":"search_term_string"}}],"inLanguage":"fr-FR"},{"@type":"Organization","@id":"https:\/\/lasentinelle.dz\/#organization","name":"Quotidien La Sentinelle","url":"https:\/\/lasentinelle.dz\/","logo":{"@type":"ImageObject","inLanguage":"fr-FR","@id":"https:\/\/lasentinelle.dz\/#\/schema\/logo\/image\/","url":"https:\/\/lasentinelle.dz\/wp-content\/uploads\/2021\/09\/logo-sentinelleSLOGAN-1.png","contentUrl":"https:\/\/lasentinelle.dz\/wp-content\/uploads\/2021\/09\/logo-sentinelleSLOGAN-1.png","width":615,"height":142,"caption":"Quotidien La Sentinelle"},"image":{"@id":"https:\/\/lasentinelle.dz\/#\/schema\/logo\/image\/"},"sameAs":["https:\/\/www.facebook.com\/La-Sentinelle-104059864394773"]},{"@type":"Person","@id":"https:\/\/lasentinelle.dz\/#\/schema\/person\/d865044e22e70a75174ce8bcad3acfb3","name":"La Sentinelle","image":{"@type":"ImageObject","inLanguage":"fr-FR","@id":"https:\/\/secure.gravatar.com\/avatar\/57de8e5d4b15d43fb361a71fbb36338450fe67865b528a43dd10ef7c51a20392?s=96&d=mm&r=g","url":"https:\/\/secure.gravatar.com\/avatar\/57de8e5d4b15d43fb361a71fbb36338450fe67865b528a43dd10ef7c51a20392?s=96&d=mm&r=g","contentUrl":"https:\/\/secure.gravatar.com\/avatar\/57de8e5d4b15d43fb361a71fbb36338450fe67865b528a43dd10ef7c51a20392?s=96&d=mm&r=g","caption":"La Sentinelle"},"sameAs":["http:\/\/www.lasentinelle.dz"],"url":"https:\/\/lasentinelle.dz\/author\/redaction\/"}]}},"_links":{"self":[{"href":"https:\/\/lasentinelle.dz\/index.php\/wp-json\/wp\/v2\/posts\/27287","targetHints":{"allow":["GET"]}}],"collection":[{"href":"https:\/\/lasentinelle.dz\/index.php\/wp-json\/wp\/v2\/posts"}],"about":[{"href":"https:\/\/lasentinelle.dz\/index.php\/wp-json\/wp\/v2\/types\/post"}],"author":[{"embeddable":true,"href":"https:\/\/lasentinelle.dz\/index.php\/wp-json\/wp\/v2\/users\/3"}],"replies":[{"embeddable":true,"href":"https:\/\/lasentinelle.dz\/index.php\/wp-json\/wp\/v2\/comments?post=27287"}],"version-history":[{"count":1,"href":"https:\/\/lasentinelle.dz\/index.php\/wp-json\/wp\/v2\/posts\/27287\/revisions"}],"predecessor-version":[{"id":27289,"href":"https:\/\/lasentinelle.dz\/index.php\/wp-json\/wp\/v2\/posts\/27287\/revisions\/27289"}],"wp:featuredmedia":[{"embeddable":true,"href":"https:\/\/lasentinelle.dz\/index.php\/wp-json\/wp\/v2\/media\/27288"}],"wp:attachment":[{"href":"https:\/\/lasentinelle.dz\/index.php\/wp-json\/wp\/v2\/media?parent=27287"}],"wp:term":[{"taxonomy":"category","embeddable":true,"href":"https:\/\/lasentinelle.dz\/index.php\/wp-json\/wp\/v2\/categories?post=27287"},{"taxonomy":"post_tag","embeddable":true,"href":"https:\/\/lasentinelle.dz\/index.php\/wp-json\/wp\/v2\/tags?post=27287"}],"curies":[{"name":"wp","href":"https:\/\/api.w.org\/{rel}","templated":true}]}}