{"id":27330,"date":"2022-09-14T00:01:00","date_gmt":"2022-09-13T23:01:00","guid":{"rendered":"https:\/\/lasentinelle.dz\/?p=27330"},"modified":"2022-09-13T16:26:23","modified_gmt":"2022-09-13T15:26:23","slug":"crise-dans-le-caucase-la-russie-obtient-un-cessez-le-feu-entre-larmenie-et-lazerbaidjan","status":"publish","type":"post","link":"https:\/\/lasentinelle.dz\/index.php\/2022\/09\/14\/crise-dans-le-caucase-la-russie-obtient-un-cessez-le-feu-entre-larmenie-et-lazerbaidjan\/","title":{"rendered":"Crise dans le Caucase\u00a0: La Russie obtient un cessez-le-feu entre l&rsquo;Arm\u00e9nie et l&rsquo;Azerba\u00efdjan"},"content":{"rendered":"\n<p>La Russie a annonc\u00e9 avoir n\u00e9goci\u00e9 un cessez-le-feu, en vigueur depuis mardi 13 septembre au matin, pour mettre fin aux affrontements meurtriers qui ont oppos\u00e9 dans la nuit l&rsquo;Azerba\u00efdjan \u00e0 l&rsquo;Arm\u00e9nie. \u00abNous attendons que l&rsquo;accord conclu \u00e0 la suite d&rsquo;une m\u00e9diation russe sur un cessez-le-feu \u00e0 partir de 09H00, heure de Moscou (06H00 GMT), sera respect\u00e9 dans son int\u00e9gralit\u00e9\u00bb, a d\u00e9clar\u00e9 dans un communiqu\u00e9 la diplomatie russe, se disant \u00abextr\u00eamement pr\u00e9occup\u00e9e par la nette d\u00e9gradation de la situation\u00bb.Une nuit d&rsquo;angoisse et de peur. C&rsquo;est ce qu&rsquo;ont v\u00e9cu les trois millions d&rsquo;habitants de la r\u00e9publique d&rsquo;Arm\u00e9nie dont plusieurs villes et villages frontaliers ont subi dans la nuit de lundi \u00e0 mardi des bombardements intensifs de la part de l&rsquo;arm\u00e9e azerba\u00efdjanaise. Le Premier ministre arm\u00e9nien Nikol Pachinian a d\u00e9clar\u00e9 devant le Parlement que l\u2019attaque lanc\u00e9e par l\u2019Azerba\u00efdjan sur sept axes \u00e0 la fronti\u00e8re arm\u00e9nienne avait d\u00e9j\u00e0 fait 49 morts. Selon lui, l\u2019Azerba\u00efdjan a d\u00e9clench\u00e9 des op\u00e9rations militaires \u00e0 la fronti\u00e8re parce qu\u2019il refuse de n\u00e9gocier un r\u00e8glement du conflit au Haut-Karabakh.<\/p>\n\n\n\n<p>Le chef du gouvernement a cependant reconnu hier que l\u2019intensit\u00e9 des combats a baiss\u00e9. \u00ab\u00a0Pour l\u2019heure, l\u2019intensit\u00e9 des combats a diminu\u00e9, mais les attaques azerba\u00efdjanaises continuent sur un ou deux axes. Le minist\u00e8re arm\u00e9nien de la D\u00e9fense \u00e9value la situation et les pertes. Une information officielle sera publi\u00e9e\u00a0\u00bb, a-t-il d\u00e9taill\u00e9 dans sa d\u00e9claration urgente au Parlement. M. Pachinian a \u00e9galement annonc\u00e9 la tenue d\u2019une r\u00e9union du Conseil permanent de l\u2019Organisation du trait\u00e9 de s\u00e9curit\u00e9 collective (regroupant l&rsquo;Arm\u00e9nie, la Bi\u00e9lorussie, le Kazakhstan, le Kirghizistan, la Russie et le Tadjikistan) suite \u00e0 la demande d\u2019Erevan. \u00ab\u00a0Dans la nuit, nous avons eu une r\u00e9union du Conseil de s\u00e9curit\u00e9 et nous avons d\u00e9cid\u00e9 de nous adresser \u00e0 l\u2019Organisation du trait\u00e9 de s\u00e9curit\u00e9 collective. Une r\u00e9union de son Conseil permanent se tient actuellement suite \u00e0 notre demande.\u00a0\u00bbLe chef du comit\u00e9 international de la chambre haute du Parlement russe Grigori Karassine a signal\u00e9 \u00e0 Sputnik qu\u2019une tr\u00eave \u00e0 la fronti\u00e8re entre l\u2019Arm\u00e9nie et l\u2019Azerba\u00efdjan avait \u00e9t\u00e9 obtenue gr\u00e2ce aux efforts de la Russie, plus particuli\u00e8rement apr\u00e8s un entretien entre Vladimir Poutine et Nikol Pachinian.Des affrontements ont de nouveau \u00e9clat\u00e9 hier \u00e0 la fronti\u00e8re entre l&rsquo;Arm\u00e9nie et l&rsquo;Azerba\u00efdjan. Les deux pays se rejettent la responsabilit\u00e9 de ces heurts, quelques jours apr\u00e8s que l&rsquo;Arm\u00e9nie a accus\u00e9 son voisin d&rsquo;avoir tu\u00e9 l&rsquo;un de ses soldats lors de heurts \u00e0 la fronti\u00e8re. Le minist\u00e8re russe des Affaires \u00e9trang\u00e8res a fait savoir qu\u2019avec la m\u00e9diation de la Russie, l\u2019Arm\u00e9nie et l\u2019Azerba\u00efdjan ont convenu de cesser le feu.<\/p>\n\n\n\n<p>Plusieurs observateurs avaient alert\u00e9 sur l&rsquo;imminence d&rsquo;une attaque militaire d&rsquo;envergure de Bakou en ayant constat\u00e9 des signes avant-coureurs depuis une semaine. Des avions-cargos turcs transportant des armes ont atterri en Azerba\u00efdjan il y a 48 heures. Des tirs sporadiques ont \u00e9t\u00e9 entendus aux alentours de certains villages arm\u00e9niens depuis le d\u00e9but du mois de septembre. Le ministre de la D\u00e9fense azerba\u00efdjanais, Zakir Hasanov, a publi\u00e9 le 10 septembre un communiqu\u00e9 mena\u00e7ant, accusant son voisin de provocations arm\u00e9es contre lesquelles il appelait ses troupes \u00e0 se tenir pr\u00eates \u00e0 riposter. La m\u00eame rh\u00e9torique avait \u00e9t\u00e9 utilis\u00e9e pour justifier l&rsquo;agression contre le Haut-Karabakh arm\u00e9nien il y a deux ans, d\u00e9clenchant \u00abla Guerre des 44 jours\u00bb qui a co\u00fbt\u00e9 la vie \u00e0 plus de 3000 jeunes Arm\u00e9niens.Malgr\u00e9 les discussions autour d&rsquo;un trait\u00e9 de paix entam\u00e9e sous l&rsquo;\u00e9gide de l&rsquo;Union europ\u00e9enne et les apparents efforts de Bakou vers une stabilisation de la situation (cinq prisonniers de guerre arm\u00e9niens emprisonn\u00e9s depuis pr\u00e8s de deux ans ont \u00e9t\u00e9 lib\u00e9r\u00e9s il y a quelques jours), le pr\u00e9sident autocratique Ilham Aliev, au pouvoir depuis bient\u00f4t vingt ans, a manifest\u00e9 r\u00e9cemment son impatience \u00e0 instaurer un corridor entre le Nakhitchevan, enclave az\u00e9rie \u00e0 l&rsquo;ouest de l&rsquo;Arm\u00e9nie, et le reste de son territoire.<\/p>\n\n\n\n<p>Cet \u00e9t\u00e9, il a forc\u00e9 les autorit\u00e9s d&rsquo;Artsakh \u00e0 abandonner le corridor de Latchin reliant leur capitale Stepanakert \u00e0 l&rsquo;Arm\u00e9nie, \u00e0 la suite d&rsquo;une op\u00e9ration militaire soudaine. \u00c9tait-il anim\u00e9 de la m\u00eame intention quand il a d\u00e9clench\u00e9 les bombardements la nuit de lundi \u00e0 mardi ? Cette attaque n&rsquo;a-t-elle pour but que de faire pression sur le premier ministre arm\u00e9nien afin qu&rsquo;il acc\u00e9l\u00e8re l&rsquo;accord esp\u00e9r\u00e9 ou s&rsquo;agit-il, comme certains le craignent, d&rsquo;un plan d&rsquo;attaque plus large visant \u00e0 conqu\u00e9rir \u00abl&rsquo;Ermenistan\u00bb et le Zanguezour occidental (le nom az\u00e9ri donn\u00e9 au Syunik arm\u00e9nien) ? L&rsquo;engagement de l&rsquo;arm\u00e9e russe en Ukraine a-t-il \u00e9t\u00e9 vu comme une opportunit\u00e9 pour le ma\u00eetre de Bakou, gris\u00e9 apr\u00e8s sa victoire en novembre 2020 ? Autant de questions qui restent, pour le moment, sans r\u00e9ponses.<\/p>\n\n\n\n<p><strong>K.L.<\/strong><\/p>\n","protected":false},"excerpt":{"rendered":"<p>La Russie a annonc\u00e9 avoir n\u00e9goci\u00e9 un cessez-le-feu, en vigueur depuis mardi 13 septembre au matin, pour mettre fin aux<\/p>\n","protected":false},"author":3,"featured_media":27344,"comment_status":"open","ping_status":"closed","sticky":false,"template":"","format":"standard","meta":{"colormag_page_container_layout":"default_layout","colormag_page_sidebar_layout":"default_layout","om_disable_all_campaigns":false,"_monsterinsights_skip_tracking":false,"_monsterinsights_sitenote_active":false,"_monsterinsights_sitenote_note":"","_monsterinsights_sitenote_category":0,"footnotes":"","_wpscppro_dont_share_socialmedia":false,"_wpscppro_custom_social_share_image":0,"_facebook_share_type":"","_twitter_share_type":"","_linkedin_share_type":"","_pinterest_share_type":"","_linkedin_share_type_page":"","_instagram_share_type":"","_medium_share_type":"","_threads_share_type":"","_google_business_share_type":"","_selected_social_profile":[],"_wpsp_enable_custom_social_template":false,"_wpsp_social_scheduling":{"enabled":false,"datetime":null,"platforms":[],"status":"template_only","dateOption":"today","timeOption":"now","customDays":"","customHours":"","customDate":"","customTime":"","schedulingType":"absolute"},"_wpsp_active_default_template":true},"categories":[37],"tags":[],"class_list":["post-27330","post","type-post","status-publish","format-standard","has-post-thumbnail","hentry","category-monde"],"aioseo_notices":[],"yoast_head":"<!-- This site is optimized with the Yoast SEO plugin v27.5 - https:\/\/yoast.com\/product\/yoast-seo-wordpress\/ -->\n<title>Crise dans le Caucase\u00a0: La Russie obtient un cessez-le-feu entre l&rsquo;Arm\u00e9nie et l&rsquo;Azerba\u00efdjan - La Sentinelle<\/title>\n<meta name=\"robots\" content=\"index, follow, max-snippet:-1, max-image-preview:large, max-video-preview:-1\" \/>\n<link rel=\"canonical\" href=\"https:\/\/lasentinelle.dz\/index.php\/2022\/09\/14\/crise-dans-le-caucase-la-russie-obtient-un-cessez-le-feu-entre-larmenie-et-lazerbaidjan\/\" \/>\n<meta property=\"og:locale\" content=\"fr_FR\" \/>\n<meta property=\"og:type\" content=\"article\" \/>\n<meta property=\"og:title\" content=\"Crise dans le Caucase\u00a0: La Russie obtient un cessez-le-feu entre l&rsquo;Arm\u00e9nie et l&rsquo;Azerba\u00efdjan - La Sentinelle\" \/>\n<meta property=\"og:description\" content=\"La Russie a annonc\u00e9 avoir n\u00e9goci\u00e9 un cessez-le-feu, en vigueur depuis mardi 13 septembre au matin, pour mettre fin aux\" \/>\n<meta property=\"og:url\" content=\"https:\/\/lasentinelle.dz\/index.php\/2022\/09\/14\/crise-dans-le-caucase-la-russie-obtient-un-cessez-le-feu-entre-larmenie-et-lazerbaidjan\/\" \/>\n<meta property=\"og:site_name\" content=\"La Sentinelle\" \/>\n<meta property=\"article:publisher\" content=\"https:\/\/www.facebook.com\/La-Sentinelle-104059864394773\" \/>\n<meta property=\"article:published_time\" content=\"2022-09-13T23:01:00+00:00\" \/>\n<meta property=\"og:image\" content=\"https:\/\/lasentinelle.dz\/wp-content\/uploads\/2022\/09\/image_2022-09-13_162512355.png\" \/>\n\t<meta property=\"og:image:width\" content=\"630\" \/>\n\t<meta property=\"og:image:height\" content=\"378\" \/>\n\t<meta property=\"og:image:type\" content=\"image\/png\" \/>\n<meta name=\"author\" content=\"La Sentinelle\" \/>\n<meta name=\"twitter:card\" content=\"summary_large_image\" \/>\n<meta name=\"twitter:label1\" content=\"\u00c9crit par\" \/>\n\t<meta name=\"twitter:data1\" content=\"La Sentinelle\" \/>\n\t<meta name=\"twitter:label2\" content=\"Dur\u00e9e de lecture estim\u00e9e\" \/>\n\t<meta name=\"twitter:data2\" content=\"4 minutes\" \/>\n<script type=\"application\/ld+json\" class=\"yoast-schema-graph\">{\"@context\":\"https:\\\/\\\/schema.org\",\"@graph\":[{\"@type\":\"Article\",\"@id\":\"https:\\\/\\\/lasentinelle.dz\\\/index.php\\\/2022\\\/09\\\/14\\\/crise-dans-le-caucase-la-russie-obtient-un-cessez-le-feu-entre-larmenie-et-lazerbaidjan\\\/#article\",\"isPartOf\":{\"@id\":\"https:\\\/\\\/lasentinelle.dz\\\/index.php\\\/2022\\\/09\\\/14\\\/crise-dans-le-caucase-la-russie-obtient-un-cessez-le-feu-entre-larmenie-et-lazerbaidjan\\\/\"},\"author\":{\"name\":\"La Sentinelle\",\"@id\":\"https:\\\/\\\/lasentinelle.dz\\\/#\\\/schema\\\/person\\\/d865044e22e70a75174ce8bcad3acfb3\"},\"headline\":\"Crise dans le Caucase\u00a0: La Russie obtient un cessez-le-feu entre l&rsquo;Arm\u00e9nie et l&rsquo;Azerba\u00efdjan\",\"datePublished\":\"2022-09-13T23:01:00+00:00\",\"mainEntityOfPage\":{\"@id\":\"https:\\\/\\\/lasentinelle.dz\\\/index.php\\\/2022\\\/09\\\/14\\\/crise-dans-le-caucase-la-russie-obtient-un-cessez-le-feu-entre-larmenie-et-lazerbaidjan\\\/\"},\"wordCount\":896,\"commentCount\":0,\"publisher\":{\"@id\":\"https:\\\/\\\/lasentinelle.dz\\\/#organization\"},\"image\":{\"@id\":\"https:\\\/\\\/lasentinelle.dz\\\/index.php\\\/2022\\\/09\\\/14\\\/crise-dans-le-caucase-la-russie-obtient-un-cessez-le-feu-entre-larmenie-et-lazerbaidjan\\\/#primaryimage\"},\"thumbnailUrl\":\"https:\\\/\\\/lasentinelle.dz\\\/wp-content\\\/uploads\\\/2022\\\/09\\\/image_2022-09-13_162512355.png\",\"articleSection\":[\"Monde\"],\"inLanguage\":\"fr-FR\",\"potentialAction\":[{\"@type\":\"CommentAction\",\"name\":\"Comment\",\"target\":[\"https:\\\/\\\/lasentinelle.dz\\\/index.php\\\/2022\\\/09\\\/14\\\/crise-dans-le-caucase-la-russie-obtient-un-cessez-le-feu-entre-larmenie-et-lazerbaidjan\\\/#respond\"]}]},{\"@type\":\"WebPage\",\"@id\":\"https:\\\/\\\/lasentinelle.dz\\\/index.php\\\/2022\\\/09\\\/14\\\/crise-dans-le-caucase-la-russie-obtient-un-cessez-le-feu-entre-larmenie-et-lazerbaidjan\\\/\",\"url\":\"https:\\\/\\\/lasentinelle.dz\\\/index.php\\\/2022\\\/09\\\/14\\\/crise-dans-le-caucase-la-russie-obtient-un-cessez-le-feu-entre-larmenie-et-lazerbaidjan\\\/\",\"name\":\"Crise dans le Caucase\u00a0: La Russie obtient un cessez-le-feu entre l&rsquo;Arm\u00e9nie et l&rsquo;Azerba\u00efdjan - La Sentinelle\",\"isPartOf\":{\"@id\":\"https:\\\/\\\/lasentinelle.dz\\\/#website\"},\"primaryImageOfPage\":{\"@id\":\"https:\\\/\\\/lasentinelle.dz\\\/index.php\\\/2022\\\/09\\\/14\\\/crise-dans-le-caucase-la-russie-obtient-un-cessez-le-feu-entre-larmenie-et-lazerbaidjan\\\/#primaryimage\"},\"image\":{\"@id\":\"https:\\\/\\\/lasentinelle.dz\\\/index.php\\\/2022\\\/09\\\/14\\\/crise-dans-le-caucase-la-russie-obtient-un-cessez-le-feu-entre-larmenie-et-lazerbaidjan\\\/#primaryimage\"},\"thumbnailUrl\":\"https:\\\/\\\/lasentinelle.dz\\\/wp-content\\\/uploads\\\/2022\\\/09\\\/image_2022-09-13_162512355.png\",\"datePublished\":\"2022-09-13T23:01:00+00:00\",\"breadcrumb\":{\"@id\":\"https:\\\/\\\/lasentinelle.dz\\\/index.php\\\/2022\\\/09\\\/14\\\/crise-dans-le-caucase-la-russie-obtient-un-cessez-le-feu-entre-larmenie-et-lazerbaidjan\\\/#breadcrumb\"},\"inLanguage\":\"fr-FR\",\"potentialAction\":[{\"@type\":\"ReadAction\",\"target\":[\"https:\\\/\\\/lasentinelle.dz\\\/index.php\\\/2022\\\/09\\\/14\\\/crise-dans-le-caucase-la-russie-obtient-un-cessez-le-feu-entre-larmenie-et-lazerbaidjan\\\/\"]}]},{\"@type\":\"ImageObject\",\"inLanguage\":\"fr-FR\",\"@id\":\"https:\\\/\\\/lasentinelle.dz\\\/index.php\\\/2022\\\/09\\\/14\\\/crise-dans-le-caucase-la-russie-obtient-un-cessez-le-feu-entre-larmenie-et-lazerbaidjan\\\/#primaryimage\",\"url\":\"https:\\\/\\\/lasentinelle.dz\\\/wp-content\\\/uploads\\\/2022\\\/09\\\/image_2022-09-13_162512355.png\",\"contentUrl\":\"https:\\\/\\\/lasentinelle.dz\\\/wp-content\\\/uploads\\\/2022\\\/09\\\/image_2022-09-13_162512355.png\",\"width\":630,\"height\":378},{\"@type\":\"BreadcrumbList\",\"@id\":\"https:\\\/\\\/lasentinelle.dz\\\/index.php\\\/2022\\\/09\\\/14\\\/crise-dans-le-caucase-la-russie-obtient-un-cessez-le-feu-entre-larmenie-et-lazerbaidjan\\\/#breadcrumb\",\"itemListElement\":[{\"@type\":\"ListItem\",\"position\":1,\"name\":\"Accueil\",\"item\":\"https:\\\/\\\/lasentinelle.dz\\\/\"},{\"@type\":\"ListItem\",\"position\":2,\"name\":\"Crise dans le Caucase\u00a0: La Russie obtient un cessez-le-feu entre l&rsquo;Arm\u00e9nie et l&rsquo;Azerba\u00efdjan\"}]},{\"@type\":\"WebSite\",\"@id\":\"https:\\\/\\\/lasentinelle.dz\\\/#website\",\"url\":\"https:\\\/\\\/lasentinelle.dz\\\/\",\"name\":\"La Sentinelle\",\"description\":\"Quotidien national d&#039;information\",\"publisher\":{\"@id\":\"https:\\\/\\\/lasentinelle.dz\\\/#organization\"},\"potentialAction\":[{\"@type\":\"SearchAction\",\"target\":{\"@type\":\"EntryPoint\",\"urlTemplate\":\"https:\\\/\\\/lasentinelle.dz\\\/?s={search_term_string}\"},\"query-input\":{\"@type\":\"PropertyValueSpecification\",\"valueRequired\":true,\"valueName\":\"search_term_string\"}}],\"inLanguage\":\"fr-FR\"},{\"@type\":\"Organization\",\"@id\":\"https:\\\/\\\/lasentinelle.dz\\\/#organization\",\"name\":\"Quotidien La Sentinelle\",\"url\":\"https:\\\/\\\/lasentinelle.dz\\\/\",\"logo\":{\"@type\":\"ImageObject\",\"inLanguage\":\"fr-FR\",\"@id\":\"https:\\\/\\\/lasentinelle.dz\\\/#\\\/schema\\\/logo\\\/image\\\/\",\"url\":\"https:\\\/\\\/lasentinelle.dz\\\/wp-content\\\/uploads\\\/2021\\\/09\\\/logo-sentinelleSLOGAN-1.png\",\"contentUrl\":\"https:\\\/\\\/lasentinelle.dz\\\/wp-content\\\/uploads\\\/2021\\\/09\\\/logo-sentinelleSLOGAN-1.png\",\"width\":615,\"height\":142,\"caption\":\"Quotidien La Sentinelle\"},\"image\":{\"@id\":\"https:\\\/\\\/lasentinelle.dz\\\/#\\\/schema\\\/logo\\\/image\\\/\"},\"sameAs\":[\"https:\\\/\\\/www.facebook.com\\\/La-Sentinelle-104059864394773\"]},{\"@type\":\"Person\",\"@id\":\"https:\\\/\\\/lasentinelle.dz\\\/#\\\/schema\\\/person\\\/d865044e22e70a75174ce8bcad3acfb3\",\"name\":\"La Sentinelle\",\"image\":{\"@type\":\"ImageObject\",\"inLanguage\":\"fr-FR\",\"@id\":\"https:\\\/\\\/secure.gravatar.com\\\/avatar\\\/57de8e5d4b15d43fb361a71fbb36338450fe67865b528a43dd10ef7c51a20392?s=96&d=mm&r=g\",\"url\":\"https:\\\/\\\/secure.gravatar.com\\\/avatar\\\/57de8e5d4b15d43fb361a71fbb36338450fe67865b528a43dd10ef7c51a20392?s=96&d=mm&r=g\",\"contentUrl\":\"https:\\\/\\\/secure.gravatar.com\\\/avatar\\\/57de8e5d4b15d43fb361a71fbb36338450fe67865b528a43dd10ef7c51a20392?s=96&d=mm&r=g\",\"caption\":\"La Sentinelle\"},\"sameAs\":[\"http:\\\/\\\/www.lasentinelle.dz\"],\"url\":\"https:\\\/\\\/lasentinelle.dz\\\/author\\\/redaction\\\/\"}]}<\/script>\n<!-- \/ Yoast SEO plugin. -->","yoast_head_json":{"title":"Crise dans le Caucase\u00a0: La Russie obtient un cessez-le-feu entre l&rsquo;Arm\u00e9nie et l&rsquo;Azerba\u00efdjan - La Sentinelle","robots":{"index":"index","follow":"follow","max-snippet":"max-snippet:-1","max-image-preview":"max-image-preview:large","max-video-preview":"max-video-preview:-1"},"canonical":"https:\/\/lasentinelle.dz\/index.php\/2022\/09\/14\/crise-dans-le-caucase-la-russie-obtient-un-cessez-le-feu-entre-larmenie-et-lazerbaidjan\/","og_locale":"fr_FR","og_type":"article","og_title":"Crise dans le Caucase\u00a0: La Russie obtient un cessez-le-feu entre l&rsquo;Arm\u00e9nie et l&rsquo;Azerba\u00efdjan - La Sentinelle","og_description":"La Russie a annonc\u00e9 avoir n\u00e9goci\u00e9 un cessez-le-feu, en vigueur depuis mardi 13 septembre au matin, pour mettre fin aux","og_url":"https:\/\/lasentinelle.dz\/index.php\/2022\/09\/14\/crise-dans-le-caucase-la-russie-obtient-un-cessez-le-feu-entre-larmenie-et-lazerbaidjan\/","og_site_name":"La Sentinelle","article_publisher":"https:\/\/www.facebook.com\/La-Sentinelle-104059864394773","article_published_time":"2022-09-13T23:01:00+00:00","og_image":[{"width":630,"height":378,"url":"https:\/\/lasentinelle.dz\/wp-content\/uploads\/2022\/09\/image_2022-09-13_162512355.png","type":"image\/png"}],"author":"La Sentinelle","twitter_card":"summary_large_image","twitter_misc":{"\u00c9crit par":"La Sentinelle","Dur\u00e9e de lecture estim\u00e9e":"4 minutes"},"schema":{"@context":"https:\/\/schema.org","@graph":[{"@type":"Article","@id":"https:\/\/lasentinelle.dz\/index.php\/2022\/09\/14\/crise-dans-le-caucase-la-russie-obtient-un-cessez-le-feu-entre-larmenie-et-lazerbaidjan\/#article","isPartOf":{"@id":"https:\/\/lasentinelle.dz\/index.php\/2022\/09\/14\/crise-dans-le-caucase-la-russie-obtient-un-cessez-le-feu-entre-larmenie-et-lazerbaidjan\/"},"author":{"name":"La Sentinelle","@id":"https:\/\/lasentinelle.dz\/#\/schema\/person\/d865044e22e70a75174ce8bcad3acfb3"},"headline":"Crise dans le Caucase\u00a0: La Russie obtient un cessez-le-feu entre l&rsquo;Arm\u00e9nie et l&rsquo;Azerba\u00efdjan","datePublished":"2022-09-13T23:01:00+00:00","mainEntityOfPage":{"@id":"https:\/\/lasentinelle.dz\/index.php\/2022\/09\/14\/crise-dans-le-caucase-la-russie-obtient-un-cessez-le-feu-entre-larmenie-et-lazerbaidjan\/"},"wordCount":896,"commentCount":0,"publisher":{"@id":"https:\/\/lasentinelle.dz\/#organization"},"image":{"@id":"https:\/\/lasentinelle.dz\/index.php\/2022\/09\/14\/crise-dans-le-caucase-la-russie-obtient-un-cessez-le-feu-entre-larmenie-et-lazerbaidjan\/#primaryimage"},"thumbnailUrl":"https:\/\/lasentinelle.dz\/wp-content\/uploads\/2022\/09\/image_2022-09-13_162512355.png","articleSection":["Monde"],"inLanguage":"fr-FR","potentialAction":[{"@type":"CommentAction","name":"Comment","target":["https:\/\/lasentinelle.dz\/index.php\/2022\/09\/14\/crise-dans-le-caucase-la-russie-obtient-un-cessez-le-feu-entre-larmenie-et-lazerbaidjan\/#respond"]}]},{"@type":"WebPage","@id":"https:\/\/lasentinelle.dz\/index.php\/2022\/09\/14\/crise-dans-le-caucase-la-russie-obtient-un-cessez-le-feu-entre-larmenie-et-lazerbaidjan\/","url":"https:\/\/lasentinelle.dz\/index.php\/2022\/09\/14\/crise-dans-le-caucase-la-russie-obtient-un-cessez-le-feu-entre-larmenie-et-lazerbaidjan\/","name":"Crise dans le Caucase\u00a0: La Russie obtient un cessez-le-feu entre l&rsquo;Arm\u00e9nie et l&rsquo;Azerba\u00efdjan - La Sentinelle","isPartOf":{"@id":"https:\/\/lasentinelle.dz\/#website"},"primaryImageOfPage":{"@id":"https:\/\/lasentinelle.dz\/index.php\/2022\/09\/14\/crise-dans-le-caucase-la-russie-obtient-un-cessez-le-feu-entre-larmenie-et-lazerbaidjan\/#primaryimage"},"image":{"@id":"https:\/\/lasentinelle.dz\/index.php\/2022\/09\/14\/crise-dans-le-caucase-la-russie-obtient-un-cessez-le-feu-entre-larmenie-et-lazerbaidjan\/#primaryimage"},"thumbnailUrl":"https:\/\/lasentinelle.dz\/wp-content\/uploads\/2022\/09\/image_2022-09-13_162512355.png","datePublished":"2022-09-13T23:01:00+00:00","breadcrumb":{"@id":"https:\/\/lasentinelle.dz\/index.php\/2022\/09\/14\/crise-dans-le-caucase-la-russie-obtient-un-cessez-le-feu-entre-larmenie-et-lazerbaidjan\/#breadcrumb"},"inLanguage":"fr-FR","potentialAction":[{"@type":"ReadAction","target":["https:\/\/lasentinelle.dz\/index.php\/2022\/09\/14\/crise-dans-le-caucase-la-russie-obtient-un-cessez-le-feu-entre-larmenie-et-lazerbaidjan\/"]}]},{"@type":"ImageObject","inLanguage":"fr-FR","@id":"https:\/\/lasentinelle.dz\/index.php\/2022\/09\/14\/crise-dans-le-caucase-la-russie-obtient-un-cessez-le-feu-entre-larmenie-et-lazerbaidjan\/#primaryimage","url":"https:\/\/lasentinelle.dz\/wp-content\/uploads\/2022\/09\/image_2022-09-13_162512355.png","contentUrl":"https:\/\/lasentinelle.dz\/wp-content\/uploads\/2022\/09\/image_2022-09-13_162512355.png","width":630,"height":378},{"@type":"BreadcrumbList","@id":"https:\/\/lasentinelle.dz\/index.php\/2022\/09\/14\/crise-dans-le-caucase-la-russie-obtient-un-cessez-le-feu-entre-larmenie-et-lazerbaidjan\/#breadcrumb","itemListElement":[{"@type":"ListItem","position":1,"name":"Accueil","item":"https:\/\/lasentinelle.dz\/"},{"@type":"ListItem","position":2,"name":"Crise dans le Caucase\u00a0: La Russie obtient un cessez-le-feu entre l&rsquo;Arm\u00e9nie et l&rsquo;Azerba\u00efdjan"}]},{"@type":"WebSite","@id":"https:\/\/lasentinelle.dz\/#website","url":"https:\/\/lasentinelle.dz\/","name":"La Sentinelle","description":"Quotidien national d&#039;information","publisher":{"@id":"https:\/\/lasentinelle.dz\/#organization"},"potentialAction":[{"@type":"SearchAction","target":{"@type":"EntryPoint","urlTemplate":"https:\/\/lasentinelle.dz\/?s={search_term_string}"},"query-input":{"@type":"PropertyValueSpecification","valueRequired":true,"valueName":"search_term_string"}}],"inLanguage":"fr-FR"},{"@type":"Organization","@id":"https:\/\/lasentinelle.dz\/#organization","name":"Quotidien La Sentinelle","url":"https:\/\/lasentinelle.dz\/","logo":{"@type":"ImageObject","inLanguage":"fr-FR","@id":"https:\/\/lasentinelle.dz\/#\/schema\/logo\/image\/","url":"https:\/\/lasentinelle.dz\/wp-content\/uploads\/2021\/09\/logo-sentinelleSLOGAN-1.png","contentUrl":"https:\/\/lasentinelle.dz\/wp-content\/uploads\/2021\/09\/logo-sentinelleSLOGAN-1.png","width":615,"height":142,"caption":"Quotidien La Sentinelle"},"image":{"@id":"https:\/\/lasentinelle.dz\/#\/schema\/logo\/image\/"},"sameAs":["https:\/\/www.facebook.com\/La-Sentinelle-104059864394773"]},{"@type":"Person","@id":"https:\/\/lasentinelle.dz\/#\/schema\/person\/d865044e22e70a75174ce8bcad3acfb3","name":"La Sentinelle","image":{"@type":"ImageObject","inLanguage":"fr-FR","@id":"https:\/\/secure.gravatar.com\/avatar\/57de8e5d4b15d43fb361a71fbb36338450fe67865b528a43dd10ef7c51a20392?s=96&d=mm&r=g","url":"https:\/\/secure.gravatar.com\/avatar\/57de8e5d4b15d43fb361a71fbb36338450fe67865b528a43dd10ef7c51a20392?s=96&d=mm&r=g","contentUrl":"https:\/\/secure.gravatar.com\/avatar\/57de8e5d4b15d43fb361a71fbb36338450fe67865b528a43dd10ef7c51a20392?s=96&d=mm&r=g","caption":"La Sentinelle"},"sameAs":["http:\/\/www.lasentinelle.dz"],"url":"https:\/\/lasentinelle.dz\/author\/redaction\/"}]}},"_links":{"self":[{"href":"https:\/\/lasentinelle.dz\/index.php\/wp-json\/wp\/v2\/posts\/27330","targetHints":{"allow":["GET"]}}],"collection":[{"href":"https:\/\/lasentinelle.dz\/index.php\/wp-json\/wp\/v2\/posts"}],"about":[{"href":"https:\/\/lasentinelle.dz\/index.php\/wp-json\/wp\/v2\/types\/post"}],"author":[{"embeddable":true,"href":"https:\/\/lasentinelle.dz\/index.php\/wp-json\/wp\/v2\/users\/3"}],"replies":[{"embeddable":true,"href":"https:\/\/lasentinelle.dz\/index.php\/wp-json\/wp\/v2\/comments?post=27330"}],"version-history":[{"count":1,"href":"https:\/\/lasentinelle.dz\/index.php\/wp-json\/wp\/v2\/posts\/27330\/revisions"}],"predecessor-version":[{"id":27348,"href":"https:\/\/lasentinelle.dz\/index.php\/wp-json\/wp\/v2\/posts\/27330\/revisions\/27348"}],"wp:featuredmedia":[{"embeddable":true,"href":"https:\/\/lasentinelle.dz\/index.php\/wp-json\/wp\/v2\/media\/27344"}],"wp:attachment":[{"href":"https:\/\/lasentinelle.dz\/index.php\/wp-json\/wp\/v2\/media?parent=27330"}],"wp:term":[{"taxonomy":"category","embeddable":true,"href":"https:\/\/lasentinelle.dz\/index.php\/wp-json\/wp\/v2\/categories?post=27330"},{"taxonomy":"post_tag","embeddable":true,"href":"https:\/\/lasentinelle.dz\/index.php\/wp-json\/wp\/v2\/tags?post=27330"}],"curies":[{"name":"wp","href":"https:\/\/api.w.org\/{rel}","templated":true}]}}