{"id":27357,"date":"2022-09-14T00:05:00","date_gmt":"2022-09-13T23:05:00","guid":{"rendered":"https:\/\/lasentinelle.dz\/?p=27357"},"modified":"2022-09-13T21:01:47","modified_gmt":"2022-09-13T20:01:47","slug":"19egrande-commission-mixte-de-cooperation-algero-mauritanienne-benabderrahmane-a-nouakchott","status":"publish","type":"post","link":"https:\/\/lasentinelle.dz\/index.php\/2022\/09\/14\/19egrande-commission-mixte-de-cooperation-algero-mauritanienne-benabderrahmane-a-nouakchott\/","title":{"rendered":"19eGrande commission mixte de coop\u00e9ration alg\u00e9ro-mauritanienne\u00a0: Benabderrahmane \u00e0 Nouakchott"},"content":{"rendered":"\n<p>Les travaux de la 19<sup>e<\/sup>Grande commission mixte de coop\u00e9ration alg\u00e9ro-mauritanienne s\u2019ouvriront aujourd\u2019hui dans la capitale mauritanienne Nouakchott.<\/p>\n\n\n\n<p>Le Premier ministre, A\u00efmene Benabderrahmane s\u2019est envol\u00e9 hier \u00e0 la t\u00eate d\u2019une importante d\u00e9l\u00e9gation minist\u00e9rielle, pour la Mauritanie pour une visite de travail, dans le cadre de la tenue de la 19e Grande commission mixte de coop\u00e9ration alg\u00e9ro-mauritanienne, laquelle doit s\u2019ouvrir aujourd\u2019hui \u00e0 Nouakchott.<\/p>\n\n\n\n<p>Le Premier Ministre est accompagn\u00e9 du ministre de l&rsquo;Int\u00e9rieur, des Collectivit\u00e9s locales et de l&rsquo;Am\u00e9nagement du territoire, Brahim Merad, du ministre de la Justice, garde des Sceaux, Abderrachid Tabbi, du ministre de l&rsquo;Enseignement sup\u00e9rieur et de la Recherche scientifique, Kamel Bidari, du ministre de la Formation et de l&rsquo;Enseignement professionnels, Yacine Merabi, du ministre des Travaux publics, de l&rsquo;Hydraulique et des Infrastructures de base,&nbsp; Lakhdar Rakhroukh, et du ministre de la P\u00eache et des Productions halieutiques,Hichem Sofiane Salaouatchi, a indiqu\u00e9 hier un communiqu\u00e9 des services du Premier ministre.<\/p>\n\n\n\n<p>Un \u00e9v\u00e9nement d\u2019une grande importance et qui devra relancer et consolider la coop\u00e9ration entre les deux pays afin de les porter \u00e0 un niveau strat\u00e9gique. D\u2019ailleurs cette commission a \u00e9t\u00e9 pr\u00e9c\u00e9d\u00e9e cette semaine par une s\u00e9rie de r\u00e9unions pr\u00e9paratoires au niveau des experts. Hier, le ministre des Travaux publics, de l&rsquo;Hydraulique et des Infrastructures de base, Lakhdar Rekhroukh et le ministre mauritanien de l&rsquo;Equipement et des Transports, Nani Chrougha ont affirm\u00e9, depuis la capitale mauritanienne, la d\u00e9termination des deux pays de \u00ab\u00a0porter leurs relations \u00e0 un niveau de partenariat strat\u00e9gique\u00a0\u00bb. Lakhdar Rekhroukh a soulign\u00e9 que \u00ab\u00a0les deux pays sont appel\u00e9s \u00e0 porter leurs relations \u00e0 un niveau de partenariat strat\u00e9gique, au mieux de leurs int\u00e9r\u00eats et de leurs aspirations communes\u00a0\u00bb.En t\u00eate des projets conjoints entre l&rsquo;Alg\u00e9rie et la Mauritanie figure la r\u00e9alisation de la route Tindouf-Zou\u00e9rate qui devrait \u00ab\u00a0ouvrir des perspectives prometteuses pour les zones frontali\u00e8res et garantir le d\u00e9veloppement au profit des deux peuples fr\u00e8res\u00a0\u00bb.Le ministre des Travaux publics, de l&rsquo;Hydraulique et des Infrastructures de base a relev\u00e9, dans ce sillage, \u00ab\u00a0la d\u00e9termination de la partie alg\u00e9rienne d&rsquo;entamer les ateliers des \u00e9tudes techniques sur cette route, et d&rsquo;\u0153uvrer \u00e0 lever touts les obstacles pouvant entraver sa r\u00e9alisation\u00a0\u00bb.M. Rekhroukh a fait remarquer que \u00ab\u00a0plusieurs r\u00e9alisations ont \u00e9t\u00e9 obtenues ces derni\u00e8res ann\u00e9es entre les deux pays\u00a0\u00bb, et que \u00ab\u00a0beaucoup de domaines restent encore inexploit\u00e9s\u00a0\u00bb, indiquant que cet objectif ne saurait \u00eatre r\u00e9alis\u00e9 sans la contribution des op\u00e9rateurs \u00e9conomiques alg\u00e9riens et mauritaniens qu&rsquo;il a exhort\u00e9s \u00e0 b\u00e9n\u00e9ficier des opportunit\u00e9s offertes par le nouveau code des investissements.De son c\u00f4t\u00e9, le ministre de l&rsquo;Equipement et des Transports mauritanien a affirm\u00e9 que les relations bilat\u00e9rales \u00ab\u00a0sont caract\u00e9ris\u00e9es par une coop\u00e9ration riche dans plusieurs secteurs vitaux, une coop\u00e9ration anim\u00e9e par des liens de fraternit\u00e9, un destin commun et une volont\u00e9 ferme des deux pr\u00e9sidents des pays, MM. Abdelmadjid Tebboune et Mohamed Ould Cheikh El Ghazouani \u00e0 la promouvoir au mieux des int\u00e9r\u00eats communs\u00a0\u00bb.\u00a0\u00bbNous savons pertinemment que pour relever les d\u00e9fis conjoncturels actuels, \u00e0 savoir : la crise \u00e9nerg\u00e9tique et alimentaire, \u00e0 laquelle s&rsquo;ajoutent les retomb\u00e9es de la Covid-19, nous sommes appel\u00e9s, aujourd&rsquo;hui plus que jamais, \u00e0 coop\u00e9rer davantage et \u00e0 mener un travail s\u00e9rieux pour d\u00e9velopper et booster nos relations bilat\u00e9rales\u00a0\u00bb, a-t-il affirm\u00e9.Et d&rsquo;ajouter que les accords et programmes d&rsquo;action \u00e0 conclure lors de cette session constitueront \u00ab\u00a0une \u00e9tape importante dans le renforcement de la coop\u00e9ration entre les deux pays\u00a0\u00bb.La route reliant Tindouf \u00e0 Zou\u00e9rate constituera, elle, \u00ab\u00a0l&rsquo;\u00e9v\u00e9nement phare qui marquera l&rsquo;histoire de ces relations, en ce sens qu&rsquo;il contribuera assur\u00e9ment \u00e0 animer les \u00e9changes commerciaux et \u00e0 conforter les liens socioculturels entre les peuples alg\u00e9rien et mauritanien\u00a0\u00bb, a-t-il soulign\u00e9.<\/p>\n\n\n\n<p>R.N.<\/p>\n","protected":false},"excerpt":{"rendered":"<p>Les travaux de la 19eGrande commission mixte de coop\u00e9ration alg\u00e9ro-mauritanienne s\u2019ouvriront aujourd\u2019hui dans la capitale mauritanienne Nouakchott. Le Premier ministre,<\/p>\n","protected":false},"author":3,"featured_media":27400,"comment_status":"open","ping_status":"closed","sticky":false,"template":"","format":"standard","meta":{"colormag_page_container_layout":"default_layout","colormag_page_sidebar_layout":"default_layout","om_disable_all_campaigns":false,"_monsterinsights_skip_tracking":false,"_monsterinsights_sitenote_active":false,"_monsterinsights_sitenote_note":"","_monsterinsights_sitenote_category":0,"footnotes":"","_wpscppro_dont_share_socialmedia":false,"_wpscppro_custom_social_share_image":0,"_facebook_share_type":"","_twitter_share_type":"","_linkedin_share_type":"","_pinterest_share_type":"","_linkedin_share_type_page":"","_instagram_share_type":"","_medium_share_type":"","_threads_share_type":"","_google_business_share_type":"","_selected_social_profile":[],"_wpsp_enable_custom_social_template":false,"_wpsp_social_scheduling":{"enabled":false,"datetime":null,"platforms":[],"status":"template_only","dateOption":"today","timeOption":"now","customDays":"","customHours":"","customDate":"","customTime":"","schedulingType":"absolute"},"_wpsp_active_default_template":true},"categories":[27],"tags":[],"class_list":["post-27357","post","type-post","status-publish","format-standard","has-post-thumbnail","hentry","category-actualite"],"aioseo_notices":[],"yoast_head":"<!-- This site is optimized with the Yoast SEO plugin v27.5 - https:\/\/yoast.com\/product\/yoast-seo-wordpress\/ -->\n<title>19eGrande commission mixte de coop\u00e9ration alg\u00e9ro-mauritanienne\u00a0: Benabderrahmane \u00e0 Nouakchott - La Sentinelle<\/title>\n<meta name=\"robots\" content=\"index, follow, max-snippet:-1, max-image-preview:large, max-video-preview:-1\" \/>\n<link rel=\"canonical\" href=\"https:\/\/lasentinelle.dz\/index.php\/2022\/09\/14\/19egrande-commission-mixte-de-cooperation-algero-mauritanienne-benabderrahmane-a-nouakchott\/\" \/>\n<meta property=\"og:locale\" content=\"fr_FR\" \/>\n<meta property=\"og:type\" content=\"article\" \/>\n<meta property=\"og:title\" content=\"19eGrande commission mixte de coop\u00e9ration alg\u00e9ro-mauritanienne\u00a0: Benabderrahmane \u00e0 Nouakchott - La Sentinelle\" \/>\n<meta property=\"og:description\" content=\"Les travaux de la 19eGrande commission mixte de coop\u00e9ration alg\u00e9ro-mauritanienne s\u2019ouvriront aujourd\u2019hui dans la capitale mauritanienne Nouakchott. Le Premier ministre,\" \/>\n<meta property=\"og:url\" content=\"https:\/\/lasentinelle.dz\/index.php\/2022\/09\/14\/19egrande-commission-mixte-de-cooperation-algero-mauritanienne-benabderrahmane-a-nouakchott\/\" \/>\n<meta property=\"og:site_name\" content=\"La Sentinelle\" \/>\n<meta property=\"article:publisher\" content=\"https:\/\/www.facebook.com\/La-Sentinelle-104059864394773\" \/>\n<meta property=\"article:published_time\" content=\"2022-09-13T23:05:00+00:00\" \/>\n<meta property=\"og:image\" content=\"https:\/\/lasentinelle.dz\/wp-content\/uploads\/2022\/09\/aimen.png\" \/>\n\t<meta property=\"og:image:width\" content=\"1586\" \/>\n\t<meta property=\"og:image:height\" content=\"900\" \/>\n\t<meta property=\"og:image:type\" content=\"image\/png\" \/>\n<meta name=\"author\" content=\"La Sentinelle\" \/>\n<meta name=\"twitter:card\" content=\"summary_large_image\" \/>\n<meta name=\"twitter:label1\" content=\"\u00c9crit par\" \/>\n\t<meta name=\"twitter:data1\" content=\"La Sentinelle\" \/>\n\t<meta name=\"twitter:label2\" content=\"Dur\u00e9e de lecture estim\u00e9e\" \/>\n\t<meta name=\"twitter:data2\" content=\"3 minutes\" \/>\n<script type=\"application\/ld+json\" class=\"yoast-schema-graph\">{\"@context\":\"https:\\\/\\\/schema.org\",\"@graph\":[{\"@type\":\"Article\",\"@id\":\"https:\\\/\\\/lasentinelle.dz\\\/index.php\\\/2022\\\/09\\\/14\\\/19egrande-commission-mixte-de-cooperation-algero-mauritanienne-benabderrahmane-a-nouakchott\\\/#article\",\"isPartOf\":{\"@id\":\"https:\\\/\\\/lasentinelle.dz\\\/index.php\\\/2022\\\/09\\\/14\\\/19egrande-commission-mixte-de-cooperation-algero-mauritanienne-benabderrahmane-a-nouakchott\\\/\"},\"author\":{\"name\":\"La Sentinelle\",\"@id\":\"https:\\\/\\\/lasentinelle.dz\\\/#\\\/schema\\\/person\\\/d865044e22e70a75174ce8bcad3acfb3\"},\"headline\":\"19eGrande commission mixte de coop\u00e9ration alg\u00e9ro-mauritanienne\u00a0: Benabderrahmane \u00e0 Nouakchott\",\"datePublished\":\"2022-09-13T23:05:00+00:00\",\"mainEntityOfPage\":{\"@id\":\"https:\\\/\\\/lasentinelle.dz\\\/index.php\\\/2022\\\/09\\\/14\\\/19egrande-commission-mixte-de-cooperation-algero-mauritanienne-benabderrahmane-a-nouakchott\\\/\"},\"wordCount\":687,\"commentCount\":0,\"publisher\":{\"@id\":\"https:\\\/\\\/lasentinelle.dz\\\/#organization\"},\"image\":{\"@id\":\"https:\\\/\\\/lasentinelle.dz\\\/index.php\\\/2022\\\/09\\\/14\\\/19egrande-commission-mixte-de-cooperation-algero-mauritanienne-benabderrahmane-a-nouakchott\\\/#primaryimage\"},\"thumbnailUrl\":\"https:\\\/\\\/lasentinelle.dz\\\/wp-content\\\/uploads\\\/2022\\\/09\\\/aimen.png\",\"articleSection\":[\"Actualit\u00e9\"],\"inLanguage\":\"fr-FR\",\"potentialAction\":[{\"@type\":\"CommentAction\",\"name\":\"Comment\",\"target\":[\"https:\\\/\\\/lasentinelle.dz\\\/index.php\\\/2022\\\/09\\\/14\\\/19egrande-commission-mixte-de-cooperation-algero-mauritanienne-benabderrahmane-a-nouakchott\\\/#respond\"]}]},{\"@type\":\"WebPage\",\"@id\":\"https:\\\/\\\/lasentinelle.dz\\\/index.php\\\/2022\\\/09\\\/14\\\/19egrande-commission-mixte-de-cooperation-algero-mauritanienne-benabderrahmane-a-nouakchott\\\/\",\"url\":\"https:\\\/\\\/lasentinelle.dz\\\/index.php\\\/2022\\\/09\\\/14\\\/19egrande-commission-mixte-de-cooperation-algero-mauritanienne-benabderrahmane-a-nouakchott\\\/\",\"name\":\"19eGrande commission mixte de coop\u00e9ration alg\u00e9ro-mauritanienne\u00a0: Benabderrahmane \u00e0 Nouakchott - La Sentinelle\",\"isPartOf\":{\"@id\":\"https:\\\/\\\/lasentinelle.dz\\\/#website\"},\"primaryImageOfPage\":{\"@id\":\"https:\\\/\\\/lasentinelle.dz\\\/index.php\\\/2022\\\/09\\\/14\\\/19egrande-commission-mixte-de-cooperation-algero-mauritanienne-benabderrahmane-a-nouakchott\\\/#primaryimage\"},\"image\":{\"@id\":\"https:\\\/\\\/lasentinelle.dz\\\/index.php\\\/2022\\\/09\\\/14\\\/19egrande-commission-mixte-de-cooperation-algero-mauritanienne-benabderrahmane-a-nouakchott\\\/#primaryimage\"},\"thumbnailUrl\":\"https:\\\/\\\/lasentinelle.dz\\\/wp-content\\\/uploads\\\/2022\\\/09\\\/aimen.png\",\"datePublished\":\"2022-09-13T23:05:00+00:00\",\"breadcrumb\":{\"@id\":\"https:\\\/\\\/lasentinelle.dz\\\/index.php\\\/2022\\\/09\\\/14\\\/19egrande-commission-mixte-de-cooperation-algero-mauritanienne-benabderrahmane-a-nouakchott\\\/#breadcrumb\"},\"inLanguage\":\"fr-FR\",\"potentialAction\":[{\"@type\":\"ReadAction\",\"target\":[\"https:\\\/\\\/lasentinelle.dz\\\/index.php\\\/2022\\\/09\\\/14\\\/19egrande-commission-mixte-de-cooperation-algero-mauritanienne-benabderrahmane-a-nouakchott\\\/\"]}]},{\"@type\":\"ImageObject\",\"inLanguage\":\"fr-FR\",\"@id\":\"https:\\\/\\\/lasentinelle.dz\\\/index.php\\\/2022\\\/09\\\/14\\\/19egrande-commission-mixte-de-cooperation-algero-mauritanienne-benabderrahmane-a-nouakchott\\\/#primaryimage\",\"url\":\"https:\\\/\\\/lasentinelle.dz\\\/wp-content\\\/uploads\\\/2022\\\/09\\\/aimen.png\",\"contentUrl\":\"https:\\\/\\\/lasentinelle.dz\\\/wp-content\\\/uploads\\\/2022\\\/09\\\/aimen.png\",\"width\":1586,\"height\":900},{\"@type\":\"BreadcrumbList\",\"@id\":\"https:\\\/\\\/lasentinelle.dz\\\/index.php\\\/2022\\\/09\\\/14\\\/19egrande-commission-mixte-de-cooperation-algero-mauritanienne-benabderrahmane-a-nouakchott\\\/#breadcrumb\",\"itemListElement\":[{\"@type\":\"ListItem\",\"position\":1,\"name\":\"Accueil\",\"item\":\"https:\\\/\\\/lasentinelle.dz\\\/\"},{\"@type\":\"ListItem\",\"position\":2,\"name\":\"19eGrande commission mixte de coop\u00e9ration alg\u00e9ro-mauritanienne\u00a0: Benabderrahmane \u00e0 Nouakchott\"}]},{\"@type\":\"WebSite\",\"@id\":\"https:\\\/\\\/lasentinelle.dz\\\/#website\",\"url\":\"https:\\\/\\\/lasentinelle.dz\\\/\",\"name\":\"La Sentinelle\",\"description\":\"Quotidien national d&#039;information\",\"publisher\":{\"@id\":\"https:\\\/\\\/lasentinelle.dz\\\/#organization\"},\"potentialAction\":[{\"@type\":\"SearchAction\",\"target\":{\"@type\":\"EntryPoint\",\"urlTemplate\":\"https:\\\/\\\/lasentinelle.dz\\\/?s={search_term_string}\"},\"query-input\":{\"@type\":\"PropertyValueSpecification\",\"valueRequired\":true,\"valueName\":\"search_term_string\"}}],\"inLanguage\":\"fr-FR\"},{\"@type\":\"Organization\",\"@id\":\"https:\\\/\\\/lasentinelle.dz\\\/#organization\",\"name\":\"Quotidien La Sentinelle\",\"url\":\"https:\\\/\\\/lasentinelle.dz\\\/\",\"logo\":{\"@type\":\"ImageObject\",\"inLanguage\":\"fr-FR\",\"@id\":\"https:\\\/\\\/lasentinelle.dz\\\/#\\\/schema\\\/logo\\\/image\\\/\",\"url\":\"https:\\\/\\\/lasentinelle.dz\\\/wp-content\\\/uploads\\\/2021\\\/09\\\/logo-sentinelleSLOGAN-1.png\",\"contentUrl\":\"https:\\\/\\\/lasentinelle.dz\\\/wp-content\\\/uploads\\\/2021\\\/09\\\/logo-sentinelleSLOGAN-1.png\",\"width\":615,\"height\":142,\"caption\":\"Quotidien La Sentinelle\"},\"image\":{\"@id\":\"https:\\\/\\\/lasentinelle.dz\\\/#\\\/schema\\\/logo\\\/image\\\/\"},\"sameAs\":[\"https:\\\/\\\/www.facebook.com\\\/La-Sentinelle-104059864394773\"]},{\"@type\":\"Person\",\"@id\":\"https:\\\/\\\/lasentinelle.dz\\\/#\\\/schema\\\/person\\\/d865044e22e70a75174ce8bcad3acfb3\",\"name\":\"La Sentinelle\",\"image\":{\"@type\":\"ImageObject\",\"inLanguage\":\"fr-FR\",\"@id\":\"https:\\\/\\\/secure.gravatar.com\\\/avatar\\\/57de8e5d4b15d43fb361a71fbb36338450fe67865b528a43dd10ef7c51a20392?s=96&d=mm&r=g\",\"url\":\"https:\\\/\\\/secure.gravatar.com\\\/avatar\\\/57de8e5d4b15d43fb361a71fbb36338450fe67865b528a43dd10ef7c51a20392?s=96&d=mm&r=g\",\"contentUrl\":\"https:\\\/\\\/secure.gravatar.com\\\/avatar\\\/57de8e5d4b15d43fb361a71fbb36338450fe67865b528a43dd10ef7c51a20392?s=96&d=mm&r=g\",\"caption\":\"La Sentinelle\"},\"sameAs\":[\"http:\\\/\\\/www.lasentinelle.dz\"],\"url\":\"https:\\\/\\\/lasentinelle.dz\\\/author\\\/redaction\\\/\"}]}<\/script>\n<!-- \/ Yoast SEO plugin. -->","yoast_head_json":{"title":"19eGrande commission mixte de coop\u00e9ration alg\u00e9ro-mauritanienne\u00a0: Benabderrahmane \u00e0 Nouakchott - La Sentinelle","robots":{"index":"index","follow":"follow","max-snippet":"max-snippet:-1","max-image-preview":"max-image-preview:large","max-video-preview":"max-video-preview:-1"},"canonical":"https:\/\/lasentinelle.dz\/index.php\/2022\/09\/14\/19egrande-commission-mixte-de-cooperation-algero-mauritanienne-benabderrahmane-a-nouakchott\/","og_locale":"fr_FR","og_type":"article","og_title":"19eGrande commission mixte de coop\u00e9ration alg\u00e9ro-mauritanienne\u00a0: Benabderrahmane \u00e0 Nouakchott - La Sentinelle","og_description":"Les travaux de la 19eGrande commission mixte de coop\u00e9ration alg\u00e9ro-mauritanienne s\u2019ouvriront aujourd\u2019hui dans la capitale mauritanienne Nouakchott. Le Premier ministre,","og_url":"https:\/\/lasentinelle.dz\/index.php\/2022\/09\/14\/19egrande-commission-mixte-de-cooperation-algero-mauritanienne-benabderrahmane-a-nouakchott\/","og_site_name":"La Sentinelle","article_publisher":"https:\/\/www.facebook.com\/La-Sentinelle-104059864394773","article_published_time":"2022-09-13T23:05:00+00:00","og_image":[{"width":1586,"height":900,"url":"https:\/\/lasentinelle.dz\/wp-content\/uploads\/2022\/09\/aimen.png","type":"image\/png"}],"author":"La Sentinelle","twitter_card":"summary_large_image","twitter_misc":{"\u00c9crit par":"La Sentinelle","Dur\u00e9e de lecture estim\u00e9e":"3 minutes"},"schema":{"@context":"https:\/\/schema.org","@graph":[{"@type":"Article","@id":"https:\/\/lasentinelle.dz\/index.php\/2022\/09\/14\/19egrande-commission-mixte-de-cooperation-algero-mauritanienne-benabderrahmane-a-nouakchott\/#article","isPartOf":{"@id":"https:\/\/lasentinelle.dz\/index.php\/2022\/09\/14\/19egrande-commission-mixte-de-cooperation-algero-mauritanienne-benabderrahmane-a-nouakchott\/"},"author":{"name":"La Sentinelle","@id":"https:\/\/lasentinelle.dz\/#\/schema\/person\/d865044e22e70a75174ce8bcad3acfb3"},"headline":"19eGrande commission mixte de coop\u00e9ration alg\u00e9ro-mauritanienne\u00a0: Benabderrahmane \u00e0 Nouakchott","datePublished":"2022-09-13T23:05:00+00:00","mainEntityOfPage":{"@id":"https:\/\/lasentinelle.dz\/index.php\/2022\/09\/14\/19egrande-commission-mixte-de-cooperation-algero-mauritanienne-benabderrahmane-a-nouakchott\/"},"wordCount":687,"commentCount":0,"publisher":{"@id":"https:\/\/lasentinelle.dz\/#organization"},"image":{"@id":"https:\/\/lasentinelle.dz\/index.php\/2022\/09\/14\/19egrande-commission-mixte-de-cooperation-algero-mauritanienne-benabderrahmane-a-nouakchott\/#primaryimage"},"thumbnailUrl":"https:\/\/lasentinelle.dz\/wp-content\/uploads\/2022\/09\/aimen.png","articleSection":["Actualit\u00e9"],"inLanguage":"fr-FR","potentialAction":[{"@type":"CommentAction","name":"Comment","target":["https:\/\/lasentinelle.dz\/index.php\/2022\/09\/14\/19egrande-commission-mixte-de-cooperation-algero-mauritanienne-benabderrahmane-a-nouakchott\/#respond"]}]},{"@type":"WebPage","@id":"https:\/\/lasentinelle.dz\/index.php\/2022\/09\/14\/19egrande-commission-mixte-de-cooperation-algero-mauritanienne-benabderrahmane-a-nouakchott\/","url":"https:\/\/lasentinelle.dz\/index.php\/2022\/09\/14\/19egrande-commission-mixte-de-cooperation-algero-mauritanienne-benabderrahmane-a-nouakchott\/","name":"19eGrande commission mixte de coop\u00e9ration alg\u00e9ro-mauritanienne\u00a0: Benabderrahmane \u00e0 Nouakchott - La Sentinelle","isPartOf":{"@id":"https:\/\/lasentinelle.dz\/#website"},"primaryImageOfPage":{"@id":"https:\/\/lasentinelle.dz\/index.php\/2022\/09\/14\/19egrande-commission-mixte-de-cooperation-algero-mauritanienne-benabderrahmane-a-nouakchott\/#primaryimage"},"image":{"@id":"https:\/\/lasentinelle.dz\/index.php\/2022\/09\/14\/19egrande-commission-mixte-de-cooperation-algero-mauritanienne-benabderrahmane-a-nouakchott\/#primaryimage"},"thumbnailUrl":"https:\/\/lasentinelle.dz\/wp-content\/uploads\/2022\/09\/aimen.png","datePublished":"2022-09-13T23:05:00+00:00","breadcrumb":{"@id":"https:\/\/lasentinelle.dz\/index.php\/2022\/09\/14\/19egrande-commission-mixte-de-cooperation-algero-mauritanienne-benabderrahmane-a-nouakchott\/#breadcrumb"},"inLanguage":"fr-FR","potentialAction":[{"@type":"ReadAction","target":["https:\/\/lasentinelle.dz\/index.php\/2022\/09\/14\/19egrande-commission-mixte-de-cooperation-algero-mauritanienne-benabderrahmane-a-nouakchott\/"]}]},{"@type":"ImageObject","inLanguage":"fr-FR","@id":"https:\/\/lasentinelle.dz\/index.php\/2022\/09\/14\/19egrande-commission-mixte-de-cooperation-algero-mauritanienne-benabderrahmane-a-nouakchott\/#primaryimage","url":"https:\/\/lasentinelle.dz\/wp-content\/uploads\/2022\/09\/aimen.png","contentUrl":"https:\/\/lasentinelle.dz\/wp-content\/uploads\/2022\/09\/aimen.png","width":1586,"height":900},{"@type":"BreadcrumbList","@id":"https:\/\/lasentinelle.dz\/index.php\/2022\/09\/14\/19egrande-commission-mixte-de-cooperation-algero-mauritanienne-benabderrahmane-a-nouakchott\/#breadcrumb","itemListElement":[{"@type":"ListItem","position":1,"name":"Accueil","item":"https:\/\/lasentinelle.dz\/"},{"@type":"ListItem","position":2,"name":"19eGrande commission mixte de coop\u00e9ration alg\u00e9ro-mauritanienne\u00a0: Benabderrahmane \u00e0 Nouakchott"}]},{"@type":"WebSite","@id":"https:\/\/lasentinelle.dz\/#website","url":"https:\/\/lasentinelle.dz\/","name":"La Sentinelle","description":"Quotidien national d&#039;information","publisher":{"@id":"https:\/\/lasentinelle.dz\/#organization"},"potentialAction":[{"@type":"SearchAction","target":{"@type":"EntryPoint","urlTemplate":"https:\/\/lasentinelle.dz\/?s={search_term_string}"},"query-input":{"@type":"PropertyValueSpecification","valueRequired":true,"valueName":"search_term_string"}}],"inLanguage":"fr-FR"},{"@type":"Organization","@id":"https:\/\/lasentinelle.dz\/#organization","name":"Quotidien La Sentinelle","url":"https:\/\/lasentinelle.dz\/","logo":{"@type":"ImageObject","inLanguage":"fr-FR","@id":"https:\/\/lasentinelle.dz\/#\/schema\/logo\/image\/","url":"https:\/\/lasentinelle.dz\/wp-content\/uploads\/2021\/09\/logo-sentinelleSLOGAN-1.png","contentUrl":"https:\/\/lasentinelle.dz\/wp-content\/uploads\/2021\/09\/logo-sentinelleSLOGAN-1.png","width":615,"height":142,"caption":"Quotidien La Sentinelle"},"image":{"@id":"https:\/\/lasentinelle.dz\/#\/schema\/logo\/image\/"},"sameAs":["https:\/\/www.facebook.com\/La-Sentinelle-104059864394773"]},{"@type":"Person","@id":"https:\/\/lasentinelle.dz\/#\/schema\/person\/d865044e22e70a75174ce8bcad3acfb3","name":"La Sentinelle","image":{"@type":"ImageObject","inLanguage":"fr-FR","@id":"https:\/\/secure.gravatar.com\/avatar\/57de8e5d4b15d43fb361a71fbb36338450fe67865b528a43dd10ef7c51a20392?s=96&d=mm&r=g","url":"https:\/\/secure.gravatar.com\/avatar\/57de8e5d4b15d43fb361a71fbb36338450fe67865b528a43dd10ef7c51a20392?s=96&d=mm&r=g","contentUrl":"https:\/\/secure.gravatar.com\/avatar\/57de8e5d4b15d43fb361a71fbb36338450fe67865b528a43dd10ef7c51a20392?s=96&d=mm&r=g","caption":"La Sentinelle"},"sameAs":["http:\/\/www.lasentinelle.dz"],"url":"https:\/\/lasentinelle.dz\/author\/redaction\/"}]}},"_links":{"self":[{"href":"https:\/\/lasentinelle.dz\/index.php\/wp-json\/wp\/v2\/posts\/27357","targetHints":{"allow":["GET"]}}],"collection":[{"href":"https:\/\/lasentinelle.dz\/index.php\/wp-json\/wp\/v2\/posts"}],"about":[{"href":"https:\/\/lasentinelle.dz\/index.php\/wp-json\/wp\/v2\/types\/post"}],"author":[{"embeddable":true,"href":"https:\/\/lasentinelle.dz\/index.php\/wp-json\/wp\/v2\/users\/3"}],"replies":[{"embeddable":true,"href":"https:\/\/lasentinelle.dz\/index.php\/wp-json\/wp\/v2\/comments?post=27357"}],"version-history":[{"count":1,"href":"https:\/\/lasentinelle.dz\/index.php\/wp-json\/wp\/v2\/posts\/27357\/revisions"}],"predecessor-version":[{"id":27401,"href":"https:\/\/lasentinelle.dz\/index.php\/wp-json\/wp\/v2\/posts\/27357\/revisions\/27401"}],"wp:featuredmedia":[{"embeddable":true,"href":"https:\/\/lasentinelle.dz\/index.php\/wp-json\/wp\/v2\/media\/27400"}],"wp:attachment":[{"href":"https:\/\/lasentinelle.dz\/index.php\/wp-json\/wp\/v2\/media?parent=27357"}],"wp:term":[{"taxonomy":"category","embeddable":true,"href":"https:\/\/lasentinelle.dz\/index.php\/wp-json\/wp\/v2\/categories?post=27357"},{"taxonomy":"post_tag","embeddable":true,"href":"https:\/\/lasentinelle.dz\/index.php\/wp-json\/wp\/v2\/tags?post=27357"}],"curies":[{"name":"wp","href":"https:\/\/api.w.org\/{rel}","templated":true}]}}