{"id":2736,"date":"2021-07-31T00:01:00","date_gmt":"2021-07-30T23:01:00","guid":{"rendered":"https:\/\/lasentinelle.dz\/?p=2736"},"modified":"2021-07-30T15:24:06","modified_gmt":"2021-07-30T14:24:06","slug":"bresil-un-incendie-detruit-2-000-copies-de-films-de-la-cinematheque","status":"publish","type":"post","link":"https:\/\/lasentinelle.dz\/index.php\/2021\/07\/31\/bresil-un-incendie-detruit-2-000-copies-de-films-de-la-cinematheque\/","title":{"rendered":"Br\u00e9sil : Un incendie d\u00e9truit 2.000 copies de films de la Cin\u00e9math\u00e8que"},"content":{"rendered":"\n<p>Un incendie a d\u00e9vast\u00e9 jeudi un entrep\u00f4t de la Cin\u00e9math\u00e8que br\u00e9silienne de Sao Paulo qui contenait quelque 2.000 exemplaires de films, un incident consid\u00e9r\u00e9 par les cin\u00e9astes comme une \u00ab\u00a0trag\u00e9die annonc\u00e9e\u00a0\u00bb apr\u00e8s ce qu&rsquo;ils d\u00e9noncent comme des errements de la politique culturelle du gouvernement Bolsonaro. Pendant plus de deux heures, une cinquantaine de pompiers ont combattu les flammes qui ont d\u00e9truit une grande partie du b\u00e2timent, selon des images diffus\u00e9es \u00e0 la t\u00e9l\u00e9vision. Le sinistre s&rsquo;est d\u00e9clar\u00e9 \u00e0 18h00 locales lors d&rsquo;une op\u00e9ration de maintenance de la climatisation, ont dit les pompiers, pr\u00e9cisant qu&rsquo;au moins deux salles de films et une autre contenant des archives ont \u00e9t\u00e9 d\u00e9truites. La propagation rapide de l&rsquo;incendie est due aux films d&rsquo;ac\u00e9tate, un mat\u00e9riau extr\u00eamement inflammable, selon les m\u00e9dias locaux. Le b\u00e2timent incendi\u00e9 n&rsquo;est pas le si\u00e8ge de la Cin\u00e9math\u00e8que, qui se trouve dans un autre quartier de Sao Paulo. L&rsquo;entrep\u00f4t abritait des copies de films, dont de nombreuses rares et parfois en meilleur \u00e9tat que les originaux, selon des sp\u00e9cialistes. Ces derni\u00e8res ann\u00e9es, quatre incendies et une inondation ont affect\u00e9s divers b\u00e2timents de cette institution culturelle, fond\u00e9e en 1940. Des cin\u00e9astes, des artistes et des employ\u00e9s d\u00e9noncent depuis des mois une politique de \u00ab\u00a0d\u00e9mant\u00e8lement\u00a0\u00bb de la Cin\u00e9math\u00e8que de la part du gouvernement du pr\u00e9sident d&rsquo;extr\u00eame droite, Jair Bolsonaro. En juillet 2020, le minist\u00e8re public de Sao Paulo a lanc\u00e9 une action en justice contre le gouvernement f\u00e9d\u00e9ral pour \u00ab\u00a0abandon\u00a0\u00bb de la Cinemath\u00e8que, mettant en cause la r\u00e9tention des ressources et l&rsquo;absence de gestionnaire en raison d&rsquo;un imbroglio juridique. Le mois suivant, l&rsquo;institution a cess\u00e9 de fonctionner et 41 fonctionnaires ont d\u00e9missionn\u00e9. En avril de cette ann\u00e9e, un \u00ab\u00a0Manifeste des travailleurs de la Cin\u00e9math\u00e8que br\u00e9silienne\u00a0\u00bb a mis en garde contre le \u00ab\u00a0risque d&rsquo;incendie\u00a0\u00bb, d\u00fb au manque de soins pour \u00ab\u00a0le mat\u00e9riel, l&rsquo;\u00e9quipement, les bases de donn\u00e9es et les b\u00e2timents\u00a0\u00bb. L&rsquo;incendie de jeudi \u00e9tait \u00ab\u00a0une trag\u00e9die annonc\u00e9e\u00a0\u00bb, a estim\u00e9 le critique cin\u00e9ma Lauro Escorel sur la cha\u00eene Globonews. Le cin\u00e9aste Kl\u00e9ber Mendon\u00e7a avait d\u00e9nonc\u00e9 d\u00e9but juillet aupr\u00e8s de l&rsquo;AFP \u00e0 Cannes le \u00ab\u00a0sabotage du syst\u00e8me de soutien \u00e0 la culture\u00a0\u00bb et la fermeture de la Cin\u00e9math\u00e8que. \u00ab\u00a0C&rsquo;est comme si le pays n&rsquo;avait plus d&rsquo;album de famille. Ce n&rsquo;est pas seulement un lieu de d\u00e9p\u00f4t. C&rsquo;est un lieu vivant, avec la m\u00e9moire du pays\u00a0\u00bb, avait dit le r\u00e9alisateur d'\u00a0\u00bbAquarius\u00a0\u00bb et \u00ab\u00a0Bacurau\u00a0\u00bb.<\/p>\n\n\n\n<p>AFP<\/p>\n","protected":false},"excerpt":{"rendered":"<p>Un incendie a d\u00e9vast\u00e9 jeudi un entrep\u00f4t de la Cin\u00e9math\u00e8que br\u00e9silienne de Sao Paulo qui contenait quelque 2.000 exemplaires de<\/p>\n","protected":false},"author":3,"featured_media":2738,"comment_status":"open","ping_status":"closed","sticky":false,"template":"","format":"standard","meta":{"colormag_page_container_layout":"default_layout","colormag_page_sidebar_layout":"default_layout","om_disable_all_campaigns":false,"_monsterinsights_skip_tracking":false,"_monsterinsights_sitenote_active":false,"_monsterinsights_sitenote_note":"","_monsterinsights_sitenote_category":0,"footnotes":"","_wpscppro_dont_share_socialmedia":false,"_wpscppro_custom_social_share_image":0,"_facebook_share_type":"","_twitter_share_type":"","_linkedin_share_type":"","_pinterest_share_type":"","_linkedin_share_type_page":"","_instagram_share_type":"","_medium_share_type":"","_threads_share_type":"","_google_business_share_type":"","_selected_social_profile":[],"_wpsp_enable_custom_social_template":false,"_wpsp_social_scheduling":{"enabled":false,"datetime":null,"platforms":[],"status":"template_only","dateOption":"today","timeOption":"now","customDays":"","customHours":"","customDate":"","customTime":"","schedulingType":"absolute"},"_wpsp_active_default_template":true},"categories":[36],"tags":[],"class_list":["post-2736","post","type-post","status-publish","format-standard","has-post-thumbnail","hentry","category-culture"],"aioseo_notices":[],"yoast_head":"<!-- This site is optimized with the Yoast SEO plugin v27.5 - https:\/\/yoast.com\/product\/yoast-seo-wordpress\/ -->\n<title>Br\u00e9sil : Un incendie d\u00e9truit 2.000 copies de films de la Cin\u00e9math\u00e8que - La Sentinelle<\/title>\n<meta name=\"robots\" content=\"index, follow, max-snippet:-1, max-image-preview:large, max-video-preview:-1\" \/>\n<link rel=\"canonical\" href=\"https:\/\/lasentinelle.dz\/index.php\/2021\/07\/31\/bresil-un-incendie-detruit-2-000-copies-de-films-de-la-cinematheque\/\" \/>\n<meta property=\"og:locale\" content=\"fr_FR\" \/>\n<meta property=\"og:type\" content=\"article\" \/>\n<meta property=\"og:title\" content=\"Br\u00e9sil : Un incendie d\u00e9truit 2.000 copies de films de la Cin\u00e9math\u00e8que - La Sentinelle\" \/>\n<meta property=\"og:description\" content=\"Un incendie a d\u00e9vast\u00e9 jeudi un entrep\u00f4t de la Cin\u00e9math\u00e8que br\u00e9silienne de Sao Paulo qui contenait quelque 2.000 exemplaires de\" \/>\n<meta property=\"og:url\" content=\"https:\/\/lasentinelle.dz\/index.php\/2021\/07\/31\/bresil-un-incendie-detruit-2-000-copies-de-films-de-la-cinematheque\/\" \/>\n<meta property=\"og:site_name\" content=\"La Sentinelle\" \/>\n<meta property=\"article:publisher\" content=\"https:\/\/www.facebook.com\/La-Sentinelle-104059864394773\" \/>\n<meta property=\"article:published_time\" content=\"2021-07-30T23:01:00+00:00\" \/>\n<meta property=\"og:image\" content=\"https:\/\/lasentinelle.dz\/wp-content\/uploads\/2021\/07\/incendie.png\" \/>\n\t<meta property=\"og:image:width\" content=\"1349\" \/>\n\t<meta property=\"og:image:height\" content=\"900\" \/>\n\t<meta property=\"og:image:type\" content=\"image\/png\" \/>\n<meta name=\"author\" content=\"La Sentinelle\" \/>\n<meta name=\"twitter:card\" content=\"summary_large_image\" \/>\n<meta name=\"twitter:label1\" content=\"\u00c9crit par\" \/>\n\t<meta name=\"twitter:data1\" content=\"La Sentinelle\" \/>\n\t<meta name=\"twitter:label2\" content=\"Dur\u00e9e de lecture estim\u00e9e\" \/>\n\t<meta name=\"twitter:data2\" content=\"2 minutes\" \/>\n<script type=\"application\/ld+json\" class=\"yoast-schema-graph\">{\"@context\":\"https:\\\/\\\/schema.org\",\"@graph\":[{\"@type\":\"Article\",\"@id\":\"https:\\\/\\\/lasentinelle.dz\\\/index.php\\\/2021\\\/07\\\/31\\\/bresil-un-incendie-detruit-2-000-copies-de-films-de-la-cinematheque\\\/#article\",\"isPartOf\":{\"@id\":\"https:\\\/\\\/lasentinelle.dz\\\/index.php\\\/2021\\\/07\\\/31\\\/bresil-un-incendie-detruit-2-000-copies-de-films-de-la-cinematheque\\\/\"},\"author\":{\"name\":\"La Sentinelle\",\"@id\":\"https:\\\/\\\/lasentinelle.dz\\\/#\\\/schema\\\/person\\\/d865044e22e70a75174ce8bcad3acfb3\"},\"headline\":\"Br\u00e9sil : Un incendie d\u00e9truit 2.000 copies de films de la Cin\u00e9math\u00e8que\",\"datePublished\":\"2021-07-30T23:01:00+00:00\",\"mainEntityOfPage\":{\"@id\":\"https:\\\/\\\/lasentinelle.dz\\\/index.php\\\/2021\\\/07\\\/31\\\/bresil-un-incendie-detruit-2-000-copies-de-films-de-la-cinematheque\\\/\"},\"wordCount\":488,\"commentCount\":0,\"publisher\":{\"@id\":\"https:\\\/\\\/lasentinelle.dz\\\/#organization\"},\"image\":{\"@id\":\"https:\\\/\\\/lasentinelle.dz\\\/index.php\\\/2021\\\/07\\\/31\\\/bresil-un-incendie-detruit-2-000-copies-de-films-de-la-cinematheque\\\/#primaryimage\"},\"thumbnailUrl\":\"https:\\\/\\\/lasentinelle.dz\\\/wp-content\\\/uploads\\\/2021\\\/07\\\/incendie.png\",\"articleSection\":[\"Culture\"],\"inLanguage\":\"fr-FR\",\"potentialAction\":[{\"@type\":\"CommentAction\",\"name\":\"Comment\",\"target\":[\"https:\\\/\\\/lasentinelle.dz\\\/index.php\\\/2021\\\/07\\\/31\\\/bresil-un-incendie-detruit-2-000-copies-de-films-de-la-cinematheque\\\/#respond\"]}]},{\"@type\":\"WebPage\",\"@id\":\"https:\\\/\\\/lasentinelle.dz\\\/index.php\\\/2021\\\/07\\\/31\\\/bresil-un-incendie-detruit-2-000-copies-de-films-de-la-cinematheque\\\/\",\"url\":\"https:\\\/\\\/lasentinelle.dz\\\/index.php\\\/2021\\\/07\\\/31\\\/bresil-un-incendie-detruit-2-000-copies-de-films-de-la-cinematheque\\\/\",\"name\":\"Br\u00e9sil : Un incendie d\u00e9truit 2.000 copies de films de la Cin\u00e9math\u00e8que - La Sentinelle\",\"isPartOf\":{\"@id\":\"https:\\\/\\\/lasentinelle.dz\\\/#website\"},\"primaryImageOfPage\":{\"@id\":\"https:\\\/\\\/lasentinelle.dz\\\/index.php\\\/2021\\\/07\\\/31\\\/bresil-un-incendie-detruit-2-000-copies-de-films-de-la-cinematheque\\\/#primaryimage\"},\"image\":{\"@id\":\"https:\\\/\\\/lasentinelle.dz\\\/index.php\\\/2021\\\/07\\\/31\\\/bresil-un-incendie-detruit-2-000-copies-de-films-de-la-cinematheque\\\/#primaryimage\"},\"thumbnailUrl\":\"https:\\\/\\\/lasentinelle.dz\\\/wp-content\\\/uploads\\\/2021\\\/07\\\/incendie.png\",\"datePublished\":\"2021-07-30T23:01:00+00:00\",\"breadcrumb\":{\"@id\":\"https:\\\/\\\/lasentinelle.dz\\\/index.php\\\/2021\\\/07\\\/31\\\/bresil-un-incendie-detruit-2-000-copies-de-films-de-la-cinematheque\\\/#breadcrumb\"},\"inLanguage\":\"fr-FR\",\"potentialAction\":[{\"@type\":\"ReadAction\",\"target\":[\"https:\\\/\\\/lasentinelle.dz\\\/index.php\\\/2021\\\/07\\\/31\\\/bresil-un-incendie-detruit-2-000-copies-de-films-de-la-cinematheque\\\/\"]}]},{\"@type\":\"ImageObject\",\"inLanguage\":\"fr-FR\",\"@id\":\"https:\\\/\\\/lasentinelle.dz\\\/index.php\\\/2021\\\/07\\\/31\\\/bresil-un-incendie-detruit-2-000-copies-de-films-de-la-cinematheque\\\/#primaryimage\",\"url\":\"https:\\\/\\\/lasentinelle.dz\\\/wp-content\\\/uploads\\\/2021\\\/07\\\/incendie.png\",\"contentUrl\":\"https:\\\/\\\/lasentinelle.dz\\\/wp-content\\\/uploads\\\/2021\\\/07\\\/incendie.png\",\"width\":1349,\"height\":900},{\"@type\":\"BreadcrumbList\",\"@id\":\"https:\\\/\\\/lasentinelle.dz\\\/index.php\\\/2021\\\/07\\\/31\\\/bresil-un-incendie-detruit-2-000-copies-de-films-de-la-cinematheque\\\/#breadcrumb\",\"itemListElement\":[{\"@type\":\"ListItem\",\"position\":1,\"name\":\"Accueil\",\"item\":\"https:\\\/\\\/lasentinelle.dz\\\/\"},{\"@type\":\"ListItem\",\"position\":2,\"name\":\"Br\u00e9sil : Un incendie d\u00e9truit 2.000 copies de films de la Cin\u00e9math\u00e8que\"}]},{\"@type\":\"WebSite\",\"@id\":\"https:\\\/\\\/lasentinelle.dz\\\/#website\",\"url\":\"https:\\\/\\\/lasentinelle.dz\\\/\",\"name\":\"La Sentinelle\",\"description\":\"Quotidien national d&#039;information\",\"publisher\":{\"@id\":\"https:\\\/\\\/lasentinelle.dz\\\/#organization\"},\"potentialAction\":[{\"@type\":\"SearchAction\",\"target\":{\"@type\":\"EntryPoint\",\"urlTemplate\":\"https:\\\/\\\/lasentinelle.dz\\\/?s={search_term_string}\"},\"query-input\":{\"@type\":\"PropertyValueSpecification\",\"valueRequired\":true,\"valueName\":\"search_term_string\"}}],\"inLanguage\":\"fr-FR\"},{\"@type\":\"Organization\",\"@id\":\"https:\\\/\\\/lasentinelle.dz\\\/#organization\",\"name\":\"Quotidien La Sentinelle\",\"url\":\"https:\\\/\\\/lasentinelle.dz\\\/\",\"logo\":{\"@type\":\"ImageObject\",\"inLanguage\":\"fr-FR\",\"@id\":\"https:\\\/\\\/lasentinelle.dz\\\/#\\\/schema\\\/logo\\\/image\\\/\",\"url\":\"https:\\\/\\\/lasentinelle.dz\\\/wp-content\\\/uploads\\\/2021\\\/09\\\/logo-sentinelleSLOGAN-1.png\",\"contentUrl\":\"https:\\\/\\\/lasentinelle.dz\\\/wp-content\\\/uploads\\\/2021\\\/09\\\/logo-sentinelleSLOGAN-1.png\",\"width\":615,\"height\":142,\"caption\":\"Quotidien La Sentinelle\"},\"image\":{\"@id\":\"https:\\\/\\\/lasentinelle.dz\\\/#\\\/schema\\\/logo\\\/image\\\/\"},\"sameAs\":[\"https:\\\/\\\/www.facebook.com\\\/La-Sentinelle-104059864394773\"]},{\"@type\":\"Person\",\"@id\":\"https:\\\/\\\/lasentinelle.dz\\\/#\\\/schema\\\/person\\\/d865044e22e70a75174ce8bcad3acfb3\",\"name\":\"La Sentinelle\",\"image\":{\"@type\":\"ImageObject\",\"inLanguage\":\"fr-FR\",\"@id\":\"https:\\\/\\\/secure.gravatar.com\\\/avatar\\\/57de8e5d4b15d43fb361a71fbb36338450fe67865b528a43dd10ef7c51a20392?s=96&d=mm&r=g\",\"url\":\"https:\\\/\\\/secure.gravatar.com\\\/avatar\\\/57de8e5d4b15d43fb361a71fbb36338450fe67865b528a43dd10ef7c51a20392?s=96&d=mm&r=g\",\"contentUrl\":\"https:\\\/\\\/secure.gravatar.com\\\/avatar\\\/57de8e5d4b15d43fb361a71fbb36338450fe67865b528a43dd10ef7c51a20392?s=96&d=mm&r=g\",\"caption\":\"La Sentinelle\"},\"sameAs\":[\"http:\\\/\\\/www.lasentinelle.dz\"],\"url\":\"https:\\\/\\\/lasentinelle.dz\\\/author\\\/redaction\\\/\"}]}<\/script>\n<!-- \/ Yoast SEO plugin. -->","yoast_head_json":{"title":"Br\u00e9sil : Un incendie d\u00e9truit 2.000 copies de films de la Cin\u00e9math\u00e8que - La Sentinelle","robots":{"index":"index","follow":"follow","max-snippet":"max-snippet:-1","max-image-preview":"max-image-preview:large","max-video-preview":"max-video-preview:-1"},"canonical":"https:\/\/lasentinelle.dz\/index.php\/2021\/07\/31\/bresil-un-incendie-detruit-2-000-copies-de-films-de-la-cinematheque\/","og_locale":"fr_FR","og_type":"article","og_title":"Br\u00e9sil : Un incendie d\u00e9truit 2.000 copies de films de la Cin\u00e9math\u00e8que - La Sentinelle","og_description":"Un incendie a d\u00e9vast\u00e9 jeudi un entrep\u00f4t de la Cin\u00e9math\u00e8que br\u00e9silienne de Sao Paulo qui contenait quelque 2.000 exemplaires de","og_url":"https:\/\/lasentinelle.dz\/index.php\/2021\/07\/31\/bresil-un-incendie-detruit-2-000-copies-de-films-de-la-cinematheque\/","og_site_name":"La Sentinelle","article_publisher":"https:\/\/www.facebook.com\/La-Sentinelle-104059864394773","article_published_time":"2021-07-30T23:01:00+00:00","og_image":[{"width":1349,"height":900,"url":"https:\/\/lasentinelle.dz\/wp-content\/uploads\/2021\/07\/incendie.png","type":"image\/png"}],"author":"La Sentinelle","twitter_card":"summary_large_image","twitter_misc":{"\u00c9crit par":"La Sentinelle","Dur\u00e9e de lecture estim\u00e9e":"2 minutes"},"schema":{"@context":"https:\/\/schema.org","@graph":[{"@type":"Article","@id":"https:\/\/lasentinelle.dz\/index.php\/2021\/07\/31\/bresil-un-incendie-detruit-2-000-copies-de-films-de-la-cinematheque\/#article","isPartOf":{"@id":"https:\/\/lasentinelle.dz\/index.php\/2021\/07\/31\/bresil-un-incendie-detruit-2-000-copies-de-films-de-la-cinematheque\/"},"author":{"name":"La Sentinelle","@id":"https:\/\/lasentinelle.dz\/#\/schema\/person\/d865044e22e70a75174ce8bcad3acfb3"},"headline":"Br\u00e9sil : Un incendie d\u00e9truit 2.000 copies de films de la Cin\u00e9math\u00e8que","datePublished":"2021-07-30T23:01:00+00:00","mainEntityOfPage":{"@id":"https:\/\/lasentinelle.dz\/index.php\/2021\/07\/31\/bresil-un-incendie-detruit-2-000-copies-de-films-de-la-cinematheque\/"},"wordCount":488,"commentCount":0,"publisher":{"@id":"https:\/\/lasentinelle.dz\/#organization"},"image":{"@id":"https:\/\/lasentinelle.dz\/index.php\/2021\/07\/31\/bresil-un-incendie-detruit-2-000-copies-de-films-de-la-cinematheque\/#primaryimage"},"thumbnailUrl":"https:\/\/lasentinelle.dz\/wp-content\/uploads\/2021\/07\/incendie.png","articleSection":["Culture"],"inLanguage":"fr-FR","potentialAction":[{"@type":"CommentAction","name":"Comment","target":["https:\/\/lasentinelle.dz\/index.php\/2021\/07\/31\/bresil-un-incendie-detruit-2-000-copies-de-films-de-la-cinematheque\/#respond"]}]},{"@type":"WebPage","@id":"https:\/\/lasentinelle.dz\/index.php\/2021\/07\/31\/bresil-un-incendie-detruit-2-000-copies-de-films-de-la-cinematheque\/","url":"https:\/\/lasentinelle.dz\/index.php\/2021\/07\/31\/bresil-un-incendie-detruit-2-000-copies-de-films-de-la-cinematheque\/","name":"Br\u00e9sil : Un incendie d\u00e9truit 2.000 copies de films de la Cin\u00e9math\u00e8que - La Sentinelle","isPartOf":{"@id":"https:\/\/lasentinelle.dz\/#website"},"primaryImageOfPage":{"@id":"https:\/\/lasentinelle.dz\/index.php\/2021\/07\/31\/bresil-un-incendie-detruit-2-000-copies-de-films-de-la-cinematheque\/#primaryimage"},"image":{"@id":"https:\/\/lasentinelle.dz\/index.php\/2021\/07\/31\/bresil-un-incendie-detruit-2-000-copies-de-films-de-la-cinematheque\/#primaryimage"},"thumbnailUrl":"https:\/\/lasentinelle.dz\/wp-content\/uploads\/2021\/07\/incendie.png","datePublished":"2021-07-30T23:01:00+00:00","breadcrumb":{"@id":"https:\/\/lasentinelle.dz\/index.php\/2021\/07\/31\/bresil-un-incendie-detruit-2-000-copies-de-films-de-la-cinematheque\/#breadcrumb"},"inLanguage":"fr-FR","potentialAction":[{"@type":"ReadAction","target":["https:\/\/lasentinelle.dz\/index.php\/2021\/07\/31\/bresil-un-incendie-detruit-2-000-copies-de-films-de-la-cinematheque\/"]}]},{"@type":"ImageObject","inLanguage":"fr-FR","@id":"https:\/\/lasentinelle.dz\/index.php\/2021\/07\/31\/bresil-un-incendie-detruit-2-000-copies-de-films-de-la-cinematheque\/#primaryimage","url":"https:\/\/lasentinelle.dz\/wp-content\/uploads\/2021\/07\/incendie.png","contentUrl":"https:\/\/lasentinelle.dz\/wp-content\/uploads\/2021\/07\/incendie.png","width":1349,"height":900},{"@type":"BreadcrumbList","@id":"https:\/\/lasentinelle.dz\/index.php\/2021\/07\/31\/bresil-un-incendie-detruit-2-000-copies-de-films-de-la-cinematheque\/#breadcrumb","itemListElement":[{"@type":"ListItem","position":1,"name":"Accueil","item":"https:\/\/lasentinelle.dz\/"},{"@type":"ListItem","position":2,"name":"Br\u00e9sil : Un incendie d\u00e9truit 2.000 copies de films de la Cin\u00e9math\u00e8que"}]},{"@type":"WebSite","@id":"https:\/\/lasentinelle.dz\/#website","url":"https:\/\/lasentinelle.dz\/","name":"La Sentinelle","description":"Quotidien national d&#039;information","publisher":{"@id":"https:\/\/lasentinelle.dz\/#organization"},"potentialAction":[{"@type":"SearchAction","target":{"@type":"EntryPoint","urlTemplate":"https:\/\/lasentinelle.dz\/?s={search_term_string}"},"query-input":{"@type":"PropertyValueSpecification","valueRequired":true,"valueName":"search_term_string"}}],"inLanguage":"fr-FR"},{"@type":"Organization","@id":"https:\/\/lasentinelle.dz\/#organization","name":"Quotidien La Sentinelle","url":"https:\/\/lasentinelle.dz\/","logo":{"@type":"ImageObject","inLanguage":"fr-FR","@id":"https:\/\/lasentinelle.dz\/#\/schema\/logo\/image\/","url":"https:\/\/lasentinelle.dz\/wp-content\/uploads\/2021\/09\/logo-sentinelleSLOGAN-1.png","contentUrl":"https:\/\/lasentinelle.dz\/wp-content\/uploads\/2021\/09\/logo-sentinelleSLOGAN-1.png","width":615,"height":142,"caption":"Quotidien La Sentinelle"},"image":{"@id":"https:\/\/lasentinelle.dz\/#\/schema\/logo\/image\/"},"sameAs":["https:\/\/www.facebook.com\/La-Sentinelle-104059864394773"]},{"@type":"Person","@id":"https:\/\/lasentinelle.dz\/#\/schema\/person\/d865044e22e70a75174ce8bcad3acfb3","name":"La Sentinelle","image":{"@type":"ImageObject","inLanguage":"fr-FR","@id":"https:\/\/secure.gravatar.com\/avatar\/57de8e5d4b15d43fb361a71fbb36338450fe67865b528a43dd10ef7c51a20392?s=96&d=mm&r=g","url":"https:\/\/secure.gravatar.com\/avatar\/57de8e5d4b15d43fb361a71fbb36338450fe67865b528a43dd10ef7c51a20392?s=96&d=mm&r=g","contentUrl":"https:\/\/secure.gravatar.com\/avatar\/57de8e5d4b15d43fb361a71fbb36338450fe67865b528a43dd10ef7c51a20392?s=96&d=mm&r=g","caption":"La Sentinelle"},"sameAs":["http:\/\/www.lasentinelle.dz"],"url":"https:\/\/lasentinelle.dz\/author\/redaction\/"}]}},"_links":{"self":[{"href":"https:\/\/lasentinelle.dz\/index.php\/wp-json\/wp\/v2\/posts\/2736","targetHints":{"allow":["GET"]}}],"collection":[{"href":"https:\/\/lasentinelle.dz\/index.php\/wp-json\/wp\/v2\/posts"}],"about":[{"href":"https:\/\/lasentinelle.dz\/index.php\/wp-json\/wp\/v2\/types\/post"}],"author":[{"embeddable":true,"href":"https:\/\/lasentinelle.dz\/index.php\/wp-json\/wp\/v2\/users\/3"}],"replies":[{"embeddable":true,"href":"https:\/\/lasentinelle.dz\/index.php\/wp-json\/wp\/v2\/comments?post=2736"}],"version-history":[{"count":1,"href":"https:\/\/lasentinelle.dz\/index.php\/wp-json\/wp\/v2\/posts\/2736\/revisions"}],"predecessor-version":[{"id":2743,"href":"https:\/\/lasentinelle.dz\/index.php\/wp-json\/wp\/v2\/posts\/2736\/revisions\/2743"}],"wp:featuredmedia":[{"embeddable":true,"href":"https:\/\/lasentinelle.dz\/index.php\/wp-json\/wp\/v2\/media\/2738"}],"wp:attachment":[{"href":"https:\/\/lasentinelle.dz\/index.php\/wp-json\/wp\/v2\/media?parent=2736"}],"wp:term":[{"taxonomy":"category","embeddable":true,"href":"https:\/\/lasentinelle.dz\/index.php\/wp-json\/wp\/v2\/categories?post=2736"},{"taxonomy":"post_tag","embeddable":true,"href":"https:\/\/lasentinelle.dz\/index.php\/wp-json\/wp\/v2\/tags?post=2736"}],"curies":[{"name":"wp","href":"https:\/\/api.w.org\/{rel}","templated":true}]}}