{"id":27384,"date":"2022-09-14T00:05:00","date_gmt":"2022-09-13T23:05:00","guid":{"rendered":"https:\/\/lasentinelle.dz\/?p=27384"},"modified":"2022-09-13T20:58:19","modified_gmt":"2022-09-13T19:58:19","slug":"impossibilite-de-report-des-bourses-a-letranger-bedari-leve-la-mesure","status":"publish","type":"post","link":"https:\/\/lasentinelle.dz\/index.php\/2022\/09\/14\/impossibilite-de-report-des-bourses-a-letranger-bedari-leve-la-mesure\/","title":{"rendered":"Impossibilit\u00e9 de report des bourses \u00e0 l\u2019\u00e9tranger\u00a0: Bidari l\u00e8ve la mesure"},"content":{"rendered":"\n<p>Le minist\u00e8re de l&rsquo;Enseignement sup\u00e9rieur et de la Recherche scientifique a d\u00e9cid\u00e9 d\u2019annuler l&rsquo;instruction selon laquelle il n&rsquo;est pas possible de reporter la consommation des bourses de formation et de mise \u00e0 niveau \u00e0 l&rsquo;\u00e9tranger. Selon un communiqu\u00e9 du minist\u00e8re, le premier responsable du secteur, Kamel Bidari, a d\u00e9cid\u00e9 hier d&rsquo;annuler l&rsquo;instruction relative \u00e0 l&rsquo;impossibilit\u00e9 de reporter la consommation des bourses de perfectionnement \u00e0 l&rsquo;\u00e9tranger, en r\u00e9ponse \u00e0 la demande de la F\u00e9d\u00e9ration nationale de l&rsquo;Enseignement sup\u00e9rieur et de la Recherche scientifique. Selon la m\u00eame source, le ministre a r\u00e9pondu\u00ab\u00a0\u00e0 la demande du Secr\u00e9taire g\u00e9n\u00e9ral de la F\u00e9d\u00e9ration nationale de l&rsquo;enseignement sup\u00e9rieur et de la recherche scientifique, Massoud Amarneh, d&rsquo;annuler l&rsquo;instruction concernant l&rsquo;impossibilit\u00e9 de reporter la consommation des bourses de mise \u00e0 niveau \u00e0 l&rsquo;\u00e9tranger\u00a0\u00bb. Une demande qui fait suite aux pr\u00e9occupationsdes professeurs universitairessoucieux de b\u00e9n\u00e9ficier de ces bourses et qui ont exprim\u00e9 leur m\u00e9contentement en raison du maintien de l\u2019instruction malgr\u00e9 la fin des circonstances dans laquelle a \u00e9t\u00e9 prise et li\u00e9es aux conditions impos\u00e9es par la pand\u00e9mie, notamment la suspension du transport a\u00e9rien dans les pays o\u00f9 \u00a0avaient choisi d&rsquo;effectuer leurs stages. Pour sa part, un membre du Bureau national charg\u00e9 de l&rsquo;information \u00e0 la F\u00e9d\u00e9ration nationale de l&rsquo;enseignement sup\u00e9rieur et de la recherche scientifique, Mohamed Dahmani, a exprim\u00e9 \u00ab la satisfaction des professeurs quant \u00e0 cette d\u00e9marche, qui r\u00e9pond aux pr\u00e9occupations de ses coll\u00e8gues professeurs \u00bb Le communiqu\u00e9 indique que le ministre de l&rsquo;Enseignement sup\u00e9rieur a r\u00e9affirm\u00e9 qu&rsquo;il \u00ab\u00a0mettra son exp\u00e9rience et son expertise au service de l&rsquo;universit\u00e9 et de l&rsquo;Alg\u00e9rie et poursuivra le dialogue, la concertation et le dialogue avec les partenaires dans la mise en \u0153uvre de son programme de travail qui s&rsquo;inscrit dans le cadre de l&rsquo;incarnation de l&rsquo;initiative gouvernementale de mise en \u0153uvre du programme du Pr\u00e9sident de la R\u00e9publique, et il pr\u00e9sentera prochainement une feuille de route sur ce programme\u00a0\u00bb.<\/p>\n\n\n\n<p>R.N.<\/p>\n","protected":false},"excerpt":{"rendered":"<p>Le minist\u00e8re de l&rsquo;Enseignement sup\u00e9rieur et de la Recherche scientifique a d\u00e9cid\u00e9 d\u2019annuler l&rsquo;instruction selon laquelle il n&rsquo;est pas possible<\/p>\n","protected":false},"author":3,"featured_media":21310,"comment_status":"open","ping_status":"closed","sticky":false,"template":"","format":"standard","meta":{"colormag_page_container_layout":"default_layout","colormag_page_sidebar_layout":"default_layout","om_disable_all_campaigns":false,"_monsterinsights_skip_tracking":false,"_monsterinsights_sitenote_active":false,"_monsterinsights_sitenote_note":"","_monsterinsights_sitenote_category":0,"footnotes":"","_wpscppro_dont_share_socialmedia":false,"_wpscppro_custom_social_share_image":0,"_facebook_share_type":"","_twitter_share_type":"","_linkedin_share_type":"","_pinterest_share_type":"","_linkedin_share_type_page":"","_instagram_share_type":"","_medium_share_type":"","_threads_share_type":"","_google_business_share_type":"","_selected_social_profile":[],"_wpsp_enable_custom_social_template":false,"_wpsp_social_scheduling":{"enabled":false,"datetime":null,"platforms":[],"status":"template_only","dateOption":"today","timeOption":"now","customDays":"","customHours":"","customDate":"","customTime":"","schedulingType":"absolute"},"_wpsp_active_default_template":true},"categories":[27],"tags":[],"class_list":["post-27384","post","type-post","status-publish","format-standard","has-post-thumbnail","hentry","category-actualite"],"aioseo_notices":[],"yoast_head":"<!-- This site is optimized with the Yoast SEO plugin v27.4 - https:\/\/yoast.com\/product\/yoast-seo-wordpress\/ -->\n<title>Impossibilit\u00e9 de report des bourses \u00e0 l\u2019\u00e9tranger\u00a0: Bidari l\u00e8ve la mesure - La Sentinelle<\/title>\n<meta name=\"robots\" content=\"index, follow, max-snippet:-1, max-image-preview:large, max-video-preview:-1\" \/>\n<link rel=\"canonical\" href=\"https:\/\/lasentinelle.dz\/index.php\/2022\/09\/14\/impossibilite-de-report-des-bourses-a-letranger-bedari-leve-la-mesure\/\" \/>\n<meta property=\"og:locale\" content=\"fr_FR\" \/>\n<meta property=\"og:type\" content=\"article\" \/>\n<meta property=\"og:title\" content=\"Impossibilit\u00e9 de report des bourses \u00e0 l\u2019\u00e9tranger\u00a0: Bidari l\u00e8ve la mesure - La Sentinelle\" \/>\n<meta property=\"og:description\" content=\"Le minist\u00e8re de l&rsquo;Enseignement sup\u00e9rieur et de la Recherche scientifique a d\u00e9cid\u00e9 d\u2019annuler l&rsquo;instruction selon laquelle il n&rsquo;est pas possible\" \/>\n<meta property=\"og:url\" content=\"https:\/\/lasentinelle.dz\/index.php\/2022\/09\/14\/impossibilite-de-report-des-bourses-a-letranger-bedari-leve-la-mesure\/\" \/>\n<meta property=\"og:site_name\" content=\"La Sentinelle\" \/>\n<meta property=\"article:publisher\" content=\"https:\/\/www.facebook.com\/La-Sentinelle-104059864394773\" \/>\n<meta property=\"article:published_time\" content=\"2022-09-13T23:05:00+00:00\" \/>\n<meta property=\"og:image\" content=\"https:\/\/lasentinelle.dz\/wp-content\/uploads\/2022\/05\/ministere.jpg\" \/>\n\t<meta property=\"og:image:width\" content=\"512\" \/>\n\t<meta property=\"og:image:height\" content=\"314\" \/>\n\t<meta property=\"og:image:type\" content=\"image\/jpeg\" \/>\n<meta name=\"author\" content=\"La Sentinelle\" \/>\n<meta name=\"twitter:card\" content=\"summary_large_image\" \/>\n<meta name=\"twitter:label1\" content=\"\u00c9crit par\" \/>\n\t<meta name=\"twitter:data1\" content=\"La Sentinelle\" \/>\n\t<meta name=\"twitter:label2\" content=\"Dur\u00e9e de lecture estim\u00e9e\" \/>\n\t<meta name=\"twitter:data2\" content=\"2 minutes\" \/>\n<script type=\"application\/ld+json\" class=\"yoast-schema-graph\">{\"@context\":\"https:\\\/\\\/schema.org\",\"@graph\":[{\"@type\":\"Article\",\"@id\":\"https:\\\/\\\/lasentinelle.dz\\\/index.php\\\/2022\\\/09\\\/14\\\/impossibilite-de-report-des-bourses-a-letranger-bedari-leve-la-mesure\\\/#article\",\"isPartOf\":{\"@id\":\"https:\\\/\\\/lasentinelle.dz\\\/index.php\\\/2022\\\/09\\\/14\\\/impossibilite-de-report-des-bourses-a-letranger-bedari-leve-la-mesure\\\/\"},\"author\":{\"name\":\"La Sentinelle\",\"@id\":\"https:\\\/\\\/lasentinelle.dz\\\/#\\\/schema\\\/person\\\/d865044e22e70a75174ce8bcad3acfb3\"},\"headline\":\"Impossibilit\u00e9 de report des bourses \u00e0 l\u2019\u00e9tranger\u00a0: Bidari l\u00e8ve la mesure\",\"datePublished\":\"2022-09-13T23:05:00+00:00\",\"mainEntityOfPage\":{\"@id\":\"https:\\\/\\\/lasentinelle.dz\\\/index.php\\\/2022\\\/09\\\/14\\\/impossibilite-de-report-des-bourses-a-letranger-bedari-leve-la-mesure\\\/\"},\"wordCount\":376,\"commentCount\":0,\"publisher\":{\"@id\":\"https:\\\/\\\/lasentinelle.dz\\\/#organization\"},\"image\":{\"@id\":\"https:\\\/\\\/lasentinelle.dz\\\/index.php\\\/2022\\\/09\\\/14\\\/impossibilite-de-report-des-bourses-a-letranger-bedari-leve-la-mesure\\\/#primaryimage\"},\"thumbnailUrl\":\"https:\\\/\\\/lasentinelle.dz\\\/wp-content\\\/uploads\\\/2022\\\/05\\\/ministere.jpg\",\"articleSection\":[\"Actualit\u00e9\"],\"inLanguage\":\"fr-FR\",\"potentialAction\":[{\"@type\":\"CommentAction\",\"name\":\"Comment\",\"target\":[\"https:\\\/\\\/lasentinelle.dz\\\/index.php\\\/2022\\\/09\\\/14\\\/impossibilite-de-report-des-bourses-a-letranger-bedari-leve-la-mesure\\\/#respond\"]}]},{\"@type\":\"WebPage\",\"@id\":\"https:\\\/\\\/lasentinelle.dz\\\/index.php\\\/2022\\\/09\\\/14\\\/impossibilite-de-report-des-bourses-a-letranger-bedari-leve-la-mesure\\\/\",\"url\":\"https:\\\/\\\/lasentinelle.dz\\\/index.php\\\/2022\\\/09\\\/14\\\/impossibilite-de-report-des-bourses-a-letranger-bedari-leve-la-mesure\\\/\",\"name\":\"Impossibilit\u00e9 de report des bourses \u00e0 l\u2019\u00e9tranger\u00a0: Bidari l\u00e8ve la mesure - La Sentinelle\",\"isPartOf\":{\"@id\":\"https:\\\/\\\/lasentinelle.dz\\\/#website\"},\"primaryImageOfPage\":{\"@id\":\"https:\\\/\\\/lasentinelle.dz\\\/index.php\\\/2022\\\/09\\\/14\\\/impossibilite-de-report-des-bourses-a-letranger-bedari-leve-la-mesure\\\/#primaryimage\"},\"image\":{\"@id\":\"https:\\\/\\\/lasentinelle.dz\\\/index.php\\\/2022\\\/09\\\/14\\\/impossibilite-de-report-des-bourses-a-letranger-bedari-leve-la-mesure\\\/#primaryimage\"},\"thumbnailUrl\":\"https:\\\/\\\/lasentinelle.dz\\\/wp-content\\\/uploads\\\/2022\\\/05\\\/ministere.jpg\",\"datePublished\":\"2022-09-13T23:05:00+00:00\",\"breadcrumb\":{\"@id\":\"https:\\\/\\\/lasentinelle.dz\\\/index.php\\\/2022\\\/09\\\/14\\\/impossibilite-de-report-des-bourses-a-letranger-bedari-leve-la-mesure\\\/#breadcrumb\"},\"inLanguage\":\"fr-FR\",\"potentialAction\":[{\"@type\":\"ReadAction\",\"target\":[\"https:\\\/\\\/lasentinelle.dz\\\/index.php\\\/2022\\\/09\\\/14\\\/impossibilite-de-report-des-bourses-a-letranger-bedari-leve-la-mesure\\\/\"]}]},{\"@type\":\"ImageObject\",\"inLanguage\":\"fr-FR\",\"@id\":\"https:\\\/\\\/lasentinelle.dz\\\/index.php\\\/2022\\\/09\\\/14\\\/impossibilite-de-report-des-bourses-a-letranger-bedari-leve-la-mesure\\\/#primaryimage\",\"url\":\"https:\\\/\\\/lasentinelle.dz\\\/wp-content\\\/uploads\\\/2022\\\/05\\\/ministere.jpg\",\"contentUrl\":\"https:\\\/\\\/lasentinelle.dz\\\/wp-content\\\/uploads\\\/2022\\\/05\\\/ministere.jpg\",\"width\":512,\"height\":314},{\"@type\":\"BreadcrumbList\",\"@id\":\"https:\\\/\\\/lasentinelle.dz\\\/index.php\\\/2022\\\/09\\\/14\\\/impossibilite-de-report-des-bourses-a-letranger-bedari-leve-la-mesure\\\/#breadcrumb\",\"itemListElement\":[{\"@type\":\"ListItem\",\"position\":1,\"name\":\"Accueil\",\"item\":\"https:\\\/\\\/lasentinelle.dz\\\/\"},{\"@type\":\"ListItem\",\"position\":2,\"name\":\"Impossibilit\u00e9 de report des bourses \u00e0 l\u2019\u00e9tranger\u00a0: Bidari l\u00e8ve la mesure\"}]},{\"@type\":\"WebSite\",\"@id\":\"https:\\\/\\\/lasentinelle.dz\\\/#website\",\"url\":\"https:\\\/\\\/lasentinelle.dz\\\/\",\"name\":\"La Sentinelle\",\"description\":\"Quotidien national d&#039;information\",\"publisher\":{\"@id\":\"https:\\\/\\\/lasentinelle.dz\\\/#organization\"},\"potentialAction\":[{\"@type\":\"SearchAction\",\"target\":{\"@type\":\"EntryPoint\",\"urlTemplate\":\"https:\\\/\\\/lasentinelle.dz\\\/?s={search_term_string}\"},\"query-input\":{\"@type\":\"PropertyValueSpecification\",\"valueRequired\":true,\"valueName\":\"search_term_string\"}}],\"inLanguage\":\"fr-FR\"},{\"@type\":\"Organization\",\"@id\":\"https:\\\/\\\/lasentinelle.dz\\\/#organization\",\"name\":\"Quotidien La Sentinelle\",\"url\":\"https:\\\/\\\/lasentinelle.dz\\\/\",\"logo\":{\"@type\":\"ImageObject\",\"inLanguage\":\"fr-FR\",\"@id\":\"https:\\\/\\\/lasentinelle.dz\\\/#\\\/schema\\\/logo\\\/image\\\/\",\"url\":\"https:\\\/\\\/lasentinelle.dz\\\/wp-content\\\/uploads\\\/2021\\\/09\\\/logo-sentinelleSLOGAN-1.png\",\"contentUrl\":\"https:\\\/\\\/lasentinelle.dz\\\/wp-content\\\/uploads\\\/2021\\\/09\\\/logo-sentinelleSLOGAN-1.png\",\"width\":615,\"height\":142,\"caption\":\"Quotidien La Sentinelle\"},\"image\":{\"@id\":\"https:\\\/\\\/lasentinelle.dz\\\/#\\\/schema\\\/logo\\\/image\\\/\"},\"sameAs\":[\"https:\\\/\\\/www.facebook.com\\\/La-Sentinelle-104059864394773\"]},{\"@type\":\"Person\",\"@id\":\"https:\\\/\\\/lasentinelle.dz\\\/#\\\/schema\\\/person\\\/d865044e22e70a75174ce8bcad3acfb3\",\"name\":\"La Sentinelle\",\"image\":{\"@type\":\"ImageObject\",\"inLanguage\":\"fr-FR\",\"@id\":\"https:\\\/\\\/secure.gravatar.com\\\/avatar\\\/57de8e5d4b15d43fb361a71fbb36338450fe67865b528a43dd10ef7c51a20392?s=96&d=mm&r=g\",\"url\":\"https:\\\/\\\/secure.gravatar.com\\\/avatar\\\/57de8e5d4b15d43fb361a71fbb36338450fe67865b528a43dd10ef7c51a20392?s=96&d=mm&r=g\",\"contentUrl\":\"https:\\\/\\\/secure.gravatar.com\\\/avatar\\\/57de8e5d4b15d43fb361a71fbb36338450fe67865b528a43dd10ef7c51a20392?s=96&d=mm&r=g\",\"caption\":\"La Sentinelle\"},\"sameAs\":[\"http:\\\/\\\/www.lasentinelle.dz\"],\"url\":\"https:\\\/\\\/lasentinelle.dz\\\/author\\\/redaction\\\/\"}]}<\/script>\n<!-- \/ Yoast SEO plugin. -->","yoast_head_json":{"title":"Impossibilit\u00e9 de report des bourses \u00e0 l\u2019\u00e9tranger\u00a0: Bidari l\u00e8ve la mesure - La Sentinelle","robots":{"index":"index","follow":"follow","max-snippet":"max-snippet:-1","max-image-preview":"max-image-preview:large","max-video-preview":"max-video-preview:-1"},"canonical":"https:\/\/lasentinelle.dz\/index.php\/2022\/09\/14\/impossibilite-de-report-des-bourses-a-letranger-bedari-leve-la-mesure\/","og_locale":"fr_FR","og_type":"article","og_title":"Impossibilit\u00e9 de report des bourses \u00e0 l\u2019\u00e9tranger\u00a0: Bidari l\u00e8ve la mesure - La Sentinelle","og_description":"Le minist\u00e8re de l&rsquo;Enseignement sup\u00e9rieur et de la Recherche scientifique a d\u00e9cid\u00e9 d\u2019annuler l&rsquo;instruction selon laquelle il n&rsquo;est pas possible","og_url":"https:\/\/lasentinelle.dz\/index.php\/2022\/09\/14\/impossibilite-de-report-des-bourses-a-letranger-bedari-leve-la-mesure\/","og_site_name":"La Sentinelle","article_publisher":"https:\/\/www.facebook.com\/La-Sentinelle-104059864394773","article_published_time":"2022-09-13T23:05:00+00:00","og_image":[{"width":512,"height":314,"url":"https:\/\/lasentinelle.dz\/wp-content\/uploads\/2022\/05\/ministere.jpg","type":"image\/jpeg"}],"author":"La Sentinelle","twitter_card":"summary_large_image","twitter_misc":{"\u00c9crit par":"La Sentinelle","Dur\u00e9e de lecture estim\u00e9e":"2 minutes"},"schema":{"@context":"https:\/\/schema.org","@graph":[{"@type":"Article","@id":"https:\/\/lasentinelle.dz\/index.php\/2022\/09\/14\/impossibilite-de-report-des-bourses-a-letranger-bedari-leve-la-mesure\/#article","isPartOf":{"@id":"https:\/\/lasentinelle.dz\/index.php\/2022\/09\/14\/impossibilite-de-report-des-bourses-a-letranger-bedari-leve-la-mesure\/"},"author":{"name":"La Sentinelle","@id":"https:\/\/lasentinelle.dz\/#\/schema\/person\/d865044e22e70a75174ce8bcad3acfb3"},"headline":"Impossibilit\u00e9 de report des bourses \u00e0 l\u2019\u00e9tranger\u00a0: Bidari l\u00e8ve la mesure","datePublished":"2022-09-13T23:05:00+00:00","mainEntityOfPage":{"@id":"https:\/\/lasentinelle.dz\/index.php\/2022\/09\/14\/impossibilite-de-report-des-bourses-a-letranger-bedari-leve-la-mesure\/"},"wordCount":376,"commentCount":0,"publisher":{"@id":"https:\/\/lasentinelle.dz\/#organization"},"image":{"@id":"https:\/\/lasentinelle.dz\/index.php\/2022\/09\/14\/impossibilite-de-report-des-bourses-a-letranger-bedari-leve-la-mesure\/#primaryimage"},"thumbnailUrl":"https:\/\/lasentinelle.dz\/wp-content\/uploads\/2022\/05\/ministere.jpg","articleSection":["Actualit\u00e9"],"inLanguage":"fr-FR","potentialAction":[{"@type":"CommentAction","name":"Comment","target":["https:\/\/lasentinelle.dz\/index.php\/2022\/09\/14\/impossibilite-de-report-des-bourses-a-letranger-bedari-leve-la-mesure\/#respond"]}]},{"@type":"WebPage","@id":"https:\/\/lasentinelle.dz\/index.php\/2022\/09\/14\/impossibilite-de-report-des-bourses-a-letranger-bedari-leve-la-mesure\/","url":"https:\/\/lasentinelle.dz\/index.php\/2022\/09\/14\/impossibilite-de-report-des-bourses-a-letranger-bedari-leve-la-mesure\/","name":"Impossibilit\u00e9 de report des bourses \u00e0 l\u2019\u00e9tranger\u00a0: Bidari l\u00e8ve la mesure - La Sentinelle","isPartOf":{"@id":"https:\/\/lasentinelle.dz\/#website"},"primaryImageOfPage":{"@id":"https:\/\/lasentinelle.dz\/index.php\/2022\/09\/14\/impossibilite-de-report-des-bourses-a-letranger-bedari-leve-la-mesure\/#primaryimage"},"image":{"@id":"https:\/\/lasentinelle.dz\/index.php\/2022\/09\/14\/impossibilite-de-report-des-bourses-a-letranger-bedari-leve-la-mesure\/#primaryimage"},"thumbnailUrl":"https:\/\/lasentinelle.dz\/wp-content\/uploads\/2022\/05\/ministere.jpg","datePublished":"2022-09-13T23:05:00+00:00","breadcrumb":{"@id":"https:\/\/lasentinelle.dz\/index.php\/2022\/09\/14\/impossibilite-de-report-des-bourses-a-letranger-bedari-leve-la-mesure\/#breadcrumb"},"inLanguage":"fr-FR","potentialAction":[{"@type":"ReadAction","target":["https:\/\/lasentinelle.dz\/index.php\/2022\/09\/14\/impossibilite-de-report-des-bourses-a-letranger-bedari-leve-la-mesure\/"]}]},{"@type":"ImageObject","inLanguage":"fr-FR","@id":"https:\/\/lasentinelle.dz\/index.php\/2022\/09\/14\/impossibilite-de-report-des-bourses-a-letranger-bedari-leve-la-mesure\/#primaryimage","url":"https:\/\/lasentinelle.dz\/wp-content\/uploads\/2022\/05\/ministere.jpg","contentUrl":"https:\/\/lasentinelle.dz\/wp-content\/uploads\/2022\/05\/ministere.jpg","width":512,"height":314},{"@type":"BreadcrumbList","@id":"https:\/\/lasentinelle.dz\/index.php\/2022\/09\/14\/impossibilite-de-report-des-bourses-a-letranger-bedari-leve-la-mesure\/#breadcrumb","itemListElement":[{"@type":"ListItem","position":1,"name":"Accueil","item":"https:\/\/lasentinelle.dz\/"},{"@type":"ListItem","position":2,"name":"Impossibilit\u00e9 de report des bourses \u00e0 l\u2019\u00e9tranger\u00a0: Bidari l\u00e8ve la mesure"}]},{"@type":"WebSite","@id":"https:\/\/lasentinelle.dz\/#website","url":"https:\/\/lasentinelle.dz\/","name":"La Sentinelle","description":"Quotidien national d&#039;information","publisher":{"@id":"https:\/\/lasentinelle.dz\/#organization"},"potentialAction":[{"@type":"SearchAction","target":{"@type":"EntryPoint","urlTemplate":"https:\/\/lasentinelle.dz\/?s={search_term_string}"},"query-input":{"@type":"PropertyValueSpecification","valueRequired":true,"valueName":"search_term_string"}}],"inLanguage":"fr-FR"},{"@type":"Organization","@id":"https:\/\/lasentinelle.dz\/#organization","name":"Quotidien La Sentinelle","url":"https:\/\/lasentinelle.dz\/","logo":{"@type":"ImageObject","inLanguage":"fr-FR","@id":"https:\/\/lasentinelle.dz\/#\/schema\/logo\/image\/","url":"https:\/\/lasentinelle.dz\/wp-content\/uploads\/2021\/09\/logo-sentinelleSLOGAN-1.png","contentUrl":"https:\/\/lasentinelle.dz\/wp-content\/uploads\/2021\/09\/logo-sentinelleSLOGAN-1.png","width":615,"height":142,"caption":"Quotidien La Sentinelle"},"image":{"@id":"https:\/\/lasentinelle.dz\/#\/schema\/logo\/image\/"},"sameAs":["https:\/\/www.facebook.com\/La-Sentinelle-104059864394773"]},{"@type":"Person","@id":"https:\/\/lasentinelle.dz\/#\/schema\/person\/d865044e22e70a75174ce8bcad3acfb3","name":"La Sentinelle","image":{"@type":"ImageObject","inLanguage":"fr-FR","@id":"https:\/\/secure.gravatar.com\/avatar\/57de8e5d4b15d43fb361a71fbb36338450fe67865b528a43dd10ef7c51a20392?s=96&d=mm&r=g","url":"https:\/\/secure.gravatar.com\/avatar\/57de8e5d4b15d43fb361a71fbb36338450fe67865b528a43dd10ef7c51a20392?s=96&d=mm&r=g","contentUrl":"https:\/\/secure.gravatar.com\/avatar\/57de8e5d4b15d43fb361a71fbb36338450fe67865b528a43dd10ef7c51a20392?s=96&d=mm&r=g","caption":"La Sentinelle"},"sameAs":["http:\/\/www.lasentinelle.dz"],"url":"https:\/\/lasentinelle.dz\/author\/redaction\/"}]}},"_links":{"self":[{"href":"https:\/\/lasentinelle.dz\/index.php\/wp-json\/wp\/v2\/posts\/27384","targetHints":{"allow":["GET"]}}],"collection":[{"href":"https:\/\/lasentinelle.dz\/index.php\/wp-json\/wp\/v2\/posts"}],"about":[{"href":"https:\/\/lasentinelle.dz\/index.php\/wp-json\/wp\/v2\/types\/post"}],"author":[{"embeddable":true,"href":"https:\/\/lasentinelle.dz\/index.php\/wp-json\/wp\/v2\/users\/3"}],"replies":[{"embeddable":true,"href":"https:\/\/lasentinelle.dz\/index.php\/wp-json\/wp\/v2\/comments?post=27384"}],"version-history":[{"count":2,"href":"https:\/\/lasentinelle.dz\/index.php\/wp-json\/wp\/v2\/posts\/27384\/revisions"}],"predecessor-version":[{"id":27392,"href":"https:\/\/lasentinelle.dz\/index.php\/wp-json\/wp\/v2\/posts\/27384\/revisions\/27392"}],"wp:featuredmedia":[{"embeddable":true,"href":"https:\/\/lasentinelle.dz\/index.php\/wp-json\/wp\/v2\/media\/21310"}],"wp:attachment":[{"href":"https:\/\/lasentinelle.dz\/index.php\/wp-json\/wp\/v2\/media?parent=27384"}],"wp:term":[{"taxonomy":"category","embeddable":true,"href":"https:\/\/lasentinelle.dz\/index.php\/wp-json\/wp\/v2\/categories?post=27384"},{"taxonomy":"post_tag","embeddable":true,"href":"https:\/\/lasentinelle.dz\/index.php\/wp-json\/wp\/v2\/tags?post=27384"}],"curies":[{"name":"wp","href":"https:\/\/api.w.org\/{rel}","templated":true}]}}