{"id":27413,"date":"2022-09-15T00:01:00","date_gmt":"2022-09-14T23:01:00","guid":{"rendered":"https:\/\/lasentinelle.dz\/?p=27413"},"modified":"2022-09-14T16:44:42","modified_gmt":"2022-09-14T15:44:42","slug":"crise-sociale-au-maroc-akhannouch-fait-lunanimite-contre-lui","status":"publish","type":"post","link":"https:\/\/lasentinelle.dz\/index.php\/2022\/09\/15\/crise-sociale-au-maroc-akhannouch-fait-lunanimite-contre-lui\/","title":{"rendered":"Crise sociale au Maroc\u00a0: Akhannouch fait l&rsquo;unanimit\u00e9 contre lui"},"content":{"rendered":"\n<p>Le chef du gouvernement du Makhzen, Aziz Akhannouch, ne cesse de perdre la confiance du peuple marocain jour apr\u00e8s jour et fait d\u00e9sormais l&rsquo;unanimit\u00e9 contre lui, au vu notamment du conflit d&rsquo;int\u00e9r\u00eats entre sa fonction \u00e0 la t\u00eate de l&rsquo;ex\u00e9cutif et son poste d&rsquo;actionnaire principal d&rsquo;un Holding. En effet, selon des observateurs et des formations politiques au Maroc, ce conflit d&rsquo;int\u00e9r\u00eats fait d&rsquo;Akhannouch un des responsables directs, voire le premier responsable, de la crise socio-\u00e9conomique que traverse le royaume depuis plusieurs mois maintenant. Selon le magazine \u00ab\u00a0Jeune Afrique\u00a0\u00bb qui a consacr\u00e9 un long papier \u00e0 Akhannouch, ce dernier ne cesse de perdre la confiance des Marocains, car accus\u00e9 de conflit d&rsquo;int\u00e9r\u00eats pour son poste de chef du gouvernement et d&rsquo;actionnaire principal du Holding \u00ab\u00a0Akwa Group\u00a0\u00bb, dont fait partie la filiale \u00ab\u00a0Afriquia\u00a0\u00bb, plus important distributeur de carburants, lubrifiants et bonbonnes de gaz au royaume. Les prix de carburants grimpent toujours au Maroc, alors que sur le march\u00e9 mondial, ils sont en baisse, ce qui irrite les Marocains qui accusent Akhannouch d&rsquo;amasser une fortune sur leur dos. La pr\u00e9occupation d&rsquo;Aziz Akhannouch pour ses affaires est, selon le parti marocain Ennahdj Eddimocrati (Voie de la d\u00e9mocratie, ndlr), la principale raison de la d\u00e9t\u00e9rioration de la situation socio-\u00e9conomique des Marocains. \u00ab\u00a0La n\u00e9gligence du gouvernement Akhannouch pour les pr\u00e9occupations des Marocains ne tardera pas \u00e0 \u00e9branler le royaume et venir \u00e0 bout de la paix sociale, plus que jamais pr\u00e9caire\u00a0\u00bb, a mis en garde r\u00e9cemment le parti politique dans une d\u00e9claration. Allant dans le m\u00eame sens, la formation politique \u00ab\u00a0Authenticit\u00e9 et modernit\u00e9\u00a0\u00bb a exhort\u00e9 le gouvernement Akhannouch \u00e0 se rattraper et mette en urgence les dol\u00e9ances des Marocains au centre de ses pr\u00e9occupations \u00e0 l&rsquo;occasion de la rentr\u00e9e sociale, en entamant notamment un s\u00e9rieux dialogue avec les partenaires sociaux, a-t-il plaid\u00e9. Intervenant, \u00e0 son tour, dans ce contexte, le Secr\u00e9taire g\u00e9n\u00e9ral du \u00ab\u00a0Parti de la justice et du d\u00e9veloppement\u00a0\u00bb, Abdellah Benkirane a affirm\u00e9 que l&rsquo;incapacit\u00e9 du gouvernement actuel \u00e0 g\u00e9rer la crise au Maroc est due d&rsquo;abord au fait qu&rsquo;Akhannouch n&rsquo;est pas \u00e0 sa place et est indigne de son poste. \u00ab\u00a0Aziz Akhannouch est le r\u00e9sultat d&rsquo;un complot. Il est arriv\u00e9 \u00e0 la chefferie du gouvernement sans aucun programme ou strat\u00e9gie\u00a0\u00bb, a-t-il soulign\u00e9, pr\u00e9venant que le pire est \u00e0 venir.<\/p>\n\n\n\n<p><strong>APS<\/strong><\/p>\n","protected":false},"excerpt":{"rendered":"<p>Le chef du gouvernement du Makhzen, Aziz Akhannouch, ne cesse de perdre la confiance du peuple marocain jour apr\u00e8s jour<\/p>\n","protected":false},"author":3,"featured_media":27414,"comment_status":"open","ping_status":"closed","sticky":false,"template":"","format":"standard","meta":{"colormag_page_container_layout":"default_layout","colormag_page_sidebar_layout":"default_layout","om_disable_all_campaigns":false,"_monsterinsights_skip_tracking":false,"_monsterinsights_sitenote_active":false,"_monsterinsights_sitenote_note":"","_monsterinsights_sitenote_category":0,"footnotes":"","_wpscppro_dont_share_socialmedia":false,"_wpscppro_custom_social_share_image":0,"_facebook_share_type":"","_twitter_share_type":"","_linkedin_share_type":"","_pinterest_share_type":"","_linkedin_share_type_page":"","_instagram_share_type":"","_medium_share_type":"","_threads_share_type":"","_google_business_share_type":"","_selected_social_profile":[],"_wpsp_enable_custom_social_template":false,"_wpsp_social_scheduling":{"enabled":false,"datetime":null,"platforms":[],"status":"template_only","dateOption":"today","timeOption":"now","customDays":"","customHours":"","customDate":"","customTime":"","schedulingType":"absolute"},"_wpsp_active_default_template":true},"categories":[37],"tags":[],"class_list":["post-27413","post","type-post","status-publish","format-standard","has-post-thumbnail","hentry","category-monde"],"aioseo_notices":[],"yoast_head":"<!-- This site is optimized with the Yoast SEO plugin v27.5 - https:\/\/yoast.com\/product\/yoast-seo-wordpress\/ -->\n<title>Crise sociale au Maroc\u00a0: Akhannouch fait l&rsquo;unanimit\u00e9 contre lui - La Sentinelle<\/title>\n<meta name=\"robots\" content=\"index, follow, max-snippet:-1, max-image-preview:large, max-video-preview:-1\" \/>\n<link rel=\"canonical\" href=\"https:\/\/lasentinelle.dz\/index.php\/2022\/09\/15\/crise-sociale-au-maroc-akhannouch-fait-lunanimite-contre-lui\/\" \/>\n<meta property=\"og:locale\" content=\"fr_FR\" \/>\n<meta property=\"og:type\" content=\"article\" \/>\n<meta property=\"og:title\" content=\"Crise sociale au Maroc\u00a0: Akhannouch fait l&rsquo;unanimit\u00e9 contre lui - La Sentinelle\" \/>\n<meta property=\"og:description\" content=\"Le chef du gouvernement du Makhzen, Aziz Akhannouch, ne cesse de perdre la confiance du peuple marocain jour apr\u00e8s jour\" \/>\n<meta property=\"og:url\" content=\"https:\/\/lasentinelle.dz\/index.php\/2022\/09\/15\/crise-sociale-au-maroc-akhannouch-fait-lunanimite-contre-lui\/\" \/>\n<meta property=\"og:site_name\" content=\"La Sentinelle\" \/>\n<meta property=\"article:publisher\" content=\"https:\/\/www.facebook.com\/La-Sentinelle-104059864394773\" \/>\n<meta property=\"article:published_time\" content=\"2022-09-14T23:01:00+00:00\" \/>\n<meta property=\"og:image\" content=\"https:\/\/lasentinelle.dz\/wp-content\/uploads\/2022\/09\/moh.png\" \/>\n\t<meta property=\"og:image:width\" content=\"1350\" \/>\n\t<meta property=\"og:image:height\" content=\"900\" \/>\n\t<meta property=\"og:image:type\" content=\"image\/png\" \/>\n<meta name=\"author\" content=\"La Sentinelle\" \/>\n<meta name=\"twitter:card\" content=\"summary_large_image\" \/>\n<meta name=\"twitter:label1\" content=\"\u00c9crit par\" \/>\n\t<meta name=\"twitter:data1\" content=\"La Sentinelle\" \/>\n\t<meta name=\"twitter:label2\" content=\"Dur\u00e9e de lecture estim\u00e9e\" \/>\n\t<meta name=\"twitter:data2\" content=\"2 minutes\" \/>\n<script type=\"application\/ld+json\" class=\"yoast-schema-graph\">{\"@context\":\"https:\\\/\\\/schema.org\",\"@graph\":[{\"@type\":\"Article\",\"@id\":\"https:\\\/\\\/lasentinelle.dz\\\/index.php\\\/2022\\\/09\\\/15\\\/crise-sociale-au-maroc-akhannouch-fait-lunanimite-contre-lui\\\/#article\",\"isPartOf\":{\"@id\":\"https:\\\/\\\/lasentinelle.dz\\\/index.php\\\/2022\\\/09\\\/15\\\/crise-sociale-au-maroc-akhannouch-fait-lunanimite-contre-lui\\\/\"},\"author\":{\"name\":\"La Sentinelle\",\"@id\":\"https:\\\/\\\/lasentinelle.dz\\\/#\\\/schema\\\/person\\\/d865044e22e70a75174ce8bcad3acfb3\"},\"headline\":\"Crise sociale au Maroc\u00a0: Akhannouch fait l&rsquo;unanimit\u00e9 contre lui\",\"datePublished\":\"2022-09-14T23:01:00+00:00\",\"mainEntityOfPage\":{\"@id\":\"https:\\\/\\\/lasentinelle.dz\\\/index.php\\\/2022\\\/09\\\/15\\\/crise-sociale-au-maroc-akhannouch-fait-lunanimite-contre-lui\\\/\"},\"wordCount\":427,\"commentCount\":0,\"publisher\":{\"@id\":\"https:\\\/\\\/lasentinelle.dz\\\/#organization\"},\"image\":{\"@id\":\"https:\\\/\\\/lasentinelle.dz\\\/index.php\\\/2022\\\/09\\\/15\\\/crise-sociale-au-maroc-akhannouch-fait-lunanimite-contre-lui\\\/#primaryimage\"},\"thumbnailUrl\":\"https:\\\/\\\/lasentinelle.dz\\\/wp-content\\\/uploads\\\/2022\\\/09\\\/moh.png\",\"articleSection\":[\"Monde\"],\"inLanguage\":\"fr-FR\",\"potentialAction\":[{\"@type\":\"CommentAction\",\"name\":\"Comment\",\"target\":[\"https:\\\/\\\/lasentinelle.dz\\\/index.php\\\/2022\\\/09\\\/15\\\/crise-sociale-au-maroc-akhannouch-fait-lunanimite-contre-lui\\\/#respond\"]}]},{\"@type\":\"WebPage\",\"@id\":\"https:\\\/\\\/lasentinelle.dz\\\/index.php\\\/2022\\\/09\\\/15\\\/crise-sociale-au-maroc-akhannouch-fait-lunanimite-contre-lui\\\/\",\"url\":\"https:\\\/\\\/lasentinelle.dz\\\/index.php\\\/2022\\\/09\\\/15\\\/crise-sociale-au-maroc-akhannouch-fait-lunanimite-contre-lui\\\/\",\"name\":\"Crise sociale au Maroc\u00a0: Akhannouch fait l&rsquo;unanimit\u00e9 contre lui - La Sentinelle\",\"isPartOf\":{\"@id\":\"https:\\\/\\\/lasentinelle.dz\\\/#website\"},\"primaryImageOfPage\":{\"@id\":\"https:\\\/\\\/lasentinelle.dz\\\/index.php\\\/2022\\\/09\\\/15\\\/crise-sociale-au-maroc-akhannouch-fait-lunanimite-contre-lui\\\/#primaryimage\"},\"image\":{\"@id\":\"https:\\\/\\\/lasentinelle.dz\\\/index.php\\\/2022\\\/09\\\/15\\\/crise-sociale-au-maroc-akhannouch-fait-lunanimite-contre-lui\\\/#primaryimage\"},\"thumbnailUrl\":\"https:\\\/\\\/lasentinelle.dz\\\/wp-content\\\/uploads\\\/2022\\\/09\\\/moh.png\",\"datePublished\":\"2022-09-14T23:01:00+00:00\",\"breadcrumb\":{\"@id\":\"https:\\\/\\\/lasentinelle.dz\\\/index.php\\\/2022\\\/09\\\/15\\\/crise-sociale-au-maroc-akhannouch-fait-lunanimite-contre-lui\\\/#breadcrumb\"},\"inLanguage\":\"fr-FR\",\"potentialAction\":[{\"@type\":\"ReadAction\",\"target\":[\"https:\\\/\\\/lasentinelle.dz\\\/index.php\\\/2022\\\/09\\\/15\\\/crise-sociale-au-maroc-akhannouch-fait-lunanimite-contre-lui\\\/\"]}]},{\"@type\":\"ImageObject\",\"inLanguage\":\"fr-FR\",\"@id\":\"https:\\\/\\\/lasentinelle.dz\\\/index.php\\\/2022\\\/09\\\/15\\\/crise-sociale-au-maroc-akhannouch-fait-lunanimite-contre-lui\\\/#primaryimage\",\"url\":\"https:\\\/\\\/lasentinelle.dz\\\/wp-content\\\/uploads\\\/2022\\\/09\\\/moh.png\",\"contentUrl\":\"https:\\\/\\\/lasentinelle.dz\\\/wp-content\\\/uploads\\\/2022\\\/09\\\/moh.png\",\"width\":1350,\"height\":900},{\"@type\":\"BreadcrumbList\",\"@id\":\"https:\\\/\\\/lasentinelle.dz\\\/index.php\\\/2022\\\/09\\\/15\\\/crise-sociale-au-maroc-akhannouch-fait-lunanimite-contre-lui\\\/#breadcrumb\",\"itemListElement\":[{\"@type\":\"ListItem\",\"position\":1,\"name\":\"Accueil\",\"item\":\"https:\\\/\\\/lasentinelle.dz\\\/\"},{\"@type\":\"ListItem\",\"position\":2,\"name\":\"Crise sociale au Maroc\u00a0: Akhannouch fait l&rsquo;unanimit\u00e9 contre lui\"}]},{\"@type\":\"WebSite\",\"@id\":\"https:\\\/\\\/lasentinelle.dz\\\/#website\",\"url\":\"https:\\\/\\\/lasentinelle.dz\\\/\",\"name\":\"La Sentinelle\",\"description\":\"Quotidien national d&#039;information\",\"publisher\":{\"@id\":\"https:\\\/\\\/lasentinelle.dz\\\/#organization\"},\"potentialAction\":[{\"@type\":\"SearchAction\",\"target\":{\"@type\":\"EntryPoint\",\"urlTemplate\":\"https:\\\/\\\/lasentinelle.dz\\\/?s={search_term_string}\"},\"query-input\":{\"@type\":\"PropertyValueSpecification\",\"valueRequired\":true,\"valueName\":\"search_term_string\"}}],\"inLanguage\":\"fr-FR\"},{\"@type\":\"Organization\",\"@id\":\"https:\\\/\\\/lasentinelle.dz\\\/#organization\",\"name\":\"Quotidien La Sentinelle\",\"url\":\"https:\\\/\\\/lasentinelle.dz\\\/\",\"logo\":{\"@type\":\"ImageObject\",\"inLanguage\":\"fr-FR\",\"@id\":\"https:\\\/\\\/lasentinelle.dz\\\/#\\\/schema\\\/logo\\\/image\\\/\",\"url\":\"https:\\\/\\\/lasentinelle.dz\\\/wp-content\\\/uploads\\\/2021\\\/09\\\/logo-sentinelleSLOGAN-1.png\",\"contentUrl\":\"https:\\\/\\\/lasentinelle.dz\\\/wp-content\\\/uploads\\\/2021\\\/09\\\/logo-sentinelleSLOGAN-1.png\",\"width\":615,\"height\":142,\"caption\":\"Quotidien La Sentinelle\"},\"image\":{\"@id\":\"https:\\\/\\\/lasentinelle.dz\\\/#\\\/schema\\\/logo\\\/image\\\/\"},\"sameAs\":[\"https:\\\/\\\/www.facebook.com\\\/La-Sentinelle-104059864394773\"]},{\"@type\":\"Person\",\"@id\":\"https:\\\/\\\/lasentinelle.dz\\\/#\\\/schema\\\/person\\\/d865044e22e70a75174ce8bcad3acfb3\",\"name\":\"La Sentinelle\",\"image\":{\"@type\":\"ImageObject\",\"inLanguage\":\"fr-FR\",\"@id\":\"https:\\\/\\\/secure.gravatar.com\\\/avatar\\\/57de8e5d4b15d43fb361a71fbb36338450fe67865b528a43dd10ef7c51a20392?s=96&d=mm&r=g\",\"url\":\"https:\\\/\\\/secure.gravatar.com\\\/avatar\\\/57de8e5d4b15d43fb361a71fbb36338450fe67865b528a43dd10ef7c51a20392?s=96&d=mm&r=g\",\"contentUrl\":\"https:\\\/\\\/secure.gravatar.com\\\/avatar\\\/57de8e5d4b15d43fb361a71fbb36338450fe67865b528a43dd10ef7c51a20392?s=96&d=mm&r=g\",\"caption\":\"La Sentinelle\"},\"sameAs\":[\"http:\\\/\\\/www.lasentinelle.dz\"],\"url\":\"https:\\\/\\\/lasentinelle.dz\\\/author\\\/redaction\\\/\"}]}<\/script>\n<!-- \/ Yoast SEO plugin. -->","yoast_head_json":{"title":"Crise sociale au Maroc\u00a0: Akhannouch fait l&rsquo;unanimit\u00e9 contre lui - La Sentinelle","robots":{"index":"index","follow":"follow","max-snippet":"max-snippet:-1","max-image-preview":"max-image-preview:large","max-video-preview":"max-video-preview:-1"},"canonical":"https:\/\/lasentinelle.dz\/index.php\/2022\/09\/15\/crise-sociale-au-maroc-akhannouch-fait-lunanimite-contre-lui\/","og_locale":"fr_FR","og_type":"article","og_title":"Crise sociale au Maroc\u00a0: Akhannouch fait l&rsquo;unanimit\u00e9 contre lui - La Sentinelle","og_description":"Le chef du gouvernement du Makhzen, Aziz Akhannouch, ne cesse de perdre la confiance du peuple marocain jour apr\u00e8s jour","og_url":"https:\/\/lasentinelle.dz\/index.php\/2022\/09\/15\/crise-sociale-au-maroc-akhannouch-fait-lunanimite-contre-lui\/","og_site_name":"La Sentinelle","article_publisher":"https:\/\/www.facebook.com\/La-Sentinelle-104059864394773","article_published_time":"2022-09-14T23:01:00+00:00","og_image":[{"width":1350,"height":900,"url":"https:\/\/lasentinelle.dz\/wp-content\/uploads\/2022\/09\/moh.png","type":"image\/png"}],"author":"La Sentinelle","twitter_card":"summary_large_image","twitter_misc":{"\u00c9crit par":"La Sentinelle","Dur\u00e9e de lecture estim\u00e9e":"2 minutes"},"schema":{"@context":"https:\/\/schema.org","@graph":[{"@type":"Article","@id":"https:\/\/lasentinelle.dz\/index.php\/2022\/09\/15\/crise-sociale-au-maroc-akhannouch-fait-lunanimite-contre-lui\/#article","isPartOf":{"@id":"https:\/\/lasentinelle.dz\/index.php\/2022\/09\/15\/crise-sociale-au-maroc-akhannouch-fait-lunanimite-contre-lui\/"},"author":{"name":"La Sentinelle","@id":"https:\/\/lasentinelle.dz\/#\/schema\/person\/d865044e22e70a75174ce8bcad3acfb3"},"headline":"Crise sociale au Maroc\u00a0: Akhannouch fait l&rsquo;unanimit\u00e9 contre lui","datePublished":"2022-09-14T23:01:00+00:00","mainEntityOfPage":{"@id":"https:\/\/lasentinelle.dz\/index.php\/2022\/09\/15\/crise-sociale-au-maroc-akhannouch-fait-lunanimite-contre-lui\/"},"wordCount":427,"commentCount":0,"publisher":{"@id":"https:\/\/lasentinelle.dz\/#organization"},"image":{"@id":"https:\/\/lasentinelle.dz\/index.php\/2022\/09\/15\/crise-sociale-au-maroc-akhannouch-fait-lunanimite-contre-lui\/#primaryimage"},"thumbnailUrl":"https:\/\/lasentinelle.dz\/wp-content\/uploads\/2022\/09\/moh.png","articleSection":["Monde"],"inLanguage":"fr-FR","potentialAction":[{"@type":"CommentAction","name":"Comment","target":["https:\/\/lasentinelle.dz\/index.php\/2022\/09\/15\/crise-sociale-au-maroc-akhannouch-fait-lunanimite-contre-lui\/#respond"]}]},{"@type":"WebPage","@id":"https:\/\/lasentinelle.dz\/index.php\/2022\/09\/15\/crise-sociale-au-maroc-akhannouch-fait-lunanimite-contre-lui\/","url":"https:\/\/lasentinelle.dz\/index.php\/2022\/09\/15\/crise-sociale-au-maroc-akhannouch-fait-lunanimite-contre-lui\/","name":"Crise sociale au Maroc\u00a0: Akhannouch fait l&rsquo;unanimit\u00e9 contre lui - La Sentinelle","isPartOf":{"@id":"https:\/\/lasentinelle.dz\/#website"},"primaryImageOfPage":{"@id":"https:\/\/lasentinelle.dz\/index.php\/2022\/09\/15\/crise-sociale-au-maroc-akhannouch-fait-lunanimite-contre-lui\/#primaryimage"},"image":{"@id":"https:\/\/lasentinelle.dz\/index.php\/2022\/09\/15\/crise-sociale-au-maroc-akhannouch-fait-lunanimite-contre-lui\/#primaryimage"},"thumbnailUrl":"https:\/\/lasentinelle.dz\/wp-content\/uploads\/2022\/09\/moh.png","datePublished":"2022-09-14T23:01:00+00:00","breadcrumb":{"@id":"https:\/\/lasentinelle.dz\/index.php\/2022\/09\/15\/crise-sociale-au-maroc-akhannouch-fait-lunanimite-contre-lui\/#breadcrumb"},"inLanguage":"fr-FR","potentialAction":[{"@type":"ReadAction","target":["https:\/\/lasentinelle.dz\/index.php\/2022\/09\/15\/crise-sociale-au-maroc-akhannouch-fait-lunanimite-contre-lui\/"]}]},{"@type":"ImageObject","inLanguage":"fr-FR","@id":"https:\/\/lasentinelle.dz\/index.php\/2022\/09\/15\/crise-sociale-au-maroc-akhannouch-fait-lunanimite-contre-lui\/#primaryimage","url":"https:\/\/lasentinelle.dz\/wp-content\/uploads\/2022\/09\/moh.png","contentUrl":"https:\/\/lasentinelle.dz\/wp-content\/uploads\/2022\/09\/moh.png","width":1350,"height":900},{"@type":"BreadcrumbList","@id":"https:\/\/lasentinelle.dz\/index.php\/2022\/09\/15\/crise-sociale-au-maroc-akhannouch-fait-lunanimite-contre-lui\/#breadcrumb","itemListElement":[{"@type":"ListItem","position":1,"name":"Accueil","item":"https:\/\/lasentinelle.dz\/"},{"@type":"ListItem","position":2,"name":"Crise sociale au Maroc\u00a0: Akhannouch fait l&rsquo;unanimit\u00e9 contre lui"}]},{"@type":"WebSite","@id":"https:\/\/lasentinelle.dz\/#website","url":"https:\/\/lasentinelle.dz\/","name":"La Sentinelle","description":"Quotidien national d&#039;information","publisher":{"@id":"https:\/\/lasentinelle.dz\/#organization"},"potentialAction":[{"@type":"SearchAction","target":{"@type":"EntryPoint","urlTemplate":"https:\/\/lasentinelle.dz\/?s={search_term_string}"},"query-input":{"@type":"PropertyValueSpecification","valueRequired":true,"valueName":"search_term_string"}}],"inLanguage":"fr-FR"},{"@type":"Organization","@id":"https:\/\/lasentinelle.dz\/#organization","name":"Quotidien La Sentinelle","url":"https:\/\/lasentinelle.dz\/","logo":{"@type":"ImageObject","inLanguage":"fr-FR","@id":"https:\/\/lasentinelle.dz\/#\/schema\/logo\/image\/","url":"https:\/\/lasentinelle.dz\/wp-content\/uploads\/2021\/09\/logo-sentinelleSLOGAN-1.png","contentUrl":"https:\/\/lasentinelle.dz\/wp-content\/uploads\/2021\/09\/logo-sentinelleSLOGAN-1.png","width":615,"height":142,"caption":"Quotidien La Sentinelle"},"image":{"@id":"https:\/\/lasentinelle.dz\/#\/schema\/logo\/image\/"},"sameAs":["https:\/\/www.facebook.com\/La-Sentinelle-104059864394773"]},{"@type":"Person","@id":"https:\/\/lasentinelle.dz\/#\/schema\/person\/d865044e22e70a75174ce8bcad3acfb3","name":"La Sentinelle","image":{"@type":"ImageObject","inLanguage":"fr-FR","@id":"https:\/\/secure.gravatar.com\/avatar\/57de8e5d4b15d43fb361a71fbb36338450fe67865b528a43dd10ef7c51a20392?s=96&d=mm&r=g","url":"https:\/\/secure.gravatar.com\/avatar\/57de8e5d4b15d43fb361a71fbb36338450fe67865b528a43dd10ef7c51a20392?s=96&d=mm&r=g","contentUrl":"https:\/\/secure.gravatar.com\/avatar\/57de8e5d4b15d43fb361a71fbb36338450fe67865b528a43dd10ef7c51a20392?s=96&d=mm&r=g","caption":"La Sentinelle"},"sameAs":["http:\/\/www.lasentinelle.dz"],"url":"https:\/\/lasentinelle.dz\/author\/redaction\/"}]}},"_links":{"self":[{"href":"https:\/\/lasentinelle.dz\/index.php\/wp-json\/wp\/v2\/posts\/27413","targetHints":{"allow":["GET"]}}],"collection":[{"href":"https:\/\/lasentinelle.dz\/index.php\/wp-json\/wp\/v2\/posts"}],"about":[{"href":"https:\/\/lasentinelle.dz\/index.php\/wp-json\/wp\/v2\/types\/post"}],"author":[{"embeddable":true,"href":"https:\/\/lasentinelle.dz\/index.php\/wp-json\/wp\/v2\/users\/3"}],"replies":[{"embeddable":true,"href":"https:\/\/lasentinelle.dz\/index.php\/wp-json\/wp\/v2\/comments?post=27413"}],"version-history":[{"count":1,"href":"https:\/\/lasentinelle.dz\/index.php\/wp-json\/wp\/v2\/posts\/27413\/revisions"}],"predecessor-version":[{"id":27418,"href":"https:\/\/lasentinelle.dz\/index.php\/wp-json\/wp\/v2\/posts\/27413\/revisions\/27418"}],"wp:featuredmedia":[{"embeddable":true,"href":"https:\/\/lasentinelle.dz\/index.php\/wp-json\/wp\/v2\/media\/27414"}],"wp:attachment":[{"href":"https:\/\/lasentinelle.dz\/index.php\/wp-json\/wp\/v2\/media?parent=27413"}],"wp:term":[{"taxonomy":"category","embeddable":true,"href":"https:\/\/lasentinelle.dz\/index.php\/wp-json\/wp\/v2\/categories?post=27413"},{"taxonomy":"post_tag","embeddable":true,"href":"https:\/\/lasentinelle.dz\/index.php\/wp-json\/wp\/v2\/tags?post=27413"}],"curies":[{"name":"wp","href":"https:\/\/api.w.org\/{rel}","templated":true}]}}