{"id":2742,"date":"2021-07-31T00:02:00","date_gmt":"2021-07-30T23:02:00","guid":{"rendered":"https:\/\/lasentinelle.dz\/?p=2742"},"modified":"2021-07-30T18:20:13","modified_gmt":"2021-07-30T17:20:13","slug":"judo-nourine-fier-de-sa-decision","status":"publish","type":"post","link":"https:\/\/lasentinelle.dz\/index.php\/2021\/07\/31\/judo-nourine-fier-de-sa-decision\/","title":{"rendered":"Judo : Nourine \u00ab fier \u00bb de sa d\u00e9cision"},"content":{"rendered":"\n<p>Nourine a d\u00e9clar\u00e9 forfait lors des Jeux olympiques pour ne pas avoir \u00e0 rencontrer un athl\u00e8te de l\u2019entit\u00e9 sioniste.<\/p>\n\n\n\n<p>Accueilli en h\u00e9ros, le judoka alg\u00e9rien Fethi Nourine s&rsquo;est dit \u00ab&nbsp;fier&nbsp;\u00bb d&rsquo;avoir refus\u00e9 d&rsquo;affronter un adversaire de l&rsquo;entit\u00e9 sioniste aux Jeux olympiques de Tokyo, par solidarit\u00e9 avec la cause palestinienne, \u00e0 son retour du Japon \u00e0 Alger. Nourine a d\u00e9clar\u00e9 forfait pour ne pas avoir \u00e0 rencontrer un athl\u00e8te de l\u2019entit\u00e9 sioniste. Il a \u00e9t\u00e9 suspendu par la F\u00e9d\u00e9ration internationale de judo (IJF) et son accr\u00e9ditation lui a \u00e9t\u00e9 retir\u00e9e. Il est rentr\u00e9 jeudi en Alg\u00e9rie. \u00ab&nbsp;J&rsquo;ai \u00e9t\u00e9 choqu\u00e9 quand j&rsquo;ai vu que le tirage au sort m&rsquo;opposait au judoka de l&rsquo;entit\u00e9 sioniste, que je n&rsquo;attendais pas, mais je n&rsquo;ai pas h\u00e9sit\u00e9 \u00e0 prendre la d\u00e9cision de me retirer&nbsp;\u00bb, a expliqu\u00e9 Nourine \u00e0 son arriv\u00e9e aux m\u00e9dias alg\u00e9riens. \u00ab&nbsp;J&rsquo;ai pris la d\u00e9cision avec mon entra\u00eeneur (Amar Benikhlef) et j&rsquo;en suis fier&nbsp;\u00bb, a affirm\u00e9 le judoka alg\u00e9rien, accueilli \u00e0 l&rsquo;a\u00e9roport par une petite foule de sympathisants. \u00ab&nbsp;Cette d\u00e9cision m&rsquo;honore d&rsquo;abord et honore ma famille, le peuple alg\u00e9rien et l&rsquo;Etat alg\u00e9rien, car le pr\u00e9sident Abdelmadjid Tebboune a d\u00e9clar\u00e9 que nous ne b\u00e9nissons pas la normalisation avec l&rsquo;entit\u00e9 sioniste et que nous soutenons la cause palestinienne&nbsp;\u00bb, a-t-il expliqu\u00e9. \u00ab&nbsp;Je suis heureux d&rsquo;avoir mis en col\u00e8re l&rsquo;entit\u00e9 sioniste et d&rsquo;avoir re\u00e7u des messages de soutien du monde arabe et islamique&nbsp;\u00bb, a ajout\u00e9 Nourine. Pour la F\u00e9d\u00e9ration internationale de judo, la d\u00e9cision du judoka alg\u00e9rien est \u00ab&nbsp;en totale opposition \u00e0 la philosophie&nbsp;\u00bb de l&rsquo;instance. L&rsquo;IJF a \u00ab&nbsp;une politique stricte de non-discrimination et promeut la solidarit\u00e9 comme principe fondamental&nbsp;\u00bb. Ce n&rsquo;est pas la premi\u00e8re fois que Nourine se retire d&rsquo;une comp\u00e9tition pour ces raisons. Il avait \u00e9galement agi de la sorte lors des Mondiaux-2019 de Tokyo. Depuis son ind\u00e9pendance en 1962, l&rsquo;Alg\u00e9rie a pris fait et cause pour \u00ab&nbsp;le droit des peuples \u00e0 l&rsquo;autod\u00e9termination&nbsp;\u00bb, en particulier celui des Palestiniens, dont elle est un des soutiens historiques. La d\u00e9cision de Nourine, tr\u00e8s comment\u00e9e sur les r\u00e9seaux sociaux, a d\u00e9clench\u00e9 des d\u00e9bats passionn\u00e9s en Alg\u00e9rie.<\/p>\n\n\n\n<p><strong>R. S.<\/strong><\/p>\n\n\n\n<h1 class=\"wp-block-heading\">Asselah cale d\u2019entr\u00e9e<\/h1>\n\n\n\n<p>La judokate alg\u00e9rienne Sonia Asselah, a \u00e9t\u00e9 \u00e9limin\u00e9e d\u00e8s son entr\u00e9e en lice, aux Jeux olympiques JO-2020 de Tokyo, en s&rsquo;inclinant hier face \u00e0 l&rsquo;Ukrainienne Kalanina Yelyzaveta, en 16es de finale de la cat\u00e9gorie des +78 kg. Ayant re\u00e7u deux p\u00e9nalit\u00e9s au cours de son combat, Asselah s&rsquo;est inclin\u00e9e par ippon face \u00e0 la 15e mondiale. Pour rappel, le judo alg\u00e9rien \u00e9tait repr\u00e9sent\u00e9 aux JO-2020 par Sonia Asselah (+78) et Fethi Nourine (-73 kg).&nbsp;<\/p>\n\n\n\n<h2 class=\"wp-block-heading\">APS<\/h2>\n","protected":false},"excerpt":{"rendered":"<p>Nourine a d\u00e9clar\u00e9 forfait lors des Jeux olympiques pour ne pas avoir \u00e0 rencontrer un athl\u00e8te de l\u2019entit\u00e9 sioniste. Accueilli<\/p>\n","protected":false},"author":3,"featured_media":2791,"comment_status":"open","ping_status":"closed","sticky":false,"template":"","format":"standard","meta":{"colormag_page_container_layout":"default_layout","colormag_page_sidebar_layout":"default_layout","om_disable_all_campaigns":false,"_monsterinsights_skip_tracking":false,"_monsterinsights_sitenote_active":false,"_monsterinsights_sitenote_note":"","_monsterinsights_sitenote_category":0,"footnotes":"","_wpscppro_dont_share_socialmedia":false,"_wpscppro_custom_social_share_image":0,"_facebook_share_type":"","_twitter_share_type":"","_linkedin_share_type":"","_pinterest_share_type":"","_linkedin_share_type_page":"","_instagram_share_type":"","_medium_share_type":"","_threads_share_type":"","_google_business_share_type":"","_selected_social_profile":[],"_wpsp_enable_custom_social_template":false,"_wpsp_social_scheduling":{"enabled":false,"datetime":null,"platforms":[],"status":"template_only","dateOption":"today","timeOption":"now","customDays":"","customHours":"","customDate":"","customTime":"","schedulingType":"absolute"},"_wpsp_active_default_template":true},"categories":[52,33],"tags":[],"class_list":["post-2742","post","type-post","status-publish","format-standard","has-post-thumbnail","hentry","category-a-la-une","category-sports"],"aioseo_notices":[],"yoast_head":"<!-- This site is optimized with the Yoast SEO plugin v27.5 - https:\/\/yoast.com\/product\/yoast-seo-wordpress\/ -->\n<title>Judo : Nourine \u00ab fier \u00bb de sa d\u00e9cision - La Sentinelle<\/title>\n<meta name=\"robots\" content=\"index, follow, max-snippet:-1, max-image-preview:large, max-video-preview:-1\" \/>\n<link rel=\"canonical\" href=\"https:\/\/lasentinelle.dz\/index.php\/2021\/07\/31\/judo-nourine-fier-de-sa-decision\/\" \/>\n<meta property=\"og:locale\" content=\"fr_FR\" \/>\n<meta property=\"og:type\" content=\"article\" \/>\n<meta property=\"og:title\" content=\"Judo : Nourine \u00ab fier \u00bb de sa d\u00e9cision - La Sentinelle\" \/>\n<meta property=\"og:description\" content=\"Nourine a d\u00e9clar\u00e9 forfait lors des Jeux olympiques pour ne pas avoir \u00e0 rencontrer un athl\u00e8te de l\u2019entit\u00e9 sioniste. Accueilli\" \/>\n<meta property=\"og:url\" content=\"https:\/\/lasentinelle.dz\/index.php\/2021\/07\/31\/judo-nourine-fier-de-sa-decision\/\" \/>\n<meta property=\"og:site_name\" content=\"La Sentinelle\" \/>\n<meta property=\"article:publisher\" content=\"https:\/\/www.facebook.com\/La-Sentinelle-104059864394773\" \/>\n<meta property=\"article:published_time\" content=\"2021-07-30T23:02:00+00:00\" \/>\n<meta property=\"og:image\" content=\"https:\/\/lasentinelle.dz\/wp-content\/uploads\/2021\/07\/nourine-2.png\" \/>\n\t<meta property=\"og:image:width\" content=\"1200\" \/>\n\t<meta property=\"og:image:height\" content=\"900\" \/>\n\t<meta property=\"og:image:type\" content=\"image\/png\" \/>\n<meta name=\"author\" content=\"La Sentinelle\" \/>\n<meta name=\"twitter:card\" content=\"summary_large_image\" \/>\n<meta name=\"twitter:label1\" content=\"\u00c9crit par\" \/>\n\t<meta name=\"twitter:data1\" content=\"La Sentinelle\" \/>\n\t<meta name=\"twitter:label2\" content=\"Dur\u00e9e de lecture estim\u00e9e\" \/>\n\t<meta name=\"twitter:data2\" content=\"2 minutes\" \/>\n<script type=\"application\/ld+json\" class=\"yoast-schema-graph\">{\"@context\":\"https:\\\/\\\/schema.org\",\"@graph\":[{\"@type\":\"Article\",\"@id\":\"https:\\\/\\\/lasentinelle.dz\\\/index.php\\\/2021\\\/07\\\/31\\\/judo-nourine-fier-de-sa-decision\\\/#article\",\"isPartOf\":{\"@id\":\"https:\\\/\\\/lasentinelle.dz\\\/index.php\\\/2021\\\/07\\\/31\\\/judo-nourine-fier-de-sa-decision\\\/\"},\"author\":{\"name\":\"La Sentinelle\",\"@id\":\"https:\\\/\\\/lasentinelle.dz\\\/#\\\/schema\\\/person\\\/d865044e22e70a75174ce8bcad3acfb3\"},\"headline\":\"Judo : Nourine \u00ab fier \u00bb de sa d\u00e9cision\",\"datePublished\":\"2021-07-30T23:02:00+00:00\",\"mainEntityOfPage\":{\"@id\":\"https:\\\/\\\/lasentinelle.dz\\\/index.php\\\/2021\\\/07\\\/31\\\/judo-nourine-fier-de-sa-decision\\\/\"},\"wordCount\":515,\"commentCount\":0,\"publisher\":{\"@id\":\"https:\\\/\\\/lasentinelle.dz\\\/#organization\"},\"image\":{\"@id\":\"https:\\\/\\\/lasentinelle.dz\\\/index.php\\\/2021\\\/07\\\/31\\\/judo-nourine-fier-de-sa-decision\\\/#primaryimage\"},\"thumbnailUrl\":\"https:\\\/\\\/lasentinelle.dz\\\/wp-content\\\/uploads\\\/2021\\\/07\\\/nourine-2.png\",\"articleSection\":[\"\u00c0 la Une\",\"Sports\"],\"inLanguage\":\"fr-FR\",\"potentialAction\":[{\"@type\":\"CommentAction\",\"name\":\"Comment\",\"target\":[\"https:\\\/\\\/lasentinelle.dz\\\/index.php\\\/2021\\\/07\\\/31\\\/judo-nourine-fier-de-sa-decision\\\/#respond\"]}]},{\"@type\":\"WebPage\",\"@id\":\"https:\\\/\\\/lasentinelle.dz\\\/index.php\\\/2021\\\/07\\\/31\\\/judo-nourine-fier-de-sa-decision\\\/\",\"url\":\"https:\\\/\\\/lasentinelle.dz\\\/index.php\\\/2021\\\/07\\\/31\\\/judo-nourine-fier-de-sa-decision\\\/\",\"name\":\"Judo : Nourine \u00ab fier \u00bb de sa d\u00e9cision - La Sentinelle\",\"isPartOf\":{\"@id\":\"https:\\\/\\\/lasentinelle.dz\\\/#website\"},\"primaryImageOfPage\":{\"@id\":\"https:\\\/\\\/lasentinelle.dz\\\/index.php\\\/2021\\\/07\\\/31\\\/judo-nourine-fier-de-sa-decision\\\/#primaryimage\"},\"image\":{\"@id\":\"https:\\\/\\\/lasentinelle.dz\\\/index.php\\\/2021\\\/07\\\/31\\\/judo-nourine-fier-de-sa-decision\\\/#primaryimage\"},\"thumbnailUrl\":\"https:\\\/\\\/lasentinelle.dz\\\/wp-content\\\/uploads\\\/2021\\\/07\\\/nourine-2.png\",\"datePublished\":\"2021-07-30T23:02:00+00:00\",\"breadcrumb\":{\"@id\":\"https:\\\/\\\/lasentinelle.dz\\\/index.php\\\/2021\\\/07\\\/31\\\/judo-nourine-fier-de-sa-decision\\\/#breadcrumb\"},\"inLanguage\":\"fr-FR\",\"potentialAction\":[{\"@type\":\"ReadAction\",\"target\":[\"https:\\\/\\\/lasentinelle.dz\\\/index.php\\\/2021\\\/07\\\/31\\\/judo-nourine-fier-de-sa-decision\\\/\"]}]},{\"@type\":\"ImageObject\",\"inLanguage\":\"fr-FR\",\"@id\":\"https:\\\/\\\/lasentinelle.dz\\\/index.php\\\/2021\\\/07\\\/31\\\/judo-nourine-fier-de-sa-decision\\\/#primaryimage\",\"url\":\"https:\\\/\\\/lasentinelle.dz\\\/wp-content\\\/uploads\\\/2021\\\/07\\\/nourine-2.png\",\"contentUrl\":\"https:\\\/\\\/lasentinelle.dz\\\/wp-content\\\/uploads\\\/2021\\\/07\\\/nourine-2.png\",\"width\":1200,\"height\":900},{\"@type\":\"BreadcrumbList\",\"@id\":\"https:\\\/\\\/lasentinelle.dz\\\/index.php\\\/2021\\\/07\\\/31\\\/judo-nourine-fier-de-sa-decision\\\/#breadcrumb\",\"itemListElement\":[{\"@type\":\"ListItem\",\"position\":1,\"name\":\"Accueil\",\"item\":\"https:\\\/\\\/lasentinelle.dz\\\/\"},{\"@type\":\"ListItem\",\"position\":2,\"name\":\"Judo : Nourine \u00ab fier \u00bb de sa d\u00e9cision\"}]},{\"@type\":\"WebSite\",\"@id\":\"https:\\\/\\\/lasentinelle.dz\\\/#website\",\"url\":\"https:\\\/\\\/lasentinelle.dz\\\/\",\"name\":\"La Sentinelle\",\"description\":\"Quotidien national d&#039;information\",\"publisher\":{\"@id\":\"https:\\\/\\\/lasentinelle.dz\\\/#organization\"},\"potentialAction\":[{\"@type\":\"SearchAction\",\"target\":{\"@type\":\"EntryPoint\",\"urlTemplate\":\"https:\\\/\\\/lasentinelle.dz\\\/?s={search_term_string}\"},\"query-input\":{\"@type\":\"PropertyValueSpecification\",\"valueRequired\":true,\"valueName\":\"search_term_string\"}}],\"inLanguage\":\"fr-FR\"},{\"@type\":\"Organization\",\"@id\":\"https:\\\/\\\/lasentinelle.dz\\\/#organization\",\"name\":\"Quotidien La Sentinelle\",\"url\":\"https:\\\/\\\/lasentinelle.dz\\\/\",\"logo\":{\"@type\":\"ImageObject\",\"inLanguage\":\"fr-FR\",\"@id\":\"https:\\\/\\\/lasentinelle.dz\\\/#\\\/schema\\\/logo\\\/image\\\/\",\"url\":\"https:\\\/\\\/lasentinelle.dz\\\/wp-content\\\/uploads\\\/2021\\\/09\\\/logo-sentinelleSLOGAN-1.png\",\"contentUrl\":\"https:\\\/\\\/lasentinelle.dz\\\/wp-content\\\/uploads\\\/2021\\\/09\\\/logo-sentinelleSLOGAN-1.png\",\"width\":615,\"height\":142,\"caption\":\"Quotidien La Sentinelle\"},\"image\":{\"@id\":\"https:\\\/\\\/lasentinelle.dz\\\/#\\\/schema\\\/logo\\\/image\\\/\"},\"sameAs\":[\"https:\\\/\\\/www.facebook.com\\\/La-Sentinelle-104059864394773\"]},{\"@type\":\"Person\",\"@id\":\"https:\\\/\\\/lasentinelle.dz\\\/#\\\/schema\\\/person\\\/d865044e22e70a75174ce8bcad3acfb3\",\"name\":\"La Sentinelle\",\"image\":{\"@type\":\"ImageObject\",\"inLanguage\":\"fr-FR\",\"@id\":\"https:\\\/\\\/secure.gravatar.com\\\/avatar\\\/57de8e5d4b15d43fb361a71fbb36338450fe67865b528a43dd10ef7c51a20392?s=96&d=mm&r=g\",\"url\":\"https:\\\/\\\/secure.gravatar.com\\\/avatar\\\/57de8e5d4b15d43fb361a71fbb36338450fe67865b528a43dd10ef7c51a20392?s=96&d=mm&r=g\",\"contentUrl\":\"https:\\\/\\\/secure.gravatar.com\\\/avatar\\\/57de8e5d4b15d43fb361a71fbb36338450fe67865b528a43dd10ef7c51a20392?s=96&d=mm&r=g\",\"caption\":\"La Sentinelle\"},\"sameAs\":[\"http:\\\/\\\/www.lasentinelle.dz\"],\"url\":\"https:\\\/\\\/lasentinelle.dz\\\/author\\\/redaction\\\/\"}]}<\/script>\n<!-- \/ Yoast SEO plugin. -->","yoast_head_json":{"title":"Judo : Nourine \u00ab fier \u00bb de sa d\u00e9cision - La Sentinelle","robots":{"index":"index","follow":"follow","max-snippet":"max-snippet:-1","max-image-preview":"max-image-preview:large","max-video-preview":"max-video-preview:-1"},"canonical":"https:\/\/lasentinelle.dz\/index.php\/2021\/07\/31\/judo-nourine-fier-de-sa-decision\/","og_locale":"fr_FR","og_type":"article","og_title":"Judo : Nourine \u00ab fier \u00bb de sa d\u00e9cision - La Sentinelle","og_description":"Nourine a d\u00e9clar\u00e9 forfait lors des Jeux olympiques pour ne pas avoir \u00e0 rencontrer un athl\u00e8te de l\u2019entit\u00e9 sioniste. Accueilli","og_url":"https:\/\/lasentinelle.dz\/index.php\/2021\/07\/31\/judo-nourine-fier-de-sa-decision\/","og_site_name":"La Sentinelle","article_publisher":"https:\/\/www.facebook.com\/La-Sentinelle-104059864394773","article_published_time":"2021-07-30T23:02:00+00:00","og_image":[{"width":1200,"height":900,"url":"https:\/\/lasentinelle.dz\/wp-content\/uploads\/2021\/07\/nourine-2.png","type":"image\/png"}],"author":"La Sentinelle","twitter_card":"summary_large_image","twitter_misc":{"\u00c9crit par":"La Sentinelle","Dur\u00e9e de lecture estim\u00e9e":"2 minutes"},"schema":{"@context":"https:\/\/schema.org","@graph":[{"@type":"Article","@id":"https:\/\/lasentinelle.dz\/index.php\/2021\/07\/31\/judo-nourine-fier-de-sa-decision\/#article","isPartOf":{"@id":"https:\/\/lasentinelle.dz\/index.php\/2021\/07\/31\/judo-nourine-fier-de-sa-decision\/"},"author":{"name":"La Sentinelle","@id":"https:\/\/lasentinelle.dz\/#\/schema\/person\/d865044e22e70a75174ce8bcad3acfb3"},"headline":"Judo : Nourine \u00ab fier \u00bb de sa d\u00e9cision","datePublished":"2021-07-30T23:02:00+00:00","mainEntityOfPage":{"@id":"https:\/\/lasentinelle.dz\/index.php\/2021\/07\/31\/judo-nourine-fier-de-sa-decision\/"},"wordCount":515,"commentCount":0,"publisher":{"@id":"https:\/\/lasentinelle.dz\/#organization"},"image":{"@id":"https:\/\/lasentinelle.dz\/index.php\/2021\/07\/31\/judo-nourine-fier-de-sa-decision\/#primaryimage"},"thumbnailUrl":"https:\/\/lasentinelle.dz\/wp-content\/uploads\/2021\/07\/nourine-2.png","articleSection":["\u00c0 la Une","Sports"],"inLanguage":"fr-FR","potentialAction":[{"@type":"CommentAction","name":"Comment","target":["https:\/\/lasentinelle.dz\/index.php\/2021\/07\/31\/judo-nourine-fier-de-sa-decision\/#respond"]}]},{"@type":"WebPage","@id":"https:\/\/lasentinelle.dz\/index.php\/2021\/07\/31\/judo-nourine-fier-de-sa-decision\/","url":"https:\/\/lasentinelle.dz\/index.php\/2021\/07\/31\/judo-nourine-fier-de-sa-decision\/","name":"Judo : Nourine \u00ab fier \u00bb de sa d\u00e9cision - La Sentinelle","isPartOf":{"@id":"https:\/\/lasentinelle.dz\/#website"},"primaryImageOfPage":{"@id":"https:\/\/lasentinelle.dz\/index.php\/2021\/07\/31\/judo-nourine-fier-de-sa-decision\/#primaryimage"},"image":{"@id":"https:\/\/lasentinelle.dz\/index.php\/2021\/07\/31\/judo-nourine-fier-de-sa-decision\/#primaryimage"},"thumbnailUrl":"https:\/\/lasentinelle.dz\/wp-content\/uploads\/2021\/07\/nourine-2.png","datePublished":"2021-07-30T23:02:00+00:00","breadcrumb":{"@id":"https:\/\/lasentinelle.dz\/index.php\/2021\/07\/31\/judo-nourine-fier-de-sa-decision\/#breadcrumb"},"inLanguage":"fr-FR","potentialAction":[{"@type":"ReadAction","target":["https:\/\/lasentinelle.dz\/index.php\/2021\/07\/31\/judo-nourine-fier-de-sa-decision\/"]}]},{"@type":"ImageObject","inLanguage":"fr-FR","@id":"https:\/\/lasentinelle.dz\/index.php\/2021\/07\/31\/judo-nourine-fier-de-sa-decision\/#primaryimage","url":"https:\/\/lasentinelle.dz\/wp-content\/uploads\/2021\/07\/nourine-2.png","contentUrl":"https:\/\/lasentinelle.dz\/wp-content\/uploads\/2021\/07\/nourine-2.png","width":1200,"height":900},{"@type":"BreadcrumbList","@id":"https:\/\/lasentinelle.dz\/index.php\/2021\/07\/31\/judo-nourine-fier-de-sa-decision\/#breadcrumb","itemListElement":[{"@type":"ListItem","position":1,"name":"Accueil","item":"https:\/\/lasentinelle.dz\/"},{"@type":"ListItem","position":2,"name":"Judo : Nourine \u00ab fier \u00bb de sa d\u00e9cision"}]},{"@type":"WebSite","@id":"https:\/\/lasentinelle.dz\/#website","url":"https:\/\/lasentinelle.dz\/","name":"La Sentinelle","description":"Quotidien national d&#039;information","publisher":{"@id":"https:\/\/lasentinelle.dz\/#organization"},"potentialAction":[{"@type":"SearchAction","target":{"@type":"EntryPoint","urlTemplate":"https:\/\/lasentinelle.dz\/?s={search_term_string}"},"query-input":{"@type":"PropertyValueSpecification","valueRequired":true,"valueName":"search_term_string"}}],"inLanguage":"fr-FR"},{"@type":"Organization","@id":"https:\/\/lasentinelle.dz\/#organization","name":"Quotidien La Sentinelle","url":"https:\/\/lasentinelle.dz\/","logo":{"@type":"ImageObject","inLanguage":"fr-FR","@id":"https:\/\/lasentinelle.dz\/#\/schema\/logo\/image\/","url":"https:\/\/lasentinelle.dz\/wp-content\/uploads\/2021\/09\/logo-sentinelleSLOGAN-1.png","contentUrl":"https:\/\/lasentinelle.dz\/wp-content\/uploads\/2021\/09\/logo-sentinelleSLOGAN-1.png","width":615,"height":142,"caption":"Quotidien La Sentinelle"},"image":{"@id":"https:\/\/lasentinelle.dz\/#\/schema\/logo\/image\/"},"sameAs":["https:\/\/www.facebook.com\/La-Sentinelle-104059864394773"]},{"@type":"Person","@id":"https:\/\/lasentinelle.dz\/#\/schema\/person\/d865044e22e70a75174ce8bcad3acfb3","name":"La Sentinelle","image":{"@type":"ImageObject","inLanguage":"fr-FR","@id":"https:\/\/secure.gravatar.com\/avatar\/57de8e5d4b15d43fb361a71fbb36338450fe67865b528a43dd10ef7c51a20392?s=96&d=mm&r=g","url":"https:\/\/secure.gravatar.com\/avatar\/57de8e5d4b15d43fb361a71fbb36338450fe67865b528a43dd10ef7c51a20392?s=96&d=mm&r=g","contentUrl":"https:\/\/secure.gravatar.com\/avatar\/57de8e5d4b15d43fb361a71fbb36338450fe67865b528a43dd10ef7c51a20392?s=96&d=mm&r=g","caption":"La Sentinelle"},"sameAs":["http:\/\/www.lasentinelle.dz"],"url":"https:\/\/lasentinelle.dz\/author\/redaction\/"}]}},"_links":{"self":[{"href":"https:\/\/lasentinelle.dz\/index.php\/wp-json\/wp\/v2\/posts\/2742","targetHints":{"allow":["GET"]}}],"collection":[{"href":"https:\/\/lasentinelle.dz\/index.php\/wp-json\/wp\/v2\/posts"}],"about":[{"href":"https:\/\/lasentinelle.dz\/index.php\/wp-json\/wp\/v2\/types\/post"}],"author":[{"embeddable":true,"href":"https:\/\/lasentinelle.dz\/index.php\/wp-json\/wp\/v2\/users\/3"}],"replies":[{"embeddable":true,"href":"https:\/\/lasentinelle.dz\/index.php\/wp-json\/wp\/v2\/comments?post=2742"}],"version-history":[{"count":1,"href":"https:\/\/lasentinelle.dz\/index.php\/wp-json\/wp\/v2\/posts\/2742\/revisions"}],"predecessor-version":[{"id":2803,"href":"https:\/\/lasentinelle.dz\/index.php\/wp-json\/wp\/v2\/posts\/2742\/revisions\/2803"}],"wp:featuredmedia":[{"embeddable":true,"href":"https:\/\/lasentinelle.dz\/index.php\/wp-json\/wp\/v2\/media\/2791"}],"wp:attachment":[{"href":"https:\/\/lasentinelle.dz\/index.php\/wp-json\/wp\/v2\/media?parent=2742"}],"wp:term":[{"taxonomy":"category","embeddable":true,"href":"https:\/\/lasentinelle.dz\/index.php\/wp-json\/wp\/v2\/categories?post=2742"},{"taxonomy":"post_tag","embeddable":true,"href":"https:\/\/lasentinelle.dz\/index.php\/wp-json\/wp\/v2\/tags?post=2742"}],"curies":[{"name":"wp","href":"https:\/\/api.w.org\/{rel}","templated":true}]}}