{"id":27433,"date":"2022-09-15T00:08:00","date_gmt":"2022-09-14T23:08:00","guid":{"rendered":"https:\/\/lasentinelle.dz\/?p=27433"},"modified":"2022-09-14T21:21:06","modified_gmt":"2022-09-14T20:21:06","slug":"peche-de-la-sardine-dans-lest-du-pays-des-infractions-a-la-pelle","status":"publish","type":"post","link":"https:\/\/lasentinelle.dz\/index.php\/2022\/09\/15\/peche-de-la-sardine-dans-lest-du-pays-des-infractions-a-la-pelle\/","title":{"rendered":"P\u00eache de la sardine dans l\u2019est du pays\u00a0: Des infractions \u00e0 la pelle"},"content":{"rendered":"\n<p>La sardine se rar\u00e9fie dans les eaux des villes c\u00f4ti\u00e8res du pays. Les graves d\u00e9passements, occasionn\u00e9s par les armateurs et marins p\u00eacheurs qui utilisent des filets aux fines mailles, affectent les ressources.<\/p>\n\n\n\n<p>En d\u00e9pit du d\u00e9cret ex\u00e9cutif du 20 mars 2000 portant r\u00e9glementation de la taille de p\u00eache de la sardine, de graves d\u00e9passements&nbsp; affectent ce produit halieutique dans le pays notamment dans les wilayas de l\u2019Est. De nombreux p\u00eacheurs irresponsables font des prises de sardines, dont la taille ne d\u00e9passe pas les 5cm de long et la mettent en vente sur les march\u00e9s.&nbsp; Depuis plusieurs jours la commercialisation de la sardine qui n\u2019a m\u00eame pas atteint sa taille de maturit\u00e9 se fait plus fr\u00e9quente sur les \u00e9tales des poissonneries dans les diff\u00e9rentes villes du pays, notamment les villes c\u00f4ti\u00e8res, Annaba, El Kala, Chlef , Skikda et Mostaganem entre autres.&nbsp; C\u2019est un v\u00e9ritable massacre qui perp\u00e9tr\u00e9 sur cette ressource halieutique, que les services de contr\u00f4le ne semblent pas remarquer ! \u00c0 l&rsquo;issue de cette absence de rigueur du contr\u00f4le, les sardiniers et marins p\u00eacheurs foulent au pied la r\u00e9glementation en vigueur et mettent en p\u00e9ril la p\u00e9rennit\u00e9 de ce poisson bleu. Outre l\u2019inconscience de l&rsquo;impact de leur comportement, les p\u00eacheurs&nbsp; continuent d\u2019utiliser des filets \u00e0 mailles tr\u00e8s \u00e9troites, pourtant interdits pour p\u00eacher de petites sardines n\u2019ayant pas encore atteint la taille de d\u00e9veloppement retenue dans la r\u00e9glementation. Le constat est g\u00e9n\u00e9ral dans les diff\u00e9rents espaces de vente pour remarquer une sardine, dont le calibre ne d\u00e9passe pas les 5 ou 6 cm, mise en vente \u00e0 350 et 400 DA. Une aubaine pour les moyennes bourses. Or, la consommation de ce type de sardines, outre qu\u2019elle est nocive pour la sant\u00e9&nbsp; du consommateur, est \u00e9galement un risque majeur pour la p\u00e9rennit\u00e9 de l\u2019esp\u00e8ce.&nbsp; Une situation sur laquelle des sp\u00e9cialistes ont, depuis quelques ann\u00e9es d\u00e9j\u00e0, tir\u00e9 la sonnette d\u2019alarme, pour interpeller sur&nbsp; rarrification de la sardine&nbsp; dans les eaux de la m\u00e9diterran\u00e9e. Notons que cette atteinte \u00e0 l\u2019\u00e9cosyst\u00e8me maritime touche plusieurs autres&nbsp; espaces halieutiques. Pour l\u2019heure c\u2019est la sardine, ce poisson bleu, dont la p\u00e9riode&nbsp; pour sa pr\u00e9servation n\u2019est aucunement respect\u00e9e par certains sardiniers et marins p\u00eacheurs. Bien que la r\u00e9glementation en vigueur r\u00e9gissant le secteur de la p\u00eache, dans le but de pr\u00e9server les ressources halieutiques, stipule qu\u2019en cas de violation de la p\u00e9riode de repos biologique et de maturit\u00e9 des petits poissons, la sardine entre autres, les contrevenants seront passibles de sanctions allant de 3 mois \u00e0 1 an d\u2019emprisonnement ferme et d\u2019une amende de 200 000 \u00e0 1 million de dinars, notamment la p\u00eache dans les zones interdites. Or, au vu de la p\u00eache intensive de la petite sardine, tout porte \u00e0 croire que le contr\u00f4le encore moins la r\u00e9glementation sont ignor\u00e9s, voire&nbsp; bafou\u00e9s. Puisque les chalutiers et sardiniers n\u2019ont pas cess\u00e9 leur activit\u00e9 durant la p\u00e9riode limit\u00e9e pour le repos biologique et croissance de certaines esp\u00e8ces halieutiques dont la sardine. Chaque ann\u00e9e on enregistre des infractions li\u00e9es au non-respect de la p\u00e9riode de repos biologique et \u00e0 la p\u00eache dans des zones interdites, souvent accompagn\u00e9es du non-respect de la taille marchande du poisson. Des d\u00e9passements qui impactent lourdement la reproduction et le d\u00e9veloppement complet de la sardine. Un fait tr\u00e8s&nbsp; inqui\u00e9tant puisqu\u2019il y va de l\u2019ass\u00e8chement des r\u00e9serves halieutiques, dont l\u2019extinction de l\u2019esp\u00e8ce, la sardine en l\u2019occurrence.&nbsp; Pour certains professionnels de la p\u00eache&nbsp; sans foi ni loi, la p\u00eache&nbsp; et la vente de la petite sardine est synonyme de manque \u00e0 gagner. Cette p\u00eache est destructrice&nbsp; pour la ressource halieutique, outre son caract\u00e8re non r\u00e9glementaire, car la sardine est emp\u00each\u00e9e d\u2019atteindre sa maturit\u00e9 qui est entre 10 et 11 cm, elle entrave \u00e9galement son cycle de reproduction.<\/p>\n\n\n\n<p>Sofia Chahine<\/p>\n","protected":false},"excerpt":{"rendered":"<p>La sardine se rar\u00e9fie dans les eaux des villes c\u00f4ti\u00e8res du pays. Les graves d\u00e9passements, occasionn\u00e9s par les armateurs et<\/p>\n","protected":false},"author":3,"featured_media":19327,"comment_status":"open","ping_status":"closed","sticky":false,"template":"","format":"standard","meta":{"colormag_page_container_layout":"default_layout","colormag_page_sidebar_layout":"default_layout","om_disable_all_campaigns":false,"_monsterinsights_skip_tracking":false,"_monsterinsights_sitenote_active":false,"_monsterinsights_sitenote_note":"","_monsterinsights_sitenote_category":0,"footnotes":"","_wpscppro_dont_share_socialmedia":false,"_wpscppro_custom_social_share_image":0,"_facebook_share_type":"","_twitter_share_type":"","_linkedin_share_type":"","_pinterest_share_type":"","_linkedin_share_type_page":"","_instagram_share_type":"","_medium_share_type":"","_threads_share_type":"","_google_business_share_type":"","_selected_social_profile":[],"_wpsp_enable_custom_social_template":false,"_wpsp_social_scheduling":{"enabled":false,"datetime":null,"platforms":[],"status":"template_only","dateOption":"today","timeOption":"now","customDays":"","customHours":"","customDate":"","customTime":"","schedulingType":"absolute"},"_wpsp_active_default_template":true},"categories":[52,31],"tags":[],"class_list":["post-27433","post","type-post","status-publish","format-standard","has-post-thumbnail","hentry","category-a-la-une","category-regions"],"aioseo_notices":[],"yoast_head":"<!-- This site is optimized with the Yoast SEO plugin v27.5 - https:\/\/yoast.com\/product\/yoast-seo-wordpress\/ -->\n<title>P\u00eache de la sardine dans l\u2019est du pays\u00a0: Des infractions \u00e0 la pelle - La Sentinelle<\/title>\n<meta name=\"robots\" content=\"index, follow, max-snippet:-1, max-image-preview:large, max-video-preview:-1\" \/>\n<link rel=\"canonical\" href=\"https:\/\/lasentinelle.dz\/index.php\/2022\/09\/15\/peche-de-la-sardine-dans-lest-du-pays-des-infractions-a-la-pelle\/\" \/>\n<meta property=\"og:locale\" content=\"fr_FR\" \/>\n<meta property=\"og:type\" content=\"article\" \/>\n<meta property=\"og:title\" content=\"P\u00eache de la sardine dans l\u2019est du pays\u00a0: Des infractions \u00e0 la pelle - La Sentinelle\" \/>\n<meta property=\"og:description\" content=\"La sardine se rar\u00e9fie dans les eaux des villes c\u00f4ti\u00e8res du pays. Les graves d\u00e9passements, occasionn\u00e9s par les armateurs et\" \/>\n<meta property=\"og:url\" content=\"https:\/\/lasentinelle.dz\/index.php\/2022\/09\/15\/peche-de-la-sardine-dans-lest-du-pays-des-infractions-a-la-pelle\/\" \/>\n<meta property=\"og:site_name\" content=\"La Sentinelle\" \/>\n<meta property=\"article:publisher\" content=\"https:\/\/www.facebook.com\/La-Sentinelle-104059864394773\" \/>\n<meta property=\"article:published_time\" content=\"2022-09-14T23:08:00+00:00\" \/>\n<meta property=\"og:image\" content=\"https:\/\/lasentinelle.dz\/wp-content\/uploads\/2022\/04\/peche.png\" \/>\n\t<meta property=\"og:image:width\" content=\"1491\" \/>\n\t<meta property=\"og:image:height\" content=\"900\" \/>\n\t<meta property=\"og:image:type\" content=\"image\/png\" \/>\n<meta name=\"author\" content=\"La Sentinelle\" \/>\n<meta name=\"twitter:card\" content=\"summary_large_image\" \/>\n<meta name=\"twitter:label1\" content=\"\u00c9crit par\" \/>\n\t<meta name=\"twitter:data1\" content=\"La Sentinelle\" \/>\n\t<meta name=\"twitter:label2\" content=\"Dur\u00e9e de lecture estim\u00e9e\" \/>\n\t<meta name=\"twitter:data2\" content=\"4 minutes\" \/>\n<script type=\"application\/ld+json\" class=\"yoast-schema-graph\">{\"@context\":\"https:\\\/\\\/schema.org\",\"@graph\":[{\"@type\":\"Article\",\"@id\":\"https:\\\/\\\/lasentinelle.dz\\\/index.php\\\/2022\\\/09\\\/15\\\/peche-de-la-sardine-dans-lest-du-pays-des-infractions-a-la-pelle\\\/#article\",\"isPartOf\":{\"@id\":\"https:\\\/\\\/lasentinelle.dz\\\/index.php\\\/2022\\\/09\\\/15\\\/peche-de-la-sardine-dans-lest-du-pays-des-infractions-a-la-pelle\\\/\"},\"author\":{\"name\":\"La Sentinelle\",\"@id\":\"https:\\\/\\\/lasentinelle.dz\\\/#\\\/schema\\\/person\\\/d865044e22e70a75174ce8bcad3acfb3\"},\"headline\":\"P\u00eache de la sardine dans l\u2019est du pays\u00a0: Des infractions \u00e0 la pelle\",\"datePublished\":\"2022-09-14T23:08:00+00:00\",\"mainEntityOfPage\":{\"@id\":\"https:\\\/\\\/lasentinelle.dz\\\/index.php\\\/2022\\\/09\\\/15\\\/peche-de-la-sardine-dans-lest-du-pays-des-infractions-a-la-pelle\\\/\"},\"wordCount\":725,\"commentCount\":0,\"publisher\":{\"@id\":\"https:\\\/\\\/lasentinelle.dz\\\/#organization\"},\"image\":{\"@id\":\"https:\\\/\\\/lasentinelle.dz\\\/index.php\\\/2022\\\/09\\\/15\\\/peche-de-la-sardine-dans-lest-du-pays-des-infractions-a-la-pelle\\\/#primaryimage\"},\"thumbnailUrl\":\"https:\\\/\\\/lasentinelle.dz\\\/wp-content\\\/uploads\\\/2022\\\/04\\\/peche.png\",\"articleSection\":[\"\u00c0 la Une\",\"R\u00e9gions\"],\"inLanguage\":\"fr-FR\",\"potentialAction\":[{\"@type\":\"CommentAction\",\"name\":\"Comment\",\"target\":[\"https:\\\/\\\/lasentinelle.dz\\\/index.php\\\/2022\\\/09\\\/15\\\/peche-de-la-sardine-dans-lest-du-pays-des-infractions-a-la-pelle\\\/#respond\"]}]},{\"@type\":\"WebPage\",\"@id\":\"https:\\\/\\\/lasentinelle.dz\\\/index.php\\\/2022\\\/09\\\/15\\\/peche-de-la-sardine-dans-lest-du-pays-des-infractions-a-la-pelle\\\/\",\"url\":\"https:\\\/\\\/lasentinelle.dz\\\/index.php\\\/2022\\\/09\\\/15\\\/peche-de-la-sardine-dans-lest-du-pays-des-infractions-a-la-pelle\\\/\",\"name\":\"P\u00eache de la sardine dans l\u2019est du pays\u00a0: Des infractions \u00e0 la pelle - La Sentinelle\",\"isPartOf\":{\"@id\":\"https:\\\/\\\/lasentinelle.dz\\\/#website\"},\"primaryImageOfPage\":{\"@id\":\"https:\\\/\\\/lasentinelle.dz\\\/index.php\\\/2022\\\/09\\\/15\\\/peche-de-la-sardine-dans-lest-du-pays-des-infractions-a-la-pelle\\\/#primaryimage\"},\"image\":{\"@id\":\"https:\\\/\\\/lasentinelle.dz\\\/index.php\\\/2022\\\/09\\\/15\\\/peche-de-la-sardine-dans-lest-du-pays-des-infractions-a-la-pelle\\\/#primaryimage\"},\"thumbnailUrl\":\"https:\\\/\\\/lasentinelle.dz\\\/wp-content\\\/uploads\\\/2022\\\/04\\\/peche.png\",\"datePublished\":\"2022-09-14T23:08:00+00:00\",\"breadcrumb\":{\"@id\":\"https:\\\/\\\/lasentinelle.dz\\\/index.php\\\/2022\\\/09\\\/15\\\/peche-de-la-sardine-dans-lest-du-pays-des-infractions-a-la-pelle\\\/#breadcrumb\"},\"inLanguage\":\"fr-FR\",\"potentialAction\":[{\"@type\":\"ReadAction\",\"target\":[\"https:\\\/\\\/lasentinelle.dz\\\/index.php\\\/2022\\\/09\\\/15\\\/peche-de-la-sardine-dans-lest-du-pays-des-infractions-a-la-pelle\\\/\"]}]},{\"@type\":\"ImageObject\",\"inLanguage\":\"fr-FR\",\"@id\":\"https:\\\/\\\/lasentinelle.dz\\\/index.php\\\/2022\\\/09\\\/15\\\/peche-de-la-sardine-dans-lest-du-pays-des-infractions-a-la-pelle\\\/#primaryimage\",\"url\":\"https:\\\/\\\/lasentinelle.dz\\\/wp-content\\\/uploads\\\/2022\\\/04\\\/peche.png\",\"contentUrl\":\"https:\\\/\\\/lasentinelle.dz\\\/wp-content\\\/uploads\\\/2022\\\/04\\\/peche.png\",\"width\":1491,\"height\":900},{\"@type\":\"BreadcrumbList\",\"@id\":\"https:\\\/\\\/lasentinelle.dz\\\/index.php\\\/2022\\\/09\\\/15\\\/peche-de-la-sardine-dans-lest-du-pays-des-infractions-a-la-pelle\\\/#breadcrumb\",\"itemListElement\":[{\"@type\":\"ListItem\",\"position\":1,\"name\":\"Accueil\",\"item\":\"https:\\\/\\\/lasentinelle.dz\\\/\"},{\"@type\":\"ListItem\",\"position\":2,\"name\":\"P\u00eache de la sardine dans l\u2019est du pays\u00a0: Des infractions \u00e0 la pelle\"}]},{\"@type\":\"WebSite\",\"@id\":\"https:\\\/\\\/lasentinelle.dz\\\/#website\",\"url\":\"https:\\\/\\\/lasentinelle.dz\\\/\",\"name\":\"La Sentinelle\",\"description\":\"Quotidien national d&#039;information\",\"publisher\":{\"@id\":\"https:\\\/\\\/lasentinelle.dz\\\/#organization\"},\"potentialAction\":[{\"@type\":\"SearchAction\",\"target\":{\"@type\":\"EntryPoint\",\"urlTemplate\":\"https:\\\/\\\/lasentinelle.dz\\\/?s={search_term_string}\"},\"query-input\":{\"@type\":\"PropertyValueSpecification\",\"valueRequired\":true,\"valueName\":\"search_term_string\"}}],\"inLanguage\":\"fr-FR\"},{\"@type\":\"Organization\",\"@id\":\"https:\\\/\\\/lasentinelle.dz\\\/#organization\",\"name\":\"Quotidien La Sentinelle\",\"url\":\"https:\\\/\\\/lasentinelle.dz\\\/\",\"logo\":{\"@type\":\"ImageObject\",\"inLanguage\":\"fr-FR\",\"@id\":\"https:\\\/\\\/lasentinelle.dz\\\/#\\\/schema\\\/logo\\\/image\\\/\",\"url\":\"https:\\\/\\\/lasentinelle.dz\\\/wp-content\\\/uploads\\\/2021\\\/09\\\/logo-sentinelleSLOGAN-1.png\",\"contentUrl\":\"https:\\\/\\\/lasentinelle.dz\\\/wp-content\\\/uploads\\\/2021\\\/09\\\/logo-sentinelleSLOGAN-1.png\",\"width\":615,\"height\":142,\"caption\":\"Quotidien La Sentinelle\"},\"image\":{\"@id\":\"https:\\\/\\\/lasentinelle.dz\\\/#\\\/schema\\\/logo\\\/image\\\/\"},\"sameAs\":[\"https:\\\/\\\/www.facebook.com\\\/La-Sentinelle-104059864394773\"]},{\"@type\":\"Person\",\"@id\":\"https:\\\/\\\/lasentinelle.dz\\\/#\\\/schema\\\/person\\\/d865044e22e70a75174ce8bcad3acfb3\",\"name\":\"La Sentinelle\",\"image\":{\"@type\":\"ImageObject\",\"inLanguage\":\"fr-FR\",\"@id\":\"https:\\\/\\\/secure.gravatar.com\\\/avatar\\\/57de8e5d4b15d43fb361a71fbb36338450fe67865b528a43dd10ef7c51a20392?s=96&d=mm&r=g\",\"url\":\"https:\\\/\\\/secure.gravatar.com\\\/avatar\\\/57de8e5d4b15d43fb361a71fbb36338450fe67865b528a43dd10ef7c51a20392?s=96&d=mm&r=g\",\"contentUrl\":\"https:\\\/\\\/secure.gravatar.com\\\/avatar\\\/57de8e5d4b15d43fb361a71fbb36338450fe67865b528a43dd10ef7c51a20392?s=96&d=mm&r=g\",\"caption\":\"La Sentinelle\"},\"sameAs\":[\"http:\\\/\\\/www.lasentinelle.dz\"],\"url\":\"https:\\\/\\\/lasentinelle.dz\\\/author\\\/redaction\\\/\"}]}<\/script>\n<!-- \/ Yoast SEO plugin. -->","yoast_head_json":{"title":"P\u00eache de la sardine dans l\u2019est du pays\u00a0: Des infractions \u00e0 la pelle - La Sentinelle","robots":{"index":"index","follow":"follow","max-snippet":"max-snippet:-1","max-image-preview":"max-image-preview:large","max-video-preview":"max-video-preview:-1"},"canonical":"https:\/\/lasentinelle.dz\/index.php\/2022\/09\/15\/peche-de-la-sardine-dans-lest-du-pays-des-infractions-a-la-pelle\/","og_locale":"fr_FR","og_type":"article","og_title":"P\u00eache de la sardine dans l\u2019est du pays\u00a0: Des infractions \u00e0 la pelle - La Sentinelle","og_description":"La sardine se rar\u00e9fie dans les eaux des villes c\u00f4ti\u00e8res du pays. Les graves d\u00e9passements, occasionn\u00e9s par les armateurs et","og_url":"https:\/\/lasentinelle.dz\/index.php\/2022\/09\/15\/peche-de-la-sardine-dans-lest-du-pays-des-infractions-a-la-pelle\/","og_site_name":"La Sentinelle","article_publisher":"https:\/\/www.facebook.com\/La-Sentinelle-104059864394773","article_published_time":"2022-09-14T23:08:00+00:00","og_image":[{"width":1491,"height":900,"url":"https:\/\/lasentinelle.dz\/wp-content\/uploads\/2022\/04\/peche.png","type":"image\/png"}],"author":"La Sentinelle","twitter_card":"summary_large_image","twitter_misc":{"\u00c9crit par":"La Sentinelle","Dur\u00e9e de lecture estim\u00e9e":"4 minutes"},"schema":{"@context":"https:\/\/schema.org","@graph":[{"@type":"Article","@id":"https:\/\/lasentinelle.dz\/index.php\/2022\/09\/15\/peche-de-la-sardine-dans-lest-du-pays-des-infractions-a-la-pelle\/#article","isPartOf":{"@id":"https:\/\/lasentinelle.dz\/index.php\/2022\/09\/15\/peche-de-la-sardine-dans-lest-du-pays-des-infractions-a-la-pelle\/"},"author":{"name":"La Sentinelle","@id":"https:\/\/lasentinelle.dz\/#\/schema\/person\/d865044e22e70a75174ce8bcad3acfb3"},"headline":"P\u00eache de la sardine dans l\u2019est du pays\u00a0: Des infractions \u00e0 la pelle","datePublished":"2022-09-14T23:08:00+00:00","mainEntityOfPage":{"@id":"https:\/\/lasentinelle.dz\/index.php\/2022\/09\/15\/peche-de-la-sardine-dans-lest-du-pays-des-infractions-a-la-pelle\/"},"wordCount":725,"commentCount":0,"publisher":{"@id":"https:\/\/lasentinelle.dz\/#organization"},"image":{"@id":"https:\/\/lasentinelle.dz\/index.php\/2022\/09\/15\/peche-de-la-sardine-dans-lest-du-pays-des-infractions-a-la-pelle\/#primaryimage"},"thumbnailUrl":"https:\/\/lasentinelle.dz\/wp-content\/uploads\/2022\/04\/peche.png","articleSection":["\u00c0 la Une","R\u00e9gions"],"inLanguage":"fr-FR","potentialAction":[{"@type":"CommentAction","name":"Comment","target":["https:\/\/lasentinelle.dz\/index.php\/2022\/09\/15\/peche-de-la-sardine-dans-lest-du-pays-des-infractions-a-la-pelle\/#respond"]}]},{"@type":"WebPage","@id":"https:\/\/lasentinelle.dz\/index.php\/2022\/09\/15\/peche-de-la-sardine-dans-lest-du-pays-des-infractions-a-la-pelle\/","url":"https:\/\/lasentinelle.dz\/index.php\/2022\/09\/15\/peche-de-la-sardine-dans-lest-du-pays-des-infractions-a-la-pelle\/","name":"P\u00eache de la sardine dans l\u2019est du pays\u00a0: Des infractions \u00e0 la pelle - La Sentinelle","isPartOf":{"@id":"https:\/\/lasentinelle.dz\/#website"},"primaryImageOfPage":{"@id":"https:\/\/lasentinelle.dz\/index.php\/2022\/09\/15\/peche-de-la-sardine-dans-lest-du-pays-des-infractions-a-la-pelle\/#primaryimage"},"image":{"@id":"https:\/\/lasentinelle.dz\/index.php\/2022\/09\/15\/peche-de-la-sardine-dans-lest-du-pays-des-infractions-a-la-pelle\/#primaryimage"},"thumbnailUrl":"https:\/\/lasentinelle.dz\/wp-content\/uploads\/2022\/04\/peche.png","datePublished":"2022-09-14T23:08:00+00:00","breadcrumb":{"@id":"https:\/\/lasentinelle.dz\/index.php\/2022\/09\/15\/peche-de-la-sardine-dans-lest-du-pays-des-infractions-a-la-pelle\/#breadcrumb"},"inLanguage":"fr-FR","potentialAction":[{"@type":"ReadAction","target":["https:\/\/lasentinelle.dz\/index.php\/2022\/09\/15\/peche-de-la-sardine-dans-lest-du-pays-des-infractions-a-la-pelle\/"]}]},{"@type":"ImageObject","inLanguage":"fr-FR","@id":"https:\/\/lasentinelle.dz\/index.php\/2022\/09\/15\/peche-de-la-sardine-dans-lest-du-pays-des-infractions-a-la-pelle\/#primaryimage","url":"https:\/\/lasentinelle.dz\/wp-content\/uploads\/2022\/04\/peche.png","contentUrl":"https:\/\/lasentinelle.dz\/wp-content\/uploads\/2022\/04\/peche.png","width":1491,"height":900},{"@type":"BreadcrumbList","@id":"https:\/\/lasentinelle.dz\/index.php\/2022\/09\/15\/peche-de-la-sardine-dans-lest-du-pays-des-infractions-a-la-pelle\/#breadcrumb","itemListElement":[{"@type":"ListItem","position":1,"name":"Accueil","item":"https:\/\/lasentinelle.dz\/"},{"@type":"ListItem","position":2,"name":"P\u00eache de la sardine dans l\u2019est du pays\u00a0: Des infractions \u00e0 la pelle"}]},{"@type":"WebSite","@id":"https:\/\/lasentinelle.dz\/#website","url":"https:\/\/lasentinelle.dz\/","name":"La Sentinelle","description":"Quotidien national d&#039;information","publisher":{"@id":"https:\/\/lasentinelle.dz\/#organization"},"potentialAction":[{"@type":"SearchAction","target":{"@type":"EntryPoint","urlTemplate":"https:\/\/lasentinelle.dz\/?s={search_term_string}"},"query-input":{"@type":"PropertyValueSpecification","valueRequired":true,"valueName":"search_term_string"}}],"inLanguage":"fr-FR"},{"@type":"Organization","@id":"https:\/\/lasentinelle.dz\/#organization","name":"Quotidien La Sentinelle","url":"https:\/\/lasentinelle.dz\/","logo":{"@type":"ImageObject","inLanguage":"fr-FR","@id":"https:\/\/lasentinelle.dz\/#\/schema\/logo\/image\/","url":"https:\/\/lasentinelle.dz\/wp-content\/uploads\/2021\/09\/logo-sentinelleSLOGAN-1.png","contentUrl":"https:\/\/lasentinelle.dz\/wp-content\/uploads\/2021\/09\/logo-sentinelleSLOGAN-1.png","width":615,"height":142,"caption":"Quotidien La Sentinelle"},"image":{"@id":"https:\/\/lasentinelle.dz\/#\/schema\/logo\/image\/"},"sameAs":["https:\/\/www.facebook.com\/La-Sentinelle-104059864394773"]},{"@type":"Person","@id":"https:\/\/lasentinelle.dz\/#\/schema\/person\/d865044e22e70a75174ce8bcad3acfb3","name":"La Sentinelle","image":{"@type":"ImageObject","inLanguage":"fr-FR","@id":"https:\/\/secure.gravatar.com\/avatar\/57de8e5d4b15d43fb361a71fbb36338450fe67865b528a43dd10ef7c51a20392?s=96&d=mm&r=g","url":"https:\/\/secure.gravatar.com\/avatar\/57de8e5d4b15d43fb361a71fbb36338450fe67865b528a43dd10ef7c51a20392?s=96&d=mm&r=g","contentUrl":"https:\/\/secure.gravatar.com\/avatar\/57de8e5d4b15d43fb361a71fbb36338450fe67865b528a43dd10ef7c51a20392?s=96&d=mm&r=g","caption":"La Sentinelle"},"sameAs":["http:\/\/www.lasentinelle.dz"],"url":"https:\/\/lasentinelle.dz\/author\/redaction\/"}]}},"_links":{"self":[{"href":"https:\/\/lasentinelle.dz\/index.php\/wp-json\/wp\/v2\/posts\/27433","targetHints":{"allow":["GET"]}}],"collection":[{"href":"https:\/\/lasentinelle.dz\/index.php\/wp-json\/wp\/v2\/posts"}],"about":[{"href":"https:\/\/lasentinelle.dz\/index.php\/wp-json\/wp\/v2\/types\/post"}],"author":[{"embeddable":true,"href":"https:\/\/lasentinelle.dz\/index.php\/wp-json\/wp\/v2\/users\/3"}],"replies":[{"embeddable":true,"href":"https:\/\/lasentinelle.dz\/index.php\/wp-json\/wp\/v2\/comments?post=27433"}],"version-history":[{"count":1,"href":"https:\/\/lasentinelle.dz\/index.php\/wp-json\/wp\/v2\/posts\/27433\/revisions"}],"predecessor-version":[{"id":27435,"href":"https:\/\/lasentinelle.dz\/index.php\/wp-json\/wp\/v2\/posts\/27433\/revisions\/27435"}],"wp:featuredmedia":[{"embeddable":true,"href":"https:\/\/lasentinelle.dz\/index.php\/wp-json\/wp\/v2\/media\/19327"}],"wp:attachment":[{"href":"https:\/\/lasentinelle.dz\/index.php\/wp-json\/wp\/v2\/media?parent=27433"}],"wp:term":[{"taxonomy":"category","embeddable":true,"href":"https:\/\/lasentinelle.dz\/index.php\/wp-json\/wp\/v2\/categories?post=27433"},{"taxonomy":"post_tag","embeddable":true,"href":"https:\/\/lasentinelle.dz\/index.php\/wp-json\/wp\/v2\/tags?post=27433"}],"curies":[{"name":"wp","href":"https:\/\/api.w.org\/{rel}","templated":true}]}}