{"id":27456,"date":"2022-09-15T00:01:00","date_gmt":"2022-09-14T23:01:00","guid":{"rendered":"https:\/\/lasentinelle.dz\/?p=27456"},"modified":"2022-09-14T19:47:07","modified_gmt":"2022-09-14T18:47:07","slug":"une-ceremonie-presidee-par-abdelmadjid-tebboune-au-palais-du-peuple-lhommage-aux-jeunes-fennecs-et-aux-athletes-medailles","status":"publish","type":"post","link":"https:\/\/lasentinelle.dz\/index.php\/2022\/09\/15\/une-ceremonie-presidee-par-abdelmadjid-tebboune-au-palais-du-peuple-lhommage-aux-jeunes-fennecs-et-aux-athletes-medailles\/","title":{"rendered":"Une c\u00e9r\u00e9monie pr\u00e9sid\u00e9e par Abdelmadjid Tebboune au Palais du Peuple\u00a0: L\u2019hommage aux jeunes Fennecs et aux athl\u00e8tes m\u00e9daill\u00e9s"},"content":{"rendered":"\n<p>Le pr\u00e9sident de la R\u00e9publique, M. Abdelmadjid Tebboune, a pr\u00e9sid\u00e9hier au Palais du peuple (Alger) une c\u00e9r\u00e9monie en l&rsquo;honneur de la s\u00e9lection alg\u00e9rienne de football des moins de 17 ans, sacr\u00e9e championne arabe, ainsi que des sportifs handisports distingu\u00e9s au niveau international et des athl\u00e8tes m\u00e9daill\u00e9s aux jeux de la Solidarit\u00e9 islamique (Konya-2022).<\/p>\n\n\n\n<p>Le pr\u00e9sident de la R\u00e9publique est arriv\u00e9 auparavant au Palais du peuple pour honorer les jeunes footballeurs, leur staff technique, ainsi que les sportifs distingu\u00e9s lors des diff\u00e9rentes comp\u00e9titions r\u00e9gionales et internationales.<\/p>\n\n\n\n<p>Cette c\u00e9r\u00e9monie en l&rsquo;honneur de la s\u00e9lection alg\u00e9rienne des moins de 17 ans, des sportifs handisports illustr\u00e9s lors des manifestations internationales, ainsi que les m\u00e9daill\u00e9s des jeux de la Solidarit\u00e9 islamique disput\u00e9s \u00e0 Konya en Turquie du 9 au 18 ao\u00fbt dernier, s&rsquo;inscrit dans le cadre de la politique du Pr\u00e9sident Tebboune visant \u00e0 promouvoir et \u00e0 encourager l&rsquo;\u00e9mergence du sport national.<\/p>\n\n\n\n<p>De hauts responsables de l&rsquo;Etat \u00e9taient pr\u00e9sents \u00e0 cette c\u00e9r\u00e9monie dont le pr\u00e9sident du Conseil de la nation, Salah Goudjil, le pr\u00e9sident de la Cour constitutionnelle, Omar Belhadj, et le G\u00e9n\u00e9ral d&rsquo;Arm\u00e9e, Sa\u00efd Chanegriha, chef d&rsquo;Etat-Major de l&rsquo;Arm\u00e9e nationale populaire (ANP), et des membres du gouvernement. Des conseillers du Pr\u00e9sident Tebboune, le ministre de la Jeunesse et des Sports Abderrazak Sebgag, le pr\u00e9sident du Comit\u00e9 olympique et sportif alg\u00e9rien, Abderrahmane Hammad, et le pr\u00e9sident de la FAF, Djahid Zefizef ont \u00e9galement pris part \u00e0 cette c\u00e9r\u00e9monie qui a d\u00e9but\u00e9 par l&rsquo;\u00e9coute de l&rsquo;hymne national.Le Pr\u00e9sident Tebboune a remis \u00e0 l&rsquo;entame de cette c\u00e9r\u00e9monie des attestations et des r\u00e9compenses financi\u00e8res aux jeunes footballeurs, avant de r\u00e9compenser les athl\u00e8tes alg\u00e9riens m\u00e9daill\u00e9s aux jeux de la Solidarit\u00e9 islamique (Konya-2022), le vice-champion du monde du 800 m aux Mondiaux d&rsquo;athl\u00e9tisme d&rsquo;Oregon (Etats-Unis) Djamel Sedjati, ainsi que les sportifs m\u00e9daill\u00e9s aux championnats du monde d&rsquo;athl\u00e9tisme des Jeunes \u00e0 Cali (Colombie) et les athl\u00e8tes handisports qui se sont illustr\u00e9s aux jeux mondiaux des Sourds au Br\u00e9sil.&nbsp;&nbsp;&nbsp;&nbsp;&nbsp;&nbsp;&nbsp;&nbsp;&nbsp;&nbsp; Apr\u00e8s une photo de famille avec l&rsquo;ensemble des athl\u00e8tes honor\u00e9s, le pr\u00e9sident de la R\u00e9publique s&rsquo;est vu remettre le troph\u00e9e de la coupe arabe par le capitaine de la s\u00e9lection des moins de 17 ans.Le membre du bureau f\u00e9d\u00e9ral et directeur de la 4e \u00e9dition de la coupe arabe, Hakim Medane a offert \u00e0 M. Tebboune, un maillot de l&rsquo;\u00e9quipe nationale floqu\u00e9 au nom du pr\u00e9sident de la R\u00e9publique, en pr\u00e9sence du s\u00e9lectionneur national Rezki Remmane et de Mohamed Maouche, membre de l&rsquo;ancienne \u00e9quipe du FLN.Le pr\u00e9sident de la R\u00e9publique, Abdelmadjid Tebboune, rappelle-t-on, avait f\u00e9licit\u00e9 jeudi dernier dans un tweet la s\u00e9lection nationale des U17 juste apr\u00e8s le sacre arabe.\u00a0\u00bbDes cadets, mais des lions sur la pelouse &#8230; Merci aux champions arabes pour votre exploit&#8230; F\u00e9licitations \u00e0 l&rsquo;Alg\u00e9rie pour la Coupe arabe U17&Prime;, a-t-il \u00e9crit. Sacr\u00e9e en finale de la Coupe arabe de la cat\u00e9gorie face au Maroc aux tab 4-2 (temps r\u00e8glementaire 1-1), jou\u00e9e le 8e septembre au stade Abdelkrim-Kerroum de Sig (Mascara), la s\u00e9lection alg\u00e9rienne U17 reprendra du service, en avril 2023 \u00e0 l&rsquo;occasion de la phase finale de la Coupe d\u2019Afrique de la cat\u00e9gorie pr\u00e9vue en Alg\u00e9rie, et qualificative \u00e0 la Coupe du monde de la m\u00eame cat\u00e9gorie.<\/p>\n\n\n\n<p>R.S.<\/p>\n","protected":false},"excerpt":{"rendered":"<p>Le pr\u00e9sident de la R\u00e9publique, M. Abdelmadjid Tebboune, a pr\u00e9sid\u00e9hier au Palais du peuple (Alger) une c\u00e9r\u00e9monie en l&rsquo;honneur de<\/p>\n","protected":false},"author":3,"featured_media":27460,"comment_status":"open","ping_status":"closed","sticky":false,"template":"","format":"standard","meta":{"colormag_page_container_layout":"default_layout","colormag_page_sidebar_layout":"default_layout","om_disable_all_campaigns":false,"_monsterinsights_skip_tracking":false,"_monsterinsights_sitenote_active":false,"_monsterinsights_sitenote_note":"","_monsterinsights_sitenote_category":0,"footnotes":"","_wpscppro_dont_share_socialmedia":false,"_wpscppro_custom_social_share_image":0,"_facebook_share_type":"","_twitter_share_type":"","_linkedin_share_type":"","_pinterest_share_type":"","_linkedin_share_type_page":"","_instagram_share_type":"","_medium_share_type":"","_threads_share_type":"","_google_business_share_type":"","_selected_social_profile":[],"_wpsp_enable_custom_social_template":false,"_wpsp_social_scheduling":{"enabled":false,"datetime":null,"platforms":[],"status":"template_only","dateOption":"today","timeOption":"now","customDays":"","customHours":"","customDate":"","customTime":"","schedulingType":"absolute"},"_wpsp_active_default_template":true},"categories":[33],"tags":[],"class_list":["post-27456","post","type-post","status-publish","format-standard","has-post-thumbnail","hentry","category-sports"],"aioseo_notices":[],"yoast_head":"<!-- This site is optimized with the Yoast SEO plugin v27.5 - https:\/\/yoast.com\/product\/yoast-seo-wordpress\/ -->\n<title>Une c\u00e9r\u00e9monie pr\u00e9sid\u00e9e par Abdelmadjid Tebboune au Palais du Peuple\u00a0: L\u2019hommage aux jeunes Fennecs et aux athl\u00e8tes m\u00e9daill\u00e9s - La Sentinelle<\/title>\n<meta name=\"robots\" content=\"index, follow, max-snippet:-1, max-image-preview:large, max-video-preview:-1\" \/>\n<link rel=\"canonical\" href=\"https:\/\/lasentinelle.dz\/index.php\/2022\/09\/15\/une-ceremonie-presidee-par-abdelmadjid-tebboune-au-palais-du-peuple-lhommage-aux-jeunes-fennecs-et-aux-athletes-medailles\/\" \/>\n<meta property=\"og:locale\" content=\"fr_FR\" \/>\n<meta property=\"og:type\" content=\"article\" \/>\n<meta property=\"og:title\" content=\"Une c\u00e9r\u00e9monie pr\u00e9sid\u00e9e par Abdelmadjid Tebboune au Palais du Peuple\u00a0: L\u2019hommage aux jeunes Fennecs et aux athl\u00e8tes m\u00e9daill\u00e9s - La Sentinelle\" \/>\n<meta property=\"og:description\" content=\"Le pr\u00e9sident de la R\u00e9publique, M. Abdelmadjid Tebboune, a pr\u00e9sid\u00e9hier au Palais du peuple (Alger) une c\u00e9r\u00e9monie en l&rsquo;honneur de\" \/>\n<meta property=\"og:url\" content=\"https:\/\/lasentinelle.dz\/index.php\/2022\/09\/15\/une-ceremonie-presidee-par-abdelmadjid-tebboune-au-palais-du-peuple-lhommage-aux-jeunes-fennecs-et-aux-athletes-medailles\/\" \/>\n<meta property=\"og:site_name\" content=\"La Sentinelle\" \/>\n<meta property=\"article:publisher\" content=\"https:\/\/www.facebook.com\/La-Sentinelle-104059864394773\" \/>\n<meta property=\"article:published_time\" content=\"2022-09-14T23:01:00+00:00\" \/>\n<meta property=\"og:image\" content=\"https:\/\/lasentinelle.dz\/wp-content\/uploads\/2022\/09\/ceremonie.jpeg\" \/>\n\t<meta property=\"og:image:width\" content=\"1920\" \/>\n\t<meta property=\"og:image:height\" content=\"1080\" \/>\n\t<meta property=\"og:image:type\" content=\"image\/jpeg\" \/>\n<meta name=\"author\" content=\"La Sentinelle\" \/>\n<meta name=\"twitter:card\" content=\"summary_large_image\" \/>\n<meta name=\"twitter:label1\" content=\"\u00c9crit par\" \/>\n\t<meta name=\"twitter:data1\" content=\"La Sentinelle\" \/>\n\t<meta name=\"twitter:label2\" content=\"Dur\u00e9e de lecture estim\u00e9e\" \/>\n\t<meta name=\"twitter:data2\" content=\"3 minutes\" \/>\n<script type=\"application\/ld+json\" class=\"yoast-schema-graph\">{\"@context\":\"https:\\\/\\\/schema.org\",\"@graph\":[{\"@type\":\"Article\",\"@id\":\"https:\\\/\\\/lasentinelle.dz\\\/index.php\\\/2022\\\/09\\\/15\\\/une-ceremonie-presidee-par-abdelmadjid-tebboune-au-palais-du-peuple-lhommage-aux-jeunes-fennecs-et-aux-athletes-medailles\\\/#article\",\"isPartOf\":{\"@id\":\"https:\\\/\\\/lasentinelle.dz\\\/index.php\\\/2022\\\/09\\\/15\\\/une-ceremonie-presidee-par-abdelmadjid-tebboune-au-palais-du-peuple-lhommage-aux-jeunes-fennecs-et-aux-athletes-medailles\\\/\"},\"author\":{\"name\":\"La Sentinelle\",\"@id\":\"https:\\\/\\\/lasentinelle.dz\\\/#\\\/schema\\\/person\\\/d865044e22e70a75174ce8bcad3acfb3\"},\"headline\":\"Une c\u00e9r\u00e9monie pr\u00e9sid\u00e9e par Abdelmadjid Tebboune au Palais du Peuple\u00a0: L\u2019hommage aux jeunes Fennecs et aux athl\u00e8tes m\u00e9daill\u00e9s\",\"datePublished\":\"2022-09-14T23:01:00+00:00\",\"mainEntityOfPage\":{\"@id\":\"https:\\\/\\\/lasentinelle.dz\\\/index.php\\\/2022\\\/09\\\/15\\\/une-ceremonie-presidee-par-abdelmadjid-tebboune-au-palais-du-peuple-lhommage-aux-jeunes-fennecs-et-aux-athletes-medailles\\\/\"},\"wordCount\":656,\"commentCount\":0,\"publisher\":{\"@id\":\"https:\\\/\\\/lasentinelle.dz\\\/#organization\"},\"image\":{\"@id\":\"https:\\\/\\\/lasentinelle.dz\\\/index.php\\\/2022\\\/09\\\/15\\\/une-ceremonie-presidee-par-abdelmadjid-tebboune-au-palais-du-peuple-lhommage-aux-jeunes-fennecs-et-aux-athletes-medailles\\\/#primaryimage\"},\"thumbnailUrl\":\"https:\\\/\\\/lasentinelle.dz\\\/wp-content\\\/uploads\\\/2022\\\/09\\\/ceremonie.jpeg\",\"articleSection\":[\"Sports\"],\"inLanguage\":\"fr-FR\",\"potentialAction\":[{\"@type\":\"CommentAction\",\"name\":\"Comment\",\"target\":[\"https:\\\/\\\/lasentinelle.dz\\\/index.php\\\/2022\\\/09\\\/15\\\/une-ceremonie-presidee-par-abdelmadjid-tebboune-au-palais-du-peuple-lhommage-aux-jeunes-fennecs-et-aux-athletes-medailles\\\/#respond\"]}]},{\"@type\":\"WebPage\",\"@id\":\"https:\\\/\\\/lasentinelle.dz\\\/index.php\\\/2022\\\/09\\\/15\\\/une-ceremonie-presidee-par-abdelmadjid-tebboune-au-palais-du-peuple-lhommage-aux-jeunes-fennecs-et-aux-athletes-medailles\\\/\",\"url\":\"https:\\\/\\\/lasentinelle.dz\\\/index.php\\\/2022\\\/09\\\/15\\\/une-ceremonie-presidee-par-abdelmadjid-tebboune-au-palais-du-peuple-lhommage-aux-jeunes-fennecs-et-aux-athletes-medailles\\\/\",\"name\":\"Une c\u00e9r\u00e9monie pr\u00e9sid\u00e9e par Abdelmadjid Tebboune au Palais du Peuple\u00a0: L\u2019hommage aux jeunes Fennecs et aux athl\u00e8tes m\u00e9daill\u00e9s - La Sentinelle\",\"isPartOf\":{\"@id\":\"https:\\\/\\\/lasentinelle.dz\\\/#website\"},\"primaryImageOfPage\":{\"@id\":\"https:\\\/\\\/lasentinelle.dz\\\/index.php\\\/2022\\\/09\\\/15\\\/une-ceremonie-presidee-par-abdelmadjid-tebboune-au-palais-du-peuple-lhommage-aux-jeunes-fennecs-et-aux-athletes-medailles\\\/#primaryimage\"},\"image\":{\"@id\":\"https:\\\/\\\/lasentinelle.dz\\\/index.php\\\/2022\\\/09\\\/15\\\/une-ceremonie-presidee-par-abdelmadjid-tebboune-au-palais-du-peuple-lhommage-aux-jeunes-fennecs-et-aux-athletes-medailles\\\/#primaryimage\"},\"thumbnailUrl\":\"https:\\\/\\\/lasentinelle.dz\\\/wp-content\\\/uploads\\\/2022\\\/09\\\/ceremonie.jpeg\",\"datePublished\":\"2022-09-14T23:01:00+00:00\",\"breadcrumb\":{\"@id\":\"https:\\\/\\\/lasentinelle.dz\\\/index.php\\\/2022\\\/09\\\/15\\\/une-ceremonie-presidee-par-abdelmadjid-tebboune-au-palais-du-peuple-lhommage-aux-jeunes-fennecs-et-aux-athletes-medailles\\\/#breadcrumb\"},\"inLanguage\":\"fr-FR\",\"potentialAction\":[{\"@type\":\"ReadAction\",\"target\":[\"https:\\\/\\\/lasentinelle.dz\\\/index.php\\\/2022\\\/09\\\/15\\\/une-ceremonie-presidee-par-abdelmadjid-tebboune-au-palais-du-peuple-lhommage-aux-jeunes-fennecs-et-aux-athletes-medailles\\\/\"]}]},{\"@type\":\"ImageObject\",\"inLanguage\":\"fr-FR\",\"@id\":\"https:\\\/\\\/lasentinelle.dz\\\/index.php\\\/2022\\\/09\\\/15\\\/une-ceremonie-presidee-par-abdelmadjid-tebboune-au-palais-du-peuple-lhommage-aux-jeunes-fennecs-et-aux-athletes-medailles\\\/#primaryimage\",\"url\":\"https:\\\/\\\/lasentinelle.dz\\\/wp-content\\\/uploads\\\/2022\\\/09\\\/ceremonie.jpeg\",\"contentUrl\":\"https:\\\/\\\/lasentinelle.dz\\\/wp-content\\\/uploads\\\/2022\\\/09\\\/ceremonie.jpeg\",\"width\":1920,\"height\":1080},{\"@type\":\"BreadcrumbList\",\"@id\":\"https:\\\/\\\/lasentinelle.dz\\\/index.php\\\/2022\\\/09\\\/15\\\/une-ceremonie-presidee-par-abdelmadjid-tebboune-au-palais-du-peuple-lhommage-aux-jeunes-fennecs-et-aux-athletes-medailles\\\/#breadcrumb\",\"itemListElement\":[{\"@type\":\"ListItem\",\"position\":1,\"name\":\"Accueil\",\"item\":\"https:\\\/\\\/lasentinelle.dz\\\/\"},{\"@type\":\"ListItem\",\"position\":2,\"name\":\"Une c\u00e9r\u00e9monie pr\u00e9sid\u00e9e par Abdelmadjid Tebboune au Palais du Peuple\u00a0: L\u2019hommage aux jeunes Fennecs et aux athl\u00e8tes m\u00e9daill\u00e9s\"}]},{\"@type\":\"WebSite\",\"@id\":\"https:\\\/\\\/lasentinelle.dz\\\/#website\",\"url\":\"https:\\\/\\\/lasentinelle.dz\\\/\",\"name\":\"La Sentinelle\",\"description\":\"Quotidien national d&#039;information\",\"publisher\":{\"@id\":\"https:\\\/\\\/lasentinelle.dz\\\/#organization\"},\"potentialAction\":[{\"@type\":\"SearchAction\",\"target\":{\"@type\":\"EntryPoint\",\"urlTemplate\":\"https:\\\/\\\/lasentinelle.dz\\\/?s={search_term_string}\"},\"query-input\":{\"@type\":\"PropertyValueSpecification\",\"valueRequired\":true,\"valueName\":\"search_term_string\"}}],\"inLanguage\":\"fr-FR\"},{\"@type\":\"Organization\",\"@id\":\"https:\\\/\\\/lasentinelle.dz\\\/#organization\",\"name\":\"Quotidien La Sentinelle\",\"url\":\"https:\\\/\\\/lasentinelle.dz\\\/\",\"logo\":{\"@type\":\"ImageObject\",\"inLanguage\":\"fr-FR\",\"@id\":\"https:\\\/\\\/lasentinelle.dz\\\/#\\\/schema\\\/logo\\\/image\\\/\",\"url\":\"https:\\\/\\\/lasentinelle.dz\\\/wp-content\\\/uploads\\\/2021\\\/09\\\/logo-sentinelleSLOGAN-1.png\",\"contentUrl\":\"https:\\\/\\\/lasentinelle.dz\\\/wp-content\\\/uploads\\\/2021\\\/09\\\/logo-sentinelleSLOGAN-1.png\",\"width\":615,\"height\":142,\"caption\":\"Quotidien La Sentinelle\"},\"image\":{\"@id\":\"https:\\\/\\\/lasentinelle.dz\\\/#\\\/schema\\\/logo\\\/image\\\/\"},\"sameAs\":[\"https:\\\/\\\/www.facebook.com\\\/La-Sentinelle-104059864394773\"]},{\"@type\":\"Person\",\"@id\":\"https:\\\/\\\/lasentinelle.dz\\\/#\\\/schema\\\/person\\\/d865044e22e70a75174ce8bcad3acfb3\",\"name\":\"La Sentinelle\",\"image\":{\"@type\":\"ImageObject\",\"inLanguage\":\"fr-FR\",\"@id\":\"https:\\\/\\\/secure.gravatar.com\\\/avatar\\\/57de8e5d4b15d43fb361a71fbb36338450fe67865b528a43dd10ef7c51a20392?s=96&d=mm&r=g\",\"url\":\"https:\\\/\\\/secure.gravatar.com\\\/avatar\\\/57de8e5d4b15d43fb361a71fbb36338450fe67865b528a43dd10ef7c51a20392?s=96&d=mm&r=g\",\"contentUrl\":\"https:\\\/\\\/secure.gravatar.com\\\/avatar\\\/57de8e5d4b15d43fb361a71fbb36338450fe67865b528a43dd10ef7c51a20392?s=96&d=mm&r=g\",\"caption\":\"La Sentinelle\"},\"sameAs\":[\"http:\\\/\\\/www.lasentinelle.dz\"],\"url\":\"https:\\\/\\\/lasentinelle.dz\\\/author\\\/redaction\\\/\"}]}<\/script>\n<!-- \/ Yoast SEO plugin. -->","yoast_head_json":{"title":"Une c\u00e9r\u00e9monie pr\u00e9sid\u00e9e par Abdelmadjid Tebboune au Palais du Peuple\u00a0: L\u2019hommage aux jeunes Fennecs et aux athl\u00e8tes m\u00e9daill\u00e9s - La Sentinelle","robots":{"index":"index","follow":"follow","max-snippet":"max-snippet:-1","max-image-preview":"max-image-preview:large","max-video-preview":"max-video-preview:-1"},"canonical":"https:\/\/lasentinelle.dz\/index.php\/2022\/09\/15\/une-ceremonie-presidee-par-abdelmadjid-tebboune-au-palais-du-peuple-lhommage-aux-jeunes-fennecs-et-aux-athletes-medailles\/","og_locale":"fr_FR","og_type":"article","og_title":"Une c\u00e9r\u00e9monie pr\u00e9sid\u00e9e par Abdelmadjid Tebboune au Palais du Peuple\u00a0: L\u2019hommage aux jeunes Fennecs et aux athl\u00e8tes m\u00e9daill\u00e9s - La Sentinelle","og_description":"Le pr\u00e9sident de la R\u00e9publique, M. Abdelmadjid Tebboune, a pr\u00e9sid\u00e9hier au Palais du peuple (Alger) une c\u00e9r\u00e9monie en l&rsquo;honneur de","og_url":"https:\/\/lasentinelle.dz\/index.php\/2022\/09\/15\/une-ceremonie-presidee-par-abdelmadjid-tebboune-au-palais-du-peuple-lhommage-aux-jeunes-fennecs-et-aux-athletes-medailles\/","og_site_name":"La Sentinelle","article_publisher":"https:\/\/www.facebook.com\/La-Sentinelle-104059864394773","article_published_time":"2022-09-14T23:01:00+00:00","og_image":[{"width":1920,"height":1080,"url":"https:\/\/lasentinelle.dz\/wp-content\/uploads\/2022\/09\/ceremonie.jpeg","type":"image\/jpeg"}],"author":"La Sentinelle","twitter_card":"summary_large_image","twitter_misc":{"\u00c9crit par":"La Sentinelle","Dur\u00e9e de lecture estim\u00e9e":"3 minutes"},"schema":{"@context":"https:\/\/schema.org","@graph":[{"@type":"Article","@id":"https:\/\/lasentinelle.dz\/index.php\/2022\/09\/15\/une-ceremonie-presidee-par-abdelmadjid-tebboune-au-palais-du-peuple-lhommage-aux-jeunes-fennecs-et-aux-athletes-medailles\/#article","isPartOf":{"@id":"https:\/\/lasentinelle.dz\/index.php\/2022\/09\/15\/une-ceremonie-presidee-par-abdelmadjid-tebboune-au-palais-du-peuple-lhommage-aux-jeunes-fennecs-et-aux-athletes-medailles\/"},"author":{"name":"La Sentinelle","@id":"https:\/\/lasentinelle.dz\/#\/schema\/person\/d865044e22e70a75174ce8bcad3acfb3"},"headline":"Une c\u00e9r\u00e9monie pr\u00e9sid\u00e9e par Abdelmadjid Tebboune au Palais du Peuple\u00a0: L\u2019hommage aux jeunes Fennecs et aux athl\u00e8tes m\u00e9daill\u00e9s","datePublished":"2022-09-14T23:01:00+00:00","mainEntityOfPage":{"@id":"https:\/\/lasentinelle.dz\/index.php\/2022\/09\/15\/une-ceremonie-presidee-par-abdelmadjid-tebboune-au-palais-du-peuple-lhommage-aux-jeunes-fennecs-et-aux-athletes-medailles\/"},"wordCount":656,"commentCount":0,"publisher":{"@id":"https:\/\/lasentinelle.dz\/#organization"},"image":{"@id":"https:\/\/lasentinelle.dz\/index.php\/2022\/09\/15\/une-ceremonie-presidee-par-abdelmadjid-tebboune-au-palais-du-peuple-lhommage-aux-jeunes-fennecs-et-aux-athletes-medailles\/#primaryimage"},"thumbnailUrl":"https:\/\/lasentinelle.dz\/wp-content\/uploads\/2022\/09\/ceremonie.jpeg","articleSection":["Sports"],"inLanguage":"fr-FR","potentialAction":[{"@type":"CommentAction","name":"Comment","target":["https:\/\/lasentinelle.dz\/index.php\/2022\/09\/15\/une-ceremonie-presidee-par-abdelmadjid-tebboune-au-palais-du-peuple-lhommage-aux-jeunes-fennecs-et-aux-athletes-medailles\/#respond"]}]},{"@type":"WebPage","@id":"https:\/\/lasentinelle.dz\/index.php\/2022\/09\/15\/une-ceremonie-presidee-par-abdelmadjid-tebboune-au-palais-du-peuple-lhommage-aux-jeunes-fennecs-et-aux-athletes-medailles\/","url":"https:\/\/lasentinelle.dz\/index.php\/2022\/09\/15\/une-ceremonie-presidee-par-abdelmadjid-tebboune-au-palais-du-peuple-lhommage-aux-jeunes-fennecs-et-aux-athletes-medailles\/","name":"Une c\u00e9r\u00e9monie pr\u00e9sid\u00e9e par Abdelmadjid Tebboune au Palais du Peuple\u00a0: L\u2019hommage aux jeunes Fennecs et aux athl\u00e8tes m\u00e9daill\u00e9s - La Sentinelle","isPartOf":{"@id":"https:\/\/lasentinelle.dz\/#website"},"primaryImageOfPage":{"@id":"https:\/\/lasentinelle.dz\/index.php\/2022\/09\/15\/une-ceremonie-presidee-par-abdelmadjid-tebboune-au-palais-du-peuple-lhommage-aux-jeunes-fennecs-et-aux-athletes-medailles\/#primaryimage"},"image":{"@id":"https:\/\/lasentinelle.dz\/index.php\/2022\/09\/15\/une-ceremonie-presidee-par-abdelmadjid-tebboune-au-palais-du-peuple-lhommage-aux-jeunes-fennecs-et-aux-athletes-medailles\/#primaryimage"},"thumbnailUrl":"https:\/\/lasentinelle.dz\/wp-content\/uploads\/2022\/09\/ceremonie.jpeg","datePublished":"2022-09-14T23:01:00+00:00","breadcrumb":{"@id":"https:\/\/lasentinelle.dz\/index.php\/2022\/09\/15\/une-ceremonie-presidee-par-abdelmadjid-tebboune-au-palais-du-peuple-lhommage-aux-jeunes-fennecs-et-aux-athletes-medailles\/#breadcrumb"},"inLanguage":"fr-FR","potentialAction":[{"@type":"ReadAction","target":["https:\/\/lasentinelle.dz\/index.php\/2022\/09\/15\/une-ceremonie-presidee-par-abdelmadjid-tebboune-au-palais-du-peuple-lhommage-aux-jeunes-fennecs-et-aux-athletes-medailles\/"]}]},{"@type":"ImageObject","inLanguage":"fr-FR","@id":"https:\/\/lasentinelle.dz\/index.php\/2022\/09\/15\/une-ceremonie-presidee-par-abdelmadjid-tebboune-au-palais-du-peuple-lhommage-aux-jeunes-fennecs-et-aux-athletes-medailles\/#primaryimage","url":"https:\/\/lasentinelle.dz\/wp-content\/uploads\/2022\/09\/ceremonie.jpeg","contentUrl":"https:\/\/lasentinelle.dz\/wp-content\/uploads\/2022\/09\/ceremonie.jpeg","width":1920,"height":1080},{"@type":"BreadcrumbList","@id":"https:\/\/lasentinelle.dz\/index.php\/2022\/09\/15\/une-ceremonie-presidee-par-abdelmadjid-tebboune-au-palais-du-peuple-lhommage-aux-jeunes-fennecs-et-aux-athletes-medailles\/#breadcrumb","itemListElement":[{"@type":"ListItem","position":1,"name":"Accueil","item":"https:\/\/lasentinelle.dz\/"},{"@type":"ListItem","position":2,"name":"Une c\u00e9r\u00e9monie pr\u00e9sid\u00e9e par Abdelmadjid Tebboune au Palais du Peuple\u00a0: L\u2019hommage aux jeunes Fennecs et aux athl\u00e8tes m\u00e9daill\u00e9s"}]},{"@type":"WebSite","@id":"https:\/\/lasentinelle.dz\/#website","url":"https:\/\/lasentinelle.dz\/","name":"La Sentinelle","description":"Quotidien national d&#039;information","publisher":{"@id":"https:\/\/lasentinelle.dz\/#organization"},"potentialAction":[{"@type":"SearchAction","target":{"@type":"EntryPoint","urlTemplate":"https:\/\/lasentinelle.dz\/?s={search_term_string}"},"query-input":{"@type":"PropertyValueSpecification","valueRequired":true,"valueName":"search_term_string"}}],"inLanguage":"fr-FR"},{"@type":"Organization","@id":"https:\/\/lasentinelle.dz\/#organization","name":"Quotidien La Sentinelle","url":"https:\/\/lasentinelle.dz\/","logo":{"@type":"ImageObject","inLanguage":"fr-FR","@id":"https:\/\/lasentinelle.dz\/#\/schema\/logo\/image\/","url":"https:\/\/lasentinelle.dz\/wp-content\/uploads\/2021\/09\/logo-sentinelleSLOGAN-1.png","contentUrl":"https:\/\/lasentinelle.dz\/wp-content\/uploads\/2021\/09\/logo-sentinelleSLOGAN-1.png","width":615,"height":142,"caption":"Quotidien La Sentinelle"},"image":{"@id":"https:\/\/lasentinelle.dz\/#\/schema\/logo\/image\/"},"sameAs":["https:\/\/www.facebook.com\/La-Sentinelle-104059864394773"]},{"@type":"Person","@id":"https:\/\/lasentinelle.dz\/#\/schema\/person\/d865044e22e70a75174ce8bcad3acfb3","name":"La Sentinelle","image":{"@type":"ImageObject","inLanguage":"fr-FR","@id":"https:\/\/secure.gravatar.com\/avatar\/57de8e5d4b15d43fb361a71fbb36338450fe67865b528a43dd10ef7c51a20392?s=96&d=mm&r=g","url":"https:\/\/secure.gravatar.com\/avatar\/57de8e5d4b15d43fb361a71fbb36338450fe67865b528a43dd10ef7c51a20392?s=96&d=mm&r=g","contentUrl":"https:\/\/secure.gravatar.com\/avatar\/57de8e5d4b15d43fb361a71fbb36338450fe67865b528a43dd10ef7c51a20392?s=96&d=mm&r=g","caption":"La Sentinelle"},"sameAs":["http:\/\/www.lasentinelle.dz"],"url":"https:\/\/lasentinelle.dz\/author\/redaction\/"}]}},"_links":{"self":[{"href":"https:\/\/lasentinelle.dz\/index.php\/wp-json\/wp\/v2\/posts\/27456","targetHints":{"allow":["GET"]}}],"collection":[{"href":"https:\/\/lasentinelle.dz\/index.php\/wp-json\/wp\/v2\/posts"}],"about":[{"href":"https:\/\/lasentinelle.dz\/index.php\/wp-json\/wp\/v2\/types\/post"}],"author":[{"embeddable":true,"href":"https:\/\/lasentinelle.dz\/index.php\/wp-json\/wp\/v2\/users\/3"}],"replies":[{"embeddable":true,"href":"https:\/\/lasentinelle.dz\/index.php\/wp-json\/wp\/v2\/comments?post=27456"}],"version-history":[{"count":1,"href":"https:\/\/lasentinelle.dz\/index.php\/wp-json\/wp\/v2\/posts\/27456\/revisions"}],"predecessor-version":[{"id":27461,"href":"https:\/\/lasentinelle.dz\/index.php\/wp-json\/wp\/v2\/posts\/27456\/revisions\/27461"}],"wp:featuredmedia":[{"embeddable":true,"href":"https:\/\/lasentinelle.dz\/index.php\/wp-json\/wp\/v2\/media\/27460"}],"wp:attachment":[{"href":"https:\/\/lasentinelle.dz\/index.php\/wp-json\/wp\/v2\/media?parent=27456"}],"wp:term":[{"taxonomy":"category","embeddable":true,"href":"https:\/\/lasentinelle.dz\/index.php\/wp-json\/wp\/v2\/categories?post=27456"},{"taxonomy":"post_tag","embeddable":true,"href":"https:\/\/lasentinelle.dz\/index.php\/wp-json\/wp\/v2\/tags?post=27456"}],"curies":[{"name":"wp","href":"https:\/\/api.w.org\/{rel}","templated":true}]}}