{"id":27485,"date":"2022-09-18T00:01:00","date_gmt":"2022-09-17T23:01:00","guid":{"rendered":"https:\/\/lasentinelle.dz\/?p=27485"},"modified":"2022-09-18T11:56:28","modified_gmt":"2022-09-18T10:56:28","slug":"la-rasd-salue-la-position-historique-de-langola-en-faveur-de-la-cause-sahraouie","status":"publish","type":"post","link":"https:\/\/lasentinelle.dz\/index.php\/2022\/09\/18\/la-rasd-salue-la-position-historique-de-langola-en-faveur-de-la-cause-sahraouie\/","title":{"rendered":"La RASD salue la position \u00ab historique \u00bb de l&rsquo;Angola en faveur de la cause sahraouie"},"content":{"rendered":"\n<p>Le pr\u00e9sident de la R\u00e9publique arabe sahraouie d\u00e9mocratique (RASD), Brahim Ghali a salu\u00e9 la position \u00ab historique \u00bb de l&rsquo;Angola en faveur du combat du peuple sahraoui pour sa cause juste, a indiqu\u00e9 l&rsquo;Agence de presse sahraouie (SPS). Une d\u00e9claration faite lors d&rsquo;un point de presse anim\u00e9 cette fin semaine \u00e0 Luanda, par le pr\u00e9sident sahraoui, Secr\u00e9taire g\u00e9n\u00e9ral du front Polisario, avec des m\u00e9dias angolais, en marge de sa participation \u00e0 la c\u00e9r\u00e9monie d&rsquo;investiture du pr\u00e9sident angolais r\u00e9\u00e9lu pour un second mandat, M. Joao Louren\u00e7o, a pr\u00e9cis\u00e9 SPS. Selon la m\u00eame source, le pr\u00e9sident Ghali a \u00ab salu\u00e9 la position historique de l&rsquo;Angola vis-\u00e0-vis de la cause juste du peuple sahraoui, et son soutien au droit des peuples \u00e0 l&rsquo;autod\u00e9termination et \u00e0 l&rsquo;ind\u00e9pendance \u00bb. Il a \u00e9galement mis en avant \u00ab le r\u00f4le pivot de l&rsquo;Angola au sein de la Communaut\u00e9 \u00e9conomique des Etats de l&rsquo;Afrique de l&rsquo;Ouest (CEDEAO) et de l&rsquo;Union africaine (UA) au plan international \u00bb. Evoquant les d\u00e9veloppements de la question sahraouie sur divers fronts notamment dans cette conjoncture caract\u00e9ris\u00e9e par l&rsquo;affrontement direct contre l&rsquo;occupant marocain apr\u00e8s la violation par Rabat de l&rsquo;accord de cessez-le-feu le 13 novembre 2020, le pr\u00e9sident de la RASD a r\u00e9affirm\u00e9 devant la presse angolaise que le peuple sahraoui \u00ab est dispos\u00e9 \u00e0 recouvrer ses droits en entier par tous les moyens en recourant \u00e0 toutes les voies l\u00e9gitimes m\u00eame \u00e0 la lutte arm\u00e9e\u00bb.<\/p>\n\n\n\n<p>R.I.<\/p>\n","protected":false},"excerpt":{"rendered":"<p>Le pr\u00e9sident de la R\u00e9publique arabe sahraouie d\u00e9mocratique (RASD), Brahim Ghali a salu\u00e9 la position \u00ab historique \u00bb de l&rsquo;Angola<\/p>\n","protected":false},"author":3,"featured_media":27491,"comment_status":"open","ping_status":"closed","sticky":false,"template":"","format":"standard","meta":{"colormag_page_container_layout":"default_layout","colormag_page_sidebar_layout":"default_layout","om_disable_all_campaigns":false,"_monsterinsights_skip_tracking":false,"_monsterinsights_sitenote_active":false,"_monsterinsights_sitenote_note":"","_monsterinsights_sitenote_category":0,"footnotes":"","_wpscppro_dont_share_socialmedia":false,"_wpscppro_custom_social_share_image":0,"_facebook_share_type":"","_twitter_share_type":"","_linkedin_share_type":"","_pinterest_share_type":"","_linkedin_share_type_page":"","_instagram_share_type":"","_medium_share_type":"","_threads_share_type":"","_google_business_share_type":"","_selected_social_profile":[],"_wpsp_enable_custom_social_template":false,"_wpsp_social_scheduling":{"enabled":false,"datetime":null,"platforms":[],"status":"template_only","dateOption":"today","timeOption":"now","customDays":"","customHours":"","customDate":"","customTime":"","schedulingType":"absolute"},"_wpsp_active_default_template":true},"categories":[37],"tags":[],"class_list":["post-27485","post","type-post","status-publish","format-standard","has-post-thumbnail","hentry","category-monde"],"aioseo_notices":[],"yoast_head":"<!-- This site is optimized with the Yoast SEO plugin v27.5 - https:\/\/yoast.com\/product\/yoast-seo-wordpress\/ -->\n<title>La RASD salue la position \u00ab historique \u00bb de l&rsquo;Angola en faveur de la cause sahraouie - La Sentinelle<\/title>\n<meta name=\"robots\" content=\"index, follow, max-snippet:-1, max-image-preview:large, max-video-preview:-1\" \/>\n<link rel=\"canonical\" href=\"https:\/\/lasentinelle.dz\/index.php\/2022\/09\/18\/la-rasd-salue-la-position-historique-de-langola-en-faveur-de-la-cause-sahraouie\/\" \/>\n<meta property=\"og:locale\" content=\"fr_FR\" \/>\n<meta property=\"og:type\" content=\"article\" \/>\n<meta property=\"og:title\" content=\"La RASD salue la position \u00ab historique \u00bb de l&rsquo;Angola en faveur de la cause sahraouie - La Sentinelle\" \/>\n<meta property=\"og:description\" content=\"Le pr\u00e9sident de la R\u00e9publique arabe sahraouie d\u00e9mocratique (RASD), Brahim Ghali a salu\u00e9 la position \u00ab historique \u00bb de l&rsquo;Angola\" \/>\n<meta property=\"og:url\" content=\"https:\/\/lasentinelle.dz\/index.php\/2022\/09\/18\/la-rasd-salue-la-position-historique-de-langola-en-faveur-de-la-cause-sahraouie\/\" \/>\n<meta property=\"og:site_name\" content=\"La Sentinelle\" \/>\n<meta property=\"article:publisher\" content=\"https:\/\/www.facebook.com\/La-Sentinelle-104059864394773\" \/>\n<meta property=\"article:published_time\" content=\"2022-09-17T23:01:00+00:00\" \/>\n<meta property=\"article:modified_time\" content=\"2022-09-18T10:56:28+00:00\" \/>\n<meta property=\"og:image\" content=\"https:\/\/lasentinelle.dz\/wp-content\/uploads\/2022\/09\/9d596817488afd75480d8fcd168880cc_M.jpg\" \/>\n\t<meta property=\"og:image:width\" content=\"580\" \/>\n\t<meta property=\"og:image:height\" content=\"350\" \/>\n\t<meta property=\"og:image:type\" content=\"image\/jpeg\" \/>\n<meta name=\"author\" content=\"La Sentinelle\" \/>\n<meta name=\"twitter:card\" content=\"summary_large_image\" \/>\n<meta name=\"twitter:label1\" content=\"\u00c9crit par\" \/>\n\t<meta name=\"twitter:data1\" content=\"La Sentinelle\" \/>\n\t<meta name=\"twitter:label2\" content=\"Dur\u00e9e de lecture estim\u00e9e\" \/>\n\t<meta name=\"twitter:data2\" content=\"2 minutes\" \/>\n<script type=\"application\/ld+json\" class=\"yoast-schema-graph\">{\"@context\":\"https:\\\/\\\/schema.org\",\"@graph\":[{\"@type\":\"Article\",\"@id\":\"https:\\\/\\\/lasentinelle.dz\\\/index.php\\\/2022\\\/09\\\/18\\\/la-rasd-salue-la-position-historique-de-langola-en-faveur-de-la-cause-sahraouie\\\/#article\",\"isPartOf\":{\"@id\":\"https:\\\/\\\/lasentinelle.dz\\\/index.php\\\/2022\\\/09\\\/18\\\/la-rasd-salue-la-position-historique-de-langola-en-faveur-de-la-cause-sahraouie\\\/\"},\"author\":{\"name\":\"La Sentinelle\",\"@id\":\"https:\\\/\\\/lasentinelle.dz\\\/#\\\/schema\\\/person\\\/d865044e22e70a75174ce8bcad3acfb3\"},\"headline\":\"La RASD salue la position \u00ab historique \u00bb de l&rsquo;Angola en faveur de la cause sahraouie\",\"datePublished\":\"2022-09-17T23:01:00+00:00\",\"dateModified\":\"2022-09-18T10:56:28+00:00\",\"mainEntityOfPage\":{\"@id\":\"https:\\\/\\\/lasentinelle.dz\\\/index.php\\\/2022\\\/09\\\/18\\\/la-rasd-salue-la-position-historique-de-langola-en-faveur-de-la-cause-sahraouie\\\/\"},\"wordCount\":278,\"commentCount\":0,\"publisher\":{\"@id\":\"https:\\\/\\\/lasentinelle.dz\\\/#organization\"},\"image\":{\"@id\":\"https:\\\/\\\/lasentinelle.dz\\\/index.php\\\/2022\\\/09\\\/18\\\/la-rasd-salue-la-position-historique-de-langola-en-faveur-de-la-cause-sahraouie\\\/#primaryimage\"},\"thumbnailUrl\":\"https:\\\/\\\/lasentinelle.dz\\\/wp-content\\\/uploads\\\/2022\\\/09\\\/9d596817488afd75480d8fcd168880cc_M.jpg\",\"articleSection\":[\"Monde\"],\"inLanguage\":\"fr-FR\",\"potentialAction\":[{\"@type\":\"CommentAction\",\"name\":\"Comment\",\"target\":[\"https:\\\/\\\/lasentinelle.dz\\\/index.php\\\/2022\\\/09\\\/18\\\/la-rasd-salue-la-position-historique-de-langola-en-faveur-de-la-cause-sahraouie\\\/#respond\"]}]},{\"@type\":\"WebPage\",\"@id\":\"https:\\\/\\\/lasentinelle.dz\\\/index.php\\\/2022\\\/09\\\/18\\\/la-rasd-salue-la-position-historique-de-langola-en-faveur-de-la-cause-sahraouie\\\/\",\"url\":\"https:\\\/\\\/lasentinelle.dz\\\/index.php\\\/2022\\\/09\\\/18\\\/la-rasd-salue-la-position-historique-de-langola-en-faveur-de-la-cause-sahraouie\\\/\",\"name\":\"La RASD salue la position \u00ab historique \u00bb de l&rsquo;Angola en faveur de la cause sahraouie - La Sentinelle\",\"isPartOf\":{\"@id\":\"https:\\\/\\\/lasentinelle.dz\\\/#website\"},\"primaryImageOfPage\":{\"@id\":\"https:\\\/\\\/lasentinelle.dz\\\/index.php\\\/2022\\\/09\\\/18\\\/la-rasd-salue-la-position-historique-de-langola-en-faveur-de-la-cause-sahraouie\\\/#primaryimage\"},\"image\":{\"@id\":\"https:\\\/\\\/lasentinelle.dz\\\/index.php\\\/2022\\\/09\\\/18\\\/la-rasd-salue-la-position-historique-de-langola-en-faveur-de-la-cause-sahraouie\\\/#primaryimage\"},\"thumbnailUrl\":\"https:\\\/\\\/lasentinelle.dz\\\/wp-content\\\/uploads\\\/2022\\\/09\\\/9d596817488afd75480d8fcd168880cc_M.jpg\",\"datePublished\":\"2022-09-17T23:01:00+00:00\",\"dateModified\":\"2022-09-18T10:56:28+00:00\",\"breadcrumb\":{\"@id\":\"https:\\\/\\\/lasentinelle.dz\\\/index.php\\\/2022\\\/09\\\/18\\\/la-rasd-salue-la-position-historique-de-langola-en-faveur-de-la-cause-sahraouie\\\/#breadcrumb\"},\"inLanguage\":\"fr-FR\",\"potentialAction\":[{\"@type\":\"ReadAction\",\"target\":[\"https:\\\/\\\/lasentinelle.dz\\\/index.php\\\/2022\\\/09\\\/18\\\/la-rasd-salue-la-position-historique-de-langola-en-faveur-de-la-cause-sahraouie\\\/\"]}]},{\"@type\":\"ImageObject\",\"inLanguage\":\"fr-FR\",\"@id\":\"https:\\\/\\\/lasentinelle.dz\\\/index.php\\\/2022\\\/09\\\/18\\\/la-rasd-salue-la-position-historique-de-langola-en-faveur-de-la-cause-sahraouie\\\/#primaryimage\",\"url\":\"https:\\\/\\\/lasentinelle.dz\\\/wp-content\\\/uploads\\\/2022\\\/09\\\/9d596817488afd75480d8fcd168880cc_M.jpg\",\"contentUrl\":\"https:\\\/\\\/lasentinelle.dz\\\/wp-content\\\/uploads\\\/2022\\\/09\\\/9d596817488afd75480d8fcd168880cc_M.jpg\",\"width\":580,\"height\":350},{\"@type\":\"BreadcrumbList\",\"@id\":\"https:\\\/\\\/lasentinelle.dz\\\/index.php\\\/2022\\\/09\\\/18\\\/la-rasd-salue-la-position-historique-de-langola-en-faveur-de-la-cause-sahraouie\\\/#breadcrumb\",\"itemListElement\":[{\"@type\":\"ListItem\",\"position\":1,\"name\":\"Accueil\",\"item\":\"https:\\\/\\\/lasentinelle.dz\\\/\"},{\"@type\":\"ListItem\",\"position\":2,\"name\":\"La RASD salue la position \u00ab historique \u00bb de l&rsquo;Angola en faveur de la cause sahraouie\"}]},{\"@type\":\"WebSite\",\"@id\":\"https:\\\/\\\/lasentinelle.dz\\\/#website\",\"url\":\"https:\\\/\\\/lasentinelle.dz\\\/\",\"name\":\"La Sentinelle\",\"description\":\"Quotidien national d&#039;information\",\"publisher\":{\"@id\":\"https:\\\/\\\/lasentinelle.dz\\\/#organization\"},\"potentialAction\":[{\"@type\":\"SearchAction\",\"target\":{\"@type\":\"EntryPoint\",\"urlTemplate\":\"https:\\\/\\\/lasentinelle.dz\\\/?s={search_term_string}\"},\"query-input\":{\"@type\":\"PropertyValueSpecification\",\"valueRequired\":true,\"valueName\":\"search_term_string\"}}],\"inLanguage\":\"fr-FR\"},{\"@type\":\"Organization\",\"@id\":\"https:\\\/\\\/lasentinelle.dz\\\/#organization\",\"name\":\"Quotidien La Sentinelle\",\"url\":\"https:\\\/\\\/lasentinelle.dz\\\/\",\"logo\":{\"@type\":\"ImageObject\",\"inLanguage\":\"fr-FR\",\"@id\":\"https:\\\/\\\/lasentinelle.dz\\\/#\\\/schema\\\/logo\\\/image\\\/\",\"url\":\"https:\\\/\\\/lasentinelle.dz\\\/wp-content\\\/uploads\\\/2021\\\/09\\\/logo-sentinelleSLOGAN-1.png\",\"contentUrl\":\"https:\\\/\\\/lasentinelle.dz\\\/wp-content\\\/uploads\\\/2021\\\/09\\\/logo-sentinelleSLOGAN-1.png\",\"width\":615,\"height\":142,\"caption\":\"Quotidien La Sentinelle\"},\"image\":{\"@id\":\"https:\\\/\\\/lasentinelle.dz\\\/#\\\/schema\\\/logo\\\/image\\\/\"},\"sameAs\":[\"https:\\\/\\\/www.facebook.com\\\/La-Sentinelle-104059864394773\"]},{\"@type\":\"Person\",\"@id\":\"https:\\\/\\\/lasentinelle.dz\\\/#\\\/schema\\\/person\\\/d865044e22e70a75174ce8bcad3acfb3\",\"name\":\"La Sentinelle\",\"image\":{\"@type\":\"ImageObject\",\"inLanguage\":\"fr-FR\",\"@id\":\"https:\\\/\\\/secure.gravatar.com\\\/avatar\\\/57de8e5d4b15d43fb361a71fbb36338450fe67865b528a43dd10ef7c51a20392?s=96&d=mm&r=g\",\"url\":\"https:\\\/\\\/secure.gravatar.com\\\/avatar\\\/57de8e5d4b15d43fb361a71fbb36338450fe67865b528a43dd10ef7c51a20392?s=96&d=mm&r=g\",\"contentUrl\":\"https:\\\/\\\/secure.gravatar.com\\\/avatar\\\/57de8e5d4b15d43fb361a71fbb36338450fe67865b528a43dd10ef7c51a20392?s=96&d=mm&r=g\",\"caption\":\"La Sentinelle\"},\"sameAs\":[\"http:\\\/\\\/www.lasentinelle.dz\"],\"url\":\"https:\\\/\\\/lasentinelle.dz\\\/author\\\/redaction\\\/\"}]}<\/script>\n<!-- \/ Yoast SEO plugin. -->","yoast_head_json":{"title":"La RASD salue la position \u00ab historique \u00bb de l&rsquo;Angola en faveur de la cause sahraouie - La Sentinelle","robots":{"index":"index","follow":"follow","max-snippet":"max-snippet:-1","max-image-preview":"max-image-preview:large","max-video-preview":"max-video-preview:-1"},"canonical":"https:\/\/lasentinelle.dz\/index.php\/2022\/09\/18\/la-rasd-salue-la-position-historique-de-langola-en-faveur-de-la-cause-sahraouie\/","og_locale":"fr_FR","og_type":"article","og_title":"La RASD salue la position \u00ab historique \u00bb de l&rsquo;Angola en faveur de la cause sahraouie - La Sentinelle","og_description":"Le pr\u00e9sident de la R\u00e9publique arabe sahraouie d\u00e9mocratique (RASD), Brahim Ghali a salu\u00e9 la position \u00ab historique \u00bb de l&rsquo;Angola","og_url":"https:\/\/lasentinelle.dz\/index.php\/2022\/09\/18\/la-rasd-salue-la-position-historique-de-langola-en-faveur-de-la-cause-sahraouie\/","og_site_name":"La Sentinelle","article_publisher":"https:\/\/www.facebook.com\/La-Sentinelle-104059864394773","article_published_time":"2022-09-17T23:01:00+00:00","article_modified_time":"2022-09-18T10:56:28+00:00","og_image":[{"width":580,"height":350,"url":"https:\/\/lasentinelle.dz\/wp-content\/uploads\/2022\/09\/9d596817488afd75480d8fcd168880cc_M.jpg","type":"image\/jpeg"}],"author":"La Sentinelle","twitter_card":"summary_large_image","twitter_misc":{"\u00c9crit par":"La Sentinelle","Dur\u00e9e de lecture estim\u00e9e":"2 minutes"},"schema":{"@context":"https:\/\/schema.org","@graph":[{"@type":"Article","@id":"https:\/\/lasentinelle.dz\/index.php\/2022\/09\/18\/la-rasd-salue-la-position-historique-de-langola-en-faveur-de-la-cause-sahraouie\/#article","isPartOf":{"@id":"https:\/\/lasentinelle.dz\/index.php\/2022\/09\/18\/la-rasd-salue-la-position-historique-de-langola-en-faveur-de-la-cause-sahraouie\/"},"author":{"name":"La Sentinelle","@id":"https:\/\/lasentinelle.dz\/#\/schema\/person\/d865044e22e70a75174ce8bcad3acfb3"},"headline":"La RASD salue la position \u00ab historique \u00bb de l&rsquo;Angola en faveur de la cause sahraouie","datePublished":"2022-09-17T23:01:00+00:00","dateModified":"2022-09-18T10:56:28+00:00","mainEntityOfPage":{"@id":"https:\/\/lasentinelle.dz\/index.php\/2022\/09\/18\/la-rasd-salue-la-position-historique-de-langola-en-faveur-de-la-cause-sahraouie\/"},"wordCount":278,"commentCount":0,"publisher":{"@id":"https:\/\/lasentinelle.dz\/#organization"},"image":{"@id":"https:\/\/lasentinelle.dz\/index.php\/2022\/09\/18\/la-rasd-salue-la-position-historique-de-langola-en-faveur-de-la-cause-sahraouie\/#primaryimage"},"thumbnailUrl":"https:\/\/lasentinelle.dz\/wp-content\/uploads\/2022\/09\/9d596817488afd75480d8fcd168880cc_M.jpg","articleSection":["Monde"],"inLanguage":"fr-FR","potentialAction":[{"@type":"CommentAction","name":"Comment","target":["https:\/\/lasentinelle.dz\/index.php\/2022\/09\/18\/la-rasd-salue-la-position-historique-de-langola-en-faveur-de-la-cause-sahraouie\/#respond"]}]},{"@type":"WebPage","@id":"https:\/\/lasentinelle.dz\/index.php\/2022\/09\/18\/la-rasd-salue-la-position-historique-de-langola-en-faveur-de-la-cause-sahraouie\/","url":"https:\/\/lasentinelle.dz\/index.php\/2022\/09\/18\/la-rasd-salue-la-position-historique-de-langola-en-faveur-de-la-cause-sahraouie\/","name":"La RASD salue la position \u00ab historique \u00bb de l&rsquo;Angola en faveur de la cause sahraouie - La Sentinelle","isPartOf":{"@id":"https:\/\/lasentinelle.dz\/#website"},"primaryImageOfPage":{"@id":"https:\/\/lasentinelle.dz\/index.php\/2022\/09\/18\/la-rasd-salue-la-position-historique-de-langola-en-faveur-de-la-cause-sahraouie\/#primaryimage"},"image":{"@id":"https:\/\/lasentinelle.dz\/index.php\/2022\/09\/18\/la-rasd-salue-la-position-historique-de-langola-en-faveur-de-la-cause-sahraouie\/#primaryimage"},"thumbnailUrl":"https:\/\/lasentinelle.dz\/wp-content\/uploads\/2022\/09\/9d596817488afd75480d8fcd168880cc_M.jpg","datePublished":"2022-09-17T23:01:00+00:00","dateModified":"2022-09-18T10:56:28+00:00","breadcrumb":{"@id":"https:\/\/lasentinelle.dz\/index.php\/2022\/09\/18\/la-rasd-salue-la-position-historique-de-langola-en-faveur-de-la-cause-sahraouie\/#breadcrumb"},"inLanguage":"fr-FR","potentialAction":[{"@type":"ReadAction","target":["https:\/\/lasentinelle.dz\/index.php\/2022\/09\/18\/la-rasd-salue-la-position-historique-de-langola-en-faveur-de-la-cause-sahraouie\/"]}]},{"@type":"ImageObject","inLanguage":"fr-FR","@id":"https:\/\/lasentinelle.dz\/index.php\/2022\/09\/18\/la-rasd-salue-la-position-historique-de-langola-en-faveur-de-la-cause-sahraouie\/#primaryimage","url":"https:\/\/lasentinelle.dz\/wp-content\/uploads\/2022\/09\/9d596817488afd75480d8fcd168880cc_M.jpg","contentUrl":"https:\/\/lasentinelle.dz\/wp-content\/uploads\/2022\/09\/9d596817488afd75480d8fcd168880cc_M.jpg","width":580,"height":350},{"@type":"BreadcrumbList","@id":"https:\/\/lasentinelle.dz\/index.php\/2022\/09\/18\/la-rasd-salue-la-position-historique-de-langola-en-faveur-de-la-cause-sahraouie\/#breadcrumb","itemListElement":[{"@type":"ListItem","position":1,"name":"Accueil","item":"https:\/\/lasentinelle.dz\/"},{"@type":"ListItem","position":2,"name":"La RASD salue la position \u00ab historique \u00bb de l&rsquo;Angola en faveur de la cause sahraouie"}]},{"@type":"WebSite","@id":"https:\/\/lasentinelle.dz\/#website","url":"https:\/\/lasentinelle.dz\/","name":"La Sentinelle","description":"Quotidien national d&#039;information","publisher":{"@id":"https:\/\/lasentinelle.dz\/#organization"},"potentialAction":[{"@type":"SearchAction","target":{"@type":"EntryPoint","urlTemplate":"https:\/\/lasentinelle.dz\/?s={search_term_string}"},"query-input":{"@type":"PropertyValueSpecification","valueRequired":true,"valueName":"search_term_string"}}],"inLanguage":"fr-FR"},{"@type":"Organization","@id":"https:\/\/lasentinelle.dz\/#organization","name":"Quotidien La Sentinelle","url":"https:\/\/lasentinelle.dz\/","logo":{"@type":"ImageObject","inLanguage":"fr-FR","@id":"https:\/\/lasentinelle.dz\/#\/schema\/logo\/image\/","url":"https:\/\/lasentinelle.dz\/wp-content\/uploads\/2021\/09\/logo-sentinelleSLOGAN-1.png","contentUrl":"https:\/\/lasentinelle.dz\/wp-content\/uploads\/2021\/09\/logo-sentinelleSLOGAN-1.png","width":615,"height":142,"caption":"Quotidien La Sentinelle"},"image":{"@id":"https:\/\/lasentinelle.dz\/#\/schema\/logo\/image\/"},"sameAs":["https:\/\/www.facebook.com\/La-Sentinelle-104059864394773"]},{"@type":"Person","@id":"https:\/\/lasentinelle.dz\/#\/schema\/person\/d865044e22e70a75174ce8bcad3acfb3","name":"La Sentinelle","image":{"@type":"ImageObject","inLanguage":"fr-FR","@id":"https:\/\/secure.gravatar.com\/avatar\/57de8e5d4b15d43fb361a71fbb36338450fe67865b528a43dd10ef7c51a20392?s=96&d=mm&r=g","url":"https:\/\/secure.gravatar.com\/avatar\/57de8e5d4b15d43fb361a71fbb36338450fe67865b528a43dd10ef7c51a20392?s=96&d=mm&r=g","contentUrl":"https:\/\/secure.gravatar.com\/avatar\/57de8e5d4b15d43fb361a71fbb36338450fe67865b528a43dd10ef7c51a20392?s=96&d=mm&r=g","caption":"La Sentinelle"},"sameAs":["http:\/\/www.lasentinelle.dz"],"url":"https:\/\/lasentinelle.dz\/author\/redaction\/"}]}},"_links":{"self":[{"href":"https:\/\/lasentinelle.dz\/index.php\/wp-json\/wp\/v2\/posts\/27485","targetHints":{"allow":["GET"]}}],"collection":[{"href":"https:\/\/lasentinelle.dz\/index.php\/wp-json\/wp\/v2\/posts"}],"about":[{"href":"https:\/\/lasentinelle.dz\/index.php\/wp-json\/wp\/v2\/types\/post"}],"author":[{"embeddable":true,"href":"https:\/\/lasentinelle.dz\/index.php\/wp-json\/wp\/v2\/users\/3"}],"replies":[{"embeddable":true,"href":"https:\/\/lasentinelle.dz\/index.php\/wp-json\/wp\/v2\/comments?post=27485"}],"version-history":[{"count":2,"href":"https:\/\/lasentinelle.dz\/index.php\/wp-json\/wp\/v2\/posts\/27485\/revisions"}],"predecessor-version":[{"id":27571,"href":"https:\/\/lasentinelle.dz\/index.php\/wp-json\/wp\/v2\/posts\/27485\/revisions\/27571"}],"wp:featuredmedia":[{"embeddable":true,"href":"https:\/\/lasentinelle.dz\/index.php\/wp-json\/wp\/v2\/media\/27491"}],"wp:attachment":[{"href":"https:\/\/lasentinelle.dz\/index.php\/wp-json\/wp\/v2\/media?parent=27485"}],"wp:term":[{"taxonomy":"category","embeddable":true,"href":"https:\/\/lasentinelle.dz\/index.php\/wp-json\/wp\/v2\/categories?post=27485"},{"taxonomy":"post_tag","embeddable":true,"href":"https:\/\/lasentinelle.dz\/index.php\/wp-json\/wp\/v2\/tags?post=27485"}],"curies":[{"name":"wp","href":"https:\/\/api.w.org\/{rel}","templated":true}]}}