{"id":27495,"date":"2022-09-18T00:08:00","date_gmt":"2022-09-17T23:08:00","guid":{"rendered":"https:\/\/lasentinelle.dz\/?p=27495"},"modified":"2022-09-18T11:54:49","modified_gmt":"2022-09-18T10:54:49","slug":"belmadi-devoile-sa-liste-des-retours-mbolhi-evacue","status":"publish","type":"post","link":"https:\/\/lasentinelle.dz\/index.php\/2022\/09\/18\/belmadi-devoile-sa-liste-des-retours-mbolhi-evacue\/","title":{"rendered":"Belmadi d\u00e9voile sa liste\u00a0: Des retours, Mbolhi \u00e9vacu\u00e9"},"content":{"rendered":"\n<p>La reconfiguration du Onze national devient plus claire. Hier, la F\u00e9d\u00e9ration alg\u00e9rienne de football a d\u00e9voil\u00e9 la liste des 24 joueurs retenus par Djamel Belmadi pour les joutes amicales de l\u2019EN pr\u00e9vues la semaine prochaine.<\/p>\n\n\n\n<p>Apr\u00e8s plusieurs jours de sp\u00e9culations et de suspens, Djamel Belmadi a d\u00e9voil\u00e9 hier la liste des 24 joueurs qu\u2019il a retenus pour le stage de l\u2019EN. Un stage qui doit se tenir au CTN de Sidi Moussa, avant que les joueurs ne se dirigent vers Oran pour leurs confrontations avec les s\u00e9lections guin\u00e9enne et nig\u00e9riane pr\u00e9vues vendredi prochain et le mardi suivant.<\/p>\n\n\n\n<p>Si certains choix du coach national avaient \u00e9t\u00e9 anticip\u00e9s, d\u2019autres n\u2019\u00e9taient pas attendus.<\/p>\n\n\n\n<p>C\u2019est ainsi que la liste de Belmadi a d\u00e9menti tout ce qui avait \u00e9t\u00e9 dit jusque-l\u00e0 sur le recrutement de jeunes binationaux pour apporter du sang neuf dans l\u2019\u00e9quipe. Belmadi a par contre d\u00e9cid\u00e9 de piocher dans le championnat national pour \u00e9toffer son \u00e9quipe. C\u2019est ainsi qu\u2019il a convoqu\u00e9 pour la premi\u00e8re fois, le milieu de terrain du CR Belouizdad, Houssam Mrezigue, champion arabe 2021 avec la s\u00e9lection A&rsquo;.<\/p>\n\n\n\n<p>La liste du S\u00e9lectionneur national a \u00e9t\u00e9 marqu\u00e9e par de nombreux retours. Le plus attendu est celui d\u2019Andy Delort, \u00e9cart\u00e9 de l\u2019EN pour avoir choisi de mettre entre parenth\u00e8se ses engagements avec les Verts pour se consacrer \u00e0 son club l\u2019OGC Nice. Un choix qui avait provoqu\u00e9 l\u2019ire de Belmadi et avait donn\u00e9 lieu \u00e0 une pol\u00e9mique. Depuis, l\u2019eau a coul\u00e9 sous les ponts et Delort a d\u00e9cid\u00e9 de faire son mea culpa.&nbsp; \u00ab\u00a0J&rsquo;ai cach\u00e9 des choses au coach sur des probl\u00e8mes personnels qui m&#8217;emp\u00eachaient d&rsquo;aller en s\u00e9lection. (&#8230;) J&rsquo;aurais d\u00fb \u00eatre plus clair avec lui, plus franc. Je tiens \u00e0 m&rsquo;excuser aupr\u00e8s du peuple alg\u00e9rien et je me languis de rejouer et leur montrer tout l&rsquo;amour que j&rsquo;ai pour la s\u00e9lection alg\u00e9rienne\u00a0\u00bb, a expliqu\u00e9 le buteur de l\u2019OGC Nice dans une vid\u00e9o publi\u00e9e sur la cha\u00eene YouTube de la FAF. Il y a aussi le retour des milieux de terrain Hicham Boudaoui (OGC Nice\/France) et Nabil Bentaleb (Angers SCO\/Ligue 1 fran\u00e7aise de football) ainsi que de l&rsquo;attaquant du Manchester City, Riyad Mahrez, absents lors des deux premi\u00e8res rencontres des \u00e9liminatoires de la CAN-2023 pour blessure. Des d\u00e9parts \u00e9taient attendus, notamment pour les joueurs rest\u00e9s plusieurs mois sans clubs \u00e0 la fin dd leurs engagements. C\u2019est le cas du portier de l\u2019EN depuis 12 ans Rais M&rsquo;Bolhi. Un poste pour lequel Antony Mandrea retenu pour la seconde fois par Belmadi part favoris. C\u2019est le cas aussi de Sofiane Feghouli. Le S\u00e9lectionneur national n\u2019a pas non plus retenu Djamel Benlamri, Baghdad Bounedjah et Sofiane Bendebka.<\/p>\n\n\n\n<p>Il est utile de noter que le coach national animera aujourd\u2019hui une conf\u00e9rence de presse au cours de laquelle il reviendra certainement sur ses choix, mais aussi sur la strat\u00e9gie trac\u00e9e pour l\u2019EN, en pr\u00e9vision des prochaines \u00e9ch\u00e9ances, notamment les \u00e9liminatoires de la CAN-2024. Pour rappel, les 3e et 4e journ\u00e9es des qualifications initialement pr\u00e9vues&nbsp; les 19 et 27 septembre, ont \u00e9t\u00e9 reprogramm\u00e9es pour les 20 et 28 mars 2023. Les joueurs du s\u00e9lectionneur national Djamel Belmadi, disputeront un ou deux matchs amicaux en novembre prochain, soit \u00e0 quelques jours du coup d&rsquo;envoi de la Coupe du monde 2022 au Qatar (20 novembre &#8211; 18 d\u00e9cembre).<\/p>\n\n\n\n<p>Les deux derni\u00e8res sorties des \u00ab\u00a0Verts\u00a0\u00bb remontent \u00e0 juin dernier, dans le cadre des deux premi\u00e8res journ\u00e9es des qualifications de la Coupe d&rsquo;Afrique des nations CAN-2023 (report\u00e9e \u00e0 2024, ndlr) en C\u00f4te d&rsquo;Ivoire. Lors du premier match, l&rsquo;Alg\u00e9rie s&rsquo;est impos\u00e9e le 4 juin face \u00e0 l&rsquo;Ouganda (2-0) au stade du 5-juillet d&rsquo;Alger, avant de l&#8217;emporter sur le m\u00eame score quatre jours plus tard \u00e0 Dar Es-Salam face \u00e0 la Tanzanie, pour le compte de la 2e journ\u00e9e (Gr.F).<\/p>\n\n\n\n<p><strong>Chokri Hafed<\/strong><\/p>\n\n\n\n<p><\/p>\n\n\n\n<p class=\"has-large-font-size\"><strong>Liste des 24 joueurs :<\/strong><\/p>\n\n\n\n<p><strong>Gardiens :<\/strong> Zeghba (Damac FC\/ Arabie saoudite), Mandrea (SM Caen\/ France), Oukidja (FC Metz\/France).<\/p>\n\n\n\n<p><strong>D\u00e9fenseurs :<\/strong> Mandi (Villarreal\/ Espagne), Bedrane (Damac FC \/Arabie saoudite), Zedadka (LOSC Lille\/France), Benayada (WA Casablanca (Maroc), Touba (Basaksehir FK\/Turquie), Touga\u00ef (ES Tunis\/ Tunisie), Benseba\u00efni (B. Monchengladbach\/ Allemagne), Atal (OGC Nice\/France).&nbsp;<\/p>\n\n\n\n<p><strong>Milieux :<\/strong> Zerrouki (FC Twente\/ Pays-Bas), Zorgane (Charleroi\/ Belgique), Boudaoui (OGC Nice\/ France), Bennacer (AC Milan\/ Italie), Bentaleb (Angers SCO\/France), Mrezigue (CR Belouizdad\/Alg\u00e9rie).<\/p>\n\n\n\n<p><strong>Attaquants :<\/strong> Bela\u00efli (Stade brestois 29\/ France), Brahimi (OGC Nice\/ France), Ounas (LOSC Lille\/France), Amoura (FC Lugano\/ Suisse), Slimani (Stade brestois 29\/ France), Delors (OGC Nice\/France), Mahrez (Manchester City\/Angleterre).<\/p>\n","protected":false},"excerpt":{"rendered":"<p>La reconfiguration du Onze national devient plus claire. Hier, la F\u00e9d\u00e9ration alg\u00e9rienne de football a d\u00e9voil\u00e9 la liste des 24<\/p>\n","protected":false},"author":3,"featured_media":27522,"comment_status":"open","ping_status":"closed","sticky":false,"template":"","format":"standard","meta":{"colormag_page_container_layout":"default_layout","colormag_page_sidebar_layout":"default_layout","om_disable_all_campaigns":false,"_monsterinsights_skip_tracking":false,"_monsterinsights_sitenote_active":false,"_monsterinsights_sitenote_note":"","_monsterinsights_sitenote_category":0,"footnotes":"","_wpscppro_dont_share_socialmedia":false,"_wpscppro_custom_social_share_image":0,"_facebook_share_type":"","_twitter_share_type":"","_linkedin_share_type":"","_pinterest_share_type":"","_linkedin_share_type_page":"","_instagram_share_type":"","_medium_share_type":"","_threads_share_type":"","_google_business_share_type":"","_selected_social_profile":[],"_wpsp_enable_custom_social_template":false,"_wpsp_social_scheduling":{"enabled":false,"datetime":null,"platforms":[],"status":"template_only","dateOption":"today","timeOption":"now","customDays":"","customHours":"","customDate":"","customTime":"","schedulingType":"absolute"},"_wpsp_active_default_template":true},"categories":[52,33],"tags":[],"class_list":["post-27495","post","type-post","status-publish","format-standard","has-post-thumbnail","hentry","category-a-la-une","category-sports"],"aioseo_notices":[],"yoast_head":"<!-- This site is optimized with the Yoast SEO plugin v27.5 - https:\/\/yoast.com\/product\/yoast-seo-wordpress\/ -->\n<title>Belmadi d\u00e9voile sa liste\u00a0: Des retours, Mbolhi \u00e9vacu\u00e9 - La Sentinelle<\/title>\n<meta name=\"robots\" content=\"index, follow, max-snippet:-1, max-image-preview:large, max-video-preview:-1\" \/>\n<link rel=\"canonical\" href=\"https:\/\/lasentinelle.dz\/index.php\/2022\/09\/18\/belmadi-devoile-sa-liste-des-retours-mbolhi-evacue\/\" \/>\n<meta property=\"og:locale\" content=\"fr_FR\" \/>\n<meta property=\"og:type\" content=\"article\" \/>\n<meta property=\"og:title\" content=\"Belmadi d\u00e9voile sa liste\u00a0: Des retours, Mbolhi \u00e9vacu\u00e9 - La Sentinelle\" \/>\n<meta property=\"og:description\" content=\"La reconfiguration du Onze national devient plus claire. Hier, la F\u00e9d\u00e9ration alg\u00e9rienne de football a d\u00e9voil\u00e9 la liste des 24\" \/>\n<meta property=\"og:url\" content=\"https:\/\/lasentinelle.dz\/index.php\/2022\/09\/18\/belmadi-devoile-sa-liste-des-retours-mbolhi-evacue\/\" \/>\n<meta property=\"og:site_name\" content=\"La Sentinelle\" \/>\n<meta property=\"article:publisher\" content=\"https:\/\/www.facebook.com\/La-Sentinelle-104059864394773\" \/>\n<meta property=\"article:published_time\" content=\"2022-09-17T23:08:00+00:00\" \/>\n<meta property=\"article:modified_time\" content=\"2022-09-18T10:54:49+00:00\" \/>\n<meta property=\"og:image\" content=\"https:\/\/lasentinelle.dz\/wp-content\/uploads\/2022\/09\/belmadi-1.png\" \/>\n\t<meta property=\"og:image:width\" content=\"1688\" \/>\n\t<meta property=\"og:image:height\" content=\"900\" \/>\n\t<meta property=\"og:image:type\" content=\"image\/png\" \/>\n<meta name=\"author\" content=\"La Sentinelle\" \/>\n<meta name=\"twitter:card\" content=\"summary_large_image\" \/>\n<meta name=\"twitter:label1\" content=\"\u00c9crit par\" \/>\n\t<meta name=\"twitter:data1\" content=\"La Sentinelle\" \/>\n\t<meta name=\"twitter:label2\" content=\"Dur\u00e9e de lecture estim\u00e9e\" \/>\n\t<meta name=\"twitter:data2\" content=\"4 minutes\" \/>\n<script type=\"application\/ld+json\" class=\"yoast-schema-graph\">{\"@context\":\"https:\\\/\\\/schema.org\",\"@graph\":[{\"@type\":\"Article\",\"@id\":\"https:\\\/\\\/lasentinelle.dz\\\/index.php\\\/2022\\\/09\\\/18\\\/belmadi-devoile-sa-liste-des-retours-mbolhi-evacue\\\/#article\",\"isPartOf\":{\"@id\":\"https:\\\/\\\/lasentinelle.dz\\\/index.php\\\/2022\\\/09\\\/18\\\/belmadi-devoile-sa-liste-des-retours-mbolhi-evacue\\\/\"},\"author\":{\"name\":\"La Sentinelle\",\"@id\":\"https:\\\/\\\/lasentinelle.dz\\\/#\\\/schema\\\/person\\\/d865044e22e70a75174ce8bcad3acfb3\"},\"headline\":\"Belmadi d\u00e9voile sa liste\u00a0: Des retours, Mbolhi \u00e9vacu\u00e9\",\"datePublished\":\"2022-09-17T23:08:00+00:00\",\"dateModified\":\"2022-09-18T10:54:49+00:00\",\"mainEntityOfPage\":{\"@id\":\"https:\\\/\\\/lasentinelle.dz\\\/index.php\\\/2022\\\/09\\\/18\\\/belmadi-devoile-sa-liste-des-retours-mbolhi-evacue\\\/\"},\"wordCount\":809,\"commentCount\":0,\"publisher\":{\"@id\":\"https:\\\/\\\/lasentinelle.dz\\\/#organization\"},\"image\":{\"@id\":\"https:\\\/\\\/lasentinelle.dz\\\/index.php\\\/2022\\\/09\\\/18\\\/belmadi-devoile-sa-liste-des-retours-mbolhi-evacue\\\/#primaryimage\"},\"thumbnailUrl\":\"https:\\\/\\\/lasentinelle.dz\\\/wp-content\\\/uploads\\\/2022\\\/09\\\/belmadi-1.png\",\"articleSection\":[\"\u00c0 la Une\",\"Sports\"],\"inLanguage\":\"fr-FR\",\"potentialAction\":[{\"@type\":\"CommentAction\",\"name\":\"Comment\",\"target\":[\"https:\\\/\\\/lasentinelle.dz\\\/index.php\\\/2022\\\/09\\\/18\\\/belmadi-devoile-sa-liste-des-retours-mbolhi-evacue\\\/#respond\"]}]},{\"@type\":\"WebPage\",\"@id\":\"https:\\\/\\\/lasentinelle.dz\\\/index.php\\\/2022\\\/09\\\/18\\\/belmadi-devoile-sa-liste-des-retours-mbolhi-evacue\\\/\",\"url\":\"https:\\\/\\\/lasentinelle.dz\\\/index.php\\\/2022\\\/09\\\/18\\\/belmadi-devoile-sa-liste-des-retours-mbolhi-evacue\\\/\",\"name\":\"Belmadi d\u00e9voile sa liste\u00a0: Des retours, Mbolhi \u00e9vacu\u00e9 - La Sentinelle\",\"isPartOf\":{\"@id\":\"https:\\\/\\\/lasentinelle.dz\\\/#website\"},\"primaryImageOfPage\":{\"@id\":\"https:\\\/\\\/lasentinelle.dz\\\/index.php\\\/2022\\\/09\\\/18\\\/belmadi-devoile-sa-liste-des-retours-mbolhi-evacue\\\/#primaryimage\"},\"image\":{\"@id\":\"https:\\\/\\\/lasentinelle.dz\\\/index.php\\\/2022\\\/09\\\/18\\\/belmadi-devoile-sa-liste-des-retours-mbolhi-evacue\\\/#primaryimage\"},\"thumbnailUrl\":\"https:\\\/\\\/lasentinelle.dz\\\/wp-content\\\/uploads\\\/2022\\\/09\\\/belmadi-1.png\",\"datePublished\":\"2022-09-17T23:08:00+00:00\",\"dateModified\":\"2022-09-18T10:54:49+00:00\",\"breadcrumb\":{\"@id\":\"https:\\\/\\\/lasentinelle.dz\\\/index.php\\\/2022\\\/09\\\/18\\\/belmadi-devoile-sa-liste-des-retours-mbolhi-evacue\\\/#breadcrumb\"},\"inLanguage\":\"fr-FR\",\"potentialAction\":[{\"@type\":\"ReadAction\",\"target\":[\"https:\\\/\\\/lasentinelle.dz\\\/index.php\\\/2022\\\/09\\\/18\\\/belmadi-devoile-sa-liste-des-retours-mbolhi-evacue\\\/\"]}]},{\"@type\":\"ImageObject\",\"inLanguage\":\"fr-FR\",\"@id\":\"https:\\\/\\\/lasentinelle.dz\\\/index.php\\\/2022\\\/09\\\/18\\\/belmadi-devoile-sa-liste-des-retours-mbolhi-evacue\\\/#primaryimage\",\"url\":\"https:\\\/\\\/lasentinelle.dz\\\/wp-content\\\/uploads\\\/2022\\\/09\\\/belmadi-1.png\",\"contentUrl\":\"https:\\\/\\\/lasentinelle.dz\\\/wp-content\\\/uploads\\\/2022\\\/09\\\/belmadi-1.png\",\"width\":1688,\"height\":900},{\"@type\":\"BreadcrumbList\",\"@id\":\"https:\\\/\\\/lasentinelle.dz\\\/index.php\\\/2022\\\/09\\\/18\\\/belmadi-devoile-sa-liste-des-retours-mbolhi-evacue\\\/#breadcrumb\",\"itemListElement\":[{\"@type\":\"ListItem\",\"position\":1,\"name\":\"Accueil\",\"item\":\"https:\\\/\\\/lasentinelle.dz\\\/\"},{\"@type\":\"ListItem\",\"position\":2,\"name\":\"Belmadi d\u00e9voile sa liste\u00a0: Des retours, Mbolhi \u00e9vacu\u00e9\"}]},{\"@type\":\"WebSite\",\"@id\":\"https:\\\/\\\/lasentinelle.dz\\\/#website\",\"url\":\"https:\\\/\\\/lasentinelle.dz\\\/\",\"name\":\"La Sentinelle\",\"description\":\"Quotidien national d&#039;information\",\"publisher\":{\"@id\":\"https:\\\/\\\/lasentinelle.dz\\\/#organization\"},\"potentialAction\":[{\"@type\":\"SearchAction\",\"target\":{\"@type\":\"EntryPoint\",\"urlTemplate\":\"https:\\\/\\\/lasentinelle.dz\\\/?s={search_term_string}\"},\"query-input\":{\"@type\":\"PropertyValueSpecification\",\"valueRequired\":true,\"valueName\":\"search_term_string\"}}],\"inLanguage\":\"fr-FR\"},{\"@type\":\"Organization\",\"@id\":\"https:\\\/\\\/lasentinelle.dz\\\/#organization\",\"name\":\"Quotidien La Sentinelle\",\"url\":\"https:\\\/\\\/lasentinelle.dz\\\/\",\"logo\":{\"@type\":\"ImageObject\",\"inLanguage\":\"fr-FR\",\"@id\":\"https:\\\/\\\/lasentinelle.dz\\\/#\\\/schema\\\/logo\\\/image\\\/\",\"url\":\"https:\\\/\\\/lasentinelle.dz\\\/wp-content\\\/uploads\\\/2021\\\/09\\\/logo-sentinelleSLOGAN-1.png\",\"contentUrl\":\"https:\\\/\\\/lasentinelle.dz\\\/wp-content\\\/uploads\\\/2021\\\/09\\\/logo-sentinelleSLOGAN-1.png\",\"width\":615,\"height\":142,\"caption\":\"Quotidien La Sentinelle\"},\"image\":{\"@id\":\"https:\\\/\\\/lasentinelle.dz\\\/#\\\/schema\\\/logo\\\/image\\\/\"},\"sameAs\":[\"https:\\\/\\\/www.facebook.com\\\/La-Sentinelle-104059864394773\"]},{\"@type\":\"Person\",\"@id\":\"https:\\\/\\\/lasentinelle.dz\\\/#\\\/schema\\\/person\\\/d865044e22e70a75174ce8bcad3acfb3\",\"name\":\"La Sentinelle\",\"image\":{\"@type\":\"ImageObject\",\"inLanguage\":\"fr-FR\",\"@id\":\"https:\\\/\\\/secure.gravatar.com\\\/avatar\\\/57de8e5d4b15d43fb361a71fbb36338450fe67865b528a43dd10ef7c51a20392?s=96&d=mm&r=g\",\"url\":\"https:\\\/\\\/secure.gravatar.com\\\/avatar\\\/57de8e5d4b15d43fb361a71fbb36338450fe67865b528a43dd10ef7c51a20392?s=96&d=mm&r=g\",\"contentUrl\":\"https:\\\/\\\/secure.gravatar.com\\\/avatar\\\/57de8e5d4b15d43fb361a71fbb36338450fe67865b528a43dd10ef7c51a20392?s=96&d=mm&r=g\",\"caption\":\"La Sentinelle\"},\"sameAs\":[\"http:\\\/\\\/www.lasentinelle.dz\"],\"url\":\"https:\\\/\\\/lasentinelle.dz\\\/author\\\/redaction\\\/\"}]}<\/script>\n<!-- \/ Yoast SEO plugin. -->","yoast_head_json":{"title":"Belmadi d\u00e9voile sa liste\u00a0: Des retours, Mbolhi \u00e9vacu\u00e9 - La Sentinelle","robots":{"index":"index","follow":"follow","max-snippet":"max-snippet:-1","max-image-preview":"max-image-preview:large","max-video-preview":"max-video-preview:-1"},"canonical":"https:\/\/lasentinelle.dz\/index.php\/2022\/09\/18\/belmadi-devoile-sa-liste-des-retours-mbolhi-evacue\/","og_locale":"fr_FR","og_type":"article","og_title":"Belmadi d\u00e9voile sa liste\u00a0: Des retours, Mbolhi \u00e9vacu\u00e9 - La Sentinelle","og_description":"La reconfiguration du Onze national devient plus claire. Hier, la F\u00e9d\u00e9ration alg\u00e9rienne de football a d\u00e9voil\u00e9 la liste des 24","og_url":"https:\/\/lasentinelle.dz\/index.php\/2022\/09\/18\/belmadi-devoile-sa-liste-des-retours-mbolhi-evacue\/","og_site_name":"La Sentinelle","article_publisher":"https:\/\/www.facebook.com\/La-Sentinelle-104059864394773","article_published_time":"2022-09-17T23:08:00+00:00","article_modified_time":"2022-09-18T10:54:49+00:00","og_image":[{"width":1688,"height":900,"url":"https:\/\/lasentinelle.dz\/wp-content\/uploads\/2022\/09\/belmadi-1.png","type":"image\/png"}],"author":"La Sentinelle","twitter_card":"summary_large_image","twitter_misc":{"\u00c9crit par":"La Sentinelle","Dur\u00e9e de lecture estim\u00e9e":"4 minutes"},"schema":{"@context":"https:\/\/schema.org","@graph":[{"@type":"Article","@id":"https:\/\/lasentinelle.dz\/index.php\/2022\/09\/18\/belmadi-devoile-sa-liste-des-retours-mbolhi-evacue\/#article","isPartOf":{"@id":"https:\/\/lasentinelle.dz\/index.php\/2022\/09\/18\/belmadi-devoile-sa-liste-des-retours-mbolhi-evacue\/"},"author":{"name":"La Sentinelle","@id":"https:\/\/lasentinelle.dz\/#\/schema\/person\/d865044e22e70a75174ce8bcad3acfb3"},"headline":"Belmadi d\u00e9voile sa liste\u00a0: Des retours, Mbolhi \u00e9vacu\u00e9","datePublished":"2022-09-17T23:08:00+00:00","dateModified":"2022-09-18T10:54:49+00:00","mainEntityOfPage":{"@id":"https:\/\/lasentinelle.dz\/index.php\/2022\/09\/18\/belmadi-devoile-sa-liste-des-retours-mbolhi-evacue\/"},"wordCount":809,"commentCount":0,"publisher":{"@id":"https:\/\/lasentinelle.dz\/#organization"},"image":{"@id":"https:\/\/lasentinelle.dz\/index.php\/2022\/09\/18\/belmadi-devoile-sa-liste-des-retours-mbolhi-evacue\/#primaryimage"},"thumbnailUrl":"https:\/\/lasentinelle.dz\/wp-content\/uploads\/2022\/09\/belmadi-1.png","articleSection":["\u00c0 la Une","Sports"],"inLanguage":"fr-FR","potentialAction":[{"@type":"CommentAction","name":"Comment","target":["https:\/\/lasentinelle.dz\/index.php\/2022\/09\/18\/belmadi-devoile-sa-liste-des-retours-mbolhi-evacue\/#respond"]}]},{"@type":"WebPage","@id":"https:\/\/lasentinelle.dz\/index.php\/2022\/09\/18\/belmadi-devoile-sa-liste-des-retours-mbolhi-evacue\/","url":"https:\/\/lasentinelle.dz\/index.php\/2022\/09\/18\/belmadi-devoile-sa-liste-des-retours-mbolhi-evacue\/","name":"Belmadi d\u00e9voile sa liste\u00a0: Des retours, Mbolhi \u00e9vacu\u00e9 - La Sentinelle","isPartOf":{"@id":"https:\/\/lasentinelle.dz\/#website"},"primaryImageOfPage":{"@id":"https:\/\/lasentinelle.dz\/index.php\/2022\/09\/18\/belmadi-devoile-sa-liste-des-retours-mbolhi-evacue\/#primaryimage"},"image":{"@id":"https:\/\/lasentinelle.dz\/index.php\/2022\/09\/18\/belmadi-devoile-sa-liste-des-retours-mbolhi-evacue\/#primaryimage"},"thumbnailUrl":"https:\/\/lasentinelle.dz\/wp-content\/uploads\/2022\/09\/belmadi-1.png","datePublished":"2022-09-17T23:08:00+00:00","dateModified":"2022-09-18T10:54:49+00:00","breadcrumb":{"@id":"https:\/\/lasentinelle.dz\/index.php\/2022\/09\/18\/belmadi-devoile-sa-liste-des-retours-mbolhi-evacue\/#breadcrumb"},"inLanguage":"fr-FR","potentialAction":[{"@type":"ReadAction","target":["https:\/\/lasentinelle.dz\/index.php\/2022\/09\/18\/belmadi-devoile-sa-liste-des-retours-mbolhi-evacue\/"]}]},{"@type":"ImageObject","inLanguage":"fr-FR","@id":"https:\/\/lasentinelle.dz\/index.php\/2022\/09\/18\/belmadi-devoile-sa-liste-des-retours-mbolhi-evacue\/#primaryimage","url":"https:\/\/lasentinelle.dz\/wp-content\/uploads\/2022\/09\/belmadi-1.png","contentUrl":"https:\/\/lasentinelle.dz\/wp-content\/uploads\/2022\/09\/belmadi-1.png","width":1688,"height":900},{"@type":"BreadcrumbList","@id":"https:\/\/lasentinelle.dz\/index.php\/2022\/09\/18\/belmadi-devoile-sa-liste-des-retours-mbolhi-evacue\/#breadcrumb","itemListElement":[{"@type":"ListItem","position":1,"name":"Accueil","item":"https:\/\/lasentinelle.dz\/"},{"@type":"ListItem","position":2,"name":"Belmadi d\u00e9voile sa liste\u00a0: Des retours, Mbolhi \u00e9vacu\u00e9"}]},{"@type":"WebSite","@id":"https:\/\/lasentinelle.dz\/#website","url":"https:\/\/lasentinelle.dz\/","name":"La Sentinelle","description":"Quotidien national d&#039;information","publisher":{"@id":"https:\/\/lasentinelle.dz\/#organization"},"potentialAction":[{"@type":"SearchAction","target":{"@type":"EntryPoint","urlTemplate":"https:\/\/lasentinelle.dz\/?s={search_term_string}"},"query-input":{"@type":"PropertyValueSpecification","valueRequired":true,"valueName":"search_term_string"}}],"inLanguage":"fr-FR"},{"@type":"Organization","@id":"https:\/\/lasentinelle.dz\/#organization","name":"Quotidien La Sentinelle","url":"https:\/\/lasentinelle.dz\/","logo":{"@type":"ImageObject","inLanguage":"fr-FR","@id":"https:\/\/lasentinelle.dz\/#\/schema\/logo\/image\/","url":"https:\/\/lasentinelle.dz\/wp-content\/uploads\/2021\/09\/logo-sentinelleSLOGAN-1.png","contentUrl":"https:\/\/lasentinelle.dz\/wp-content\/uploads\/2021\/09\/logo-sentinelleSLOGAN-1.png","width":615,"height":142,"caption":"Quotidien La Sentinelle"},"image":{"@id":"https:\/\/lasentinelle.dz\/#\/schema\/logo\/image\/"},"sameAs":["https:\/\/www.facebook.com\/La-Sentinelle-104059864394773"]},{"@type":"Person","@id":"https:\/\/lasentinelle.dz\/#\/schema\/person\/d865044e22e70a75174ce8bcad3acfb3","name":"La Sentinelle","image":{"@type":"ImageObject","inLanguage":"fr-FR","@id":"https:\/\/secure.gravatar.com\/avatar\/57de8e5d4b15d43fb361a71fbb36338450fe67865b528a43dd10ef7c51a20392?s=96&d=mm&r=g","url":"https:\/\/secure.gravatar.com\/avatar\/57de8e5d4b15d43fb361a71fbb36338450fe67865b528a43dd10ef7c51a20392?s=96&d=mm&r=g","contentUrl":"https:\/\/secure.gravatar.com\/avatar\/57de8e5d4b15d43fb361a71fbb36338450fe67865b528a43dd10ef7c51a20392?s=96&d=mm&r=g","caption":"La Sentinelle"},"sameAs":["http:\/\/www.lasentinelle.dz"],"url":"https:\/\/lasentinelle.dz\/author\/redaction\/"}]}},"_links":{"self":[{"href":"https:\/\/lasentinelle.dz\/index.php\/wp-json\/wp\/v2\/posts\/27495","targetHints":{"allow":["GET"]}}],"collection":[{"href":"https:\/\/lasentinelle.dz\/index.php\/wp-json\/wp\/v2\/posts"}],"about":[{"href":"https:\/\/lasentinelle.dz\/index.php\/wp-json\/wp\/v2\/types\/post"}],"author":[{"embeddable":true,"href":"https:\/\/lasentinelle.dz\/index.php\/wp-json\/wp\/v2\/users\/3"}],"replies":[{"embeddable":true,"href":"https:\/\/lasentinelle.dz\/index.php\/wp-json\/wp\/v2\/comments?post=27495"}],"version-history":[{"count":2,"href":"https:\/\/lasentinelle.dz\/index.php\/wp-json\/wp\/v2\/posts\/27495\/revisions"}],"predecessor-version":[{"id":27565,"href":"https:\/\/lasentinelle.dz\/index.php\/wp-json\/wp\/v2\/posts\/27495\/revisions\/27565"}],"wp:featuredmedia":[{"embeddable":true,"href":"https:\/\/lasentinelle.dz\/index.php\/wp-json\/wp\/v2\/media\/27522"}],"wp:attachment":[{"href":"https:\/\/lasentinelle.dz\/index.php\/wp-json\/wp\/v2\/media?parent=27495"}],"wp:term":[{"taxonomy":"category","embeddable":true,"href":"https:\/\/lasentinelle.dz\/index.php\/wp-json\/wp\/v2\/categories?post=27495"},{"taxonomy":"post_tag","embeddable":true,"href":"https:\/\/lasentinelle.dz\/index.php\/wp-json\/wp\/v2\/tags?post=27495"}],"curies":[{"name":"wp","href":"https:\/\/api.w.org\/{rel}","templated":true}]}}