{"id":27497,"date":"2022-09-18T00:01:00","date_gmt":"2022-09-17T23:01:00","guid":{"rendered":"https:\/\/lasentinelle.dz\/?p=27497"},"modified":"2022-09-18T11:57:14","modified_gmt":"2022-09-18T10:57:14","slug":"terrorisme-au-sahel-daech-revendique-sa-premiere-attaque-au-benin","status":"publish","type":"post","link":"https:\/\/lasentinelle.dz\/index.php\/2022\/09\/18\/terrorisme-au-sahel-daech-revendique-sa-premiere-attaque-au-benin\/","title":{"rendered":"Terrorisme au Sahel\u00a0: Daech revendique sa premi\u00e8re attaque au B\u00e9nin"},"content":{"rendered":"\n<p>Le groupe terroriste \u00c9tat islamique (EI) a revendiqu\u00e9 pour la premi\u00e8re fois une attaque dans le Nord du B\u00e9nin, ex\u00e9cut\u00e9e par sa branche au Sahel, confirmant l&rsquo;extension de ses activit\u00e9s vers le Golfe de Guin\u00e9e. \u00abLes soldats du califat annoncent l&rsquo;expansion de leurs op\u00e9rations au B\u00e9nin\u00bb, a affirm\u00e9 l&rsquo;organe officiel de Daech, l&rsquo;hebdomadaire Al-Naba, cit\u00e9 vendredi par le centre am\u00e9ricain de surveillance des sites terroristes SITE. Selon Al-Naba, d\u00e9but juillet, les terroristes ont \u00abattaqu\u00e9 une patrouille militaire dans le village de Takwara, dans la r\u00e9gion d&rsquo;Alibori (Nord B\u00e9nin)\u00bb et auraient tu\u00e9 quatre d&rsquo;entre eux. Le lendemain, une \u00abembuscade\u00bb de soldats dans la m\u00eame r\u00e9gion aurait cette fois fait deux morts. C&rsquo;est la premi\u00e8re fois que la branche sah\u00e9lienne de l&rsquo;EI (l\u2019EIGS, Ndlr) revendique des activit\u00e9s au B\u00e9nin. Le groupe ainsi que son grand rival Al-Qa\u00efda multiplient depuis des ann\u00e9es les attaques meurtri\u00e8res au Sahel, en particulier dans le nord du Mali, au Niger et au Burkina Faso. Mais leur volont\u00e9 d&rsquo;\u00e9tendre leurs activit\u00e9s vers le Golfe de Guin\u00e9e (Ghana, B\u00e9nin, Togo, C\u00f4te d&rsquo;Ivoire notamment) est av\u00e9r\u00e9e depuis de longs mois et \u00e9voqu\u00e9e par les \u00c9tats africains. Dans le m\u00eame num\u00e9ro d&rsquo;Al-Naba, l\u2019EI revendique aussi l&rsquo;attaque de Talataye, \u00e0 environ 150 kilom\u00e8tres de Gao (Mali) qui a fait des dizaines de morts la semaine pass\u00e9e selon des responsables locaux. Le groupe terroriste assure aussi avoir tu\u00e9 15 \u00e9l\u00e9ments de la soci\u00e9t\u00e9 priv\u00e9e russe Wagner, d\u00e9ploy\u00e9e au Mali depuis plusieurs mois.<\/p>\n\n\n\n<p>K.L.<\/p>\n","protected":false},"excerpt":{"rendered":"<p>Le groupe terroriste \u00c9tat islamique (EI) a revendiqu\u00e9 pour la premi\u00e8re fois une attaque dans le Nord du B\u00e9nin, ex\u00e9cut\u00e9e<\/p>\n","protected":false},"author":3,"featured_media":27501,"comment_status":"open","ping_status":"closed","sticky":false,"template":"","format":"standard","meta":{"colormag_page_container_layout":"default_layout","colormag_page_sidebar_layout":"default_layout","om_disable_all_campaigns":false,"_monsterinsights_skip_tracking":false,"_monsterinsights_sitenote_active":false,"_monsterinsights_sitenote_note":"","_monsterinsights_sitenote_category":0,"footnotes":"","_wpscppro_dont_share_socialmedia":false,"_wpscppro_custom_social_share_image":0,"_facebook_share_type":"","_twitter_share_type":"","_linkedin_share_type":"","_pinterest_share_type":"","_linkedin_share_type_page":"","_instagram_share_type":"","_medium_share_type":"","_threads_share_type":"","_google_business_share_type":"","_selected_social_profile":[],"_wpsp_enable_custom_social_template":false,"_wpsp_social_scheduling":{"enabled":false,"datetime":null,"platforms":[],"status":"template_only","dateOption":"today","timeOption":"now","customDays":"","customHours":"","customDate":"","customTime":"","schedulingType":"absolute"},"_wpsp_active_default_template":true},"categories":[37],"tags":[],"class_list":["post-27497","post","type-post","status-publish","format-standard","has-post-thumbnail","hentry","category-monde"],"aioseo_notices":[],"yoast_head":"<!-- This site is optimized with the Yoast SEO plugin v27.5 - https:\/\/yoast.com\/product\/yoast-seo-wordpress\/ -->\n<title>Terrorisme au Sahel\u00a0: Daech revendique sa premi\u00e8re attaque au B\u00e9nin - La Sentinelle<\/title>\n<meta name=\"robots\" content=\"index, follow, max-snippet:-1, max-image-preview:large, max-video-preview:-1\" \/>\n<link rel=\"canonical\" href=\"https:\/\/lasentinelle.dz\/index.php\/2022\/09\/18\/terrorisme-au-sahel-daech-revendique-sa-premiere-attaque-au-benin\/\" \/>\n<meta property=\"og:locale\" content=\"fr_FR\" \/>\n<meta property=\"og:type\" content=\"article\" \/>\n<meta property=\"og:title\" content=\"Terrorisme au Sahel\u00a0: Daech revendique sa premi\u00e8re attaque au B\u00e9nin - La Sentinelle\" \/>\n<meta property=\"og:description\" content=\"Le groupe terroriste \u00c9tat islamique (EI) a revendiqu\u00e9 pour la premi\u00e8re fois une attaque dans le Nord du B\u00e9nin, ex\u00e9cut\u00e9e\" \/>\n<meta property=\"og:url\" content=\"https:\/\/lasentinelle.dz\/index.php\/2022\/09\/18\/terrorisme-au-sahel-daech-revendique-sa-premiere-attaque-au-benin\/\" \/>\n<meta property=\"og:site_name\" content=\"La Sentinelle\" \/>\n<meta property=\"article:publisher\" content=\"https:\/\/www.facebook.com\/La-Sentinelle-104059864394773\" \/>\n<meta property=\"article:published_time\" content=\"2022-09-17T23:01:00+00:00\" \/>\n<meta property=\"article:modified_time\" content=\"2022-09-18T10:57:14+00:00\" \/>\n<meta property=\"og:image\" content=\"https:\/\/lasentinelle.dz\/wp-content\/uploads\/2022\/09\/870x489_10a.jpg\" \/>\n\t<meta property=\"og:image:width\" content=\"870\" \/>\n\t<meta property=\"og:image:height\" content=\"489\" \/>\n\t<meta property=\"og:image:type\" content=\"image\/jpeg\" \/>\n<meta name=\"author\" content=\"La Sentinelle\" \/>\n<meta name=\"twitter:card\" content=\"summary_large_image\" \/>\n<meta name=\"twitter:label1\" content=\"\u00c9crit par\" \/>\n\t<meta name=\"twitter:data1\" content=\"La Sentinelle\" \/>\n\t<meta name=\"twitter:label2\" content=\"Dur\u00e9e de lecture estim\u00e9e\" \/>\n\t<meta name=\"twitter:data2\" content=\"2 minutes\" \/>\n<script type=\"application\/ld+json\" class=\"yoast-schema-graph\">{\"@context\":\"https:\\\/\\\/schema.org\",\"@graph\":[{\"@type\":\"Article\",\"@id\":\"https:\\\/\\\/lasentinelle.dz\\\/index.php\\\/2022\\\/09\\\/18\\\/terrorisme-au-sahel-daech-revendique-sa-premiere-attaque-au-benin\\\/#article\",\"isPartOf\":{\"@id\":\"https:\\\/\\\/lasentinelle.dz\\\/index.php\\\/2022\\\/09\\\/18\\\/terrorisme-au-sahel-daech-revendique-sa-premiere-attaque-au-benin\\\/\"},\"author\":{\"name\":\"La Sentinelle\",\"@id\":\"https:\\\/\\\/lasentinelle.dz\\\/#\\\/schema\\\/person\\\/d865044e22e70a75174ce8bcad3acfb3\"},\"headline\":\"Terrorisme au Sahel\u00a0: Daech revendique sa premi\u00e8re attaque au B\u00e9nin\",\"datePublished\":\"2022-09-17T23:01:00+00:00\",\"dateModified\":\"2022-09-18T10:57:14+00:00\",\"mainEntityOfPage\":{\"@id\":\"https:\\\/\\\/lasentinelle.dz\\\/index.php\\\/2022\\\/09\\\/18\\\/terrorisme-au-sahel-daech-revendique-sa-premiere-attaque-au-benin\\\/\"},\"wordCount\":301,\"commentCount\":0,\"publisher\":{\"@id\":\"https:\\\/\\\/lasentinelle.dz\\\/#organization\"},\"image\":{\"@id\":\"https:\\\/\\\/lasentinelle.dz\\\/index.php\\\/2022\\\/09\\\/18\\\/terrorisme-au-sahel-daech-revendique-sa-premiere-attaque-au-benin\\\/#primaryimage\"},\"thumbnailUrl\":\"https:\\\/\\\/lasentinelle.dz\\\/wp-content\\\/uploads\\\/2022\\\/09\\\/870x489_10a.jpg\",\"articleSection\":[\"Monde\"],\"inLanguage\":\"fr-FR\",\"potentialAction\":[{\"@type\":\"CommentAction\",\"name\":\"Comment\",\"target\":[\"https:\\\/\\\/lasentinelle.dz\\\/index.php\\\/2022\\\/09\\\/18\\\/terrorisme-au-sahel-daech-revendique-sa-premiere-attaque-au-benin\\\/#respond\"]}]},{\"@type\":\"WebPage\",\"@id\":\"https:\\\/\\\/lasentinelle.dz\\\/index.php\\\/2022\\\/09\\\/18\\\/terrorisme-au-sahel-daech-revendique-sa-premiere-attaque-au-benin\\\/\",\"url\":\"https:\\\/\\\/lasentinelle.dz\\\/index.php\\\/2022\\\/09\\\/18\\\/terrorisme-au-sahel-daech-revendique-sa-premiere-attaque-au-benin\\\/\",\"name\":\"Terrorisme au Sahel\u00a0: Daech revendique sa premi\u00e8re attaque au B\u00e9nin - La Sentinelle\",\"isPartOf\":{\"@id\":\"https:\\\/\\\/lasentinelle.dz\\\/#website\"},\"primaryImageOfPage\":{\"@id\":\"https:\\\/\\\/lasentinelle.dz\\\/index.php\\\/2022\\\/09\\\/18\\\/terrorisme-au-sahel-daech-revendique-sa-premiere-attaque-au-benin\\\/#primaryimage\"},\"image\":{\"@id\":\"https:\\\/\\\/lasentinelle.dz\\\/index.php\\\/2022\\\/09\\\/18\\\/terrorisme-au-sahel-daech-revendique-sa-premiere-attaque-au-benin\\\/#primaryimage\"},\"thumbnailUrl\":\"https:\\\/\\\/lasentinelle.dz\\\/wp-content\\\/uploads\\\/2022\\\/09\\\/870x489_10a.jpg\",\"datePublished\":\"2022-09-17T23:01:00+00:00\",\"dateModified\":\"2022-09-18T10:57:14+00:00\",\"breadcrumb\":{\"@id\":\"https:\\\/\\\/lasentinelle.dz\\\/index.php\\\/2022\\\/09\\\/18\\\/terrorisme-au-sahel-daech-revendique-sa-premiere-attaque-au-benin\\\/#breadcrumb\"},\"inLanguage\":\"fr-FR\",\"potentialAction\":[{\"@type\":\"ReadAction\",\"target\":[\"https:\\\/\\\/lasentinelle.dz\\\/index.php\\\/2022\\\/09\\\/18\\\/terrorisme-au-sahel-daech-revendique-sa-premiere-attaque-au-benin\\\/\"]}]},{\"@type\":\"ImageObject\",\"inLanguage\":\"fr-FR\",\"@id\":\"https:\\\/\\\/lasentinelle.dz\\\/index.php\\\/2022\\\/09\\\/18\\\/terrorisme-au-sahel-daech-revendique-sa-premiere-attaque-au-benin\\\/#primaryimage\",\"url\":\"https:\\\/\\\/lasentinelle.dz\\\/wp-content\\\/uploads\\\/2022\\\/09\\\/870x489_10a.jpg\",\"contentUrl\":\"https:\\\/\\\/lasentinelle.dz\\\/wp-content\\\/uploads\\\/2022\\\/09\\\/870x489_10a.jpg\",\"width\":870,\"height\":489},{\"@type\":\"BreadcrumbList\",\"@id\":\"https:\\\/\\\/lasentinelle.dz\\\/index.php\\\/2022\\\/09\\\/18\\\/terrorisme-au-sahel-daech-revendique-sa-premiere-attaque-au-benin\\\/#breadcrumb\",\"itemListElement\":[{\"@type\":\"ListItem\",\"position\":1,\"name\":\"Accueil\",\"item\":\"https:\\\/\\\/lasentinelle.dz\\\/\"},{\"@type\":\"ListItem\",\"position\":2,\"name\":\"Terrorisme au Sahel\u00a0: Daech revendique sa premi\u00e8re attaque au B\u00e9nin\"}]},{\"@type\":\"WebSite\",\"@id\":\"https:\\\/\\\/lasentinelle.dz\\\/#website\",\"url\":\"https:\\\/\\\/lasentinelle.dz\\\/\",\"name\":\"La Sentinelle\",\"description\":\"Quotidien national d&#039;information\",\"publisher\":{\"@id\":\"https:\\\/\\\/lasentinelle.dz\\\/#organization\"},\"potentialAction\":[{\"@type\":\"SearchAction\",\"target\":{\"@type\":\"EntryPoint\",\"urlTemplate\":\"https:\\\/\\\/lasentinelle.dz\\\/?s={search_term_string}\"},\"query-input\":{\"@type\":\"PropertyValueSpecification\",\"valueRequired\":true,\"valueName\":\"search_term_string\"}}],\"inLanguage\":\"fr-FR\"},{\"@type\":\"Organization\",\"@id\":\"https:\\\/\\\/lasentinelle.dz\\\/#organization\",\"name\":\"Quotidien La Sentinelle\",\"url\":\"https:\\\/\\\/lasentinelle.dz\\\/\",\"logo\":{\"@type\":\"ImageObject\",\"inLanguage\":\"fr-FR\",\"@id\":\"https:\\\/\\\/lasentinelle.dz\\\/#\\\/schema\\\/logo\\\/image\\\/\",\"url\":\"https:\\\/\\\/lasentinelle.dz\\\/wp-content\\\/uploads\\\/2021\\\/09\\\/logo-sentinelleSLOGAN-1.png\",\"contentUrl\":\"https:\\\/\\\/lasentinelle.dz\\\/wp-content\\\/uploads\\\/2021\\\/09\\\/logo-sentinelleSLOGAN-1.png\",\"width\":615,\"height\":142,\"caption\":\"Quotidien La Sentinelle\"},\"image\":{\"@id\":\"https:\\\/\\\/lasentinelle.dz\\\/#\\\/schema\\\/logo\\\/image\\\/\"},\"sameAs\":[\"https:\\\/\\\/www.facebook.com\\\/La-Sentinelle-104059864394773\"]},{\"@type\":\"Person\",\"@id\":\"https:\\\/\\\/lasentinelle.dz\\\/#\\\/schema\\\/person\\\/d865044e22e70a75174ce8bcad3acfb3\",\"name\":\"La Sentinelle\",\"image\":{\"@type\":\"ImageObject\",\"inLanguage\":\"fr-FR\",\"@id\":\"https:\\\/\\\/secure.gravatar.com\\\/avatar\\\/57de8e5d4b15d43fb361a71fbb36338450fe67865b528a43dd10ef7c51a20392?s=96&d=mm&r=g\",\"url\":\"https:\\\/\\\/secure.gravatar.com\\\/avatar\\\/57de8e5d4b15d43fb361a71fbb36338450fe67865b528a43dd10ef7c51a20392?s=96&d=mm&r=g\",\"contentUrl\":\"https:\\\/\\\/secure.gravatar.com\\\/avatar\\\/57de8e5d4b15d43fb361a71fbb36338450fe67865b528a43dd10ef7c51a20392?s=96&d=mm&r=g\",\"caption\":\"La Sentinelle\"},\"sameAs\":[\"http:\\\/\\\/www.lasentinelle.dz\"],\"url\":\"https:\\\/\\\/lasentinelle.dz\\\/author\\\/redaction\\\/\"}]}<\/script>\n<!-- \/ Yoast SEO plugin. -->","yoast_head_json":{"title":"Terrorisme au Sahel\u00a0: Daech revendique sa premi\u00e8re attaque au B\u00e9nin - La Sentinelle","robots":{"index":"index","follow":"follow","max-snippet":"max-snippet:-1","max-image-preview":"max-image-preview:large","max-video-preview":"max-video-preview:-1"},"canonical":"https:\/\/lasentinelle.dz\/index.php\/2022\/09\/18\/terrorisme-au-sahel-daech-revendique-sa-premiere-attaque-au-benin\/","og_locale":"fr_FR","og_type":"article","og_title":"Terrorisme au Sahel\u00a0: Daech revendique sa premi\u00e8re attaque au B\u00e9nin - La Sentinelle","og_description":"Le groupe terroriste \u00c9tat islamique (EI) a revendiqu\u00e9 pour la premi\u00e8re fois une attaque dans le Nord du B\u00e9nin, ex\u00e9cut\u00e9e","og_url":"https:\/\/lasentinelle.dz\/index.php\/2022\/09\/18\/terrorisme-au-sahel-daech-revendique-sa-premiere-attaque-au-benin\/","og_site_name":"La Sentinelle","article_publisher":"https:\/\/www.facebook.com\/La-Sentinelle-104059864394773","article_published_time":"2022-09-17T23:01:00+00:00","article_modified_time":"2022-09-18T10:57:14+00:00","og_image":[{"width":870,"height":489,"url":"https:\/\/lasentinelle.dz\/wp-content\/uploads\/2022\/09\/870x489_10a.jpg","type":"image\/jpeg"}],"author":"La Sentinelle","twitter_card":"summary_large_image","twitter_misc":{"\u00c9crit par":"La Sentinelle","Dur\u00e9e de lecture estim\u00e9e":"2 minutes"},"schema":{"@context":"https:\/\/schema.org","@graph":[{"@type":"Article","@id":"https:\/\/lasentinelle.dz\/index.php\/2022\/09\/18\/terrorisme-au-sahel-daech-revendique-sa-premiere-attaque-au-benin\/#article","isPartOf":{"@id":"https:\/\/lasentinelle.dz\/index.php\/2022\/09\/18\/terrorisme-au-sahel-daech-revendique-sa-premiere-attaque-au-benin\/"},"author":{"name":"La Sentinelle","@id":"https:\/\/lasentinelle.dz\/#\/schema\/person\/d865044e22e70a75174ce8bcad3acfb3"},"headline":"Terrorisme au Sahel\u00a0: Daech revendique sa premi\u00e8re attaque au B\u00e9nin","datePublished":"2022-09-17T23:01:00+00:00","dateModified":"2022-09-18T10:57:14+00:00","mainEntityOfPage":{"@id":"https:\/\/lasentinelle.dz\/index.php\/2022\/09\/18\/terrorisme-au-sahel-daech-revendique-sa-premiere-attaque-au-benin\/"},"wordCount":301,"commentCount":0,"publisher":{"@id":"https:\/\/lasentinelle.dz\/#organization"},"image":{"@id":"https:\/\/lasentinelle.dz\/index.php\/2022\/09\/18\/terrorisme-au-sahel-daech-revendique-sa-premiere-attaque-au-benin\/#primaryimage"},"thumbnailUrl":"https:\/\/lasentinelle.dz\/wp-content\/uploads\/2022\/09\/870x489_10a.jpg","articleSection":["Monde"],"inLanguage":"fr-FR","potentialAction":[{"@type":"CommentAction","name":"Comment","target":["https:\/\/lasentinelle.dz\/index.php\/2022\/09\/18\/terrorisme-au-sahel-daech-revendique-sa-premiere-attaque-au-benin\/#respond"]}]},{"@type":"WebPage","@id":"https:\/\/lasentinelle.dz\/index.php\/2022\/09\/18\/terrorisme-au-sahel-daech-revendique-sa-premiere-attaque-au-benin\/","url":"https:\/\/lasentinelle.dz\/index.php\/2022\/09\/18\/terrorisme-au-sahel-daech-revendique-sa-premiere-attaque-au-benin\/","name":"Terrorisme au Sahel\u00a0: Daech revendique sa premi\u00e8re attaque au B\u00e9nin - La Sentinelle","isPartOf":{"@id":"https:\/\/lasentinelle.dz\/#website"},"primaryImageOfPage":{"@id":"https:\/\/lasentinelle.dz\/index.php\/2022\/09\/18\/terrorisme-au-sahel-daech-revendique-sa-premiere-attaque-au-benin\/#primaryimage"},"image":{"@id":"https:\/\/lasentinelle.dz\/index.php\/2022\/09\/18\/terrorisme-au-sahel-daech-revendique-sa-premiere-attaque-au-benin\/#primaryimage"},"thumbnailUrl":"https:\/\/lasentinelle.dz\/wp-content\/uploads\/2022\/09\/870x489_10a.jpg","datePublished":"2022-09-17T23:01:00+00:00","dateModified":"2022-09-18T10:57:14+00:00","breadcrumb":{"@id":"https:\/\/lasentinelle.dz\/index.php\/2022\/09\/18\/terrorisme-au-sahel-daech-revendique-sa-premiere-attaque-au-benin\/#breadcrumb"},"inLanguage":"fr-FR","potentialAction":[{"@type":"ReadAction","target":["https:\/\/lasentinelle.dz\/index.php\/2022\/09\/18\/terrorisme-au-sahel-daech-revendique-sa-premiere-attaque-au-benin\/"]}]},{"@type":"ImageObject","inLanguage":"fr-FR","@id":"https:\/\/lasentinelle.dz\/index.php\/2022\/09\/18\/terrorisme-au-sahel-daech-revendique-sa-premiere-attaque-au-benin\/#primaryimage","url":"https:\/\/lasentinelle.dz\/wp-content\/uploads\/2022\/09\/870x489_10a.jpg","contentUrl":"https:\/\/lasentinelle.dz\/wp-content\/uploads\/2022\/09\/870x489_10a.jpg","width":870,"height":489},{"@type":"BreadcrumbList","@id":"https:\/\/lasentinelle.dz\/index.php\/2022\/09\/18\/terrorisme-au-sahel-daech-revendique-sa-premiere-attaque-au-benin\/#breadcrumb","itemListElement":[{"@type":"ListItem","position":1,"name":"Accueil","item":"https:\/\/lasentinelle.dz\/"},{"@type":"ListItem","position":2,"name":"Terrorisme au Sahel\u00a0: Daech revendique sa premi\u00e8re attaque au B\u00e9nin"}]},{"@type":"WebSite","@id":"https:\/\/lasentinelle.dz\/#website","url":"https:\/\/lasentinelle.dz\/","name":"La Sentinelle","description":"Quotidien national d&#039;information","publisher":{"@id":"https:\/\/lasentinelle.dz\/#organization"},"potentialAction":[{"@type":"SearchAction","target":{"@type":"EntryPoint","urlTemplate":"https:\/\/lasentinelle.dz\/?s={search_term_string}"},"query-input":{"@type":"PropertyValueSpecification","valueRequired":true,"valueName":"search_term_string"}}],"inLanguage":"fr-FR"},{"@type":"Organization","@id":"https:\/\/lasentinelle.dz\/#organization","name":"Quotidien La Sentinelle","url":"https:\/\/lasentinelle.dz\/","logo":{"@type":"ImageObject","inLanguage":"fr-FR","@id":"https:\/\/lasentinelle.dz\/#\/schema\/logo\/image\/","url":"https:\/\/lasentinelle.dz\/wp-content\/uploads\/2021\/09\/logo-sentinelleSLOGAN-1.png","contentUrl":"https:\/\/lasentinelle.dz\/wp-content\/uploads\/2021\/09\/logo-sentinelleSLOGAN-1.png","width":615,"height":142,"caption":"Quotidien La Sentinelle"},"image":{"@id":"https:\/\/lasentinelle.dz\/#\/schema\/logo\/image\/"},"sameAs":["https:\/\/www.facebook.com\/La-Sentinelle-104059864394773"]},{"@type":"Person","@id":"https:\/\/lasentinelle.dz\/#\/schema\/person\/d865044e22e70a75174ce8bcad3acfb3","name":"La Sentinelle","image":{"@type":"ImageObject","inLanguage":"fr-FR","@id":"https:\/\/secure.gravatar.com\/avatar\/57de8e5d4b15d43fb361a71fbb36338450fe67865b528a43dd10ef7c51a20392?s=96&d=mm&r=g","url":"https:\/\/secure.gravatar.com\/avatar\/57de8e5d4b15d43fb361a71fbb36338450fe67865b528a43dd10ef7c51a20392?s=96&d=mm&r=g","contentUrl":"https:\/\/secure.gravatar.com\/avatar\/57de8e5d4b15d43fb361a71fbb36338450fe67865b528a43dd10ef7c51a20392?s=96&d=mm&r=g","caption":"La Sentinelle"},"sameAs":["http:\/\/www.lasentinelle.dz"],"url":"https:\/\/lasentinelle.dz\/author\/redaction\/"}]}},"_links":{"self":[{"href":"https:\/\/lasentinelle.dz\/index.php\/wp-json\/wp\/v2\/posts\/27497","targetHints":{"allow":["GET"]}}],"collection":[{"href":"https:\/\/lasentinelle.dz\/index.php\/wp-json\/wp\/v2\/posts"}],"about":[{"href":"https:\/\/lasentinelle.dz\/index.php\/wp-json\/wp\/v2\/types\/post"}],"author":[{"embeddable":true,"href":"https:\/\/lasentinelle.dz\/index.php\/wp-json\/wp\/v2\/users\/3"}],"replies":[{"embeddable":true,"href":"https:\/\/lasentinelle.dz\/index.php\/wp-json\/wp\/v2\/comments?post=27497"}],"version-history":[{"count":2,"href":"https:\/\/lasentinelle.dz\/index.php\/wp-json\/wp\/v2\/posts\/27497\/revisions"}],"predecessor-version":[{"id":27575,"href":"https:\/\/lasentinelle.dz\/index.php\/wp-json\/wp\/v2\/posts\/27497\/revisions\/27575"}],"wp:featuredmedia":[{"embeddable":true,"href":"https:\/\/lasentinelle.dz\/index.php\/wp-json\/wp\/v2\/media\/27501"}],"wp:attachment":[{"href":"https:\/\/lasentinelle.dz\/index.php\/wp-json\/wp\/v2\/media?parent=27497"}],"wp:term":[{"taxonomy":"category","embeddable":true,"href":"https:\/\/lasentinelle.dz\/index.php\/wp-json\/wp\/v2\/categories?post=27497"},{"taxonomy":"post_tag","embeddable":true,"href":"https:\/\/lasentinelle.dz\/index.php\/wp-json\/wp\/v2\/tags?post=27497"}],"curies":[{"name":"wp","href":"https:\/\/api.w.org\/{rel}","templated":true}]}}