{"id":2751,"date":"2021-07-31T00:01:00","date_gmt":"2021-07-30T23:01:00","guid":{"rendered":"https:\/\/lasentinelle.dz\/?p=2751"},"modified":"2021-07-30T16:08:40","modified_gmt":"2021-07-30T15:08:40","slug":"leconomie-americaine-est-elle-a-court-delasticite","status":"publish","type":"post","link":"https:\/\/lasentinelle.dz\/index.php\/2021\/07\/31\/leconomie-americaine-est-elle-a-court-delasticite\/","title":{"rendered":"L&rsquo;\u00e9conomie am\u00e9ricaine est-elle \u00e0 court d\u2019\u00e9lasticit\u00e9 ?"},"content":{"rendered":"\n<p>Par Willem H. Buiter<\/p>\n\n\n\n<p>NEW YORK \u2013 Quel est le niveau d\u2019\u00e9lasticit\u00e9 de l&rsquo;\u00e9conomie am\u00e9ricaine ? En \u00e9conomie, le \u00ab gap version \u00bb de la loi d&rsquo;Okun soutient qu&rsquo;une augmentation d&rsquo;un point de pourcentage du taux de ch\u00f4mage est associ\u00e9e \u00e0 une baisse de deux points du taux de croissance du PIB r\u00e9el (corrig\u00e9 par l&rsquo;inflation) en dessous de son potentiel. L&rsquo;existence au non d\u2019un \u00e9cart est importante, car plus l&rsquo;\u00e9conomie est proche de son potentiel, plus nous devons nous inqui\u00e9ter de l&rsquo;inflation.<\/p>\n\n\n\n<p>Selon le Bureau of Labor Statistics (BLS), le taux de ch\u00f4mage aux \u00c9tats-Unis \u00e9tait de 5,9% en juin, contre 3,5% avant la pand\u00e9mie (f\u00e9vrier 2020). Si nous prenons ce dernier chiffre comme estimation du taux de ch\u00f4mage naturel, nous obtenons un \u00e9cart de production de 4,8%. En supposant que la production potentielle augmente \u00e0 un taux annuel de 2 %, la croissance du PIB r\u00e9el non inflationniste pour l&rsquo;ann\u00e9e \u00e0 venir atteindrait 6,8 %. \u00c9tant donn\u00e9 que la R\u00e9serve f\u00e9d\u00e9rale am\u00e9ricaine s&rsquo;attend \u00e0 une croissance de 7 % cette ann\u00e9e et de 3,3 % en 2022, cela sugg\u00e8re que les \u00c9tats-Unis sont encore \u00e0 au moins quelques ann\u00e9es du seuil d&rsquo;inflation.<\/p>\n\n\n\n<p>Cette estimation de l&rsquo;\u00e9cart de production peut \u00eatre critiqu\u00e9e comme \u00e9tant soit trop faible, soit trop \u00e9lev\u00e9e. Le camp qui estime que c\u2019est trop bas fait valoir que les chiffres officiels du ch\u00f4mage \u2013 9,5 millions en juin 2021, contre 5,7 millions en f\u00e9vrier 2020 \u2013 sous-estiment l&rsquo;ampleur du sous-emploi sur le march\u00e9 du travail. Le BLS rapporte qu&rsquo;en juin, \u00ab le nombre de personnes inactives qui souhaitent actuellement un emploi \u00e9tait de 6,4 millions \u00bb, soit une augmentation de \u00ab 1,4 million depuis f\u00e9vrier 2020 \u00bb. Apr\u00e8s avoir pris en compte ces 1,4 million suppl\u00e9mentaires, le taux de ch\u00f4mage s&rsquo;\u00e9l\u00e8ve \u00e0 6,8 %, ce qui donne un \u00e9cart de production de 6,6 %.<\/p>\n\n\n\n<p>De plus, le nombre de personnes employ\u00e9es \u00e0 temps partiel pour des raisons \u00e9conomiques a augment\u00e9 de 229 000 depuis f\u00e9vrier 2020. Traiter cette cat\u00e9gorie comme des ch\u00f4meurs porterait le taux de ch\u00f4mage \u00e0 6,9 % et l&rsquo;\u00e9cart de production \u00e0 6,8 %. Le BLS publie \u00e9galement une estimation des travailleurs mis \u00e0 pied temporairement qui auraient d\u00fb \u00eatre class\u00e9s comme ch\u00f4meurs mais ont qui \u00e9t\u00e9 class\u00e9s \u00e0 tort comme employ\u00e9s. Leur d\u00e9compte porterait le taux de ch\u00f4mage corrig\u00e9 des variations saisonni\u00e8res de juin 2021 \u00e0 7,1%, ce qui implique un \u00e9cart de production de 7,2%.<\/p>\n\n\n\n<p>Mais ceux du camp qui estiment que c\u2019est trop \u00e9lev\u00e9 insistent sur le fait qu&rsquo;il y a peu ou pas d\u2019\u00e9lasticit\u00e9 dans l&rsquo;\u00e9conomie. Ils s&rsquo;opposeraient aux trois modifications pr\u00e9c\u00e9dentes au taux de ch\u00f4mage. Pourquoi une personne qui ne cherche pas de travail ou qui n&rsquo;est pas disponible pour travailler devrait-elle \u00eatre consid\u00e9r\u00e9e comme faisant partie de la population active? Les travailleurs \u00e0 temps partiel doivent \u00eatre compt\u00e9s comme des ch\u00f4meurs \u00e0 temps partiel. Et m\u00eame le BLS, notent-ils, admet que son estimation des travailleurs \u00ab employ\u00e9s \u00bb temporairement mis \u00e0 pied surestime probablement l&rsquo;ampleur de l&rsquo;erreur de classification.<\/p>\n\n\n\n<p>De plus, ils soutiendraient que le taux naturel est probablement sup\u00e9rieur \u00e0 3,5 %. Le nombre cl\u00e9 \u00e0 consid\u00e9rer est celui des postes vacants non pourvus. En mai 2021, il y avait 9,2 millions (5,7% de la population active) \u00ab Total des offres d&#8217;emploi non agricoles \u00bb, ce qui \u00e9tait presque le m\u00eame que le nombre officiel de ch\u00f4meurs (9,3 millions). Il y a \u00e9galement eu des rapports coh\u00e9rents dans tout le pays d&rsquo;entreprises qui ont du mal \u00e0 trouver des travailleurs, sugg\u00e9rant qu&rsquo;il existe une inad\u00e9quation massive entre la demande et l&rsquo;offre de main-d&rsquo;\u0153uvre. Si l&rsquo;offre effective de travail est sensiblement inf\u00e9rieure \u00e0 l&rsquo;offre th\u00e9orique, le taux de ch\u00f4mage naturel augmente n\u00e9cessairement.<\/p>\n\n\n\n<p>Une telle inad\u00e9quation massive de la main-d&rsquo;\u0153uvre est certainement plausible, compte tenu des effets de la pand\u00e9mie du covid-19. La nature du travail a radicalement chang\u00e9 \u00e0 la suite des blocages et d&rsquo;autres interventions non pharmaceutiques. Dans certains cas, le travail \u00e0 domicile n&rsquo;est pas aussi productif que de travailler dans un bureau, une usine ou un autre lieu de travail non r\u00e9sidentiel.<\/p>\n\n\n\n<p>M\u00eame avec la lev\u00e9e de la plupart des restrictions officielles sur les activit\u00e9s li\u00e9es \u00e0 l&#8217;emploi, les inqui\u00e9tudes concernant la passation de contrats \u00e0 l\u2019heure du covid-19 ont limit\u00e9 le retour complet aux modalit\u00e9s de travail avant la pand\u00e9mie. Apr\u00e8s tout, les responsabilit\u00e9s de garde d&rsquo;enfants continuent de garder de nombreux travailleurs (en particulier les femmes) \u00e0 la maison. Compte tenu de la capacit\u00e9 limit\u00e9e des garderies, l&rsquo;offre de main-d&rsquo;\u0153uvre parentale risque d&rsquo;\u00eatre r\u00e9duite.<\/p>\n\n\n\n<p>Certes, en supposant que la pand\u00e9mie ne devienne plus incontr\u00f4lable, la rentr\u00e9e scolaire \u00e0 l&rsquo;automne devrait apporter un retour progressif \u00e0 la normale d&rsquo;avant la crise. Mais m\u00eame alors, certaines choses auront chang\u00e9 de fa\u00e7on permanente, ce qui signifie qu&rsquo;au moins une partie de l&rsquo;inad\u00e9quation de la main-d&rsquo;\u0153uvre peut s&rsquo;av\u00e9rer de nature structurelle. En particulier, l&rsquo;adoption rapide des technologies num\u00e9riques \u2013 y compris une v\u00e9ritable explosion des technologies de l&rsquo;information et des technologies financi\u00e8res \u2013 fait d\u00e9j\u00e0 partie de la nouvelle normalit\u00e9.<\/p>\n\n\n\n<p>En raison de ces nouvelles capacit\u00e9s, de nombreux emplois, tant dans l&rsquo;industrie que dans les services, seront devenus superflus. En fait, il y a de bonnes raisons de croire qu&rsquo;une journ\u00e9e sur le terrain de l&rsquo;automatisation est d\u00e9j\u00e0 en cours. Alors que la r\u00e9volution technologique provoqu\u00e9e par la pand\u00e9mie cr\u00e9era sans aucun doute de nouveaux emplois, elle a n\u00e9cessairement eu tendance \u00e0 \u00e9conomiser et \u00e0 remplacer la main-d&rsquo;\u0153uvre.<\/p>\n\n\n\n<p>Parce que la pouss\u00e9e vers l&rsquo;automatisation provoqu\u00e9e par la pand\u00e9mie est sans pr\u00e9c\u00e9dent, il n&rsquo;y a pas d&rsquo;estimation num\u00e9rique fiable de son impact sur les march\u00e9s du travail. Ma meilleure hypoth\u00e8se est que cela pourrait facilement augmenter le taux de ch\u00f4mage naturel d&rsquo;un ou deux points de pourcentage, avec une r\u00e9duction associ\u00e9e de 2 \u00e0 4 points de l&rsquo;\u00e9cart de production.<\/p>\n\n\n\n<p>Enfin, il faut se demander si les incitations financi\u00e8res ont r\u00e9duit l&rsquo;offre effective de main-d&rsquo;\u0153uvre. Au-del\u00e0 des allocations de ch\u00f4mage am\u00e9lior\u00e9es qui expireront en septembre 2021, il y a \u00e9galement eu divers d\u00e9caissements en esp\u00e8ces, y compris des allocations familiales suppl\u00e9mentaires. Ceux-ci auront assoupli les contraintes budg\u00e9taires de nombreux travailleurs, leur permettant d&rsquo;\u00eatre plus pointilleux sur l&#8217;emploi. Mais cela signifie \u00e9galement qu&rsquo;il pourrait y avoir un choc positif sur l&rsquo;offre de main-d&rsquo;\u0153uvre en septembre. Bien que des estimations fiables d&rsquo;un effet \u00ab rendement du travail \u00bb fassent d\u00e9faut, ma meilleure hypoth\u00e8se est que le taux de ch\u00f4mage naturel baissera de 0,5 point, augmentant l&rsquo;\u00e9cart de production d&rsquo;un point.<\/p>\n\n\n\n<p>En actualisant les trois amendements \u00ab plus \u00e9lev\u00e9s \u00bb mentionn\u00e9s ci-dessus, mon estimation provisoire de l&rsquo;\u00e9cart de production apr\u00e8s septembre 2021 se situe entre 1,8 % et 3,8 %, ce qui implique une marge de croissance non inflationniste de 3,8 \u00e0 5,8 % pour l&rsquo;ann\u00e9e \u00e0 venir. Mais cette marge pourrait \u00eatre \u00e9puis\u00e9e d&rsquo;ici un an, laissant la R\u00e9serve f\u00e9d\u00e9rale au risque de prendre du retard.<\/p>\n\n\n\n<p><strong>Copyright : Project Syndicate, 2021.<\/strong><\/p>\n\n\n\n<p><strong>www.project-syndicate.org<\/strong><\/p>\n\n\n\n<figure class=\"wp-block-image size-large\"><img loading=\"lazy\" decoding=\"async\" width=\"989\" height=\"900\" src=\"https:\/\/lasentinelle.dz\/wp-content\/uploads\/2021\/07\/Willem-H.png\" alt=\"\" class=\"wp-image-2804\" srcset=\"https:\/\/lasentinelle.dz\/wp-content\/uploads\/2021\/07\/Willem-H.png 989w, https:\/\/lasentinelle.dz\/wp-content\/uploads\/2021\/07\/Willem-H-300x273.png 300w, https:\/\/lasentinelle.dz\/wp-content\/uploads\/2021\/07\/Willem-H-768x699.png 768w\" sizes=\"auto, (max-width: 989px) 100vw, 989px\" \/><\/figure>\n\n\n\n<p><strong>Willem H. Buiter est professeur adjoint d&rsquo;affaires internationales et publiques \u00e0 l&rsquo;Universit\u00e9 Columbia.<\/strong><\/p>\n","protected":false},"excerpt":{"rendered":"<p>Par Willem H. Buiter NEW YORK \u2013 Quel est le niveau d\u2019\u00e9lasticit\u00e9 de l&rsquo;\u00e9conomie am\u00e9ricaine ? En \u00e9conomie, le \u00ab<\/p>\n","protected":false},"author":3,"featured_media":2805,"comment_status":"open","ping_status":"closed","sticky":false,"template":"","format":"standard","meta":{"colormag_page_container_layout":"default_layout","colormag_page_sidebar_layout":"default_layout","om_disable_all_campaigns":false,"_monsterinsights_skip_tracking":false,"_monsterinsights_sitenote_active":false,"_monsterinsights_sitenote_note":"","_monsterinsights_sitenote_category":0,"footnotes":"","_wpscppro_dont_share_socialmedia":false,"_wpscppro_custom_social_share_image":0,"_facebook_share_type":"","_twitter_share_type":"","_linkedin_share_type":"","_pinterest_share_type":"","_linkedin_share_type_page":"","_instagram_share_type":"","_medium_share_type":"","_threads_share_type":"","_google_business_share_type":"","_selected_social_profile":[],"_wpsp_enable_custom_social_template":false,"_wpsp_social_scheduling":{"enabled":false,"datetime":null,"platforms":[],"status":"template_only","dateOption":"today","timeOption":"now","customDays":"","customHours":"","customDate":"","customTime":"","schedulingType":"absolute"},"_wpsp_active_default_template":true},"categories":[38],"tags":[],"class_list":["post-2751","post","type-post","status-publish","format-standard","has-post-thumbnail","hentry","category-debats"],"aioseo_notices":[],"yoast_head":"<!-- This site is optimized with the Yoast SEO plugin v27.5 - https:\/\/yoast.com\/product\/yoast-seo-wordpress\/ -->\n<title>L&#039;\u00e9conomie am\u00e9ricaine est-elle \u00e0 court d\u2019\u00e9lasticit\u00e9 ? - La Sentinelle<\/title>\n<meta name=\"robots\" content=\"index, follow, max-snippet:-1, max-image-preview:large, max-video-preview:-1\" \/>\n<link rel=\"canonical\" href=\"https:\/\/lasentinelle.dz\/index.php\/2021\/07\/31\/leconomie-americaine-est-elle-a-court-delasticite\/\" \/>\n<meta property=\"og:locale\" content=\"fr_FR\" \/>\n<meta property=\"og:type\" content=\"article\" \/>\n<meta property=\"og:title\" content=\"L&#039;\u00e9conomie am\u00e9ricaine est-elle \u00e0 court d\u2019\u00e9lasticit\u00e9 ? - La Sentinelle\" \/>\n<meta property=\"og:description\" content=\"Par Willem H. Buiter NEW YORK \u2013 Quel est le niveau d\u2019\u00e9lasticit\u00e9 de l&rsquo;\u00e9conomie am\u00e9ricaine ? En \u00e9conomie, le \u00ab\" \/>\n<meta property=\"og:url\" content=\"https:\/\/lasentinelle.dz\/index.php\/2021\/07\/31\/leconomie-americaine-est-elle-a-court-delasticite\/\" \/>\n<meta property=\"og:site_name\" content=\"La Sentinelle\" \/>\n<meta property=\"article:publisher\" content=\"https:\/\/www.facebook.com\/La-Sentinelle-104059864394773\" \/>\n<meta property=\"article:published_time\" content=\"2021-07-30T23:01:00+00:00\" \/>\n<meta property=\"og:image\" content=\"https:\/\/lasentinelle.dz\/wp-content\/uploads\/2021\/07\/dollars-toujours.png\" \/>\n\t<meta property=\"og:image:width\" content=\"1664\" \/>\n\t<meta property=\"og:image:height\" content=\"900\" \/>\n\t<meta property=\"og:image:type\" content=\"image\/png\" \/>\n<meta name=\"author\" content=\"La Sentinelle\" \/>\n<meta name=\"twitter:card\" content=\"summary_large_image\" \/>\n<meta name=\"twitter:label1\" content=\"\u00c9crit par\" \/>\n\t<meta name=\"twitter:data1\" content=\"La Sentinelle\" \/>\n\t<meta name=\"twitter:label2\" content=\"Dur\u00e9e de lecture estim\u00e9e\" \/>\n\t<meta name=\"twitter:data2\" content=\"6 minutes\" \/>\n<script type=\"application\/ld+json\" class=\"yoast-schema-graph\">{\"@context\":\"https:\\\/\\\/schema.org\",\"@graph\":[{\"@type\":\"Article\",\"@id\":\"https:\\\/\\\/lasentinelle.dz\\\/index.php\\\/2021\\\/07\\\/31\\\/leconomie-americaine-est-elle-a-court-delasticite\\\/#article\",\"isPartOf\":{\"@id\":\"https:\\\/\\\/lasentinelle.dz\\\/index.php\\\/2021\\\/07\\\/31\\\/leconomie-americaine-est-elle-a-court-delasticite\\\/\"},\"author\":{\"name\":\"La Sentinelle\",\"@id\":\"https:\\\/\\\/lasentinelle.dz\\\/#\\\/schema\\\/person\\\/d865044e22e70a75174ce8bcad3acfb3\"},\"headline\":\"L&rsquo;\u00e9conomie am\u00e9ricaine est-elle \u00e0 court d\u2019\u00e9lasticit\u00e9 ?\",\"datePublished\":\"2021-07-30T23:01:00+00:00\",\"mainEntityOfPage\":{\"@id\":\"https:\\\/\\\/lasentinelle.dz\\\/index.php\\\/2021\\\/07\\\/31\\\/leconomie-americaine-est-elle-a-court-delasticite\\\/\"},\"wordCount\":1257,\"commentCount\":0,\"publisher\":{\"@id\":\"https:\\\/\\\/lasentinelle.dz\\\/#organization\"},\"image\":{\"@id\":\"https:\\\/\\\/lasentinelle.dz\\\/index.php\\\/2021\\\/07\\\/31\\\/leconomie-americaine-est-elle-a-court-delasticite\\\/#primaryimage\"},\"thumbnailUrl\":\"https:\\\/\\\/lasentinelle.dz\\\/wp-content\\\/uploads\\\/2021\\\/07\\\/dollars-toujours.png\",\"articleSection\":[\"D\u00e9bats\"],\"inLanguage\":\"fr-FR\",\"potentialAction\":[{\"@type\":\"CommentAction\",\"name\":\"Comment\",\"target\":[\"https:\\\/\\\/lasentinelle.dz\\\/index.php\\\/2021\\\/07\\\/31\\\/leconomie-americaine-est-elle-a-court-delasticite\\\/#respond\"]}]},{\"@type\":\"WebPage\",\"@id\":\"https:\\\/\\\/lasentinelle.dz\\\/index.php\\\/2021\\\/07\\\/31\\\/leconomie-americaine-est-elle-a-court-delasticite\\\/\",\"url\":\"https:\\\/\\\/lasentinelle.dz\\\/index.php\\\/2021\\\/07\\\/31\\\/leconomie-americaine-est-elle-a-court-delasticite\\\/\",\"name\":\"L'\u00e9conomie am\u00e9ricaine est-elle \u00e0 court d\u2019\u00e9lasticit\u00e9 ? - La Sentinelle\",\"isPartOf\":{\"@id\":\"https:\\\/\\\/lasentinelle.dz\\\/#website\"},\"primaryImageOfPage\":{\"@id\":\"https:\\\/\\\/lasentinelle.dz\\\/index.php\\\/2021\\\/07\\\/31\\\/leconomie-americaine-est-elle-a-court-delasticite\\\/#primaryimage\"},\"image\":{\"@id\":\"https:\\\/\\\/lasentinelle.dz\\\/index.php\\\/2021\\\/07\\\/31\\\/leconomie-americaine-est-elle-a-court-delasticite\\\/#primaryimage\"},\"thumbnailUrl\":\"https:\\\/\\\/lasentinelle.dz\\\/wp-content\\\/uploads\\\/2021\\\/07\\\/dollars-toujours.png\",\"datePublished\":\"2021-07-30T23:01:00+00:00\",\"breadcrumb\":{\"@id\":\"https:\\\/\\\/lasentinelle.dz\\\/index.php\\\/2021\\\/07\\\/31\\\/leconomie-americaine-est-elle-a-court-delasticite\\\/#breadcrumb\"},\"inLanguage\":\"fr-FR\",\"potentialAction\":[{\"@type\":\"ReadAction\",\"target\":[\"https:\\\/\\\/lasentinelle.dz\\\/index.php\\\/2021\\\/07\\\/31\\\/leconomie-americaine-est-elle-a-court-delasticite\\\/\"]}]},{\"@type\":\"ImageObject\",\"inLanguage\":\"fr-FR\",\"@id\":\"https:\\\/\\\/lasentinelle.dz\\\/index.php\\\/2021\\\/07\\\/31\\\/leconomie-americaine-est-elle-a-court-delasticite\\\/#primaryimage\",\"url\":\"https:\\\/\\\/lasentinelle.dz\\\/wp-content\\\/uploads\\\/2021\\\/07\\\/dollars-toujours.png\",\"contentUrl\":\"https:\\\/\\\/lasentinelle.dz\\\/wp-content\\\/uploads\\\/2021\\\/07\\\/dollars-toujours.png\",\"width\":1664,\"height\":900},{\"@type\":\"BreadcrumbList\",\"@id\":\"https:\\\/\\\/lasentinelle.dz\\\/index.php\\\/2021\\\/07\\\/31\\\/leconomie-americaine-est-elle-a-court-delasticite\\\/#breadcrumb\",\"itemListElement\":[{\"@type\":\"ListItem\",\"position\":1,\"name\":\"Accueil\",\"item\":\"https:\\\/\\\/lasentinelle.dz\\\/\"},{\"@type\":\"ListItem\",\"position\":2,\"name\":\"L&rsquo;\u00e9conomie am\u00e9ricaine est-elle \u00e0 court d\u2019\u00e9lasticit\u00e9 ?\"}]},{\"@type\":\"WebSite\",\"@id\":\"https:\\\/\\\/lasentinelle.dz\\\/#website\",\"url\":\"https:\\\/\\\/lasentinelle.dz\\\/\",\"name\":\"La Sentinelle\",\"description\":\"Quotidien national d&#039;information\",\"publisher\":{\"@id\":\"https:\\\/\\\/lasentinelle.dz\\\/#organization\"},\"potentialAction\":[{\"@type\":\"SearchAction\",\"target\":{\"@type\":\"EntryPoint\",\"urlTemplate\":\"https:\\\/\\\/lasentinelle.dz\\\/?s={search_term_string}\"},\"query-input\":{\"@type\":\"PropertyValueSpecification\",\"valueRequired\":true,\"valueName\":\"search_term_string\"}}],\"inLanguage\":\"fr-FR\"},{\"@type\":\"Organization\",\"@id\":\"https:\\\/\\\/lasentinelle.dz\\\/#organization\",\"name\":\"Quotidien La Sentinelle\",\"url\":\"https:\\\/\\\/lasentinelle.dz\\\/\",\"logo\":{\"@type\":\"ImageObject\",\"inLanguage\":\"fr-FR\",\"@id\":\"https:\\\/\\\/lasentinelle.dz\\\/#\\\/schema\\\/logo\\\/image\\\/\",\"url\":\"https:\\\/\\\/lasentinelle.dz\\\/wp-content\\\/uploads\\\/2021\\\/09\\\/logo-sentinelleSLOGAN-1.png\",\"contentUrl\":\"https:\\\/\\\/lasentinelle.dz\\\/wp-content\\\/uploads\\\/2021\\\/09\\\/logo-sentinelleSLOGAN-1.png\",\"width\":615,\"height\":142,\"caption\":\"Quotidien La Sentinelle\"},\"image\":{\"@id\":\"https:\\\/\\\/lasentinelle.dz\\\/#\\\/schema\\\/logo\\\/image\\\/\"},\"sameAs\":[\"https:\\\/\\\/www.facebook.com\\\/La-Sentinelle-104059864394773\"]},{\"@type\":\"Person\",\"@id\":\"https:\\\/\\\/lasentinelle.dz\\\/#\\\/schema\\\/person\\\/d865044e22e70a75174ce8bcad3acfb3\",\"name\":\"La Sentinelle\",\"image\":{\"@type\":\"ImageObject\",\"inLanguage\":\"fr-FR\",\"@id\":\"https:\\\/\\\/secure.gravatar.com\\\/avatar\\\/57de8e5d4b15d43fb361a71fbb36338450fe67865b528a43dd10ef7c51a20392?s=96&d=mm&r=g\",\"url\":\"https:\\\/\\\/secure.gravatar.com\\\/avatar\\\/57de8e5d4b15d43fb361a71fbb36338450fe67865b528a43dd10ef7c51a20392?s=96&d=mm&r=g\",\"contentUrl\":\"https:\\\/\\\/secure.gravatar.com\\\/avatar\\\/57de8e5d4b15d43fb361a71fbb36338450fe67865b528a43dd10ef7c51a20392?s=96&d=mm&r=g\",\"caption\":\"La Sentinelle\"},\"sameAs\":[\"http:\\\/\\\/www.lasentinelle.dz\"],\"url\":\"https:\\\/\\\/lasentinelle.dz\\\/author\\\/redaction\\\/\"}]}<\/script>\n<!-- \/ Yoast SEO plugin. -->","yoast_head_json":{"title":"L'\u00e9conomie am\u00e9ricaine est-elle \u00e0 court d\u2019\u00e9lasticit\u00e9 ? - La Sentinelle","robots":{"index":"index","follow":"follow","max-snippet":"max-snippet:-1","max-image-preview":"max-image-preview:large","max-video-preview":"max-video-preview:-1"},"canonical":"https:\/\/lasentinelle.dz\/index.php\/2021\/07\/31\/leconomie-americaine-est-elle-a-court-delasticite\/","og_locale":"fr_FR","og_type":"article","og_title":"L'\u00e9conomie am\u00e9ricaine est-elle \u00e0 court d\u2019\u00e9lasticit\u00e9 ? - La Sentinelle","og_description":"Par Willem H. Buiter NEW YORK \u2013 Quel est le niveau d\u2019\u00e9lasticit\u00e9 de l&rsquo;\u00e9conomie am\u00e9ricaine ? En \u00e9conomie, le \u00ab","og_url":"https:\/\/lasentinelle.dz\/index.php\/2021\/07\/31\/leconomie-americaine-est-elle-a-court-delasticite\/","og_site_name":"La Sentinelle","article_publisher":"https:\/\/www.facebook.com\/La-Sentinelle-104059864394773","article_published_time":"2021-07-30T23:01:00+00:00","og_image":[{"width":1664,"height":900,"url":"https:\/\/lasentinelle.dz\/wp-content\/uploads\/2021\/07\/dollars-toujours.png","type":"image\/png"}],"author":"La Sentinelle","twitter_card":"summary_large_image","twitter_misc":{"\u00c9crit par":"La Sentinelle","Dur\u00e9e de lecture estim\u00e9e":"6 minutes"},"schema":{"@context":"https:\/\/schema.org","@graph":[{"@type":"Article","@id":"https:\/\/lasentinelle.dz\/index.php\/2021\/07\/31\/leconomie-americaine-est-elle-a-court-delasticite\/#article","isPartOf":{"@id":"https:\/\/lasentinelle.dz\/index.php\/2021\/07\/31\/leconomie-americaine-est-elle-a-court-delasticite\/"},"author":{"name":"La Sentinelle","@id":"https:\/\/lasentinelle.dz\/#\/schema\/person\/d865044e22e70a75174ce8bcad3acfb3"},"headline":"L&rsquo;\u00e9conomie am\u00e9ricaine est-elle \u00e0 court d\u2019\u00e9lasticit\u00e9 ?","datePublished":"2021-07-30T23:01:00+00:00","mainEntityOfPage":{"@id":"https:\/\/lasentinelle.dz\/index.php\/2021\/07\/31\/leconomie-americaine-est-elle-a-court-delasticite\/"},"wordCount":1257,"commentCount":0,"publisher":{"@id":"https:\/\/lasentinelle.dz\/#organization"},"image":{"@id":"https:\/\/lasentinelle.dz\/index.php\/2021\/07\/31\/leconomie-americaine-est-elle-a-court-delasticite\/#primaryimage"},"thumbnailUrl":"https:\/\/lasentinelle.dz\/wp-content\/uploads\/2021\/07\/dollars-toujours.png","articleSection":["D\u00e9bats"],"inLanguage":"fr-FR","potentialAction":[{"@type":"CommentAction","name":"Comment","target":["https:\/\/lasentinelle.dz\/index.php\/2021\/07\/31\/leconomie-americaine-est-elle-a-court-delasticite\/#respond"]}]},{"@type":"WebPage","@id":"https:\/\/lasentinelle.dz\/index.php\/2021\/07\/31\/leconomie-americaine-est-elle-a-court-delasticite\/","url":"https:\/\/lasentinelle.dz\/index.php\/2021\/07\/31\/leconomie-americaine-est-elle-a-court-delasticite\/","name":"L'\u00e9conomie am\u00e9ricaine est-elle \u00e0 court d\u2019\u00e9lasticit\u00e9 ? - La Sentinelle","isPartOf":{"@id":"https:\/\/lasentinelle.dz\/#website"},"primaryImageOfPage":{"@id":"https:\/\/lasentinelle.dz\/index.php\/2021\/07\/31\/leconomie-americaine-est-elle-a-court-delasticite\/#primaryimage"},"image":{"@id":"https:\/\/lasentinelle.dz\/index.php\/2021\/07\/31\/leconomie-americaine-est-elle-a-court-delasticite\/#primaryimage"},"thumbnailUrl":"https:\/\/lasentinelle.dz\/wp-content\/uploads\/2021\/07\/dollars-toujours.png","datePublished":"2021-07-30T23:01:00+00:00","breadcrumb":{"@id":"https:\/\/lasentinelle.dz\/index.php\/2021\/07\/31\/leconomie-americaine-est-elle-a-court-delasticite\/#breadcrumb"},"inLanguage":"fr-FR","potentialAction":[{"@type":"ReadAction","target":["https:\/\/lasentinelle.dz\/index.php\/2021\/07\/31\/leconomie-americaine-est-elle-a-court-delasticite\/"]}]},{"@type":"ImageObject","inLanguage":"fr-FR","@id":"https:\/\/lasentinelle.dz\/index.php\/2021\/07\/31\/leconomie-americaine-est-elle-a-court-delasticite\/#primaryimage","url":"https:\/\/lasentinelle.dz\/wp-content\/uploads\/2021\/07\/dollars-toujours.png","contentUrl":"https:\/\/lasentinelle.dz\/wp-content\/uploads\/2021\/07\/dollars-toujours.png","width":1664,"height":900},{"@type":"BreadcrumbList","@id":"https:\/\/lasentinelle.dz\/index.php\/2021\/07\/31\/leconomie-americaine-est-elle-a-court-delasticite\/#breadcrumb","itemListElement":[{"@type":"ListItem","position":1,"name":"Accueil","item":"https:\/\/lasentinelle.dz\/"},{"@type":"ListItem","position":2,"name":"L&rsquo;\u00e9conomie am\u00e9ricaine est-elle \u00e0 court d\u2019\u00e9lasticit\u00e9 ?"}]},{"@type":"WebSite","@id":"https:\/\/lasentinelle.dz\/#website","url":"https:\/\/lasentinelle.dz\/","name":"La Sentinelle","description":"Quotidien national d&#039;information","publisher":{"@id":"https:\/\/lasentinelle.dz\/#organization"},"potentialAction":[{"@type":"SearchAction","target":{"@type":"EntryPoint","urlTemplate":"https:\/\/lasentinelle.dz\/?s={search_term_string}"},"query-input":{"@type":"PropertyValueSpecification","valueRequired":true,"valueName":"search_term_string"}}],"inLanguage":"fr-FR"},{"@type":"Organization","@id":"https:\/\/lasentinelle.dz\/#organization","name":"Quotidien La Sentinelle","url":"https:\/\/lasentinelle.dz\/","logo":{"@type":"ImageObject","inLanguage":"fr-FR","@id":"https:\/\/lasentinelle.dz\/#\/schema\/logo\/image\/","url":"https:\/\/lasentinelle.dz\/wp-content\/uploads\/2021\/09\/logo-sentinelleSLOGAN-1.png","contentUrl":"https:\/\/lasentinelle.dz\/wp-content\/uploads\/2021\/09\/logo-sentinelleSLOGAN-1.png","width":615,"height":142,"caption":"Quotidien La Sentinelle"},"image":{"@id":"https:\/\/lasentinelle.dz\/#\/schema\/logo\/image\/"},"sameAs":["https:\/\/www.facebook.com\/La-Sentinelle-104059864394773"]},{"@type":"Person","@id":"https:\/\/lasentinelle.dz\/#\/schema\/person\/d865044e22e70a75174ce8bcad3acfb3","name":"La Sentinelle","image":{"@type":"ImageObject","inLanguage":"fr-FR","@id":"https:\/\/secure.gravatar.com\/avatar\/57de8e5d4b15d43fb361a71fbb36338450fe67865b528a43dd10ef7c51a20392?s=96&d=mm&r=g","url":"https:\/\/secure.gravatar.com\/avatar\/57de8e5d4b15d43fb361a71fbb36338450fe67865b528a43dd10ef7c51a20392?s=96&d=mm&r=g","contentUrl":"https:\/\/secure.gravatar.com\/avatar\/57de8e5d4b15d43fb361a71fbb36338450fe67865b528a43dd10ef7c51a20392?s=96&d=mm&r=g","caption":"La Sentinelle"},"sameAs":["http:\/\/www.lasentinelle.dz"],"url":"https:\/\/lasentinelle.dz\/author\/redaction\/"}]}},"_links":{"self":[{"href":"https:\/\/lasentinelle.dz\/index.php\/wp-json\/wp\/v2\/posts\/2751","targetHints":{"allow":["GET"]}}],"collection":[{"href":"https:\/\/lasentinelle.dz\/index.php\/wp-json\/wp\/v2\/posts"}],"about":[{"href":"https:\/\/lasentinelle.dz\/index.php\/wp-json\/wp\/v2\/types\/post"}],"author":[{"embeddable":true,"href":"https:\/\/lasentinelle.dz\/index.php\/wp-json\/wp\/v2\/users\/3"}],"replies":[{"embeddable":true,"href":"https:\/\/lasentinelle.dz\/index.php\/wp-json\/wp\/v2\/comments?post=2751"}],"version-history":[{"count":1,"href":"https:\/\/lasentinelle.dz\/index.php\/wp-json\/wp\/v2\/posts\/2751\/revisions"}],"predecessor-version":[{"id":2811,"href":"https:\/\/lasentinelle.dz\/index.php\/wp-json\/wp\/v2\/posts\/2751\/revisions\/2811"}],"wp:featuredmedia":[{"embeddable":true,"href":"https:\/\/lasentinelle.dz\/index.php\/wp-json\/wp\/v2\/media\/2805"}],"wp:attachment":[{"href":"https:\/\/lasentinelle.dz\/index.php\/wp-json\/wp\/v2\/media?parent=2751"}],"wp:term":[{"taxonomy":"category","embeddable":true,"href":"https:\/\/lasentinelle.dz\/index.php\/wp-json\/wp\/v2\/categories?post=2751"},{"taxonomy":"post_tag","embeddable":true,"href":"https:\/\/lasentinelle.dz\/index.php\/wp-json\/wp\/v2\/tags?post=2751"}],"curies":[{"name":"wp","href":"https:\/\/api.w.org\/{rel}","templated":true}]}}