{"id":27536,"date":"2022-09-18T00:05:00","date_gmt":"2022-09-17T23:05:00","guid":{"rendered":"https:\/\/lasentinelle.dz\/?p=27536"},"modified":"2022-09-18T11:55:41","modified_gmt":"2022-09-18T10:55:41","slug":"federation-nationale-de-lenseignement-superieur-lappel-au-dialogue-reitere","status":"publish","type":"post","link":"https:\/\/lasentinelle.dz\/index.php\/2022\/09\/18\/federation-nationale-de-lenseignement-superieur-lappel-au-dialogue-reitere\/","title":{"rendered":"F\u00e9d\u00e9ration nationale de l&rsquo;enseignement sup\u00e9rieur\u00a0: L\u2019appel au dialogue r\u00e9it\u00e9r\u00e9"},"content":{"rendered":"\n<p>La F\u00e9d\u00e9ration nationale de l&rsquo;enseignement sup\u00e9rieur et de la recherche scientifique a r\u00e9it\u00e9r\u00e9 ses appels au dialogue et la concertation permettant la concr\u00e9tisation les aspirations de l\u2019universit\u00e9 et r\u00e9pondre \u00e0 ses diverses pr\u00e9occupations professionnelles et sociales. Dans un communiqu\u00e9 adress\u00e9 aux professeurs des universit\u00e9s \u00e0 l&rsquo;occasion de la nouvelle universit\u00e9 entr\u00e9e 2022\/2023, la F\u00e9d\u00e9ration a rappel\u00e9 que \u00abl&rsquo;Etat accorde une grande importance au dialogue social&nbsp;\u00bb. Le Secr\u00e9taire g\u00e9n\u00e9ral de la FNESRS a mis en avant \u00abl\u2019aboutissement du processus de d\u00e9veloppement et de promotion des universit\u00e9s alg\u00e9riennes, qui comptent 112 \u00e9tablissements d&rsquo;enseignement sup\u00e9rieur et 1.700 000 \u00e9tudiants universitaires, dont 34 000 nouveaux \u00e9tudiants universitaires, 65 000 professeurs universitaires permanents et 1600 laboratoires de recherche&nbsp;\u00bb. La m\u00eame source a soulign\u00e9 que \u00abla f\u00e9d\u00e9ration est consciente de l&rsquo;importance du r\u00f4le jou\u00e9 par le secteur de l&rsquo;enseignement sup\u00e9rieur et de la recherche scientifique afin de former qualitativement les \u00e9lites et d&rsquo;atteindre la capacit\u00e9 \u00e0 m\u00eame de r\u00e9pondre aux besoins du secteur \u00e9conomique et social et le doter d&rsquo;une ressource humaine de qualit\u00e9 en r\u00e9ponse aux aspirations du march\u00e9 du travail national voire mondial&nbsp;\u00bb. En ce qui concerne la les diff\u00e9rentes revendications professionnelles et sociales des professeurs, la m\u00eame source a indiqu\u00e9 que \u00ab l&rsquo;objectif vis\u00e9 est d&rsquo;\u00e9lever les performances, d&rsquo;orienter les \u00e9nergies, de servir la qualit\u00e9 la formation et l&rsquo;acc\u00e9l\u00e9ration du rythme de l&rsquo;innovation comme des facteurs qui s&rsquo;av\u00e8rent \u00eatre les leviers du d\u00e9collage vers l&rsquo;Universit\u00e9 de demain&nbsp;\u00bb.<\/p>\n\n\n\n<p><strong>Amar Malki<\/strong><\/p>\n","protected":false},"excerpt":{"rendered":"<p>La F\u00e9d\u00e9ration nationale de l&rsquo;enseignement sup\u00e9rieur et de la recherche scientifique a r\u00e9it\u00e9r\u00e9 ses appels au dialogue et la concertation<\/p>\n","protected":false},"author":3,"featured_media":19899,"comment_status":"open","ping_status":"closed","sticky":false,"template":"","format":"standard","meta":{"colormag_page_container_layout":"default_layout","colormag_page_sidebar_layout":"default_layout","om_disable_all_campaigns":false,"_monsterinsights_skip_tracking":false,"_monsterinsights_sitenote_active":false,"_monsterinsights_sitenote_note":"","_monsterinsights_sitenote_category":0,"footnotes":"","_wpscppro_dont_share_socialmedia":false,"_wpscppro_custom_social_share_image":0,"_facebook_share_type":"","_twitter_share_type":"","_linkedin_share_type":"","_pinterest_share_type":"","_linkedin_share_type_page":"","_instagram_share_type":"","_medium_share_type":"","_threads_share_type":"","_google_business_share_type":"","_selected_social_profile":[],"_wpsp_enable_custom_social_template":false,"_wpsp_social_scheduling":{"enabled":false,"datetime":null,"platforms":[],"status":"template_only","dateOption":"today","timeOption":"now","customDays":"","customHours":"","customDate":"","customTime":"","schedulingType":"absolute"},"_wpsp_active_default_template":true},"categories":[27],"tags":[],"class_list":["post-27536","post","type-post","status-publish","format-standard","has-post-thumbnail","hentry","category-actualite"],"aioseo_notices":[],"yoast_head":"<!-- This site is optimized with the Yoast SEO plugin v27.4 - https:\/\/yoast.com\/product\/yoast-seo-wordpress\/ -->\n<title>F\u00e9d\u00e9ration nationale de l&rsquo;enseignement sup\u00e9rieur\u00a0: L\u2019appel au dialogue r\u00e9it\u00e9r\u00e9 - La Sentinelle<\/title>\n<meta name=\"robots\" content=\"index, follow, max-snippet:-1, max-image-preview:large, max-video-preview:-1\" \/>\n<link rel=\"canonical\" href=\"https:\/\/lasentinelle.dz\/index.php\/2022\/09\/18\/federation-nationale-de-lenseignement-superieur-lappel-au-dialogue-reitere\/\" \/>\n<meta property=\"og:locale\" content=\"fr_FR\" \/>\n<meta property=\"og:type\" content=\"article\" \/>\n<meta property=\"og:title\" content=\"F\u00e9d\u00e9ration nationale de l&rsquo;enseignement sup\u00e9rieur\u00a0: L\u2019appel au dialogue r\u00e9it\u00e9r\u00e9 - La Sentinelle\" \/>\n<meta property=\"og:description\" content=\"La F\u00e9d\u00e9ration nationale de l&rsquo;enseignement sup\u00e9rieur et de la recherche scientifique a r\u00e9it\u00e9r\u00e9 ses appels au dialogue et la concertation\" \/>\n<meta property=\"og:url\" content=\"https:\/\/lasentinelle.dz\/index.php\/2022\/09\/18\/federation-nationale-de-lenseignement-superieur-lappel-au-dialogue-reitere\/\" \/>\n<meta property=\"og:site_name\" content=\"La Sentinelle\" \/>\n<meta property=\"article:publisher\" content=\"https:\/\/www.facebook.com\/La-Sentinelle-104059864394773\" \/>\n<meta property=\"article:published_time\" content=\"2022-09-17T23:05:00+00:00\" \/>\n<meta property=\"article:modified_time\" content=\"2022-09-18T10:55:41+00:00\" \/>\n<meta property=\"og:image\" content=\"https:\/\/lasentinelle.dz\/wp-content\/uploads\/2022\/04\/ministere-de-lenseignement-superieur.png\" \/>\n\t<meta property=\"og:image:width\" content=\"1406\" \/>\n\t<meta property=\"og:image:height\" content=\"900\" \/>\n\t<meta property=\"og:image:type\" content=\"image\/png\" \/>\n<meta name=\"author\" content=\"La Sentinelle\" \/>\n<meta name=\"twitter:card\" content=\"summary_large_image\" \/>\n<meta name=\"twitter:label1\" content=\"\u00c9crit par\" \/>\n\t<meta name=\"twitter:data1\" content=\"La Sentinelle\" \/>\n\t<meta name=\"twitter:label2\" content=\"Dur\u00e9e de lecture estim\u00e9e\" \/>\n\t<meta name=\"twitter:data2\" content=\"2 minutes\" \/>\n<script type=\"application\/ld+json\" class=\"yoast-schema-graph\">{\"@context\":\"https:\\\/\\\/schema.org\",\"@graph\":[{\"@type\":\"Article\",\"@id\":\"https:\\\/\\\/lasentinelle.dz\\\/index.php\\\/2022\\\/09\\\/18\\\/federation-nationale-de-lenseignement-superieur-lappel-au-dialogue-reitere\\\/#article\",\"isPartOf\":{\"@id\":\"https:\\\/\\\/lasentinelle.dz\\\/index.php\\\/2022\\\/09\\\/18\\\/federation-nationale-de-lenseignement-superieur-lappel-au-dialogue-reitere\\\/\"},\"author\":{\"name\":\"La Sentinelle\",\"@id\":\"https:\\\/\\\/lasentinelle.dz\\\/#\\\/schema\\\/person\\\/d865044e22e70a75174ce8bcad3acfb3\"},\"headline\":\"F\u00e9d\u00e9ration nationale de l&rsquo;enseignement sup\u00e9rieur\u00a0: L\u2019appel au dialogue r\u00e9it\u00e9r\u00e9\",\"datePublished\":\"2022-09-17T23:05:00+00:00\",\"dateModified\":\"2022-09-18T10:55:41+00:00\",\"mainEntityOfPage\":{\"@id\":\"https:\\\/\\\/lasentinelle.dz\\\/index.php\\\/2022\\\/09\\\/18\\\/federation-nationale-de-lenseignement-superieur-lappel-au-dialogue-reitere\\\/\"},\"wordCount\":294,\"commentCount\":0,\"publisher\":{\"@id\":\"https:\\\/\\\/lasentinelle.dz\\\/#organization\"},\"image\":{\"@id\":\"https:\\\/\\\/lasentinelle.dz\\\/index.php\\\/2022\\\/09\\\/18\\\/federation-nationale-de-lenseignement-superieur-lappel-au-dialogue-reitere\\\/#primaryimage\"},\"thumbnailUrl\":\"https:\\\/\\\/lasentinelle.dz\\\/wp-content\\\/uploads\\\/2022\\\/04\\\/ministere-de-lenseignement-superieur.png\",\"articleSection\":[\"Actualit\u00e9\"],\"inLanguage\":\"fr-FR\",\"potentialAction\":[{\"@type\":\"CommentAction\",\"name\":\"Comment\",\"target\":[\"https:\\\/\\\/lasentinelle.dz\\\/index.php\\\/2022\\\/09\\\/18\\\/federation-nationale-de-lenseignement-superieur-lappel-au-dialogue-reitere\\\/#respond\"]}]},{\"@type\":\"WebPage\",\"@id\":\"https:\\\/\\\/lasentinelle.dz\\\/index.php\\\/2022\\\/09\\\/18\\\/federation-nationale-de-lenseignement-superieur-lappel-au-dialogue-reitere\\\/\",\"url\":\"https:\\\/\\\/lasentinelle.dz\\\/index.php\\\/2022\\\/09\\\/18\\\/federation-nationale-de-lenseignement-superieur-lappel-au-dialogue-reitere\\\/\",\"name\":\"F\u00e9d\u00e9ration nationale de l&rsquo;enseignement sup\u00e9rieur\u00a0: L\u2019appel au dialogue r\u00e9it\u00e9r\u00e9 - La Sentinelle\",\"isPartOf\":{\"@id\":\"https:\\\/\\\/lasentinelle.dz\\\/#website\"},\"primaryImageOfPage\":{\"@id\":\"https:\\\/\\\/lasentinelle.dz\\\/index.php\\\/2022\\\/09\\\/18\\\/federation-nationale-de-lenseignement-superieur-lappel-au-dialogue-reitere\\\/#primaryimage\"},\"image\":{\"@id\":\"https:\\\/\\\/lasentinelle.dz\\\/index.php\\\/2022\\\/09\\\/18\\\/federation-nationale-de-lenseignement-superieur-lappel-au-dialogue-reitere\\\/#primaryimage\"},\"thumbnailUrl\":\"https:\\\/\\\/lasentinelle.dz\\\/wp-content\\\/uploads\\\/2022\\\/04\\\/ministere-de-lenseignement-superieur.png\",\"datePublished\":\"2022-09-17T23:05:00+00:00\",\"dateModified\":\"2022-09-18T10:55:41+00:00\",\"breadcrumb\":{\"@id\":\"https:\\\/\\\/lasentinelle.dz\\\/index.php\\\/2022\\\/09\\\/18\\\/federation-nationale-de-lenseignement-superieur-lappel-au-dialogue-reitere\\\/#breadcrumb\"},\"inLanguage\":\"fr-FR\",\"potentialAction\":[{\"@type\":\"ReadAction\",\"target\":[\"https:\\\/\\\/lasentinelle.dz\\\/index.php\\\/2022\\\/09\\\/18\\\/federation-nationale-de-lenseignement-superieur-lappel-au-dialogue-reitere\\\/\"]}]},{\"@type\":\"ImageObject\",\"inLanguage\":\"fr-FR\",\"@id\":\"https:\\\/\\\/lasentinelle.dz\\\/index.php\\\/2022\\\/09\\\/18\\\/federation-nationale-de-lenseignement-superieur-lappel-au-dialogue-reitere\\\/#primaryimage\",\"url\":\"https:\\\/\\\/lasentinelle.dz\\\/wp-content\\\/uploads\\\/2022\\\/04\\\/ministere-de-lenseignement-superieur.png\",\"contentUrl\":\"https:\\\/\\\/lasentinelle.dz\\\/wp-content\\\/uploads\\\/2022\\\/04\\\/ministere-de-lenseignement-superieur.png\",\"width\":1406,\"height\":900},{\"@type\":\"BreadcrumbList\",\"@id\":\"https:\\\/\\\/lasentinelle.dz\\\/index.php\\\/2022\\\/09\\\/18\\\/federation-nationale-de-lenseignement-superieur-lappel-au-dialogue-reitere\\\/#breadcrumb\",\"itemListElement\":[{\"@type\":\"ListItem\",\"position\":1,\"name\":\"Accueil\",\"item\":\"https:\\\/\\\/lasentinelle.dz\\\/\"},{\"@type\":\"ListItem\",\"position\":2,\"name\":\"F\u00e9d\u00e9ration nationale de l&rsquo;enseignement sup\u00e9rieur\u00a0: L\u2019appel au dialogue r\u00e9it\u00e9r\u00e9\"}]},{\"@type\":\"WebSite\",\"@id\":\"https:\\\/\\\/lasentinelle.dz\\\/#website\",\"url\":\"https:\\\/\\\/lasentinelle.dz\\\/\",\"name\":\"La Sentinelle\",\"description\":\"Quotidien national d&#039;information\",\"publisher\":{\"@id\":\"https:\\\/\\\/lasentinelle.dz\\\/#organization\"},\"potentialAction\":[{\"@type\":\"SearchAction\",\"target\":{\"@type\":\"EntryPoint\",\"urlTemplate\":\"https:\\\/\\\/lasentinelle.dz\\\/?s={search_term_string}\"},\"query-input\":{\"@type\":\"PropertyValueSpecification\",\"valueRequired\":true,\"valueName\":\"search_term_string\"}}],\"inLanguage\":\"fr-FR\"},{\"@type\":\"Organization\",\"@id\":\"https:\\\/\\\/lasentinelle.dz\\\/#organization\",\"name\":\"Quotidien La Sentinelle\",\"url\":\"https:\\\/\\\/lasentinelle.dz\\\/\",\"logo\":{\"@type\":\"ImageObject\",\"inLanguage\":\"fr-FR\",\"@id\":\"https:\\\/\\\/lasentinelle.dz\\\/#\\\/schema\\\/logo\\\/image\\\/\",\"url\":\"https:\\\/\\\/lasentinelle.dz\\\/wp-content\\\/uploads\\\/2021\\\/09\\\/logo-sentinelleSLOGAN-1.png\",\"contentUrl\":\"https:\\\/\\\/lasentinelle.dz\\\/wp-content\\\/uploads\\\/2021\\\/09\\\/logo-sentinelleSLOGAN-1.png\",\"width\":615,\"height\":142,\"caption\":\"Quotidien La Sentinelle\"},\"image\":{\"@id\":\"https:\\\/\\\/lasentinelle.dz\\\/#\\\/schema\\\/logo\\\/image\\\/\"},\"sameAs\":[\"https:\\\/\\\/www.facebook.com\\\/La-Sentinelle-104059864394773\"]},{\"@type\":\"Person\",\"@id\":\"https:\\\/\\\/lasentinelle.dz\\\/#\\\/schema\\\/person\\\/d865044e22e70a75174ce8bcad3acfb3\",\"name\":\"La Sentinelle\",\"image\":{\"@type\":\"ImageObject\",\"inLanguage\":\"fr-FR\",\"@id\":\"https:\\\/\\\/secure.gravatar.com\\\/avatar\\\/57de8e5d4b15d43fb361a71fbb36338450fe67865b528a43dd10ef7c51a20392?s=96&d=mm&r=g\",\"url\":\"https:\\\/\\\/secure.gravatar.com\\\/avatar\\\/57de8e5d4b15d43fb361a71fbb36338450fe67865b528a43dd10ef7c51a20392?s=96&d=mm&r=g\",\"contentUrl\":\"https:\\\/\\\/secure.gravatar.com\\\/avatar\\\/57de8e5d4b15d43fb361a71fbb36338450fe67865b528a43dd10ef7c51a20392?s=96&d=mm&r=g\",\"caption\":\"La Sentinelle\"},\"sameAs\":[\"http:\\\/\\\/www.lasentinelle.dz\"],\"url\":\"https:\\\/\\\/lasentinelle.dz\\\/author\\\/redaction\\\/\"}]}<\/script>\n<!-- \/ Yoast SEO plugin. -->","yoast_head_json":{"title":"F\u00e9d\u00e9ration nationale de l&rsquo;enseignement sup\u00e9rieur\u00a0: L\u2019appel au dialogue r\u00e9it\u00e9r\u00e9 - La Sentinelle","robots":{"index":"index","follow":"follow","max-snippet":"max-snippet:-1","max-image-preview":"max-image-preview:large","max-video-preview":"max-video-preview:-1"},"canonical":"https:\/\/lasentinelle.dz\/index.php\/2022\/09\/18\/federation-nationale-de-lenseignement-superieur-lappel-au-dialogue-reitere\/","og_locale":"fr_FR","og_type":"article","og_title":"F\u00e9d\u00e9ration nationale de l&rsquo;enseignement sup\u00e9rieur\u00a0: L\u2019appel au dialogue r\u00e9it\u00e9r\u00e9 - La Sentinelle","og_description":"La F\u00e9d\u00e9ration nationale de l&rsquo;enseignement sup\u00e9rieur et de la recherche scientifique a r\u00e9it\u00e9r\u00e9 ses appels au dialogue et la concertation","og_url":"https:\/\/lasentinelle.dz\/index.php\/2022\/09\/18\/federation-nationale-de-lenseignement-superieur-lappel-au-dialogue-reitere\/","og_site_name":"La Sentinelle","article_publisher":"https:\/\/www.facebook.com\/La-Sentinelle-104059864394773","article_published_time":"2022-09-17T23:05:00+00:00","article_modified_time":"2022-09-18T10:55:41+00:00","og_image":[{"width":1406,"height":900,"url":"https:\/\/lasentinelle.dz\/wp-content\/uploads\/2022\/04\/ministere-de-lenseignement-superieur.png","type":"image\/png"}],"author":"La Sentinelle","twitter_card":"summary_large_image","twitter_misc":{"\u00c9crit par":"La Sentinelle","Dur\u00e9e de lecture estim\u00e9e":"2 minutes"},"schema":{"@context":"https:\/\/schema.org","@graph":[{"@type":"Article","@id":"https:\/\/lasentinelle.dz\/index.php\/2022\/09\/18\/federation-nationale-de-lenseignement-superieur-lappel-au-dialogue-reitere\/#article","isPartOf":{"@id":"https:\/\/lasentinelle.dz\/index.php\/2022\/09\/18\/federation-nationale-de-lenseignement-superieur-lappel-au-dialogue-reitere\/"},"author":{"name":"La Sentinelle","@id":"https:\/\/lasentinelle.dz\/#\/schema\/person\/d865044e22e70a75174ce8bcad3acfb3"},"headline":"F\u00e9d\u00e9ration nationale de l&rsquo;enseignement sup\u00e9rieur\u00a0: L\u2019appel au dialogue r\u00e9it\u00e9r\u00e9","datePublished":"2022-09-17T23:05:00+00:00","dateModified":"2022-09-18T10:55:41+00:00","mainEntityOfPage":{"@id":"https:\/\/lasentinelle.dz\/index.php\/2022\/09\/18\/federation-nationale-de-lenseignement-superieur-lappel-au-dialogue-reitere\/"},"wordCount":294,"commentCount":0,"publisher":{"@id":"https:\/\/lasentinelle.dz\/#organization"},"image":{"@id":"https:\/\/lasentinelle.dz\/index.php\/2022\/09\/18\/federation-nationale-de-lenseignement-superieur-lappel-au-dialogue-reitere\/#primaryimage"},"thumbnailUrl":"https:\/\/lasentinelle.dz\/wp-content\/uploads\/2022\/04\/ministere-de-lenseignement-superieur.png","articleSection":["Actualit\u00e9"],"inLanguage":"fr-FR","potentialAction":[{"@type":"CommentAction","name":"Comment","target":["https:\/\/lasentinelle.dz\/index.php\/2022\/09\/18\/federation-nationale-de-lenseignement-superieur-lappel-au-dialogue-reitere\/#respond"]}]},{"@type":"WebPage","@id":"https:\/\/lasentinelle.dz\/index.php\/2022\/09\/18\/federation-nationale-de-lenseignement-superieur-lappel-au-dialogue-reitere\/","url":"https:\/\/lasentinelle.dz\/index.php\/2022\/09\/18\/federation-nationale-de-lenseignement-superieur-lappel-au-dialogue-reitere\/","name":"F\u00e9d\u00e9ration nationale de l&rsquo;enseignement sup\u00e9rieur\u00a0: L\u2019appel au dialogue r\u00e9it\u00e9r\u00e9 - La Sentinelle","isPartOf":{"@id":"https:\/\/lasentinelle.dz\/#website"},"primaryImageOfPage":{"@id":"https:\/\/lasentinelle.dz\/index.php\/2022\/09\/18\/federation-nationale-de-lenseignement-superieur-lappel-au-dialogue-reitere\/#primaryimage"},"image":{"@id":"https:\/\/lasentinelle.dz\/index.php\/2022\/09\/18\/federation-nationale-de-lenseignement-superieur-lappel-au-dialogue-reitere\/#primaryimage"},"thumbnailUrl":"https:\/\/lasentinelle.dz\/wp-content\/uploads\/2022\/04\/ministere-de-lenseignement-superieur.png","datePublished":"2022-09-17T23:05:00+00:00","dateModified":"2022-09-18T10:55:41+00:00","breadcrumb":{"@id":"https:\/\/lasentinelle.dz\/index.php\/2022\/09\/18\/federation-nationale-de-lenseignement-superieur-lappel-au-dialogue-reitere\/#breadcrumb"},"inLanguage":"fr-FR","potentialAction":[{"@type":"ReadAction","target":["https:\/\/lasentinelle.dz\/index.php\/2022\/09\/18\/federation-nationale-de-lenseignement-superieur-lappel-au-dialogue-reitere\/"]}]},{"@type":"ImageObject","inLanguage":"fr-FR","@id":"https:\/\/lasentinelle.dz\/index.php\/2022\/09\/18\/federation-nationale-de-lenseignement-superieur-lappel-au-dialogue-reitere\/#primaryimage","url":"https:\/\/lasentinelle.dz\/wp-content\/uploads\/2022\/04\/ministere-de-lenseignement-superieur.png","contentUrl":"https:\/\/lasentinelle.dz\/wp-content\/uploads\/2022\/04\/ministere-de-lenseignement-superieur.png","width":1406,"height":900},{"@type":"BreadcrumbList","@id":"https:\/\/lasentinelle.dz\/index.php\/2022\/09\/18\/federation-nationale-de-lenseignement-superieur-lappel-au-dialogue-reitere\/#breadcrumb","itemListElement":[{"@type":"ListItem","position":1,"name":"Accueil","item":"https:\/\/lasentinelle.dz\/"},{"@type":"ListItem","position":2,"name":"F\u00e9d\u00e9ration nationale de l&rsquo;enseignement sup\u00e9rieur\u00a0: L\u2019appel au dialogue r\u00e9it\u00e9r\u00e9"}]},{"@type":"WebSite","@id":"https:\/\/lasentinelle.dz\/#website","url":"https:\/\/lasentinelle.dz\/","name":"La Sentinelle","description":"Quotidien national d&#039;information","publisher":{"@id":"https:\/\/lasentinelle.dz\/#organization"},"potentialAction":[{"@type":"SearchAction","target":{"@type":"EntryPoint","urlTemplate":"https:\/\/lasentinelle.dz\/?s={search_term_string}"},"query-input":{"@type":"PropertyValueSpecification","valueRequired":true,"valueName":"search_term_string"}}],"inLanguage":"fr-FR"},{"@type":"Organization","@id":"https:\/\/lasentinelle.dz\/#organization","name":"Quotidien La Sentinelle","url":"https:\/\/lasentinelle.dz\/","logo":{"@type":"ImageObject","inLanguage":"fr-FR","@id":"https:\/\/lasentinelle.dz\/#\/schema\/logo\/image\/","url":"https:\/\/lasentinelle.dz\/wp-content\/uploads\/2021\/09\/logo-sentinelleSLOGAN-1.png","contentUrl":"https:\/\/lasentinelle.dz\/wp-content\/uploads\/2021\/09\/logo-sentinelleSLOGAN-1.png","width":615,"height":142,"caption":"Quotidien La Sentinelle"},"image":{"@id":"https:\/\/lasentinelle.dz\/#\/schema\/logo\/image\/"},"sameAs":["https:\/\/www.facebook.com\/La-Sentinelle-104059864394773"]},{"@type":"Person","@id":"https:\/\/lasentinelle.dz\/#\/schema\/person\/d865044e22e70a75174ce8bcad3acfb3","name":"La Sentinelle","image":{"@type":"ImageObject","inLanguage":"fr-FR","@id":"https:\/\/secure.gravatar.com\/avatar\/57de8e5d4b15d43fb361a71fbb36338450fe67865b528a43dd10ef7c51a20392?s=96&d=mm&r=g","url":"https:\/\/secure.gravatar.com\/avatar\/57de8e5d4b15d43fb361a71fbb36338450fe67865b528a43dd10ef7c51a20392?s=96&d=mm&r=g","contentUrl":"https:\/\/secure.gravatar.com\/avatar\/57de8e5d4b15d43fb361a71fbb36338450fe67865b528a43dd10ef7c51a20392?s=96&d=mm&r=g","caption":"La Sentinelle"},"sameAs":["http:\/\/www.lasentinelle.dz"],"url":"https:\/\/lasentinelle.dz\/author\/redaction\/"}]}},"_links":{"self":[{"href":"https:\/\/lasentinelle.dz\/index.php\/wp-json\/wp\/v2\/posts\/27536","targetHints":{"allow":["GET"]}}],"collection":[{"href":"https:\/\/lasentinelle.dz\/index.php\/wp-json\/wp\/v2\/posts"}],"about":[{"href":"https:\/\/lasentinelle.dz\/index.php\/wp-json\/wp\/v2\/types\/post"}],"author":[{"embeddable":true,"href":"https:\/\/lasentinelle.dz\/index.php\/wp-json\/wp\/v2\/users\/3"}],"replies":[{"embeddable":true,"href":"https:\/\/lasentinelle.dz\/index.php\/wp-json\/wp\/v2\/comments?post=27536"}],"version-history":[{"count":2,"href":"https:\/\/lasentinelle.dz\/index.php\/wp-json\/wp\/v2\/posts\/27536\/revisions"}],"predecessor-version":[{"id":27568,"href":"https:\/\/lasentinelle.dz\/index.php\/wp-json\/wp\/v2\/posts\/27536\/revisions\/27568"}],"wp:featuredmedia":[{"embeddable":true,"href":"https:\/\/lasentinelle.dz\/index.php\/wp-json\/wp\/v2\/media\/19899"}],"wp:attachment":[{"href":"https:\/\/lasentinelle.dz\/index.php\/wp-json\/wp\/v2\/media?parent=27536"}],"wp:term":[{"taxonomy":"category","embeddable":true,"href":"https:\/\/lasentinelle.dz\/index.php\/wp-json\/wp\/v2\/categories?post=27536"},{"taxonomy":"post_tag","embeddable":true,"href":"https:\/\/lasentinelle.dz\/index.php\/wp-json\/wp\/v2\/tags?post=27536"}],"curies":[{"name":"wp","href":"https:\/\/api.w.org\/{rel}","templated":true}]}}