{"id":27538,"date":"2022-09-18T00:05:00","date_gmt":"2022-09-17T23:05:00","guid":{"rendered":"https:\/\/lasentinelle.dz\/?p=27538"},"modified":"2022-09-18T11:56:19","modified_gmt":"2022-09-18T10:56:19","slug":"rentree-universitaire-ouvrir-luniversite-sur-son-environnement-economique","status":"publish","type":"post","link":"https:\/\/lasentinelle.dz\/index.php\/2022\/09\/18\/rentree-universitaire-ouvrir-luniversite-sur-son-environnement-economique\/","title":{"rendered":"Rentr\u00e9e universitaire\u00a0: Ouvrir l\u2019Universit\u00e9 sur son environnement \u00e9conomique"},"content":{"rendered":"\n<p>Pr\u00e8s de deux millions d\u2019\u00e9tudiants ont effectu\u00e9 hier leur rentr\u00e9e. L\u2019occasion de mettre en lumi\u00e8re les objectifs fix\u00e9s dans le cadre de la r\u00e9forme de l\u2019enseignement universitaire, notamment en ce qui concerne la recherche et d\u00e9veloppement, l\u2019innovation et l\u2019ouverture de l\u2019universit\u00e9 sur son environnement \u00e9conomique. Dans ce sens, le premier responsable du secteur, Kamel Bidari, qui a lanc\u00e9 la nouvelle ann\u00e9e universitaire depuis Mascara<\/p>\n\n\n\n<p>a instruit les cadres de son secteur ainsi que les directeurs des universit\u00e9s \u00e0 accompagner les universitaires dans la mise en place de leurs projets, notamment en ce qui a trait aux start-ups. Il a assur\u00e9 que \u00abl&rsquo;universit\u00e9 sera la locomotive de la transformation \u00e9conomique\u00bb, annon\u00e7ant \u00abl\u2019ouverture incessamment des ateliers de travail en vue de donner une nouvelle dynamique \u00e0 l\u2019universit\u00e9 pour qu\u2019elle soit cr\u00e9atrice de richesse\u00bb. Le ministre a \u00e9galement soulign\u00e9 \u00abla n\u00e9cessit\u00e9 d&rsquo;accorder plus d&rsquo;importance aux sciences humaines et sociales pour qu&rsquo;elles&nbsp; jouent pleinement leur r\u00f4le en servant de relais transmettant les besoins et les pr\u00e9occupations de la soci\u00e9t\u00e9 aux laboratoires de recherche \u00bb.<\/p>\n\n\n\n<p>Il a mis en exergue la n\u00e9cessit\u00e9 d\u2019\u00a0\u00bborienter les formations vers les m\u00e9tiers d&rsquo;avenir tels que l&rsquo;enseignement de l&rsquo;intelligence artificielle, l&rsquo;internet des objets, la m\u00e9decine, les transformations \u00e9conomiques et g\u00e9opolitiques, la robotique, le d\u00e9veloppement humain durable et la transition \u00e9nerg\u00e9tique n\u00e9cessaire pour se lib\u00e9rer de la d\u00e9pendance des \u00e9nergies fossiles\u00a0\u00bb. Le ministre a aussi appel\u00e9 \u00e0 \u00ab\u00a0activer toutes les mesures de valorisation des r\u00e9sultats de la recherche en les transformant au service de l&rsquo;environnement \u00e9conomique et social, notamment en cr\u00e9ant des centres d&rsquo;innovation et de transformation technologique\u00a0\u00bb, \u00ab\u00a0en poursuivant la cr\u00e9ation d&rsquo;incubateurs et en concluant des accords avec le minist\u00e8re de l&rsquo;Economie de la connaissance, des startups et des micro-entreprises\u00a0\u00bb. Il s\u2019agira \u00e9galement de \u00ab\u00a0renforcer progressivement les activit\u00e9s de recherche et d\u00e9veloppement au niveau des entreprises \u00e9conomiques et sociales, avec la promotion de la cr\u00e9ation d&rsquo;\u00e9tablissements \u00e9conomiques auxiliaires au niveau des m\u00eames \u00e9tablissements universitaires et de recherche\u00a0\u00bb. M.Bidari a soulign\u00e9 la n\u00e9cessit\u00e9 \u00ab\u00a0d&rsquo;encourager la dynamique nationale comme alternative partielle \u00e0 la formation \u00e0 l&rsquo;\u00e9tranger afin de rationaliser les d\u00e9penses et les investissements de l&rsquo;Etat dans les \u00e9quipements scientifiques tels que les plateformes technologiques et le bilan documentaire disponibles au niveau national, d&rsquo;une part, et de r\u00e9duire les d\u00e9penses de l&rsquo;Etat en devises fortes, d&rsquo;autre part \u00ab\u00a0. Le membre du gouvernement a insist\u00e9 sur \u00ab\u00a0le renforcement de l&rsquo;attractivit\u00e9 des \u00e9tablissements d&rsquo;enseignement sup\u00e9rieur vis-\u00e0-vis des \u00e9tudiants \u00e9trangers de diff\u00e9rents pays et \u00e0 tous les stades de la formation\u00a0\u00bb, ainsi que \u00ab\u00a0la rationalisation de la formation r\u00e9sidentielle \u00e0 l&rsquo;\u00e9tranger et privil\u00e9gier le recours \u00e0 la formation bilat\u00e9rale internationale au niveau de la formation doctorale\u00a0\u00bb. Par ailleurs, M. Bidari, a insist\u00e9 sur \u00a0\u00bb la n\u00e9cessit\u00e9 de poursuivre la num\u00e9risation du secteur \u00e0 tous les niveaux et de redoubler d&rsquo;efforts, en mettant en place un syst\u00e8me d&rsquo;information int\u00e9gr\u00e9 qui couvre toutes les activit\u00e9s p\u00e9dagogiques, de recherche et de gouvernance\u00a0\u00bb. D&rsquo;autre part, M. Bidari&nbsp; a indiqu\u00e9 que le d\u00e9cret ex\u00e9cutif n&nbsp; 22-208 du 5 juin 2022, qui d\u00e9finit le r\u00e9gime des \u00e9tudes et des formations pour l&rsquo;obtention des dipl\u00f4mes de l&rsquo;enseignement sup\u00e9rieur et les textes qui les accompagnent, \u00ab\u00a0instaurent un saut qualitatif dans l&rsquo;enseignement sup\u00e9rieur, en \u00e9tablissant de nouveaux mod\u00e8les de formation internationalement reconnus pour d\u00e9velopper les dipl\u00f4mes de licence et de master, accro\u00eetre les connaissances et l&rsquo;efficacit\u00e9 des comp\u00e9tences des dipl\u00f4m\u00e9s de l&rsquo;enseignement sup\u00e9rieur et ressusciter le parcours de formation de l&rsquo;ing\u00e9nieur et de l&rsquo;architecte, conform\u00e9ment \u00e0 une vision entrepreneuriale moderne\u00a0\u00bb. Concernant l&rsquo;am\u00e9lioration des \u0153uvres universitaires, le ministre a r\u00e9v\u00e9l\u00e9 que son d\u00e9partement minist\u00e9riel s&rsquo;attellera \u00e0 \u00ab\u00a0mettre en place un syst\u00e8me de suivi permanent de l&rsquo;am\u00e9lioration de la vie estudiantine au niveau des \u0153uvres universitaires afin d&rsquo; assurer des prestations d\u00e9centes\u00a0\u00bb et \u00ab\u00a0poursuivre le processus d&rsquo;am\u00e9lioration progressive\u00a0\u00bb des services universitaires dans le but de d\u00e9velopper, \u00e0 court terme, un mod\u00e8le d&rsquo;utilisation des moyens d&rsquo;actualisation et d&rsquo;am\u00e9lioration des prestations fournies aux \u00e9tudiants concernant la bourse, l\u2019h\u00e9bergement, la restauration, le transport et la couverture sanitaire\u00a0\u00bb. Il a par ailleurs, appel\u00e9 \u00e0 \u00ab\u00a0intensifier et d\u00e9velopper les activit\u00e9s sportives et culturelles en milieu universitaire et \u00e0 \u00e9tablir une loi fondamentale pour les \u00e9tudiants sportifs\u00a0\u00bb et \u00e0 \u00ab\u00a0revoir les conditions et les modalit\u00e9s de fonctionnement des associations estudiantines pour cr\u00e9er une atmosph\u00e8re de pratiques associatives et participatives nobles\u00a0\u00bb.<\/p>\n\n\n\n<p><strong>Salim Abdenour<\/strong><\/p>\n","protected":false},"excerpt":{"rendered":"<p>Pr\u00e8s de deux millions d\u2019\u00e9tudiants ont effectu\u00e9 hier leur rentr\u00e9e. L\u2019occasion de mettre en lumi\u00e8re les objectifs fix\u00e9s dans le<\/p>\n","protected":false},"author":3,"featured_media":27546,"comment_status":"open","ping_status":"closed","sticky":false,"template":"","format":"standard","meta":{"colormag_page_container_layout":"default_layout","colormag_page_sidebar_layout":"default_layout","om_disable_all_campaigns":false,"_monsterinsights_skip_tracking":false,"_monsterinsights_sitenote_active":false,"_monsterinsights_sitenote_note":"","_monsterinsights_sitenote_category":0,"footnotes":"","_wpscppro_dont_share_socialmedia":false,"_wpscppro_custom_social_share_image":0,"_facebook_share_type":"","_twitter_share_type":"","_linkedin_share_type":"","_pinterest_share_type":"","_linkedin_share_type_page":"","_instagram_share_type":"","_medium_share_type":"","_threads_share_type":"","_google_business_share_type":"","_selected_social_profile":[],"_wpsp_enable_custom_social_template":false,"_wpsp_social_scheduling":{"enabled":false,"datetime":null,"platforms":[],"status":"template_only","dateOption":"today","timeOption":"now","customDays":"","customHours":"","customDate":"","customTime":"","schedulingType":"absolute"},"_wpsp_active_default_template":true},"categories":[27],"tags":[],"class_list":["post-27538","post","type-post","status-publish","format-standard","has-post-thumbnail","hentry","category-actualite"],"aioseo_notices":[],"yoast_head":"<!-- This site is optimized with the Yoast SEO plugin v27.5 - https:\/\/yoast.com\/product\/yoast-seo-wordpress\/ -->\n<title>Rentr\u00e9e universitaire\u00a0: Ouvrir l\u2019Universit\u00e9 sur son environnement \u00e9conomique - La Sentinelle<\/title>\n<meta name=\"robots\" content=\"index, follow, max-snippet:-1, max-image-preview:large, max-video-preview:-1\" \/>\n<link rel=\"canonical\" href=\"https:\/\/lasentinelle.dz\/index.php\/2022\/09\/18\/rentree-universitaire-ouvrir-luniversite-sur-son-environnement-economique\/\" \/>\n<meta property=\"og:locale\" content=\"fr_FR\" \/>\n<meta property=\"og:type\" content=\"article\" \/>\n<meta property=\"og:title\" content=\"Rentr\u00e9e universitaire\u00a0: Ouvrir l\u2019Universit\u00e9 sur son environnement \u00e9conomique - La Sentinelle\" \/>\n<meta property=\"og:description\" content=\"Pr\u00e8s de deux millions d\u2019\u00e9tudiants ont effectu\u00e9 hier leur rentr\u00e9e. L\u2019occasion de mettre en lumi\u00e8re les objectifs fix\u00e9s dans le\" \/>\n<meta property=\"og:url\" content=\"https:\/\/lasentinelle.dz\/index.php\/2022\/09\/18\/rentree-universitaire-ouvrir-luniversite-sur-son-environnement-economique\/\" \/>\n<meta property=\"og:site_name\" content=\"La Sentinelle\" \/>\n<meta property=\"article:publisher\" content=\"https:\/\/www.facebook.com\/La-Sentinelle-104059864394773\" \/>\n<meta property=\"article:published_time\" content=\"2022-09-17T23:05:00+00:00\" \/>\n<meta property=\"article:modified_time\" content=\"2022-09-18T10:56:19+00:00\" \/>\n<meta property=\"og:image\" content=\"https:\/\/lasentinelle.dz\/wp-content\/uploads\/2022\/09\/university.png\" \/>\n\t<meta property=\"og:image:width\" content=\"1427\" \/>\n\t<meta property=\"og:image:height\" content=\"900\" \/>\n\t<meta property=\"og:image:type\" content=\"image\/png\" \/>\n<meta name=\"author\" content=\"La Sentinelle\" \/>\n<meta name=\"twitter:card\" content=\"summary_large_image\" \/>\n<meta name=\"twitter:label1\" content=\"\u00c9crit par\" \/>\n\t<meta name=\"twitter:data1\" content=\"La Sentinelle\" \/>\n\t<meta name=\"twitter:label2\" content=\"Dur\u00e9e de lecture estim\u00e9e\" \/>\n\t<meta name=\"twitter:data2\" content=\"4 minutes\" \/>\n<script type=\"application\/ld+json\" class=\"yoast-schema-graph\">{\"@context\":\"https:\\\/\\\/schema.org\",\"@graph\":[{\"@type\":\"Article\",\"@id\":\"https:\\\/\\\/lasentinelle.dz\\\/index.php\\\/2022\\\/09\\\/18\\\/rentree-universitaire-ouvrir-luniversite-sur-son-environnement-economique\\\/#article\",\"isPartOf\":{\"@id\":\"https:\\\/\\\/lasentinelle.dz\\\/index.php\\\/2022\\\/09\\\/18\\\/rentree-universitaire-ouvrir-luniversite-sur-son-environnement-economique\\\/\"},\"author\":{\"name\":\"La Sentinelle\",\"@id\":\"https:\\\/\\\/lasentinelle.dz\\\/#\\\/schema\\\/person\\\/d865044e22e70a75174ce8bcad3acfb3\"},\"headline\":\"Rentr\u00e9e universitaire\u00a0: Ouvrir l\u2019Universit\u00e9 sur son environnement \u00e9conomique\",\"datePublished\":\"2022-09-17T23:05:00+00:00\",\"dateModified\":\"2022-09-18T10:56:19+00:00\",\"mainEntityOfPage\":{\"@id\":\"https:\\\/\\\/lasentinelle.dz\\\/index.php\\\/2022\\\/09\\\/18\\\/rentree-universitaire-ouvrir-luniversite-sur-son-environnement-economique\\\/\"},\"wordCount\":827,\"commentCount\":0,\"publisher\":{\"@id\":\"https:\\\/\\\/lasentinelle.dz\\\/#organization\"},\"image\":{\"@id\":\"https:\\\/\\\/lasentinelle.dz\\\/index.php\\\/2022\\\/09\\\/18\\\/rentree-universitaire-ouvrir-luniversite-sur-son-environnement-economique\\\/#primaryimage\"},\"thumbnailUrl\":\"https:\\\/\\\/lasentinelle.dz\\\/wp-content\\\/uploads\\\/2022\\\/09\\\/university.png\",\"articleSection\":[\"Actualit\u00e9\"],\"inLanguage\":\"fr-FR\",\"potentialAction\":[{\"@type\":\"CommentAction\",\"name\":\"Comment\",\"target\":[\"https:\\\/\\\/lasentinelle.dz\\\/index.php\\\/2022\\\/09\\\/18\\\/rentree-universitaire-ouvrir-luniversite-sur-son-environnement-economique\\\/#respond\"]}]},{\"@type\":\"WebPage\",\"@id\":\"https:\\\/\\\/lasentinelle.dz\\\/index.php\\\/2022\\\/09\\\/18\\\/rentree-universitaire-ouvrir-luniversite-sur-son-environnement-economique\\\/\",\"url\":\"https:\\\/\\\/lasentinelle.dz\\\/index.php\\\/2022\\\/09\\\/18\\\/rentree-universitaire-ouvrir-luniversite-sur-son-environnement-economique\\\/\",\"name\":\"Rentr\u00e9e universitaire\u00a0: Ouvrir l\u2019Universit\u00e9 sur son environnement \u00e9conomique - La Sentinelle\",\"isPartOf\":{\"@id\":\"https:\\\/\\\/lasentinelle.dz\\\/#website\"},\"primaryImageOfPage\":{\"@id\":\"https:\\\/\\\/lasentinelle.dz\\\/index.php\\\/2022\\\/09\\\/18\\\/rentree-universitaire-ouvrir-luniversite-sur-son-environnement-economique\\\/#primaryimage\"},\"image\":{\"@id\":\"https:\\\/\\\/lasentinelle.dz\\\/index.php\\\/2022\\\/09\\\/18\\\/rentree-universitaire-ouvrir-luniversite-sur-son-environnement-economique\\\/#primaryimage\"},\"thumbnailUrl\":\"https:\\\/\\\/lasentinelle.dz\\\/wp-content\\\/uploads\\\/2022\\\/09\\\/university.png\",\"datePublished\":\"2022-09-17T23:05:00+00:00\",\"dateModified\":\"2022-09-18T10:56:19+00:00\",\"breadcrumb\":{\"@id\":\"https:\\\/\\\/lasentinelle.dz\\\/index.php\\\/2022\\\/09\\\/18\\\/rentree-universitaire-ouvrir-luniversite-sur-son-environnement-economique\\\/#breadcrumb\"},\"inLanguage\":\"fr-FR\",\"potentialAction\":[{\"@type\":\"ReadAction\",\"target\":[\"https:\\\/\\\/lasentinelle.dz\\\/index.php\\\/2022\\\/09\\\/18\\\/rentree-universitaire-ouvrir-luniversite-sur-son-environnement-economique\\\/\"]}]},{\"@type\":\"ImageObject\",\"inLanguage\":\"fr-FR\",\"@id\":\"https:\\\/\\\/lasentinelle.dz\\\/index.php\\\/2022\\\/09\\\/18\\\/rentree-universitaire-ouvrir-luniversite-sur-son-environnement-economique\\\/#primaryimage\",\"url\":\"https:\\\/\\\/lasentinelle.dz\\\/wp-content\\\/uploads\\\/2022\\\/09\\\/university.png\",\"contentUrl\":\"https:\\\/\\\/lasentinelle.dz\\\/wp-content\\\/uploads\\\/2022\\\/09\\\/university.png\",\"width\":1427,\"height\":900},{\"@type\":\"BreadcrumbList\",\"@id\":\"https:\\\/\\\/lasentinelle.dz\\\/index.php\\\/2022\\\/09\\\/18\\\/rentree-universitaire-ouvrir-luniversite-sur-son-environnement-economique\\\/#breadcrumb\",\"itemListElement\":[{\"@type\":\"ListItem\",\"position\":1,\"name\":\"Accueil\",\"item\":\"https:\\\/\\\/lasentinelle.dz\\\/\"},{\"@type\":\"ListItem\",\"position\":2,\"name\":\"Rentr\u00e9e universitaire\u00a0: Ouvrir l\u2019Universit\u00e9 sur son environnement \u00e9conomique\"}]},{\"@type\":\"WebSite\",\"@id\":\"https:\\\/\\\/lasentinelle.dz\\\/#website\",\"url\":\"https:\\\/\\\/lasentinelle.dz\\\/\",\"name\":\"La Sentinelle\",\"description\":\"Quotidien national d&#039;information\",\"publisher\":{\"@id\":\"https:\\\/\\\/lasentinelle.dz\\\/#organization\"},\"potentialAction\":[{\"@type\":\"SearchAction\",\"target\":{\"@type\":\"EntryPoint\",\"urlTemplate\":\"https:\\\/\\\/lasentinelle.dz\\\/?s={search_term_string}\"},\"query-input\":{\"@type\":\"PropertyValueSpecification\",\"valueRequired\":true,\"valueName\":\"search_term_string\"}}],\"inLanguage\":\"fr-FR\"},{\"@type\":\"Organization\",\"@id\":\"https:\\\/\\\/lasentinelle.dz\\\/#organization\",\"name\":\"Quotidien La Sentinelle\",\"url\":\"https:\\\/\\\/lasentinelle.dz\\\/\",\"logo\":{\"@type\":\"ImageObject\",\"inLanguage\":\"fr-FR\",\"@id\":\"https:\\\/\\\/lasentinelle.dz\\\/#\\\/schema\\\/logo\\\/image\\\/\",\"url\":\"https:\\\/\\\/lasentinelle.dz\\\/wp-content\\\/uploads\\\/2021\\\/09\\\/logo-sentinelleSLOGAN-1.png\",\"contentUrl\":\"https:\\\/\\\/lasentinelle.dz\\\/wp-content\\\/uploads\\\/2021\\\/09\\\/logo-sentinelleSLOGAN-1.png\",\"width\":615,\"height\":142,\"caption\":\"Quotidien La Sentinelle\"},\"image\":{\"@id\":\"https:\\\/\\\/lasentinelle.dz\\\/#\\\/schema\\\/logo\\\/image\\\/\"},\"sameAs\":[\"https:\\\/\\\/www.facebook.com\\\/La-Sentinelle-104059864394773\"]},{\"@type\":\"Person\",\"@id\":\"https:\\\/\\\/lasentinelle.dz\\\/#\\\/schema\\\/person\\\/d865044e22e70a75174ce8bcad3acfb3\",\"name\":\"La Sentinelle\",\"image\":{\"@type\":\"ImageObject\",\"inLanguage\":\"fr-FR\",\"@id\":\"https:\\\/\\\/secure.gravatar.com\\\/avatar\\\/57de8e5d4b15d43fb361a71fbb36338450fe67865b528a43dd10ef7c51a20392?s=96&d=mm&r=g\",\"url\":\"https:\\\/\\\/secure.gravatar.com\\\/avatar\\\/57de8e5d4b15d43fb361a71fbb36338450fe67865b528a43dd10ef7c51a20392?s=96&d=mm&r=g\",\"contentUrl\":\"https:\\\/\\\/secure.gravatar.com\\\/avatar\\\/57de8e5d4b15d43fb361a71fbb36338450fe67865b528a43dd10ef7c51a20392?s=96&d=mm&r=g\",\"caption\":\"La Sentinelle\"},\"sameAs\":[\"http:\\\/\\\/www.lasentinelle.dz\"],\"url\":\"https:\\\/\\\/lasentinelle.dz\\\/author\\\/redaction\\\/\"}]}<\/script>\n<!-- \/ Yoast SEO plugin. -->","yoast_head_json":{"title":"Rentr\u00e9e universitaire\u00a0: Ouvrir l\u2019Universit\u00e9 sur son environnement \u00e9conomique - La Sentinelle","robots":{"index":"index","follow":"follow","max-snippet":"max-snippet:-1","max-image-preview":"max-image-preview:large","max-video-preview":"max-video-preview:-1"},"canonical":"https:\/\/lasentinelle.dz\/index.php\/2022\/09\/18\/rentree-universitaire-ouvrir-luniversite-sur-son-environnement-economique\/","og_locale":"fr_FR","og_type":"article","og_title":"Rentr\u00e9e universitaire\u00a0: Ouvrir l\u2019Universit\u00e9 sur son environnement \u00e9conomique - La Sentinelle","og_description":"Pr\u00e8s de deux millions d\u2019\u00e9tudiants ont effectu\u00e9 hier leur rentr\u00e9e. L\u2019occasion de mettre en lumi\u00e8re les objectifs fix\u00e9s dans le","og_url":"https:\/\/lasentinelle.dz\/index.php\/2022\/09\/18\/rentree-universitaire-ouvrir-luniversite-sur-son-environnement-economique\/","og_site_name":"La Sentinelle","article_publisher":"https:\/\/www.facebook.com\/La-Sentinelle-104059864394773","article_published_time":"2022-09-17T23:05:00+00:00","article_modified_time":"2022-09-18T10:56:19+00:00","og_image":[{"width":1427,"height":900,"url":"https:\/\/lasentinelle.dz\/wp-content\/uploads\/2022\/09\/university.png","type":"image\/png"}],"author":"La Sentinelle","twitter_card":"summary_large_image","twitter_misc":{"\u00c9crit par":"La Sentinelle","Dur\u00e9e de lecture estim\u00e9e":"4 minutes"},"schema":{"@context":"https:\/\/schema.org","@graph":[{"@type":"Article","@id":"https:\/\/lasentinelle.dz\/index.php\/2022\/09\/18\/rentree-universitaire-ouvrir-luniversite-sur-son-environnement-economique\/#article","isPartOf":{"@id":"https:\/\/lasentinelle.dz\/index.php\/2022\/09\/18\/rentree-universitaire-ouvrir-luniversite-sur-son-environnement-economique\/"},"author":{"name":"La Sentinelle","@id":"https:\/\/lasentinelle.dz\/#\/schema\/person\/d865044e22e70a75174ce8bcad3acfb3"},"headline":"Rentr\u00e9e universitaire\u00a0: Ouvrir l\u2019Universit\u00e9 sur son environnement \u00e9conomique","datePublished":"2022-09-17T23:05:00+00:00","dateModified":"2022-09-18T10:56:19+00:00","mainEntityOfPage":{"@id":"https:\/\/lasentinelle.dz\/index.php\/2022\/09\/18\/rentree-universitaire-ouvrir-luniversite-sur-son-environnement-economique\/"},"wordCount":827,"commentCount":0,"publisher":{"@id":"https:\/\/lasentinelle.dz\/#organization"},"image":{"@id":"https:\/\/lasentinelle.dz\/index.php\/2022\/09\/18\/rentree-universitaire-ouvrir-luniversite-sur-son-environnement-economique\/#primaryimage"},"thumbnailUrl":"https:\/\/lasentinelle.dz\/wp-content\/uploads\/2022\/09\/university.png","articleSection":["Actualit\u00e9"],"inLanguage":"fr-FR","potentialAction":[{"@type":"CommentAction","name":"Comment","target":["https:\/\/lasentinelle.dz\/index.php\/2022\/09\/18\/rentree-universitaire-ouvrir-luniversite-sur-son-environnement-economique\/#respond"]}]},{"@type":"WebPage","@id":"https:\/\/lasentinelle.dz\/index.php\/2022\/09\/18\/rentree-universitaire-ouvrir-luniversite-sur-son-environnement-economique\/","url":"https:\/\/lasentinelle.dz\/index.php\/2022\/09\/18\/rentree-universitaire-ouvrir-luniversite-sur-son-environnement-economique\/","name":"Rentr\u00e9e universitaire\u00a0: Ouvrir l\u2019Universit\u00e9 sur son environnement \u00e9conomique - La Sentinelle","isPartOf":{"@id":"https:\/\/lasentinelle.dz\/#website"},"primaryImageOfPage":{"@id":"https:\/\/lasentinelle.dz\/index.php\/2022\/09\/18\/rentree-universitaire-ouvrir-luniversite-sur-son-environnement-economique\/#primaryimage"},"image":{"@id":"https:\/\/lasentinelle.dz\/index.php\/2022\/09\/18\/rentree-universitaire-ouvrir-luniversite-sur-son-environnement-economique\/#primaryimage"},"thumbnailUrl":"https:\/\/lasentinelle.dz\/wp-content\/uploads\/2022\/09\/university.png","datePublished":"2022-09-17T23:05:00+00:00","dateModified":"2022-09-18T10:56:19+00:00","breadcrumb":{"@id":"https:\/\/lasentinelle.dz\/index.php\/2022\/09\/18\/rentree-universitaire-ouvrir-luniversite-sur-son-environnement-economique\/#breadcrumb"},"inLanguage":"fr-FR","potentialAction":[{"@type":"ReadAction","target":["https:\/\/lasentinelle.dz\/index.php\/2022\/09\/18\/rentree-universitaire-ouvrir-luniversite-sur-son-environnement-economique\/"]}]},{"@type":"ImageObject","inLanguage":"fr-FR","@id":"https:\/\/lasentinelle.dz\/index.php\/2022\/09\/18\/rentree-universitaire-ouvrir-luniversite-sur-son-environnement-economique\/#primaryimage","url":"https:\/\/lasentinelle.dz\/wp-content\/uploads\/2022\/09\/university.png","contentUrl":"https:\/\/lasentinelle.dz\/wp-content\/uploads\/2022\/09\/university.png","width":1427,"height":900},{"@type":"BreadcrumbList","@id":"https:\/\/lasentinelle.dz\/index.php\/2022\/09\/18\/rentree-universitaire-ouvrir-luniversite-sur-son-environnement-economique\/#breadcrumb","itemListElement":[{"@type":"ListItem","position":1,"name":"Accueil","item":"https:\/\/lasentinelle.dz\/"},{"@type":"ListItem","position":2,"name":"Rentr\u00e9e universitaire\u00a0: Ouvrir l\u2019Universit\u00e9 sur son environnement \u00e9conomique"}]},{"@type":"WebSite","@id":"https:\/\/lasentinelle.dz\/#website","url":"https:\/\/lasentinelle.dz\/","name":"La Sentinelle","description":"Quotidien national d&#039;information","publisher":{"@id":"https:\/\/lasentinelle.dz\/#organization"},"potentialAction":[{"@type":"SearchAction","target":{"@type":"EntryPoint","urlTemplate":"https:\/\/lasentinelle.dz\/?s={search_term_string}"},"query-input":{"@type":"PropertyValueSpecification","valueRequired":true,"valueName":"search_term_string"}}],"inLanguage":"fr-FR"},{"@type":"Organization","@id":"https:\/\/lasentinelle.dz\/#organization","name":"Quotidien La Sentinelle","url":"https:\/\/lasentinelle.dz\/","logo":{"@type":"ImageObject","inLanguage":"fr-FR","@id":"https:\/\/lasentinelle.dz\/#\/schema\/logo\/image\/","url":"https:\/\/lasentinelle.dz\/wp-content\/uploads\/2021\/09\/logo-sentinelleSLOGAN-1.png","contentUrl":"https:\/\/lasentinelle.dz\/wp-content\/uploads\/2021\/09\/logo-sentinelleSLOGAN-1.png","width":615,"height":142,"caption":"Quotidien La Sentinelle"},"image":{"@id":"https:\/\/lasentinelle.dz\/#\/schema\/logo\/image\/"},"sameAs":["https:\/\/www.facebook.com\/La-Sentinelle-104059864394773"]},{"@type":"Person","@id":"https:\/\/lasentinelle.dz\/#\/schema\/person\/d865044e22e70a75174ce8bcad3acfb3","name":"La Sentinelle","image":{"@type":"ImageObject","inLanguage":"fr-FR","@id":"https:\/\/secure.gravatar.com\/avatar\/57de8e5d4b15d43fb361a71fbb36338450fe67865b528a43dd10ef7c51a20392?s=96&d=mm&r=g","url":"https:\/\/secure.gravatar.com\/avatar\/57de8e5d4b15d43fb361a71fbb36338450fe67865b528a43dd10ef7c51a20392?s=96&d=mm&r=g","contentUrl":"https:\/\/secure.gravatar.com\/avatar\/57de8e5d4b15d43fb361a71fbb36338450fe67865b528a43dd10ef7c51a20392?s=96&d=mm&r=g","caption":"La Sentinelle"},"sameAs":["http:\/\/www.lasentinelle.dz"],"url":"https:\/\/lasentinelle.dz\/author\/redaction\/"}]}},"_links":{"self":[{"href":"https:\/\/lasentinelle.dz\/index.php\/wp-json\/wp\/v2\/posts\/27538","targetHints":{"allow":["GET"]}}],"collection":[{"href":"https:\/\/lasentinelle.dz\/index.php\/wp-json\/wp\/v2\/posts"}],"about":[{"href":"https:\/\/lasentinelle.dz\/index.php\/wp-json\/wp\/v2\/types\/post"}],"author":[{"embeddable":true,"href":"https:\/\/lasentinelle.dz\/index.php\/wp-json\/wp\/v2\/users\/3"}],"replies":[{"embeddable":true,"href":"https:\/\/lasentinelle.dz\/index.php\/wp-json\/wp\/v2\/comments?post=27538"}],"version-history":[{"count":2,"href":"https:\/\/lasentinelle.dz\/index.php\/wp-json\/wp\/v2\/posts\/27538\/revisions"}],"predecessor-version":[{"id":27570,"href":"https:\/\/lasentinelle.dz\/index.php\/wp-json\/wp\/v2\/posts\/27538\/revisions\/27570"}],"wp:featuredmedia":[{"embeddable":true,"href":"https:\/\/lasentinelle.dz\/index.php\/wp-json\/wp\/v2\/media\/27546"}],"wp:attachment":[{"href":"https:\/\/lasentinelle.dz\/index.php\/wp-json\/wp\/v2\/media?parent=27538"}],"wp:term":[{"taxonomy":"category","embeddable":true,"href":"https:\/\/lasentinelle.dz\/index.php\/wp-json\/wp\/v2\/categories?post=27538"},{"taxonomy":"post_tag","embeddable":true,"href":"https:\/\/lasentinelle.dz\/index.php\/wp-json\/wp\/v2\/tags?post=27538"}],"curies":[{"name":"wp","href":"https:\/\/api.w.org\/{rel}","templated":true}]}}